{"id":3279,"date":"2018-10-09T21:13:00","date_gmt":"2018-10-10T00:13:00","guid":{"rendered":"https:\/\/mhcalculos.com.br\/noticias\/2018\/10\/09\/tst-especialistas-trazem-experiencias-perspectivas-e-reflexoes-sobre-relacoes-de-trabalho\/"},"modified":"2021-07-28T14:34:00","modified_gmt":"2021-07-28T17:34:00","slug":"tst-especialistas-trazem-experiencias-perspectivas-e-reflexoes-sobre-relacoes-de-trabalho","status":"publish","type":"post","link":"https:\/\/mhcalculos.com.br\/noticias\/area\/trabalhista\/tst-especialistas-trazem-experiencias-perspectivas-e-reflexoes-sobre-relacoes-de-trabalho.html","title":{"rendered":"TST: Especialistas trazem experi\u00eancias, perspectivas e reflex\u00f5es sobre rela\u00e7\u00f5es de trabalho"},"content":{"rendered":"<p><br \/>\n  <\/p>\n<p ><em>Essa foi a t\u00f4nica do Semin\u00e1rio Internacional 30 anos da Constitui\u00e7\u00e3o Cidad\u00e3 e Um Ano da Reforma Trabalhista.<\/em><\/p>\n<p >Especialistas brasileiros e estrangeiros apresentaram suas reflex\u00f5es sobre as mudan\u00e7as nas rela\u00e7\u00f5es de trabalho, as reformas trabalhistas promovidas em diversos pa\u00edses e os aspectos constitucionais da mat\u00e9ria nesta ter\u00e7a-feira (9), segundo dia do Semin\u00e1rio Internacional 30 anos da Constitui\u00e7\u00e3o Cidad\u00e3 e Um Ano da Reforma Trabalhista. O semin\u00e1rio \u00e9 uma parceria entre a Escola Nacional de Forma\u00e7\u00e3o e Aperfei\u00e7oamento de Magistrados do Trabalho (Enamat), a Associa\u00e7\u00e3o Nacional dos Magistrados da Justi\u00e7a do Trabalho (Anamatra), o Sindicato Nacional dos Auditores-Fiscais do Trabalho (Sinait) e a Associa\u00e7\u00e3o Nacional dos Procuradores do Trabalho (ANPT).<\/p>\n<p ><strong>Dilemas<\/strong><\/p>\n<p >Em palestra proferida pela manh\u00e3, o juiz auxiliar da Corregedoria-Geral da Justi\u00e7a do Trabalho e da Escola Nacional de Forma\u00e7\u00e3o e Aperfei\u00e7oamento da Magistrados do Trabalho (Enamat) Homero Batista Mateus da Silva falou sobre os \u201cOs Dilemas da Reforma Trabalhista em Face do Constitucionalismo Contempor\u00e2neo\u201d. Ele tra\u00e7ou a evolu\u00e7\u00e3o hist\u00f3rica dos conceitos de trabalho e de cidadania at\u00e9 os dias atuais e ressaltou a necessidade de evitar que esses dois conceitos sejam desassociados. \u201cN\u00e3o podemos esmorecer e deixar que o legislador fa\u00e7a o que est\u00e1 divorciado da realidade\u201d, disse.<\/p>\n<p ><strong>Crise<\/strong><\/p>\n<p >Tamb\u00e9m na manh\u00e3 de ter\u00e7a-feira, o professor uruguaio Hugo Barretto Ghione, da Universidad de la Rep\u00fablica, apresentou a palestra \u201cO Futuro do Trabalho e o Trabalho do Futuro diante do Reformismo Jur\u00eddico na Crise\u201d. Ele fez uma retrospectiva da constru\u00e7\u00e3o do mundo do trabalho pelo Direito e falou sobre as respostas do mundo do Direito em rela\u00e7\u00e3o ao trabalho atual. Para o palestrante, o mercado e o Direito encontram-se em constante e din\u00e2mica tens\u00e3o.<\/p>\n<p >Ghione disse que, quando muda o modelo de trabalho, deve-se mudar necessariamente o Direito do Trabalho, cuidando-se para que este n\u00e3o seja apenas um fator a mais do mercado de trabalho. Citando a reforma trabalhista brasileira, o professor observou que proliferam reformas que promovem atipicidades das formas contratuais de trabalho, mas sem o sentido protetor da pessoa que trabalha. \u201cS\u00e3o reformas que desconhecem a ess\u00eancia m\u00ednima de Direito do Trabalho e que atentam contra ele\u201d, afirmou.<\/p>\n<p >Segundo o professor, o argumento de que \u00e9 necess\u00e1rio reduzir direitos e prote\u00e7\u00e3o social para gerar empregos \u00e9 \u201cuma formula\u00e7\u00e3o absolutamente fracassada do ponto de vista do emprego. \u201cTalvez pelo ponto de vista da rentabilidade ou da competitividade seja poss\u00edvel termos uma melhor opini\u00e3o sobre a reforma, mas n\u00e3o do ponto de vista do Direito do Trabalho\u201d, concluiu.<\/p>\n<p ><strong>Ind\u00fastria 4.0<\/strong><\/p>\n<p >Segundo a professora Teresa Alexandra Coelho Moreira, da Escola de Direito da Universidade do Minho (Portugal), o tema da sua apresenta\u00e7\u00e3o \u2013 \u201cInd\u00fastria 4.0 \u2013 O Futuro do Direito do Trabalho \u2013 est\u00e1 mais relacionado \u00e0s novas tecnologias, mas \u00e9 preciso lembrar que o Direito do Trabalho surgiu como ramo aut\u00f4nomo com a Revolu\u00e7\u00e3o Industrial, que tamb\u00e9m foi uma revolu\u00e7\u00e3o tecnol\u00f3gica. Na nova era tecnol\u00f3gica que vivemos, \u00e9 necess\u00e1rio repensar o Direito do Trabalho sem, no entanto, esquecer a sua raz\u00e3o de ser. \u201cTemos de repensar conceitos tradicionais da pr\u00f3pria subordina\u00e7\u00e3o. O fator chave \u00e9 que surgem novas formas de presta\u00e7\u00e3o de trabalho na economia corporativa, que parece ter criado uma linguagem pr\u00f3pria na tentativa de fugir ao Direito do Trabalho\u201d, afirmou.<\/p>\n<p >Como exemplo, a jurista citou os servi\u00e7os online. \u201cA\u00ed a concorr\u00eancia \u00e9 global e pode nos conduzir (e infelizmente tem nos conduzido) a uma espiral descendente que n\u00e3o \u00e9 nada positiva para o Direito do Trabalho nem para o trabalhador\u201d, sustentou. A professora observou que parece existir um aplicativo para tudo, desde a entrega de comida at\u00e9 a procura de um advogado especialista numa causa. \u201cNesse cen\u00e1rio, o Direito do Trabalho ou \u00e9 internacional ou n\u00e3o sobrevive\u201d.<\/p>\n<p >Teresa Moreira lembrou que os perigos da automatiza\u00e7\u00e3o acompanham o Direito do Trabalho h\u00e1 d\u00e9cadas, mas agora surgiu com novas roupagens, entre elas a intelig\u00eancia artificial. Segundo ela, o fator que cont\u00e9m a automatiza\u00e7\u00e3o n\u00e3o \u00e9 apenas econ\u00f4mico, mas tamb\u00e9m social e psicol\u00f3gico, al\u00e9m das resist\u00eancias culturais. \u201cO Direito do Trabalho \u00e9 para as pessoas, com fundamentos \u00e9ticos e human\u00edsticos que n\u00e3o podem ser esquecidos ou suspensos provisoriamente\u201d, concluiu.<\/p>\n<p ><strong>Direitos sociais<\/strong><\/p>\n<p >O procurador regional do Trabalho, Cristiano Paix\u00e3o, em sua exposi\u00e7\u00e3o, afirmou a centralidade do mundo do trabalho na constru\u00e7\u00e3o da Constitui\u00e7\u00e3o de 1988. \u201cCom base em demandas de participa\u00e7\u00e3o, reconhecimento, igualdade e inclus\u00e3o, a sociedade e os atores sociais ligados ao trabalho investiram no processo constituinte\u201d, afirmou.<\/p>\n<p >Na sua avalia\u00e7\u00e3o, a Reforma Trabalhista (Lei 13.467\/2017) consistiu em ataque aos direitos sociais conquistados. \u201cNingu\u00e9m afasta a necessidade de moderniza\u00e7\u00e3o, mas a forma e o conte\u00fado do texto nos trazem um abandono dos princ\u00edpios que informam a Constitui\u00e7\u00e3o Federal: valor social do trabalho, dignidade da pessoa humana e participa\u00e7\u00e3o plural da sociedade na formula\u00e7\u00e3o das leis\u201d.<\/p>\n<p >Para superar a crise, ele afirma que os operadores do Direito devem &nbsp;ativar esses princ\u00edpios e regras para defender a sociedade, as pessoas e as institui\u00e7\u00f5es, como a Justi\u00e7a do Trabalho e o Minist\u00e9rio P\u00fablico do Trabalho. Ao fim da palestra, o procurador destacou que a Carta Social das Am\u00e9ricas, aprovada em 2012 pela assembleia-geral da Organiza\u00e7\u00e3o dos Estados Americanos (OEA), prega que a promo\u00e7\u00e3o e a observ\u00e2ncia dos direitos econ\u00f4micos, sociais e culturais s\u00e3o inerentes ao desenvolvimento integral, ao crescimento econ\u00f4mico com igualdade e \u00e0 consolida\u00e7\u00e3o da democracia nos Estados do hemisf\u00e9rio. \u201cN\u00e3o existe democracia, especialmente em pa\u00edses desiguais como o Brasil, sem promo\u00e7\u00e3o e inclus\u00e3o de direitos ligados ao trabalho, sem inser\u00e7\u00e3o de garantias ao trabalhador e sem um arcabou\u00e7o institucional de prote\u00e7\u00e3o\u201d, concluiu.<\/p>\n<p ><strong>Matriz humanista<\/strong><\/p>\n<p >O ministro Mauricio Godinho Delgado, do TST, ressaltou que, em meio a princ\u00edpios que destacam a pessoa humana e a sociedade democr\u00e1tica e inclusiva, a valoriza\u00e7\u00e3o do trabalho tem grande \u00eanfase no constitucionalismo brasileiro. \u201cAs regras, normas e princ\u00edpios da Constitui\u00e7\u00e3o que afetam o Direito do Trabalho consistem em uma matriz constitucional de valoriza\u00e7\u00e3o da pessoa humana e do trabalho, colocando-os no centro da ordem jur\u00eddica\u201d, afirmou.<\/p>\n<p >Por outro lado, o ministro alertou que h\u00e1 um processo de desgaste do paradigma humanista e social da Constitui\u00e7\u00e3o e uma clara tentativa de enxergar os direitos sociais como populismo, demagogia ou como invi\u00e1veis para a economia. \u201cEsse processo \u00e9 mercantilista e ultraliberalista. Direitos sociais s\u00e3o conquistas civilizat\u00f3rias, e n\u00e3o custos\u201d, concluiu.<\/p>\n<p ><strong>Flexibilidade<\/strong><\/p>\n<p >Para o professor associado de Direito da Universidade de Coimbra Jo\u00e3o Leal Amado, a palavra \u201cflexibilidade\u201d \u00e9 a mais proferida quando os pa\u00edses querem realizar reformas em suas leis trabalhistas. \u201cA reforma brasileira, embora tenha princ\u00edpios similares, foi muito mais radical que a portuguesa ou outras feitas na Europa, pela quantidade de normas modificadas e pela profundidade das modifica\u00e7\u00f5es\u201d, afirmou. \u201cA maneira como foi feita, t\u00e3o r\u00e1pida e com t\u00e3o pouca discuss\u00e3o, seria impens\u00e1vel nos moldes europeus\u201d. Para o professor, \u00e9 poss\u00edvel modernizar a legisla\u00e7\u00e3o, mantendo-se fiel aos princ\u00edpios cl\u00e1ssicos e fazendo compensa\u00e7\u00f5es aos trabalhadores.<\/p>\n<p ><strong>Capitalismo<\/strong><\/p>\n<p >O professor da Universidade de S\u00e3o Paulo Alysson Leandro Mascaro tamb\u00e9m trouxe uma abordagem mais sociol\u00f3gica sobre as reformas trabalhistas que t\u00eam ocorrido pelo mundo. Mascaro acredita que, em regra, \u201cquem defende os direitos do trabalhador \u00e9 o pr\u00f3prio trabalhador\u201d.<\/p>\n<p >Segundo ele, a quest\u00e3o trabalhista atinge todos os pa\u00edses capitalistas. \u201cN\u00e3o \u00e9 que o capitalismo de vez em quando tem crise. O capitalismo \u00e9 crise todos os dias e em todos os momentos. N\u00e3o se pode imaginar que uma sociedade de explora\u00e7\u00e3o seja minimamente est\u00e1vel\u201d, ressaltou.<\/p>\n<p >Mascaro destacou ainda que as mudan\u00e7as na legisla\u00e7\u00e3o brasileira mostram que temos um pa\u00eds de \u201calma conservadora, que veio da escravid\u00e3o e que n\u00e3o gosta de prote\u00e7\u00e3o ao trabalhador\u201d. A seu ver, \u00e9 preciso avan\u00e7ar na transforma\u00e7\u00e3o social. \u201cNo entanto, temos ouvido coisas do tipo: o direito do trabalho custa muito; coitadas das empresas que n\u00e3o podem contratar\u201d, afirmou, ao explicar que, diferentemente do que se costuma pensar, \u201co direito do trabalho \u00e9 t\u00edpico do capitalismo e n\u00e3o tem nenhuma rela\u00e7\u00e3o com o socialismo ou comunismo\u201d.<\/p>\n<p >(AJ, GS, JS, MC, RR\/CF)<\/p>\n<p >&nbsp;<\/p>\n<p>       <\/br><br \/>\n<br \/><i>Com informa\u00e7\u00f5es da assessoria de imprensa do TST.<\/i><br \/>\n<br \/><a href=\"http:\/\/www.tst.jus.br\/web\/guest\/noticias?p_p_id=89Dk&#038;p_p_lifecycle=0&#038;refererPlid=10730&#038;_89Dk_struts_action=%2Fjournal_content%2Fview&#038;_89Dk_groupId=10157&#038;_89Dk_articleId=24700924\">Fonte<\/a><br \/>\n<br \/><\/p>\n","protected":false},"excerpt":{"rendered":"<p>Essa foi a t\u00f4nica do Semin\u00e1rio Internacional 30 anos da Constitui\u00e7\u00e3o Cidad\u00e3 e Um Ano da Reforma Trabalhista. Especialistas brasileiros e estrangeiros apresentaram suas reflex\u00f5es sobre as mudan\u00e7as nas rela\u00e7\u00f5es de trabalho, as reformas trabalhistas promovidas em diversos pa\u00edses e os aspectos constitucionais da mat\u00e9ria nesta ter\u00e7a-feira (9), segundo dia do Semin\u00e1rio Internacional 30 anos [&hellip;]<\/p>\n","protected":false},"author":3063,"featured_media":2031,"comment_status":"open","ping_status":"open","sticky":false,"template":"","format":"standard","meta":{"footnotes":""},"categories":[3,21],"tags":[33,216,9,12,217,215],"class_list":{"0":"post-3279","1":"post","2":"type-post","3":"status-publish","4":"format-standard","5":"has-post-thumbnail","7":"category-trabalhista","8":"category-tst","9":"tag-calculos-trabalhistas","10":"tag-direito-trabalhista","11":"tag-pericia","12":"tag-perito","13":"tag-trabalho","14":"tag-tst"},"yoast_head":"<!-- This site is optimized with the Yoast SEO plugin v27.2 - https:\/\/yoast.com\/product\/yoast-seo-wordpress\/ -->\n<title>TST: Especialistas trazem experi\u00eancias, perspectivas e reflex\u00f5es sobre rela\u00e7\u00f5es de trabalho | Portal de Not\u00edcias<\/title>\n<meta name=\"robots\" content=\"index, follow, max-snippet:-1, max-image-preview:large, max-video-preview:-1\" \/>\n<link rel=\"canonical\" href=\"https:\/\/mhcalculos.com.br\/noticias\/area\/trabalhista\/tst-especialistas-trazem-experiencias-perspectivas-e-reflexoes-sobre-relacoes-de-trabalho.html\" \/>\n<meta property=\"og:locale\" content=\"pt_BR\" \/>\n<meta property=\"og:type\" content=\"article\" \/>\n<meta property=\"og:title\" content=\"TST: Especialistas trazem experi\u00eancias, perspectivas e reflex\u00f5es sobre rela\u00e7\u00f5es de trabalho | Portal de Not\u00edcias\" \/>\n<meta property=\"og:description\" content=\"Essa foi a t\u00f4nica do Semin\u00e1rio Internacional 30 anos da Constitui\u00e7\u00e3o Cidad\u00e3 e Um Ano da Reforma Trabalhista. Especialistas brasileiros e estrangeiros apresentaram suas reflex\u00f5es sobre as mudan\u00e7as nas rela\u00e7\u00f5es de trabalho, as reformas trabalhistas promovidas em diversos pa\u00edses e os aspectos constitucionais da mat\u00e9ria nesta ter\u00e7a-feira (9), segundo dia do Semin\u00e1rio Internacional 30 anos [&hellip;]\" \/>\n<meta property=\"og:url\" content=\"https:\/\/mhcalculos.com.br\/noticias\/area\/trabalhista\/tst-especialistas-trazem-experiencias-perspectivas-e-reflexoes-sobre-relacoes-de-trabalho.html\" \/>\n<meta property=\"og:site_name\" content=\"Portal de Not\u00edcias\" \/>\n<meta property=\"article:published_time\" content=\"2018-10-10T00:13:00+00:00\" \/>\n<meta property=\"article:modified_time\" content=\"2021-07-28T17:34:00+00:00\" \/>\n<meta property=\"og:image\" content=\"https:\/\/mhcalculos.com.br\/noticias\/wp-content\/uploads\/sites\/2\/2018\/06\/trabalhista-0007.jpg\" \/>\n\t<meta property=\"og:image:width\" content=\"2000\" \/>\n\t<meta property=\"og:image:height\" content=\"800\" \/>\n\t<meta property=\"og:image:type\" content=\"image\/jpeg\" \/>\n<meta name=\"author\" content=\"Equipe MH\" \/>\n<meta name=\"twitter:card\" content=\"summary_large_image\" \/>\n<meta name=\"twitter:label1\" content=\"Escrito por\" \/>\n\t<meta name=\"twitter:data1\" content=\"Equipe MH\" \/>\n\t<meta name=\"twitter:label2\" content=\"Est. tempo de leitura\" \/>\n\t<meta name=\"twitter:data2\" content=\"7 minutos\" \/>\n<script type=\"application\/ld+json\" class=\"yoast-schema-graph\">{\"@context\":\"https:\/\/schema.org\",\"@graph\":[{\"@type\":\"Article\",\"@id\":\"https:\/\/mhcalculos.com.br\/noticias\/area\/trabalhista\/tst-especialistas-trazem-experiencias-perspectivas-e-reflexoes-sobre-relacoes-de-trabalho.html#article\",\"isPartOf\":{\"@id\":\"https:\/\/mhcalculos.com.br\/noticias\/area\/trabalhista\/tst-especialistas-trazem-experiencias-perspectivas-e-reflexoes-sobre-relacoes-de-trabalho.html\"},\"author\":{\"name\":\"Equipe MH\",\"@id\":\"https:\/\/mhcalculos.com.br\/noticias\/#\/schema\/person\/88d1c34bf72dc779ea14a5a6b8e0ae8d\"},\"headline\":\"TST: Especialistas trazem experi\u00eancias, perspectivas e reflex\u00f5es sobre rela\u00e7\u00f5es de trabalho\",\"datePublished\":\"2018-10-10T00:13:00+00:00\",\"dateModified\":\"2021-07-28T17:34:00+00:00\",\"mainEntityOfPage\":{\"@id\":\"https:\/\/mhcalculos.com.br\/noticias\/area\/trabalhista\/tst-especialistas-trazem-experiencias-perspectivas-e-reflexoes-sobre-relacoes-de-trabalho.html\"},\"wordCount\":1464,\"commentCount\":0,\"image\":{\"@id\":\"https:\/\/mhcalculos.com.br\/noticias\/area\/trabalhista\/tst-especialistas-trazem-experiencias-perspectivas-e-reflexoes-sobre-relacoes-de-trabalho.html#primaryimage\"},\"thumbnailUrl\":\"https:\/\/mhcalculos.com.br\/noticias\/wp-content\/uploads\/sites\/2\/2018\/06\/trabalhista-0007.jpg\",\"keywords\":[\"c\u00e1lculos trabalhistas\",\"direito trabalhista\",\"per\u00edcia\",\"perito\",\"trabalho\",\"TST\"],\"articleSection\":[\"Direito Trabalhista\",\"TST\"],\"inLanguage\":\"pt-BR\",\"potentialAction\":[{\"@type\":\"CommentAction\",\"name\":\"Comment\",\"target\":[\"https:\/\/mhcalculos.com.br\/noticias\/area\/trabalhista\/tst-especialistas-trazem-experiencias-perspectivas-e-reflexoes-sobre-relacoes-de-trabalho.html#respond\"]}]},{\"@type\":\"WebPage\",\"@id\":\"https:\/\/mhcalculos.com.br\/noticias\/area\/trabalhista\/tst-especialistas-trazem-experiencias-perspectivas-e-reflexoes-sobre-relacoes-de-trabalho.html\",\"url\":\"https:\/\/mhcalculos.com.br\/noticias\/area\/trabalhista\/tst-especialistas-trazem-experiencias-perspectivas-e-reflexoes-sobre-relacoes-de-trabalho.html\",\"name\":\"TST: Especialistas trazem experi\u00eancias, perspectivas e reflex\u00f5es sobre rela\u00e7\u00f5es de trabalho | Portal de Not\u00edcias\",\"isPartOf\":{\"@id\":\"https:\/\/mhcalculos.com.br\/noticias\/#website\"},\"primaryImageOfPage\":{\"@id\":\"https:\/\/mhcalculos.com.br\/noticias\/area\/trabalhista\/tst-especialistas-trazem-experiencias-perspectivas-e-reflexoes-sobre-relacoes-de-trabalho.html#primaryimage\"},\"image\":{\"@id\":\"https:\/\/mhcalculos.com.br\/noticias\/area\/trabalhista\/tst-especialistas-trazem-experiencias-perspectivas-e-reflexoes-sobre-relacoes-de-trabalho.html#primaryimage\"},\"thumbnailUrl\":\"https:\/\/mhcalculos.com.br\/noticias\/wp-content\/uploads\/sites\/2\/2018\/06\/trabalhista-0007.jpg\",\"datePublished\":\"2018-10-10T00:13:00+00:00\",\"dateModified\":\"2021-07-28T17:34:00+00:00\",\"author\":{\"@id\":\"https:\/\/mhcalculos.com.br\/noticias\/#\/schema\/person\/88d1c34bf72dc779ea14a5a6b8e0ae8d\"},\"breadcrumb\":{\"@id\":\"https:\/\/mhcalculos.com.br\/noticias\/area\/trabalhista\/tst-especialistas-trazem-experiencias-perspectivas-e-reflexoes-sobre-relacoes-de-trabalho.html#breadcrumb\"},\"inLanguage\":\"pt-BR\",\"potentialAction\":[{\"@type\":\"ReadAction\",\"target\":[\"https:\/\/mhcalculos.com.br\/noticias\/area\/trabalhista\/tst-especialistas-trazem-experiencias-perspectivas-e-reflexoes-sobre-relacoes-de-trabalho.html\"]}]},{\"@type\":\"ImageObject\",\"inLanguage\":\"pt-BR\",\"@id\":\"https:\/\/mhcalculos.com.br\/noticias\/area\/trabalhista\/tst-especialistas-trazem-experiencias-perspectivas-e-reflexoes-sobre-relacoes-de-trabalho.html#primaryimage\",\"url\":\"https:\/\/mhcalculos.com.br\/noticias\/wp-content\/uploads\/sites\/2\/2018\/06\/trabalhista-0007.jpg\",\"contentUrl\":\"https:\/\/mhcalculos.com.br\/noticias\/wp-content\/uploads\/sites\/2\/2018\/06\/trabalhista-0007.jpg\",\"width\":2000,\"height\":800},{\"@type\":\"BreadcrumbList\",\"@id\":\"https:\/\/mhcalculos.com.br\/noticias\/area\/trabalhista\/tst-especialistas-trazem-experiencias-perspectivas-e-reflexoes-sobre-relacoes-de-trabalho.html#breadcrumb\",\"itemListElement\":[{\"@type\":\"ListItem\",\"position\":1,\"name\":\"In\u00edcio\",\"item\":\"https:\/\/mhcalculos.com.br\/noticias\/\"},{\"@type\":\"ListItem\",\"position\":2,\"name\":\"TST: Especialistas trazem experi\u00eancias, perspectivas e reflex\u00f5es sobre rela\u00e7\u00f5es de trabalho\"}]},{\"@type\":\"WebSite\",\"@id\":\"https:\/\/mhcalculos.com.br\/noticias\/#website\",\"url\":\"https:\/\/mhcalculos.com.br\/noticias\/\",\"name\":\"Portal de Not\u00edcias\",\"description\":\"Not\u00edcias e Jurisprud\u00eancia\",\"potentialAction\":[{\"@type\":\"SearchAction\",\"target\":{\"@type\":\"EntryPoint\",\"urlTemplate\":\"https:\/\/mhcalculos.com.br\/noticias\/?s={search_term_string}\"},\"query-input\":{\"@type\":\"PropertyValueSpecification\",\"valueRequired\":true,\"valueName\":\"search_term_string\"}}],\"inLanguage\":\"pt-BR\"},{\"@type\":\"Person\",\"@id\":\"https:\/\/mhcalculos.com.br\/noticias\/#\/schema\/person\/88d1c34bf72dc779ea14a5a6b8e0ae8d\",\"name\":\"Equipe MH\",\"image\":{\"@type\":\"ImageObject\",\"inLanguage\":\"pt-BR\",\"@id\":\"https:\/\/secure.gravatar.com\/avatar\/de1c686c2ecc9c5a3f327e3431d819eb39f8f05d4e1045f5a1caad6daaba987f?s=96&d=mm&r=g\",\"url\":\"https:\/\/secure.gravatar.com\/avatar\/de1c686c2ecc9c5a3f327e3431d819eb39f8f05d4e1045f5a1caad6daaba987f?s=96&d=mm&r=g\",\"contentUrl\":\"https:\/\/secure.gravatar.com\/avatar\/de1c686c2ecc9c5a3f327e3431d819eb39f8f05d4e1045f5a1caad6daaba987f?s=96&d=mm&r=g\",\"caption\":\"Equipe MH\"}}]}<\/script>\n<!-- \/ Yoast SEO plugin. -->","yoast_head_json":{"title":"TST: Especialistas trazem experi\u00eancias, perspectivas e reflex\u00f5es sobre rela\u00e7\u00f5es de trabalho | Portal de Not\u00edcias","robots":{"index":"index","follow":"follow","max-snippet":"max-snippet:-1","max-image-preview":"max-image-preview:large","max-video-preview":"max-video-preview:-1"},"canonical":"https:\/\/mhcalculos.com.br\/noticias\/area\/trabalhista\/tst-especialistas-trazem-experiencias-perspectivas-e-reflexoes-sobre-relacoes-de-trabalho.html","og_locale":"pt_BR","og_type":"article","og_title":"TST: Especialistas trazem experi\u00eancias, perspectivas e reflex\u00f5es sobre rela\u00e7\u00f5es de trabalho | Portal de Not\u00edcias","og_description":"Essa foi a t\u00f4nica do Semin\u00e1rio Internacional 30 anos da Constitui\u00e7\u00e3o Cidad\u00e3 e Um Ano da Reforma Trabalhista. Especialistas brasileiros e estrangeiros apresentaram suas reflex\u00f5es sobre as mudan\u00e7as nas rela\u00e7\u00f5es de trabalho, as reformas trabalhistas promovidas em diversos pa\u00edses e os aspectos constitucionais da mat\u00e9ria nesta ter\u00e7a-feira (9), segundo dia do Semin\u00e1rio Internacional 30 anos [&hellip;]","og_url":"https:\/\/mhcalculos.com.br\/noticias\/area\/trabalhista\/tst-especialistas-trazem-experiencias-perspectivas-e-reflexoes-sobre-relacoes-de-trabalho.html","og_site_name":"Portal de Not\u00edcias","article_published_time":"2018-10-10T00:13:00+00:00","article_modified_time":"2021-07-28T17:34:00+00:00","og_image":[{"width":2000,"height":800,"url":"https:\/\/mhcalculos.com.br\/noticias\/wp-content\/uploads\/sites\/2\/2018\/06\/trabalhista-0007.jpg","type":"image\/jpeg"}],"author":"Equipe MH","twitter_card":"summary_large_image","twitter_misc":{"Escrito por":"Equipe MH","Est. tempo de leitura":"7 minutos"},"schema":{"@context":"https:\/\/schema.org","@graph":[{"@type":"Article","@id":"https:\/\/mhcalculos.com.br\/noticias\/area\/trabalhista\/tst-especialistas-trazem-experiencias-perspectivas-e-reflexoes-sobre-relacoes-de-trabalho.html#article","isPartOf":{"@id":"https:\/\/mhcalculos.com.br\/noticias\/area\/trabalhista\/tst-especialistas-trazem-experiencias-perspectivas-e-reflexoes-sobre-relacoes-de-trabalho.html"},"author":{"name":"Equipe MH","@id":"https:\/\/mhcalculos.com.br\/noticias\/#\/schema\/person\/88d1c34bf72dc779ea14a5a6b8e0ae8d"},"headline":"TST: Especialistas trazem experi\u00eancias, perspectivas e reflex\u00f5es sobre rela\u00e7\u00f5es de trabalho","datePublished":"2018-10-10T00:13:00+00:00","dateModified":"2021-07-28T17:34:00+00:00","mainEntityOfPage":{"@id":"https:\/\/mhcalculos.com.br\/noticias\/area\/trabalhista\/tst-especialistas-trazem-experiencias-perspectivas-e-reflexoes-sobre-relacoes-de-trabalho.html"},"wordCount":1464,"commentCount":0,"image":{"@id":"https:\/\/mhcalculos.com.br\/noticias\/area\/trabalhista\/tst-especialistas-trazem-experiencias-perspectivas-e-reflexoes-sobre-relacoes-de-trabalho.html#primaryimage"},"thumbnailUrl":"https:\/\/mhcalculos.com.br\/noticias\/wp-content\/uploads\/sites\/2\/2018\/06\/trabalhista-0007.jpg","keywords":["c\u00e1lculos trabalhistas","direito trabalhista","per\u00edcia","perito","trabalho","TST"],"articleSection":["Direito Trabalhista","TST"],"inLanguage":"pt-BR","potentialAction":[{"@type":"CommentAction","name":"Comment","target":["https:\/\/mhcalculos.com.br\/noticias\/area\/trabalhista\/tst-especialistas-trazem-experiencias-perspectivas-e-reflexoes-sobre-relacoes-de-trabalho.html#respond"]}]},{"@type":"WebPage","@id":"https:\/\/mhcalculos.com.br\/noticias\/area\/trabalhista\/tst-especialistas-trazem-experiencias-perspectivas-e-reflexoes-sobre-relacoes-de-trabalho.html","url":"https:\/\/mhcalculos.com.br\/noticias\/area\/trabalhista\/tst-especialistas-trazem-experiencias-perspectivas-e-reflexoes-sobre-relacoes-de-trabalho.html","name":"TST: Especialistas trazem experi\u00eancias, perspectivas e reflex\u00f5es sobre rela\u00e7\u00f5es de trabalho | Portal de Not\u00edcias","isPartOf":{"@id":"https:\/\/mhcalculos.com.br\/noticias\/#website"},"primaryImageOfPage":{"@id":"https:\/\/mhcalculos.com.br\/noticias\/area\/trabalhista\/tst-especialistas-trazem-experiencias-perspectivas-e-reflexoes-sobre-relacoes-de-trabalho.html#primaryimage"},"image":{"@id":"https:\/\/mhcalculos.com.br\/noticias\/area\/trabalhista\/tst-especialistas-trazem-experiencias-perspectivas-e-reflexoes-sobre-relacoes-de-trabalho.html#primaryimage"},"thumbnailUrl":"https:\/\/mhcalculos.com.br\/noticias\/wp-content\/uploads\/sites\/2\/2018\/06\/trabalhista-0007.jpg","datePublished":"2018-10-10T00:13:00+00:00","dateModified":"2021-07-28T17:34:00+00:00","author":{"@id":"https:\/\/mhcalculos.com.br\/noticias\/#\/schema\/person\/88d1c34bf72dc779ea14a5a6b8e0ae8d"},"breadcrumb":{"@id":"https:\/\/mhcalculos.com.br\/noticias\/area\/trabalhista\/tst-especialistas-trazem-experiencias-perspectivas-e-reflexoes-sobre-relacoes-de-trabalho.html#breadcrumb"},"inLanguage":"pt-BR","potentialAction":[{"@type":"ReadAction","target":["https:\/\/mhcalculos.com.br\/noticias\/area\/trabalhista\/tst-especialistas-trazem-experiencias-perspectivas-e-reflexoes-sobre-relacoes-de-trabalho.html"]}]},{"@type":"ImageObject","inLanguage":"pt-BR","@id":"https:\/\/mhcalculos.com.br\/noticias\/area\/trabalhista\/tst-especialistas-trazem-experiencias-perspectivas-e-reflexoes-sobre-relacoes-de-trabalho.html#primaryimage","url":"https:\/\/mhcalculos.com.br\/noticias\/wp-content\/uploads\/sites\/2\/2018\/06\/trabalhista-0007.jpg","contentUrl":"https:\/\/mhcalculos.com.br\/noticias\/wp-content\/uploads\/sites\/2\/2018\/06\/trabalhista-0007.jpg","width":2000,"height":800},{"@type":"BreadcrumbList","@id":"https:\/\/mhcalculos.com.br\/noticias\/area\/trabalhista\/tst-especialistas-trazem-experiencias-perspectivas-e-reflexoes-sobre-relacoes-de-trabalho.html#breadcrumb","itemListElement":[{"@type":"ListItem","position":1,"name":"In\u00edcio","item":"https:\/\/mhcalculos.com.br\/noticias\/"},{"@type":"ListItem","position":2,"name":"TST: Especialistas trazem experi\u00eancias, perspectivas e reflex\u00f5es sobre rela\u00e7\u00f5es de trabalho"}]},{"@type":"WebSite","@id":"https:\/\/mhcalculos.com.br\/noticias\/#website","url":"https:\/\/mhcalculos.com.br\/noticias\/","name":"Portal de Not\u00edcias","description":"Not\u00edcias e Jurisprud\u00eancia","potentialAction":[{"@type":"SearchAction","target":{"@type":"EntryPoint","urlTemplate":"https:\/\/mhcalculos.com.br\/noticias\/?s={search_term_string}"},"query-input":{"@type":"PropertyValueSpecification","valueRequired":true,"valueName":"search_term_string"}}],"inLanguage":"pt-BR"},{"@type":"Person","@id":"https:\/\/mhcalculos.com.br\/noticias\/#\/schema\/person\/88d1c34bf72dc779ea14a5a6b8e0ae8d","name":"Equipe MH","image":{"@type":"ImageObject","inLanguage":"pt-BR","@id":"https:\/\/secure.gravatar.com\/avatar\/de1c686c2ecc9c5a3f327e3431d819eb39f8f05d4e1045f5a1caad6daaba987f?s=96&d=mm&r=g","url":"https:\/\/secure.gravatar.com\/avatar\/de1c686c2ecc9c5a3f327e3431d819eb39f8f05d4e1045f5a1caad6daaba987f?s=96&d=mm&r=g","contentUrl":"https:\/\/secure.gravatar.com\/avatar\/de1c686c2ecc9c5a3f327e3431d819eb39f8f05d4e1045f5a1caad6daaba987f?s=96&d=mm&r=g","caption":"Equipe MH"}}]}},"_links":{"self":[{"href":"https:\/\/mhcalculos.com.br\/noticias\/wp-json\/wp\/v2\/posts\/3279","targetHints":{"allow":["GET"]}}],"collection":[{"href":"https:\/\/mhcalculos.com.br\/noticias\/wp-json\/wp\/v2\/posts"}],"about":[{"href":"https:\/\/mhcalculos.com.br\/noticias\/wp-json\/wp\/v2\/types\/post"}],"author":[{"embeddable":true,"href":"https:\/\/mhcalculos.com.br\/noticias\/wp-json\/wp\/v2\/users\/3063"}],"replies":[{"embeddable":true,"href":"https:\/\/mhcalculos.com.br\/noticias\/wp-json\/wp\/v2\/comments?post=3279"}],"version-history":[{"count":1,"href":"https:\/\/mhcalculos.com.br\/noticias\/wp-json\/wp\/v2\/posts\/3279\/revisions"}],"predecessor-version":[{"id":10199,"href":"https:\/\/mhcalculos.com.br\/noticias\/wp-json\/wp\/v2\/posts\/3279\/revisions\/10199"}],"wp:featuredmedia":[{"embeddable":true,"href":"https:\/\/mhcalculos.com.br\/noticias\/wp-json\/wp\/v2\/media\/2031"}],"wp:attachment":[{"href":"https:\/\/mhcalculos.com.br\/noticias\/wp-json\/wp\/v2\/media?parent=3279"}],"wp:term":[{"taxonomy":"category","embeddable":true,"href":"https:\/\/mhcalculos.com.br\/noticias\/wp-json\/wp\/v2\/categories?post=3279"},{"taxonomy":"post_tag","embeddable":true,"href":"https:\/\/mhcalculos.com.br\/noticias\/wp-json\/wp\/v2\/tags?post=3279"}],"curies":[{"name":"wp","href":"https:\/\/api.w.org\/{rel}","templated":true}]}}