{"id":3259,"date":"2018-10-09T14:00:11","date_gmt":"2018-10-09T17:00:11","guid":{"rendered":"https:\/\/mhcalculos.com.br\/noticias\/2018\/10\/09\/trf4-tribunal-nega-possibilidade-de-desaposentacao-para-filiados-de-associacao-gaucha-de-aposentados-e-pensionistas-08-10-2018\/"},"modified":"2021-07-28T14:34:00","modified_gmt":"2021-07-28T17:34:00","slug":"trf4-tribunal-nega-possibilidade-de-desaposentacao-para-filiados-de-associacao-gaucha-de-aposentados-e-pensionistas-08-10-2018","status":"publish","type":"post","link":"https:\/\/mhcalculos.com.br\/noticias\/area\/previdenciario\/trf4-tribunal-nega-possibilidade-de-desaposentacao-para-filiados-de-associacao-gaucha-de-aposentados-e-pensionistas-08-10-2018.html","title":{"rendered":"TRF4: Tribunal&nbsp;nega possibilidade de desaposenta\u00e7\u00e3o para filiados de associa\u00e7\u00e3o ga\u00facha de aposentados e pensionistas (08\/10\/2018)"},"content":{"rendered":"<p><br \/>\n<\/p>\n<p>O Tribunal Regional Federal da 4\u00aa Regi\u00e3o (TRF4) negou a uma associa\u00e7\u00e3o de aposentados e pensionistas do Rio Grande do Sul (RS) o reconhecimento, para os seus filiados, da validade jur\u00eddica da desaposenta\u00e7\u00e3o, por meio do qual seria permitida a convers\u00e3o de uma esp\u00e9cie de aposentadoria em outra, mais vantajosa financeiramente, pela ren\u00fancia ao benef\u00edcio original e pela contagem das contribui\u00e7\u00f5es recolhidas posteriormente \u00e0 primeira aposentadoria. A decis\u00e3o un\u00e2nime foi proferida pela 6\u00aa Turma em sess\u00e3o de julgamento realizada no fim de setembro.<\/p>\n<p>A Associa\u00e7\u00e3o dos Trabalhadores Aposentados, Pensionistas e Idosos da Regi\u00e3o do Planalto do RS (ATAPPAF\/RS), sediada no munic\u00edpio de Passo Fundo (RS), havia ajuizado uma a\u00e7\u00e3o civil p\u00fablica contra o Instituto Nacional do Seguro Social (INSS) em outubro de 2014.<\/p>\n<p>Na \u00e9poca, a entidade buscava a confirma\u00e7\u00e3o judicial do direito dos seus filiados aposentados que mantiveram v\u00ednculo empregat\u00edcio ap\u00f3s a aposentadoria de formalizarem a desaposenta\u00e7\u00e3o, independentemente da devolu\u00e7\u00e3o dos valores j\u00e1 recebidos por eles a t\u00edtulo de aposentadoria.<\/p>\n<p>A autora alegou que entre os seus associados havia um n\u00famero significativo de segurados que mantiveram v\u00ednculo empregat\u00edcio ap\u00f3s a aposentadoria, pagando regularmente as contribui\u00e7\u00f5es para o Regime Geral de Previd\u00eancia Social (RGPS).<\/p>\n<p>No pedido, a associa\u00e7\u00e3o defendeu a viabilidade do instituto da desaposenta\u00e7\u00e3o. Assim, pleiteou para que os associados agregassem as contribui\u00e7\u00f5es prestadas ap\u00f3s a aposentadoria e obtivessem um novo benef\u00edcio previdenci\u00e1rio mais vantajoso financeiramente, mediante a ren\u00fancia ao benef\u00edcio que estavam recebendo.<\/p>\n<p>A entidade afirmou que para toda contribui\u00e7\u00e3o prestada ao sistema de previd\u00eancia social deve ser destinada a respectiva contrapresta\u00e7\u00e3o e que deve ser garantido o direito ao melhor benef\u00edcio ao segurado. Tamb\u00e9m declarou inexistir veda\u00e7\u00e3o legal \u00e0 desaposenta\u00e7\u00e3o, invocando o par\u00e1grafo 11 do artigo 201 da Constitui\u00e7\u00e3o Federal, que determina que os ganhos habituais do trabalhador devem ser incorporados aos sal\u00e1rios para efeitos de contribui\u00e7\u00e3o, com consequente repercuss\u00e3o no benef\u00edcio recebido.<\/p>\n<p>A associa\u00e7\u00e3o requisitou \u00e0 Justi\u00e7a Federal do RS (JFRS) que fosse declarado o direito de seus filiados aposentados e que mantiveram v\u00ednculo empregat\u00edcio de se desaposentar, agregando-se os per\u00edodos de atividades ap\u00f3s aposentado, somando-se o tempo de contribui\u00e7\u00e3o e idade, para a contagem final de um novo benef\u00edcio de aposentadoria por tempo de contribui\u00e7\u00e3o.<\/p>\n<p>A autora requereu, ainda, a condena\u00e7\u00e3o do INSS ao pagamento das diferen\u00e7as das parcelas vencidas ap\u00f3s a data de ajuizamento da a\u00e7\u00e3o entre o valor do novo benef\u00edcio a ser implementado e o do recebido pelos segurados na \u00e9poca.<\/p>\n<p>Em fevereiro de 2016, o ju\u00edzo da 1\u00aa Vara Federal de Passo Fundo acolheu o pedido e condenou o INSS ao pagamento dos valores atrasados relativos aos novos benef\u00edcios, a contar desde outubro de 2014, quando a a\u00e7\u00e3o foi proposta, atualizados monetariamente e acrescidos de juros.<\/p>\n<p>Como a senten\u00e7a foi proferida contra uma autarquia da Uni\u00e3o Federal, de acordo com o C\u00f3digo de Processo Civil, ela foi sujeita \u00e0 remessa necess\u00e1ria ao duplo grau de jurisdi\u00e7\u00e3o, somente produzindo seus efeitos depois de confirmada pelo TRF4. O processo tamb\u00e9m chegou ao tribunal por conta de recurso interposto pelo INSS pleiteando a reforma da decis\u00e3o de primeira inst\u00e2ncia.<\/p>\n<p>No tribunal, o processo foi sobrestado para aguardar a defini\u00e7\u00e3o da quest\u00e3o constitucional relativa \u00e0 possibilidade da desaposenta\u00e7\u00e3o, que, na \u00e9poca, seria julgada pelo Supremo Tribunal Federal (STF), com o reconhecimento de repercuss\u00e3o geral da decis\u00e3o para o restante do Poder Judici\u00e1rio.\u00a0<\/p>\n<p>Ap\u00f3s o julgamento da corte suprema, em outubro de 2016, de um recurso extraordin\u00e1rio envolvendo essa mat\u00e9ria, a 6\u00aa Turma do tribunal decidiu dar provimento \u00e0 apela\u00e7\u00e3o do INSS e \u00e0 remessa oficial por unanimidade.<\/p>\n<p>A relatora do caso na corte, ju\u00edza federal convocada para atuar no TRF4 Ta\u00eds Schilling Ferraz, seguiu o entendimento do STF de que &ldquo;a Constitui\u00e7\u00e3o, apesar de n\u00e3o vedar expressamente o direito \u00e0 desaposenta\u00e7\u00e3o, n\u00e3o o previu especificamente, remetendo \u00e0 legisla\u00e7\u00e3o ordin\u00e1ria a defini\u00e7\u00e3o das circunst\u00e2ncias em que as contribui\u00e7\u00f5es vertidas ao sistema previdenci\u00e1rio seriam aproveitadas. N\u00e3o tendo a lei institu\u00eddo a possibilidade da desaposenta\u00e7\u00e3o, concluiu-se pela impossibilidade de acolhimento do pedido respectivo, solu\u00e7\u00e3o integralmente aplic\u00e1vel ao caso dos autos, cujos elementos de fato e de direito identificam-se \u00e0s que foram decididas no precedente do STF&rdquo;.<\/p>\n<p>Ao concluir que a corte suprema fixou tese contr\u00e1ria \u00e0 pretens\u00e3o da associa\u00e7\u00e3o na a\u00e7\u00e3o, a magistrada entendeu que \u00e9 necess\u00e1ria &ldquo;a improced\u00eancia do pedido, inclusive quando a possibilidade de desaposenta\u00e7\u00e3o tenha sido cogitada diante de eventual devolu\u00e7\u00e3o, como contrapartida, dos valores pagos pelo INSS por conta do benef\u00edcio origin\u00e1rio. A defini\u00e7\u00e3o desta condi\u00e7\u00e3o resulta prejudicada frente \u00e0 inexist\u00eancia, no atual contexto normativo, do direito \u00e0 desaposenta\u00e7\u00e3o para novo benef\u00edcio&rdquo;.<\/p>\n<p><i>Com informa\u00e7\u00f5es da assessoria de imprensa do TRF4.<\/i><br \/>\n<br \/><a href=\"http:\/\/www2.trf4.jus.br\/trf4\/controlador.php?acao=noticia_visualizar&#038;id_noticia=13986\">Fonte<\/a><br \/>\n<br \/><\/p>\n","protected":false},"excerpt":{"rendered":"<p>O Tribunal Regional Federal da 4\u00aa Regi\u00e3o (TRF4) negou a uma associa\u00e7\u00e3o de aposentados e pensionistas do Rio Grande do Sul (RS) o reconhecimento, para os seus filiados, da validade jur\u00eddica da desaposenta\u00e7\u00e3o, por meio do qual seria permitida a convers\u00e3o de uma esp\u00e9cie de aposentadoria em outra, mais vantajosa financeiramente, pela ren\u00fancia ao benef\u00edcio [&hellip;]<\/p>\n","protected":false},"author":3063,"featured_media":3260,"comment_status":"open","ping_status":"open","sticky":false,"template":"","format":"standard","meta":{"footnotes":""},"categories":[5,6],"tags":[11,10,8,13,9,12,17],"class_list":{"0":"post-3259","1":"post","2":"type-post","3":"status-publish","4":"format-standard","5":"has-post-thumbnail","7":"category-previdenciario","8":"category-trf4","9":"tag-aposentadoria","10":"tag-calculos-previdenciarios","11":"tag-direito-previdenciario","12":"tag-inss","13":"tag-pericia","14":"tag-perito","15":"tag-trf4"},"yoast_head":"<!-- This site is optimized with the Yoast SEO plugin v27.2 - https:\/\/yoast.com\/product\/yoast-seo-wordpress\/ -->\n<title>TRF4: Tribunal&nbsp;nega possibilidade de desaposenta\u00e7\u00e3o para filiados de associa\u00e7\u00e3o ga\u00facha de aposentados e pensionistas (08\/10\/2018) | Portal de Not\u00edcias<\/title>\n<meta name=\"robots\" content=\"index, follow, max-snippet:-1, max-image-preview:large, max-video-preview:-1\" \/>\n<link rel=\"canonical\" href=\"https:\/\/mhcalculos.com.br\/noticias\/area\/previdenciario\/trf4-tribunal-nega-possibilidade-de-desaposentacao-para-filiados-de-associacao-gaucha-de-aposentados-e-pensionistas-08-10-2018.html\" \/>\n<meta property=\"og:locale\" content=\"pt_BR\" \/>\n<meta property=\"og:type\" content=\"article\" \/>\n<meta property=\"og:title\" content=\"TRF4: Tribunal&nbsp;nega possibilidade de desaposenta\u00e7\u00e3o para filiados de associa\u00e7\u00e3o ga\u00facha de aposentados e pensionistas (08\/10\/2018) | Portal de Not\u00edcias\" \/>\n<meta property=\"og:description\" content=\"O Tribunal Regional Federal da 4\u00aa Regi\u00e3o (TRF4) negou a uma associa\u00e7\u00e3o de aposentados e pensionistas do Rio Grande do Sul (RS) o reconhecimento, para os seus filiados, da validade jur\u00eddica da desaposenta\u00e7\u00e3o, por meio do qual seria permitida a convers\u00e3o de uma esp\u00e9cie de aposentadoria em outra, mais vantajosa financeiramente, pela ren\u00fancia ao benef\u00edcio [&hellip;]\" \/>\n<meta property=\"og:url\" content=\"https:\/\/mhcalculos.com.br\/noticias\/area\/previdenciario\/trf4-tribunal-nega-possibilidade-de-desaposentacao-para-filiados-de-associacao-gaucha-de-aposentados-e-pensionistas-08-10-2018.html\" \/>\n<meta property=\"og:site_name\" content=\"Portal de Not\u00edcias\" \/>\n<meta property=\"article:published_time\" content=\"2018-10-09T17:00:11+00:00\" \/>\n<meta property=\"article:modified_time\" content=\"2021-07-28T17:34:00+00:00\" \/>\n<meta property=\"og:image\" content=\"https:\/\/mhcalculos.com.br\/noticias\/wp-content\/uploads\/sites\/2\/2018\/10\/bfc_trf4_alta_2614_0.jpg\" \/>\n\t<meta property=\"og:image:width\" content=\"2200\" \/>\n\t<meta property=\"og:image:height\" content=\"1300\" \/>\n\t<meta property=\"og:image:type\" content=\"image\/jpeg\" \/>\n<meta name=\"author\" content=\"Equipe MH\" \/>\n<meta name=\"twitter:card\" content=\"summary_large_image\" \/>\n<meta name=\"twitter:label1\" content=\"Escrito por\" \/>\n\t<meta name=\"twitter:data1\" content=\"Equipe MH\" \/>\n\t<meta name=\"twitter:label2\" content=\"Est. tempo de leitura\" \/>\n\t<meta name=\"twitter:data2\" content=\"4 minutos\" \/>\n<script type=\"application\/ld+json\" class=\"yoast-schema-graph\">{\"@context\":\"https:\/\/schema.org\",\"@graph\":[{\"@type\":\"Article\",\"@id\":\"https:\/\/mhcalculos.com.br\/noticias\/area\/previdenciario\/trf4-tribunal-nega-possibilidade-de-desaposentacao-para-filiados-de-associacao-gaucha-de-aposentados-e-pensionistas-08-10-2018.html#article\",\"isPartOf\":{\"@id\":\"https:\/\/mhcalculos.com.br\/noticias\/area\/previdenciario\/trf4-tribunal-nega-possibilidade-de-desaposentacao-para-filiados-de-associacao-gaucha-de-aposentados-e-pensionistas-08-10-2018.html\"},\"author\":{\"name\":\"Equipe MH\",\"@id\":\"https:\/\/mhcalculos.com.br\/noticias\/#\/schema\/person\/88d1c34bf72dc779ea14a5a6b8e0ae8d\"},\"headline\":\"TRF4: Tribunal&nbsp;nega possibilidade de desaposenta\u00e7\u00e3o para filiados de associa\u00e7\u00e3o ga\u00facha de aposentados e pensionistas (08\/10\/2018)\",\"datePublished\":\"2018-10-09T17:00:11+00:00\",\"dateModified\":\"2021-07-28T17:34:00+00:00\",\"mainEntityOfPage\":{\"@id\":\"https:\/\/mhcalculos.com.br\/noticias\/area\/previdenciario\/trf4-tribunal-nega-possibilidade-de-desaposentacao-para-filiados-de-associacao-gaucha-de-aposentados-e-pensionistas-08-10-2018.html\"},\"wordCount\":879,\"commentCount\":0,\"image\":{\"@id\":\"https:\/\/mhcalculos.com.br\/noticias\/area\/previdenciario\/trf4-tribunal-nega-possibilidade-de-desaposentacao-para-filiados-de-associacao-gaucha-de-aposentados-e-pensionistas-08-10-2018.html#primaryimage\"},\"thumbnailUrl\":\"https:\/\/mhcalculos.com.br\/noticias\/wp-content\/uploads\/sites\/2\/2018\/10\/bfc_trf4_alta_2614_0.jpg\",\"keywords\":[\"aposentadoria\",\"c\u00e1lculos previdenci\u00e1rios\",\"direito previdenci\u00e1rio\",\"inss\",\"per\u00edcia\",\"perito\",\"trf4\"],\"articleSection\":[\"Direito Previdenci\u00e1rio\",\"TRF4\"],\"inLanguage\":\"pt-BR\",\"potentialAction\":[{\"@type\":\"CommentAction\",\"name\":\"Comment\",\"target\":[\"https:\/\/mhcalculos.com.br\/noticias\/area\/previdenciario\/trf4-tribunal-nega-possibilidade-de-desaposentacao-para-filiados-de-associacao-gaucha-de-aposentados-e-pensionistas-08-10-2018.html#respond\"]}]},{\"@type\":\"WebPage\",\"@id\":\"https:\/\/mhcalculos.com.br\/noticias\/area\/previdenciario\/trf4-tribunal-nega-possibilidade-de-desaposentacao-para-filiados-de-associacao-gaucha-de-aposentados-e-pensionistas-08-10-2018.html\",\"url\":\"https:\/\/mhcalculos.com.br\/noticias\/area\/previdenciario\/trf4-tribunal-nega-possibilidade-de-desaposentacao-para-filiados-de-associacao-gaucha-de-aposentados-e-pensionistas-08-10-2018.html\",\"name\":\"TRF4: Tribunal&nbsp;nega possibilidade de desaposenta\u00e7\u00e3o para filiados de associa\u00e7\u00e3o ga\u00facha de aposentados e pensionistas (08\/10\/2018) | Portal de Not\u00edcias\",\"isPartOf\":{\"@id\":\"https:\/\/mhcalculos.com.br\/noticias\/#website\"},\"primaryImageOfPage\":{\"@id\":\"https:\/\/mhcalculos.com.br\/noticias\/area\/previdenciario\/trf4-tribunal-nega-possibilidade-de-desaposentacao-para-filiados-de-associacao-gaucha-de-aposentados-e-pensionistas-08-10-2018.html#primaryimage\"},\"image\":{\"@id\":\"https:\/\/mhcalculos.com.br\/noticias\/area\/previdenciario\/trf4-tribunal-nega-possibilidade-de-desaposentacao-para-filiados-de-associacao-gaucha-de-aposentados-e-pensionistas-08-10-2018.html#primaryimage\"},\"thumbnailUrl\":\"https:\/\/mhcalculos.com.br\/noticias\/wp-content\/uploads\/sites\/2\/2018\/10\/bfc_trf4_alta_2614_0.jpg\",\"datePublished\":\"2018-10-09T17:00:11+00:00\",\"dateModified\":\"2021-07-28T17:34:00+00:00\",\"author\":{\"@id\":\"https:\/\/mhcalculos.com.br\/noticias\/#\/schema\/person\/88d1c34bf72dc779ea14a5a6b8e0ae8d\"},\"breadcrumb\":{\"@id\":\"https:\/\/mhcalculos.com.br\/noticias\/area\/previdenciario\/trf4-tribunal-nega-possibilidade-de-desaposentacao-para-filiados-de-associacao-gaucha-de-aposentados-e-pensionistas-08-10-2018.html#breadcrumb\"},\"inLanguage\":\"pt-BR\",\"potentialAction\":[{\"@type\":\"ReadAction\",\"target\":[\"https:\/\/mhcalculos.com.br\/noticias\/area\/previdenciario\/trf4-tribunal-nega-possibilidade-de-desaposentacao-para-filiados-de-associacao-gaucha-de-aposentados-e-pensionistas-08-10-2018.html\"]}]},{\"@type\":\"ImageObject\",\"inLanguage\":\"pt-BR\",\"@id\":\"https:\/\/mhcalculos.com.br\/noticias\/area\/previdenciario\/trf4-tribunal-nega-possibilidade-de-desaposentacao-para-filiados-de-associacao-gaucha-de-aposentados-e-pensionistas-08-10-2018.html#primaryimage\",\"url\":\"https:\/\/mhcalculos.com.br\/noticias\/wp-content\/uploads\/sites\/2\/2018\/10\/bfc_trf4_alta_2614_0.jpg\",\"contentUrl\":\"https:\/\/mhcalculos.com.br\/noticias\/wp-content\/uploads\/sites\/2\/2018\/10\/bfc_trf4_alta_2614_0.jpg\",\"width\":2200,\"height\":1300},{\"@type\":\"BreadcrumbList\",\"@id\":\"https:\/\/mhcalculos.com.br\/noticias\/area\/previdenciario\/trf4-tribunal-nega-possibilidade-de-desaposentacao-para-filiados-de-associacao-gaucha-de-aposentados-e-pensionistas-08-10-2018.html#breadcrumb\",\"itemListElement\":[{\"@type\":\"ListItem\",\"position\":1,\"name\":\"In\u00edcio\",\"item\":\"https:\/\/mhcalculos.com.br\/noticias\/\"},{\"@type\":\"ListItem\",\"position\":2,\"name\":\"TRF4: Tribunal&nbsp;nega possibilidade de desaposenta\u00e7\u00e3o para filiados de associa\u00e7\u00e3o ga\u00facha de aposentados e pensionistas (08\/10\/2018)\"}]},{\"@type\":\"WebSite\",\"@id\":\"https:\/\/mhcalculos.com.br\/noticias\/#website\",\"url\":\"https:\/\/mhcalculos.com.br\/noticias\/\",\"name\":\"Portal de Not\u00edcias\",\"description\":\"Not\u00edcias e Jurisprud\u00eancia\",\"potentialAction\":[{\"@type\":\"SearchAction\",\"target\":{\"@type\":\"EntryPoint\",\"urlTemplate\":\"https:\/\/mhcalculos.com.br\/noticias\/?s={search_term_string}\"},\"query-input\":{\"@type\":\"PropertyValueSpecification\",\"valueRequired\":true,\"valueName\":\"search_term_string\"}}],\"inLanguage\":\"pt-BR\"},{\"@type\":\"Person\",\"@id\":\"https:\/\/mhcalculos.com.br\/noticias\/#\/schema\/person\/88d1c34bf72dc779ea14a5a6b8e0ae8d\",\"name\":\"Equipe MH\",\"image\":{\"@type\":\"ImageObject\",\"inLanguage\":\"pt-BR\",\"@id\":\"https:\/\/secure.gravatar.com\/avatar\/de1c686c2ecc9c5a3f327e3431d819eb39f8f05d4e1045f5a1caad6daaba987f?s=96&d=mm&r=g\",\"url\":\"https:\/\/secure.gravatar.com\/avatar\/de1c686c2ecc9c5a3f327e3431d819eb39f8f05d4e1045f5a1caad6daaba987f?s=96&d=mm&r=g\",\"contentUrl\":\"https:\/\/secure.gravatar.com\/avatar\/de1c686c2ecc9c5a3f327e3431d819eb39f8f05d4e1045f5a1caad6daaba987f?s=96&d=mm&r=g\",\"caption\":\"Equipe MH\"}}]}<\/script>\n<!-- \/ Yoast SEO plugin. -->","yoast_head_json":{"title":"TRF4: Tribunal&nbsp;nega possibilidade de desaposenta\u00e7\u00e3o para filiados de associa\u00e7\u00e3o ga\u00facha de aposentados e pensionistas (08\/10\/2018) | Portal de Not\u00edcias","robots":{"index":"index","follow":"follow","max-snippet":"max-snippet:-1","max-image-preview":"max-image-preview:large","max-video-preview":"max-video-preview:-1"},"canonical":"https:\/\/mhcalculos.com.br\/noticias\/area\/previdenciario\/trf4-tribunal-nega-possibilidade-de-desaposentacao-para-filiados-de-associacao-gaucha-de-aposentados-e-pensionistas-08-10-2018.html","og_locale":"pt_BR","og_type":"article","og_title":"TRF4: Tribunal&nbsp;nega possibilidade de desaposenta\u00e7\u00e3o para filiados de associa\u00e7\u00e3o ga\u00facha de aposentados e pensionistas (08\/10\/2018) | Portal de Not\u00edcias","og_description":"O Tribunal Regional Federal da 4\u00aa Regi\u00e3o (TRF4) negou a uma associa\u00e7\u00e3o de aposentados e pensionistas do Rio Grande do Sul (RS) o reconhecimento, para os seus filiados, da validade jur\u00eddica da desaposenta\u00e7\u00e3o, por meio do qual seria permitida a convers\u00e3o de uma esp\u00e9cie de aposentadoria em outra, mais vantajosa financeiramente, pela ren\u00fancia ao benef\u00edcio [&hellip;]","og_url":"https:\/\/mhcalculos.com.br\/noticias\/area\/previdenciario\/trf4-tribunal-nega-possibilidade-de-desaposentacao-para-filiados-de-associacao-gaucha-de-aposentados-e-pensionistas-08-10-2018.html","og_site_name":"Portal de Not\u00edcias","article_published_time":"2018-10-09T17:00:11+00:00","article_modified_time":"2021-07-28T17:34:00+00:00","og_image":[{"width":2200,"height":1300,"url":"https:\/\/mhcalculos.com.br\/noticias\/wp-content\/uploads\/sites\/2\/2018\/10\/bfc_trf4_alta_2614_0.jpg","type":"image\/jpeg"}],"author":"Equipe MH","twitter_card":"summary_large_image","twitter_misc":{"Escrito por":"Equipe MH","Est. tempo de leitura":"4 minutos"},"schema":{"@context":"https:\/\/schema.org","@graph":[{"@type":"Article","@id":"https:\/\/mhcalculos.com.br\/noticias\/area\/previdenciario\/trf4-tribunal-nega-possibilidade-de-desaposentacao-para-filiados-de-associacao-gaucha-de-aposentados-e-pensionistas-08-10-2018.html#article","isPartOf":{"@id":"https:\/\/mhcalculos.com.br\/noticias\/area\/previdenciario\/trf4-tribunal-nega-possibilidade-de-desaposentacao-para-filiados-de-associacao-gaucha-de-aposentados-e-pensionistas-08-10-2018.html"},"author":{"name":"Equipe MH","@id":"https:\/\/mhcalculos.com.br\/noticias\/#\/schema\/person\/88d1c34bf72dc779ea14a5a6b8e0ae8d"},"headline":"TRF4: Tribunal&nbsp;nega possibilidade de desaposenta\u00e7\u00e3o para filiados de associa\u00e7\u00e3o ga\u00facha de aposentados e pensionistas (08\/10\/2018)","datePublished":"2018-10-09T17:00:11+00:00","dateModified":"2021-07-28T17:34:00+00:00","mainEntityOfPage":{"@id":"https:\/\/mhcalculos.com.br\/noticias\/area\/previdenciario\/trf4-tribunal-nega-possibilidade-de-desaposentacao-para-filiados-de-associacao-gaucha-de-aposentados-e-pensionistas-08-10-2018.html"},"wordCount":879,"commentCount":0,"image":{"@id":"https:\/\/mhcalculos.com.br\/noticias\/area\/previdenciario\/trf4-tribunal-nega-possibilidade-de-desaposentacao-para-filiados-de-associacao-gaucha-de-aposentados-e-pensionistas-08-10-2018.html#primaryimage"},"thumbnailUrl":"https:\/\/mhcalculos.com.br\/noticias\/wp-content\/uploads\/sites\/2\/2018\/10\/bfc_trf4_alta_2614_0.jpg","keywords":["aposentadoria","c\u00e1lculos previdenci\u00e1rios","direito previdenci\u00e1rio","inss","per\u00edcia","perito","trf4"],"articleSection":["Direito Previdenci\u00e1rio","TRF4"],"inLanguage":"pt-BR","potentialAction":[{"@type":"CommentAction","name":"Comment","target":["https:\/\/mhcalculos.com.br\/noticias\/area\/previdenciario\/trf4-tribunal-nega-possibilidade-de-desaposentacao-para-filiados-de-associacao-gaucha-de-aposentados-e-pensionistas-08-10-2018.html#respond"]}]},{"@type":"WebPage","@id":"https:\/\/mhcalculos.com.br\/noticias\/area\/previdenciario\/trf4-tribunal-nega-possibilidade-de-desaposentacao-para-filiados-de-associacao-gaucha-de-aposentados-e-pensionistas-08-10-2018.html","url":"https:\/\/mhcalculos.com.br\/noticias\/area\/previdenciario\/trf4-tribunal-nega-possibilidade-de-desaposentacao-para-filiados-de-associacao-gaucha-de-aposentados-e-pensionistas-08-10-2018.html","name":"TRF4: Tribunal&nbsp;nega possibilidade de desaposenta\u00e7\u00e3o para filiados de associa\u00e7\u00e3o ga\u00facha de aposentados e pensionistas (08\/10\/2018) | Portal de Not\u00edcias","isPartOf":{"@id":"https:\/\/mhcalculos.com.br\/noticias\/#website"},"primaryImageOfPage":{"@id":"https:\/\/mhcalculos.com.br\/noticias\/area\/previdenciario\/trf4-tribunal-nega-possibilidade-de-desaposentacao-para-filiados-de-associacao-gaucha-de-aposentados-e-pensionistas-08-10-2018.html#primaryimage"},"image":{"@id":"https:\/\/mhcalculos.com.br\/noticias\/area\/previdenciario\/trf4-tribunal-nega-possibilidade-de-desaposentacao-para-filiados-de-associacao-gaucha-de-aposentados-e-pensionistas-08-10-2018.html#primaryimage"},"thumbnailUrl":"https:\/\/mhcalculos.com.br\/noticias\/wp-content\/uploads\/sites\/2\/2018\/10\/bfc_trf4_alta_2614_0.jpg","datePublished":"2018-10-09T17:00:11+00:00","dateModified":"2021-07-28T17:34:00+00:00","author":{"@id":"https:\/\/mhcalculos.com.br\/noticias\/#\/schema\/person\/88d1c34bf72dc779ea14a5a6b8e0ae8d"},"breadcrumb":{"@id":"https:\/\/mhcalculos.com.br\/noticias\/area\/previdenciario\/trf4-tribunal-nega-possibilidade-de-desaposentacao-para-filiados-de-associacao-gaucha-de-aposentados-e-pensionistas-08-10-2018.html#breadcrumb"},"inLanguage":"pt-BR","potentialAction":[{"@type":"ReadAction","target":["https:\/\/mhcalculos.com.br\/noticias\/area\/previdenciario\/trf4-tribunal-nega-possibilidade-de-desaposentacao-para-filiados-de-associacao-gaucha-de-aposentados-e-pensionistas-08-10-2018.html"]}]},{"@type":"ImageObject","inLanguage":"pt-BR","@id":"https:\/\/mhcalculos.com.br\/noticias\/area\/previdenciario\/trf4-tribunal-nega-possibilidade-de-desaposentacao-para-filiados-de-associacao-gaucha-de-aposentados-e-pensionistas-08-10-2018.html#primaryimage","url":"https:\/\/mhcalculos.com.br\/noticias\/wp-content\/uploads\/sites\/2\/2018\/10\/bfc_trf4_alta_2614_0.jpg","contentUrl":"https:\/\/mhcalculos.com.br\/noticias\/wp-content\/uploads\/sites\/2\/2018\/10\/bfc_trf4_alta_2614_0.jpg","width":2200,"height":1300},{"@type":"BreadcrumbList","@id":"https:\/\/mhcalculos.com.br\/noticias\/area\/previdenciario\/trf4-tribunal-nega-possibilidade-de-desaposentacao-para-filiados-de-associacao-gaucha-de-aposentados-e-pensionistas-08-10-2018.html#breadcrumb","itemListElement":[{"@type":"ListItem","position":1,"name":"In\u00edcio","item":"https:\/\/mhcalculos.com.br\/noticias\/"},{"@type":"ListItem","position":2,"name":"TRF4: Tribunal&nbsp;nega possibilidade de desaposenta\u00e7\u00e3o para filiados de associa\u00e7\u00e3o ga\u00facha de aposentados e pensionistas (08\/10\/2018)"}]},{"@type":"WebSite","@id":"https:\/\/mhcalculos.com.br\/noticias\/#website","url":"https:\/\/mhcalculos.com.br\/noticias\/","name":"Portal de Not\u00edcias","description":"Not\u00edcias e Jurisprud\u00eancia","potentialAction":[{"@type":"SearchAction","target":{"@type":"EntryPoint","urlTemplate":"https:\/\/mhcalculos.com.br\/noticias\/?s={search_term_string}"},"query-input":{"@type":"PropertyValueSpecification","valueRequired":true,"valueName":"search_term_string"}}],"inLanguage":"pt-BR"},{"@type":"Person","@id":"https:\/\/mhcalculos.com.br\/noticias\/#\/schema\/person\/88d1c34bf72dc779ea14a5a6b8e0ae8d","name":"Equipe MH","image":{"@type":"ImageObject","inLanguage":"pt-BR","@id":"https:\/\/secure.gravatar.com\/avatar\/de1c686c2ecc9c5a3f327e3431d819eb39f8f05d4e1045f5a1caad6daaba987f?s=96&d=mm&r=g","url":"https:\/\/secure.gravatar.com\/avatar\/de1c686c2ecc9c5a3f327e3431d819eb39f8f05d4e1045f5a1caad6daaba987f?s=96&d=mm&r=g","contentUrl":"https:\/\/secure.gravatar.com\/avatar\/de1c686c2ecc9c5a3f327e3431d819eb39f8f05d4e1045f5a1caad6daaba987f?s=96&d=mm&r=g","caption":"Equipe MH"}}]}},"_links":{"self":[{"href":"https:\/\/mhcalculos.com.br\/noticias\/wp-json\/wp\/v2\/posts\/3259","targetHints":{"allow":["GET"]}}],"collection":[{"href":"https:\/\/mhcalculos.com.br\/noticias\/wp-json\/wp\/v2\/posts"}],"about":[{"href":"https:\/\/mhcalculos.com.br\/noticias\/wp-json\/wp\/v2\/types\/post"}],"author":[{"embeddable":true,"href":"https:\/\/mhcalculos.com.br\/noticias\/wp-json\/wp\/v2\/users\/3063"}],"replies":[{"embeddable":true,"href":"https:\/\/mhcalculos.com.br\/noticias\/wp-json\/wp\/v2\/comments?post=3259"}],"version-history":[{"count":1,"href":"https:\/\/mhcalculos.com.br\/noticias\/wp-json\/wp\/v2\/posts\/3259\/revisions"}],"predecessor-version":[{"id":10201,"href":"https:\/\/mhcalculos.com.br\/noticias\/wp-json\/wp\/v2\/posts\/3259\/revisions\/10201"}],"wp:featuredmedia":[{"embeddable":true,"href":"https:\/\/mhcalculos.com.br\/noticias\/wp-json\/wp\/v2\/media\/3260"}],"wp:attachment":[{"href":"https:\/\/mhcalculos.com.br\/noticias\/wp-json\/wp\/v2\/media?parent=3259"}],"wp:term":[{"taxonomy":"category","embeddable":true,"href":"https:\/\/mhcalculos.com.br\/noticias\/wp-json\/wp\/v2\/categories?post=3259"},{"taxonomy":"post_tag","embeddable":true,"href":"https:\/\/mhcalculos.com.br\/noticias\/wp-json\/wp\/v2\/tags?post=3259"}],"curies":[{"name":"wp","href":"https:\/\/api.w.org\/{rel}","templated":true}]}}