{"id":3258,"date":"2018-10-09T07:00:09","date_gmt":"2018-10-09T10:00:09","guid":{"rendered":"https:\/\/mhcalculos.com.br\/noticias\/2018\/10\/09\/stf-cf-30-anos-uma-constituicao-feita-por-intelectuais-nao-seria-melhor-do-que-a-de-1988-afirma-presidente-do-stf\/"},"modified":"2021-07-28T14:34:00","modified_gmt":"2021-07-28T17:34:00","slug":"stf-cf-30-anos-uma-constituicao-feita-por-intelectuais-nao-seria-melhor-do-que-a-de-1988-afirma-presidente-do-stf","status":"publish","type":"post","link":"https:\/\/mhcalculos.com.br\/noticias\/area\/previdenciario\/stf-cf-30-anos-uma-constituicao-feita-por-intelectuais-nao-seria-melhor-do-que-a-de-1988-afirma-presidente-do-stf.html","title":{"rendered":"STF: CF 30 anos: Uma Constitui\u00e7\u00e3o feita por intelectuais n\u00e3o seria melhor do que a de 1988, afirma presidente do STF"},"content":{"rendered":"<p><br \/>\n<\/p>\n<p>Para o presidente do Supremo Tribunal Federal, ministro Dias Toffoli, o principal m\u00e9rito da Constitui\u00e7\u00e3o&nbsp;de 1988, que completa 30 anos nesta sexta-feira (5), \u00e9 ter sido fruto da participa\u00e7\u00e3o popular, por meio de seus representantes, e da sociedade civil, por meio das emendas populares. &ldquo;A Constitui\u00e7\u00e3o foi escrita pelo povo&rdquo;, afirma. &ldquo;\u00c9 um contraponto para aqueles que acham que uma Constitui\u00e7\u00e3o feita por intelectuais ser\u00e1 melhor do que a nossa&rdquo;.<\/p>\n<p>Na \u00e9poca da Assembleia Nacional Constituinte, instalada em 1987, Toffoli era estudante da Faculdade de Direito da Universidade de S\u00e3o Paulo, no Largo de S\u00e3o Francisco, no centro da capital paulista. &ldquo;L\u00e1, na sala dos estudantes, havia a centraliza\u00e7\u00e3o da coleta de assinaturas para as emendas populares&rdquo;, relembra. &ldquo;Foram milh\u00f5es de assinaturas com milhares de propostas&rdquo;. Na elabora\u00e7\u00e3o da Carta, foram apresentadas mais de 72 mil sugest\u00f5es de iniciativa popular.<\/p>\n<p><b>Pacto social<\/b><\/p>\n<p>O resultado dessa mobiliza\u00e7\u00e3o, segundo o presidente do STF, foi um grande pacto social. &ldquo;A Constitui\u00e7\u00e3o acabou incluindo em si uma s\u00e9rie de direitos e garantias que as pessoas desejavam ver garantidos&rdquo;, afirmou. <br \/>\nDias Toffoli lembrou que as garantias fundamentais contidas no artigo 5&ordm; s\u00e3o cl\u00e1usulas p\u00e9treas, ou seja, marcos imut\u00e1veis. &ldquo;Ali est\u00e3o garantidos a liberdade, a solidariedade, os direitos humanos de terceira e de quarta gera\u00e7\u00e3o, os direitos das minorias, do meio ambiente e tantos outros&rdquo;, enumera.<\/p>\n<p><b>Democracia<\/b><\/p>\n<p>Outro ponto destacado pelo presidente do STF \u00e9 a efetiva\u00e7\u00e3o de parte das promessas contidas na Constitui\u00e7\u00e3o. &ldquo;Hoje, temos um pa\u00eds menos desigual, em que as diferen\u00e7as regionais foram sendo diminu\u00eddas, embora haja ainda muito o que fazer&rdquo;, observa.<\/p>\n<p>&ldquo;O fundamental \u00e9 que ela garantiu a democracia e as institui\u00e7\u00f5es brasileiras&rdquo;, afirma. Segundo o ministro, uma pesquisa recente revelou que, nesses 30 anos, aumentou o cr\u00e9dito da popula\u00e7\u00e3o em rela\u00e7\u00e3o \u00e0 democracia.<\/p>\n<p><b>Judici\u00e1rio<\/b><\/p>\n<p>O ministro Dias Toffoli assinala que a Constitui\u00e7\u00e3o de 88 redesenhou o Poder Judici\u00e1rio e deu a ele&nbsp;outra dimens\u00e3o. Seu papel deixou de ser apenas o de resolver conflitos entre pessoas, passando a resolver conflitos coletivos, sociais e culturais.<\/p>\n<p>&ldquo;Quando viv\u00edamos um momento de exce\u00e7\u00e3o, o cidad\u00e3o tinha um pouco de medo at\u00e9 de passar na frente de um f\u00f3rum, de ir atr\u00e1s dos seus direitos&rdquo;, recorda. &ldquo;Com a Constitui\u00e7\u00e3o de 1988, esses direitos foram efetivados e o acesso ao Judici\u00e1rio ampliado&rdquo;.<\/p>\n<p>As decis\u00f5es do Judici\u00e1rio, para o ministro, t\u00eam efeito pedag\u00f3gico e promovem o empoderamento das pessoas. &ldquo;Elas passaram a saber que t\u00eam direitos e perderam a vergonha de denunciar as ofensas \u00e0 sua dignidade, pois sabem que existe um Judici\u00e1rio que ir\u00e1 resgatar essa dignidade&rdquo;.<\/p>\n<p><b>STF<\/b><\/p>\n<p>Para o ministro, o STF tem sido capaz de garantir os direitos e de dar-lhes efetividade. &ldquo;Vejam o tanto que j\u00e1 se avan\u00e7ou: a Suprema Corte decidiu nesses \u00faltimos anos, em mat\u00e9ria de direitos fundamentais, o direito de igualdade entre homem e mulher n\u00e3o s\u00f3 no casamento, mas na conviv\u00eancia; o direito \u00e0 homoafetividade, para quebrar preconceitos; e a liberdade de manifesta\u00e7\u00e3o, de express\u00e3o e de pensamento&rdquo;.<\/p>\n<p>Na avalia\u00e7\u00e3o do presidente do STF, o artigo 5&ordm; \u00e9 fundamental na defesa da liberdade e da dignidade da pessoa humana, e as decis\u00f5es da Corte representam avan\u00e7os em todas as \u00e1reas da conviv\u00eancia social, cultural e econ\u00f4mica.<\/p>\n<p><b>Emendas<\/b><\/p>\n<p>O fato de ter recebido, nesses 30 anos, diversas emendas prova, no entendimento de Dias Toffoli, que a Constitui\u00e7\u00e3o \u00e9 viva. &ldquo;Ela previu mecanismos de atualiza\u00e7\u00e3o tanto do ponto de vista formal, pelo pr\u00f3prio parlamento, quanto do ponto de vista da jurisprud\u00eancia do STF, que foi dando cada vez mais efetividade \u00e0s garantias. Ela se permitiu ser modernizada&rdquo;, destacou.<\/p>\n<p>O ministro lembra que o Brasil tem um hist\u00f3rico de rupturas que sempre demandavam novas constitui\u00e7\u00f5es. &ldquo;Fazer uma Constituinte \u00e9 refundar o Estado, mas n\u00e3o podemos estar refundando o Estado a todo momento. O que \u00e9 preciso \u00e9 que a Constitui\u00e7\u00e3o possa ser atualizada&rdquo;.<\/p>\n<p><b>Desafios<\/b><\/p>\n<p>Para o presidente do STF, o grande desafio que a Constitui\u00e7\u00e3o Federal tem hoje \u00e9 o de se renovar em aspectos que permitam o crescimento econ\u00f4mico e a responsabilidade fiscal. E, a seu ver, nessa \u00faltima se inclui uma reforma da Previd\u00eancia. &ldquo;Temos de ter consci\u00eancia de que chegou o momento de repensar esse tema, at\u00e9 porque a expectativa dos brasileiros, tamb\u00e9m gra\u00e7as a essa Constitui\u00e7\u00e3o, aumentou&rdquo;, observa. &ldquo;\u00c9 necess\u00e1rio que, do ponto de vista fiscal, o sistema tenha sustentabilidade para que as gera\u00e7\u00f5es futuras venham a conseguir ter uma aposentadoria digna&rdquo;.<\/p>\n<p><span style=\"font-size: smaller\">CF\/EH<\/span><br \/>\n&nbsp;<\/p>\n<p><i>Com informa\u00e7\u00f5es da assessoria de imprensa do STF.<\/i><br \/>\n<br \/><br \/>\n<br \/><a href=\"http:\/\/www.stf.jus.br\/portal\/cms\/verNoticiaDetalhe.asp?idConteudo=391955\">Fonte<\/a><\/p>\n","protected":false},"excerpt":{"rendered":"<p>Para o presidente do Supremo Tribunal Federal, ministro Dias Toffoli, o principal m\u00e9rito da Constitui\u00e7\u00e3o&nbsp;de 1988, que completa 30 anos nesta sexta-feira (5), \u00e9 ter sido fruto da participa\u00e7\u00e3o popular, por meio de seus representantes, e da sociedade civil, por meio das emendas populares. &ldquo;A Constitui\u00e7\u00e3o foi escrita pelo povo&rdquo;, afirma. &ldquo;\u00c9 um contraponto para [&hellip;]<\/p>\n","protected":false},"author":3063,"featured_media":1595,"comment_status":"open","ping_status":"open","sticky":false,"template":"","format":"standard","meta":{"footnotes":""},"categories":[5,15],"tags":[11,10,8,13,9,12,16],"class_list":{"0":"post-3258","1":"post","2":"type-post","3":"status-publish","4":"format-standard","5":"has-post-thumbnail","7":"category-previdenciario","8":"category-stf","9":"tag-aposentadoria","10":"tag-calculos-previdenciarios","11":"tag-direito-previdenciario","12":"tag-inss","13":"tag-pericia","14":"tag-perito","15":"tag-stf"},"yoast_head":"<!-- This site is optimized with the Yoast SEO plugin v27.2 - https:\/\/yoast.com\/product\/yoast-seo-wordpress\/ -->\n<title>STF: CF 30 anos: Uma Constitui\u00e7\u00e3o feita por intelectuais n\u00e3o seria melhor do que a de 1988, afirma presidente do STF | Portal de Not\u00edcias<\/title>\n<meta name=\"robots\" content=\"index, follow, max-snippet:-1, max-image-preview:large, max-video-preview:-1\" \/>\n<link rel=\"canonical\" href=\"https:\/\/mhcalculos.com.br\/noticias\/area\/previdenciario\/stf-cf-30-anos-uma-constituicao-feita-por-intelectuais-nao-seria-melhor-do-que-a-de-1988-afirma-presidente-do-stf.html\" \/>\n<meta property=\"og:locale\" content=\"pt_BR\" \/>\n<meta property=\"og:type\" content=\"article\" \/>\n<meta property=\"og:title\" content=\"STF: CF 30 anos: Uma Constitui\u00e7\u00e3o feita por intelectuais n\u00e3o seria melhor do que a de 1988, afirma presidente do STF | Portal de Not\u00edcias\" \/>\n<meta property=\"og:description\" content=\"Para o presidente do Supremo Tribunal Federal, ministro Dias Toffoli, o principal m\u00e9rito da Constitui\u00e7\u00e3o&nbsp;de 1988, que completa 30 anos nesta sexta-feira (5), \u00e9 ter sido fruto da participa\u00e7\u00e3o popular, por meio de seus representantes, e da sociedade civil, por meio das emendas populares. &ldquo;A Constitui\u00e7\u00e3o foi escrita pelo povo&rdquo;, afirma. &ldquo;\u00c9 um contraponto para [&hellip;]\" \/>\n<meta property=\"og:url\" content=\"https:\/\/mhcalculos.com.br\/noticias\/area\/previdenciario\/stf-cf-30-anos-uma-constituicao-feita-por-intelectuais-nao-seria-melhor-do-que-a-de-1988-afirma-presidente-do-stf.html\" \/>\n<meta property=\"og:site_name\" content=\"Portal de Not\u00edcias\" \/>\n<meta property=\"article:published_time\" content=\"2018-10-09T10:00:09+00:00\" \/>\n<meta property=\"article:modified_time\" content=\"2021-07-28T17:34:00+00:00\" \/>\n<meta property=\"og:image\" content=\"https:\/\/mhcalculos.com.br\/noticias\/wp-content\/uploads\/sites\/2\/2018\/06\/judiciario-0034.jpg\" \/>\n\t<meta property=\"og:image:width\" content=\"2000\" \/>\n\t<meta property=\"og:image:height\" content=\"800\" \/>\n\t<meta property=\"og:image:type\" content=\"image\/jpeg\" \/>\n<meta name=\"author\" content=\"Equipe MH\" \/>\n<meta name=\"twitter:card\" content=\"summary_large_image\" \/>\n<meta name=\"twitter:label1\" content=\"Escrito por\" \/>\n\t<meta name=\"twitter:data1\" content=\"Equipe MH\" \/>\n\t<meta name=\"twitter:label2\" content=\"Est. tempo de leitura\" \/>\n\t<meta name=\"twitter:data2\" content=\"4 minutos\" \/>\n<script type=\"application\/ld+json\" class=\"yoast-schema-graph\">{\"@context\":\"https:\/\/schema.org\",\"@graph\":[{\"@type\":\"Article\",\"@id\":\"https:\/\/mhcalculos.com.br\/noticias\/area\/previdenciario\/stf-cf-30-anos-uma-constituicao-feita-por-intelectuais-nao-seria-melhor-do-que-a-de-1988-afirma-presidente-do-stf.html#article\",\"isPartOf\":{\"@id\":\"https:\/\/mhcalculos.com.br\/noticias\/area\/previdenciario\/stf-cf-30-anos-uma-constituicao-feita-por-intelectuais-nao-seria-melhor-do-que-a-de-1988-afirma-presidente-do-stf.html\"},\"author\":{\"name\":\"Equipe MH\",\"@id\":\"https:\/\/mhcalculos.com.br\/noticias\/#\/schema\/person\/88d1c34bf72dc779ea14a5a6b8e0ae8d\"},\"headline\":\"STF: CF 30 anos: Uma Constitui\u00e7\u00e3o feita por intelectuais n\u00e3o seria melhor do que a de 1988, afirma presidente do STF\",\"datePublished\":\"2018-10-09T10:00:09+00:00\",\"dateModified\":\"2021-07-28T17:34:00+00:00\",\"mainEntityOfPage\":{\"@id\":\"https:\/\/mhcalculos.com.br\/noticias\/area\/previdenciario\/stf-cf-30-anos-uma-constituicao-feita-por-intelectuais-nao-seria-melhor-do-que-a-de-1988-afirma-presidente-do-stf.html\"},\"wordCount\":847,\"commentCount\":0,\"image\":{\"@id\":\"https:\/\/mhcalculos.com.br\/noticias\/area\/previdenciario\/stf-cf-30-anos-uma-constituicao-feita-por-intelectuais-nao-seria-melhor-do-que-a-de-1988-afirma-presidente-do-stf.html#primaryimage\"},\"thumbnailUrl\":\"https:\/\/mhcalculos.com.br\/noticias\/wp-content\/uploads\/sites\/2\/2018\/06\/judiciario-0034.jpg\",\"keywords\":[\"aposentadoria\",\"c\u00e1lculos previdenci\u00e1rios\",\"direito previdenci\u00e1rio\",\"inss\",\"per\u00edcia\",\"perito\",\"stf\"],\"articleSection\":[\"Direito Previdenci\u00e1rio\",\"STF\"],\"inLanguage\":\"pt-BR\",\"potentialAction\":[{\"@type\":\"CommentAction\",\"name\":\"Comment\",\"target\":[\"https:\/\/mhcalculos.com.br\/noticias\/area\/previdenciario\/stf-cf-30-anos-uma-constituicao-feita-por-intelectuais-nao-seria-melhor-do-que-a-de-1988-afirma-presidente-do-stf.html#respond\"]}]},{\"@type\":\"WebPage\",\"@id\":\"https:\/\/mhcalculos.com.br\/noticias\/area\/previdenciario\/stf-cf-30-anos-uma-constituicao-feita-por-intelectuais-nao-seria-melhor-do-que-a-de-1988-afirma-presidente-do-stf.html\",\"url\":\"https:\/\/mhcalculos.com.br\/noticias\/area\/previdenciario\/stf-cf-30-anos-uma-constituicao-feita-por-intelectuais-nao-seria-melhor-do-que-a-de-1988-afirma-presidente-do-stf.html\",\"name\":\"STF: CF 30 anos: Uma Constitui\u00e7\u00e3o feita por intelectuais n\u00e3o seria melhor do que a de 1988, afirma presidente do STF | Portal de Not\u00edcias\",\"isPartOf\":{\"@id\":\"https:\/\/mhcalculos.com.br\/noticias\/#website\"},\"primaryImageOfPage\":{\"@id\":\"https:\/\/mhcalculos.com.br\/noticias\/area\/previdenciario\/stf-cf-30-anos-uma-constituicao-feita-por-intelectuais-nao-seria-melhor-do-que-a-de-1988-afirma-presidente-do-stf.html#primaryimage\"},\"image\":{\"@id\":\"https:\/\/mhcalculos.com.br\/noticias\/area\/previdenciario\/stf-cf-30-anos-uma-constituicao-feita-por-intelectuais-nao-seria-melhor-do-que-a-de-1988-afirma-presidente-do-stf.html#primaryimage\"},\"thumbnailUrl\":\"https:\/\/mhcalculos.com.br\/noticias\/wp-content\/uploads\/sites\/2\/2018\/06\/judiciario-0034.jpg\",\"datePublished\":\"2018-10-09T10:00:09+00:00\",\"dateModified\":\"2021-07-28T17:34:00+00:00\",\"author\":{\"@id\":\"https:\/\/mhcalculos.com.br\/noticias\/#\/schema\/person\/88d1c34bf72dc779ea14a5a6b8e0ae8d\"},\"breadcrumb\":{\"@id\":\"https:\/\/mhcalculos.com.br\/noticias\/area\/previdenciario\/stf-cf-30-anos-uma-constituicao-feita-por-intelectuais-nao-seria-melhor-do-que-a-de-1988-afirma-presidente-do-stf.html#breadcrumb\"},\"inLanguage\":\"pt-BR\",\"potentialAction\":[{\"@type\":\"ReadAction\",\"target\":[\"https:\/\/mhcalculos.com.br\/noticias\/area\/previdenciario\/stf-cf-30-anos-uma-constituicao-feita-por-intelectuais-nao-seria-melhor-do-que-a-de-1988-afirma-presidente-do-stf.html\"]}]},{\"@type\":\"ImageObject\",\"inLanguage\":\"pt-BR\",\"@id\":\"https:\/\/mhcalculos.com.br\/noticias\/area\/previdenciario\/stf-cf-30-anos-uma-constituicao-feita-por-intelectuais-nao-seria-melhor-do-que-a-de-1988-afirma-presidente-do-stf.html#primaryimage\",\"url\":\"https:\/\/mhcalculos.com.br\/noticias\/wp-content\/uploads\/sites\/2\/2018\/06\/judiciario-0034.jpg\",\"contentUrl\":\"https:\/\/mhcalculos.com.br\/noticias\/wp-content\/uploads\/sites\/2\/2018\/06\/judiciario-0034.jpg\",\"width\":2000,\"height\":800},{\"@type\":\"BreadcrumbList\",\"@id\":\"https:\/\/mhcalculos.com.br\/noticias\/area\/previdenciario\/stf-cf-30-anos-uma-constituicao-feita-por-intelectuais-nao-seria-melhor-do-que-a-de-1988-afirma-presidente-do-stf.html#breadcrumb\",\"itemListElement\":[{\"@type\":\"ListItem\",\"position\":1,\"name\":\"In\u00edcio\",\"item\":\"https:\/\/mhcalculos.com.br\/noticias\/\"},{\"@type\":\"ListItem\",\"position\":2,\"name\":\"STF: CF 30 anos: Uma Constitui\u00e7\u00e3o feita por intelectuais n\u00e3o seria melhor do que a de 1988, afirma presidente do STF\"}]},{\"@type\":\"WebSite\",\"@id\":\"https:\/\/mhcalculos.com.br\/noticias\/#website\",\"url\":\"https:\/\/mhcalculos.com.br\/noticias\/\",\"name\":\"Portal de Not\u00edcias\",\"description\":\"Not\u00edcias e Jurisprud\u00eancia\",\"potentialAction\":[{\"@type\":\"SearchAction\",\"target\":{\"@type\":\"EntryPoint\",\"urlTemplate\":\"https:\/\/mhcalculos.com.br\/noticias\/?s={search_term_string}\"},\"query-input\":{\"@type\":\"PropertyValueSpecification\",\"valueRequired\":true,\"valueName\":\"search_term_string\"}}],\"inLanguage\":\"pt-BR\"},{\"@type\":\"Person\",\"@id\":\"https:\/\/mhcalculos.com.br\/noticias\/#\/schema\/person\/88d1c34bf72dc779ea14a5a6b8e0ae8d\",\"name\":\"Equipe MH\",\"image\":{\"@type\":\"ImageObject\",\"inLanguage\":\"pt-BR\",\"@id\":\"https:\/\/secure.gravatar.com\/avatar\/de1c686c2ecc9c5a3f327e3431d819eb39f8f05d4e1045f5a1caad6daaba987f?s=96&d=mm&r=g\",\"url\":\"https:\/\/secure.gravatar.com\/avatar\/de1c686c2ecc9c5a3f327e3431d819eb39f8f05d4e1045f5a1caad6daaba987f?s=96&d=mm&r=g\",\"contentUrl\":\"https:\/\/secure.gravatar.com\/avatar\/de1c686c2ecc9c5a3f327e3431d819eb39f8f05d4e1045f5a1caad6daaba987f?s=96&d=mm&r=g\",\"caption\":\"Equipe MH\"}}]}<\/script>\n<!-- \/ Yoast SEO plugin. -->","yoast_head_json":{"title":"STF: CF 30 anos: Uma Constitui\u00e7\u00e3o feita por intelectuais n\u00e3o seria melhor do que a de 1988, afirma presidente do STF | Portal de Not\u00edcias","robots":{"index":"index","follow":"follow","max-snippet":"max-snippet:-1","max-image-preview":"max-image-preview:large","max-video-preview":"max-video-preview:-1"},"canonical":"https:\/\/mhcalculos.com.br\/noticias\/area\/previdenciario\/stf-cf-30-anos-uma-constituicao-feita-por-intelectuais-nao-seria-melhor-do-que-a-de-1988-afirma-presidente-do-stf.html","og_locale":"pt_BR","og_type":"article","og_title":"STF: CF 30 anos: Uma Constitui\u00e7\u00e3o feita por intelectuais n\u00e3o seria melhor do que a de 1988, afirma presidente do STF | Portal de Not\u00edcias","og_description":"Para o presidente do Supremo Tribunal Federal, ministro Dias Toffoli, o principal m\u00e9rito da Constitui\u00e7\u00e3o&nbsp;de 1988, que completa 30 anos nesta sexta-feira (5), \u00e9 ter sido fruto da participa\u00e7\u00e3o popular, por meio de seus representantes, e da sociedade civil, por meio das emendas populares. &ldquo;A Constitui\u00e7\u00e3o foi escrita pelo povo&rdquo;, afirma. &ldquo;\u00c9 um contraponto para [&hellip;]","og_url":"https:\/\/mhcalculos.com.br\/noticias\/area\/previdenciario\/stf-cf-30-anos-uma-constituicao-feita-por-intelectuais-nao-seria-melhor-do-que-a-de-1988-afirma-presidente-do-stf.html","og_site_name":"Portal de Not\u00edcias","article_published_time":"2018-10-09T10:00:09+00:00","article_modified_time":"2021-07-28T17:34:00+00:00","og_image":[{"width":2000,"height":800,"url":"https:\/\/mhcalculos.com.br\/noticias\/wp-content\/uploads\/sites\/2\/2018\/06\/judiciario-0034.jpg","type":"image\/jpeg"}],"author":"Equipe MH","twitter_card":"summary_large_image","twitter_misc":{"Escrito por":"Equipe MH","Est. tempo de leitura":"4 minutos"},"schema":{"@context":"https:\/\/schema.org","@graph":[{"@type":"Article","@id":"https:\/\/mhcalculos.com.br\/noticias\/area\/previdenciario\/stf-cf-30-anos-uma-constituicao-feita-por-intelectuais-nao-seria-melhor-do-que-a-de-1988-afirma-presidente-do-stf.html#article","isPartOf":{"@id":"https:\/\/mhcalculos.com.br\/noticias\/area\/previdenciario\/stf-cf-30-anos-uma-constituicao-feita-por-intelectuais-nao-seria-melhor-do-que-a-de-1988-afirma-presidente-do-stf.html"},"author":{"name":"Equipe MH","@id":"https:\/\/mhcalculos.com.br\/noticias\/#\/schema\/person\/88d1c34bf72dc779ea14a5a6b8e0ae8d"},"headline":"STF: CF 30 anos: Uma Constitui\u00e7\u00e3o feita por intelectuais n\u00e3o seria melhor do que a de 1988, afirma presidente do STF","datePublished":"2018-10-09T10:00:09+00:00","dateModified":"2021-07-28T17:34:00+00:00","mainEntityOfPage":{"@id":"https:\/\/mhcalculos.com.br\/noticias\/area\/previdenciario\/stf-cf-30-anos-uma-constituicao-feita-por-intelectuais-nao-seria-melhor-do-que-a-de-1988-afirma-presidente-do-stf.html"},"wordCount":847,"commentCount":0,"image":{"@id":"https:\/\/mhcalculos.com.br\/noticias\/area\/previdenciario\/stf-cf-30-anos-uma-constituicao-feita-por-intelectuais-nao-seria-melhor-do-que-a-de-1988-afirma-presidente-do-stf.html#primaryimage"},"thumbnailUrl":"https:\/\/mhcalculos.com.br\/noticias\/wp-content\/uploads\/sites\/2\/2018\/06\/judiciario-0034.jpg","keywords":["aposentadoria","c\u00e1lculos previdenci\u00e1rios","direito previdenci\u00e1rio","inss","per\u00edcia","perito","stf"],"articleSection":["Direito Previdenci\u00e1rio","STF"],"inLanguage":"pt-BR","potentialAction":[{"@type":"CommentAction","name":"Comment","target":["https:\/\/mhcalculos.com.br\/noticias\/area\/previdenciario\/stf-cf-30-anos-uma-constituicao-feita-por-intelectuais-nao-seria-melhor-do-que-a-de-1988-afirma-presidente-do-stf.html#respond"]}]},{"@type":"WebPage","@id":"https:\/\/mhcalculos.com.br\/noticias\/area\/previdenciario\/stf-cf-30-anos-uma-constituicao-feita-por-intelectuais-nao-seria-melhor-do-que-a-de-1988-afirma-presidente-do-stf.html","url":"https:\/\/mhcalculos.com.br\/noticias\/area\/previdenciario\/stf-cf-30-anos-uma-constituicao-feita-por-intelectuais-nao-seria-melhor-do-que-a-de-1988-afirma-presidente-do-stf.html","name":"STF: CF 30 anos: Uma Constitui\u00e7\u00e3o feita por intelectuais n\u00e3o seria melhor do que a de 1988, afirma presidente do STF | Portal de Not\u00edcias","isPartOf":{"@id":"https:\/\/mhcalculos.com.br\/noticias\/#website"},"primaryImageOfPage":{"@id":"https:\/\/mhcalculos.com.br\/noticias\/area\/previdenciario\/stf-cf-30-anos-uma-constituicao-feita-por-intelectuais-nao-seria-melhor-do-que-a-de-1988-afirma-presidente-do-stf.html#primaryimage"},"image":{"@id":"https:\/\/mhcalculos.com.br\/noticias\/area\/previdenciario\/stf-cf-30-anos-uma-constituicao-feita-por-intelectuais-nao-seria-melhor-do-que-a-de-1988-afirma-presidente-do-stf.html#primaryimage"},"thumbnailUrl":"https:\/\/mhcalculos.com.br\/noticias\/wp-content\/uploads\/sites\/2\/2018\/06\/judiciario-0034.jpg","datePublished":"2018-10-09T10:00:09+00:00","dateModified":"2021-07-28T17:34:00+00:00","author":{"@id":"https:\/\/mhcalculos.com.br\/noticias\/#\/schema\/person\/88d1c34bf72dc779ea14a5a6b8e0ae8d"},"breadcrumb":{"@id":"https:\/\/mhcalculos.com.br\/noticias\/area\/previdenciario\/stf-cf-30-anos-uma-constituicao-feita-por-intelectuais-nao-seria-melhor-do-que-a-de-1988-afirma-presidente-do-stf.html#breadcrumb"},"inLanguage":"pt-BR","potentialAction":[{"@type":"ReadAction","target":["https:\/\/mhcalculos.com.br\/noticias\/area\/previdenciario\/stf-cf-30-anos-uma-constituicao-feita-por-intelectuais-nao-seria-melhor-do-que-a-de-1988-afirma-presidente-do-stf.html"]}]},{"@type":"ImageObject","inLanguage":"pt-BR","@id":"https:\/\/mhcalculos.com.br\/noticias\/area\/previdenciario\/stf-cf-30-anos-uma-constituicao-feita-por-intelectuais-nao-seria-melhor-do-que-a-de-1988-afirma-presidente-do-stf.html#primaryimage","url":"https:\/\/mhcalculos.com.br\/noticias\/wp-content\/uploads\/sites\/2\/2018\/06\/judiciario-0034.jpg","contentUrl":"https:\/\/mhcalculos.com.br\/noticias\/wp-content\/uploads\/sites\/2\/2018\/06\/judiciario-0034.jpg","width":2000,"height":800},{"@type":"BreadcrumbList","@id":"https:\/\/mhcalculos.com.br\/noticias\/area\/previdenciario\/stf-cf-30-anos-uma-constituicao-feita-por-intelectuais-nao-seria-melhor-do-que-a-de-1988-afirma-presidente-do-stf.html#breadcrumb","itemListElement":[{"@type":"ListItem","position":1,"name":"In\u00edcio","item":"https:\/\/mhcalculos.com.br\/noticias\/"},{"@type":"ListItem","position":2,"name":"STF: CF 30 anos: Uma Constitui\u00e7\u00e3o feita por intelectuais n\u00e3o seria melhor do que a de 1988, afirma presidente do STF"}]},{"@type":"WebSite","@id":"https:\/\/mhcalculos.com.br\/noticias\/#website","url":"https:\/\/mhcalculos.com.br\/noticias\/","name":"Portal de Not\u00edcias","description":"Not\u00edcias e Jurisprud\u00eancia","potentialAction":[{"@type":"SearchAction","target":{"@type":"EntryPoint","urlTemplate":"https:\/\/mhcalculos.com.br\/noticias\/?s={search_term_string}"},"query-input":{"@type":"PropertyValueSpecification","valueRequired":true,"valueName":"search_term_string"}}],"inLanguage":"pt-BR"},{"@type":"Person","@id":"https:\/\/mhcalculos.com.br\/noticias\/#\/schema\/person\/88d1c34bf72dc779ea14a5a6b8e0ae8d","name":"Equipe MH","image":{"@type":"ImageObject","inLanguage":"pt-BR","@id":"https:\/\/secure.gravatar.com\/avatar\/de1c686c2ecc9c5a3f327e3431d819eb39f8f05d4e1045f5a1caad6daaba987f?s=96&d=mm&r=g","url":"https:\/\/secure.gravatar.com\/avatar\/de1c686c2ecc9c5a3f327e3431d819eb39f8f05d4e1045f5a1caad6daaba987f?s=96&d=mm&r=g","contentUrl":"https:\/\/secure.gravatar.com\/avatar\/de1c686c2ecc9c5a3f327e3431d819eb39f8f05d4e1045f5a1caad6daaba987f?s=96&d=mm&r=g","caption":"Equipe MH"}}]}},"_links":{"self":[{"href":"https:\/\/mhcalculos.com.br\/noticias\/wp-json\/wp\/v2\/posts\/3258","targetHints":{"allow":["GET"]}}],"collection":[{"href":"https:\/\/mhcalculos.com.br\/noticias\/wp-json\/wp\/v2\/posts"}],"about":[{"href":"https:\/\/mhcalculos.com.br\/noticias\/wp-json\/wp\/v2\/types\/post"}],"author":[{"embeddable":true,"href":"https:\/\/mhcalculos.com.br\/noticias\/wp-json\/wp\/v2\/users\/3063"}],"replies":[{"embeddable":true,"href":"https:\/\/mhcalculos.com.br\/noticias\/wp-json\/wp\/v2\/comments?post=3258"}],"version-history":[{"count":1,"href":"https:\/\/mhcalculos.com.br\/noticias\/wp-json\/wp\/v2\/posts\/3258\/revisions"}],"predecessor-version":[{"id":10202,"href":"https:\/\/mhcalculos.com.br\/noticias\/wp-json\/wp\/v2\/posts\/3258\/revisions\/10202"}],"wp:featuredmedia":[{"embeddable":true,"href":"https:\/\/mhcalculos.com.br\/noticias\/wp-json\/wp\/v2\/media\/1595"}],"wp:attachment":[{"href":"https:\/\/mhcalculos.com.br\/noticias\/wp-json\/wp\/v2\/media?parent=3258"}],"wp:term":[{"taxonomy":"category","embeddable":true,"href":"https:\/\/mhcalculos.com.br\/noticias\/wp-json\/wp\/v2\/categories?post=3258"},{"taxonomy":"post_tag","embeddable":true,"href":"https:\/\/mhcalculos.com.br\/noticias\/wp-json\/wp\/v2\/tags?post=3258"}],"curies":[{"name":"wp","href":"https:\/\/api.w.org\/{rel}","templated":true}]}}