{"id":3256,"date":"2018-10-03T18:24:00","date_gmt":"2018-10-03T21:24:00","guid":{"rendered":"https:\/\/mhcalculos.com.br\/noticias\/2018\/10\/03\/tst-nota-da-corregedoria-geral-da-justica-do-trabalho\/"},"modified":"2021-07-28T14:34:00","modified_gmt":"2021-07-28T17:34:00","slug":"tst-nota-da-corregedoria-geral-da-justica-do-trabalho","status":"publish","type":"post","link":"https:\/\/mhcalculos.com.br\/noticias\/area\/trabalhista\/tst-nota-da-corregedoria-geral-da-justica-do-trabalho.html","title":{"rendered":"TST: Nota da Corregedoria-Geral da Justi\u00e7a do Trabalho"},"content":{"rendered":"<p><br \/>\n  <\/p>\n<p ><em>Em decis\u00e3o, ministro aponta os limites da compet\u00eancia da CGJT.<\/em><\/p>\n<p >Em rela\u00e7\u00e3o \u00e0 not\u00edcia \u201c<a href=\"https:\/\/www.conjur.com.br\/2018-out-01\/empresa-recorre-cnj-acusacao-fraude-justica-trabalho\" target=\"_blank\" rel=\"noopener\">Empresa recorre ao CNJ em acusa\u00e7\u00e3o de fraude na Justi\u00e7a do Trabalho<\/a>\u201d, publicada no portal Consultor Jur\u00eddico (Conjur) em 1\u00ba\/10, a Corregedoria-Geral da Justi\u00e7a do Trabalho presta os seguintes esclarecimentos.<\/p>\n<p ><strong>Correi\u00e7\u00e3o parcial<\/strong><\/p>\n<p >Em 11\/7\/2018, a OPTR2 Empreendimentos Ltda. apresentou pedido de correi\u00e7\u00e3o parcial contra alegada omiss\u00e3o do juiz da 2\u00aa Vara do Trabalho de S\u00e3o Paulo (SP), que teria deixado de apreciar pedido formulado pela empresa na fase de execu\u00e7\u00e3o de reclama\u00e7\u00e3o trabalhista na qual consta como parte. Segundo a empresa, o pedido exporia \u201crelevantes e graves fatos novos revelados por prova superveniente\u201d, e a omiss\u00e3o do magistrado impediria o acolhimento do pedido de extin\u00e7\u00e3o da execu\u00e7\u00e3o, em que atua como terceiro prejudicado e possui um bem de alto valor penhorado.<\/p>\n<p ><strong>Compet\u00eancia da CGJT<\/strong><\/p>\n<p >Em 24\/7, o corregedor-geral da Justi\u00e7a do Trabalho, ministro Lelio Bentes Corr\u00eaa, indeferiu a peti\u00e7\u00e3o inicial da correi\u00e7\u00e3o parcial apresentada pela OPTR2, por ser incab\u00edvel. Os fundamentos adotados na decis\u00e3o est\u00e3o explicitados a seguir.<\/p>\n<p >De acordo com o artigo 709, inciso II, da CLT, compete ao corregedor-geral da Justi\u00e7a do Trabalho &#8220;decidir reclama\u00e7\u00f5es contra os atos atentat\u00f3rios da boa ordem processual praticados pelos Tribunais Regionais e seus presidentes, quando inexistir recurso espec\u00edfico&#8221;.<\/p>\n<p >O artigo 6\u00ba do Regimento Interno da CGJT, por sua vez, define como atribui\u00e7\u00f5es do corregedor-geral \u201cdecidir Correi\u00e7\u00f5es Parciais contra atos atentat\u00f3rios \u00e0 boa ordem processual, praticados pelos Tribunais Regionais, seus Presidentes e Ju\u00edzes, quando inexistir recurso processual espec\u00edfico\u201d.<\/p>\n<p >O mesmo Regimento Interno da CGJT estabelece, no artigo 7\u00ba, inciso I, que a a\u00e7\u00e3o fiscalizadora do corregedor-geral \u00e9 circunscrita aos Tribunais Regionais do Trabalho, \u201cabrangendo todos os seus \u00f3rg\u00e3os, Presidentes, Ju\u00edzes Titulares e convocados&#8221;.<\/p>\n<p >Conclui-se, portanto, que o exame de correi\u00e7\u00e3o parcial que tem por objeto alegada omiss\u00e3o de magistrado de primeiro grau de jurisdi\u00e7\u00e3o n\u00e3o se insere na compet\u00eancia CGJT, mas na das corregedorias regionais.<\/p>\n<p >O corregedor-geral ressalta ainda que o requerimento feito pela empresa diz respeito a procedimentos adotados pelo juiz de primeiro grau que configuram quest\u00f5es jurisdicionais e, portanto, n\u00e3o podem ser discutidos perante a CGJT. Tanto \u00e9 assim que a pr\u00f3pria OPRT2 j\u00e1 usou meio processual pr\u00f3prio (mandado de seguran\u00e7a e embargos de terceiro) para discutir o tema perante o TRT da 2\u00aa Regi\u00e3o.<\/p>\n<p >Confira <a href=\"http:\/\/www.tst.jus.br\/documents\/10157\/2374827\/Decis%C3%A3oCGJT.pdf\/d0996610-9c26-46e8-72cd-f822e71a90f9\" target=\"_blank\" rel=\"noopener\"><strong>aqui<\/strong><\/a> \u00edntegra da decis\u00e3o.<\/p>\n<p > &nbsp;<\/p>\n<p>       <\/br><br \/>\n<br \/><i>Com informa\u00e7\u00f5es da assessoria de imprensa do TST.<\/i><br \/>\n<br \/><a href=\"http:\/\/www.tst.jus.br\/web\/guest\/noticias?p_p_id=89Dk&#038;p_p_lifecycle=0&#038;refererPlid=10730&#038;_89Dk_struts_action=%2Fjournal_content%2Fview&#038;_89Dk_groupId=10157&#038;_89Dk_articleId=24685338\">Fonte<\/a><br \/>\n<br \/><\/p>\n","protected":false},"excerpt":{"rendered":"<p>Em decis\u00e3o, ministro aponta os limites da compet\u00eancia da CGJT. Em rela\u00e7\u00e3o \u00e0 not\u00edcia \u201cEmpresa recorre ao CNJ em acusa\u00e7\u00e3o de fraude na Justi\u00e7a do Trabalho\u201d, publicada no portal Consultor Jur\u00eddico (Conjur) em 1\u00ba\/10, a Corregedoria-Geral da Justi\u00e7a do Trabalho presta os seguintes esclarecimentos. Correi\u00e7\u00e3o parcial Em 11\/7\/2018, a OPTR2 Empreendimentos Ltda. apresentou pedido de [&hellip;]<\/p>\n","protected":false},"author":3063,"featured_media":2025,"comment_status":"open","ping_status":"open","sticky":false,"template":"","format":"standard","meta":{"footnotes":""},"categories":[3,21],"tags":[33,216,9,12,217,215],"class_list":{"0":"post-3256","1":"post","2":"type-post","3":"status-publish","4":"format-standard","5":"has-post-thumbnail","7":"category-trabalhista","8":"category-tst","9":"tag-calculos-trabalhistas","10":"tag-direito-trabalhista","11":"tag-pericia","12":"tag-perito","13":"tag-trabalho","14":"tag-tst"},"yoast_head":"<!-- This site is optimized with the Yoast SEO plugin v27.2 - https:\/\/yoast.com\/product\/yoast-seo-wordpress\/ -->\n<title>TST: Nota da Corregedoria-Geral da Justi\u00e7a do Trabalho | Portal de Not\u00edcias<\/title>\n<meta name=\"robots\" content=\"index, follow, max-snippet:-1, max-image-preview:large, max-video-preview:-1\" \/>\n<link rel=\"canonical\" href=\"https:\/\/mhcalculos.com.br\/noticias\/area\/trabalhista\/tst-nota-da-corregedoria-geral-da-justica-do-trabalho.html\" \/>\n<meta property=\"og:locale\" content=\"pt_BR\" \/>\n<meta property=\"og:type\" content=\"article\" \/>\n<meta property=\"og:title\" content=\"TST: Nota da Corregedoria-Geral da Justi\u00e7a do Trabalho | Portal de Not\u00edcias\" \/>\n<meta property=\"og:description\" content=\"Em decis\u00e3o, ministro aponta os limites da compet\u00eancia da CGJT. Em rela\u00e7\u00e3o \u00e0 not\u00edcia \u201cEmpresa recorre ao CNJ em acusa\u00e7\u00e3o de fraude na Justi\u00e7a do Trabalho\u201d, publicada no portal Consultor Jur\u00eddico (Conjur) em 1\u00ba\/10, a Corregedoria-Geral da Justi\u00e7a do Trabalho presta os seguintes esclarecimentos. Correi\u00e7\u00e3o parcial Em 11\/7\/2018, a OPTR2 Empreendimentos Ltda. apresentou pedido de [&hellip;]\" \/>\n<meta property=\"og:url\" content=\"https:\/\/mhcalculos.com.br\/noticias\/area\/trabalhista\/tst-nota-da-corregedoria-geral-da-justica-do-trabalho.html\" \/>\n<meta property=\"og:site_name\" content=\"Portal de Not\u00edcias\" \/>\n<meta property=\"article:published_time\" content=\"2018-10-03T21:24:00+00:00\" \/>\n<meta property=\"article:modified_time\" content=\"2021-07-28T17:34:00+00:00\" \/>\n<meta property=\"og:image\" content=\"https:\/\/mhcalculos.com.br\/noticias\/wp-content\/uploads\/sites\/2\/2018\/06\/judiciario-0006.jpg\" \/>\n\t<meta property=\"og:image:width\" content=\"2000\" \/>\n\t<meta property=\"og:image:height\" content=\"800\" \/>\n\t<meta property=\"og:image:type\" content=\"image\/jpeg\" \/>\n<meta name=\"author\" content=\"Equipe MH\" \/>\n<meta name=\"twitter:card\" content=\"summary_large_image\" \/>\n<meta name=\"twitter:label1\" content=\"Escrito por\" \/>\n\t<meta name=\"twitter:data1\" content=\"Equipe MH\" \/>\n\t<meta name=\"twitter:label2\" content=\"Est. tempo de leitura\" \/>\n\t<meta name=\"twitter:data2\" content=\"2 minutos\" \/>\n<script type=\"application\/ld+json\" class=\"yoast-schema-graph\">{\"@context\":\"https:\/\/schema.org\",\"@graph\":[{\"@type\":\"Article\",\"@id\":\"https:\/\/mhcalculos.com.br\/noticias\/area\/trabalhista\/tst-nota-da-corregedoria-geral-da-justica-do-trabalho.html#article\",\"isPartOf\":{\"@id\":\"https:\/\/mhcalculos.com.br\/noticias\/area\/trabalhista\/tst-nota-da-corregedoria-geral-da-justica-do-trabalho.html\"},\"author\":{\"name\":\"Equipe MH\",\"@id\":\"https:\/\/mhcalculos.com.br\/noticias\/#\/schema\/person\/88d1c34bf72dc779ea14a5a6b8e0ae8d\"},\"headline\":\"TST: Nota da Corregedoria-Geral da Justi\u00e7a do Trabalho\",\"datePublished\":\"2018-10-03T21:24:00+00:00\",\"dateModified\":\"2021-07-28T17:34:00+00:00\",\"mainEntityOfPage\":{\"@id\":\"https:\/\/mhcalculos.com.br\/noticias\/area\/trabalhista\/tst-nota-da-corregedoria-geral-da-justica-do-trabalho.html\"},\"wordCount\":442,\"commentCount\":0,\"image\":{\"@id\":\"https:\/\/mhcalculos.com.br\/noticias\/area\/trabalhista\/tst-nota-da-corregedoria-geral-da-justica-do-trabalho.html#primaryimage\"},\"thumbnailUrl\":\"https:\/\/mhcalculos.com.br\/noticias\/wp-content\/uploads\/sites\/2\/2018\/06\/judiciario-0006.jpg\",\"keywords\":[\"c\u00e1lculos trabalhistas\",\"direito trabalhista\",\"per\u00edcia\",\"perito\",\"trabalho\",\"TST\"],\"articleSection\":[\"Direito Trabalhista\",\"TST\"],\"inLanguage\":\"pt-BR\",\"potentialAction\":[{\"@type\":\"CommentAction\",\"name\":\"Comment\",\"target\":[\"https:\/\/mhcalculos.com.br\/noticias\/area\/trabalhista\/tst-nota-da-corregedoria-geral-da-justica-do-trabalho.html#respond\"]}]},{\"@type\":\"WebPage\",\"@id\":\"https:\/\/mhcalculos.com.br\/noticias\/area\/trabalhista\/tst-nota-da-corregedoria-geral-da-justica-do-trabalho.html\",\"url\":\"https:\/\/mhcalculos.com.br\/noticias\/area\/trabalhista\/tst-nota-da-corregedoria-geral-da-justica-do-trabalho.html\",\"name\":\"TST: Nota da Corregedoria-Geral da Justi\u00e7a do Trabalho | Portal de Not\u00edcias\",\"isPartOf\":{\"@id\":\"https:\/\/mhcalculos.com.br\/noticias\/#website\"},\"primaryImageOfPage\":{\"@id\":\"https:\/\/mhcalculos.com.br\/noticias\/area\/trabalhista\/tst-nota-da-corregedoria-geral-da-justica-do-trabalho.html#primaryimage\"},\"image\":{\"@id\":\"https:\/\/mhcalculos.com.br\/noticias\/area\/trabalhista\/tst-nota-da-corregedoria-geral-da-justica-do-trabalho.html#primaryimage\"},\"thumbnailUrl\":\"https:\/\/mhcalculos.com.br\/noticias\/wp-content\/uploads\/sites\/2\/2018\/06\/judiciario-0006.jpg\",\"datePublished\":\"2018-10-03T21:24:00+00:00\",\"dateModified\":\"2021-07-28T17:34:00+00:00\",\"author\":{\"@id\":\"https:\/\/mhcalculos.com.br\/noticias\/#\/schema\/person\/88d1c34bf72dc779ea14a5a6b8e0ae8d\"},\"breadcrumb\":{\"@id\":\"https:\/\/mhcalculos.com.br\/noticias\/area\/trabalhista\/tst-nota-da-corregedoria-geral-da-justica-do-trabalho.html#breadcrumb\"},\"inLanguage\":\"pt-BR\",\"potentialAction\":[{\"@type\":\"ReadAction\",\"target\":[\"https:\/\/mhcalculos.com.br\/noticias\/area\/trabalhista\/tst-nota-da-corregedoria-geral-da-justica-do-trabalho.html\"]}]},{\"@type\":\"ImageObject\",\"inLanguage\":\"pt-BR\",\"@id\":\"https:\/\/mhcalculos.com.br\/noticias\/area\/trabalhista\/tst-nota-da-corregedoria-geral-da-justica-do-trabalho.html#primaryimage\",\"url\":\"https:\/\/mhcalculos.com.br\/noticias\/wp-content\/uploads\/sites\/2\/2018\/06\/judiciario-0006.jpg\",\"contentUrl\":\"https:\/\/mhcalculos.com.br\/noticias\/wp-content\/uploads\/sites\/2\/2018\/06\/judiciario-0006.jpg\",\"width\":2000,\"height\":800},{\"@type\":\"BreadcrumbList\",\"@id\":\"https:\/\/mhcalculos.com.br\/noticias\/area\/trabalhista\/tst-nota-da-corregedoria-geral-da-justica-do-trabalho.html#breadcrumb\",\"itemListElement\":[{\"@type\":\"ListItem\",\"position\":1,\"name\":\"In\u00edcio\",\"item\":\"https:\/\/mhcalculos.com.br\/noticias\/\"},{\"@type\":\"ListItem\",\"position\":2,\"name\":\"TST: Nota da Corregedoria-Geral da Justi\u00e7a do Trabalho\"}]},{\"@type\":\"WebSite\",\"@id\":\"https:\/\/mhcalculos.com.br\/noticias\/#website\",\"url\":\"https:\/\/mhcalculos.com.br\/noticias\/\",\"name\":\"Portal de Not\u00edcias\",\"description\":\"Not\u00edcias e Jurisprud\u00eancia\",\"potentialAction\":[{\"@type\":\"SearchAction\",\"target\":{\"@type\":\"EntryPoint\",\"urlTemplate\":\"https:\/\/mhcalculos.com.br\/noticias\/?s={search_term_string}\"},\"query-input\":{\"@type\":\"PropertyValueSpecification\",\"valueRequired\":true,\"valueName\":\"search_term_string\"}}],\"inLanguage\":\"pt-BR\"},{\"@type\":\"Person\",\"@id\":\"https:\/\/mhcalculos.com.br\/noticias\/#\/schema\/person\/88d1c34bf72dc779ea14a5a6b8e0ae8d\",\"name\":\"Equipe MH\",\"image\":{\"@type\":\"ImageObject\",\"inLanguage\":\"pt-BR\",\"@id\":\"https:\/\/secure.gravatar.com\/avatar\/de1c686c2ecc9c5a3f327e3431d819eb39f8f05d4e1045f5a1caad6daaba987f?s=96&d=mm&r=g\",\"url\":\"https:\/\/secure.gravatar.com\/avatar\/de1c686c2ecc9c5a3f327e3431d819eb39f8f05d4e1045f5a1caad6daaba987f?s=96&d=mm&r=g\",\"contentUrl\":\"https:\/\/secure.gravatar.com\/avatar\/de1c686c2ecc9c5a3f327e3431d819eb39f8f05d4e1045f5a1caad6daaba987f?s=96&d=mm&r=g\",\"caption\":\"Equipe MH\"}}]}<\/script>\n<!-- \/ Yoast SEO plugin. -->","yoast_head_json":{"title":"TST: Nota da Corregedoria-Geral da Justi\u00e7a do Trabalho | Portal de Not\u00edcias","robots":{"index":"index","follow":"follow","max-snippet":"max-snippet:-1","max-image-preview":"max-image-preview:large","max-video-preview":"max-video-preview:-1"},"canonical":"https:\/\/mhcalculos.com.br\/noticias\/area\/trabalhista\/tst-nota-da-corregedoria-geral-da-justica-do-trabalho.html","og_locale":"pt_BR","og_type":"article","og_title":"TST: Nota da Corregedoria-Geral da Justi\u00e7a do Trabalho | Portal de Not\u00edcias","og_description":"Em decis\u00e3o, ministro aponta os limites da compet\u00eancia da CGJT. Em rela\u00e7\u00e3o \u00e0 not\u00edcia \u201cEmpresa recorre ao CNJ em acusa\u00e7\u00e3o de fraude na Justi\u00e7a do Trabalho\u201d, publicada no portal Consultor Jur\u00eddico (Conjur) em 1\u00ba\/10, a Corregedoria-Geral da Justi\u00e7a do Trabalho presta os seguintes esclarecimentos. Correi\u00e7\u00e3o parcial Em 11\/7\/2018, a OPTR2 Empreendimentos Ltda. apresentou pedido de [&hellip;]","og_url":"https:\/\/mhcalculos.com.br\/noticias\/area\/trabalhista\/tst-nota-da-corregedoria-geral-da-justica-do-trabalho.html","og_site_name":"Portal de Not\u00edcias","article_published_time":"2018-10-03T21:24:00+00:00","article_modified_time":"2021-07-28T17:34:00+00:00","og_image":[{"width":2000,"height":800,"url":"https:\/\/mhcalculos.com.br\/noticias\/wp-content\/uploads\/sites\/2\/2018\/06\/judiciario-0006.jpg","type":"image\/jpeg"}],"author":"Equipe MH","twitter_card":"summary_large_image","twitter_misc":{"Escrito por":"Equipe MH","Est. tempo de leitura":"2 minutos"},"schema":{"@context":"https:\/\/schema.org","@graph":[{"@type":"Article","@id":"https:\/\/mhcalculos.com.br\/noticias\/area\/trabalhista\/tst-nota-da-corregedoria-geral-da-justica-do-trabalho.html#article","isPartOf":{"@id":"https:\/\/mhcalculos.com.br\/noticias\/area\/trabalhista\/tst-nota-da-corregedoria-geral-da-justica-do-trabalho.html"},"author":{"name":"Equipe MH","@id":"https:\/\/mhcalculos.com.br\/noticias\/#\/schema\/person\/88d1c34bf72dc779ea14a5a6b8e0ae8d"},"headline":"TST: Nota da Corregedoria-Geral da Justi\u00e7a do Trabalho","datePublished":"2018-10-03T21:24:00+00:00","dateModified":"2021-07-28T17:34:00+00:00","mainEntityOfPage":{"@id":"https:\/\/mhcalculos.com.br\/noticias\/area\/trabalhista\/tst-nota-da-corregedoria-geral-da-justica-do-trabalho.html"},"wordCount":442,"commentCount":0,"image":{"@id":"https:\/\/mhcalculos.com.br\/noticias\/area\/trabalhista\/tst-nota-da-corregedoria-geral-da-justica-do-trabalho.html#primaryimage"},"thumbnailUrl":"https:\/\/mhcalculos.com.br\/noticias\/wp-content\/uploads\/sites\/2\/2018\/06\/judiciario-0006.jpg","keywords":["c\u00e1lculos trabalhistas","direito trabalhista","per\u00edcia","perito","trabalho","TST"],"articleSection":["Direito Trabalhista","TST"],"inLanguage":"pt-BR","potentialAction":[{"@type":"CommentAction","name":"Comment","target":["https:\/\/mhcalculos.com.br\/noticias\/area\/trabalhista\/tst-nota-da-corregedoria-geral-da-justica-do-trabalho.html#respond"]}]},{"@type":"WebPage","@id":"https:\/\/mhcalculos.com.br\/noticias\/area\/trabalhista\/tst-nota-da-corregedoria-geral-da-justica-do-trabalho.html","url":"https:\/\/mhcalculos.com.br\/noticias\/area\/trabalhista\/tst-nota-da-corregedoria-geral-da-justica-do-trabalho.html","name":"TST: Nota da Corregedoria-Geral da Justi\u00e7a do Trabalho | Portal de Not\u00edcias","isPartOf":{"@id":"https:\/\/mhcalculos.com.br\/noticias\/#website"},"primaryImageOfPage":{"@id":"https:\/\/mhcalculos.com.br\/noticias\/area\/trabalhista\/tst-nota-da-corregedoria-geral-da-justica-do-trabalho.html#primaryimage"},"image":{"@id":"https:\/\/mhcalculos.com.br\/noticias\/area\/trabalhista\/tst-nota-da-corregedoria-geral-da-justica-do-trabalho.html#primaryimage"},"thumbnailUrl":"https:\/\/mhcalculos.com.br\/noticias\/wp-content\/uploads\/sites\/2\/2018\/06\/judiciario-0006.jpg","datePublished":"2018-10-03T21:24:00+00:00","dateModified":"2021-07-28T17:34:00+00:00","author":{"@id":"https:\/\/mhcalculos.com.br\/noticias\/#\/schema\/person\/88d1c34bf72dc779ea14a5a6b8e0ae8d"},"breadcrumb":{"@id":"https:\/\/mhcalculos.com.br\/noticias\/area\/trabalhista\/tst-nota-da-corregedoria-geral-da-justica-do-trabalho.html#breadcrumb"},"inLanguage":"pt-BR","potentialAction":[{"@type":"ReadAction","target":["https:\/\/mhcalculos.com.br\/noticias\/area\/trabalhista\/tst-nota-da-corregedoria-geral-da-justica-do-trabalho.html"]}]},{"@type":"ImageObject","inLanguage":"pt-BR","@id":"https:\/\/mhcalculos.com.br\/noticias\/area\/trabalhista\/tst-nota-da-corregedoria-geral-da-justica-do-trabalho.html#primaryimage","url":"https:\/\/mhcalculos.com.br\/noticias\/wp-content\/uploads\/sites\/2\/2018\/06\/judiciario-0006.jpg","contentUrl":"https:\/\/mhcalculos.com.br\/noticias\/wp-content\/uploads\/sites\/2\/2018\/06\/judiciario-0006.jpg","width":2000,"height":800},{"@type":"BreadcrumbList","@id":"https:\/\/mhcalculos.com.br\/noticias\/area\/trabalhista\/tst-nota-da-corregedoria-geral-da-justica-do-trabalho.html#breadcrumb","itemListElement":[{"@type":"ListItem","position":1,"name":"In\u00edcio","item":"https:\/\/mhcalculos.com.br\/noticias\/"},{"@type":"ListItem","position":2,"name":"TST: Nota da Corregedoria-Geral da Justi\u00e7a do Trabalho"}]},{"@type":"WebSite","@id":"https:\/\/mhcalculos.com.br\/noticias\/#website","url":"https:\/\/mhcalculos.com.br\/noticias\/","name":"Portal de Not\u00edcias","description":"Not\u00edcias e Jurisprud\u00eancia","potentialAction":[{"@type":"SearchAction","target":{"@type":"EntryPoint","urlTemplate":"https:\/\/mhcalculos.com.br\/noticias\/?s={search_term_string}"},"query-input":{"@type":"PropertyValueSpecification","valueRequired":true,"valueName":"search_term_string"}}],"inLanguage":"pt-BR"},{"@type":"Person","@id":"https:\/\/mhcalculos.com.br\/noticias\/#\/schema\/person\/88d1c34bf72dc779ea14a5a6b8e0ae8d","name":"Equipe MH","image":{"@type":"ImageObject","inLanguage":"pt-BR","@id":"https:\/\/secure.gravatar.com\/avatar\/de1c686c2ecc9c5a3f327e3431d819eb39f8f05d4e1045f5a1caad6daaba987f?s=96&d=mm&r=g","url":"https:\/\/secure.gravatar.com\/avatar\/de1c686c2ecc9c5a3f327e3431d819eb39f8f05d4e1045f5a1caad6daaba987f?s=96&d=mm&r=g","contentUrl":"https:\/\/secure.gravatar.com\/avatar\/de1c686c2ecc9c5a3f327e3431d819eb39f8f05d4e1045f5a1caad6daaba987f?s=96&d=mm&r=g","caption":"Equipe MH"}}]}},"_links":{"self":[{"href":"https:\/\/mhcalculos.com.br\/noticias\/wp-json\/wp\/v2\/posts\/3256","targetHints":{"allow":["GET"]}}],"collection":[{"href":"https:\/\/mhcalculos.com.br\/noticias\/wp-json\/wp\/v2\/posts"}],"about":[{"href":"https:\/\/mhcalculos.com.br\/noticias\/wp-json\/wp\/v2\/types\/post"}],"author":[{"embeddable":true,"href":"https:\/\/mhcalculos.com.br\/noticias\/wp-json\/wp\/v2\/users\/3063"}],"replies":[{"embeddable":true,"href":"https:\/\/mhcalculos.com.br\/noticias\/wp-json\/wp\/v2\/comments?post=3256"}],"version-history":[{"count":1,"href":"https:\/\/mhcalculos.com.br\/noticias\/wp-json\/wp\/v2\/posts\/3256\/revisions"}],"predecessor-version":[{"id":10203,"href":"https:\/\/mhcalculos.com.br\/noticias\/wp-json\/wp\/v2\/posts\/3256\/revisions\/10203"}],"wp:featuredmedia":[{"embeddable":true,"href":"https:\/\/mhcalculos.com.br\/noticias\/wp-json\/wp\/v2\/media\/2025"}],"wp:attachment":[{"href":"https:\/\/mhcalculos.com.br\/noticias\/wp-json\/wp\/v2\/media?parent=3256"}],"wp:term":[{"taxonomy":"category","embeddable":true,"href":"https:\/\/mhcalculos.com.br\/noticias\/wp-json\/wp\/v2\/categories?post=3256"},{"taxonomy":"post_tag","embeddable":true,"href":"https:\/\/mhcalculos.com.br\/noticias\/wp-json\/wp\/v2\/tags?post=3256"}],"curies":[{"name":"wp","href":"https:\/\/api.w.org\/{rel}","templated":true}]}}