{"id":3198,"date":"2018-09-22T16:00:17","date_gmt":"2018-09-22T19:00:17","guid":{"rendered":"https:\/\/mhcalculos.com.br\/noticias\/2018\/09\/22\/stj-simposio-no-stj-vai-discutir-desafios-juridicos-do-agronegocio\/"},"modified":"2021-07-28T14:34:03","modified_gmt":"2021-07-28T17:34:03","slug":"stj-simposio-no-stj-vai-discutir-desafios-juridicos-do-agronegocio","status":"publish","type":"post","link":"https:\/\/mhcalculos.com.br\/noticias\/area\/tributario\/stj-simposio-no-stj-vai-discutir-desafios-juridicos-do-agronegocio.html","title":{"rendered":"STJ: Simp\u00f3sio no STJ vai discutir desafios jur\u00eddicos do agroneg\u00f3cio"},"content":{"rendered":"\n<p>Uma das atividades de maior peso na gera\u00e7\u00e3o de riquezas e empregos no pa\u00eds, o agroneg\u00f3cio \u00e9 tamb\u00e9m a fonte de muitos conflitos espec\u00edficos na Justi\u00e7a, com demandas que se estendem por diversos ramos do direito, do ambiental ao tribut\u00e1rio. Para discutir algumas dessas quest\u00f5es, o Superior Tribunal de Justi\u00e7a vai promover no pr\u00f3ximo dia 26 o simp\u00f3sio <em>O Agroneg\u00f3cio na Interpreta\u00e7\u00e3o do STJ<\/em>, em parceria com o Instituto Justi\u00e7a &amp; Cidadania. O evento acontecer\u00e1 no audit\u00f3rio do tribunal, das 8h30 \u00e0s 13h, e as inscri\u00e7\u00f5es, gratuitas, podem ser feitas <strong><a href=\"https:\/\/educa.enfam.jus.br\/inscricao-agronegocio-stj\" target=\"_blank\" rel=\"noopener noreferrer\">aqui<\/a><\/strong>.<\/p>\n<p>O ministro Luis Felipe Salom\u00e3o, um dos coordenadores cient\u00edficos do simp\u00f3sio, ressalta que, diante do avan\u00e7o do setor na economia do pa\u00eds, o tribunal vem sendo desafiado a solucionar muitas controv\u00e9rsias relacionadas ao agroneg\u00f3cio. Assim, o simp\u00f3sio ser\u00e1 um importante espa\u00e7o para \u201couvir, formar um tanque de ideias, criar uma caixa de resson\u00e2ncia desse segmento\u201d. Ele lembra que, nos \u00faltimos dois anos, o tribunal tem organizado diversos eventos sobre temas importantes do direito privado, a exemplo do semin\u00e1rio <em>Incorpora\u00e7\u00e3o Imobili\u00e1ria na Perspectiva do STJ \u2013 A Prote\u00e7\u00e3o do Consumidor<\/em>, realizado em abril \u00faltimo.<\/p>\n<p>Para ele, esses encontros s\u00e3o fundamentais para permitir que ju\u00edzes possam \u201cconhecer os diversos \u00e2ngulos das quest\u00f5es controvertidas; aprimorar a jurisdi\u00e7\u00e3o e fazer o melhor em prol da cidadania\u201d. Ele destaca ainda que o simp\u00f3sio contar\u00e1 com a presen\u00e7a de importantes representantes da China, principal parceira comercial do Brasil, como o embaixador Li Jinzhang e o vice-presidente da Cofco (maior empresa chinesa de alimentos), Xu Guanhua.<\/p>\n<p>Segundo o ministro Moura Ribeiro, tamb\u00e9m \u00e0 frente do evento, o assunto \u00e9 fundamental no universo jur\u00eddico, uma vez que o STJ vem sentindo um crescimento das demandas oriundas dos contratos do agroneg\u00f3cio.<\/p>\n<p>Outro coordenador do simp\u00f3sio, o advogado Marcus Vinicius Furtado Co\u00ealho, diz que o objetivo do debate \u00e9 procurar o melhor caminho, por meio de defini\u00e7\u00f5es jur\u00eddico-normativas, para o sucesso do setor: \u201cAs discuss\u00f5es entre diferentes correntes relacionadas ao agroneg\u00f3cio buscam encontrar a hermen\u00eautica jur\u00eddica que propicie, simultaneamente, seguran\u00e7a ao produtor e observ\u00e2ncia aos ditames legais e constitucionais.\u201d<\/p>\n<p><strong>Desafios<\/strong><\/p>\n<p>Tamb\u00e9m presente na coordena\u00e7\u00e3o do simp\u00f3sio, o ministro Paulo de Tarso Sanseverino ressalta a falta de atualiza\u00e7\u00e3o das normas como uma das principais dificuldades encontradas pela corte.<\/p>\n<p>\u201cA legisla\u00e7\u00e3o ainda \u00e9 o Estatuto da Terra, de 1964, que foi elaborada tendo uma realidade de 50 anos atr\u00e1s, enquanto a que temos hoje \u00e9 completamente diferente\u201d, afirma o ministro, citando que atualmente as a\u00e7\u00f5es envolvem grandes empres\u00e1rios rurais e empresas multinacionais. \u201cEssas quest\u00f5es t\u00eam que ser discutidas e revisadas especialmente atrav\u00e9s do Poder Legislativo\u201d, diz.<\/p>\n<p>O ministro Moura Ribeiro destacou in\u00fameras iniciativas de projetos de lei para solucionar impasses dos contratos de agroneg\u00f3cio, inclusive no projeto do novo C\u00f3digo Comercial.<\/p>\n<p><strong>Pain\u00e9is<\/strong><\/p>\n<p>O simp\u00f3sio ser\u00e1 dividido em tr\u00eas pain\u00e9is: \u201cO agroneg\u00f3cio brasileiro no cen\u00e1rio mundial\u201d, \u201cArrendamento rural\u201d e \u201cA recupera\u00e7\u00e3o judicial das empresas agr\u00edcolas\u201d.<\/p>\n<p>A abertura contar\u00e1 com a presen\u00e7a do presidente do STJ, ministro Jo\u00e3o Ot\u00e1vio de Noronha; do corregedor nacional de Justi\u00e7a, ministro Humberto Martins; do embaixador da China, Li Jinzhang; do presidente nacional da Ordem dos Advogados do Brasil, Claudio Lamachia, e do presidente da Comiss\u00e3o de Direito Agr\u00e1rio e Urbanismo do Instituto dos Advogados Brasileiros, Frederico Price Grechi.<\/p>\n<p>O encerramento ficar\u00e1 por conta do ministro Luis Felipe Salom\u00e3o e do diretor jur\u00eddico da Anima Educa\u00e7\u00e3o, Jo\u00e3o Batista Pacheco Antunes de Carvalho.<\/p>\n<p><i>Com informa\u00e7\u00f5es da assessoria de imprensa do STJ.<\/i><\/p>\n<p><a href=\"http:\/\/feedproxy.google.com\/~r\/STJNoticias\/~3\/57fbpMyEOEI\/Simp%C3%B3sio-no-STJ-vai-discutir-desafios-jur%C3%ADdicos-do-agroneg%C3%B3cio\">Fonte<\/a><\/p>\n\n","protected":false},"excerpt":{"rendered":"<p>Uma das atividades de maior peso na gera\u00e7\u00e3o de riquezas e empregos no pa\u00eds, o agroneg\u00f3cio \u00e9 tamb\u00e9m a fonte de muitos conflitos espec\u00edficos na Justi\u00e7a, com demandas que se estendem por diversos ramos do direito, do ambiental ao tribut\u00e1rio. Para discutir algumas dessas quest\u00f5es, o Superior Tribunal de Justi\u00e7a vai promover no pr\u00f3ximo dia [&hellip;]<\/p>\n","protected":false},"author":3063,"featured_media":1956,"comment_status":"open","ping_status":"open","sticky":false,"template":"","format":"standard","meta":{"footnotes":""},"categories":[18,7],"tags":[32,31,42,30,29,213,9,12,14,212,214],"class_list":{"0":"post-3198","1":"post","2":"type-post","3":"status-publish","4":"format-standard","5":"has-post-thumbnail","7":"category-tributario","8":"category-stj","9":"tag-calculos-judiciais","10":"tag-calculos-tributarios","11":"tag-direito-tributario","12":"tag-divida-ativa","13":"tag-fazenda-publica","14":"tag-imposto","15":"tag-pericia","16":"tag-perito","17":"tag-stj","18":"tag-superior-tribunal-de-justica","19":"tag-tributo"},"yoast_head":"<!-- This site is optimized with the Yoast SEO plugin v27.2 - https:\/\/yoast.com\/product\/yoast-seo-wordpress\/ -->\n<title>STJ: Simp\u00f3sio no STJ vai discutir desafios jur\u00eddicos do agroneg\u00f3cio | Portal de Not\u00edcias<\/title>\n<meta name=\"robots\" content=\"index, follow, max-snippet:-1, max-image-preview:large, max-video-preview:-1\" \/>\n<link rel=\"canonical\" href=\"https:\/\/mhcalculos.com.br\/noticias\/area\/tributario\/stj-simposio-no-stj-vai-discutir-desafios-juridicos-do-agronegocio.html\" \/>\n<meta property=\"og:locale\" content=\"pt_BR\" \/>\n<meta property=\"og:type\" content=\"article\" \/>\n<meta property=\"og:title\" content=\"STJ: Simp\u00f3sio no STJ vai discutir desafios jur\u00eddicos do agroneg\u00f3cio | Portal de Not\u00edcias\" \/>\n<meta property=\"og:description\" content=\"Uma das atividades de maior peso na gera\u00e7\u00e3o de riquezas e empregos no pa\u00eds, o agroneg\u00f3cio \u00e9 tamb\u00e9m a fonte de muitos conflitos espec\u00edficos na Justi\u00e7a, com demandas que se estendem por diversos ramos do direito, do ambiental ao tribut\u00e1rio. Para discutir algumas dessas quest\u00f5es, o Superior Tribunal de Justi\u00e7a vai promover no pr\u00f3ximo dia [&hellip;]\" \/>\n<meta property=\"og:url\" content=\"https:\/\/mhcalculos.com.br\/noticias\/area\/tributario\/stj-simposio-no-stj-vai-discutir-desafios-juridicos-do-agronegocio.html\" \/>\n<meta property=\"og:site_name\" content=\"Portal de Not\u00edcias\" \/>\n<meta property=\"article:published_time\" content=\"2018-09-22T19:00:17+00:00\" \/>\n<meta property=\"article:modified_time\" content=\"2021-07-28T17:34:03+00:00\" \/>\n<meta property=\"og:image\" content=\"https:\/\/mhcalculos.com.br\/noticias\/wp-content\/uploads\/sites\/2\/2018\/06\/tributario-0025.jpg\" \/>\n\t<meta property=\"og:image:width\" content=\"2000\" \/>\n\t<meta property=\"og:image:height\" content=\"800\" \/>\n\t<meta property=\"og:image:type\" content=\"image\/jpeg\" \/>\n<meta name=\"author\" content=\"Equipe MH\" \/>\n<meta name=\"twitter:card\" content=\"summary_large_image\" \/>\n<meta name=\"twitter:label1\" content=\"Escrito por\" \/>\n\t<meta name=\"twitter:data1\" content=\"Equipe MH\" \/>\n\t<meta name=\"twitter:label2\" content=\"Est. tempo de leitura\" \/>\n\t<meta name=\"twitter:data2\" content=\"3 minutos\" \/>\n<script type=\"application\/ld+json\" class=\"yoast-schema-graph\">{\"@context\":\"https:\/\/schema.org\",\"@graph\":[{\"@type\":\"Article\",\"@id\":\"https:\/\/mhcalculos.com.br\/noticias\/area\/tributario\/stj-simposio-no-stj-vai-discutir-desafios-juridicos-do-agronegocio.html#article\",\"isPartOf\":{\"@id\":\"https:\/\/mhcalculos.com.br\/noticias\/area\/tributario\/stj-simposio-no-stj-vai-discutir-desafios-juridicos-do-agronegocio.html\"},\"author\":{\"name\":\"Equipe MH\",\"@id\":\"https:\/\/mhcalculos.com.br\/noticias\/#\/schema\/person\/88d1c34bf72dc779ea14a5a6b8e0ae8d\"},\"headline\":\"STJ: Simp\u00f3sio no STJ vai discutir desafios jur\u00eddicos do agroneg\u00f3cio\",\"datePublished\":\"2018-09-22T19:00:17+00:00\",\"dateModified\":\"2021-07-28T17:34:03+00:00\",\"mainEntityOfPage\":{\"@id\":\"https:\/\/mhcalculos.com.br\/noticias\/area\/tributario\/stj-simposio-no-stj-vai-discutir-desafios-juridicos-do-agronegocio.html\"},\"wordCount\":650,\"commentCount\":0,\"image\":{\"@id\":\"https:\/\/mhcalculos.com.br\/noticias\/area\/tributario\/stj-simposio-no-stj-vai-discutir-desafios-juridicos-do-agronegocio.html#primaryimage\"},\"thumbnailUrl\":\"https:\/\/mhcalculos.com.br\/noticias\/wp-content\/uploads\/sites\/2\/2018\/06\/tributario-0025.jpg\",\"keywords\":[\"c\u00e1lculos judiciais\",\"c\u00e1lculos tribut\u00e1rios\",\"direito tribut\u00e1rio\",\"d\u00edvida ativa\",\"fazenda p\u00fablica\",\"Imposto\",\"per\u00edcia\",\"perito\",\"stj\",\"Superior Tribunal de Justi\u00e7a\",\"tributo\"],\"articleSection\":[\"Direito Tribut\u00e1rio\",\"STJ\"],\"inLanguage\":\"pt-BR\",\"potentialAction\":[{\"@type\":\"CommentAction\",\"name\":\"Comment\",\"target\":[\"https:\/\/mhcalculos.com.br\/noticias\/area\/tributario\/stj-simposio-no-stj-vai-discutir-desafios-juridicos-do-agronegocio.html#respond\"]}]},{\"@type\":\"WebPage\",\"@id\":\"https:\/\/mhcalculos.com.br\/noticias\/area\/tributario\/stj-simposio-no-stj-vai-discutir-desafios-juridicos-do-agronegocio.html\",\"url\":\"https:\/\/mhcalculos.com.br\/noticias\/area\/tributario\/stj-simposio-no-stj-vai-discutir-desafios-juridicos-do-agronegocio.html\",\"name\":\"STJ: Simp\u00f3sio no STJ vai discutir desafios jur\u00eddicos do agroneg\u00f3cio | Portal de Not\u00edcias\",\"isPartOf\":{\"@id\":\"https:\/\/mhcalculos.com.br\/noticias\/#website\"},\"primaryImageOfPage\":{\"@id\":\"https:\/\/mhcalculos.com.br\/noticias\/area\/tributario\/stj-simposio-no-stj-vai-discutir-desafios-juridicos-do-agronegocio.html#primaryimage\"},\"image\":{\"@id\":\"https:\/\/mhcalculos.com.br\/noticias\/area\/tributario\/stj-simposio-no-stj-vai-discutir-desafios-juridicos-do-agronegocio.html#primaryimage\"},\"thumbnailUrl\":\"https:\/\/mhcalculos.com.br\/noticias\/wp-content\/uploads\/sites\/2\/2018\/06\/tributario-0025.jpg\",\"datePublished\":\"2018-09-22T19:00:17+00:00\",\"dateModified\":\"2021-07-28T17:34:03+00:00\",\"author\":{\"@id\":\"https:\/\/mhcalculos.com.br\/noticias\/#\/schema\/person\/88d1c34bf72dc779ea14a5a6b8e0ae8d\"},\"breadcrumb\":{\"@id\":\"https:\/\/mhcalculos.com.br\/noticias\/area\/tributario\/stj-simposio-no-stj-vai-discutir-desafios-juridicos-do-agronegocio.html#breadcrumb\"},\"inLanguage\":\"pt-BR\",\"potentialAction\":[{\"@type\":\"ReadAction\",\"target\":[\"https:\/\/mhcalculos.com.br\/noticias\/area\/tributario\/stj-simposio-no-stj-vai-discutir-desafios-juridicos-do-agronegocio.html\"]}]},{\"@type\":\"ImageObject\",\"inLanguage\":\"pt-BR\",\"@id\":\"https:\/\/mhcalculos.com.br\/noticias\/area\/tributario\/stj-simposio-no-stj-vai-discutir-desafios-juridicos-do-agronegocio.html#primaryimage\",\"url\":\"https:\/\/mhcalculos.com.br\/noticias\/wp-content\/uploads\/sites\/2\/2018\/06\/tributario-0025.jpg\",\"contentUrl\":\"https:\/\/mhcalculos.com.br\/noticias\/wp-content\/uploads\/sites\/2\/2018\/06\/tributario-0025.jpg\",\"width\":2000,\"height\":800},{\"@type\":\"BreadcrumbList\",\"@id\":\"https:\/\/mhcalculos.com.br\/noticias\/area\/tributario\/stj-simposio-no-stj-vai-discutir-desafios-juridicos-do-agronegocio.html#breadcrumb\",\"itemListElement\":[{\"@type\":\"ListItem\",\"position\":1,\"name\":\"In\u00edcio\",\"item\":\"https:\/\/mhcalculos.com.br\/noticias\/\"},{\"@type\":\"ListItem\",\"position\":2,\"name\":\"STJ: Simp\u00f3sio no STJ vai discutir desafios jur\u00eddicos do agroneg\u00f3cio\"}]},{\"@type\":\"WebSite\",\"@id\":\"https:\/\/mhcalculos.com.br\/noticias\/#website\",\"url\":\"https:\/\/mhcalculos.com.br\/noticias\/\",\"name\":\"Portal de Not\u00edcias\",\"description\":\"Not\u00edcias e Jurisprud\u00eancia\",\"potentialAction\":[{\"@type\":\"SearchAction\",\"target\":{\"@type\":\"EntryPoint\",\"urlTemplate\":\"https:\/\/mhcalculos.com.br\/noticias\/?s={search_term_string}\"},\"query-input\":{\"@type\":\"PropertyValueSpecification\",\"valueRequired\":true,\"valueName\":\"search_term_string\"}}],\"inLanguage\":\"pt-BR\"},{\"@type\":\"Person\",\"@id\":\"https:\/\/mhcalculos.com.br\/noticias\/#\/schema\/person\/88d1c34bf72dc779ea14a5a6b8e0ae8d\",\"name\":\"Equipe MH\",\"image\":{\"@type\":\"ImageObject\",\"inLanguage\":\"pt-BR\",\"@id\":\"https:\/\/secure.gravatar.com\/avatar\/de1c686c2ecc9c5a3f327e3431d819eb39f8f05d4e1045f5a1caad6daaba987f?s=96&d=mm&r=g\",\"url\":\"https:\/\/secure.gravatar.com\/avatar\/de1c686c2ecc9c5a3f327e3431d819eb39f8f05d4e1045f5a1caad6daaba987f?s=96&d=mm&r=g\",\"contentUrl\":\"https:\/\/secure.gravatar.com\/avatar\/de1c686c2ecc9c5a3f327e3431d819eb39f8f05d4e1045f5a1caad6daaba987f?s=96&d=mm&r=g\",\"caption\":\"Equipe MH\"}}]}<\/script>\n<!-- \/ Yoast SEO plugin. -->","yoast_head_json":{"title":"STJ: Simp\u00f3sio no STJ vai discutir desafios jur\u00eddicos do agroneg\u00f3cio | Portal de Not\u00edcias","robots":{"index":"index","follow":"follow","max-snippet":"max-snippet:-1","max-image-preview":"max-image-preview:large","max-video-preview":"max-video-preview:-1"},"canonical":"https:\/\/mhcalculos.com.br\/noticias\/area\/tributario\/stj-simposio-no-stj-vai-discutir-desafios-juridicos-do-agronegocio.html","og_locale":"pt_BR","og_type":"article","og_title":"STJ: Simp\u00f3sio no STJ vai discutir desafios jur\u00eddicos do agroneg\u00f3cio | Portal de Not\u00edcias","og_description":"Uma das atividades de maior peso na gera\u00e7\u00e3o de riquezas e empregos no pa\u00eds, o agroneg\u00f3cio \u00e9 tamb\u00e9m a fonte de muitos conflitos espec\u00edficos na Justi\u00e7a, com demandas que se estendem por diversos ramos do direito, do ambiental ao tribut\u00e1rio. Para discutir algumas dessas quest\u00f5es, o Superior Tribunal de Justi\u00e7a vai promover no pr\u00f3ximo dia [&hellip;]","og_url":"https:\/\/mhcalculos.com.br\/noticias\/area\/tributario\/stj-simposio-no-stj-vai-discutir-desafios-juridicos-do-agronegocio.html","og_site_name":"Portal de Not\u00edcias","article_published_time":"2018-09-22T19:00:17+00:00","article_modified_time":"2021-07-28T17:34:03+00:00","og_image":[{"width":2000,"height":800,"url":"https:\/\/mhcalculos.com.br\/noticias\/wp-content\/uploads\/sites\/2\/2018\/06\/tributario-0025.jpg","type":"image\/jpeg"}],"author":"Equipe MH","twitter_card":"summary_large_image","twitter_misc":{"Escrito por":"Equipe MH","Est. tempo de leitura":"3 minutos"},"schema":{"@context":"https:\/\/schema.org","@graph":[{"@type":"Article","@id":"https:\/\/mhcalculos.com.br\/noticias\/area\/tributario\/stj-simposio-no-stj-vai-discutir-desafios-juridicos-do-agronegocio.html#article","isPartOf":{"@id":"https:\/\/mhcalculos.com.br\/noticias\/area\/tributario\/stj-simposio-no-stj-vai-discutir-desafios-juridicos-do-agronegocio.html"},"author":{"name":"Equipe MH","@id":"https:\/\/mhcalculos.com.br\/noticias\/#\/schema\/person\/88d1c34bf72dc779ea14a5a6b8e0ae8d"},"headline":"STJ: Simp\u00f3sio no STJ vai discutir desafios jur\u00eddicos do agroneg\u00f3cio","datePublished":"2018-09-22T19:00:17+00:00","dateModified":"2021-07-28T17:34:03+00:00","mainEntityOfPage":{"@id":"https:\/\/mhcalculos.com.br\/noticias\/area\/tributario\/stj-simposio-no-stj-vai-discutir-desafios-juridicos-do-agronegocio.html"},"wordCount":650,"commentCount":0,"image":{"@id":"https:\/\/mhcalculos.com.br\/noticias\/area\/tributario\/stj-simposio-no-stj-vai-discutir-desafios-juridicos-do-agronegocio.html#primaryimage"},"thumbnailUrl":"https:\/\/mhcalculos.com.br\/noticias\/wp-content\/uploads\/sites\/2\/2018\/06\/tributario-0025.jpg","keywords":["c\u00e1lculos judiciais","c\u00e1lculos tribut\u00e1rios","direito tribut\u00e1rio","d\u00edvida ativa","fazenda p\u00fablica","Imposto","per\u00edcia","perito","stj","Superior Tribunal de Justi\u00e7a","tributo"],"articleSection":["Direito Tribut\u00e1rio","STJ"],"inLanguage":"pt-BR","potentialAction":[{"@type":"CommentAction","name":"Comment","target":["https:\/\/mhcalculos.com.br\/noticias\/area\/tributario\/stj-simposio-no-stj-vai-discutir-desafios-juridicos-do-agronegocio.html#respond"]}]},{"@type":"WebPage","@id":"https:\/\/mhcalculos.com.br\/noticias\/area\/tributario\/stj-simposio-no-stj-vai-discutir-desafios-juridicos-do-agronegocio.html","url":"https:\/\/mhcalculos.com.br\/noticias\/area\/tributario\/stj-simposio-no-stj-vai-discutir-desafios-juridicos-do-agronegocio.html","name":"STJ: Simp\u00f3sio no STJ vai discutir desafios jur\u00eddicos do agroneg\u00f3cio | Portal de Not\u00edcias","isPartOf":{"@id":"https:\/\/mhcalculos.com.br\/noticias\/#website"},"primaryImageOfPage":{"@id":"https:\/\/mhcalculos.com.br\/noticias\/area\/tributario\/stj-simposio-no-stj-vai-discutir-desafios-juridicos-do-agronegocio.html#primaryimage"},"image":{"@id":"https:\/\/mhcalculos.com.br\/noticias\/area\/tributario\/stj-simposio-no-stj-vai-discutir-desafios-juridicos-do-agronegocio.html#primaryimage"},"thumbnailUrl":"https:\/\/mhcalculos.com.br\/noticias\/wp-content\/uploads\/sites\/2\/2018\/06\/tributario-0025.jpg","datePublished":"2018-09-22T19:00:17+00:00","dateModified":"2021-07-28T17:34:03+00:00","author":{"@id":"https:\/\/mhcalculos.com.br\/noticias\/#\/schema\/person\/88d1c34bf72dc779ea14a5a6b8e0ae8d"},"breadcrumb":{"@id":"https:\/\/mhcalculos.com.br\/noticias\/area\/tributario\/stj-simposio-no-stj-vai-discutir-desafios-juridicos-do-agronegocio.html#breadcrumb"},"inLanguage":"pt-BR","potentialAction":[{"@type":"ReadAction","target":["https:\/\/mhcalculos.com.br\/noticias\/area\/tributario\/stj-simposio-no-stj-vai-discutir-desafios-juridicos-do-agronegocio.html"]}]},{"@type":"ImageObject","inLanguage":"pt-BR","@id":"https:\/\/mhcalculos.com.br\/noticias\/area\/tributario\/stj-simposio-no-stj-vai-discutir-desafios-juridicos-do-agronegocio.html#primaryimage","url":"https:\/\/mhcalculos.com.br\/noticias\/wp-content\/uploads\/sites\/2\/2018\/06\/tributario-0025.jpg","contentUrl":"https:\/\/mhcalculos.com.br\/noticias\/wp-content\/uploads\/sites\/2\/2018\/06\/tributario-0025.jpg","width":2000,"height":800},{"@type":"BreadcrumbList","@id":"https:\/\/mhcalculos.com.br\/noticias\/area\/tributario\/stj-simposio-no-stj-vai-discutir-desafios-juridicos-do-agronegocio.html#breadcrumb","itemListElement":[{"@type":"ListItem","position":1,"name":"In\u00edcio","item":"https:\/\/mhcalculos.com.br\/noticias\/"},{"@type":"ListItem","position":2,"name":"STJ: Simp\u00f3sio no STJ vai discutir desafios jur\u00eddicos do agroneg\u00f3cio"}]},{"@type":"WebSite","@id":"https:\/\/mhcalculos.com.br\/noticias\/#website","url":"https:\/\/mhcalculos.com.br\/noticias\/","name":"Portal de Not\u00edcias","description":"Not\u00edcias e Jurisprud\u00eancia","potentialAction":[{"@type":"SearchAction","target":{"@type":"EntryPoint","urlTemplate":"https:\/\/mhcalculos.com.br\/noticias\/?s={search_term_string}"},"query-input":{"@type":"PropertyValueSpecification","valueRequired":true,"valueName":"search_term_string"}}],"inLanguage":"pt-BR"},{"@type":"Person","@id":"https:\/\/mhcalculos.com.br\/noticias\/#\/schema\/person\/88d1c34bf72dc779ea14a5a6b8e0ae8d","name":"Equipe MH","image":{"@type":"ImageObject","inLanguage":"pt-BR","@id":"https:\/\/secure.gravatar.com\/avatar\/de1c686c2ecc9c5a3f327e3431d819eb39f8f05d4e1045f5a1caad6daaba987f?s=96&d=mm&r=g","url":"https:\/\/secure.gravatar.com\/avatar\/de1c686c2ecc9c5a3f327e3431d819eb39f8f05d4e1045f5a1caad6daaba987f?s=96&d=mm&r=g","contentUrl":"https:\/\/secure.gravatar.com\/avatar\/de1c686c2ecc9c5a3f327e3431d819eb39f8f05d4e1045f5a1caad6daaba987f?s=96&d=mm&r=g","caption":"Equipe MH"}}]}},"_links":{"self":[{"href":"https:\/\/mhcalculos.com.br\/noticias\/wp-json\/wp\/v2\/posts\/3198","targetHints":{"allow":["GET"]}}],"collection":[{"href":"https:\/\/mhcalculos.com.br\/noticias\/wp-json\/wp\/v2\/posts"}],"about":[{"href":"https:\/\/mhcalculos.com.br\/noticias\/wp-json\/wp\/v2\/types\/post"}],"author":[{"embeddable":true,"href":"https:\/\/mhcalculos.com.br\/noticias\/wp-json\/wp\/v2\/users\/3063"}],"replies":[{"embeddable":true,"href":"https:\/\/mhcalculos.com.br\/noticias\/wp-json\/wp\/v2\/comments?post=3198"}],"version-history":[{"count":1,"href":"https:\/\/mhcalculos.com.br\/noticias\/wp-json\/wp\/v2\/posts\/3198\/revisions"}],"predecessor-version":[{"id":6774,"href":"https:\/\/mhcalculos.com.br\/noticias\/wp-json\/wp\/v2\/posts\/3198\/revisions\/6774"}],"wp:featuredmedia":[{"embeddable":true,"href":"https:\/\/mhcalculos.com.br\/noticias\/wp-json\/wp\/v2\/media\/1956"}],"wp:attachment":[{"href":"https:\/\/mhcalculos.com.br\/noticias\/wp-json\/wp\/v2\/media?parent=3198"}],"wp:term":[{"taxonomy":"category","embeddable":true,"href":"https:\/\/mhcalculos.com.br\/noticias\/wp-json\/wp\/v2\/categories?post=3198"},{"taxonomy":"post_tag","embeddable":true,"href":"https:\/\/mhcalculos.com.br\/noticias\/wp-json\/wp\/v2\/tags?post=3198"}],"curies":[{"name":"wp","href":"https:\/\/api.w.org\/{rel}","templated":true}]}}