{"id":3195,"date":"2018-09-19T07:00:00","date_gmt":"2018-09-19T10:00:00","guid":{"rendered":"https:\/\/mhcalculos.com.br\/noticias\/2018\/09\/19\/tst-shopping-de-cuiaba-nao-tera-de-destinar-espaco-de-amamentacao-para-empregadas-de-lojas\/"},"modified":"2021-07-28T14:34:04","modified_gmt":"2021-07-28T17:34:04","slug":"tst-shopping-de-cuiaba-nao-tera-de-destinar-espaco-de-amamentacao-para-empregadas-de-lojas","status":"publish","type":"post","link":"https:\/\/mhcalculos.com.br\/noticias\/area\/trabalhista\/tst-shopping-de-cuiaba-nao-tera-de-destinar-espaco-de-amamentacao-para-empregadas-de-lojas.html","title":{"rendered":"TST: Shopping de Cuiab\u00e1 n\u00e3o ter\u00e1 de destinar espa\u00e7o de amamenta\u00e7\u00e3o para empregadas de lojas"},"content":{"rendered":"<p><br \/>\n  <\/p>\n<p ><em>O shopping alegava que a obriga\u00e7\u00e3o de cumprir a lei era dos empregadores lojistas<\/em><\/p>\n<p >A Oitava Turma do Tribunal Superior do Trabalho julgou improcedente a\u00e7\u00e3o civil p\u00fablica pela qual o Minist\u00e9rio P\u00fablico do Trabalho (MPT) pretendia exigir que o Shopping Center 3 Am\u00e9ricas, de Cuiab\u00e1 (MT), destinasse \u00e1rea de amamenta\u00e7\u00e3o para as empregadas das lojas. Segundo a decis\u00e3o, a exig\u00eancia, prevista na <a href=\"http:\/\/www.planalto.gov.br\/ccivil_03\/decreto-lei\/Del5452compilado.htm\" target=\"_blank\" rel=\"noopener\">CLT<\/a>, n\u00e3o se aplica a shopping centers.<\/p>\n<p ><strong>Amamenta\u00e7\u00e3o<\/strong><\/p>\n<p >O artigo 389, par\u00e1grafo 1\u00ba, da CLT determina que os estabelecimentos em que trabalhem pelo menos 30 mulheres com mais de 16 anos de idade tenham \u201clocal apropriado onde seja permitido \u00e0s empregadas guardar sob vigil\u00e2ncia e assist\u00eancia os seus filhos no per\u00edodo da amamenta\u00e7\u00e3o\u201d. Segundo o MPT, o shopping n\u00e3o cumpria essa determina\u00e7\u00e3o.<\/p>\n<p >O pedido foi julgado improcedente pelo ju\u00edzo de primeiro grau, mas o Tribunal Regional do Trabalho da 23\u00aa Regi\u00e3o (MT) entendeu que o shopping \u00e9 \u201cum conglomerado de interesses comerciais m\u00fatuos\u201d e, assim, deveria se enquadrar na exig\u00eancia da CLT.<\/p>\n<p ><strong>Estabelecimento<\/strong><\/p>\n<p >No recurso de revista contra a condena\u00e7\u00e3o, o shopping sustentou que n\u00e3o est\u00e1 obrigado a manter espa\u00e7o pr\u00f3prio para guarda, vigil\u00e2ncia e assist\u00eancia dos filhos das&nbsp;empregadas dos lojistas, pois n\u00e3o possui qualquer vincula\u00e7\u00e3o com elas. De acordo com o estabelecimento, a obriga\u00e7\u00e3o \u00e9 direcionada ao lojista, e n\u00e3o ao condom\u00ednio que aluga o espa\u00e7o para instala\u00e7\u00e3o das lojas. \u201cA estrutura f\u00edsica do shopping n\u00e3o pode ser considerada como estabelecimento para o fim de atrair a incid\u00eancia da obriga\u00e7\u00e3o\u201d, defendeu.<\/p>\n<p ><strong>Obriga\u00e7\u00e3o<\/strong><\/p>\n<p >Em seu voto, a ministra Maria Cristina Peduzzi explicou que o shopping center assume somente obriga\u00e7\u00f5es gen\u00e9ricas quanto \u00e0 seguran\u00e7a dos trabalhadores e ao fornecimento de banheiros e de locais para alimenta\u00e7\u00e3o. \u201cMas obriga\u00e7\u00f5es espec\u00edficas decorrem do contrato firmado entre os estabelecimentos comerciais individualmente considerados e seus trabalhadores\u201d, afirmou. \u201cTal obriga\u00e7\u00e3o \u00e9 destinada exclusivamente \u00e0 real empregadora, e n\u00e3o se pode somar todas as empregadas das lojas \u00e0s do shopping para este fim\u201d.<\/p>\n<p >A decis\u00e3o foi un\u00e2nime.<\/p>\n<p ><strong>Diverg\u00eancias<\/strong><\/p>\n<p >O entendimento sobre a mat\u00e9ria ainda n\u00e3o est\u00e1 pacificado entre as Turmas do TST. Para algumas,&nbsp;a administra\u00e7\u00e3o do shopping \u00e9 respons\u00e1vel por prover espa\u00e7os comuns, entre eles o destinado \u00e0s empregadas dos lojistas para que amamentem seus filhos.<\/p>\n<p >Processo: <a href=\"http:\/\/aplicacao4.tst.jus.br\/consultaProcessual\/consultaTstNumUnica.do?consulta=Consultar&amp;conscsjt=&amp;numeroTst=1487&amp;digitoTst=13&amp;anoTst=2015&amp;orgaoTst=5&amp;tribunalTst=23&amp;varaTst=0002&amp;submit=Consultar\" target=\"_blank\" rel=\"noopener\">RR-1487-13.2015.5.23.0002<\/a><\/p>\n<p >(RR\/CF)<\/p>\n<p> O TST possui oito Turmas, cada uma composta de tr\u00eas ministros, com a atribui\u00e7\u00e3o de analisar recursos de revista, agravos, agravos de instrumento, agravos regimentais e recursos ordin\u00e1rios em a\u00e7\u00e3o cautelar. Das decis\u00f5es das Turmas, a parte ainda pode, em alguns casos, recorrer \u00e0 Subse\u00e7\u00e3o I Especializada em Diss\u00eddios Individuais (SBDI-1). <strong>Esta mat\u00e9ria tem cunho meramente informativo.<br \/> Permitida \u00e0 reprodu\u00e7\u00e3o mediante cita\u00e7\u00e3o da fonte.<br \/> Secretaria de Comunica\u00e7\u00e3o Social<br \/> <a href=\"http:\/\/www.tst.jus.br\/\" target=\"_blank\" rel=\"noopener\">Tribunal Superior do Trabalho<\/a><br \/> Tel. (61) 3043-4907<br \/> <a href=\"mailto:secom@tst.jus.br\">secom@tst.jus.br<\/a><\/strong>       <\/br><br \/>\n<br \/><i>Com informa\u00e7\u00f5es da assessoria de imprensa do TST.<\/i><br \/>\n<br \/><a href=\"http:\/\/www.tst.jus.br\/web\/guest\/noticias?p_p_id=89Dk&#038;p_p_lifecycle=0&#038;refererPlid=10730&#038;_89Dk_struts_action=%2Fjournal_content%2Fview&#038;_89Dk_groupId=10157&#038;_89Dk_articleId=24660232\">Fonte<\/a><br \/>\n<br \/><\/p>\n","protected":false},"excerpt":{"rendered":"<p>O shopping alegava que a obriga\u00e7\u00e3o de cumprir a lei era dos empregadores lojistas A Oitava Turma do Tribunal Superior do Trabalho julgou improcedente a\u00e7\u00e3o civil p\u00fablica pela qual o Minist\u00e9rio P\u00fablico do Trabalho (MPT) pretendia exigir que o Shopping Center 3 Am\u00e9ricas, de Cuiab\u00e1 (MT), destinasse \u00e1rea de amamenta\u00e7\u00e3o para as empregadas das lojas. [&hellip;]<\/p>\n","protected":false},"author":3063,"featured_media":2594,"comment_status":"open","ping_status":"open","sticky":false,"template":"","format":"standard","meta":{"footnotes":""},"categories":[3,21],"tags":[33,216,9,12,217,215],"class_list":{"0":"post-3195","1":"post","2":"type-post","3":"status-publish","4":"format-standard","5":"has-post-thumbnail","7":"category-trabalhista","8":"category-tst","9":"tag-calculos-trabalhistas","10":"tag-direito-trabalhista","11":"tag-pericia","12":"tag-perito","13":"tag-trabalho","14":"tag-tst"},"yoast_head":"<!-- This site is optimized with the Yoast SEO plugin v27.2 - https:\/\/yoast.com\/product\/yoast-seo-wordpress\/ -->\n<title>TST: Shopping de Cuiab\u00e1 n\u00e3o ter\u00e1 de destinar espa\u00e7o de amamenta\u00e7\u00e3o para empregadas de lojas | Portal de Not\u00edcias<\/title>\n<meta name=\"robots\" content=\"index, follow, max-snippet:-1, max-image-preview:large, max-video-preview:-1\" \/>\n<link rel=\"canonical\" href=\"https:\/\/mhcalculos.com.br\/noticias\/area\/trabalhista\/tst-shopping-de-cuiaba-nao-tera-de-destinar-espaco-de-amamentacao-para-empregadas-de-lojas.html\" \/>\n<meta property=\"og:locale\" content=\"pt_BR\" \/>\n<meta property=\"og:type\" content=\"article\" \/>\n<meta property=\"og:title\" content=\"TST: Shopping de Cuiab\u00e1 n\u00e3o ter\u00e1 de destinar espa\u00e7o de amamenta\u00e7\u00e3o para empregadas de lojas | Portal de Not\u00edcias\" \/>\n<meta property=\"og:description\" content=\"O shopping alegava que a obriga\u00e7\u00e3o de cumprir a lei era dos empregadores lojistas A Oitava Turma do Tribunal Superior do Trabalho julgou improcedente a\u00e7\u00e3o civil p\u00fablica pela qual o Minist\u00e9rio P\u00fablico do Trabalho (MPT) pretendia exigir que o Shopping Center 3 Am\u00e9ricas, de Cuiab\u00e1 (MT), destinasse \u00e1rea de amamenta\u00e7\u00e3o para as empregadas das lojas. [&hellip;]\" \/>\n<meta property=\"og:url\" content=\"https:\/\/mhcalculos.com.br\/noticias\/area\/trabalhista\/tst-shopping-de-cuiaba-nao-tera-de-destinar-espaco-de-amamentacao-para-empregadas-de-lojas.html\" \/>\n<meta property=\"og:site_name\" content=\"Portal de Not\u00edcias\" \/>\n<meta property=\"article:published_time\" content=\"2018-09-19T10:00:00+00:00\" \/>\n<meta property=\"article:modified_time\" content=\"2021-07-28T17:34:04+00:00\" \/>\n<meta property=\"og:image\" content=\"https:\/\/mhcalculos.com.br\/noticias\/wp-content\/uploads\/sites\/2\/2018\/07\/judiciario-0032.jpg\" \/>\n\t<meta property=\"og:image:width\" content=\"2000\" \/>\n\t<meta property=\"og:image:height\" content=\"800\" \/>\n\t<meta property=\"og:image:type\" content=\"image\/jpeg\" \/>\n<meta name=\"author\" content=\"Equipe MH\" \/>\n<meta name=\"twitter:card\" content=\"summary_large_image\" \/>\n<meta name=\"twitter:label1\" content=\"Escrito por\" \/>\n\t<meta name=\"twitter:data1\" content=\"Equipe MH\" \/>\n\t<meta name=\"twitter:label2\" content=\"Est. tempo de leitura\" \/>\n\t<meta name=\"twitter:data2\" content=\"3 minutos\" \/>\n<script type=\"application\/ld+json\" class=\"yoast-schema-graph\">{\"@context\":\"https:\/\/schema.org\",\"@graph\":[{\"@type\":\"Article\",\"@id\":\"https:\/\/mhcalculos.com.br\/noticias\/area\/trabalhista\/tst-shopping-de-cuiaba-nao-tera-de-destinar-espaco-de-amamentacao-para-empregadas-de-lojas.html#article\",\"isPartOf\":{\"@id\":\"https:\/\/mhcalculos.com.br\/noticias\/area\/trabalhista\/tst-shopping-de-cuiaba-nao-tera-de-destinar-espaco-de-amamentacao-para-empregadas-de-lojas.html\"},\"author\":{\"name\":\"Equipe MH\",\"@id\":\"https:\/\/mhcalculos.com.br\/noticias\/#\/schema\/person\/88d1c34bf72dc779ea14a5a6b8e0ae8d\"},\"headline\":\"TST: Shopping de Cuiab\u00e1 n\u00e3o ter\u00e1 de destinar espa\u00e7o de amamenta\u00e7\u00e3o para empregadas de lojas\",\"datePublished\":\"2018-09-19T10:00:00+00:00\",\"dateModified\":\"2021-07-28T17:34:04+00:00\",\"mainEntityOfPage\":{\"@id\":\"https:\/\/mhcalculos.com.br\/noticias\/area\/trabalhista\/tst-shopping-de-cuiaba-nao-tera-de-destinar-espaco-de-amamentacao-para-empregadas-de-lojas.html\"},\"wordCount\":531,\"commentCount\":0,\"image\":{\"@id\":\"https:\/\/mhcalculos.com.br\/noticias\/area\/trabalhista\/tst-shopping-de-cuiaba-nao-tera-de-destinar-espaco-de-amamentacao-para-empregadas-de-lojas.html#primaryimage\"},\"thumbnailUrl\":\"https:\/\/mhcalculos.com.br\/noticias\/wp-content\/uploads\/sites\/2\/2018\/07\/judiciario-0032.jpg\",\"keywords\":[\"c\u00e1lculos trabalhistas\",\"direito trabalhista\",\"per\u00edcia\",\"perito\",\"trabalho\",\"TST\"],\"articleSection\":[\"Direito Trabalhista\",\"TST\"],\"inLanguage\":\"pt-BR\",\"potentialAction\":[{\"@type\":\"CommentAction\",\"name\":\"Comment\",\"target\":[\"https:\/\/mhcalculos.com.br\/noticias\/area\/trabalhista\/tst-shopping-de-cuiaba-nao-tera-de-destinar-espaco-de-amamentacao-para-empregadas-de-lojas.html#respond\"]}]},{\"@type\":\"WebPage\",\"@id\":\"https:\/\/mhcalculos.com.br\/noticias\/area\/trabalhista\/tst-shopping-de-cuiaba-nao-tera-de-destinar-espaco-de-amamentacao-para-empregadas-de-lojas.html\",\"url\":\"https:\/\/mhcalculos.com.br\/noticias\/area\/trabalhista\/tst-shopping-de-cuiaba-nao-tera-de-destinar-espaco-de-amamentacao-para-empregadas-de-lojas.html\",\"name\":\"TST: Shopping de Cuiab\u00e1 n\u00e3o ter\u00e1 de destinar espa\u00e7o de amamenta\u00e7\u00e3o para empregadas de lojas | Portal de Not\u00edcias\",\"isPartOf\":{\"@id\":\"https:\/\/mhcalculos.com.br\/noticias\/#website\"},\"primaryImageOfPage\":{\"@id\":\"https:\/\/mhcalculos.com.br\/noticias\/area\/trabalhista\/tst-shopping-de-cuiaba-nao-tera-de-destinar-espaco-de-amamentacao-para-empregadas-de-lojas.html#primaryimage\"},\"image\":{\"@id\":\"https:\/\/mhcalculos.com.br\/noticias\/area\/trabalhista\/tst-shopping-de-cuiaba-nao-tera-de-destinar-espaco-de-amamentacao-para-empregadas-de-lojas.html#primaryimage\"},\"thumbnailUrl\":\"https:\/\/mhcalculos.com.br\/noticias\/wp-content\/uploads\/sites\/2\/2018\/07\/judiciario-0032.jpg\",\"datePublished\":\"2018-09-19T10:00:00+00:00\",\"dateModified\":\"2021-07-28T17:34:04+00:00\",\"author\":{\"@id\":\"https:\/\/mhcalculos.com.br\/noticias\/#\/schema\/person\/88d1c34bf72dc779ea14a5a6b8e0ae8d\"},\"breadcrumb\":{\"@id\":\"https:\/\/mhcalculos.com.br\/noticias\/area\/trabalhista\/tst-shopping-de-cuiaba-nao-tera-de-destinar-espaco-de-amamentacao-para-empregadas-de-lojas.html#breadcrumb\"},\"inLanguage\":\"pt-BR\",\"potentialAction\":[{\"@type\":\"ReadAction\",\"target\":[\"https:\/\/mhcalculos.com.br\/noticias\/area\/trabalhista\/tst-shopping-de-cuiaba-nao-tera-de-destinar-espaco-de-amamentacao-para-empregadas-de-lojas.html\"]}]},{\"@type\":\"ImageObject\",\"inLanguage\":\"pt-BR\",\"@id\":\"https:\/\/mhcalculos.com.br\/noticias\/area\/trabalhista\/tst-shopping-de-cuiaba-nao-tera-de-destinar-espaco-de-amamentacao-para-empregadas-de-lojas.html#primaryimage\",\"url\":\"https:\/\/mhcalculos.com.br\/noticias\/wp-content\/uploads\/sites\/2\/2018\/07\/judiciario-0032.jpg\",\"contentUrl\":\"https:\/\/mhcalculos.com.br\/noticias\/wp-content\/uploads\/sites\/2\/2018\/07\/judiciario-0032.jpg\",\"width\":2000,\"height\":800},{\"@type\":\"BreadcrumbList\",\"@id\":\"https:\/\/mhcalculos.com.br\/noticias\/area\/trabalhista\/tst-shopping-de-cuiaba-nao-tera-de-destinar-espaco-de-amamentacao-para-empregadas-de-lojas.html#breadcrumb\",\"itemListElement\":[{\"@type\":\"ListItem\",\"position\":1,\"name\":\"In\u00edcio\",\"item\":\"https:\/\/mhcalculos.com.br\/noticias\/\"},{\"@type\":\"ListItem\",\"position\":2,\"name\":\"TST: Shopping de Cuiab\u00e1 n\u00e3o ter\u00e1 de destinar espa\u00e7o de amamenta\u00e7\u00e3o para empregadas de lojas\"}]},{\"@type\":\"WebSite\",\"@id\":\"https:\/\/mhcalculos.com.br\/noticias\/#website\",\"url\":\"https:\/\/mhcalculos.com.br\/noticias\/\",\"name\":\"Portal de Not\u00edcias\",\"description\":\"Not\u00edcias e Jurisprud\u00eancia\",\"potentialAction\":[{\"@type\":\"SearchAction\",\"target\":{\"@type\":\"EntryPoint\",\"urlTemplate\":\"https:\/\/mhcalculos.com.br\/noticias\/?s={search_term_string}\"},\"query-input\":{\"@type\":\"PropertyValueSpecification\",\"valueRequired\":true,\"valueName\":\"search_term_string\"}}],\"inLanguage\":\"pt-BR\"},{\"@type\":\"Person\",\"@id\":\"https:\/\/mhcalculos.com.br\/noticias\/#\/schema\/person\/88d1c34bf72dc779ea14a5a6b8e0ae8d\",\"name\":\"Equipe MH\",\"image\":{\"@type\":\"ImageObject\",\"inLanguage\":\"pt-BR\",\"@id\":\"https:\/\/secure.gravatar.com\/avatar\/de1c686c2ecc9c5a3f327e3431d819eb39f8f05d4e1045f5a1caad6daaba987f?s=96&d=mm&r=g\",\"url\":\"https:\/\/secure.gravatar.com\/avatar\/de1c686c2ecc9c5a3f327e3431d819eb39f8f05d4e1045f5a1caad6daaba987f?s=96&d=mm&r=g\",\"contentUrl\":\"https:\/\/secure.gravatar.com\/avatar\/de1c686c2ecc9c5a3f327e3431d819eb39f8f05d4e1045f5a1caad6daaba987f?s=96&d=mm&r=g\",\"caption\":\"Equipe MH\"}}]}<\/script>\n<!-- \/ Yoast SEO plugin. -->","yoast_head_json":{"title":"TST: Shopping de Cuiab\u00e1 n\u00e3o ter\u00e1 de destinar espa\u00e7o de amamenta\u00e7\u00e3o para empregadas de lojas | Portal de Not\u00edcias","robots":{"index":"index","follow":"follow","max-snippet":"max-snippet:-1","max-image-preview":"max-image-preview:large","max-video-preview":"max-video-preview:-1"},"canonical":"https:\/\/mhcalculos.com.br\/noticias\/area\/trabalhista\/tst-shopping-de-cuiaba-nao-tera-de-destinar-espaco-de-amamentacao-para-empregadas-de-lojas.html","og_locale":"pt_BR","og_type":"article","og_title":"TST: Shopping de Cuiab\u00e1 n\u00e3o ter\u00e1 de destinar espa\u00e7o de amamenta\u00e7\u00e3o para empregadas de lojas | Portal de Not\u00edcias","og_description":"O shopping alegava que a obriga\u00e7\u00e3o de cumprir a lei era dos empregadores lojistas A Oitava Turma do Tribunal Superior do Trabalho julgou improcedente a\u00e7\u00e3o civil p\u00fablica pela qual o Minist\u00e9rio P\u00fablico do Trabalho (MPT) pretendia exigir que o Shopping Center 3 Am\u00e9ricas, de Cuiab\u00e1 (MT), destinasse \u00e1rea de amamenta\u00e7\u00e3o para as empregadas das lojas. [&hellip;]","og_url":"https:\/\/mhcalculos.com.br\/noticias\/area\/trabalhista\/tst-shopping-de-cuiaba-nao-tera-de-destinar-espaco-de-amamentacao-para-empregadas-de-lojas.html","og_site_name":"Portal de Not\u00edcias","article_published_time":"2018-09-19T10:00:00+00:00","article_modified_time":"2021-07-28T17:34:04+00:00","og_image":[{"width":2000,"height":800,"url":"https:\/\/mhcalculos.com.br\/noticias\/wp-content\/uploads\/sites\/2\/2018\/07\/judiciario-0032.jpg","type":"image\/jpeg"}],"author":"Equipe MH","twitter_card":"summary_large_image","twitter_misc":{"Escrito por":"Equipe MH","Est. tempo de leitura":"3 minutos"},"schema":{"@context":"https:\/\/schema.org","@graph":[{"@type":"Article","@id":"https:\/\/mhcalculos.com.br\/noticias\/area\/trabalhista\/tst-shopping-de-cuiaba-nao-tera-de-destinar-espaco-de-amamentacao-para-empregadas-de-lojas.html#article","isPartOf":{"@id":"https:\/\/mhcalculos.com.br\/noticias\/area\/trabalhista\/tst-shopping-de-cuiaba-nao-tera-de-destinar-espaco-de-amamentacao-para-empregadas-de-lojas.html"},"author":{"name":"Equipe MH","@id":"https:\/\/mhcalculos.com.br\/noticias\/#\/schema\/person\/88d1c34bf72dc779ea14a5a6b8e0ae8d"},"headline":"TST: Shopping de Cuiab\u00e1 n\u00e3o ter\u00e1 de destinar espa\u00e7o de amamenta\u00e7\u00e3o para empregadas de lojas","datePublished":"2018-09-19T10:00:00+00:00","dateModified":"2021-07-28T17:34:04+00:00","mainEntityOfPage":{"@id":"https:\/\/mhcalculos.com.br\/noticias\/area\/trabalhista\/tst-shopping-de-cuiaba-nao-tera-de-destinar-espaco-de-amamentacao-para-empregadas-de-lojas.html"},"wordCount":531,"commentCount":0,"image":{"@id":"https:\/\/mhcalculos.com.br\/noticias\/area\/trabalhista\/tst-shopping-de-cuiaba-nao-tera-de-destinar-espaco-de-amamentacao-para-empregadas-de-lojas.html#primaryimage"},"thumbnailUrl":"https:\/\/mhcalculos.com.br\/noticias\/wp-content\/uploads\/sites\/2\/2018\/07\/judiciario-0032.jpg","keywords":["c\u00e1lculos trabalhistas","direito trabalhista","per\u00edcia","perito","trabalho","TST"],"articleSection":["Direito Trabalhista","TST"],"inLanguage":"pt-BR","potentialAction":[{"@type":"CommentAction","name":"Comment","target":["https:\/\/mhcalculos.com.br\/noticias\/area\/trabalhista\/tst-shopping-de-cuiaba-nao-tera-de-destinar-espaco-de-amamentacao-para-empregadas-de-lojas.html#respond"]}]},{"@type":"WebPage","@id":"https:\/\/mhcalculos.com.br\/noticias\/area\/trabalhista\/tst-shopping-de-cuiaba-nao-tera-de-destinar-espaco-de-amamentacao-para-empregadas-de-lojas.html","url":"https:\/\/mhcalculos.com.br\/noticias\/area\/trabalhista\/tst-shopping-de-cuiaba-nao-tera-de-destinar-espaco-de-amamentacao-para-empregadas-de-lojas.html","name":"TST: Shopping de Cuiab\u00e1 n\u00e3o ter\u00e1 de destinar espa\u00e7o de amamenta\u00e7\u00e3o para empregadas de lojas | Portal de Not\u00edcias","isPartOf":{"@id":"https:\/\/mhcalculos.com.br\/noticias\/#website"},"primaryImageOfPage":{"@id":"https:\/\/mhcalculos.com.br\/noticias\/area\/trabalhista\/tst-shopping-de-cuiaba-nao-tera-de-destinar-espaco-de-amamentacao-para-empregadas-de-lojas.html#primaryimage"},"image":{"@id":"https:\/\/mhcalculos.com.br\/noticias\/area\/trabalhista\/tst-shopping-de-cuiaba-nao-tera-de-destinar-espaco-de-amamentacao-para-empregadas-de-lojas.html#primaryimage"},"thumbnailUrl":"https:\/\/mhcalculos.com.br\/noticias\/wp-content\/uploads\/sites\/2\/2018\/07\/judiciario-0032.jpg","datePublished":"2018-09-19T10:00:00+00:00","dateModified":"2021-07-28T17:34:04+00:00","author":{"@id":"https:\/\/mhcalculos.com.br\/noticias\/#\/schema\/person\/88d1c34bf72dc779ea14a5a6b8e0ae8d"},"breadcrumb":{"@id":"https:\/\/mhcalculos.com.br\/noticias\/area\/trabalhista\/tst-shopping-de-cuiaba-nao-tera-de-destinar-espaco-de-amamentacao-para-empregadas-de-lojas.html#breadcrumb"},"inLanguage":"pt-BR","potentialAction":[{"@type":"ReadAction","target":["https:\/\/mhcalculos.com.br\/noticias\/area\/trabalhista\/tst-shopping-de-cuiaba-nao-tera-de-destinar-espaco-de-amamentacao-para-empregadas-de-lojas.html"]}]},{"@type":"ImageObject","inLanguage":"pt-BR","@id":"https:\/\/mhcalculos.com.br\/noticias\/area\/trabalhista\/tst-shopping-de-cuiaba-nao-tera-de-destinar-espaco-de-amamentacao-para-empregadas-de-lojas.html#primaryimage","url":"https:\/\/mhcalculos.com.br\/noticias\/wp-content\/uploads\/sites\/2\/2018\/07\/judiciario-0032.jpg","contentUrl":"https:\/\/mhcalculos.com.br\/noticias\/wp-content\/uploads\/sites\/2\/2018\/07\/judiciario-0032.jpg","width":2000,"height":800},{"@type":"BreadcrumbList","@id":"https:\/\/mhcalculos.com.br\/noticias\/area\/trabalhista\/tst-shopping-de-cuiaba-nao-tera-de-destinar-espaco-de-amamentacao-para-empregadas-de-lojas.html#breadcrumb","itemListElement":[{"@type":"ListItem","position":1,"name":"In\u00edcio","item":"https:\/\/mhcalculos.com.br\/noticias\/"},{"@type":"ListItem","position":2,"name":"TST: Shopping de Cuiab\u00e1 n\u00e3o ter\u00e1 de destinar espa\u00e7o de amamenta\u00e7\u00e3o para empregadas de lojas"}]},{"@type":"WebSite","@id":"https:\/\/mhcalculos.com.br\/noticias\/#website","url":"https:\/\/mhcalculos.com.br\/noticias\/","name":"Portal de Not\u00edcias","description":"Not\u00edcias e Jurisprud\u00eancia","potentialAction":[{"@type":"SearchAction","target":{"@type":"EntryPoint","urlTemplate":"https:\/\/mhcalculos.com.br\/noticias\/?s={search_term_string}"},"query-input":{"@type":"PropertyValueSpecification","valueRequired":true,"valueName":"search_term_string"}}],"inLanguage":"pt-BR"},{"@type":"Person","@id":"https:\/\/mhcalculos.com.br\/noticias\/#\/schema\/person\/88d1c34bf72dc779ea14a5a6b8e0ae8d","name":"Equipe MH","image":{"@type":"ImageObject","inLanguage":"pt-BR","@id":"https:\/\/secure.gravatar.com\/avatar\/de1c686c2ecc9c5a3f327e3431d819eb39f8f05d4e1045f5a1caad6daaba987f?s=96&d=mm&r=g","url":"https:\/\/secure.gravatar.com\/avatar\/de1c686c2ecc9c5a3f327e3431d819eb39f8f05d4e1045f5a1caad6daaba987f?s=96&d=mm&r=g","contentUrl":"https:\/\/secure.gravatar.com\/avatar\/de1c686c2ecc9c5a3f327e3431d819eb39f8f05d4e1045f5a1caad6daaba987f?s=96&d=mm&r=g","caption":"Equipe MH"}}]}},"_links":{"self":[{"href":"https:\/\/mhcalculos.com.br\/noticias\/wp-json\/wp\/v2\/posts\/3195","targetHints":{"allow":["GET"]}}],"collection":[{"href":"https:\/\/mhcalculos.com.br\/noticias\/wp-json\/wp\/v2\/posts"}],"about":[{"href":"https:\/\/mhcalculos.com.br\/noticias\/wp-json\/wp\/v2\/types\/post"}],"author":[{"embeddable":true,"href":"https:\/\/mhcalculos.com.br\/noticias\/wp-json\/wp\/v2\/users\/3063"}],"replies":[{"embeddable":true,"href":"https:\/\/mhcalculos.com.br\/noticias\/wp-json\/wp\/v2\/comments?post=3195"}],"version-history":[{"count":1,"href":"https:\/\/mhcalculos.com.br\/noticias\/wp-json\/wp\/v2\/posts\/3195\/revisions"}],"predecessor-version":[{"id":10221,"href":"https:\/\/mhcalculos.com.br\/noticias\/wp-json\/wp\/v2\/posts\/3195\/revisions\/10221"}],"wp:featuredmedia":[{"embeddable":true,"href":"https:\/\/mhcalculos.com.br\/noticias\/wp-json\/wp\/v2\/media\/2594"}],"wp:attachment":[{"href":"https:\/\/mhcalculos.com.br\/noticias\/wp-json\/wp\/v2\/media?parent=3195"}],"wp:term":[{"taxonomy":"category","embeddable":true,"href":"https:\/\/mhcalculos.com.br\/noticias\/wp-json\/wp\/v2\/categories?post=3195"},{"taxonomy":"post_tag","embeddable":true,"href":"https:\/\/mhcalculos.com.br\/noticias\/wp-json\/wp\/v2\/tags?post=3195"}],"curies":[{"name":"wp","href":"https:\/\/api.w.org\/{rel}","templated":true}]}}