{"id":3190,"date":"2018-09-21T01:00:26","date_gmt":"2018-09-21T04:00:26","guid":{"rendered":"https:\/\/mhcalculos.com.br\/noticias\/2018\/09\/21\/stj-afastada-necessidade-de-filiacao-a-associacao-para-execucao-individual-em-mandado-de-seguranca-coletivo\/"},"modified":"2021-07-28T14:34:04","modified_gmt":"2021-07-28T17:34:04","slug":"stj-afastada-necessidade-de-filiacao-a-associacao-para-execucao-individual-em-mandado-de-seguranca-coletivo","status":"publish","type":"post","link":"https:\/\/mhcalculos.com.br\/noticias\/area\/previdenciario\/stj-afastada-necessidade-de-filiacao-a-associacao-para-execucao-individual-em-mandado-de-seguranca-coletivo.html","title":{"rendered":"STJ: Afastada necessidade de filia\u00e7\u00e3o a associa\u00e7\u00e3o para execu\u00e7\u00e3o individual em mandado de seguran\u00e7a coletivo"},"content":{"rendered":"<p><br \/>\n<\/p>\n<p>A aus&ecirc;ncia do nome do interessado na rela&ccedil;&atilde;o de filiados apresentada pela associa&ccedil;&atilde;o ao ingressar com mandado de seguran&ccedil;a coletivo n&atilde;o constitui impedimento para a execu&ccedil;&atilde;o individual do t&iacute;tulo executivo. A decis&atilde;o &eacute; da Primeira Turma do Superior Tribunal de Justi&ccedil;a (STJ), firmada em an&aacute;lise de recurso que discutia a necessidade da lista nominal dos associados em mandado de seguran&ccedil;a coletivo ajuizado pela Federa&ccedil;&atilde;o Nacional das Associa&ccedil;&otilde;es de Aposentados e Pensionistas da Caixa Econ&ocirc;mica Federal (Fenacef), na qualidade de substituta processual, bem como o alcance da senten&ccedil;a judicial.<\/p>\n<p>O mandado de seguran&ccedil;a coletivo foi parcialmente concedido para excluir a incid&ecirc;ncia do Imposto de Renda sobre o resgate de poupan&ccedil;a de previd&ecirc;ncia complementar, relativamente &agrave;s contribui&ccedil;&otilde;es realizadas entre 1989 e 1995.<\/p>\n<p>Apesar da decis&atilde;o concessiva, na fase de execu&ccedil;&atilde;o, o magistrado entendeu que alguns dos filiados n&atilde;o teriam legitimidade para executar a senten&ccedil;a, j&aacute; que eles n&atilde;o estavam associados na data da propositura da a&ccedil;&atilde;o. Al&eacute;m disso, o juiz rejeitou o conhecimento da execu&ccedil;&atilde;o proposta por associados que, no momento de ingresso do mandado de seguran&ccedil;a, tinham domic&iacute;lio diferente do &acirc;mbito de compet&ecirc;ncia territorial do &oacute;rg&atilde;o prolator (a 14&ordf; Vara Federal do Distrito Federal).<\/p>\n<p><strong>Legitimidade<\/strong><\/p>\n<p>Todavia, o Tribunal Regional Federal da 1&ordf; Regi&atilde;o reformou a decis&atilde;o por entender que a associa&ccedil;&atilde;o legalmente constitu&iacute;da tem legitimidade, na condi&ccedil;&atilde;o de substituta processual, para ajuizar a&ccedil;&atilde;o em defesa de seus associados, independentemente de autoriza&ccedil;&atilde;o expressa ou apresenta&ccedil;&atilde;o de listas de filiados. O TRF1 tamb&eacute;m concluiu ser poss&iacute;vel conferir efic&aacute;cia nacional ao t&iacute;tulo executivo, tendo em vista que a Uni&atilde;o era representante da autoridade impetrada. &nbsp;<\/p>\n<p>Em recurso dirigido ao STJ, a Fazenda Nacional alegou que a substitui&ccedil;&atilde;o processual decorrente do mandado de seguran&ccedil;a coletivo impetrado por associa&ccedil;&atilde;o &eacute; diferente da substitui&ccedil;&atilde;o realizada por sindicato. Para a Fazenda, a substitui&ccedil;&atilde;o pela associa&ccedil;&atilde;o decorre da filia&ccedil;&atilde;o, ao passo que a substitui&ccedil;&atilde;o processual pelos sindicatos decorre da simples inser&ccedil;&atilde;o do benefici&aacute;rio na categoria profissional representada pelo ente sindical, independentemente da sindicaliza&ccedil;&atilde;o.<\/p>\n<p>Dessa forma, segundo a Fazenda, a eventual filia&ccedil;&atilde;o posterior &agrave; impetra&ccedil;&atilde;o do mandado de seguran&ccedil;a coletivo por associa&ccedil;&atilde;o n&atilde;o geraria efeito em rela&ccedil;&atilde;o aos filiados &ldquo;retardat&aacute;rios&rdquo;, sob pena de viola&ccedil;&atilde;o ao ju&iacute;zo natural. A recorrente tamb&eacute;m pedia a restri&ccedil;&atilde;o territorial da senten&ccedil;a coletiva, nos termos da Lei 9.494\/97.<\/p>\n<p><strong>&Oacute;bice inexistente<\/strong><\/p>\n<p>O ministro Gurgel de Faria apontou que o artigo 5&ordm;, inciso LXX, al&iacute;nea &ldquo;b&rdquo;, da Constitui&ccedil;&atilde;o Federal disp&otilde;e que o mandado de seguran&ccedil;a coletivo pode ser impetrado por organiza&ccedil;&atilde;o sindical, entidade de classe ou associa&ccedil;&atilde;o legalmente constitu&iacute;da e em funcionamento h&aacute; pelo menos um ano, em defesa dos interesses de seus membros ou associados.<\/p>\n<p>Com base na previs&atilde;o constitucional, afirmou o ministro, o Supremo Tribunal Federal editou a <strong><a target=\"_blank\" href=\"http:\/\/www.stf.jus.br\/portal\/jurisprudencia\/menuSumarioSumulas.asp?sumula=2826\" rel=\"noopener\">S&uacute;mula 629<\/a><\/strong>, que estabelece que a impetra&ccedil;&atilde;o de mandado de seguran&ccedil;a coletivo por entidade de classe em favor dos associados independe da autoriza&ccedil;&atilde;o destes. Nesse sentido, o relator entendeu n&atilde;o se aplicar ao mandado de seguran&ccedil;a coletivo a exig&ecirc;ncia prevista pelo <strong><a target=\"_blank\" href=\"http:\/\/www.planalto.gov.br\/ccivil_03\/leis\/L9494.htm#art2\" rel=\"noopener\">artigo 2&ordm;-A<\/a><\/strong> da Lei 9.494\/97.<\/p>\n<p>&ldquo;O fato de algum exequente n&atilde;o constar da rela&ccedil;&atilde;o de filiados apresentada pela Fenacef no <em>mandamus<\/em> coletivo ou n&atilde;o ser aposentado ou pensionista na data da impetra&ccedil;&atilde;o do mandado de seguran&ccedil;a ou de sua senten&ccedil;a n&atilde;o &eacute; &oacute;bice para a execu&ccedil;&atilde;o individual do t&iacute;tulo executivo&rdquo;, afirmou o ministro.<\/p>\n<p> Em rela&ccedil;&atilde;o aos efeitos territoriais da senten&ccedil;a coletiva, Gurgel de Faria ressaltou <strong><a href=\"https:\/\/ww2.stj.jus.br\/processo\/revista\/documento\/mediado\/?componente=ITA&amp;sequencial=1091364&amp;num_registro=201100534155&amp;data=20111212&amp;formato=PDF\">entendimento<\/a><\/strong> da Corte Especial, fixado em recurso repetitivo, no sentido de que a liquida&ccedil;&atilde;o e a execu&ccedil;&atilde;o individual de senten&ccedil;a gen&eacute;rica proferida em a&ccedil;&atilde;o civil coletiva podem ser ajuizadas no domic&iacute;lio do benefici&aacute;rio, pois os efeitos da senten&ccedil;a n&atilde;o est&atilde;o restritos a limites geogr&aacute;ficos, mas aos limites objetivos e subjetivos do que foi decidido.<br \/>\n<br \/><i>Com informa\u00e7\u00f5es da assessoria de imprensa do STJ.<\/i><br \/>\n<br \/><a href=\"http:\/\/feedproxy.google.com\/~r\/STJNoticias\/~3\/gpBC85xic0g\/Afastada-necessidade-de-filia%C3%A7%C3%A3o-a-associa%C3%A7%C3%A3o-para-execu%C3%A7%C3%A3o-individual-em-mandado-de-seguran%C3%A7a-coletivo\">Fonte<\/a><br \/>\n<br \/><\/p>\n","protected":false},"excerpt":{"rendered":"<p>A aus&ecirc;ncia do nome do interessado na rela&ccedil;&atilde;o de filiados apresentada pela associa&ccedil;&atilde;o ao ingressar com mandado de seguran&ccedil;a coletivo n&atilde;o constitui impedimento para a execu&ccedil;&atilde;o individual do t&iacute;tulo executivo. A decis&atilde;o &eacute; da Primeira Turma do Superior Tribunal de Justi&ccedil;a (STJ), firmada em an&aacute;lise de recurso que discutia a necessidade da lista nominal dos [&hellip;]<\/p>\n","protected":false},"author":3063,"featured_media":2927,"comment_status":"open","ping_status":"open","sticky":false,"template":"","format":"standard","meta":{"footnotes":""},"categories":[5,7],"tags":[11,10,8,13,9,12,14],"class_list":{"0":"post-3190","1":"post","2":"type-post","3":"status-publish","4":"format-standard","5":"has-post-thumbnail","7":"category-previdenciario","8":"category-stj","9":"tag-aposentadoria","10":"tag-calculos-previdenciarios","11":"tag-direito-previdenciario","12":"tag-inss","13":"tag-pericia","14":"tag-perito","15":"tag-stj"},"yoast_head":"<!-- This site is optimized with the Yoast SEO plugin v27.2 - https:\/\/yoast.com\/product\/yoast-seo-wordpress\/ -->\n<title>STJ: Afastada necessidade de filia\u00e7\u00e3o a associa\u00e7\u00e3o para execu\u00e7\u00e3o individual em mandado de seguran\u00e7a coletivo | Portal de Not\u00edcias<\/title>\n<meta name=\"robots\" content=\"index, follow, max-snippet:-1, max-image-preview:large, max-video-preview:-1\" \/>\n<link rel=\"canonical\" href=\"https:\/\/mhcalculos.com.br\/noticias\/area\/previdenciario\/stj-afastada-necessidade-de-filiacao-a-associacao-para-execucao-individual-em-mandado-de-seguranca-coletivo.html\" \/>\n<meta property=\"og:locale\" content=\"pt_BR\" \/>\n<meta property=\"og:type\" content=\"article\" \/>\n<meta property=\"og:title\" content=\"STJ: Afastada necessidade de filia\u00e7\u00e3o a associa\u00e7\u00e3o para execu\u00e7\u00e3o individual em mandado de seguran\u00e7a coletivo | Portal de Not\u00edcias\" \/>\n<meta property=\"og:description\" content=\"A aus&ecirc;ncia do nome do interessado na rela&ccedil;&atilde;o de filiados apresentada pela associa&ccedil;&atilde;o ao ingressar com mandado de seguran&ccedil;a coletivo n&atilde;o constitui impedimento para a execu&ccedil;&atilde;o individual do t&iacute;tulo executivo. A decis&atilde;o &eacute; da Primeira Turma do Superior Tribunal de Justi&ccedil;a (STJ), firmada em an&aacute;lise de recurso que discutia a necessidade da lista nominal dos [&hellip;]\" \/>\n<meta property=\"og:url\" content=\"https:\/\/mhcalculos.com.br\/noticias\/area\/previdenciario\/stj-afastada-necessidade-de-filiacao-a-associacao-para-execucao-individual-em-mandado-de-seguranca-coletivo.html\" \/>\n<meta property=\"og:site_name\" content=\"Portal de Not\u00edcias\" \/>\n<meta property=\"article:published_time\" content=\"2018-09-21T04:00:26+00:00\" \/>\n<meta property=\"article:modified_time\" content=\"2021-07-28T17:34:04+00:00\" \/>\n<meta property=\"og:image\" content=\"https:\/\/mhcalculos.com.br\/noticias\/wp-content\/uploads\/sites\/2\/2018\/08\/previdenciario-0017.jpg\" \/>\n\t<meta property=\"og:image:width\" content=\"2000\" \/>\n\t<meta property=\"og:image:height\" content=\"800\" \/>\n\t<meta property=\"og:image:type\" content=\"image\/jpeg\" \/>\n<meta name=\"author\" content=\"Equipe MH\" \/>\n<meta name=\"twitter:card\" content=\"summary_large_image\" \/>\n<meta name=\"twitter:label1\" content=\"Escrito por\" \/>\n\t<meta name=\"twitter:data1\" content=\"Equipe MH\" \/>\n\t<meta name=\"twitter:label2\" content=\"Est. tempo de leitura\" \/>\n\t<meta name=\"twitter:data2\" content=\"4 minutos\" \/>\n<script type=\"application\/ld+json\" class=\"yoast-schema-graph\">{\"@context\":\"https:\/\/schema.org\",\"@graph\":[{\"@type\":\"Article\",\"@id\":\"https:\/\/mhcalculos.com.br\/noticias\/area\/previdenciario\/stj-afastada-necessidade-de-filiacao-a-associacao-para-execucao-individual-em-mandado-de-seguranca-coletivo.html#article\",\"isPartOf\":{\"@id\":\"https:\/\/mhcalculos.com.br\/noticias\/area\/previdenciario\/stj-afastada-necessidade-de-filiacao-a-associacao-para-execucao-individual-em-mandado-de-seguranca-coletivo.html\"},\"author\":{\"name\":\"Equipe MH\",\"@id\":\"https:\/\/mhcalculos.com.br\/noticias\/#\/schema\/person\/88d1c34bf72dc779ea14a5a6b8e0ae8d\"},\"headline\":\"STJ: Afastada necessidade de filia\u00e7\u00e3o a associa\u00e7\u00e3o para execu\u00e7\u00e3o individual em mandado de seguran\u00e7a coletivo\",\"datePublished\":\"2018-09-21T04:00:26+00:00\",\"dateModified\":\"2021-07-28T17:34:04+00:00\",\"mainEntityOfPage\":{\"@id\":\"https:\/\/mhcalculos.com.br\/noticias\/area\/previdenciario\/stj-afastada-necessidade-de-filiacao-a-associacao-para-execucao-individual-em-mandado-de-seguranca-coletivo.html\"},\"wordCount\":893,\"commentCount\":0,\"image\":{\"@id\":\"https:\/\/mhcalculos.com.br\/noticias\/area\/previdenciario\/stj-afastada-necessidade-de-filiacao-a-associacao-para-execucao-individual-em-mandado-de-seguranca-coletivo.html#primaryimage\"},\"thumbnailUrl\":\"https:\/\/mhcalculos.com.br\/noticias\/wp-content\/uploads\/sites\/2\/2018\/08\/previdenciario-0017.jpg\",\"keywords\":[\"aposentadoria\",\"c\u00e1lculos previdenci\u00e1rios\",\"direito previdenci\u00e1rio\",\"inss\",\"per\u00edcia\",\"perito\",\"stj\"],\"articleSection\":[\"Direito Previdenci\u00e1rio\",\"STJ\"],\"inLanguage\":\"pt-BR\",\"potentialAction\":[{\"@type\":\"CommentAction\",\"name\":\"Comment\",\"target\":[\"https:\/\/mhcalculos.com.br\/noticias\/area\/previdenciario\/stj-afastada-necessidade-de-filiacao-a-associacao-para-execucao-individual-em-mandado-de-seguranca-coletivo.html#respond\"]}]},{\"@type\":\"WebPage\",\"@id\":\"https:\/\/mhcalculos.com.br\/noticias\/area\/previdenciario\/stj-afastada-necessidade-de-filiacao-a-associacao-para-execucao-individual-em-mandado-de-seguranca-coletivo.html\",\"url\":\"https:\/\/mhcalculos.com.br\/noticias\/area\/previdenciario\/stj-afastada-necessidade-de-filiacao-a-associacao-para-execucao-individual-em-mandado-de-seguranca-coletivo.html\",\"name\":\"STJ: Afastada necessidade de filia\u00e7\u00e3o a associa\u00e7\u00e3o para execu\u00e7\u00e3o individual em mandado de seguran\u00e7a coletivo | Portal de Not\u00edcias\",\"isPartOf\":{\"@id\":\"https:\/\/mhcalculos.com.br\/noticias\/#website\"},\"primaryImageOfPage\":{\"@id\":\"https:\/\/mhcalculos.com.br\/noticias\/area\/previdenciario\/stj-afastada-necessidade-de-filiacao-a-associacao-para-execucao-individual-em-mandado-de-seguranca-coletivo.html#primaryimage\"},\"image\":{\"@id\":\"https:\/\/mhcalculos.com.br\/noticias\/area\/previdenciario\/stj-afastada-necessidade-de-filiacao-a-associacao-para-execucao-individual-em-mandado-de-seguranca-coletivo.html#primaryimage\"},\"thumbnailUrl\":\"https:\/\/mhcalculos.com.br\/noticias\/wp-content\/uploads\/sites\/2\/2018\/08\/previdenciario-0017.jpg\",\"datePublished\":\"2018-09-21T04:00:26+00:00\",\"dateModified\":\"2021-07-28T17:34:04+00:00\",\"author\":{\"@id\":\"https:\/\/mhcalculos.com.br\/noticias\/#\/schema\/person\/88d1c34bf72dc779ea14a5a6b8e0ae8d\"},\"breadcrumb\":{\"@id\":\"https:\/\/mhcalculos.com.br\/noticias\/area\/previdenciario\/stj-afastada-necessidade-de-filiacao-a-associacao-para-execucao-individual-em-mandado-de-seguranca-coletivo.html#breadcrumb\"},\"inLanguage\":\"pt-BR\",\"potentialAction\":[{\"@type\":\"ReadAction\",\"target\":[\"https:\/\/mhcalculos.com.br\/noticias\/area\/previdenciario\/stj-afastada-necessidade-de-filiacao-a-associacao-para-execucao-individual-em-mandado-de-seguranca-coletivo.html\"]}]},{\"@type\":\"ImageObject\",\"inLanguage\":\"pt-BR\",\"@id\":\"https:\/\/mhcalculos.com.br\/noticias\/area\/previdenciario\/stj-afastada-necessidade-de-filiacao-a-associacao-para-execucao-individual-em-mandado-de-seguranca-coletivo.html#primaryimage\",\"url\":\"https:\/\/mhcalculos.com.br\/noticias\/wp-content\/uploads\/sites\/2\/2018\/08\/previdenciario-0017.jpg\",\"contentUrl\":\"https:\/\/mhcalculos.com.br\/noticias\/wp-content\/uploads\/sites\/2\/2018\/08\/previdenciario-0017.jpg\",\"width\":2000,\"height\":800},{\"@type\":\"BreadcrumbList\",\"@id\":\"https:\/\/mhcalculos.com.br\/noticias\/area\/previdenciario\/stj-afastada-necessidade-de-filiacao-a-associacao-para-execucao-individual-em-mandado-de-seguranca-coletivo.html#breadcrumb\",\"itemListElement\":[{\"@type\":\"ListItem\",\"position\":1,\"name\":\"In\u00edcio\",\"item\":\"https:\/\/mhcalculos.com.br\/noticias\/\"},{\"@type\":\"ListItem\",\"position\":2,\"name\":\"STJ: Afastada necessidade de filia\u00e7\u00e3o a associa\u00e7\u00e3o para execu\u00e7\u00e3o individual em mandado de seguran\u00e7a coletivo\"}]},{\"@type\":\"WebSite\",\"@id\":\"https:\/\/mhcalculos.com.br\/noticias\/#website\",\"url\":\"https:\/\/mhcalculos.com.br\/noticias\/\",\"name\":\"Portal de Not\u00edcias\",\"description\":\"Not\u00edcias e Jurisprud\u00eancia\",\"potentialAction\":[{\"@type\":\"SearchAction\",\"target\":{\"@type\":\"EntryPoint\",\"urlTemplate\":\"https:\/\/mhcalculos.com.br\/noticias\/?s={search_term_string}\"},\"query-input\":{\"@type\":\"PropertyValueSpecification\",\"valueRequired\":true,\"valueName\":\"search_term_string\"}}],\"inLanguage\":\"pt-BR\"},{\"@type\":\"Person\",\"@id\":\"https:\/\/mhcalculos.com.br\/noticias\/#\/schema\/person\/88d1c34bf72dc779ea14a5a6b8e0ae8d\",\"name\":\"Equipe MH\",\"image\":{\"@type\":\"ImageObject\",\"inLanguage\":\"pt-BR\",\"@id\":\"https:\/\/secure.gravatar.com\/avatar\/de1c686c2ecc9c5a3f327e3431d819eb39f8f05d4e1045f5a1caad6daaba987f?s=96&d=mm&r=g\",\"url\":\"https:\/\/secure.gravatar.com\/avatar\/de1c686c2ecc9c5a3f327e3431d819eb39f8f05d4e1045f5a1caad6daaba987f?s=96&d=mm&r=g\",\"contentUrl\":\"https:\/\/secure.gravatar.com\/avatar\/de1c686c2ecc9c5a3f327e3431d819eb39f8f05d4e1045f5a1caad6daaba987f?s=96&d=mm&r=g\",\"caption\":\"Equipe MH\"}}]}<\/script>\n<!-- \/ Yoast SEO plugin. -->","yoast_head_json":{"title":"STJ: Afastada necessidade de filia\u00e7\u00e3o a associa\u00e7\u00e3o para execu\u00e7\u00e3o individual em mandado de seguran\u00e7a coletivo | Portal de Not\u00edcias","robots":{"index":"index","follow":"follow","max-snippet":"max-snippet:-1","max-image-preview":"max-image-preview:large","max-video-preview":"max-video-preview:-1"},"canonical":"https:\/\/mhcalculos.com.br\/noticias\/area\/previdenciario\/stj-afastada-necessidade-de-filiacao-a-associacao-para-execucao-individual-em-mandado-de-seguranca-coletivo.html","og_locale":"pt_BR","og_type":"article","og_title":"STJ: Afastada necessidade de filia\u00e7\u00e3o a associa\u00e7\u00e3o para execu\u00e7\u00e3o individual em mandado de seguran\u00e7a coletivo | Portal de Not\u00edcias","og_description":"A aus&ecirc;ncia do nome do interessado na rela&ccedil;&atilde;o de filiados apresentada pela associa&ccedil;&atilde;o ao ingressar com mandado de seguran&ccedil;a coletivo n&atilde;o constitui impedimento para a execu&ccedil;&atilde;o individual do t&iacute;tulo executivo. A decis&atilde;o &eacute; da Primeira Turma do Superior Tribunal de Justi&ccedil;a (STJ), firmada em an&aacute;lise de recurso que discutia a necessidade da lista nominal dos [&hellip;]","og_url":"https:\/\/mhcalculos.com.br\/noticias\/area\/previdenciario\/stj-afastada-necessidade-de-filiacao-a-associacao-para-execucao-individual-em-mandado-de-seguranca-coletivo.html","og_site_name":"Portal de Not\u00edcias","article_published_time":"2018-09-21T04:00:26+00:00","article_modified_time":"2021-07-28T17:34:04+00:00","og_image":[{"width":2000,"height":800,"url":"https:\/\/mhcalculos.com.br\/noticias\/wp-content\/uploads\/sites\/2\/2018\/08\/previdenciario-0017.jpg","type":"image\/jpeg"}],"author":"Equipe MH","twitter_card":"summary_large_image","twitter_misc":{"Escrito por":"Equipe MH","Est. tempo de leitura":"4 minutos"},"schema":{"@context":"https:\/\/schema.org","@graph":[{"@type":"Article","@id":"https:\/\/mhcalculos.com.br\/noticias\/area\/previdenciario\/stj-afastada-necessidade-de-filiacao-a-associacao-para-execucao-individual-em-mandado-de-seguranca-coletivo.html#article","isPartOf":{"@id":"https:\/\/mhcalculos.com.br\/noticias\/area\/previdenciario\/stj-afastada-necessidade-de-filiacao-a-associacao-para-execucao-individual-em-mandado-de-seguranca-coletivo.html"},"author":{"name":"Equipe MH","@id":"https:\/\/mhcalculos.com.br\/noticias\/#\/schema\/person\/88d1c34bf72dc779ea14a5a6b8e0ae8d"},"headline":"STJ: Afastada necessidade de filia\u00e7\u00e3o a associa\u00e7\u00e3o para execu\u00e7\u00e3o individual em mandado de seguran\u00e7a coletivo","datePublished":"2018-09-21T04:00:26+00:00","dateModified":"2021-07-28T17:34:04+00:00","mainEntityOfPage":{"@id":"https:\/\/mhcalculos.com.br\/noticias\/area\/previdenciario\/stj-afastada-necessidade-de-filiacao-a-associacao-para-execucao-individual-em-mandado-de-seguranca-coletivo.html"},"wordCount":893,"commentCount":0,"image":{"@id":"https:\/\/mhcalculos.com.br\/noticias\/area\/previdenciario\/stj-afastada-necessidade-de-filiacao-a-associacao-para-execucao-individual-em-mandado-de-seguranca-coletivo.html#primaryimage"},"thumbnailUrl":"https:\/\/mhcalculos.com.br\/noticias\/wp-content\/uploads\/sites\/2\/2018\/08\/previdenciario-0017.jpg","keywords":["aposentadoria","c\u00e1lculos previdenci\u00e1rios","direito previdenci\u00e1rio","inss","per\u00edcia","perito","stj"],"articleSection":["Direito Previdenci\u00e1rio","STJ"],"inLanguage":"pt-BR","potentialAction":[{"@type":"CommentAction","name":"Comment","target":["https:\/\/mhcalculos.com.br\/noticias\/area\/previdenciario\/stj-afastada-necessidade-de-filiacao-a-associacao-para-execucao-individual-em-mandado-de-seguranca-coletivo.html#respond"]}]},{"@type":"WebPage","@id":"https:\/\/mhcalculos.com.br\/noticias\/area\/previdenciario\/stj-afastada-necessidade-de-filiacao-a-associacao-para-execucao-individual-em-mandado-de-seguranca-coletivo.html","url":"https:\/\/mhcalculos.com.br\/noticias\/area\/previdenciario\/stj-afastada-necessidade-de-filiacao-a-associacao-para-execucao-individual-em-mandado-de-seguranca-coletivo.html","name":"STJ: Afastada necessidade de filia\u00e7\u00e3o a associa\u00e7\u00e3o para execu\u00e7\u00e3o individual em mandado de seguran\u00e7a coletivo | Portal de Not\u00edcias","isPartOf":{"@id":"https:\/\/mhcalculos.com.br\/noticias\/#website"},"primaryImageOfPage":{"@id":"https:\/\/mhcalculos.com.br\/noticias\/area\/previdenciario\/stj-afastada-necessidade-de-filiacao-a-associacao-para-execucao-individual-em-mandado-de-seguranca-coletivo.html#primaryimage"},"image":{"@id":"https:\/\/mhcalculos.com.br\/noticias\/area\/previdenciario\/stj-afastada-necessidade-de-filiacao-a-associacao-para-execucao-individual-em-mandado-de-seguranca-coletivo.html#primaryimage"},"thumbnailUrl":"https:\/\/mhcalculos.com.br\/noticias\/wp-content\/uploads\/sites\/2\/2018\/08\/previdenciario-0017.jpg","datePublished":"2018-09-21T04:00:26+00:00","dateModified":"2021-07-28T17:34:04+00:00","author":{"@id":"https:\/\/mhcalculos.com.br\/noticias\/#\/schema\/person\/88d1c34bf72dc779ea14a5a6b8e0ae8d"},"breadcrumb":{"@id":"https:\/\/mhcalculos.com.br\/noticias\/area\/previdenciario\/stj-afastada-necessidade-de-filiacao-a-associacao-para-execucao-individual-em-mandado-de-seguranca-coletivo.html#breadcrumb"},"inLanguage":"pt-BR","potentialAction":[{"@type":"ReadAction","target":["https:\/\/mhcalculos.com.br\/noticias\/area\/previdenciario\/stj-afastada-necessidade-de-filiacao-a-associacao-para-execucao-individual-em-mandado-de-seguranca-coletivo.html"]}]},{"@type":"ImageObject","inLanguage":"pt-BR","@id":"https:\/\/mhcalculos.com.br\/noticias\/area\/previdenciario\/stj-afastada-necessidade-de-filiacao-a-associacao-para-execucao-individual-em-mandado-de-seguranca-coletivo.html#primaryimage","url":"https:\/\/mhcalculos.com.br\/noticias\/wp-content\/uploads\/sites\/2\/2018\/08\/previdenciario-0017.jpg","contentUrl":"https:\/\/mhcalculos.com.br\/noticias\/wp-content\/uploads\/sites\/2\/2018\/08\/previdenciario-0017.jpg","width":2000,"height":800},{"@type":"BreadcrumbList","@id":"https:\/\/mhcalculos.com.br\/noticias\/area\/previdenciario\/stj-afastada-necessidade-de-filiacao-a-associacao-para-execucao-individual-em-mandado-de-seguranca-coletivo.html#breadcrumb","itemListElement":[{"@type":"ListItem","position":1,"name":"In\u00edcio","item":"https:\/\/mhcalculos.com.br\/noticias\/"},{"@type":"ListItem","position":2,"name":"STJ: Afastada necessidade de filia\u00e7\u00e3o a associa\u00e7\u00e3o para execu\u00e7\u00e3o individual em mandado de seguran\u00e7a coletivo"}]},{"@type":"WebSite","@id":"https:\/\/mhcalculos.com.br\/noticias\/#website","url":"https:\/\/mhcalculos.com.br\/noticias\/","name":"Portal de Not\u00edcias","description":"Not\u00edcias e Jurisprud\u00eancia","potentialAction":[{"@type":"SearchAction","target":{"@type":"EntryPoint","urlTemplate":"https:\/\/mhcalculos.com.br\/noticias\/?s={search_term_string}"},"query-input":{"@type":"PropertyValueSpecification","valueRequired":true,"valueName":"search_term_string"}}],"inLanguage":"pt-BR"},{"@type":"Person","@id":"https:\/\/mhcalculos.com.br\/noticias\/#\/schema\/person\/88d1c34bf72dc779ea14a5a6b8e0ae8d","name":"Equipe MH","image":{"@type":"ImageObject","inLanguage":"pt-BR","@id":"https:\/\/secure.gravatar.com\/avatar\/de1c686c2ecc9c5a3f327e3431d819eb39f8f05d4e1045f5a1caad6daaba987f?s=96&d=mm&r=g","url":"https:\/\/secure.gravatar.com\/avatar\/de1c686c2ecc9c5a3f327e3431d819eb39f8f05d4e1045f5a1caad6daaba987f?s=96&d=mm&r=g","contentUrl":"https:\/\/secure.gravatar.com\/avatar\/de1c686c2ecc9c5a3f327e3431d819eb39f8f05d4e1045f5a1caad6daaba987f?s=96&d=mm&r=g","caption":"Equipe MH"}}]}},"_links":{"self":[{"href":"https:\/\/mhcalculos.com.br\/noticias\/wp-json\/wp\/v2\/posts\/3190","targetHints":{"allow":["GET"]}}],"collection":[{"href":"https:\/\/mhcalculos.com.br\/noticias\/wp-json\/wp\/v2\/posts"}],"about":[{"href":"https:\/\/mhcalculos.com.br\/noticias\/wp-json\/wp\/v2\/types\/post"}],"author":[{"embeddable":true,"href":"https:\/\/mhcalculos.com.br\/noticias\/wp-json\/wp\/v2\/users\/3063"}],"replies":[{"embeddable":true,"href":"https:\/\/mhcalculos.com.br\/noticias\/wp-json\/wp\/v2\/comments?post=3190"}],"version-history":[{"count":1,"href":"https:\/\/mhcalculos.com.br\/noticias\/wp-json\/wp\/v2\/posts\/3190\/revisions"}],"predecessor-version":[{"id":10217,"href":"https:\/\/mhcalculos.com.br\/noticias\/wp-json\/wp\/v2\/posts\/3190\/revisions\/10217"}],"wp:featuredmedia":[{"embeddable":true,"href":"https:\/\/mhcalculos.com.br\/noticias\/wp-json\/wp\/v2\/media\/2927"}],"wp:attachment":[{"href":"https:\/\/mhcalculos.com.br\/noticias\/wp-json\/wp\/v2\/media?parent=3190"}],"wp:term":[{"taxonomy":"category","embeddable":true,"href":"https:\/\/mhcalculos.com.br\/noticias\/wp-json\/wp\/v2\/categories?post=3190"},{"taxonomy":"post_tag","embeddable":true,"href":"https:\/\/mhcalculos.com.br\/noticias\/wp-json\/wp\/v2\/tags?post=3190"}],"curies":[{"name":"wp","href":"https:\/\/api.w.org\/{rel}","templated":true}]}}