{"id":3189,"date":"2018-09-20T22:00:48","date_gmt":"2018-09-21T01:00:48","guid":{"rendered":"https:\/\/mhcalculos.com.br\/noticias\/2018\/09\/20\/stf-plenario-julga-acoes-diretas-de-inconstitucionalidade-de-relatoria-do-ministro-dias-toffoli\/"},"modified":"2021-07-28T14:34:04","modified_gmt":"2021-07-28T17:34:04","slug":"stf-plenario-julga-acoes-diretas-de-inconstitucionalidade-de-relatoria-do-ministro-dias-toffoli","status":"publish","type":"post","link":"https:\/\/mhcalculos.com.br\/noticias\/area\/previdenciario\/stf-plenario-julga-acoes-diretas-de-inconstitucionalidade-de-relatoria-do-ministro-dias-toffoli.html","title":{"rendered":"STF: Plen\u00e1rio julga a\u00e7\u00f5es diretas de inconstitucionalidade de relatoria do ministro Dias Toffoli"},"content":{"rendered":"<p><br \/>\n<\/p>\n<p>O Plen\u00e1rio do Supremo Tribunal Federal (STF) julgou nesta quinta-feira (20), em lista, sete A\u00e7\u00f5es Diretas de Inconstitucionalidade (ADIs) relatadas pelo presidente do STF, ministro Dias Toffoli, ajuizadas contra duas normas federais e cinco normas estaduais. Os temas tratam de diversos assuntos: subs\u00eddio vital\u00edcio de ex-governadores, incorpora\u00e7\u00e3o de quintos de servidores, publicidade de carros, pagamento extra em convoca\u00e7\u00e3o extraordin\u00e1ria, cria\u00e7\u00e3o de feriado, regime pr\u00f3prio de previd\u00eancia e obrigatoriedade de B\u00edblia em escolas e bibliotecas p\u00fablicas. Todas as decis\u00f5es foram un\u00e2nimes.<\/p>\n<p><b>Maranh\u00e3o<\/b><\/p>\n<p>O Plen\u00e1rio julgou procedente a ADI 3418, proposta pela Procuradoria-Geral da Rep\u00fablica (PGR), e declarou a inconstitucionalidade do artigo 45 do Ato das Disposi\u00e7\u00f5es Transit\u00f3rias da Constitui\u00e7\u00e3o do Maranh\u00e3o e da Lei estadual 6.245\/1994, que preveem a concess\u00e3o de subs\u00eddio mensal vital\u00edcio para ex-governador dessa unidade da federa\u00e7\u00e3o. As normas estabeleciam que o valor seria o mesmo dos vencimentos de um desembargador estadual e seria extensivo a vi\u00fava de ex-governador.<\/p>\n<p><b>Para\u00edba<\/b><\/p>\n<p>Os ministros tamb\u00e9m julgaram procedente a ADI 3785, ajuizada pela Presid\u00eancia de Rep\u00fablica contra a Resolu\u00e7\u00e3o Administrativa 98\/2005 do Tribunal Regional do Trabalho da 13&ordf; Regi\u00e3o (Para\u00edba), que incorporou aos sal\u00e1rios de todos os funcion\u00e1rios do \u00f3rg\u00e3o os quintos adquiridos pelo exerc\u00edcio de fun\u00e7\u00e3o comissionada.<\/p>\n<p><b>Pagamento extra<\/b><\/p>\n<p>O STF julgou improcedente a ADI 4577, na qual a Assembleia Legislativa de Goi\u00e1s contestava a reda\u00e7\u00e3o conferida ao par\u00e1grafo 2&ordm; do artigo 27 da Constitui\u00e7\u00e3o Federal pela Emenda Constitucional 19\/1998, que resultou na extens\u00e3o aos membros dos Legislativos estaduais da regra que veda o pagamento extra em caso de convoca\u00e7\u00e3o extraordin\u00e1ria durante o recesso parlamentar.<\/p>\n<p><b>Publicidade<\/b><\/p>\n<p>Os ministros julgaram improcedente a ADI 4613, ajuizada pela Confedera\u00e7\u00e3o Nacional da Ind\u00fastria (CNI) contra a Lei 12.006\/2009, que introduziu no C\u00f3digo de Tr\u00e2nsito Brasileiro (Lei 9.503\/1997) a obrigatoriedade de inser\u00e7\u00e3o de uma mensagem de car\u00e1ter educativo na publicidade de produtos da ind\u00fastria automobil\u00edstica.<\/p>\n<p><b>Amap\u00e1<\/b><\/p>\n<p>O Plen\u00e1rio declarou inconstitucional a Lei 1.696\/2012 do Amap\u00e1, que instituiu o dia 25 de julho como feriado estadual em comemora\u00e7\u00e3o ao Dia de S\u00e3o Tiago. A decis\u00e3o foi tomada na an\u00e1lise da ADI 4820, ajuizada pelo governo amapaense.<\/p>\n<p><b>Roraima<\/b><\/p>\n<p>O Supremo julgou parcialmente procedente a ADI 5111, proposta pelo governo de Roraima contra normas estaduais que permitem a participa\u00e7\u00e3o dos servidores declarados est\u00e1veis pela Constitui\u00e7\u00e3o roraimense no regime pr\u00f3prio de previd\u00eancia local. Foi declarada a inconstitucionalidade da express\u00e3o &ldquo;bem como os servidores declarados est\u00e1veis, nos termos da Constitui\u00e7\u00e3o estadual&rdquo;, do inciso I do artigo 3&ordm; da Lei Complementar 54\/2001, e do artigo 28 da Resolu\u00e7\u00e3o 49\/2005 da Assembleia Legislativa do estado.<\/p>\n<p><b>Rond\u00f4nia<\/b><\/p>\n<p>Foi julgada procedente ainda a ADI 5257, ajuizada pela PGR contra os artigos 1&ordm; e 2&ordm; da Lei 1.864\/2008 de Rond\u00f4nia. O primeiro dispositivo oficializa no estado a B\u00edblia Sagrada como livro-base de fonte doutrin\u00e1ria para fundamentar princ\u00edpios, usos e costumes de comunidades, igrejas e grupos. J\u00e1 o segundo estabelece que essas entidades poder\u00e3o utilizar a obra como base de suas decis\u00f5es e atividades afins (sociais, morais e espirituais), com pleno reconhecimento em Rond\u00f4nia, aplicadas aos seus membros e a quem requerer usar os seus servi\u00e7os ou vincular-se de alguma forma \u00e0s referidas institui\u00e7\u00f5es.<\/p>\n<p><span style=\"font-size: small\">RP\/CR<\/span><\/p>\n<p>Leia mais:<br \/>\n1&ordm;\/3\/2005 &ndash; <a href=\"http:\/\/portal.stf.jus.br\/noticias\/verNoticiaDetalhe.asp?idConteudo=64336\" target=\"_blank\" rel=\"noopener\">PGR questiona no Supremo subs\u00eddio vital\u00edcio de ex-governadores do Maranh\u00e3o<\/a><\/p>\n<p>30\/8\/2006 &ndash; <a href=\"http:\/\/portal.stf.jus.br\/noticias\/verNoticiaDetalhe.asp?idConteudo=67720\" target=\"_blank\" rel=\"noopener\">PR prop\u00f5e inconstitucionalidade de incorpora\u00e7\u00e3o de quintos de servidores do TRT-13<\/a><\/p>\n<p>25\/3\/2011 &ndash; <a href=\"http:\/\/portal.stf.jus.br\/noticias\/verNoticiaDetalhe.asp?idConteudo=175281\" target=\"_blank\" rel=\"noopener\">Assembleia Legislativa de Goi\u00e1s contesta veda\u00e7\u00e3o ao pagamento extra em caso de convoca\u00e7\u00e3o extraordin\u00e1ria<\/a><\/p>\n<p>6\/6\/2011 &ndash; <a href=\"http:\/\/portal.stf.jus.br\/noticias\/verNoticiaDetalhe.asp?idConteudo=181282\" target=\"_blank\" rel=\"noopener\">CNI contesta obrigatoriedade imposta a ind\u00fastria automobil\u00edstica<\/a><\/p>\n<p>20\/7\/2012 &ndash; <a href=\"http:\/\/portal.stf.jus.br\/noticias\/verNoticiaDetalhe.asp?idConteudo=212673\" target=\"_blank\" rel=\"noopener\">Governo do Amap\u00e1 questiona lei que criou feriado no Dia de S\u00e3o Tiago<\/a><\/p>\n<p>24\/4\/2014 &ndash; <a href=\"http:\/\/portal.stf.jus.br\/noticias\/verNoticiaDetalhe.asp?idConteudo=265378\">Questionada lei de RR sobre participa\u00e7\u00e3o em regime pr\u00f3prio de previd\u00eancia<\/a><\/p>\n<p>12\/3\/2015 &ndash; <a href=\"http:\/\/portal.stf.jus.br\/noticias\/verNoticiaDetalhe.asp?idConteudo=287170\" target=\"_blank\" rel=\"noopener\">PGR aju\u00edza a\u00e7\u00f5es contra obrigatoriedade de B\u00edblia em escolas e bibliotecas p\u00fablicas<\/a><br \/>\n&nbsp;<\/p>\n<p>&nbsp;<\/p>\n<p><i>Com informa\u00e7\u00f5es da assessoria de imprensa do STF.<\/i><br \/>\n<br \/><br \/>\n<br \/><a href=\"http:\/\/www.stf.jus.br\/portal\/cms\/verNoticiaDetalhe.asp?idConteudo=390301\">Fonte<\/a><\/p>\n","protected":false},"excerpt":{"rendered":"<p>O Plen\u00e1rio do Supremo Tribunal Federal (STF) julgou nesta quinta-feira (20), em lista, sete A\u00e7\u00f5es Diretas de Inconstitucionalidade (ADIs) relatadas pelo presidente do STF, ministro Dias Toffoli, ajuizadas contra duas normas federais e cinco normas estaduais. Os temas tratam de diversos assuntos: subs\u00eddio vital\u00edcio de ex-governadores, incorpora\u00e7\u00e3o de quintos de servidores, publicidade de carros, pagamento [&hellip;]<\/p>\n","protected":false},"author":3063,"featured_media":2092,"comment_status":"open","ping_status":"open","sticky":false,"template":"","format":"standard","meta":{"footnotes":""},"categories":[5,15],"tags":[11,10,8,13,9,12,16],"class_list":{"0":"post-3189","1":"post","2":"type-post","3":"status-publish","4":"format-standard","5":"has-post-thumbnail","7":"category-previdenciario","8":"category-stf","9":"tag-aposentadoria","10":"tag-calculos-previdenciarios","11":"tag-direito-previdenciario","12":"tag-inss","13":"tag-pericia","14":"tag-perito","15":"tag-stf"},"yoast_head":"<!-- This site is optimized with the Yoast SEO plugin v27.2 - https:\/\/yoast.com\/product\/yoast-seo-wordpress\/ -->\n<title>STF: Plen\u00e1rio julga a\u00e7\u00f5es diretas de inconstitucionalidade de relatoria do ministro Dias Toffoli | Portal de Not\u00edcias<\/title>\n<meta name=\"robots\" content=\"index, follow, max-snippet:-1, max-image-preview:large, max-video-preview:-1\" \/>\n<link rel=\"canonical\" href=\"https:\/\/mhcalculos.com.br\/noticias\/area\/previdenciario\/stf-plenario-julga-acoes-diretas-de-inconstitucionalidade-de-relatoria-do-ministro-dias-toffoli.html\" \/>\n<meta property=\"og:locale\" content=\"pt_BR\" \/>\n<meta property=\"og:type\" content=\"article\" \/>\n<meta property=\"og:title\" content=\"STF: Plen\u00e1rio julga a\u00e7\u00f5es diretas de inconstitucionalidade de relatoria do ministro Dias Toffoli | Portal de Not\u00edcias\" \/>\n<meta property=\"og:description\" content=\"O Plen\u00e1rio do Supremo Tribunal Federal (STF) julgou nesta quinta-feira (20), em lista, sete A\u00e7\u00f5es Diretas de Inconstitucionalidade (ADIs) relatadas pelo presidente do STF, ministro Dias Toffoli, ajuizadas contra duas normas federais e cinco normas estaduais. Os temas tratam de diversos assuntos: subs\u00eddio vital\u00edcio de ex-governadores, incorpora\u00e7\u00e3o de quintos de servidores, publicidade de carros, pagamento [&hellip;]\" \/>\n<meta property=\"og:url\" content=\"https:\/\/mhcalculos.com.br\/noticias\/area\/previdenciario\/stf-plenario-julga-acoes-diretas-de-inconstitucionalidade-de-relatoria-do-ministro-dias-toffoli.html\" \/>\n<meta property=\"og:site_name\" content=\"Portal de Not\u00edcias\" \/>\n<meta property=\"article:published_time\" content=\"2018-09-21T01:00:48+00:00\" \/>\n<meta property=\"article:modified_time\" content=\"2021-07-28T17:34:04+00:00\" \/>\n<meta property=\"og:image\" content=\"https:\/\/mhcalculos.com.br\/noticias\/wp-content\/uploads\/sites\/2\/2018\/06\/judiciario-0013.jpg\" \/>\n\t<meta property=\"og:image:width\" content=\"2000\" \/>\n\t<meta property=\"og:image:height\" content=\"800\" \/>\n\t<meta property=\"og:image:type\" content=\"image\/jpeg\" \/>\n<meta name=\"author\" content=\"Equipe MH\" \/>\n<meta name=\"twitter:card\" content=\"summary_large_image\" \/>\n<meta name=\"twitter:label1\" content=\"Escrito por\" \/>\n\t<meta name=\"twitter:data1\" content=\"Equipe MH\" \/>\n\t<meta name=\"twitter:label2\" content=\"Est. tempo de leitura\" \/>\n\t<meta name=\"twitter:data2\" content=\"3 minutos\" \/>\n<script type=\"application\/ld+json\" class=\"yoast-schema-graph\">{\"@context\":\"https:\/\/schema.org\",\"@graph\":[{\"@type\":\"Article\",\"@id\":\"https:\/\/mhcalculos.com.br\/noticias\/area\/previdenciario\/stf-plenario-julga-acoes-diretas-de-inconstitucionalidade-de-relatoria-do-ministro-dias-toffoli.html#article\",\"isPartOf\":{\"@id\":\"https:\/\/mhcalculos.com.br\/noticias\/area\/previdenciario\/stf-plenario-julga-acoes-diretas-de-inconstitucionalidade-de-relatoria-do-ministro-dias-toffoli.html\"},\"author\":{\"name\":\"Equipe MH\",\"@id\":\"https:\/\/mhcalculos.com.br\/noticias\/#\/schema\/person\/88d1c34bf72dc779ea14a5a6b8e0ae8d\"},\"headline\":\"STF: Plen\u00e1rio julga a\u00e7\u00f5es diretas de inconstitucionalidade de relatoria do ministro Dias Toffoli\",\"datePublished\":\"2018-09-21T01:00:48+00:00\",\"dateModified\":\"2021-07-28T17:34:04+00:00\",\"mainEntityOfPage\":{\"@id\":\"https:\/\/mhcalculos.com.br\/noticias\/area\/previdenciario\/stf-plenario-julga-acoes-diretas-de-inconstitucionalidade-de-relatoria-do-ministro-dias-toffoli.html\"},\"wordCount\":704,\"commentCount\":0,\"image\":{\"@id\":\"https:\/\/mhcalculos.com.br\/noticias\/area\/previdenciario\/stf-plenario-julga-acoes-diretas-de-inconstitucionalidade-de-relatoria-do-ministro-dias-toffoli.html#primaryimage\"},\"thumbnailUrl\":\"https:\/\/mhcalculos.com.br\/noticias\/wp-content\/uploads\/sites\/2\/2018\/06\/judiciario-0013.jpg\",\"keywords\":[\"aposentadoria\",\"c\u00e1lculos previdenci\u00e1rios\",\"direito previdenci\u00e1rio\",\"inss\",\"per\u00edcia\",\"perito\",\"stf\"],\"articleSection\":[\"Direito Previdenci\u00e1rio\",\"STF\"],\"inLanguage\":\"pt-BR\",\"potentialAction\":[{\"@type\":\"CommentAction\",\"name\":\"Comment\",\"target\":[\"https:\/\/mhcalculos.com.br\/noticias\/area\/previdenciario\/stf-plenario-julga-acoes-diretas-de-inconstitucionalidade-de-relatoria-do-ministro-dias-toffoli.html#respond\"]}]},{\"@type\":\"WebPage\",\"@id\":\"https:\/\/mhcalculos.com.br\/noticias\/area\/previdenciario\/stf-plenario-julga-acoes-diretas-de-inconstitucionalidade-de-relatoria-do-ministro-dias-toffoli.html\",\"url\":\"https:\/\/mhcalculos.com.br\/noticias\/area\/previdenciario\/stf-plenario-julga-acoes-diretas-de-inconstitucionalidade-de-relatoria-do-ministro-dias-toffoli.html\",\"name\":\"STF: Plen\u00e1rio julga a\u00e7\u00f5es diretas de inconstitucionalidade de relatoria do ministro Dias Toffoli | Portal de Not\u00edcias\",\"isPartOf\":{\"@id\":\"https:\/\/mhcalculos.com.br\/noticias\/#website\"},\"primaryImageOfPage\":{\"@id\":\"https:\/\/mhcalculos.com.br\/noticias\/area\/previdenciario\/stf-plenario-julga-acoes-diretas-de-inconstitucionalidade-de-relatoria-do-ministro-dias-toffoli.html#primaryimage\"},\"image\":{\"@id\":\"https:\/\/mhcalculos.com.br\/noticias\/area\/previdenciario\/stf-plenario-julga-acoes-diretas-de-inconstitucionalidade-de-relatoria-do-ministro-dias-toffoli.html#primaryimage\"},\"thumbnailUrl\":\"https:\/\/mhcalculos.com.br\/noticias\/wp-content\/uploads\/sites\/2\/2018\/06\/judiciario-0013.jpg\",\"datePublished\":\"2018-09-21T01:00:48+00:00\",\"dateModified\":\"2021-07-28T17:34:04+00:00\",\"author\":{\"@id\":\"https:\/\/mhcalculos.com.br\/noticias\/#\/schema\/person\/88d1c34bf72dc779ea14a5a6b8e0ae8d\"},\"breadcrumb\":{\"@id\":\"https:\/\/mhcalculos.com.br\/noticias\/area\/previdenciario\/stf-plenario-julga-acoes-diretas-de-inconstitucionalidade-de-relatoria-do-ministro-dias-toffoli.html#breadcrumb\"},\"inLanguage\":\"pt-BR\",\"potentialAction\":[{\"@type\":\"ReadAction\",\"target\":[\"https:\/\/mhcalculos.com.br\/noticias\/area\/previdenciario\/stf-plenario-julga-acoes-diretas-de-inconstitucionalidade-de-relatoria-do-ministro-dias-toffoli.html\"]}]},{\"@type\":\"ImageObject\",\"inLanguage\":\"pt-BR\",\"@id\":\"https:\/\/mhcalculos.com.br\/noticias\/area\/previdenciario\/stf-plenario-julga-acoes-diretas-de-inconstitucionalidade-de-relatoria-do-ministro-dias-toffoli.html#primaryimage\",\"url\":\"https:\/\/mhcalculos.com.br\/noticias\/wp-content\/uploads\/sites\/2\/2018\/06\/judiciario-0013.jpg\",\"contentUrl\":\"https:\/\/mhcalculos.com.br\/noticias\/wp-content\/uploads\/sites\/2\/2018\/06\/judiciario-0013.jpg\",\"width\":2000,\"height\":800},{\"@type\":\"BreadcrumbList\",\"@id\":\"https:\/\/mhcalculos.com.br\/noticias\/area\/previdenciario\/stf-plenario-julga-acoes-diretas-de-inconstitucionalidade-de-relatoria-do-ministro-dias-toffoli.html#breadcrumb\",\"itemListElement\":[{\"@type\":\"ListItem\",\"position\":1,\"name\":\"In\u00edcio\",\"item\":\"https:\/\/mhcalculos.com.br\/noticias\/\"},{\"@type\":\"ListItem\",\"position\":2,\"name\":\"STF: Plen\u00e1rio julga a\u00e7\u00f5es diretas de inconstitucionalidade de relatoria do ministro Dias Toffoli\"}]},{\"@type\":\"WebSite\",\"@id\":\"https:\/\/mhcalculos.com.br\/noticias\/#website\",\"url\":\"https:\/\/mhcalculos.com.br\/noticias\/\",\"name\":\"Portal de Not\u00edcias\",\"description\":\"Not\u00edcias e Jurisprud\u00eancia\",\"potentialAction\":[{\"@type\":\"SearchAction\",\"target\":{\"@type\":\"EntryPoint\",\"urlTemplate\":\"https:\/\/mhcalculos.com.br\/noticias\/?s={search_term_string}\"},\"query-input\":{\"@type\":\"PropertyValueSpecification\",\"valueRequired\":true,\"valueName\":\"search_term_string\"}}],\"inLanguage\":\"pt-BR\"},{\"@type\":\"Person\",\"@id\":\"https:\/\/mhcalculos.com.br\/noticias\/#\/schema\/person\/88d1c34bf72dc779ea14a5a6b8e0ae8d\",\"name\":\"Equipe MH\",\"image\":{\"@type\":\"ImageObject\",\"inLanguage\":\"pt-BR\",\"@id\":\"https:\/\/secure.gravatar.com\/avatar\/de1c686c2ecc9c5a3f327e3431d819eb39f8f05d4e1045f5a1caad6daaba987f?s=96&d=mm&r=g\",\"url\":\"https:\/\/secure.gravatar.com\/avatar\/de1c686c2ecc9c5a3f327e3431d819eb39f8f05d4e1045f5a1caad6daaba987f?s=96&d=mm&r=g\",\"contentUrl\":\"https:\/\/secure.gravatar.com\/avatar\/de1c686c2ecc9c5a3f327e3431d819eb39f8f05d4e1045f5a1caad6daaba987f?s=96&d=mm&r=g\",\"caption\":\"Equipe MH\"}}]}<\/script>\n<!-- \/ Yoast SEO plugin. -->","yoast_head_json":{"title":"STF: Plen\u00e1rio julga a\u00e7\u00f5es diretas de inconstitucionalidade de relatoria do ministro Dias Toffoli | Portal de Not\u00edcias","robots":{"index":"index","follow":"follow","max-snippet":"max-snippet:-1","max-image-preview":"max-image-preview:large","max-video-preview":"max-video-preview:-1"},"canonical":"https:\/\/mhcalculos.com.br\/noticias\/area\/previdenciario\/stf-plenario-julga-acoes-diretas-de-inconstitucionalidade-de-relatoria-do-ministro-dias-toffoli.html","og_locale":"pt_BR","og_type":"article","og_title":"STF: Plen\u00e1rio julga a\u00e7\u00f5es diretas de inconstitucionalidade de relatoria do ministro Dias Toffoli | Portal de Not\u00edcias","og_description":"O Plen\u00e1rio do Supremo Tribunal Federal (STF) julgou nesta quinta-feira (20), em lista, sete A\u00e7\u00f5es Diretas de Inconstitucionalidade (ADIs) relatadas pelo presidente do STF, ministro Dias Toffoli, ajuizadas contra duas normas federais e cinco normas estaduais. Os temas tratam de diversos assuntos: subs\u00eddio vital\u00edcio de ex-governadores, incorpora\u00e7\u00e3o de quintos de servidores, publicidade de carros, pagamento [&hellip;]","og_url":"https:\/\/mhcalculos.com.br\/noticias\/area\/previdenciario\/stf-plenario-julga-acoes-diretas-de-inconstitucionalidade-de-relatoria-do-ministro-dias-toffoli.html","og_site_name":"Portal de Not\u00edcias","article_published_time":"2018-09-21T01:00:48+00:00","article_modified_time":"2021-07-28T17:34:04+00:00","og_image":[{"width":2000,"height":800,"url":"https:\/\/mhcalculos.com.br\/noticias\/wp-content\/uploads\/sites\/2\/2018\/06\/judiciario-0013.jpg","type":"image\/jpeg"}],"author":"Equipe MH","twitter_card":"summary_large_image","twitter_misc":{"Escrito por":"Equipe MH","Est. tempo de leitura":"3 minutos"},"schema":{"@context":"https:\/\/schema.org","@graph":[{"@type":"Article","@id":"https:\/\/mhcalculos.com.br\/noticias\/area\/previdenciario\/stf-plenario-julga-acoes-diretas-de-inconstitucionalidade-de-relatoria-do-ministro-dias-toffoli.html#article","isPartOf":{"@id":"https:\/\/mhcalculos.com.br\/noticias\/area\/previdenciario\/stf-plenario-julga-acoes-diretas-de-inconstitucionalidade-de-relatoria-do-ministro-dias-toffoli.html"},"author":{"name":"Equipe MH","@id":"https:\/\/mhcalculos.com.br\/noticias\/#\/schema\/person\/88d1c34bf72dc779ea14a5a6b8e0ae8d"},"headline":"STF: Plen\u00e1rio julga a\u00e7\u00f5es diretas de inconstitucionalidade de relatoria do ministro Dias Toffoli","datePublished":"2018-09-21T01:00:48+00:00","dateModified":"2021-07-28T17:34:04+00:00","mainEntityOfPage":{"@id":"https:\/\/mhcalculos.com.br\/noticias\/area\/previdenciario\/stf-plenario-julga-acoes-diretas-de-inconstitucionalidade-de-relatoria-do-ministro-dias-toffoli.html"},"wordCount":704,"commentCount":0,"image":{"@id":"https:\/\/mhcalculos.com.br\/noticias\/area\/previdenciario\/stf-plenario-julga-acoes-diretas-de-inconstitucionalidade-de-relatoria-do-ministro-dias-toffoli.html#primaryimage"},"thumbnailUrl":"https:\/\/mhcalculos.com.br\/noticias\/wp-content\/uploads\/sites\/2\/2018\/06\/judiciario-0013.jpg","keywords":["aposentadoria","c\u00e1lculos previdenci\u00e1rios","direito previdenci\u00e1rio","inss","per\u00edcia","perito","stf"],"articleSection":["Direito Previdenci\u00e1rio","STF"],"inLanguage":"pt-BR","potentialAction":[{"@type":"CommentAction","name":"Comment","target":["https:\/\/mhcalculos.com.br\/noticias\/area\/previdenciario\/stf-plenario-julga-acoes-diretas-de-inconstitucionalidade-de-relatoria-do-ministro-dias-toffoli.html#respond"]}]},{"@type":"WebPage","@id":"https:\/\/mhcalculos.com.br\/noticias\/area\/previdenciario\/stf-plenario-julga-acoes-diretas-de-inconstitucionalidade-de-relatoria-do-ministro-dias-toffoli.html","url":"https:\/\/mhcalculos.com.br\/noticias\/area\/previdenciario\/stf-plenario-julga-acoes-diretas-de-inconstitucionalidade-de-relatoria-do-ministro-dias-toffoli.html","name":"STF: Plen\u00e1rio julga a\u00e7\u00f5es diretas de inconstitucionalidade de relatoria do ministro Dias Toffoli | Portal de Not\u00edcias","isPartOf":{"@id":"https:\/\/mhcalculos.com.br\/noticias\/#website"},"primaryImageOfPage":{"@id":"https:\/\/mhcalculos.com.br\/noticias\/area\/previdenciario\/stf-plenario-julga-acoes-diretas-de-inconstitucionalidade-de-relatoria-do-ministro-dias-toffoli.html#primaryimage"},"image":{"@id":"https:\/\/mhcalculos.com.br\/noticias\/area\/previdenciario\/stf-plenario-julga-acoes-diretas-de-inconstitucionalidade-de-relatoria-do-ministro-dias-toffoli.html#primaryimage"},"thumbnailUrl":"https:\/\/mhcalculos.com.br\/noticias\/wp-content\/uploads\/sites\/2\/2018\/06\/judiciario-0013.jpg","datePublished":"2018-09-21T01:00:48+00:00","dateModified":"2021-07-28T17:34:04+00:00","author":{"@id":"https:\/\/mhcalculos.com.br\/noticias\/#\/schema\/person\/88d1c34bf72dc779ea14a5a6b8e0ae8d"},"breadcrumb":{"@id":"https:\/\/mhcalculos.com.br\/noticias\/area\/previdenciario\/stf-plenario-julga-acoes-diretas-de-inconstitucionalidade-de-relatoria-do-ministro-dias-toffoli.html#breadcrumb"},"inLanguage":"pt-BR","potentialAction":[{"@type":"ReadAction","target":["https:\/\/mhcalculos.com.br\/noticias\/area\/previdenciario\/stf-plenario-julga-acoes-diretas-de-inconstitucionalidade-de-relatoria-do-ministro-dias-toffoli.html"]}]},{"@type":"ImageObject","inLanguage":"pt-BR","@id":"https:\/\/mhcalculos.com.br\/noticias\/area\/previdenciario\/stf-plenario-julga-acoes-diretas-de-inconstitucionalidade-de-relatoria-do-ministro-dias-toffoli.html#primaryimage","url":"https:\/\/mhcalculos.com.br\/noticias\/wp-content\/uploads\/sites\/2\/2018\/06\/judiciario-0013.jpg","contentUrl":"https:\/\/mhcalculos.com.br\/noticias\/wp-content\/uploads\/sites\/2\/2018\/06\/judiciario-0013.jpg","width":2000,"height":800},{"@type":"BreadcrumbList","@id":"https:\/\/mhcalculos.com.br\/noticias\/area\/previdenciario\/stf-plenario-julga-acoes-diretas-de-inconstitucionalidade-de-relatoria-do-ministro-dias-toffoli.html#breadcrumb","itemListElement":[{"@type":"ListItem","position":1,"name":"In\u00edcio","item":"https:\/\/mhcalculos.com.br\/noticias\/"},{"@type":"ListItem","position":2,"name":"STF: Plen\u00e1rio julga a\u00e7\u00f5es diretas de inconstitucionalidade de relatoria do ministro Dias Toffoli"}]},{"@type":"WebSite","@id":"https:\/\/mhcalculos.com.br\/noticias\/#website","url":"https:\/\/mhcalculos.com.br\/noticias\/","name":"Portal de Not\u00edcias","description":"Not\u00edcias e Jurisprud\u00eancia","potentialAction":[{"@type":"SearchAction","target":{"@type":"EntryPoint","urlTemplate":"https:\/\/mhcalculos.com.br\/noticias\/?s={search_term_string}"},"query-input":{"@type":"PropertyValueSpecification","valueRequired":true,"valueName":"search_term_string"}}],"inLanguage":"pt-BR"},{"@type":"Person","@id":"https:\/\/mhcalculos.com.br\/noticias\/#\/schema\/person\/88d1c34bf72dc779ea14a5a6b8e0ae8d","name":"Equipe MH","image":{"@type":"ImageObject","inLanguage":"pt-BR","@id":"https:\/\/secure.gravatar.com\/avatar\/de1c686c2ecc9c5a3f327e3431d819eb39f8f05d4e1045f5a1caad6daaba987f?s=96&d=mm&r=g","url":"https:\/\/secure.gravatar.com\/avatar\/de1c686c2ecc9c5a3f327e3431d819eb39f8f05d4e1045f5a1caad6daaba987f?s=96&d=mm&r=g","contentUrl":"https:\/\/secure.gravatar.com\/avatar\/de1c686c2ecc9c5a3f327e3431d819eb39f8f05d4e1045f5a1caad6daaba987f?s=96&d=mm&r=g","caption":"Equipe MH"}}]}},"_links":{"self":[{"href":"https:\/\/mhcalculos.com.br\/noticias\/wp-json\/wp\/v2\/posts\/3189","targetHints":{"allow":["GET"]}}],"collection":[{"href":"https:\/\/mhcalculos.com.br\/noticias\/wp-json\/wp\/v2\/posts"}],"about":[{"href":"https:\/\/mhcalculos.com.br\/noticias\/wp-json\/wp\/v2\/types\/post"}],"author":[{"embeddable":true,"href":"https:\/\/mhcalculos.com.br\/noticias\/wp-json\/wp\/v2\/users\/3063"}],"replies":[{"embeddable":true,"href":"https:\/\/mhcalculos.com.br\/noticias\/wp-json\/wp\/v2\/comments?post=3189"}],"version-history":[{"count":1,"href":"https:\/\/mhcalculos.com.br\/noticias\/wp-json\/wp\/v2\/posts\/3189\/revisions"}],"predecessor-version":[{"id":10218,"href":"https:\/\/mhcalculos.com.br\/noticias\/wp-json\/wp\/v2\/posts\/3189\/revisions\/10218"}],"wp:featuredmedia":[{"embeddable":true,"href":"https:\/\/mhcalculos.com.br\/noticias\/wp-json\/wp\/v2\/media\/2092"}],"wp:attachment":[{"href":"https:\/\/mhcalculos.com.br\/noticias\/wp-json\/wp\/v2\/media?parent=3189"}],"wp:term":[{"taxonomy":"category","embeddable":true,"href":"https:\/\/mhcalculos.com.br\/noticias\/wp-json\/wp\/v2\/categories?post=3189"},{"taxonomy":"post_tag","embeddable":true,"href":"https:\/\/mhcalculos.com.br\/noticias\/wp-json\/wp\/v2\/tags?post=3189"}],"curies":[{"name":"wp","href":"https:\/\/api.w.org\/{rel}","templated":true}]}}