{"id":3176,"date":"2018-09-18T21:00:40","date_gmt":"2018-09-19T00:00:40","guid":{"rendered":"https:\/\/mhcalculos.com.br\/noticias\/2018\/09\/18\/stj-pesquisa-pronta-trata-da-prisao-em-flagrante\/"},"modified":"2021-07-28T14:34:05","modified_gmt":"2021-07-28T17:34:05","slug":"stj-pesquisa-pronta-trata-da-prisao-em-flagrante","status":"publish","type":"post","link":"https:\/\/mhcalculos.com.br\/noticias\/area\/previdenciario\/stj-pesquisa-pronta-trata-da-prisao-em-flagrante.html","title":{"rendered":"STJ: Pesquisa Pronta trata da pris\u00e3o em flagrante"},"content":{"rendered":"<p><br \/>\n<\/p>\n<p>A Secretaria de Jurisprud&ecirc;ncia do Superior Tribunal de Justi&ccedil;a (STJ) publicou seis novos temas na <strong><a href=\"http:\/\/www.stj.jus.br\/SCON\/pesquisa_pronta\/\">Pesquisa Pronta<\/a><\/strong>. A ferramenta possibilita aos interessados o acesso ao resultado de pesquisas sobre temas jur&iacute;dicos relevantes na jurisprud&ecirc;ncia do tribunal.<\/p>\n<p><strong>Direito processual penal<\/strong><\/p>\n<p>De acordo com a jurisprud&ecirc;ncia do STJ, a posterior convers&atilde;o do flagrante em pris&atilde;o preventiva constitui novo t&iacute;tulo a justificar a priva&ccedil;&atilde;o da liberdade, ficando superada, por exemplo, a nulidade decorrente da aus&ecirc;ncia de apresenta&ccedil;&atilde;o do preso ao ju&iacute;zo de origem.<\/p>\n<p>A Terceira Se&ccedil;&atilde;o do tribunal concluiu ser imposs&iacute;vel a execu&ccedil;&atilde;o da pena restritiva de direitos antes do tr&acirc;nsito em julgado da condena&ccedil;&atilde;o.<\/p>\n<p><strong>Direito processual civil<\/strong><\/p>\n<p>O STJ entende que apenas o aviso de lan&ccedil;amento do pagamento do preparo n&atilde;o &eacute; suficiente para a comprova&ccedil;&atilde;o da quita&ccedil;&atilde;o da obriga&ccedil;&atilde;o do recorrente, resultando na deser&ccedil;&atilde;o do recurso especial.<\/p>\n<p>A inclus&atilde;o de expurgos inflacion&aacute;rios na fase de execu&ccedil;&atilde;o s&oacute; &eacute; admitida quando a senten&ccedil;a exequenda n&atilde;o decidiu a quest&atilde;o de maneira diversa, sob pena de ofensa &agrave; coisa julgada.<\/p>\n<p><strong>Direito civil<\/strong><\/p>\n<p>Nos planos de benef&iacute;cios de previd&ecirc;ncia privada fechada, patrocinados pelos entes federados (incluindo suas autarquias, funda&ccedil;&otilde;es, sociedades de economia mista e empresas controladas direta ou indiretamente), &eacute; vedado o repasse de abono e vantagens de qualquer natureza para os benef&iacute;cios em manuten&ccedil;&atilde;o, sobretudo a partir da vig&ecirc;ncia da <strong><a target=\"_blank\" href=\"http:\/\/www.planalto.gov.br\/CCIVIL_03\/Leis\/LCP\/Lcp108.htm\" rel=\"noopener\">Lei Complementar 108\/2001<\/a><\/strong>, independentemente das disposi&ccedil;&otilde;es estatut&aacute;rias e regulamentares.<\/p>\n<p>O STJ decidiu que, ainda que se trate de conta utilizada para recebimento de sal&aacute;rio, &eacute; v&aacute;lida a cl&aacute;usula que autoriza o desconto em conta-corrente para pagamento das presta&ccedil;&otilde;es do contrato de empr&eacute;stimo livremente pactuado.<\/p>\n<p><strong>Sempre dispon&iacute;vel<\/strong><\/p>\n<p> A Pesquisa Pronta est&aacute; permanentemente dispon&iacute;vel no portal do STJ. Basta acessar Jurisprud&ecirc;ncia &gt; Pesquisa Pronta a partir do menu na barra superior do site.<br \/>\n<br \/><i>Com informa\u00e7\u00f5es da assessoria de imprensa do STJ.<\/i><br \/>\n<br \/><a href=\"http:\/\/feedproxy.google.com\/~r\/STJNoticias\/~3\/wIKZyUjzrE4\/Pesquisa-Pronta-trata-da-pris%C3%A3o-em-flagrante\">Fonte<\/a><br \/>\n<br \/><\/p>\n","protected":false},"excerpt":{"rendered":"<p>A Secretaria de Jurisprud&ecirc;ncia do Superior Tribunal de Justi&ccedil;a (STJ) publicou seis novos temas na Pesquisa Pronta. A ferramenta possibilita aos interessados o acesso ao resultado de pesquisas sobre temas jur&iacute;dicos relevantes na jurisprud&ecirc;ncia do tribunal. Direito processual penal De acordo com a jurisprud&ecirc;ncia do STJ, a posterior convers&atilde;o do flagrante em pris&atilde;o preventiva constitui [&hellip;]<\/p>\n","protected":false},"author":3063,"featured_media":3126,"comment_status":"open","ping_status":"open","sticky":false,"template":"","format":"standard","meta":{"footnotes":""},"categories":[5,7],"tags":[11,10,8,13,9,12,14],"class_list":{"0":"post-3176","1":"post","2":"type-post","3":"status-publish","4":"format-standard","5":"has-post-thumbnail","7":"category-previdenciario","8":"category-stj","9":"tag-aposentadoria","10":"tag-calculos-previdenciarios","11":"tag-direito-previdenciario","12":"tag-inss","13":"tag-pericia","14":"tag-perito","15":"tag-stj"},"yoast_head":"<!-- This site is optimized with the Yoast SEO plugin v27.2 - https:\/\/yoast.com\/product\/yoast-seo-wordpress\/ -->\n<title>STJ: Pesquisa Pronta trata da pris\u00e3o em flagrante | Portal de Not\u00edcias<\/title>\n<meta name=\"robots\" content=\"index, follow, max-snippet:-1, max-image-preview:large, max-video-preview:-1\" \/>\n<link rel=\"canonical\" href=\"https:\/\/mhcalculos.com.br\/noticias\/area\/previdenciario\/stj-pesquisa-pronta-trata-da-prisao-em-flagrante.html\" \/>\n<meta property=\"og:locale\" content=\"pt_BR\" \/>\n<meta property=\"og:type\" content=\"article\" \/>\n<meta property=\"og:title\" content=\"STJ: Pesquisa Pronta trata da pris\u00e3o em flagrante | Portal de Not\u00edcias\" \/>\n<meta property=\"og:description\" content=\"A Secretaria de Jurisprud&ecirc;ncia do Superior Tribunal de Justi&ccedil;a (STJ) publicou seis novos temas na Pesquisa Pronta. A ferramenta possibilita aos interessados o acesso ao resultado de pesquisas sobre temas jur&iacute;dicos relevantes na jurisprud&ecirc;ncia do tribunal. Direito processual penal De acordo com a jurisprud&ecirc;ncia do STJ, a posterior convers&atilde;o do flagrante em pris&atilde;o preventiva constitui [&hellip;]\" \/>\n<meta property=\"og:url\" content=\"https:\/\/mhcalculos.com.br\/noticias\/area\/previdenciario\/stj-pesquisa-pronta-trata-da-prisao-em-flagrante.html\" \/>\n<meta property=\"og:site_name\" content=\"Portal de Not\u00edcias\" \/>\n<meta property=\"article:published_time\" content=\"2018-09-19T00:00:40+00:00\" \/>\n<meta property=\"article:modified_time\" content=\"2021-07-28T17:34:05+00:00\" \/>\n<meta property=\"og:image\" content=\"https:\/\/mhcalculos.com.br\/noticias\/wp-content\/uploads\/sites\/2\/2018\/09\/previdenciario-0024.jpg\" \/>\n\t<meta property=\"og:image:width\" content=\"2000\" \/>\n\t<meta property=\"og:image:height\" content=\"800\" \/>\n\t<meta property=\"og:image:type\" content=\"image\/jpeg\" \/>\n<meta name=\"author\" content=\"Equipe MH\" \/>\n<meta name=\"twitter:card\" content=\"summary_large_image\" \/>\n<meta name=\"twitter:label1\" content=\"Escrito por\" \/>\n\t<meta name=\"twitter:data1\" content=\"Equipe MH\" \/>\n\t<meta name=\"twitter:label2\" content=\"Est. tempo de leitura\" \/>\n\t<meta name=\"twitter:data2\" content=\"2 minutos\" \/>\n<script type=\"application\/ld+json\" class=\"yoast-schema-graph\">{\"@context\":\"https:\/\/schema.org\",\"@graph\":[{\"@type\":\"Article\",\"@id\":\"https:\/\/mhcalculos.com.br\/noticias\/area\/previdenciario\/stj-pesquisa-pronta-trata-da-prisao-em-flagrante.html#article\",\"isPartOf\":{\"@id\":\"https:\/\/mhcalculos.com.br\/noticias\/area\/previdenciario\/stj-pesquisa-pronta-trata-da-prisao-em-flagrante.html\"},\"author\":{\"name\":\"Equipe MH\",\"@id\":\"https:\/\/mhcalculos.com.br\/noticias\/#\/schema\/person\/88d1c34bf72dc779ea14a5a6b8e0ae8d\"},\"headline\":\"STJ: Pesquisa Pronta trata da pris\u00e3o em flagrante\",\"datePublished\":\"2018-09-19T00:00:40+00:00\",\"dateModified\":\"2021-07-28T17:34:05+00:00\",\"mainEntityOfPage\":{\"@id\":\"https:\/\/mhcalculos.com.br\/noticias\/area\/previdenciario\/stj-pesquisa-pronta-trata-da-prisao-em-flagrante.html\"},\"wordCount\":413,\"commentCount\":0,\"image\":{\"@id\":\"https:\/\/mhcalculos.com.br\/noticias\/area\/previdenciario\/stj-pesquisa-pronta-trata-da-prisao-em-flagrante.html#primaryimage\"},\"thumbnailUrl\":\"https:\/\/mhcalculos.com.br\/noticias\/wp-content\/uploads\/sites\/2\/2018\/09\/previdenciario-0024.jpg\",\"keywords\":[\"aposentadoria\",\"c\u00e1lculos previdenci\u00e1rios\",\"direito previdenci\u00e1rio\",\"inss\",\"per\u00edcia\",\"perito\",\"stj\"],\"articleSection\":[\"Direito Previdenci\u00e1rio\",\"STJ\"],\"inLanguage\":\"pt-BR\",\"potentialAction\":[{\"@type\":\"CommentAction\",\"name\":\"Comment\",\"target\":[\"https:\/\/mhcalculos.com.br\/noticias\/area\/previdenciario\/stj-pesquisa-pronta-trata-da-prisao-em-flagrante.html#respond\"]}]},{\"@type\":\"WebPage\",\"@id\":\"https:\/\/mhcalculos.com.br\/noticias\/area\/previdenciario\/stj-pesquisa-pronta-trata-da-prisao-em-flagrante.html\",\"url\":\"https:\/\/mhcalculos.com.br\/noticias\/area\/previdenciario\/stj-pesquisa-pronta-trata-da-prisao-em-flagrante.html\",\"name\":\"STJ: Pesquisa Pronta trata da pris\u00e3o em flagrante | Portal de Not\u00edcias\",\"isPartOf\":{\"@id\":\"https:\/\/mhcalculos.com.br\/noticias\/#website\"},\"primaryImageOfPage\":{\"@id\":\"https:\/\/mhcalculos.com.br\/noticias\/area\/previdenciario\/stj-pesquisa-pronta-trata-da-prisao-em-flagrante.html#primaryimage\"},\"image\":{\"@id\":\"https:\/\/mhcalculos.com.br\/noticias\/area\/previdenciario\/stj-pesquisa-pronta-trata-da-prisao-em-flagrante.html#primaryimage\"},\"thumbnailUrl\":\"https:\/\/mhcalculos.com.br\/noticias\/wp-content\/uploads\/sites\/2\/2018\/09\/previdenciario-0024.jpg\",\"datePublished\":\"2018-09-19T00:00:40+00:00\",\"dateModified\":\"2021-07-28T17:34:05+00:00\",\"author\":{\"@id\":\"https:\/\/mhcalculos.com.br\/noticias\/#\/schema\/person\/88d1c34bf72dc779ea14a5a6b8e0ae8d\"},\"breadcrumb\":{\"@id\":\"https:\/\/mhcalculos.com.br\/noticias\/area\/previdenciario\/stj-pesquisa-pronta-trata-da-prisao-em-flagrante.html#breadcrumb\"},\"inLanguage\":\"pt-BR\",\"potentialAction\":[{\"@type\":\"ReadAction\",\"target\":[\"https:\/\/mhcalculos.com.br\/noticias\/area\/previdenciario\/stj-pesquisa-pronta-trata-da-prisao-em-flagrante.html\"]}]},{\"@type\":\"ImageObject\",\"inLanguage\":\"pt-BR\",\"@id\":\"https:\/\/mhcalculos.com.br\/noticias\/area\/previdenciario\/stj-pesquisa-pronta-trata-da-prisao-em-flagrante.html#primaryimage\",\"url\":\"https:\/\/mhcalculos.com.br\/noticias\/wp-content\/uploads\/sites\/2\/2018\/09\/previdenciario-0024.jpg\",\"contentUrl\":\"https:\/\/mhcalculos.com.br\/noticias\/wp-content\/uploads\/sites\/2\/2018\/09\/previdenciario-0024.jpg\",\"width\":2000,\"height\":800,\"caption\":\"Primeira Se\u00e7\u00e3o vai julgar pedido de uniformiza\u00e7\u00e3o sobre renda inicial de aposentadoria\"},{\"@type\":\"BreadcrumbList\",\"@id\":\"https:\/\/mhcalculos.com.br\/noticias\/area\/previdenciario\/stj-pesquisa-pronta-trata-da-prisao-em-flagrante.html#breadcrumb\",\"itemListElement\":[{\"@type\":\"ListItem\",\"position\":1,\"name\":\"In\u00edcio\",\"item\":\"https:\/\/mhcalculos.com.br\/noticias\/\"},{\"@type\":\"ListItem\",\"position\":2,\"name\":\"STJ: Pesquisa Pronta trata da pris\u00e3o em flagrante\"}]},{\"@type\":\"WebSite\",\"@id\":\"https:\/\/mhcalculos.com.br\/noticias\/#website\",\"url\":\"https:\/\/mhcalculos.com.br\/noticias\/\",\"name\":\"Portal de Not\u00edcias\",\"description\":\"Not\u00edcias e Jurisprud\u00eancia\",\"potentialAction\":[{\"@type\":\"SearchAction\",\"target\":{\"@type\":\"EntryPoint\",\"urlTemplate\":\"https:\/\/mhcalculos.com.br\/noticias\/?s={search_term_string}\"},\"query-input\":{\"@type\":\"PropertyValueSpecification\",\"valueRequired\":true,\"valueName\":\"search_term_string\"}}],\"inLanguage\":\"pt-BR\"},{\"@type\":\"Person\",\"@id\":\"https:\/\/mhcalculos.com.br\/noticias\/#\/schema\/person\/88d1c34bf72dc779ea14a5a6b8e0ae8d\",\"name\":\"Equipe MH\",\"image\":{\"@type\":\"ImageObject\",\"inLanguage\":\"pt-BR\",\"@id\":\"https:\/\/secure.gravatar.com\/avatar\/de1c686c2ecc9c5a3f327e3431d819eb39f8f05d4e1045f5a1caad6daaba987f?s=96&d=mm&r=g\",\"url\":\"https:\/\/secure.gravatar.com\/avatar\/de1c686c2ecc9c5a3f327e3431d819eb39f8f05d4e1045f5a1caad6daaba987f?s=96&d=mm&r=g\",\"contentUrl\":\"https:\/\/secure.gravatar.com\/avatar\/de1c686c2ecc9c5a3f327e3431d819eb39f8f05d4e1045f5a1caad6daaba987f?s=96&d=mm&r=g\",\"caption\":\"Equipe MH\"}}]}<\/script>\n<!-- \/ Yoast SEO plugin. -->","yoast_head_json":{"title":"STJ: Pesquisa Pronta trata da pris\u00e3o em flagrante | Portal de Not\u00edcias","robots":{"index":"index","follow":"follow","max-snippet":"max-snippet:-1","max-image-preview":"max-image-preview:large","max-video-preview":"max-video-preview:-1"},"canonical":"https:\/\/mhcalculos.com.br\/noticias\/area\/previdenciario\/stj-pesquisa-pronta-trata-da-prisao-em-flagrante.html","og_locale":"pt_BR","og_type":"article","og_title":"STJ: Pesquisa Pronta trata da pris\u00e3o em flagrante | Portal de Not\u00edcias","og_description":"A Secretaria de Jurisprud&ecirc;ncia do Superior Tribunal de Justi&ccedil;a (STJ) publicou seis novos temas na Pesquisa Pronta. A ferramenta possibilita aos interessados o acesso ao resultado de pesquisas sobre temas jur&iacute;dicos relevantes na jurisprud&ecirc;ncia do tribunal. Direito processual penal De acordo com a jurisprud&ecirc;ncia do STJ, a posterior convers&atilde;o do flagrante em pris&atilde;o preventiva constitui [&hellip;]","og_url":"https:\/\/mhcalculos.com.br\/noticias\/area\/previdenciario\/stj-pesquisa-pronta-trata-da-prisao-em-flagrante.html","og_site_name":"Portal de Not\u00edcias","article_published_time":"2018-09-19T00:00:40+00:00","article_modified_time":"2021-07-28T17:34:05+00:00","og_image":[{"width":2000,"height":800,"url":"https:\/\/mhcalculos.com.br\/noticias\/wp-content\/uploads\/sites\/2\/2018\/09\/previdenciario-0024.jpg","type":"image\/jpeg"}],"author":"Equipe MH","twitter_card":"summary_large_image","twitter_misc":{"Escrito por":"Equipe MH","Est. tempo de leitura":"2 minutos"},"schema":{"@context":"https:\/\/schema.org","@graph":[{"@type":"Article","@id":"https:\/\/mhcalculos.com.br\/noticias\/area\/previdenciario\/stj-pesquisa-pronta-trata-da-prisao-em-flagrante.html#article","isPartOf":{"@id":"https:\/\/mhcalculos.com.br\/noticias\/area\/previdenciario\/stj-pesquisa-pronta-trata-da-prisao-em-flagrante.html"},"author":{"name":"Equipe MH","@id":"https:\/\/mhcalculos.com.br\/noticias\/#\/schema\/person\/88d1c34bf72dc779ea14a5a6b8e0ae8d"},"headline":"STJ: Pesquisa Pronta trata da pris\u00e3o em flagrante","datePublished":"2018-09-19T00:00:40+00:00","dateModified":"2021-07-28T17:34:05+00:00","mainEntityOfPage":{"@id":"https:\/\/mhcalculos.com.br\/noticias\/area\/previdenciario\/stj-pesquisa-pronta-trata-da-prisao-em-flagrante.html"},"wordCount":413,"commentCount":0,"image":{"@id":"https:\/\/mhcalculos.com.br\/noticias\/area\/previdenciario\/stj-pesquisa-pronta-trata-da-prisao-em-flagrante.html#primaryimage"},"thumbnailUrl":"https:\/\/mhcalculos.com.br\/noticias\/wp-content\/uploads\/sites\/2\/2018\/09\/previdenciario-0024.jpg","keywords":["aposentadoria","c\u00e1lculos previdenci\u00e1rios","direito previdenci\u00e1rio","inss","per\u00edcia","perito","stj"],"articleSection":["Direito Previdenci\u00e1rio","STJ"],"inLanguage":"pt-BR","potentialAction":[{"@type":"CommentAction","name":"Comment","target":["https:\/\/mhcalculos.com.br\/noticias\/area\/previdenciario\/stj-pesquisa-pronta-trata-da-prisao-em-flagrante.html#respond"]}]},{"@type":"WebPage","@id":"https:\/\/mhcalculos.com.br\/noticias\/area\/previdenciario\/stj-pesquisa-pronta-trata-da-prisao-em-flagrante.html","url":"https:\/\/mhcalculos.com.br\/noticias\/area\/previdenciario\/stj-pesquisa-pronta-trata-da-prisao-em-flagrante.html","name":"STJ: Pesquisa Pronta trata da pris\u00e3o em flagrante | Portal de Not\u00edcias","isPartOf":{"@id":"https:\/\/mhcalculos.com.br\/noticias\/#website"},"primaryImageOfPage":{"@id":"https:\/\/mhcalculos.com.br\/noticias\/area\/previdenciario\/stj-pesquisa-pronta-trata-da-prisao-em-flagrante.html#primaryimage"},"image":{"@id":"https:\/\/mhcalculos.com.br\/noticias\/area\/previdenciario\/stj-pesquisa-pronta-trata-da-prisao-em-flagrante.html#primaryimage"},"thumbnailUrl":"https:\/\/mhcalculos.com.br\/noticias\/wp-content\/uploads\/sites\/2\/2018\/09\/previdenciario-0024.jpg","datePublished":"2018-09-19T00:00:40+00:00","dateModified":"2021-07-28T17:34:05+00:00","author":{"@id":"https:\/\/mhcalculos.com.br\/noticias\/#\/schema\/person\/88d1c34bf72dc779ea14a5a6b8e0ae8d"},"breadcrumb":{"@id":"https:\/\/mhcalculos.com.br\/noticias\/area\/previdenciario\/stj-pesquisa-pronta-trata-da-prisao-em-flagrante.html#breadcrumb"},"inLanguage":"pt-BR","potentialAction":[{"@type":"ReadAction","target":["https:\/\/mhcalculos.com.br\/noticias\/area\/previdenciario\/stj-pesquisa-pronta-trata-da-prisao-em-flagrante.html"]}]},{"@type":"ImageObject","inLanguage":"pt-BR","@id":"https:\/\/mhcalculos.com.br\/noticias\/area\/previdenciario\/stj-pesquisa-pronta-trata-da-prisao-em-flagrante.html#primaryimage","url":"https:\/\/mhcalculos.com.br\/noticias\/wp-content\/uploads\/sites\/2\/2018\/09\/previdenciario-0024.jpg","contentUrl":"https:\/\/mhcalculos.com.br\/noticias\/wp-content\/uploads\/sites\/2\/2018\/09\/previdenciario-0024.jpg","width":2000,"height":800,"caption":"Primeira Se\u00e7\u00e3o vai julgar pedido de uniformiza\u00e7\u00e3o sobre renda inicial de aposentadoria"},{"@type":"BreadcrumbList","@id":"https:\/\/mhcalculos.com.br\/noticias\/area\/previdenciario\/stj-pesquisa-pronta-trata-da-prisao-em-flagrante.html#breadcrumb","itemListElement":[{"@type":"ListItem","position":1,"name":"In\u00edcio","item":"https:\/\/mhcalculos.com.br\/noticias\/"},{"@type":"ListItem","position":2,"name":"STJ: Pesquisa Pronta trata da pris\u00e3o em flagrante"}]},{"@type":"WebSite","@id":"https:\/\/mhcalculos.com.br\/noticias\/#website","url":"https:\/\/mhcalculos.com.br\/noticias\/","name":"Portal de Not\u00edcias","description":"Not\u00edcias e Jurisprud\u00eancia","potentialAction":[{"@type":"SearchAction","target":{"@type":"EntryPoint","urlTemplate":"https:\/\/mhcalculos.com.br\/noticias\/?s={search_term_string}"},"query-input":{"@type":"PropertyValueSpecification","valueRequired":true,"valueName":"search_term_string"}}],"inLanguage":"pt-BR"},{"@type":"Person","@id":"https:\/\/mhcalculos.com.br\/noticias\/#\/schema\/person\/88d1c34bf72dc779ea14a5a6b8e0ae8d","name":"Equipe MH","image":{"@type":"ImageObject","inLanguage":"pt-BR","@id":"https:\/\/secure.gravatar.com\/avatar\/de1c686c2ecc9c5a3f327e3431d819eb39f8f05d4e1045f5a1caad6daaba987f?s=96&d=mm&r=g","url":"https:\/\/secure.gravatar.com\/avatar\/de1c686c2ecc9c5a3f327e3431d819eb39f8f05d4e1045f5a1caad6daaba987f?s=96&d=mm&r=g","contentUrl":"https:\/\/secure.gravatar.com\/avatar\/de1c686c2ecc9c5a3f327e3431d819eb39f8f05d4e1045f5a1caad6daaba987f?s=96&d=mm&r=g","caption":"Equipe MH"}}]}},"_links":{"self":[{"href":"https:\/\/mhcalculos.com.br\/noticias\/wp-json\/wp\/v2\/posts\/3176","targetHints":{"allow":["GET"]}}],"collection":[{"href":"https:\/\/mhcalculos.com.br\/noticias\/wp-json\/wp\/v2\/posts"}],"about":[{"href":"https:\/\/mhcalculos.com.br\/noticias\/wp-json\/wp\/v2\/types\/post"}],"author":[{"embeddable":true,"href":"https:\/\/mhcalculos.com.br\/noticias\/wp-json\/wp\/v2\/users\/3063"}],"replies":[{"embeddable":true,"href":"https:\/\/mhcalculos.com.br\/noticias\/wp-json\/wp\/v2\/comments?post=3176"}],"version-history":[{"count":1,"href":"https:\/\/mhcalculos.com.br\/noticias\/wp-json\/wp\/v2\/posts\/3176\/revisions"}],"predecessor-version":[{"id":10223,"href":"https:\/\/mhcalculos.com.br\/noticias\/wp-json\/wp\/v2\/posts\/3176\/revisions\/10223"}],"wp:featuredmedia":[{"embeddable":true,"href":"https:\/\/mhcalculos.com.br\/noticias\/wp-json\/wp\/v2\/media\/3126"}],"wp:attachment":[{"href":"https:\/\/mhcalculos.com.br\/noticias\/wp-json\/wp\/v2\/media?parent=3176"}],"wp:term":[{"taxonomy":"category","embeddable":true,"href":"https:\/\/mhcalculos.com.br\/noticias\/wp-json\/wp\/v2\/categories?post=3176"},{"taxonomy":"post_tag","embeddable":true,"href":"https:\/\/mhcalculos.com.br\/noticias\/wp-json\/wp\/v2\/tags?post=3176"}],"curies":[{"name":"wp","href":"https:\/\/api.w.org\/{rel}","templated":true}]}}