{"id":3164,"date":"2018-09-14T18:00:11","date_gmt":"2018-09-14T21:00:11","guid":{"rendered":"https:\/\/mhcalculos.com.br\/noticias\/2018\/09\/14\/stf-dias-toffoli-toma-posse-e-e-o-mais-jovem-ministro-a-presidir-o-stf\/"},"modified":"2021-07-28T14:34:05","modified_gmt":"2021-07-28T17:34:05","slug":"stf-dias-toffoli-toma-posse-e-e-o-mais-jovem-ministro-a-presidir-o-stf","status":"publish","type":"post","link":"https:\/\/mhcalculos.com.br\/noticias\/area\/previdenciario\/stf-dias-toffoli-toma-posse-e-e-o-mais-jovem-ministro-a-presidir-o-stf.html","title":{"rendered":"STF: Dias Toffoli toma posse e \u00e9 o mais jovem ministro a presidir o STF"},"content":{"rendered":"<p><br \/>\n<\/p>\n<p>Os ministros Dias Toffoli e Luiz Fux foram empossados&nbsp;na Presid\u00eancia e na Vice-Presid\u00eancia do Supremo Tribunal Federal, em sess\u00e3o solene realizada no Plen\u00e1rio do STF, nesta quinta-feira (13). Aos 50 anos, Dias Toffoli passar\u00e1 a ser o mais jovem integrante a presidir a Corte, desde o Imp\u00e9rio. Antes dele, esse t\u00edtulo pertencia ao atual decano da Corte, ministro Celso de Mello.<\/p>\n<p>Toffoli presidir\u00e1 tamb\u00e9m o Conselho Nacional de Justi\u00e7a (CNJ) durante o bi\u00eanio 2018\/2020. Ele foi eleito no dia 8 de agosto \u00faltimo para a Presid\u00eancia do STF, juntamente com o ministro Luiz Fux para o cargo de vice-presidente.<\/p>\n<p>Participam da solenidade&nbsp;o presidente da Rep\u00fablica, Michel Temer, os presidentes da C\u00e2mara dos Deputados, Rodrigo Maia,&nbsp;e do Senado Federal, Eun\u00edcio Oliveira, o presidente&nbsp;do Conselho Federal da Ordem dos Advogados Brasil (OAB), Claudio Lamachia, a procuradora-geral da Rep\u00fablica, Raquel Dodge, parlamentares, ex-parlamentares, governadores, ministros de Estado, presidentes de Tribunais superiores e de outros tribunais, membros do Minist\u00e9rio P\u00fablico e representantes da sociedade civil, al\u00e9m de familiares e amigos dos empossandos.<\/p>\n<p><b>Trajet\u00f3ria<\/b><\/p>\n<p>Jos\u00e9 Ant\u00f4nio Dias Toffoli deixou o cargo de advogado-geral da Uni\u00e3o, que exerceu entre mar\u00e7o de 2007 e outubro de 2009, para assumir vaga de ministro do Supremo Tribunal Federal por indica\u00e7\u00e3o do ent\u00e3o presidente da Rep\u00fablica Luiz In\u00e1cio Lula da Silva.<\/p>\n<p>Desde ent\u00e3o tornou-se o 162&ordm; ministro na hist\u00f3ria do STF, assumindo a cadeira deixada pelo ministro Carlos Alberto Menezes Direito, falecido em 1&ordm; de setembro de 2009. A cadeira de n\u00famero 17 foi criada pelo Ato Institucional n&ordm; 2\/1965 e j\u00e1 pertenceu a outros cinco ministros, al\u00e9m de Dias Toffoli e Menezes Direito: Sep\u00falveda Pertence (1989-2007), Oscar Dias Corr\u00eaa (1982-1989), Clovis Ramalhete Maia (1981 a 1982), Carlos Thompson Flores (1968-1981) e Jos\u00e9 Eduardo do Prado Kelly (1965-1968).<\/p>\n<p>Natural de Mar\u00edlia (SP), Jos\u00e9 Ant\u00f4nio Dias Toffoli nasceu no dia 15 de novembro de 1967. Graduado pela Faculdade de Direito da Universidade de S\u00e3o Paulo (Largo de S\u00e3o Francisco), \u00e9 o 50&ordm; ministro daquela faculdade a integrar o STF.&nbsp;J\u00e1 presidiu as duas Turmas do&nbsp;Supremo e&nbsp;foi presidente do Tribunal Superior Eleitoral (TSE) no bi\u00eanio 2014\/2016, tendo&nbsp;dirigido as elei\u00e7\u00f5es gerais de 2014.<\/p>\n<p><b>Acervo<\/b><\/p>\n<p>Desde que ingressou na Suprema Corte, o ministro Dias Toffoli apresenta relat\u00f3rios anuais sobre a movimenta\u00e7\u00e3o processual em seu gabinete. Segundo o \u00faltimo balan\u00e7o, feito em 2017, foram proferidas at\u00e9 ent\u00e3o 55.991 decis\u00f5es monocr\u00e1ticas, julgados 10.881 feitos nas duas Turmas e 946 no Plen\u00e1rio, totalizando 67.748 julgamentos. O relat\u00f3rio informa que, ao tomar posse, Toffoli assumiu a relatoria de cerca de 11 mil processos, que, \u00e0 \u00e9poca, representavam o maior acervo entre os gabinetes da Corte. Oito anos depois, esse acervo foi reduzido para 2.493 feitos, ou seja, uma redu\u00e7\u00e3o no estoque de 77,4%.<\/p>\n<p>O julgamento de processos mais antigos e a redu\u00e7\u00e3o do acervo de processos no gabinete \u00e9 uma&nbsp;diretriz do ministro Toffoli desde sua posse.&nbsp;&quot;A apresenta\u00e7\u00e3o de dados estat\u00edsticos relativos \u00e0 evolu\u00e7\u00e3o de meu acervo processual jamais poderia traduzir, qualitativamente, o incomensur\u00e1vel esfor\u00e7o empreendido na busca da melhor solu\u00e7\u00e3o poss\u00edvel para os casos submetidos a minha relatoria&rdquo;, afirmou o ministro em seu relat\u00f3rio. &ldquo;Otimizar esse c\u00edrculo virtuoso, visando \u00e0 excel\u00eancia na presta\u00e7\u00e3o jurisdicional, \u00e9 o m\u00f3vel que anima o Gabinete&rdquo;, acrescentou. Outra prioridade do ministro Dias Toffoli \u00e9 o julgamento de m\u00e9rito dos recursos com repercuss\u00e3o geral reconhecida, para liberar processos sobre o mesmo tema que ficam sobrestados na origem.<\/p>\n<p><b>Relatoria<\/b><\/p>\n<p>Muitos temas de grande repercuss\u00e3o, passaram pela relatoria do ministro Dias Toffoli, entre eles a possibilidade de altera\u00e7\u00e3o de g\u00eanero no assento de registro civil de transexual, mesmo sem a realiza\u00e7\u00e3o de procedimento cir\u00fargico de mudan\u00e7a de sexo; direito de vereador, enquanto parlamentar e cidad\u00e3o, a obter diretamente do chefe do Poder Executivo informa\u00e7\u00f5es e documentos sobre a gest\u00e3o municipal; a constitucionalidade de lei estadual que pro\u00edbe o uso de produtos, materiais ou artefatos que contenham quaisquer tipos de amianto no territ\u00f3rio estadual; divis\u00e3o do tempo de r\u00e1dio e TV para partidos novos criados ap\u00f3s as elei\u00e7\u00f5es; minirreforma eleitoral e distribui\u00e7\u00e3o do tempo de propaganda eleitoral gratuita s\u00e3o alguns desses processos.<\/p>\n<p>Na condi\u00e7\u00e3o de relator, o ministro Dias Toffoli convocou audi\u00eancias p\u00fablicas para promover um debate mais amplo com a sociedade sobre temas controversos, como a veda\u00e7\u00e3o, no \u00e2mbito do SUS, de interna\u00e7\u00e3o em acomoda\u00e7\u00f5es superiores mediante o pagamento da diferen\u00e7a dos valores correspondentes; a ado\u00e7\u00e3o do princ\u00edpio da precau\u00e7\u00e3o e redu\u00e7\u00e3o do campo eletromagn\u00e9tico de linhas de transmiss\u00e3o de energia el\u00e9trica; e a aplicabilidade do direito ao esquecimento na esfera civil, em especial quando esse for invocado pela pr\u00f3pria v\u00edtima ou por seus familiares.<\/p>\n<p><b>Vice-presidente Luiz Fux<\/b><\/p>\n<p>O ministro Luiz Fux nasceu no Rio de Janeiro em 26 de abril de 1953. Formado em Direito pela Universidade do Estado do Rio de Janeiro (UERJ) em 1976, concluiu, em 2009, o doutorado em Direito Processual Civil pela mesma universidade, onde tamb\u00e9m \u00e9 professor.<\/p>\n<p>Fux \u00e9 juiz de carreira e ocupou o cargo de ministro do Superior Tribunal de Justi\u00e7a (STJ) por mais de dez anos. Sua hist\u00f3ria na magistratura teve in\u00edcio quando foi aprovado em primeiro lugar no concurso para juiz do Tribunal de Justi\u00e7a do Rio de Janeiro (TJ-RJ).<\/p>\n<p>Ocupou tamb\u00e9m os cargos de juiz eleitoral e de juiz do Tribunal de Al\u00e7ada do Rio de Janeiro, e foi promovido por merecimento a desembargador do TJ-RJ. Antes de ingressar na magistratura, atuou no Minist\u00e9rio P\u00fablico como promotor de Justi\u00e7a &ndash; tamb\u00e9m aprovado em primeiro lugar em concurso &ndash; e advogou para a empresa Shell Brasil S.A. Petr\u00f3leo.<\/p>\n<p>Autor de mais de 20 livros de Direito Processual Civil, presidiu a comiss\u00e3o do Congresso Nacional que elaborou a reforma do novo C\u00f3digo de Processo Civil. Fux foi o quarto ministro do STJ a ser indicado para a Suprema Corte e foi antecedido pelos ministros Carlos Velloso, Ilmar Galv\u00e3o e Carlos Alberto Menezes Direito (falecido). Outros seis ministros do antigo Tribunal Federal de Recursos, que deu origem ao STJ, tamb\u00e9m ocuparam cadeira no Supremo. Integrante da Academia Brasileira de Letras Jur\u00eddicas, o ministro Luiz Fux \u00e9 professor titular de Processo Civil da UERJ e autor de diversas obras de Direito Processual Civil e Constitucional.<\/p>\n<p>O ministro Luiz Fux foi indicado ao STF pela ent\u00e3o presidente da Rep\u00fablica Dilma Rousseff e tomou posse em 3 de mar\u00e7o de 2011, assumindo a vaga aberta em decorr\u00eancia da aposentadoria compuls\u00f3ria do ministro Eros Grau, que completara 70 anos. Presidiu a Primeira Turma do STF e recentemente o Tribunal Superior Eleitoral (TSE) nos preparativos para as elei\u00e7\u00f5es gerais deste ano.<\/p>\n<p><span style=\"font-size: smaller\">AR\/EH<\/span><br \/>\n&nbsp;<\/p>\n<p><i>Com informa\u00e7\u00f5es da assessoria de imprensa do STF.<\/i><br \/>\n<br \/><br \/>\n<br \/><a href=\"http:\/\/www.stf.jus.br\/portal\/cms\/verNoticiaDetalhe.asp?idConteudo=389596\">Fonte<\/a><\/p>\n","protected":false},"excerpt":{"rendered":"<p>Os ministros Dias Toffoli e Luiz Fux foram empossados&nbsp;na Presid\u00eancia e na Vice-Presid\u00eancia do Supremo Tribunal Federal, em sess\u00e3o solene realizada no Plen\u00e1rio do STF, nesta quinta-feira (13). Aos 50 anos, Dias Toffoli passar\u00e1 a ser o mais jovem integrante a presidir a Corte, desde o Imp\u00e9rio. Antes dele, esse t\u00edtulo pertencia ao atual decano [&hellip;]<\/p>\n","protected":false},"author":3063,"featured_media":2700,"comment_status":"open","ping_status":"open","sticky":false,"template":"","format":"standard","meta":{"footnotes":""},"categories":[5,15],"tags":[11,10,8,13,9,12,16],"class_list":{"0":"post-3164","1":"post","2":"type-post","3":"status-publish","4":"format-standard","5":"has-post-thumbnail","7":"category-previdenciario","8":"category-stf","9":"tag-aposentadoria","10":"tag-calculos-previdenciarios","11":"tag-direito-previdenciario","12":"tag-inss","13":"tag-pericia","14":"tag-perito","15":"tag-stf"},"yoast_head":"<!-- This site is optimized with the Yoast SEO plugin v27.2 - https:\/\/yoast.com\/product\/yoast-seo-wordpress\/ -->\n<title>STF: Dias Toffoli toma posse e \u00e9 o mais jovem ministro a presidir o STF | Portal de Not\u00edcias<\/title>\n<meta name=\"robots\" content=\"index, follow, max-snippet:-1, max-image-preview:large, max-video-preview:-1\" \/>\n<link rel=\"canonical\" href=\"https:\/\/mhcalculos.com.br\/noticias\/area\/previdenciario\/stf-dias-toffoli-toma-posse-e-e-o-mais-jovem-ministro-a-presidir-o-stf.html\" \/>\n<meta property=\"og:locale\" content=\"pt_BR\" \/>\n<meta property=\"og:type\" content=\"article\" \/>\n<meta property=\"og:title\" content=\"STF: Dias Toffoli toma posse e \u00e9 o mais jovem ministro a presidir o STF | Portal de Not\u00edcias\" \/>\n<meta property=\"og:description\" content=\"Os ministros Dias Toffoli e Luiz Fux foram empossados&nbsp;na Presid\u00eancia e na Vice-Presid\u00eancia do Supremo Tribunal Federal, em sess\u00e3o solene realizada no Plen\u00e1rio do STF, nesta quinta-feira (13). Aos 50 anos, Dias Toffoli passar\u00e1 a ser o mais jovem integrante a presidir a Corte, desde o Imp\u00e9rio. Antes dele, esse t\u00edtulo pertencia ao atual decano [&hellip;]\" \/>\n<meta property=\"og:url\" content=\"https:\/\/mhcalculos.com.br\/noticias\/area\/previdenciario\/stf-dias-toffoli-toma-posse-e-e-o-mais-jovem-ministro-a-presidir-o-stf.html\" \/>\n<meta property=\"og:site_name\" content=\"Portal de Not\u00edcias\" \/>\n<meta property=\"article:published_time\" content=\"2018-09-14T21:00:11+00:00\" \/>\n<meta property=\"article:modified_time\" content=\"2021-07-28T17:34:05+00:00\" \/>\n<meta property=\"og:image\" content=\"https:\/\/mhcalculos.com.br\/noticias\/wp-content\/uploads\/sites\/2\/2018\/08\/previdenciario-0014.jpg\" \/>\n\t<meta property=\"og:image:width\" content=\"2000\" \/>\n\t<meta property=\"og:image:height\" content=\"800\" \/>\n\t<meta property=\"og:image:type\" content=\"image\/jpeg\" \/>\n<meta name=\"author\" content=\"Equipe MH\" \/>\n<meta name=\"twitter:card\" content=\"summary_large_image\" \/>\n<meta name=\"twitter:label1\" content=\"Escrito por\" \/>\n\t<meta name=\"twitter:data1\" content=\"Equipe MH\" \/>\n\t<meta name=\"twitter:label2\" content=\"Est. tempo de leitura\" \/>\n\t<meta name=\"twitter:data2\" content=\"6 minutos\" \/>\n<script type=\"application\/ld+json\" class=\"yoast-schema-graph\">{\"@context\":\"https:\/\/schema.org\",\"@graph\":[{\"@type\":\"Article\",\"@id\":\"https:\/\/mhcalculos.com.br\/noticias\/area\/previdenciario\/stf-dias-toffoli-toma-posse-e-e-o-mais-jovem-ministro-a-presidir-o-stf.html#article\",\"isPartOf\":{\"@id\":\"https:\/\/mhcalculos.com.br\/noticias\/area\/previdenciario\/stf-dias-toffoli-toma-posse-e-e-o-mais-jovem-ministro-a-presidir-o-stf.html\"},\"author\":{\"name\":\"Equipe MH\",\"@id\":\"https:\/\/mhcalculos.com.br\/noticias\/#\/schema\/person\/88d1c34bf72dc779ea14a5a6b8e0ae8d\"},\"headline\":\"STF: Dias Toffoli toma posse e \u00e9 o mais jovem ministro a presidir o STF\",\"datePublished\":\"2018-09-14T21:00:11+00:00\",\"dateModified\":\"2021-07-28T17:34:05+00:00\",\"mainEntityOfPage\":{\"@id\":\"https:\/\/mhcalculos.com.br\/noticias\/area\/previdenciario\/stf-dias-toffoli-toma-posse-e-e-o-mais-jovem-ministro-a-presidir-o-stf.html\"},\"wordCount\":1198,\"commentCount\":0,\"image\":{\"@id\":\"https:\/\/mhcalculos.com.br\/noticias\/area\/previdenciario\/stf-dias-toffoli-toma-posse-e-e-o-mais-jovem-ministro-a-presidir-o-stf.html#primaryimage\"},\"thumbnailUrl\":\"https:\/\/mhcalculos.com.br\/noticias\/wp-content\/uploads\/sites\/2\/2018\/08\/previdenciario-0014.jpg\",\"keywords\":[\"aposentadoria\",\"c\u00e1lculos previdenci\u00e1rios\",\"direito previdenci\u00e1rio\",\"inss\",\"per\u00edcia\",\"perito\",\"stf\"],\"articleSection\":[\"Direito Previdenci\u00e1rio\",\"STF\"],\"inLanguage\":\"pt-BR\",\"potentialAction\":[{\"@type\":\"CommentAction\",\"name\":\"Comment\",\"target\":[\"https:\/\/mhcalculos.com.br\/noticias\/area\/previdenciario\/stf-dias-toffoli-toma-posse-e-e-o-mais-jovem-ministro-a-presidir-o-stf.html#respond\"]}]},{\"@type\":\"WebPage\",\"@id\":\"https:\/\/mhcalculos.com.br\/noticias\/area\/previdenciario\/stf-dias-toffoli-toma-posse-e-e-o-mais-jovem-ministro-a-presidir-o-stf.html\",\"url\":\"https:\/\/mhcalculos.com.br\/noticias\/area\/previdenciario\/stf-dias-toffoli-toma-posse-e-e-o-mais-jovem-ministro-a-presidir-o-stf.html\",\"name\":\"STF: Dias Toffoli toma posse e \u00e9 o mais jovem ministro a presidir o STF | Portal de Not\u00edcias\",\"isPartOf\":{\"@id\":\"https:\/\/mhcalculos.com.br\/noticias\/#website\"},\"primaryImageOfPage\":{\"@id\":\"https:\/\/mhcalculos.com.br\/noticias\/area\/previdenciario\/stf-dias-toffoli-toma-posse-e-e-o-mais-jovem-ministro-a-presidir-o-stf.html#primaryimage\"},\"image\":{\"@id\":\"https:\/\/mhcalculos.com.br\/noticias\/area\/previdenciario\/stf-dias-toffoli-toma-posse-e-e-o-mais-jovem-ministro-a-presidir-o-stf.html#primaryimage\"},\"thumbnailUrl\":\"https:\/\/mhcalculos.com.br\/noticias\/wp-content\/uploads\/sites\/2\/2018\/08\/previdenciario-0014.jpg\",\"datePublished\":\"2018-09-14T21:00:11+00:00\",\"dateModified\":\"2021-07-28T17:34:05+00:00\",\"author\":{\"@id\":\"https:\/\/mhcalculos.com.br\/noticias\/#\/schema\/person\/88d1c34bf72dc779ea14a5a6b8e0ae8d\"},\"breadcrumb\":{\"@id\":\"https:\/\/mhcalculos.com.br\/noticias\/area\/previdenciario\/stf-dias-toffoli-toma-posse-e-e-o-mais-jovem-ministro-a-presidir-o-stf.html#breadcrumb\"},\"inLanguage\":\"pt-BR\",\"potentialAction\":[{\"@type\":\"ReadAction\",\"target\":[\"https:\/\/mhcalculos.com.br\/noticias\/area\/previdenciario\/stf-dias-toffoli-toma-posse-e-e-o-mais-jovem-ministro-a-presidir-o-stf.html\"]}]},{\"@type\":\"ImageObject\",\"inLanguage\":\"pt-BR\",\"@id\":\"https:\/\/mhcalculos.com.br\/noticias\/area\/previdenciario\/stf-dias-toffoli-toma-posse-e-e-o-mais-jovem-ministro-a-presidir-o-stf.html#primaryimage\",\"url\":\"https:\/\/mhcalculos.com.br\/noticias\/wp-content\/uploads\/sites\/2\/2018\/08\/previdenciario-0014.jpg\",\"contentUrl\":\"https:\/\/mhcalculos.com.br\/noticias\/wp-content\/uploads\/sites\/2\/2018\/08\/previdenciario-0014.jpg\",\"width\":2000,\"height\":800,\"caption\":\"STJ nega liminar a banc\u00e1rio que sacava valores de benefici\u00e1rios do INSS sem autoriza\u00e7\u00e3o\"},{\"@type\":\"BreadcrumbList\",\"@id\":\"https:\/\/mhcalculos.com.br\/noticias\/area\/previdenciario\/stf-dias-toffoli-toma-posse-e-e-o-mais-jovem-ministro-a-presidir-o-stf.html#breadcrumb\",\"itemListElement\":[{\"@type\":\"ListItem\",\"position\":1,\"name\":\"In\u00edcio\",\"item\":\"https:\/\/mhcalculos.com.br\/noticias\/\"},{\"@type\":\"ListItem\",\"position\":2,\"name\":\"STF: Dias Toffoli toma posse e \u00e9 o mais jovem ministro a presidir o STF\"}]},{\"@type\":\"WebSite\",\"@id\":\"https:\/\/mhcalculos.com.br\/noticias\/#website\",\"url\":\"https:\/\/mhcalculos.com.br\/noticias\/\",\"name\":\"Portal de Not\u00edcias\",\"description\":\"Not\u00edcias e Jurisprud\u00eancia\",\"potentialAction\":[{\"@type\":\"SearchAction\",\"target\":{\"@type\":\"EntryPoint\",\"urlTemplate\":\"https:\/\/mhcalculos.com.br\/noticias\/?s={search_term_string}\"},\"query-input\":{\"@type\":\"PropertyValueSpecification\",\"valueRequired\":true,\"valueName\":\"search_term_string\"}}],\"inLanguage\":\"pt-BR\"},{\"@type\":\"Person\",\"@id\":\"https:\/\/mhcalculos.com.br\/noticias\/#\/schema\/person\/88d1c34bf72dc779ea14a5a6b8e0ae8d\",\"name\":\"Equipe MH\",\"image\":{\"@type\":\"ImageObject\",\"inLanguage\":\"pt-BR\",\"@id\":\"https:\/\/secure.gravatar.com\/avatar\/de1c686c2ecc9c5a3f327e3431d819eb39f8f05d4e1045f5a1caad6daaba987f?s=96&d=mm&r=g\",\"url\":\"https:\/\/secure.gravatar.com\/avatar\/de1c686c2ecc9c5a3f327e3431d819eb39f8f05d4e1045f5a1caad6daaba987f?s=96&d=mm&r=g\",\"contentUrl\":\"https:\/\/secure.gravatar.com\/avatar\/de1c686c2ecc9c5a3f327e3431d819eb39f8f05d4e1045f5a1caad6daaba987f?s=96&d=mm&r=g\",\"caption\":\"Equipe MH\"}}]}<\/script>\n<!-- \/ Yoast SEO plugin. -->","yoast_head_json":{"title":"STF: Dias Toffoli toma posse e \u00e9 o mais jovem ministro a presidir o STF | Portal de Not\u00edcias","robots":{"index":"index","follow":"follow","max-snippet":"max-snippet:-1","max-image-preview":"max-image-preview:large","max-video-preview":"max-video-preview:-1"},"canonical":"https:\/\/mhcalculos.com.br\/noticias\/area\/previdenciario\/stf-dias-toffoli-toma-posse-e-e-o-mais-jovem-ministro-a-presidir-o-stf.html","og_locale":"pt_BR","og_type":"article","og_title":"STF: Dias Toffoli toma posse e \u00e9 o mais jovem ministro a presidir o STF | Portal de Not\u00edcias","og_description":"Os ministros Dias Toffoli e Luiz Fux foram empossados&nbsp;na Presid\u00eancia e na Vice-Presid\u00eancia do Supremo Tribunal Federal, em sess\u00e3o solene realizada no Plen\u00e1rio do STF, nesta quinta-feira (13). Aos 50 anos, Dias Toffoli passar\u00e1 a ser o mais jovem integrante a presidir a Corte, desde o Imp\u00e9rio. Antes dele, esse t\u00edtulo pertencia ao atual decano [&hellip;]","og_url":"https:\/\/mhcalculos.com.br\/noticias\/area\/previdenciario\/stf-dias-toffoli-toma-posse-e-e-o-mais-jovem-ministro-a-presidir-o-stf.html","og_site_name":"Portal de Not\u00edcias","article_published_time":"2018-09-14T21:00:11+00:00","article_modified_time":"2021-07-28T17:34:05+00:00","og_image":[{"width":2000,"height":800,"url":"https:\/\/mhcalculos.com.br\/noticias\/wp-content\/uploads\/sites\/2\/2018\/08\/previdenciario-0014.jpg","type":"image\/jpeg"}],"author":"Equipe MH","twitter_card":"summary_large_image","twitter_misc":{"Escrito por":"Equipe MH","Est. tempo de leitura":"6 minutos"},"schema":{"@context":"https:\/\/schema.org","@graph":[{"@type":"Article","@id":"https:\/\/mhcalculos.com.br\/noticias\/area\/previdenciario\/stf-dias-toffoli-toma-posse-e-e-o-mais-jovem-ministro-a-presidir-o-stf.html#article","isPartOf":{"@id":"https:\/\/mhcalculos.com.br\/noticias\/area\/previdenciario\/stf-dias-toffoli-toma-posse-e-e-o-mais-jovem-ministro-a-presidir-o-stf.html"},"author":{"name":"Equipe MH","@id":"https:\/\/mhcalculos.com.br\/noticias\/#\/schema\/person\/88d1c34bf72dc779ea14a5a6b8e0ae8d"},"headline":"STF: Dias Toffoli toma posse e \u00e9 o mais jovem ministro a presidir o STF","datePublished":"2018-09-14T21:00:11+00:00","dateModified":"2021-07-28T17:34:05+00:00","mainEntityOfPage":{"@id":"https:\/\/mhcalculos.com.br\/noticias\/area\/previdenciario\/stf-dias-toffoli-toma-posse-e-e-o-mais-jovem-ministro-a-presidir-o-stf.html"},"wordCount":1198,"commentCount":0,"image":{"@id":"https:\/\/mhcalculos.com.br\/noticias\/area\/previdenciario\/stf-dias-toffoli-toma-posse-e-e-o-mais-jovem-ministro-a-presidir-o-stf.html#primaryimage"},"thumbnailUrl":"https:\/\/mhcalculos.com.br\/noticias\/wp-content\/uploads\/sites\/2\/2018\/08\/previdenciario-0014.jpg","keywords":["aposentadoria","c\u00e1lculos previdenci\u00e1rios","direito previdenci\u00e1rio","inss","per\u00edcia","perito","stf"],"articleSection":["Direito Previdenci\u00e1rio","STF"],"inLanguage":"pt-BR","potentialAction":[{"@type":"CommentAction","name":"Comment","target":["https:\/\/mhcalculos.com.br\/noticias\/area\/previdenciario\/stf-dias-toffoli-toma-posse-e-e-o-mais-jovem-ministro-a-presidir-o-stf.html#respond"]}]},{"@type":"WebPage","@id":"https:\/\/mhcalculos.com.br\/noticias\/area\/previdenciario\/stf-dias-toffoli-toma-posse-e-e-o-mais-jovem-ministro-a-presidir-o-stf.html","url":"https:\/\/mhcalculos.com.br\/noticias\/area\/previdenciario\/stf-dias-toffoli-toma-posse-e-e-o-mais-jovem-ministro-a-presidir-o-stf.html","name":"STF: Dias Toffoli toma posse e \u00e9 o mais jovem ministro a presidir o STF | Portal de Not\u00edcias","isPartOf":{"@id":"https:\/\/mhcalculos.com.br\/noticias\/#website"},"primaryImageOfPage":{"@id":"https:\/\/mhcalculos.com.br\/noticias\/area\/previdenciario\/stf-dias-toffoli-toma-posse-e-e-o-mais-jovem-ministro-a-presidir-o-stf.html#primaryimage"},"image":{"@id":"https:\/\/mhcalculos.com.br\/noticias\/area\/previdenciario\/stf-dias-toffoli-toma-posse-e-e-o-mais-jovem-ministro-a-presidir-o-stf.html#primaryimage"},"thumbnailUrl":"https:\/\/mhcalculos.com.br\/noticias\/wp-content\/uploads\/sites\/2\/2018\/08\/previdenciario-0014.jpg","datePublished":"2018-09-14T21:00:11+00:00","dateModified":"2021-07-28T17:34:05+00:00","author":{"@id":"https:\/\/mhcalculos.com.br\/noticias\/#\/schema\/person\/88d1c34bf72dc779ea14a5a6b8e0ae8d"},"breadcrumb":{"@id":"https:\/\/mhcalculos.com.br\/noticias\/area\/previdenciario\/stf-dias-toffoli-toma-posse-e-e-o-mais-jovem-ministro-a-presidir-o-stf.html#breadcrumb"},"inLanguage":"pt-BR","potentialAction":[{"@type":"ReadAction","target":["https:\/\/mhcalculos.com.br\/noticias\/area\/previdenciario\/stf-dias-toffoli-toma-posse-e-e-o-mais-jovem-ministro-a-presidir-o-stf.html"]}]},{"@type":"ImageObject","inLanguage":"pt-BR","@id":"https:\/\/mhcalculos.com.br\/noticias\/area\/previdenciario\/stf-dias-toffoli-toma-posse-e-e-o-mais-jovem-ministro-a-presidir-o-stf.html#primaryimage","url":"https:\/\/mhcalculos.com.br\/noticias\/wp-content\/uploads\/sites\/2\/2018\/08\/previdenciario-0014.jpg","contentUrl":"https:\/\/mhcalculos.com.br\/noticias\/wp-content\/uploads\/sites\/2\/2018\/08\/previdenciario-0014.jpg","width":2000,"height":800,"caption":"STJ nega liminar a banc\u00e1rio que sacava valores de benefici\u00e1rios do INSS sem autoriza\u00e7\u00e3o"},{"@type":"BreadcrumbList","@id":"https:\/\/mhcalculos.com.br\/noticias\/area\/previdenciario\/stf-dias-toffoli-toma-posse-e-e-o-mais-jovem-ministro-a-presidir-o-stf.html#breadcrumb","itemListElement":[{"@type":"ListItem","position":1,"name":"In\u00edcio","item":"https:\/\/mhcalculos.com.br\/noticias\/"},{"@type":"ListItem","position":2,"name":"STF: Dias Toffoli toma posse e \u00e9 o mais jovem ministro a presidir o STF"}]},{"@type":"WebSite","@id":"https:\/\/mhcalculos.com.br\/noticias\/#website","url":"https:\/\/mhcalculos.com.br\/noticias\/","name":"Portal de Not\u00edcias","description":"Not\u00edcias e Jurisprud\u00eancia","potentialAction":[{"@type":"SearchAction","target":{"@type":"EntryPoint","urlTemplate":"https:\/\/mhcalculos.com.br\/noticias\/?s={search_term_string}"},"query-input":{"@type":"PropertyValueSpecification","valueRequired":true,"valueName":"search_term_string"}}],"inLanguage":"pt-BR"},{"@type":"Person","@id":"https:\/\/mhcalculos.com.br\/noticias\/#\/schema\/person\/88d1c34bf72dc779ea14a5a6b8e0ae8d","name":"Equipe MH","image":{"@type":"ImageObject","inLanguage":"pt-BR","@id":"https:\/\/secure.gravatar.com\/avatar\/de1c686c2ecc9c5a3f327e3431d819eb39f8f05d4e1045f5a1caad6daaba987f?s=96&d=mm&r=g","url":"https:\/\/secure.gravatar.com\/avatar\/de1c686c2ecc9c5a3f327e3431d819eb39f8f05d4e1045f5a1caad6daaba987f?s=96&d=mm&r=g","contentUrl":"https:\/\/secure.gravatar.com\/avatar\/de1c686c2ecc9c5a3f327e3431d819eb39f8f05d4e1045f5a1caad6daaba987f?s=96&d=mm&r=g","caption":"Equipe MH"}}]}},"_links":{"self":[{"href":"https:\/\/mhcalculos.com.br\/noticias\/wp-json\/wp\/v2\/posts\/3164","targetHints":{"allow":["GET"]}}],"collection":[{"href":"https:\/\/mhcalculos.com.br\/noticias\/wp-json\/wp\/v2\/posts"}],"about":[{"href":"https:\/\/mhcalculos.com.br\/noticias\/wp-json\/wp\/v2\/types\/post"}],"author":[{"embeddable":true,"href":"https:\/\/mhcalculos.com.br\/noticias\/wp-json\/wp\/v2\/users\/3063"}],"replies":[{"embeddable":true,"href":"https:\/\/mhcalculos.com.br\/noticias\/wp-json\/wp\/v2\/comments?post=3164"}],"version-history":[{"count":1,"href":"https:\/\/mhcalculos.com.br\/noticias\/wp-json\/wp\/v2\/posts\/3164\/revisions"}],"predecessor-version":[{"id":10226,"href":"https:\/\/mhcalculos.com.br\/noticias\/wp-json\/wp\/v2\/posts\/3164\/revisions\/10226"}],"wp:featuredmedia":[{"embeddable":true,"href":"https:\/\/mhcalculos.com.br\/noticias\/wp-json\/wp\/v2\/media\/2700"}],"wp:attachment":[{"href":"https:\/\/mhcalculos.com.br\/noticias\/wp-json\/wp\/v2\/media?parent=3164"}],"wp:term":[{"taxonomy":"category","embeddable":true,"href":"https:\/\/mhcalculos.com.br\/noticias\/wp-json\/wp\/v2\/categories?post=3164"},{"taxonomy":"post_tag","embeddable":true,"href":"https:\/\/mhcalculos.com.br\/noticias\/wp-json\/wp\/v2\/tags?post=3164"}],"curies":[{"name":"wp","href":"https:\/\/api.w.org\/{rel}","templated":true}]}}