{"id":3154,"date":"2018-09-13T17:00:33","date_gmt":"2018-09-13T20:00:33","guid":{"rendered":"https:\/\/mhcalculos.com.br\/noticias\/2018\/09\/13\/asid-e-edp-saiba-como-construir-uma-cultura-organizacional-inclusiva\/"},"modified":"2021-07-28T14:34:06","modified_gmt":"2021-07-28T17:34:06","slug":"asid-e-edp-saiba-como-construir-uma-cultura-organizacional-inclusiva","status":"publish","type":"post","link":"https:\/\/mhcalculos.com.br\/noticias\/cidadania\/asid-e-edp-saiba-como-construir-uma-cultura-organizacional-inclusiva.html","title":{"rendered":"ASID e EDP: saiba como construir uma cultura organizacional inclusiva"},"content":{"rendered":"<p> <br \/>\n<\/p>\n<p><span style=\"font-weight: 400\">A <a href=\"http:\/\/www.edp.com.br\/\"><strong>EDP<\/strong><\/a> tinha um objetivo: <strong><em>tornar seu ambiente organizacional mais inclusivo<\/em><\/strong>, a partir da\u00ed a <strong>ASID<\/strong> desenvolveu o <strong>Projeto + Inclus\u00e3o EDP<\/strong>, que tem como miss\u00e3o fomentar e fortalecer a cultura de diversidade e inclus\u00e3o da pessoa com defici\u00eancia e criar um mecanismo padr\u00e3o e efetivo para realizar a <strong>contrata\u00e7\u00e3o de pessoas com defici\u00eancia<\/strong> (PcD). Acompanhe as etapas do projeto:<\/span><\/p>\n<div id=\"attachment_16748\" style=\"width: 1034px\" class=\"wp-caption alignnone\"><\/p>\n<p class=\"wp-caption-text\">Etapas do Projeto + Inclus\u00e3o EDP<\/p>\n<\/div>\n<p><span style=\"font-weight: 400\">Para alcan\u00e7ar seu prop\u00f3sito,o projeto foi elaborado contendo algumas etapas. <\/span><span style=\"font-weight: 400\">A primeira delas foi apresentar a proposta para os l\u00edderes da empresa para assim engaja-los ainda mais na causa e conquistar patrocinadores internos.<\/span><\/p>\n<p><span style=\"font-weight: 400\">Logo em seguida, deu-se in\u00edcio ao <strong>diagn\u00f3stico da empresa<\/strong>, que foi realizado para entender como os colaboradores enxergam a import\u00e2ncia da inclus\u00e3o e verificar se est\u00e3o preparados para receber PcD na equipe. Alguns crit\u00e9rios de avalia\u00e7\u00e3o utilizados para a especificidade da \u00e1rea foram: complexidade das atividades, rotina de trabalho e desempenho profissional.<\/span><\/p>\n<p><span style=\"font-weight: 400\">Para isso, foram feitas <strong>entrevistas com colaboradores dos mais diversos setores e cargos<\/strong>, o que possibilitou uma vis\u00e3o macro da empresa. Atualmente, est\u00e3o sendo feitas uma s\u00e9rie de reuni\u00f5es com a equipe de recursos humanos para reestruturar o processo de recrutamento e sele\u00e7\u00e3o, para torn\u00e1-lo mais inclusivo.<\/span><\/p>\n<p><span style=\"font-weight: 400\">Como forma de apresentar aos colaboradores da empresa o potencial da PcD, foram realizadas palestras em diferentes localidades: <strong>S\u00e3o Paulo, S\u00e3o Jos\u00e9 dos Campos (SP), Mogi das Cruzes (SP), Pec\u00e9m (CE), Vit\u00f3ria (ES), Porto Alegre (RS), Lajeado (TO) e Peixe (TO)<\/strong>. Para esse momento, o Gabriel &#8211; um jovem cheff de 22 anos que fundou a <a href=\"https:\/\/pt-br.facebook.com\/downlicia\/\"><strong>Downl\u00edcia<\/strong><\/a>&#8211;\u00a0 foi convidado para contar sua hist\u00f3ria e no final de cada apresenta\u00e7\u00e3o ele distribuiu seus brigadeiros aos participantes.<\/span><\/p>\n<div id=\"attachment_16750\" style=\"width: 834px\" class=\"wp-caption alignnone\"><img decoding=\"async\" class=\"wp-image-16750 lazyload\" data-src=\"https:\/\/asidbrasil.org.br\/wp-content\/uploads\/2018\/09\/edp-2-3.jpeg\" alt=\"\" width=\"824\" height=\"454\" src=\"data:image\/svg+xml;base64,PHN2ZyB3aWR0aD0iMSIgaGVpZ2h0PSIxIiB4bWxucz0iaHR0cDovL3d3dy53My5vcmcvMjAwMC9zdmciPjwvc3ZnPg==\" style=\"--smush-placeholder-width: 824px; --smush-placeholder-aspect-ratio: 824\/454;\" \/><\/p>\n<p class=\"wp-caption-text\">Equipe da EDP em Lajeado (TO)<\/p>\n<\/div>\n<p><span style=\"font-weight: 400\">Em paralelo as palestras, em Fortaleza aconteceu o <strong>workshop Quebrando as Barreiras<\/strong>, com o objetivo de empoderar a lideran\u00e7a da EDP para a inclus\u00e3o. Isso foi feito de forma pr\u00e1tica e interativa, focando nas barreiras identificadas na etapa de diagn\u00f3stico.<\/span><\/p>\n<p><span style=\"font-weight: 400\">Os l\u00edderes participaram de v\u00e1rias din\u00e2micas, uma delas foi o <strong>\u201cCaf\u00e9 Sensorial\u201d<\/strong>, em que eles entraram em contato com condutas e situa\u00e7\u00f5es espec\u00edficas sobre cada defici\u00eancia, trazendo \u00e0 tona fatos e especificidades, como por exemplo a diferen\u00e7a entre defici\u00eancia intelectual e doen\u00e7a mental, algo bastante confundido por leigos.<\/span><\/p>\n<p><span style=\"font-weight: 400\">Para finalizar e apoiar o projeto foi criado o Comit\u00ea de Institui\u00e7\u00f5es, que consiste na <strong>uni\u00e3o de institui\u00e7\u00f5es da Rede ASID<\/strong> que atendem pessoas com diferentes tipos de defici\u00eancia. <\/span><\/p>\n<p><span style=\"font-weight: 400\">Ao longo do projeto essas institui\u00e7\u00f5es auxiliaram a <strong>EDP<\/strong> e desempenharam o papel de tirar d\u00favidas e apoiar a cria\u00e7\u00e3o do processo de inclus\u00e3o. No final, as institui\u00e7\u00f5es que formam esse comit\u00ea poder\u00e3o encaminhar candidatos e apoiar a inclus\u00e3o da PcD na <strong>EDP<\/strong>. Assim, quando a empresa abrir vagas com potencial de inclus\u00e3o entrar\u00e1 em contato com esse comit\u00ea formado pelas institui\u00e7\u00f5es. <\/span><\/p>\n<p><span style=\"font-weight: 400\">Para engajar todos os colaboradores e criar um processo padronizado na empresa, est\u00e1 sendo elaborado um <strong>Guia de Inclus\u00e3o<\/strong>. Este guia contar\u00e1 com conhecimentos sobre diversos tipos de defici\u00eancia, dicas sobre como se comunicar no dia a dia, entre outros. O material ser\u00e1 distribu\u00eddo aos funcion\u00e1rios nos formatos digital e impresso. <\/span><\/p>\n<p><span style=\"font-weight: 400\">Para a ASID, apoiar uma empresa como a EDP na cria\u00e7\u00e3o de uma cultura ainda mais inclusiva \u00e9 uma grande oportunidade para chegar mais perto do seu objetivo: construir uma sociedade inclusiva. Afinal, uma cultura inclusiva gera resultados positivos para todos os envolvidos e a sociedade.<\/span><\/p>\n<p>O post <a rel=\"nofollow\" href=\"https:\/\/asidbrasil.org.br\/asid-e-edp-saiba-como-construir-uma-cultura-organizacional-inclusiva\/\">ASID e EDP: saiba como construir uma cultura organizacional inclusiva<\/a> apareceu primeiro em <a rel=\"nofollow\" href=\"https:\/\/asidbrasil.org.br\">ASID Brasil<\/a>.<\/p>\n<p><i>Visite o site <a href=\"https:\/\/asidbrasil.org.br\/\">asidbrasil.org.br<\/a> e conhe\u00e7a mais sobre a ASID Brasil.<\/i><br \/>\n<br \/><a href=\"https:\/\/asidbrasil.org.br\/asid-e-edp-saiba-como-construir-uma-cultura-organizacional-inclusiva\/\">Fonte<\/a><br \/>\n<br \/><\/p>\n","protected":false},"excerpt":{"rendered":"<p>A EDP tinha um objetivo: tornar seu ambiente organizacional mais inclusivo, a partir da\u00ed a ASID desenvolveu o Projeto + Inclus\u00e3o EDP, que tem como miss\u00e3o fomentar e fortalecer a cultura de diversidade e inclus\u00e3o da pessoa com defici\u00eancia e criar um mecanismo padr\u00e3o e efetivo para realizar a contrata\u00e7\u00e3o de pessoas com defici\u00eancia (PcD). [&hellip;]<\/p>\n","protected":false},"author":3063,"featured_media":3155,"comment_status":"open","ping_status":"open","sticky":false,"template":"","format":"standard","meta":{"footnotes":""},"categories":[113],"tags":[158,157,163,162,164,161,160,159],"class_list":{"0":"post-3154","1":"post","2":"type-post","3":"status-publish","4":"format-standard","5":"has-post-thumbnail","7":"category-cidadania","8":"tag-asid","9":"tag-cidadania","10":"tag-desenvolvimento-institucional","11":"tag-diversidade","12":"tag-impacto-social","13":"tag-inclusao","14":"tag-voluntariado","15":"tag-voluntario"},"yoast_head":"<!-- This site is optimized with the Yoast SEO plugin v27.2 - https:\/\/yoast.com\/product\/yoast-seo-wordpress\/ -->\n<title>ASID e EDP: saiba como construir uma cultura organizacional inclusiva | Portal de Not\u00edcias<\/title>\n<meta name=\"robots\" content=\"index, follow, max-snippet:-1, max-image-preview:large, max-video-preview:-1\" \/>\n<link rel=\"canonical\" href=\"https:\/\/mhcalculos.com.br\/noticias\/cidadania\/asid-e-edp-saiba-como-construir-uma-cultura-organizacional-inclusiva.html\" \/>\n<meta property=\"og:locale\" content=\"pt_BR\" \/>\n<meta property=\"og:type\" content=\"article\" \/>\n<meta property=\"og:title\" content=\"ASID e EDP: saiba como construir uma cultura organizacional inclusiva | Portal de Not\u00edcias\" \/>\n<meta property=\"og:description\" content=\"A EDP tinha um objetivo: tornar seu ambiente organizacional mais inclusivo, a partir da\u00ed a ASID desenvolveu o Projeto + Inclus\u00e3o EDP, que tem como miss\u00e3o fomentar e fortalecer a cultura de diversidade e inclus\u00e3o da pessoa com defici\u00eancia e criar um mecanismo padr\u00e3o e efetivo para realizar a contrata\u00e7\u00e3o de pessoas com defici\u00eancia (PcD). [&hellip;]\" \/>\n<meta property=\"og:url\" content=\"https:\/\/mhcalculos.com.br\/noticias\/cidadania\/asid-e-edp-saiba-como-construir-uma-cultura-organizacional-inclusiva.html\" \/>\n<meta property=\"og:site_name\" content=\"Portal de Not\u00edcias\" \/>\n<meta property=\"article:published_time\" content=\"2018-09-13T20:00:33+00:00\" \/>\n<meta property=\"article:modified_time\" content=\"2021-07-28T17:34:06+00:00\" \/>\n<meta property=\"og:image\" content=\"https:\/\/mhcalculos.com.br\/noticias\/wp-content\/uploads\/sites\/2\/2018\/09\/Imagem1.jpg\" \/>\n\t<meta property=\"og:image:width\" content=\"1284\" \/>\n\t<meta property=\"og:image:height\" content=\"963\" \/>\n\t<meta property=\"og:image:type\" content=\"image\/jpeg\" \/>\n<meta name=\"author\" content=\"Equipe MH\" \/>\n<meta name=\"twitter:card\" content=\"summary_large_image\" \/>\n<meta name=\"twitter:label1\" content=\"Escrito por\" \/>\n\t<meta name=\"twitter:data1\" content=\"Equipe MH\" \/>\n\t<meta name=\"twitter:label2\" content=\"Est. tempo de leitura\" \/>\n\t<meta name=\"twitter:data2\" content=\"3 minutos\" \/>\n<script type=\"application\/ld+json\" class=\"yoast-schema-graph\">{\"@context\":\"https:\/\/schema.org\",\"@graph\":[{\"@type\":\"Article\",\"@id\":\"https:\/\/mhcalculos.com.br\/noticias\/cidadania\/asid-e-edp-saiba-como-construir-uma-cultura-organizacional-inclusiva.html#article\",\"isPartOf\":{\"@id\":\"https:\/\/mhcalculos.com.br\/noticias\/cidadania\/asid-e-edp-saiba-como-construir-uma-cultura-organizacional-inclusiva.html\"},\"author\":{\"name\":\"Equipe MH\",\"@id\":\"https:\/\/mhcalculos.com.br\/noticias\/#\/schema\/person\/88d1c34bf72dc779ea14a5a6b8e0ae8d\"},\"headline\":\"ASID e EDP: saiba como construir uma cultura organizacional inclusiva\",\"datePublished\":\"2018-09-13T20:00:33+00:00\",\"dateModified\":\"2021-07-28T17:34:06+00:00\",\"mainEntityOfPage\":{\"@id\":\"https:\/\/mhcalculos.com.br\/noticias\/cidadania\/asid-e-edp-saiba-como-construir-uma-cultura-organizacional-inclusiva.html\"},\"wordCount\":656,\"commentCount\":0,\"image\":{\"@id\":\"https:\/\/mhcalculos.com.br\/noticias\/cidadania\/asid-e-edp-saiba-como-construir-uma-cultura-organizacional-inclusiva.html#primaryimage\"},\"thumbnailUrl\":\"https:\/\/mhcalculos.com.br\/noticias\/wp-content\/uploads\/sites\/2\/2018\/09\/Imagem1.jpg\",\"keywords\":[\"asid\",\"cidadania\",\"desenvolvimento institucional\",\"diversidade\",\"impacto social\",\"inclus\u00e3o\",\"voluntariado\",\"volunt\u00e1rio\"],\"articleSection\":[\"Cidadania\"],\"inLanguage\":\"pt-BR\",\"potentialAction\":[{\"@type\":\"CommentAction\",\"name\":\"Comment\",\"target\":[\"https:\/\/mhcalculos.com.br\/noticias\/cidadania\/asid-e-edp-saiba-como-construir-uma-cultura-organizacional-inclusiva.html#respond\"]}]},{\"@type\":\"WebPage\",\"@id\":\"https:\/\/mhcalculos.com.br\/noticias\/cidadania\/asid-e-edp-saiba-como-construir-uma-cultura-organizacional-inclusiva.html\",\"url\":\"https:\/\/mhcalculos.com.br\/noticias\/cidadania\/asid-e-edp-saiba-como-construir-uma-cultura-organizacional-inclusiva.html\",\"name\":\"ASID e EDP: saiba como construir uma cultura organizacional inclusiva | Portal de Not\u00edcias\",\"isPartOf\":{\"@id\":\"https:\/\/mhcalculos.com.br\/noticias\/#website\"},\"primaryImageOfPage\":{\"@id\":\"https:\/\/mhcalculos.com.br\/noticias\/cidadania\/asid-e-edp-saiba-como-construir-uma-cultura-organizacional-inclusiva.html#primaryimage\"},\"image\":{\"@id\":\"https:\/\/mhcalculos.com.br\/noticias\/cidadania\/asid-e-edp-saiba-como-construir-uma-cultura-organizacional-inclusiva.html#primaryimage\"},\"thumbnailUrl\":\"https:\/\/mhcalculos.com.br\/noticias\/wp-content\/uploads\/sites\/2\/2018\/09\/Imagem1.jpg\",\"datePublished\":\"2018-09-13T20:00:33+00:00\",\"dateModified\":\"2021-07-28T17:34:06+00:00\",\"author\":{\"@id\":\"https:\/\/mhcalculos.com.br\/noticias\/#\/schema\/person\/88d1c34bf72dc779ea14a5a6b8e0ae8d\"},\"breadcrumb\":{\"@id\":\"https:\/\/mhcalculos.com.br\/noticias\/cidadania\/asid-e-edp-saiba-como-construir-uma-cultura-organizacional-inclusiva.html#breadcrumb\"},\"inLanguage\":\"pt-BR\",\"potentialAction\":[{\"@type\":\"ReadAction\",\"target\":[\"https:\/\/mhcalculos.com.br\/noticias\/cidadania\/asid-e-edp-saiba-como-construir-uma-cultura-organizacional-inclusiva.html\"]}]},{\"@type\":\"ImageObject\",\"inLanguage\":\"pt-BR\",\"@id\":\"https:\/\/mhcalculos.com.br\/noticias\/cidadania\/asid-e-edp-saiba-como-construir-uma-cultura-organizacional-inclusiva.html#primaryimage\",\"url\":\"https:\/\/mhcalculos.com.br\/noticias\/wp-content\/uploads\/sites\/2\/2018\/09\/Imagem1.jpg\",\"contentUrl\":\"https:\/\/mhcalculos.com.br\/noticias\/wp-content\/uploads\/sites\/2\/2018\/09\/Imagem1.jpg\",\"width\":1284,\"height\":963},{\"@type\":\"BreadcrumbList\",\"@id\":\"https:\/\/mhcalculos.com.br\/noticias\/cidadania\/asid-e-edp-saiba-como-construir-uma-cultura-organizacional-inclusiva.html#breadcrumb\",\"itemListElement\":[{\"@type\":\"ListItem\",\"position\":1,\"name\":\"In\u00edcio\",\"item\":\"https:\/\/mhcalculos.com.br\/noticias\/\"},{\"@type\":\"ListItem\",\"position\":2,\"name\":\"ASID e EDP: saiba como construir uma cultura organizacional inclusiva\"}]},{\"@type\":\"WebSite\",\"@id\":\"https:\/\/mhcalculos.com.br\/noticias\/#website\",\"url\":\"https:\/\/mhcalculos.com.br\/noticias\/\",\"name\":\"Portal de Not\u00edcias\",\"description\":\"Not\u00edcias e Jurisprud\u00eancia\",\"potentialAction\":[{\"@type\":\"SearchAction\",\"target\":{\"@type\":\"EntryPoint\",\"urlTemplate\":\"https:\/\/mhcalculos.com.br\/noticias\/?s={search_term_string}\"},\"query-input\":{\"@type\":\"PropertyValueSpecification\",\"valueRequired\":true,\"valueName\":\"search_term_string\"}}],\"inLanguage\":\"pt-BR\"},{\"@type\":\"Person\",\"@id\":\"https:\/\/mhcalculos.com.br\/noticias\/#\/schema\/person\/88d1c34bf72dc779ea14a5a6b8e0ae8d\",\"name\":\"Equipe MH\",\"image\":{\"@type\":\"ImageObject\",\"inLanguage\":\"pt-BR\",\"@id\":\"https:\/\/secure.gravatar.com\/avatar\/de1c686c2ecc9c5a3f327e3431d819eb39f8f05d4e1045f5a1caad6daaba987f?s=96&d=mm&r=g\",\"url\":\"https:\/\/secure.gravatar.com\/avatar\/de1c686c2ecc9c5a3f327e3431d819eb39f8f05d4e1045f5a1caad6daaba987f?s=96&d=mm&r=g\",\"contentUrl\":\"https:\/\/secure.gravatar.com\/avatar\/de1c686c2ecc9c5a3f327e3431d819eb39f8f05d4e1045f5a1caad6daaba987f?s=96&d=mm&r=g\",\"caption\":\"Equipe MH\"}}]}<\/script>\n<!-- \/ Yoast SEO plugin. -->","yoast_head_json":{"title":"ASID e EDP: saiba como construir uma cultura organizacional inclusiva | Portal de Not\u00edcias","robots":{"index":"index","follow":"follow","max-snippet":"max-snippet:-1","max-image-preview":"max-image-preview:large","max-video-preview":"max-video-preview:-1"},"canonical":"https:\/\/mhcalculos.com.br\/noticias\/cidadania\/asid-e-edp-saiba-como-construir-uma-cultura-organizacional-inclusiva.html","og_locale":"pt_BR","og_type":"article","og_title":"ASID e EDP: saiba como construir uma cultura organizacional inclusiva | Portal de Not\u00edcias","og_description":"A EDP tinha um objetivo: tornar seu ambiente organizacional mais inclusivo, a partir da\u00ed a ASID desenvolveu o Projeto + Inclus\u00e3o EDP, que tem como miss\u00e3o fomentar e fortalecer a cultura de diversidade e inclus\u00e3o da pessoa com defici\u00eancia e criar um mecanismo padr\u00e3o e efetivo para realizar a contrata\u00e7\u00e3o de pessoas com defici\u00eancia (PcD). [&hellip;]","og_url":"https:\/\/mhcalculos.com.br\/noticias\/cidadania\/asid-e-edp-saiba-como-construir-uma-cultura-organizacional-inclusiva.html","og_site_name":"Portal de Not\u00edcias","article_published_time":"2018-09-13T20:00:33+00:00","article_modified_time":"2021-07-28T17:34:06+00:00","og_image":[{"width":1284,"height":963,"url":"https:\/\/mhcalculos.com.br\/noticias\/wp-content\/uploads\/sites\/2\/2018\/09\/Imagem1.jpg","type":"image\/jpeg"}],"author":"Equipe MH","twitter_card":"summary_large_image","twitter_misc":{"Escrito por":"Equipe MH","Est. tempo de leitura":"3 minutos"},"schema":{"@context":"https:\/\/schema.org","@graph":[{"@type":"Article","@id":"https:\/\/mhcalculos.com.br\/noticias\/cidadania\/asid-e-edp-saiba-como-construir-uma-cultura-organizacional-inclusiva.html#article","isPartOf":{"@id":"https:\/\/mhcalculos.com.br\/noticias\/cidadania\/asid-e-edp-saiba-como-construir-uma-cultura-organizacional-inclusiva.html"},"author":{"name":"Equipe MH","@id":"https:\/\/mhcalculos.com.br\/noticias\/#\/schema\/person\/88d1c34bf72dc779ea14a5a6b8e0ae8d"},"headline":"ASID e EDP: saiba como construir uma cultura organizacional inclusiva","datePublished":"2018-09-13T20:00:33+00:00","dateModified":"2021-07-28T17:34:06+00:00","mainEntityOfPage":{"@id":"https:\/\/mhcalculos.com.br\/noticias\/cidadania\/asid-e-edp-saiba-como-construir-uma-cultura-organizacional-inclusiva.html"},"wordCount":656,"commentCount":0,"image":{"@id":"https:\/\/mhcalculos.com.br\/noticias\/cidadania\/asid-e-edp-saiba-como-construir-uma-cultura-organizacional-inclusiva.html#primaryimage"},"thumbnailUrl":"https:\/\/mhcalculos.com.br\/noticias\/wp-content\/uploads\/sites\/2\/2018\/09\/Imagem1.jpg","keywords":["asid","cidadania","desenvolvimento institucional","diversidade","impacto social","inclus\u00e3o","voluntariado","volunt\u00e1rio"],"articleSection":["Cidadania"],"inLanguage":"pt-BR","potentialAction":[{"@type":"CommentAction","name":"Comment","target":["https:\/\/mhcalculos.com.br\/noticias\/cidadania\/asid-e-edp-saiba-como-construir-uma-cultura-organizacional-inclusiva.html#respond"]}]},{"@type":"WebPage","@id":"https:\/\/mhcalculos.com.br\/noticias\/cidadania\/asid-e-edp-saiba-como-construir-uma-cultura-organizacional-inclusiva.html","url":"https:\/\/mhcalculos.com.br\/noticias\/cidadania\/asid-e-edp-saiba-como-construir-uma-cultura-organizacional-inclusiva.html","name":"ASID e EDP: saiba como construir uma cultura organizacional inclusiva | Portal de Not\u00edcias","isPartOf":{"@id":"https:\/\/mhcalculos.com.br\/noticias\/#website"},"primaryImageOfPage":{"@id":"https:\/\/mhcalculos.com.br\/noticias\/cidadania\/asid-e-edp-saiba-como-construir-uma-cultura-organizacional-inclusiva.html#primaryimage"},"image":{"@id":"https:\/\/mhcalculos.com.br\/noticias\/cidadania\/asid-e-edp-saiba-como-construir-uma-cultura-organizacional-inclusiva.html#primaryimage"},"thumbnailUrl":"https:\/\/mhcalculos.com.br\/noticias\/wp-content\/uploads\/sites\/2\/2018\/09\/Imagem1.jpg","datePublished":"2018-09-13T20:00:33+00:00","dateModified":"2021-07-28T17:34:06+00:00","author":{"@id":"https:\/\/mhcalculos.com.br\/noticias\/#\/schema\/person\/88d1c34bf72dc779ea14a5a6b8e0ae8d"},"breadcrumb":{"@id":"https:\/\/mhcalculos.com.br\/noticias\/cidadania\/asid-e-edp-saiba-como-construir-uma-cultura-organizacional-inclusiva.html#breadcrumb"},"inLanguage":"pt-BR","potentialAction":[{"@type":"ReadAction","target":["https:\/\/mhcalculos.com.br\/noticias\/cidadania\/asid-e-edp-saiba-como-construir-uma-cultura-organizacional-inclusiva.html"]}]},{"@type":"ImageObject","inLanguage":"pt-BR","@id":"https:\/\/mhcalculos.com.br\/noticias\/cidadania\/asid-e-edp-saiba-como-construir-uma-cultura-organizacional-inclusiva.html#primaryimage","url":"https:\/\/mhcalculos.com.br\/noticias\/wp-content\/uploads\/sites\/2\/2018\/09\/Imagem1.jpg","contentUrl":"https:\/\/mhcalculos.com.br\/noticias\/wp-content\/uploads\/sites\/2\/2018\/09\/Imagem1.jpg","width":1284,"height":963},{"@type":"BreadcrumbList","@id":"https:\/\/mhcalculos.com.br\/noticias\/cidadania\/asid-e-edp-saiba-como-construir-uma-cultura-organizacional-inclusiva.html#breadcrumb","itemListElement":[{"@type":"ListItem","position":1,"name":"In\u00edcio","item":"https:\/\/mhcalculos.com.br\/noticias\/"},{"@type":"ListItem","position":2,"name":"ASID e EDP: saiba como construir uma cultura organizacional inclusiva"}]},{"@type":"WebSite","@id":"https:\/\/mhcalculos.com.br\/noticias\/#website","url":"https:\/\/mhcalculos.com.br\/noticias\/","name":"Portal de Not\u00edcias","description":"Not\u00edcias e Jurisprud\u00eancia","potentialAction":[{"@type":"SearchAction","target":{"@type":"EntryPoint","urlTemplate":"https:\/\/mhcalculos.com.br\/noticias\/?s={search_term_string}"},"query-input":{"@type":"PropertyValueSpecification","valueRequired":true,"valueName":"search_term_string"}}],"inLanguage":"pt-BR"},{"@type":"Person","@id":"https:\/\/mhcalculos.com.br\/noticias\/#\/schema\/person\/88d1c34bf72dc779ea14a5a6b8e0ae8d","name":"Equipe MH","image":{"@type":"ImageObject","inLanguage":"pt-BR","@id":"https:\/\/secure.gravatar.com\/avatar\/de1c686c2ecc9c5a3f327e3431d819eb39f8f05d4e1045f5a1caad6daaba987f?s=96&d=mm&r=g","url":"https:\/\/secure.gravatar.com\/avatar\/de1c686c2ecc9c5a3f327e3431d819eb39f8f05d4e1045f5a1caad6daaba987f?s=96&d=mm&r=g","contentUrl":"https:\/\/secure.gravatar.com\/avatar\/de1c686c2ecc9c5a3f327e3431d819eb39f8f05d4e1045f5a1caad6daaba987f?s=96&d=mm&r=g","caption":"Equipe MH"}}]}},"_links":{"self":[{"href":"https:\/\/mhcalculos.com.br\/noticias\/wp-json\/wp\/v2\/posts\/3154","targetHints":{"allow":["GET"]}}],"collection":[{"href":"https:\/\/mhcalculos.com.br\/noticias\/wp-json\/wp\/v2\/posts"}],"about":[{"href":"https:\/\/mhcalculos.com.br\/noticias\/wp-json\/wp\/v2\/types\/post"}],"author":[{"embeddable":true,"href":"https:\/\/mhcalculos.com.br\/noticias\/wp-json\/wp\/v2\/users\/3063"}],"replies":[{"embeddable":true,"href":"https:\/\/mhcalculos.com.br\/noticias\/wp-json\/wp\/v2\/comments?post=3154"}],"version-history":[{"count":1,"href":"https:\/\/mhcalculos.com.br\/noticias\/wp-json\/wp\/v2\/posts\/3154\/revisions"}],"predecessor-version":[{"id":10229,"href":"https:\/\/mhcalculos.com.br\/noticias\/wp-json\/wp\/v2\/posts\/3154\/revisions\/10229"}],"wp:featuredmedia":[{"embeddable":true,"href":"https:\/\/mhcalculos.com.br\/noticias\/wp-json\/wp\/v2\/media\/3155"}],"wp:attachment":[{"href":"https:\/\/mhcalculos.com.br\/noticias\/wp-json\/wp\/v2\/media?parent=3154"}],"wp:term":[{"taxonomy":"category","embeddable":true,"href":"https:\/\/mhcalculos.com.br\/noticias\/wp-json\/wp\/v2\/categories?post=3154"},{"taxonomy":"post_tag","embeddable":true,"href":"https:\/\/mhcalculos.com.br\/noticias\/wp-json\/wp\/v2\/tags?post=3154"}],"curies":[{"name":"wp","href":"https:\/\/api.w.org\/{rel}","templated":true}]}}