{"id":3149,"date":"2018-09-06T15:33:00","date_gmt":"2018-09-06T18:33:00","guid":{"rendered":"https:\/\/mhcalculos.com.br\/noticias\/2018\/09\/06\/tst-presidente-do-tribunal-incentiva-participacao-na-8a-semana-nacional-da-execucao-trabalhista\/"},"modified":"2021-07-28T14:34:08","modified_gmt":"2021-07-28T17:34:08","slug":"tst-presidente-do-tribunal-incentiva-participacao-na-8a-semana-nacional-da-execucao-trabalhista","status":"publish","type":"post","link":"https:\/\/mhcalculos.com.br\/noticias\/area\/trabalhista\/tst-presidente-do-tribunal-incentiva-participacao-na-8a-semana-nacional-da-execucao-trabalhista.html","title":{"rendered":"TST: Presidente do Tribunal&nbsp;incentiva participa\u00e7\u00e3o na 8\u00aa Semana Nacional da Execu\u00e7\u00e3o Trabalhista"},"content":{"rendered":"\n<p><a href=\"http:\/\/www.tst.jus.br\/image\/journal\/article?img_id=24652399&amp;t=1536265045639\" target=\"_blank\" rel=\"noopener\">  <\/a><\/p>\n<p><em>A Semana este ano ser\u00e1 realizada de 17 a 21\/9.<\/em><\/p>\n<p>O presidente do Tribunal Superior do Trabalho e do Conselho Superior da Justi\u00e7a do Trabalho (CSJT), ministro Brito Pereira, enviou of\u00edcio a todos os magistrados da Justi\u00e7a do Trabalho para incentivar a concentra\u00e7\u00e3o de esfor\u00e7os na 8\u00aa Semana Nacional da Execu\u00e7\u00e3o Trabalhista. A Semana, que este ano ser\u00e1 realizada de 17 a 21\/9, visa \u00e0 conclus\u00e3o do maior n\u00famero poss\u00edvel de processos em fase de execu\u00e7\u00e3o.<\/p>\n<p>O ministro Brito Pereira manifestou sua confian\u00e7a de que o esfor\u00e7o conjunto dos 24 Tribunais Regionais do Trabalho resultar\u00e1 no pleno sucesso do evento. &#8220;Tenho certeza de que faremos uma Semana Nacional da Execu\u00e7\u00e3o Trabalhista com todos os Tribunais Regionais e todas as Varas do Trabalho alinhados e comprometidos com a busca da resolu\u00e7\u00e3o do maior n\u00famero de lit\u00edgios e a entrega definitiva da presta\u00e7\u00e3o jurisdicional&#8221;, afirmou.<\/p>\n<p>Desde 2010, o CSJT, em parceria com os 24 TRTs, realiza o esfor\u00e7o concentrado, voltado para a solu\u00e7\u00e3o definitiva de processos na Justi\u00e7a do Trabalho. A Semana \u00e9 organizada pela <a href=\"http:\/\/www.tst.jus.br\/web\/execucao-trabalhista\">Comiss\u00e3o Nacional da Efetividade da Execu\u00e7\u00e3o Trabalhista<\/a>, coordenada pelo ministro Cl\u00e1udio Brand\u00e3o, do TST.<\/p>\n<p>Na edi\u00e7\u00e3o de 2017, as a\u00e7\u00f5es desenvolvidas pelos Tribunais Regionais resultaram na realiza\u00e7\u00e3o de 28,3 mil audi\u00eancias e no atendimento de 110,4 mil jurisdicionados. De acordo com o ministro, essa coopera\u00e7\u00e3o \u00e9 vital para o sucesso do evento e deve ser incentivada sempre.<\/p>\n<p>Em 2017, a quita\u00e7\u00e3o de d\u00e9bitos trabalhistas atingiu montante expressivo.\u00a0 &#8220;Foram mais de R$ 819 milh\u00f5es arrecadados, sendo\u00a0R$ 432 milh\u00f5es decorrentes de 54.064 acordos homologados, R$ 118 milh\u00f5es de 1.531 leil\u00f5es realizados e R$ 267\u00a0milh\u00f5es de 34.331 bloqueios efetivados. Estamos esperan\u00e7osos em superar o \u00eaxito do ano passado&#8221;, disse o presidente do TST e do CSJT.<\/p>\n<p>(Com informa\u00e7\u00f5es do <a href=\"http:\/\/www.csjt.jus.br\/de\/web\/csjt\">CSJT<\/a>)<\/p>\n<p><i>Com informa\u00e7\u00f5es da assessoria de imprensa do TST.<\/i><\/p>\n<p><a href=\"http:\/\/www.tst.jus.br\/web\/guest\/noticias?p_p_id=89Dk&amp;p_p_lifecycle=0&amp;refererPlid=10730&amp;_89Dk_struts_action=%2Fjournal_content%2Fview&amp;_89Dk_groupId=10157&amp;_89Dk_articleId=24652206\">Fonte<\/a><\/p>\n\n","protected":false},"excerpt":{"rendered":"<p>A Semana este ano ser\u00e1 realizada de 17 a 21\/9. O presidente do Tribunal Superior do Trabalho e do Conselho Superior da Justi\u00e7a do Trabalho (CSJT), ministro Brito Pereira, enviou of\u00edcio a todos os magistrados da Justi\u00e7a do Trabalho para incentivar a concentra\u00e7\u00e3o de esfor\u00e7os na 8\u00aa Semana Nacional da Execu\u00e7\u00e3o Trabalhista. A Semana, que [&hellip;]<\/p>\n","protected":false},"author":3063,"featured_media":4289,"comment_status":"open","ping_status":"open","sticky":false,"template":"","format":"standard","meta":{"footnotes":""},"categories":[3,21],"tags":[33,216,9,12,217,215],"class_list":{"0":"post-3149","1":"post","2":"type-post","3":"status-publish","4":"format-standard","5":"has-post-thumbnail","7":"category-trabalhista","8":"category-tst","9":"tag-calculos-trabalhistas","10":"tag-direito-trabalhista","11":"tag-pericia","12":"tag-perito","13":"tag-trabalho","14":"tag-tst"},"yoast_head":"<!-- This site is optimized with the Yoast SEO plugin v27.2 - https:\/\/yoast.com\/product\/yoast-seo-wordpress\/ -->\n<title>TST: Presidente do Tribunal&nbsp;incentiva participa\u00e7\u00e3o na 8\u00aa Semana Nacional da Execu\u00e7\u00e3o Trabalhista | Portal de Not\u00edcias<\/title>\n<meta name=\"robots\" content=\"index, follow, max-snippet:-1, max-image-preview:large, max-video-preview:-1\" \/>\n<link rel=\"canonical\" href=\"https:\/\/mhcalculos.com.br\/noticias\/area\/trabalhista\/tst-presidente-do-tribunal-incentiva-participacao-na-8a-semana-nacional-da-execucao-trabalhista.html\" \/>\n<meta property=\"og:locale\" content=\"pt_BR\" \/>\n<meta property=\"og:type\" content=\"article\" \/>\n<meta property=\"og:title\" content=\"TST: Presidente do Tribunal&nbsp;incentiva participa\u00e7\u00e3o na 8\u00aa Semana Nacional da Execu\u00e7\u00e3o Trabalhista | Portal de Not\u00edcias\" \/>\n<meta property=\"og:description\" content=\"A Semana este ano ser\u00e1 realizada de 17 a 21\/9. O presidente do Tribunal Superior do Trabalho e do Conselho Superior da Justi\u00e7a do Trabalho (CSJT), ministro Brito Pereira, enviou of\u00edcio a todos os magistrados da Justi\u00e7a do Trabalho para incentivar a concentra\u00e7\u00e3o de esfor\u00e7os na 8\u00aa Semana Nacional da Execu\u00e7\u00e3o Trabalhista. A Semana, que [&hellip;]\" \/>\n<meta property=\"og:url\" content=\"https:\/\/mhcalculos.com.br\/noticias\/area\/trabalhista\/tst-presidente-do-tribunal-incentiva-participacao-na-8a-semana-nacional-da-execucao-trabalhista.html\" \/>\n<meta property=\"og:site_name\" content=\"Portal de Not\u00edcias\" \/>\n<meta property=\"article:published_time\" content=\"2018-09-06T18:33:00+00:00\" \/>\n<meta property=\"article:modified_time\" content=\"2021-07-28T17:34:08+00:00\" \/>\n<meta property=\"og:image\" content=\"https:\/\/mhcalculos.com.br\/noticias\/wp-content\/uploads\/sites\/2\/2018\/09\/article.png\" \/>\n\t<meta property=\"og:image:width\" content=\"1200\" \/>\n\t<meta property=\"og:image:height\" content=\"800\" \/>\n\t<meta property=\"og:image:type\" content=\"image\/png\" \/>\n<meta name=\"author\" content=\"Equipe MH\" \/>\n<meta name=\"twitter:card\" content=\"summary_large_image\" \/>\n<meta name=\"twitter:label1\" content=\"Escrito por\" \/>\n\t<meta name=\"twitter:data1\" content=\"Equipe MH\" \/>\n\t<meta name=\"twitter:label2\" content=\"Est. tempo de leitura\" \/>\n\t<meta name=\"twitter:data2\" content=\"2 minutos\" \/>\n<script type=\"application\/ld+json\" class=\"yoast-schema-graph\">{\"@context\":\"https:\/\/schema.org\",\"@graph\":[{\"@type\":\"Article\",\"@id\":\"https:\/\/mhcalculos.com.br\/noticias\/area\/trabalhista\/tst-presidente-do-tribunal-incentiva-participacao-na-8a-semana-nacional-da-execucao-trabalhista.html#article\",\"isPartOf\":{\"@id\":\"https:\/\/mhcalculos.com.br\/noticias\/area\/trabalhista\/tst-presidente-do-tribunal-incentiva-participacao-na-8a-semana-nacional-da-execucao-trabalhista.html\"},\"author\":{\"name\":\"Equipe MH\",\"@id\":\"https:\/\/mhcalculos.com.br\/noticias\/#\/schema\/person\/88d1c34bf72dc779ea14a5a6b8e0ae8d\"},\"headline\":\"TST: Presidente do Tribunal&nbsp;incentiva participa\u00e7\u00e3o na 8\u00aa Semana Nacional da Execu\u00e7\u00e3o Trabalhista\",\"datePublished\":\"2018-09-06T18:33:00+00:00\",\"dateModified\":\"2021-07-28T17:34:08+00:00\",\"mainEntityOfPage\":{\"@id\":\"https:\/\/mhcalculos.com.br\/noticias\/area\/trabalhista\/tst-presidente-do-tribunal-incentiva-participacao-na-8a-semana-nacional-da-execucao-trabalhista.html\"},\"wordCount\":335,\"commentCount\":0,\"image\":{\"@id\":\"https:\/\/mhcalculos.com.br\/noticias\/area\/trabalhista\/tst-presidente-do-tribunal-incentiva-participacao-na-8a-semana-nacional-da-execucao-trabalhista.html#primaryimage\"},\"thumbnailUrl\":\"https:\/\/mhcalculos.com.br\/noticias\/wp-content\/uploads\/sites\/2\/2018\/09\/article.png\",\"keywords\":[\"c\u00e1lculos trabalhistas\",\"direito trabalhista\",\"per\u00edcia\",\"perito\",\"trabalho\",\"TST\"],\"articleSection\":[\"Direito Trabalhista\",\"TST\"],\"inLanguage\":\"pt-BR\",\"potentialAction\":[{\"@type\":\"CommentAction\",\"name\":\"Comment\",\"target\":[\"https:\/\/mhcalculos.com.br\/noticias\/area\/trabalhista\/tst-presidente-do-tribunal-incentiva-participacao-na-8a-semana-nacional-da-execucao-trabalhista.html#respond\"]}]},{\"@type\":\"WebPage\",\"@id\":\"https:\/\/mhcalculos.com.br\/noticias\/area\/trabalhista\/tst-presidente-do-tribunal-incentiva-participacao-na-8a-semana-nacional-da-execucao-trabalhista.html\",\"url\":\"https:\/\/mhcalculos.com.br\/noticias\/area\/trabalhista\/tst-presidente-do-tribunal-incentiva-participacao-na-8a-semana-nacional-da-execucao-trabalhista.html\",\"name\":\"TST: Presidente do Tribunal&nbsp;incentiva participa\u00e7\u00e3o na 8\u00aa Semana Nacional da Execu\u00e7\u00e3o Trabalhista | Portal de Not\u00edcias\",\"isPartOf\":{\"@id\":\"https:\/\/mhcalculos.com.br\/noticias\/#website\"},\"primaryImageOfPage\":{\"@id\":\"https:\/\/mhcalculos.com.br\/noticias\/area\/trabalhista\/tst-presidente-do-tribunal-incentiva-participacao-na-8a-semana-nacional-da-execucao-trabalhista.html#primaryimage\"},\"image\":{\"@id\":\"https:\/\/mhcalculos.com.br\/noticias\/area\/trabalhista\/tst-presidente-do-tribunal-incentiva-participacao-na-8a-semana-nacional-da-execucao-trabalhista.html#primaryimage\"},\"thumbnailUrl\":\"https:\/\/mhcalculos.com.br\/noticias\/wp-content\/uploads\/sites\/2\/2018\/09\/article.png\",\"datePublished\":\"2018-09-06T18:33:00+00:00\",\"dateModified\":\"2021-07-28T17:34:08+00:00\",\"author\":{\"@id\":\"https:\/\/mhcalculos.com.br\/noticias\/#\/schema\/person\/88d1c34bf72dc779ea14a5a6b8e0ae8d\"},\"breadcrumb\":{\"@id\":\"https:\/\/mhcalculos.com.br\/noticias\/area\/trabalhista\/tst-presidente-do-tribunal-incentiva-participacao-na-8a-semana-nacional-da-execucao-trabalhista.html#breadcrumb\"},\"inLanguage\":\"pt-BR\",\"potentialAction\":[{\"@type\":\"ReadAction\",\"target\":[\"https:\/\/mhcalculos.com.br\/noticias\/area\/trabalhista\/tst-presidente-do-tribunal-incentiva-participacao-na-8a-semana-nacional-da-execucao-trabalhista.html\"]}]},{\"@type\":\"ImageObject\",\"inLanguage\":\"pt-BR\",\"@id\":\"https:\/\/mhcalculos.com.br\/noticias\/area\/trabalhista\/tst-presidente-do-tribunal-incentiva-participacao-na-8a-semana-nacional-da-execucao-trabalhista.html#primaryimage\",\"url\":\"https:\/\/mhcalculos.com.br\/noticias\/wp-content\/uploads\/sites\/2\/2018\/09\/article.png\",\"contentUrl\":\"https:\/\/mhcalculos.com.br\/noticias\/wp-content\/uploads\/sites\/2\/2018\/09\/article.png\",\"width\":1200,\"height\":800},{\"@type\":\"BreadcrumbList\",\"@id\":\"https:\/\/mhcalculos.com.br\/noticias\/area\/trabalhista\/tst-presidente-do-tribunal-incentiva-participacao-na-8a-semana-nacional-da-execucao-trabalhista.html#breadcrumb\",\"itemListElement\":[{\"@type\":\"ListItem\",\"position\":1,\"name\":\"In\u00edcio\",\"item\":\"https:\/\/mhcalculos.com.br\/noticias\/\"},{\"@type\":\"ListItem\",\"position\":2,\"name\":\"TST: Presidente do Tribunal&nbsp;incentiva participa\u00e7\u00e3o na 8\u00aa Semana Nacional da Execu\u00e7\u00e3o Trabalhista\"}]},{\"@type\":\"WebSite\",\"@id\":\"https:\/\/mhcalculos.com.br\/noticias\/#website\",\"url\":\"https:\/\/mhcalculos.com.br\/noticias\/\",\"name\":\"Portal de Not\u00edcias\",\"description\":\"Not\u00edcias e Jurisprud\u00eancia\",\"potentialAction\":[{\"@type\":\"SearchAction\",\"target\":{\"@type\":\"EntryPoint\",\"urlTemplate\":\"https:\/\/mhcalculos.com.br\/noticias\/?s={search_term_string}\"},\"query-input\":{\"@type\":\"PropertyValueSpecification\",\"valueRequired\":true,\"valueName\":\"search_term_string\"}}],\"inLanguage\":\"pt-BR\"},{\"@type\":\"Person\",\"@id\":\"https:\/\/mhcalculos.com.br\/noticias\/#\/schema\/person\/88d1c34bf72dc779ea14a5a6b8e0ae8d\",\"name\":\"Equipe MH\",\"image\":{\"@type\":\"ImageObject\",\"inLanguage\":\"pt-BR\",\"@id\":\"https:\/\/secure.gravatar.com\/avatar\/de1c686c2ecc9c5a3f327e3431d819eb39f8f05d4e1045f5a1caad6daaba987f?s=96&d=mm&r=g\",\"url\":\"https:\/\/secure.gravatar.com\/avatar\/de1c686c2ecc9c5a3f327e3431d819eb39f8f05d4e1045f5a1caad6daaba987f?s=96&d=mm&r=g\",\"contentUrl\":\"https:\/\/secure.gravatar.com\/avatar\/de1c686c2ecc9c5a3f327e3431d819eb39f8f05d4e1045f5a1caad6daaba987f?s=96&d=mm&r=g\",\"caption\":\"Equipe MH\"}}]}<\/script>\n<!-- \/ Yoast SEO plugin. -->","yoast_head_json":{"title":"TST: Presidente do Tribunal&nbsp;incentiva participa\u00e7\u00e3o na 8\u00aa Semana Nacional da Execu\u00e7\u00e3o Trabalhista | Portal de Not\u00edcias","robots":{"index":"index","follow":"follow","max-snippet":"max-snippet:-1","max-image-preview":"max-image-preview:large","max-video-preview":"max-video-preview:-1"},"canonical":"https:\/\/mhcalculos.com.br\/noticias\/area\/trabalhista\/tst-presidente-do-tribunal-incentiva-participacao-na-8a-semana-nacional-da-execucao-trabalhista.html","og_locale":"pt_BR","og_type":"article","og_title":"TST: Presidente do Tribunal&nbsp;incentiva participa\u00e7\u00e3o na 8\u00aa Semana Nacional da Execu\u00e7\u00e3o Trabalhista | Portal de Not\u00edcias","og_description":"A Semana este ano ser\u00e1 realizada de 17 a 21\/9. O presidente do Tribunal Superior do Trabalho e do Conselho Superior da Justi\u00e7a do Trabalho (CSJT), ministro Brito Pereira, enviou of\u00edcio a todos os magistrados da Justi\u00e7a do Trabalho para incentivar a concentra\u00e7\u00e3o de esfor\u00e7os na 8\u00aa Semana Nacional da Execu\u00e7\u00e3o Trabalhista. A Semana, que [&hellip;]","og_url":"https:\/\/mhcalculos.com.br\/noticias\/area\/trabalhista\/tst-presidente-do-tribunal-incentiva-participacao-na-8a-semana-nacional-da-execucao-trabalhista.html","og_site_name":"Portal de Not\u00edcias","article_published_time":"2018-09-06T18:33:00+00:00","article_modified_time":"2021-07-28T17:34:08+00:00","og_image":[{"width":1200,"height":800,"url":"https:\/\/mhcalculos.com.br\/noticias\/wp-content\/uploads\/sites\/2\/2018\/09\/article.png","type":"image\/png"}],"author":"Equipe MH","twitter_card":"summary_large_image","twitter_misc":{"Escrito por":"Equipe MH","Est. tempo de leitura":"2 minutos"},"schema":{"@context":"https:\/\/schema.org","@graph":[{"@type":"Article","@id":"https:\/\/mhcalculos.com.br\/noticias\/area\/trabalhista\/tst-presidente-do-tribunal-incentiva-participacao-na-8a-semana-nacional-da-execucao-trabalhista.html#article","isPartOf":{"@id":"https:\/\/mhcalculos.com.br\/noticias\/area\/trabalhista\/tst-presidente-do-tribunal-incentiva-participacao-na-8a-semana-nacional-da-execucao-trabalhista.html"},"author":{"name":"Equipe MH","@id":"https:\/\/mhcalculos.com.br\/noticias\/#\/schema\/person\/88d1c34bf72dc779ea14a5a6b8e0ae8d"},"headline":"TST: Presidente do Tribunal&nbsp;incentiva participa\u00e7\u00e3o na 8\u00aa Semana Nacional da Execu\u00e7\u00e3o Trabalhista","datePublished":"2018-09-06T18:33:00+00:00","dateModified":"2021-07-28T17:34:08+00:00","mainEntityOfPage":{"@id":"https:\/\/mhcalculos.com.br\/noticias\/area\/trabalhista\/tst-presidente-do-tribunal-incentiva-participacao-na-8a-semana-nacional-da-execucao-trabalhista.html"},"wordCount":335,"commentCount":0,"image":{"@id":"https:\/\/mhcalculos.com.br\/noticias\/area\/trabalhista\/tst-presidente-do-tribunal-incentiva-participacao-na-8a-semana-nacional-da-execucao-trabalhista.html#primaryimage"},"thumbnailUrl":"https:\/\/mhcalculos.com.br\/noticias\/wp-content\/uploads\/sites\/2\/2018\/09\/article.png","keywords":["c\u00e1lculos trabalhistas","direito trabalhista","per\u00edcia","perito","trabalho","TST"],"articleSection":["Direito Trabalhista","TST"],"inLanguage":"pt-BR","potentialAction":[{"@type":"CommentAction","name":"Comment","target":["https:\/\/mhcalculos.com.br\/noticias\/area\/trabalhista\/tst-presidente-do-tribunal-incentiva-participacao-na-8a-semana-nacional-da-execucao-trabalhista.html#respond"]}]},{"@type":"WebPage","@id":"https:\/\/mhcalculos.com.br\/noticias\/area\/trabalhista\/tst-presidente-do-tribunal-incentiva-participacao-na-8a-semana-nacional-da-execucao-trabalhista.html","url":"https:\/\/mhcalculos.com.br\/noticias\/area\/trabalhista\/tst-presidente-do-tribunal-incentiva-participacao-na-8a-semana-nacional-da-execucao-trabalhista.html","name":"TST: Presidente do Tribunal&nbsp;incentiva participa\u00e7\u00e3o na 8\u00aa Semana Nacional da Execu\u00e7\u00e3o Trabalhista | Portal de Not\u00edcias","isPartOf":{"@id":"https:\/\/mhcalculos.com.br\/noticias\/#website"},"primaryImageOfPage":{"@id":"https:\/\/mhcalculos.com.br\/noticias\/area\/trabalhista\/tst-presidente-do-tribunal-incentiva-participacao-na-8a-semana-nacional-da-execucao-trabalhista.html#primaryimage"},"image":{"@id":"https:\/\/mhcalculos.com.br\/noticias\/area\/trabalhista\/tst-presidente-do-tribunal-incentiva-participacao-na-8a-semana-nacional-da-execucao-trabalhista.html#primaryimage"},"thumbnailUrl":"https:\/\/mhcalculos.com.br\/noticias\/wp-content\/uploads\/sites\/2\/2018\/09\/article.png","datePublished":"2018-09-06T18:33:00+00:00","dateModified":"2021-07-28T17:34:08+00:00","author":{"@id":"https:\/\/mhcalculos.com.br\/noticias\/#\/schema\/person\/88d1c34bf72dc779ea14a5a6b8e0ae8d"},"breadcrumb":{"@id":"https:\/\/mhcalculos.com.br\/noticias\/area\/trabalhista\/tst-presidente-do-tribunal-incentiva-participacao-na-8a-semana-nacional-da-execucao-trabalhista.html#breadcrumb"},"inLanguage":"pt-BR","potentialAction":[{"@type":"ReadAction","target":["https:\/\/mhcalculos.com.br\/noticias\/area\/trabalhista\/tst-presidente-do-tribunal-incentiva-participacao-na-8a-semana-nacional-da-execucao-trabalhista.html"]}]},{"@type":"ImageObject","inLanguage":"pt-BR","@id":"https:\/\/mhcalculos.com.br\/noticias\/area\/trabalhista\/tst-presidente-do-tribunal-incentiva-participacao-na-8a-semana-nacional-da-execucao-trabalhista.html#primaryimage","url":"https:\/\/mhcalculos.com.br\/noticias\/wp-content\/uploads\/sites\/2\/2018\/09\/article.png","contentUrl":"https:\/\/mhcalculos.com.br\/noticias\/wp-content\/uploads\/sites\/2\/2018\/09\/article.png","width":1200,"height":800},{"@type":"BreadcrumbList","@id":"https:\/\/mhcalculos.com.br\/noticias\/area\/trabalhista\/tst-presidente-do-tribunal-incentiva-participacao-na-8a-semana-nacional-da-execucao-trabalhista.html#breadcrumb","itemListElement":[{"@type":"ListItem","position":1,"name":"In\u00edcio","item":"https:\/\/mhcalculos.com.br\/noticias\/"},{"@type":"ListItem","position":2,"name":"TST: Presidente do Tribunal&nbsp;incentiva participa\u00e7\u00e3o na 8\u00aa Semana Nacional da Execu\u00e7\u00e3o Trabalhista"}]},{"@type":"WebSite","@id":"https:\/\/mhcalculos.com.br\/noticias\/#website","url":"https:\/\/mhcalculos.com.br\/noticias\/","name":"Portal de Not\u00edcias","description":"Not\u00edcias e Jurisprud\u00eancia","potentialAction":[{"@type":"SearchAction","target":{"@type":"EntryPoint","urlTemplate":"https:\/\/mhcalculos.com.br\/noticias\/?s={search_term_string}"},"query-input":{"@type":"PropertyValueSpecification","valueRequired":true,"valueName":"search_term_string"}}],"inLanguage":"pt-BR"},{"@type":"Person","@id":"https:\/\/mhcalculos.com.br\/noticias\/#\/schema\/person\/88d1c34bf72dc779ea14a5a6b8e0ae8d","name":"Equipe MH","image":{"@type":"ImageObject","inLanguage":"pt-BR","@id":"https:\/\/secure.gravatar.com\/avatar\/de1c686c2ecc9c5a3f327e3431d819eb39f8f05d4e1045f5a1caad6daaba987f?s=96&d=mm&r=g","url":"https:\/\/secure.gravatar.com\/avatar\/de1c686c2ecc9c5a3f327e3431d819eb39f8f05d4e1045f5a1caad6daaba987f?s=96&d=mm&r=g","contentUrl":"https:\/\/secure.gravatar.com\/avatar\/de1c686c2ecc9c5a3f327e3431d819eb39f8f05d4e1045f5a1caad6daaba987f?s=96&d=mm&r=g","caption":"Equipe MH"}}]}},"_links":{"self":[{"href":"https:\/\/mhcalculos.com.br\/noticias\/wp-json\/wp\/v2\/posts\/3149","targetHints":{"allow":["GET"]}}],"collection":[{"href":"https:\/\/mhcalculos.com.br\/noticias\/wp-json\/wp\/v2\/posts"}],"about":[{"href":"https:\/\/mhcalculos.com.br\/noticias\/wp-json\/wp\/v2\/types\/post"}],"author":[{"embeddable":true,"href":"https:\/\/mhcalculos.com.br\/noticias\/wp-json\/wp\/v2\/users\/3063"}],"replies":[{"embeddable":true,"href":"https:\/\/mhcalculos.com.br\/noticias\/wp-json\/wp\/v2\/comments?post=3149"}],"version-history":[{"count":2,"href":"https:\/\/mhcalculos.com.br\/noticias\/wp-json\/wp\/v2\/posts\/3149\/revisions"}],"predecessor-version":[{"id":4291,"href":"https:\/\/mhcalculos.com.br\/noticias\/wp-json\/wp\/v2\/posts\/3149\/revisions\/4291"}],"wp:featuredmedia":[{"embeddable":true,"href":"https:\/\/mhcalculos.com.br\/noticias\/wp-json\/wp\/v2\/media\/4289"}],"wp:attachment":[{"href":"https:\/\/mhcalculos.com.br\/noticias\/wp-json\/wp\/v2\/media?parent=3149"}],"wp:term":[{"taxonomy":"category","embeddable":true,"href":"https:\/\/mhcalculos.com.br\/noticias\/wp-json\/wp\/v2\/categories?post=3149"},{"taxonomy":"post_tag","embeddable":true,"href":"https:\/\/mhcalculos.com.br\/noticias\/wp-json\/wp\/v2\/tags?post=3149"}],"curies":[{"name":"wp","href":"https:\/\/api.w.org\/{rel}","templated":true}]}}