{"id":3145,"date":"2018-09-11T05:02:23","date_gmt":"2018-09-11T08:02:23","guid":{"rendered":"https:\/\/mhcalculos.com.br\/noticias\/2018\/09\/11\/stj-suspensa-acao-penal-contra-prefeito-de-belo-horizonte\/"},"modified":"2021-07-28T14:34:07","modified_gmt":"2021-07-28T17:34:07","slug":"stj-suspensa-acao-penal-contra-prefeito-de-belo-horizonte","status":"publish","type":"post","link":"https:\/\/mhcalculos.com.br\/noticias\/area\/previdenciario\/stj-suspensa-acao-penal-contra-prefeito-de-belo-horizonte.html","title":{"rendered":"STJ: Suspensa a\u00e7\u00e3o penal contra prefeito de Belo Horizonte"},"content":{"rendered":"<p><br \/>\n<\/p>\n<p>A ministra do Superior Tribunal de Justi&ccedil;a (STJ) Laurita Vaz concedeu liminar para suspender uma a&ccedil;&atilde;o penal em que o prefeito de Belo Horizonte, Alexandre Kalil, &eacute; acusado de apropria&ccedil;&atilde;o ind&eacute;bita previdenci&aacute;ria (n&atilde;o repassar ao INSS as contribui&ccedil;&otilde;es descontadas dos empregados).<\/p>\n<p>Kalil foi denunciado por fatos supostamente ocorridos de novembro de 1998 a janeiro de 2000, na qualidade de administrador de uma empresa de engenharia. A remessa dos autos de uma turma para uma se&ccedil;&atilde;o do Tribunal Regional Federal da 1&ordf; Regi&atilde;o (TRF1) ocorreu somente em maio de 2018.<\/p>\n<p>O recurso contra a condena&ccedil;&atilde;o em primeira inst&acirc;ncia foi enviado &agrave; Segunda Se&ccedil;&atilde;o do TRF1 em virtude de Kalil ter assumido a prefeitura de Belo Horizonte em janeiro de 2017. Tal decis&atilde;o do tribunal de origem, segundo a ministra, destoa da jurisprud&ecirc;ncia em vigor.<\/p>\n<p>&ldquo;Numa an&aacute;lise pr&eacute;via, o deslocamento da compet&ecirc;ncia interna para julgamento da apela&ccedil;&atilde;o, t&atilde;o somente em raz&atilde;o de o paciente ter assumido o cargo de prefeito municipal, quando os fatos discutidos no recurso s&atilde;o anteriores ao exerc&iacute;cio dessa fun&ccedil;&atilde;o, destoaria da jurisprud&ecirc;ncia atual, estando presente a fuma&ccedil;a do bom direito&rdquo;, justificou a ministra ao conceder a medida liminar.<\/p>\n<p>Ela afirmou que est&aacute; configurado, no caso, o perigo na demora, devido &agrave; possibilidade iminente de que o recurso de apela&ccedil;&atilde;o seja levado a julgamento em &oacute;rg&atilde;o que n&atilde;o seria o competente para a causa.<\/p>\n<p>Com a decis&atilde;o do STJ, a a&ccedil;&atilde;o penal est&aacute; suspensa at&eacute; o julgamento de m&eacute;rito do habeas corpus pela Sexta Turma do tribunal, ainda sem data marcada.<\/p>\n<p><strong>Precedentes<\/strong><\/p>\n<p>Laurita Vaz lembrou que, conforme a posi&ccedil;&atilde;o adotada recentemente pelo Supremo Tribunal Federal (STF), o foro por prerrogativa de fun&ccedil;&atilde;o &eacute; restrito aos atos praticados durante o exerc&iacute;cio do cargo p&uacute;blico e relacionados &agrave;s suas atribui&ccedil;&otilde;es.<\/p>\n<p> Ela destacou que o entendimento do STF, embora firmado em debate envolvendo parlamentares, j&aacute; foi seguido por outros tribunais, inclusive o STJ, ao declinar da compet&ecirc;ncia em processos sobre governadores que tramitavam na Corte Especial. Na pr&oacute;pria Sexta Turma, apontou Laurita Vaz, esse entendimento tamb&eacute;m j&aacute; foi adotado em um caso que discutia o foro para julgamento de crimes atribu&iacute;dos a prefeito.<br \/>\n<br \/><i>Com informa\u00e7\u00f5es da assessoria de imprensa do STJ.<\/i><br \/>\n<br \/><a href=\"http:\/\/feedproxy.google.com\/~r\/STJNoticias\/~3\/sDCfFrrflR0\/Suspensa-a%C3%A7%C3%A3o-penal-contra-prefeito-de-Belo-Horizonte\">Fonte<\/a><br \/>\n<br \/><\/p>\n","protected":false},"excerpt":{"rendered":"<p>A ministra do Superior Tribunal de Justi&ccedil;a (STJ) Laurita Vaz concedeu liminar para suspender uma a&ccedil;&atilde;o penal em que o prefeito de Belo Horizonte, Alexandre Kalil, &eacute; acusado de apropria&ccedil;&atilde;o ind&eacute;bita previdenci&aacute;ria (n&atilde;o repassar ao INSS as contribui&ccedil;&otilde;es descontadas dos empregados). Kalil foi denunciado por fatos supostamente ocorridos de novembro de 1998 a janeiro de [&hellip;]<\/p>\n","protected":false},"author":3063,"featured_media":1825,"comment_status":"open","ping_status":"open","sticky":false,"template":"","format":"standard","meta":{"footnotes":""},"categories":[5,7],"tags":[11,10,8,13,9,12,14],"class_list":{"0":"post-3145","1":"post","2":"type-post","3":"status-publish","4":"format-standard","5":"has-post-thumbnail","7":"category-previdenciario","8":"category-stj","9":"tag-aposentadoria","10":"tag-calculos-previdenciarios","11":"tag-direito-previdenciario","12":"tag-inss","13":"tag-pericia","14":"tag-perito","15":"tag-stj"},"yoast_head":"<!-- This site is optimized with the Yoast SEO plugin v27.2 - https:\/\/yoast.com\/product\/yoast-seo-wordpress\/ -->\n<title>STJ: Suspensa a\u00e7\u00e3o penal contra prefeito de Belo Horizonte | Portal de Not\u00edcias<\/title>\n<meta name=\"robots\" content=\"index, follow, max-snippet:-1, max-image-preview:large, max-video-preview:-1\" \/>\n<link rel=\"canonical\" href=\"https:\/\/mhcalculos.com.br\/noticias\/area\/previdenciario\/stj-suspensa-acao-penal-contra-prefeito-de-belo-horizonte.html\" \/>\n<meta property=\"og:locale\" content=\"pt_BR\" \/>\n<meta property=\"og:type\" content=\"article\" \/>\n<meta property=\"og:title\" content=\"STJ: Suspensa a\u00e7\u00e3o penal contra prefeito de Belo Horizonte | Portal de Not\u00edcias\" \/>\n<meta property=\"og:description\" content=\"A ministra do Superior Tribunal de Justi&ccedil;a (STJ) Laurita Vaz concedeu liminar para suspender uma a&ccedil;&atilde;o penal em que o prefeito de Belo Horizonte, Alexandre Kalil, &eacute; acusado de apropria&ccedil;&atilde;o ind&eacute;bita previdenci&aacute;ria (n&atilde;o repassar ao INSS as contribui&ccedil;&otilde;es descontadas dos empregados). Kalil foi denunciado por fatos supostamente ocorridos de novembro de 1998 a janeiro de [&hellip;]\" \/>\n<meta property=\"og:url\" content=\"https:\/\/mhcalculos.com.br\/noticias\/area\/previdenciario\/stj-suspensa-acao-penal-contra-prefeito-de-belo-horizonte.html\" \/>\n<meta property=\"og:site_name\" content=\"Portal de Not\u00edcias\" \/>\n<meta property=\"article:published_time\" content=\"2018-09-11T08:02:23+00:00\" \/>\n<meta property=\"article:modified_time\" content=\"2021-07-28T17:34:07+00:00\" \/>\n<meta property=\"og:image\" content=\"https:\/\/mhcalculos.com.br\/noticias\/wp-content\/uploads\/sites\/2\/2018\/06\/judiciario-0037.jpg\" \/>\n\t<meta property=\"og:image:width\" content=\"2000\" \/>\n\t<meta property=\"og:image:height\" content=\"800\" \/>\n\t<meta property=\"og:image:type\" content=\"image\/jpeg\" \/>\n<meta name=\"author\" content=\"Equipe MH\" \/>\n<meta name=\"twitter:card\" content=\"summary_large_image\" \/>\n<meta name=\"twitter:label1\" content=\"Escrito por\" \/>\n\t<meta name=\"twitter:data1\" content=\"Equipe MH\" \/>\n\t<meta name=\"twitter:label2\" content=\"Est. tempo de leitura\" \/>\n\t<meta name=\"twitter:data2\" content=\"2 minutos\" \/>\n<script type=\"application\/ld+json\" class=\"yoast-schema-graph\">{\"@context\":\"https:\/\/schema.org\",\"@graph\":[{\"@type\":\"Article\",\"@id\":\"https:\/\/mhcalculos.com.br\/noticias\/area\/previdenciario\/stj-suspensa-acao-penal-contra-prefeito-de-belo-horizonte.html#article\",\"isPartOf\":{\"@id\":\"https:\/\/mhcalculos.com.br\/noticias\/area\/previdenciario\/stj-suspensa-acao-penal-contra-prefeito-de-belo-horizonte.html\"},\"author\":{\"name\":\"Equipe MH\",\"@id\":\"https:\/\/mhcalculos.com.br\/noticias\/#\/schema\/person\/88d1c34bf72dc779ea14a5a6b8e0ae8d\"},\"headline\":\"STJ: Suspensa a\u00e7\u00e3o penal contra prefeito de Belo Horizonte\",\"datePublished\":\"2018-09-11T08:02:23+00:00\",\"dateModified\":\"2021-07-28T17:34:07+00:00\",\"mainEntityOfPage\":{\"@id\":\"https:\/\/mhcalculos.com.br\/noticias\/area\/previdenciario\/stj-suspensa-acao-penal-contra-prefeito-de-belo-horizonte.html\"},\"wordCount\":471,\"commentCount\":0,\"image\":{\"@id\":\"https:\/\/mhcalculos.com.br\/noticias\/area\/previdenciario\/stj-suspensa-acao-penal-contra-prefeito-de-belo-horizonte.html#primaryimage\"},\"thumbnailUrl\":\"https:\/\/mhcalculos.com.br\/noticias\/wp-content\/uploads\/sites\/2\/2018\/06\/judiciario-0037.jpg\",\"keywords\":[\"aposentadoria\",\"c\u00e1lculos previdenci\u00e1rios\",\"direito previdenci\u00e1rio\",\"inss\",\"per\u00edcia\",\"perito\",\"stj\"],\"articleSection\":[\"Direito Previdenci\u00e1rio\",\"STJ\"],\"inLanguage\":\"pt-BR\",\"potentialAction\":[{\"@type\":\"CommentAction\",\"name\":\"Comment\",\"target\":[\"https:\/\/mhcalculos.com.br\/noticias\/area\/previdenciario\/stj-suspensa-acao-penal-contra-prefeito-de-belo-horizonte.html#respond\"]}]},{\"@type\":\"WebPage\",\"@id\":\"https:\/\/mhcalculos.com.br\/noticias\/area\/previdenciario\/stj-suspensa-acao-penal-contra-prefeito-de-belo-horizonte.html\",\"url\":\"https:\/\/mhcalculos.com.br\/noticias\/area\/previdenciario\/stj-suspensa-acao-penal-contra-prefeito-de-belo-horizonte.html\",\"name\":\"STJ: Suspensa a\u00e7\u00e3o penal contra prefeito de Belo Horizonte | Portal de Not\u00edcias\",\"isPartOf\":{\"@id\":\"https:\/\/mhcalculos.com.br\/noticias\/#website\"},\"primaryImageOfPage\":{\"@id\":\"https:\/\/mhcalculos.com.br\/noticias\/area\/previdenciario\/stj-suspensa-acao-penal-contra-prefeito-de-belo-horizonte.html#primaryimage\"},\"image\":{\"@id\":\"https:\/\/mhcalculos.com.br\/noticias\/area\/previdenciario\/stj-suspensa-acao-penal-contra-prefeito-de-belo-horizonte.html#primaryimage\"},\"thumbnailUrl\":\"https:\/\/mhcalculos.com.br\/noticias\/wp-content\/uploads\/sites\/2\/2018\/06\/judiciario-0037.jpg\",\"datePublished\":\"2018-09-11T08:02:23+00:00\",\"dateModified\":\"2021-07-28T17:34:07+00:00\",\"author\":{\"@id\":\"https:\/\/mhcalculos.com.br\/noticias\/#\/schema\/person\/88d1c34bf72dc779ea14a5a6b8e0ae8d\"},\"breadcrumb\":{\"@id\":\"https:\/\/mhcalculos.com.br\/noticias\/area\/previdenciario\/stj-suspensa-acao-penal-contra-prefeito-de-belo-horizonte.html#breadcrumb\"},\"inLanguage\":\"pt-BR\",\"potentialAction\":[{\"@type\":\"ReadAction\",\"target\":[\"https:\/\/mhcalculos.com.br\/noticias\/area\/previdenciario\/stj-suspensa-acao-penal-contra-prefeito-de-belo-horizonte.html\"]}]},{\"@type\":\"ImageObject\",\"inLanguage\":\"pt-BR\",\"@id\":\"https:\/\/mhcalculos.com.br\/noticias\/area\/previdenciario\/stj-suspensa-acao-penal-contra-prefeito-de-belo-horizonte.html#primaryimage\",\"url\":\"https:\/\/mhcalculos.com.br\/noticias\/wp-content\/uploads\/sites\/2\/2018\/06\/judiciario-0037.jpg\",\"contentUrl\":\"https:\/\/mhcalculos.com.br\/noticias\/wp-content\/uploads\/sites\/2\/2018\/06\/judiciario-0037.jpg\",\"width\":2000,\"height\":800},{\"@type\":\"BreadcrumbList\",\"@id\":\"https:\/\/mhcalculos.com.br\/noticias\/area\/previdenciario\/stj-suspensa-acao-penal-contra-prefeito-de-belo-horizonte.html#breadcrumb\",\"itemListElement\":[{\"@type\":\"ListItem\",\"position\":1,\"name\":\"In\u00edcio\",\"item\":\"https:\/\/mhcalculos.com.br\/noticias\/\"},{\"@type\":\"ListItem\",\"position\":2,\"name\":\"STJ: Suspensa a\u00e7\u00e3o penal contra prefeito de Belo Horizonte\"}]},{\"@type\":\"WebSite\",\"@id\":\"https:\/\/mhcalculos.com.br\/noticias\/#website\",\"url\":\"https:\/\/mhcalculos.com.br\/noticias\/\",\"name\":\"Portal de Not\u00edcias\",\"description\":\"Not\u00edcias e Jurisprud\u00eancia\",\"potentialAction\":[{\"@type\":\"SearchAction\",\"target\":{\"@type\":\"EntryPoint\",\"urlTemplate\":\"https:\/\/mhcalculos.com.br\/noticias\/?s={search_term_string}\"},\"query-input\":{\"@type\":\"PropertyValueSpecification\",\"valueRequired\":true,\"valueName\":\"search_term_string\"}}],\"inLanguage\":\"pt-BR\"},{\"@type\":\"Person\",\"@id\":\"https:\/\/mhcalculos.com.br\/noticias\/#\/schema\/person\/88d1c34bf72dc779ea14a5a6b8e0ae8d\",\"name\":\"Equipe MH\",\"image\":{\"@type\":\"ImageObject\",\"inLanguage\":\"pt-BR\",\"@id\":\"https:\/\/secure.gravatar.com\/avatar\/de1c686c2ecc9c5a3f327e3431d819eb39f8f05d4e1045f5a1caad6daaba987f?s=96&d=mm&r=g\",\"url\":\"https:\/\/secure.gravatar.com\/avatar\/de1c686c2ecc9c5a3f327e3431d819eb39f8f05d4e1045f5a1caad6daaba987f?s=96&d=mm&r=g\",\"contentUrl\":\"https:\/\/secure.gravatar.com\/avatar\/de1c686c2ecc9c5a3f327e3431d819eb39f8f05d4e1045f5a1caad6daaba987f?s=96&d=mm&r=g\",\"caption\":\"Equipe MH\"}}]}<\/script>\n<!-- \/ Yoast SEO plugin. -->","yoast_head_json":{"title":"STJ: Suspensa a\u00e7\u00e3o penal contra prefeito de Belo Horizonte | Portal de Not\u00edcias","robots":{"index":"index","follow":"follow","max-snippet":"max-snippet:-1","max-image-preview":"max-image-preview:large","max-video-preview":"max-video-preview:-1"},"canonical":"https:\/\/mhcalculos.com.br\/noticias\/area\/previdenciario\/stj-suspensa-acao-penal-contra-prefeito-de-belo-horizonte.html","og_locale":"pt_BR","og_type":"article","og_title":"STJ: Suspensa a\u00e7\u00e3o penal contra prefeito de Belo Horizonte | Portal de Not\u00edcias","og_description":"A ministra do Superior Tribunal de Justi&ccedil;a (STJ) Laurita Vaz concedeu liminar para suspender uma a&ccedil;&atilde;o penal em que o prefeito de Belo Horizonte, Alexandre Kalil, &eacute; acusado de apropria&ccedil;&atilde;o ind&eacute;bita previdenci&aacute;ria (n&atilde;o repassar ao INSS as contribui&ccedil;&otilde;es descontadas dos empregados). Kalil foi denunciado por fatos supostamente ocorridos de novembro de 1998 a janeiro de [&hellip;]","og_url":"https:\/\/mhcalculos.com.br\/noticias\/area\/previdenciario\/stj-suspensa-acao-penal-contra-prefeito-de-belo-horizonte.html","og_site_name":"Portal de Not\u00edcias","article_published_time":"2018-09-11T08:02:23+00:00","article_modified_time":"2021-07-28T17:34:07+00:00","og_image":[{"width":2000,"height":800,"url":"https:\/\/mhcalculos.com.br\/noticias\/wp-content\/uploads\/sites\/2\/2018\/06\/judiciario-0037.jpg","type":"image\/jpeg"}],"author":"Equipe MH","twitter_card":"summary_large_image","twitter_misc":{"Escrito por":"Equipe MH","Est. tempo de leitura":"2 minutos"},"schema":{"@context":"https:\/\/schema.org","@graph":[{"@type":"Article","@id":"https:\/\/mhcalculos.com.br\/noticias\/area\/previdenciario\/stj-suspensa-acao-penal-contra-prefeito-de-belo-horizonte.html#article","isPartOf":{"@id":"https:\/\/mhcalculos.com.br\/noticias\/area\/previdenciario\/stj-suspensa-acao-penal-contra-prefeito-de-belo-horizonte.html"},"author":{"name":"Equipe MH","@id":"https:\/\/mhcalculos.com.br\/noticias\/#\/schema\/person\/88d1c34bf72dc779ea14a5a6b8e0ae8d"},"headline":"STJ: Suspensa a\u00e7\u00e3o penal contra prefeito de Belo Horizonte","datePublished":"2018-09-11T08:02:23+00:00","dateModified":"2021-07-28T17:34:07+00:00","mainEntityOfPage":{"@id":"https:\/\/mhcalculos.com.br\/noticias\/area\/previdenciario\/stj-suspensa-acao-penal-contra-prefeito-de-belo-horizonte.html"},"wordCount":471,"commentCount":0,"image":{"@id":"https:\/\/mhcalculos.com.br\/noticias\/area\/previdenciario\/stj-suspensa-acao-penal-contra-prefeito-de-belo-horizonte.html#primaryimage"},"thumbnailUrl":"https:\/\/mhcalculos.com.br\/noticias\/wp-content\/uploads\/sites\/2\/2018\/06\/judiciario-0037.jpg","keywords":["aposentadoria","c\u00e1lculos previdenci\u00e1rios","direito previdenci\u00e1rio","inss","per\u00edcia","perito","stj"],"articleSection":["Direito Previdenci\u00e1rio","STJ"],"inLanguage":"pt-BR","potentialAction":[{"@type":"CommentAction","name":"Comment","target":["https:\/\/mhcalculos.com.br\/noticias\/area\/previdenciario\/stj-suspensa-acao-penal-contra-prefeito-de-belo-horizonte.html#respond"]}]},{"@type":"WebPage","@id":"https:\/\/mhcalculos.com.br\/noticias\/area\/previdenciario\/stj-suspensa-acao-penal-contra-prefeito-de-belo-horizonte.html","url":"https:\/\/mhcalculos.com.br\/noticias\/area\/previdenciario\/stj-suspensa-acao-penal-contra-prefeito-de-belo-horizonte.html","name":"STJ: Suspensa a\u00e7\u00e3o penal contra prefeito de Belo Horizonte | Portal de Not\u00edcias","isPartOf":{"@id":"https:\/\/mhcalculos.com.br\/noticias\/#website"},"primaryImageOfPage":{"@id":"https:\/\/mhcalculos.com.br\/noticias\/area\/previdenciario\/stj-suspensa-acao-penal-contra-prefeito-de-belo-horizonte.html#primaryimage"},"image":{"@id":"https:\/\/mhcalculos.com.br\/noticias\/area\/previdenciario\/stj-suspensa-acao-penal-contra-prefeito-de-belo-horizonte.html#primaryimage"},"thumbnailUrl":"https:\/\/mhcalculos.com.br\/noticias\/wp-content\/uploads\/sites\/2\/2018\/06\/judiciario-0037.jpg","datePublished":"2018-09-11T08:02:23+00:00","dateModified":"2021-07-28T17:34:07+00:00","author":{"@id":"https:\/\/mhcalculos.com.br\/noticias\/#\/schema\/person\/88d1c34bf72dc779ea14a5a6b8e0ae8d"},"breadcrumb":{"@id":"https:\/\/mhcalculos.com.br\/noticias\/area\/previdenciario\/stj-suspensa-acao-penal-contra-prefeito-de-belo-horizonte.html#breadcrumb"},"inLanguage":"pt-BR","potentialAction":[{"@type":"ReadAction","target":["https:\/\/mhcalculos.com.br\/noticias\/area\/previdenciario\/stj-suspensa-acao-penal-contra-prefeito-de-belo-horizonte.html"]}]},{"@type":"ImageObject","inLanguage":"pt-BR","@id":"https:\/\/mhcalculos.com.br\/noticias\/area\/previdenciario\/stj-suspensa-acao-penal-contra-prefeito-de-belo-horizonte.html#primaryimage","url":"https:\/\/mhcalculos.com.br\/noticias\/wp-content\/uploads\/sites\/2\/2018\/06\/judiciario-0037.jpg","contentUrl":"https:\/\/mhcalculos.com.br\/noticias\/wp-content\/uploads\/sites\/2\/2018\/06\/judiciario-0037.jpg","width":2000,"height":800},{"@type":"BreadcrumbList","@id":"https:\/\/mhcalculos.com.br\/noticias\/area\/previdenciario\/stj-suspensa-acao-penal-contra-prefeito-de-belo-horizonte.html#breadcrumb","itemListElement":[{"@type":"ListItem","position":1,"name":"In\u00edcio","item":"https:\/\/mhcalculos.com.br\/noticias\/"},{"@type":"ListItem","position":2,"name":"STJ: Suspensa a\u00e7\u00e3o penal contra prefeito de Belo Horizonte"}]},{"@type":"WebSite","@id":"https:\/\/mhcalculos.com.br\/noticias\/#website","url":"https:\/\/mhcalculos.com.br\/noticias\/","name":"Portal de Not\u00edcias","description":"Not\u00edcias e Jurisprud\u00eancia","potentialAction":[{"@type":"SearchAction","target":{"@type":"EntryPoint","urlTemplate":"https:\/\/mhcalculos.com.br\/noticias\/?s={search_term_string}"},"query-input":{"@type":"PropertyValueSpecification","valueRequired":true,"valueName":"search_term_string"}}],"inLanguage":"pt-BR"},{"@type":"Person","@id":"https:\/\/mhcalculos.com.br\/noticias\/#\/schema\/person\/88d1c34bf72dc779ea14a5a6b8e0ae8d","name":"Equipe MH","image":{"@type":"ImageObject","inLanguage":"pt-BR","@id":"https:\/\/secure.gravatar.com\/avatar\/de1c686c2ecc9c5a3f327e3431d819eb39f8f05d4e1045f5a1caad6daaba987f?s=96&d=mm&r=g","url":"https:\/\/secure.gravatar.com\/avatar\/de1c686c2ecc9c5a3f327e3431d819eb39f8f05d4e1045f5a1caad6daaba987f?s=96&d=mm&r=g","contentUrl":"https:\/\/secure.gravatar.com\/avatar\/de1c686c2ecc9c5a3f327e3431d819eb39f8f05d4e1045f5a1caad6daaba987f?s=96&d=mm&r=g","caption":"Equipe MH"}}]}},"_links":{"self":[{"href":"https:\/\/mhcalculos.com.br\/noticias\/wp-json\/wp\/v2\/posts\/3145","targetHints":{"allow":["GET"]}}],"collection":[{"href":"https:\/\/mhcalculos.com.br\/noticias\/wp-json\/wp\/v2\/posts"}],"about":[{"href":"https:\/\/mhcalculos.com.br\/noticias\/wp-json\/wp\/v2\/types\/post"}],"author":[{"embeddable":true,"href":"https:\/\/mhcalculos.com.br\/noticias\/wp-json\/wp\/v2\/users\/3063"}],"replies":[{"embeddable":true,"href":"https:\/\/mhcalculos.com.br\/noticias\/wp-json\/wp\/v2\/comments?post=3145"}],"version-history":[{"count":1,"href":"https:\/\/mhcalculos.com.br\/noticias\/wp-json\/wp\/v2\/posts\/3145\/revisions"}],"predecessor-version":[{"id":10233,"href":"https:\/\/mhcalculos.com.br\/noticias\/wp-json\/wp\/v2\/posts\/3145\/revisions\/10233"}],"wp:featuredmedia":[{"embeddable":true,"href":"https:\/\/mhcalculos.com.br\/noticias\/wp-json\/wp\/v2\/media\/1825"}],"wp:attachment":[{"href":"https:\/\/mhcalculos.com.br\/noticias\/wp-json\/wp\/v2\/media?parent=3145"}],"wp:term":[{"taxonomy":"category","embeddable":true,"href":"https:\/\/mhcalculos.com.br\/noticias\/wp-json\/wp\/v2\/categories?post=3145"},{"taxonomy":"post_tag","embeddable":true,"href":"https:\/\/mhcalculos.com.br\/noticias\/wp-json\/wp\/v2\/tags?post=3145"}],"curies":[{"name":"wp","href":"https:\/\/api.w.org\/{rel}","templated":true}]}}