{"id":3139,"date":"2018-09-10T12:00:34","date_gmt":"2018-09-10T15:00:34","guid":{"rendered":"https:\/\/mhcalculos.com.br\/noticias\/2018\/09\/10\/stf-caixa-de-assistencia-dos-advogados-de-mg-tem-imunidade-tributaria-decide-plenario\/"},"modified":"2021-07-28T14:34:07","modified_gmt":"2021-07-28T17:34:07","slug":"stf-caixa-de-assistencia-dos-advogados-de-mg-tem-imunidade-tributaria-decide-plenario","status":"publish","type":"post","link":"https:\/\/mhcalculos.com.br\/noticias\/area\/tributario\/stf-caixa-de-assistencia-dos-advogados-de-mg-tem-imunidade-tributaria-decide-plenario.html","title":{"rendered":"STF: Caixa de Assist\u00eancia dos Advogados de MG tem imunidade tribut\u00e1ria, decide Plen\u00e1rio"},"content":{"rendered":"\n<p>O Supremo Tribunal Federal (STF), nesta quinta-feira (6), negou provimento a recurso ajuizado pelo munic\u00edpio de Belo Horizonte questionando a imunidade tribut\u00e1ria da Caixa de Assist\u00eancia dos Advogados de Minas Gerais. No Recurso Extraordin\u00e1rio (RE) 405267 concluiu-se que, como \u00f3rg\u00e3o da Ordem dos Advogados do Brasil (OAB), a Caixa de Assist\u00eancia tamb\u00e9m\u00a0possui a\u00a0imunidade tribut\u00e1ria rec\u00edproca assegurada \u00e0 entidade.<\/p>\n<p>\u201cA Caixa de Assist\u00eancia de MG encontra-se tutelada pela imunidade rec\u00edproca prevista no artigo 150, inciso VI, al\u00ednea a, da Constitui\u00e7\u00e3o Federal, tendo em vista a impossibilidade de se conceder tratamento tribut\u00e1rio diferenciado a \u00f3rg\u00e3os da OAB de acordo com as finalidades que lhe s\u00e3o atribu\u00eddas por lei\u201d, afirmou o voto do relator, ministro Edson Fachin. O ministro tamb\u00e9m destacou que as caixas de assist\u00eancia dos advogados prestam servi\u00e7o p\u00fablico delegado, possuem car\u00e1ter jur\u00eddico de ente p\u00fablico e n\u00e3o exploram atividade econ\u00f4mica com intuito lucrativo.<\/p>\n<p>Na a\u00e7\u00e3o, o munic\u00edpio alegava que a Caixa n\u00e3o havia comprovado a natureza de entidade assistencial. No Tribunal Federal Regional da 1\u00aa Regi\u00e3o (TRF-1) ficou assentada a imunidade. Em sustenta\u00e7\u00e3o oral, a advogada Misabel Derzi e o presidente do Conselho Federal da OAB, Cl\u00e1udio Lamachia, ressaltaram a atua\u00e7\u00e3o da entidade no provimento de assist\u00eancia a advogados carentes, utilizando recursos das anuidades pagas pelos associados. O presidente nacional da OAB destacou o potencial impacto de decis\u00e3o da Corte favor\u00e1vel \u00e0 tributa\u00e7\u00e3o em caixas de assist\u00eancia e seccionais da Ordem de todo o pa\u00eds.<\/p>\n<p>A decis\u00e3o do Plen\u00e1rio, un\u00e2nime,\u00a0foi proferida em embargos de declara\u00e7\u00e3o, opostos contra decis\u00e3o proferida pela Segunda Turma do STF.<\/p>\n<p><span style=\"font-size: smaller;\">FT\/CR<\/span><\/p>\n<p><i>Com informa\u00e7\u00f5es da assessoria de imprensa do STF.<\/i><\/p>\n<p><a href=\"http:\/\/www.stf.jus.br\/portal\/cms\/verNoticiaDetalhe.asp?idConteudo=389041\">Fonte<\/a><\/p>\n\n","protected":false},"excerpt":{"rendered":"<p>O Supremo Tribunal Federal (STF), nesta quinta-feira (6), negou provimento a recurso ajuizado pelo munic\u00edpio de Belo Horizonte questionando a imunidade tribut\u00e1ria da Caixa de Assist\u00eancia dos Advogados de Minas Gerais. No Recurso Extraordin\u00e1rio (RE) 405267 concluiu-se que, como \u00f3rg\u00e3o da Ordem dos Advogados do Brasil (OAB), a Caixa de Assist\u00eancia tamb\u00e9m\u00a0possui a\u00a0imunidade tribut\u00e1ria rec\u00edproca [&hellip;]<\/p>\n","protected":false},"author":3063,"featured_media":3140,"comment_status":"open","ping_status":"open","sticky":false,"template":"","format":"standard","meta":{"footnotes":""},"categories":[18,15],"tags":[32,31,42,30,29,213,9,12,16],"class_list":{"0":"post-3139","1":"post","2":"type-post","3":"status-publish","4":"format-standard","5":"has-post-thumbnail","7":"category-tributario","8":"category-stf","9":"tag-calculos-judiciais","10":"tag-calculos-tributarios","11":"tag-direito-tributario","12":"tag-divida-ativa","13":"tag-fazenda-publica","14":"tag-imposto","15":"tag-pericia","16":"tag-perito","17":"tag-stf"},"yoast_head":"<!-- This site is optimized with the Yoast SEO plugin v27.2 - https:\/\/yoast.com\/product\/yoast-seo-wordpress\/ -->\n<title>STF: Caixa de Assist\u00eancia dos Advogados de MG tem imunidade tribut\u00e1ria, decide Plen\u00e1rio | Portal de Not\u00edcias<\/title>\n<meta name=\"robots\" content=\"index, follow, max-snippet:-1, max-image-preview:large, max-video-preview:-1\" \/>\n<link rel=\"canonical\" href=\"https:\/\/mhcalculos.com.br\/noticias\/area\/tributario\/stf-caixa-de-assistencia-dos-advogados-de-mg-tem-imunidade-tributaria-decide-plenario.html\" \/>\n<meta property=\"og:locale\" content=\"pt_BR\" \/>\n<meta property=\"og:type\" content=\"article\" \/>\n<meta property=\"og:title\" content=\"STF: Caixa de Assist\u00eancia dos Advogados de MG tem imunidade tribut\u00e1ria, decide Plen\u00e1rio | Portal de Not\u00edcias\" \/>\n<meta property=\"og:description\" content=\"O Supremo Tribunal Federal (STF), nesta quinta-feira (6), negou provimento a recurso ajuizado pelo munic\u00edpio de Belo Horizonte questionando a imunidade tribut\u00e1ria da Caixa de Assist\u00eancia dos Advogados de Minas Gerais. No Recurso Extraordin\u00e1rio (RE) 405267 concluiu-se que, como \u00f3rg\u00e3o da Ordem dos Advogados do Brasil (OAB), a Caixa de Assist\u00eancia tamb\u00e9m\u00a0possui a\u00a0imunidade tribut\u00e1ria rec\u00edproca [&hellip;]\" \/>\n<meta property=\"og:url\" content=\"https:\/\/mhcalculos.com.br\/noticias\/area\/tributario\/stf-caixa-de-assistencia-dos-advogados-de-mg-tem-imunidade-tributaria-decide-plenario.html\" \/>\n<meta property=\"og:site_name\" content=\"Portal de Not\u00edcias\" \/>\n<meta property=\"article:published_time\" content=\"2018-09-10T15:00:34+00:00\" \/>\n<meta property=\"article:modified_time\" content=\"2021-07-28T17:34:07+00:00\" \/>\n<meta property=\"og:image\" content=\"https:\/\/mhcalculos.com.br\/noticias\/wp-content\/uploads\/sites\/2\/2018\/09\/tributario-0036.jpg\" \/>\n\t<meta property=\"og:image:width\" content=\"2000\" \/>\n\t<meta property=\"og:image:height\" content=\"800\" \/>\n\t<meta property=\"og:image:type\" content=\"image\/jpeg\" \/>\n<meta name=\"author\" content=\"Equipe MH\" \/>\n<meta name=\"twitter:card\" content=\"summary_large_image\" \/>\n<meta name=\"twitter:label1\" content=\"Escrito por\" \/>\n\t<meta name=\"twitter:data1\" content=\"Equipe MH\" \/>\n\t<meta name=\"twitter:label2\" content=\"Est. tempo de leitura\" \/>\n\t<meta name=\"twitter:data2\" content=\"2 minutos\" \/>\n<script type=\"application\/ld+json\" class=\"yoast-schema-graph\">{\"@context\":\"https:\/\/schema.org\",\"@graph\":[{\"@type\":\"Article\",\"@id\":\"https:\/\/mhcalculos.com.br\/noticias\/area\/tributario\/stf-caixa-de-assistencia-dos-advogados-de-mg-tem-imunidade-tributaria-decide-plenario.html#article\",\"isPartOf\":{\"@id\":\"https:\/\/mhcalculos.com.br\/noticias\/area\/tributario\/stf-caixa-de-assistencia-dos-advogados-de-mg-tem-imunidade-tributaria-decide-plenario.html\"},\"author\":{\"name\":\"Equipe MH\",\"@id\":\"https:\/\/mhcalculos.com.br\/noticias\/#\/schema\/person\/88d1c34bf72dc779ea14a5a6b8e0ae8d\"},\"headline\":\"STF: Caixa de Assist\u00eancia dos Advogados de MG tem imunidade tribut\u00e1ria, decide Plen\u00e1rio\",\"datePublished\":\"2018-09-10T15:00:34+00:00\",\"dateModified\":\"2021-07-28T17:34:07+00:00\",\"mainEntityOfPage\":{\"@id\":\"https:\/\/mhcalculos.com.br\/noticias\/area\/tributario\/stf-caixa-de-assistencia-dos-advogados-de-mg-tem-imunidade-tributaria-decide-plenario.html\"},\"wordCount\":325,\"commentCount\":0,\"image\":{\"@id\":\"https:\/\/mhcalculos.com.br\/noticias\/area\/tributario\/stf-caixa-de-assistencia-dos-advogados-de-mg-tem-imunidade-tributaria-decide-plenario.html#primaryimage\"},\"thumbnailUrl\":\"https:\/\/mhcalculos.com.br\/noticias\/wp-content\/uploads\/sites\/2\/2018\/09\/tributario-0036.jpg\",\"keywords\":[\"c\u00e1lculos judiciais\",\"c\u00e1lculos tribut\u00e1rios\",\"direito tribut\u00e1rio\",\"d\u00edvida ativa\",\"fazenda p\u00fablica\",\"Imposto\",\"per\u00edcia\",\"perito\",\"stf\"],\"articleSection\":[\"Direito Tribut\u00e1rio\",\"STF\"],\"inLanguage\":\"pt-BR\",\"potentialAction\":[{\"@type\":\"CommentAction\",\"name\":\"Comment\",\"target\":[\"https:\/\/mhcalculos.com.br\/noticias\/area\/tributario\/stf-caixa-de-assistencia-dos-advogados-de-mg-tem-imunidade-tributaria-decide-plenario.html#respond\"]}]},{\"@type\":\"WebPage\",\"@id\":\"https:\/\/mhcalculos.com.br\/noticias\/area\/tributario\/stf-caixa-de-assistencia-dos-advogados-de-mg-tem-imunidade-tributaria-decide-plenario.html\",\"url\":\"https:\/\/mhcalculos.com.br\/noticias\/area\/tributario\/stf-caixa-de-assistencia-dos-advogados-de-mg-tem-imunidade-tributaria-decide-plenario.html\",\"name\":\"STF: Caixa de Assist\u00eancia dos Advogados de MG tem imunidade tribut\u00e1ria, decide Plen\u00e1rio | Portal de Not\u00edcias\",\"isPartOf\":{\"@id\":\"https:\/\/mhcalculos.com.br\/noticias\/#website\"},\"primaryImageOfPage\":{\"@id\":\"https:\/\/mhcalculos.com.br\/noticias\/area\/tributario\/stf-caixa-de-assistencia-dos-advogados-de-mg-tem-imunidade-tributaria-decide-plenario.html#primaryimage\"},\"image\":{\"@id\":\"https:\/\/mhcalculos.com.br\/noticias\/area\/tributario\/stf-caixa-de-assistencia-dos-advogados-de-mg-tem-imunidade-tributaria-decide-plenario.html#primaryimage\"},\"thumbnailUrl\":\"https:\/\/mhcalculos.com.br\/noticias\/wp-content\/uploads\/sites\/2\/2018\/09\/tributario-0036.jpg\",\"datePublished\":\"2018-09-10T15:00:34+00:00\",\"dateModified\":\"2021-07-28T17:34:07+00:00\",\"author\":{\"@id\":\"https:\/\/mhcalculos.com.br\/noticias\/#\/schema\/person\/88d1c34bf72dc779ea14a5a6b8e0ae8d\"},\"breadcrumb\":{\"@id\":\"https:\/\/mhcalculos.com.br\/noticias\/area\/tributario\/stf-caixa-de-assistencia-dos-advogados-de-mg-tem-imunidade-tributaria-decide-plenario.html#breadcrumb\"},\"inLanguage\":\"pt-BR\",\"potentialAction\":[{\"@type\":\"ReadAction\",\"target\":[\"https:\/\/mhcalculos.com.br\/noticias\/area\/tributario\/stf-caixa-de-assistencia-dos-advogados-de-mg-tem-imunidade-tributaria-decide-plenario.html\"]}]},{\"@type\":\"ImageObject\",\"inLanguage\":\"pt-BR\",\"@id\":\"https:\/\/mhcalculos.com.br\/noticias\/area\/tributario\/stf-caixa-de-assistencia-dos-advogados-de-mg-tem-imunidade-tributaria-decide-plenario.html#primaryimage\",\"url\":\"https:\/\/mhcalculos.com.br\/noticias\/wp-content\/uploads\/sites\/2\/2018\/09\/tributario-0036.jpg\",\"contentUrl\":\"https:\/\/mhcalculos.com.br\/noticias\/wp-content\/uploads\/sites\/2\/2018\/09\/tributario-0036.jpg\",\"width\":2000,\"height\":800},{\"@type\":\"BreadcrumbList\",\"@id\":\"https:\/\/mhcalculos.com.br\/noticias\/area\/tributario\/stf-caixa-de-assistencia-dos-advogados-de-mg-tem-imunidade-tributaria-decide-plenario.html#breadcrumb\",\"itemListElement\":[{\"@type\":\"ListItem\",\"position\":1,\"name\":\"In\u00edcio\",\"item\":\"https:\/\/mhcalculos.com.br\/noticias\/\"},{\"@type\":\"ListItem\",\"position\":2,\"name\":\"STF: Caixa de Assist\u00eancia dos Advogados de MG tem imunidade tribut\u00e1ria, decide Plen\u00e1rio\"}]},{\"@type\":\"WebSite\",\"@id\":\"https:\/\/mhcalculos.com.br\/noticias\/#website\",\"url\":\"https:\/\/mhcalculos.com.br\/noticias\/\",\"name\":\"Portal de Not\u00edcias\",\"description\":\"Not\u00edcias e Jurisprud\u00eancia\",\"potentialAction\":[{\"@type\":\"SearchAction\",\"target\":{\"@type\":\"EntryPoint\",\"urlTemplate\":\"https:\/\/mhcalculos.com.br\/noticias\/?s={search_term_string}\"},\"query-input\":{\"@type\":\"PropertyValueSpecification\",\"valueRequired\":true,\"valueName\":\"search_term_string\"}}],\"inLanguage\":\"pt-BR\"},{\"@type\":\"Person\",\"@id\":\"https:\/\/mhcalculos.com.br\/noticias\/#\/schema\/person\/88d1c34bf72dc779ea14a5a6b8e0ae8d\",\"name\":\"Equipe MH\",\"image\":{\"@type\":\"ImageObject\",\"inLanguage\":\"pt-BR\",\"@id\":\"https:\/\/secure.gravatar.com\/avatar\/de1c686c2ecc9c5a3f327e3431d819eb39f8f05d4e1045f5a1caad6daaba987f?s=96&d=mm&r=g\",\"url\":\"https:\/\/secure.gravatar.com\/avatar\/de1c686c2ecc9c5a3f327e3431d819eb39f8f05d4e1045f5a1caad6daaba987f?s=96&d=mm&r=g\",\"contentUrl\":\"https:\/\/secure.gravatar.com\/avatar\/de1c686c2ecc9c5a3f327e3431d819eb39f8f05d4e1045f5a1caad6daaba987f?s=96&d=mm&r=g\",\"caption\":\"Equipe MH\"}}]}<\/script>\n<!-- \/ Yoast SEO plugin. -->","yoast_head_json":{"title":"STF: Caixa de Assist\u00eancia dos Advogados de MG tem imunidade tribut\u00e1ria, decide Plen\u00e1rio | Portal de Not\u00edcias","robots":{"index":"index","follow":"follow","max-snippet":"max-snippet:-1","max-image-preview":"max-image-preview:large","max-video-preview":"max-video-preview:-1"},"canonical":"https:\/\/mhcalculos.com.br\/noticias\/area\/tributario\/stf-caixa-de-assistencia-dos-advogados-de-mg-tem-imunidade-tributaria-decide-plenario.html","og_locale":"pt_BR","og_type":"article","og_title":"STF: Caixa de Assist\u00eancia dos Advogados de MG tem imunidade tribut\u00e1ria, decide Plen\u00e1rio | Portal de Not\u00edcias","og_description":"O Supremo Tribunal Federal (STF), nesta quinta-feira (6), negou provimento a recurso ajuizado pelo munic\u00edpio de Belo Horizonte questionando a imunidade tribut\u00e1ria da Caixa de Assist\u00eancia dos Advogados de Minas Gerais. No Recurso Extraordin\u00e1rio (RE) 405267 concluiu-se que, como \u00f3rg\u00e3o da Ordem dos Advogados do Brasil (OAB), a Caixa de Assist\u00eancia tamb\u00e9m\u00a0possui a\u00a0imunidade tribut\u00e1ria rec\u00edproca [&hellip;]","og_url":"https:\/\/mhcalculos.com.br\/noticias\/area\/tributario\/stf-caixa-de-assistencia-dos-advogados-de-mg-tem-imunidade-tributaria-decide-plenario.html","og_site_name":"Portal de Not\u00edcias","article_published_time":"2018-09-10T15:00:34+00:00","article_modified_time":"2021-07-28T17:34:07+00:00","og_image":[{"width":2000,"height":800,"url":"https:\/\/mhcalculos.com.br\/noticias\/wp-content\/uploads\/sites\/2\/2018\/09\/tributario-0036.jpg","type":"image\/jpeg"}],"author":"Equipe MH","twitter_card":"summary_large_image","twitter_misc":{"Escrito por":"Equipe MH","Est. tempo de leitura":"2 minutos"},"schema":{"@context":"https:\/\/schema.org","@graph":[{"@type":"Article","@id":"https:\/\/mhcalculos.com.br\/noticias\/area\/tributario\/stf-caixa-de-assistencia-dos-advogados-de-mg-tem-imunidade-tributaria-decide-plenario.html#article","isPartOf":{"@id":"https:\/\/mhcalculos.com.br\/noticias\/area\/tributario\/stf-caixa-de-assistencia-dos-advogados-de-mg-tem-imunidade-tributaria-decide-plenario.html"},"author":{"name":"Equipe MH","@id":"https:\/\/mhcalculos.com.br\/noticias\/#\/schema\/person\/88d1c34bf72dc779ea14a5a6b8e0ae8d"},"headline":"STF: Caixa de Assist\u00eancia dos Advogados de MG tem imunidade tribut\u00e1ria, decide Plen\u00e1rio","datePublished":"2018-09-10T15:00:34+00:00","dateModified":"2021-07-28T17:34:07+00:00","mainEntityOfPage":{"@id":"https:\/\/mhcalculos.com.br\/noticias\/area\/tributario\/stf-caixa-de-assistencia-dos-advogados-de-mg-tem-imunidade-tributaria-decide-plenario.html"},"wordCount":325,"commentCount":0,"image":{"@id":"https:\/\/mhcalculos.com.br\/noticias\/area\/tributario\/stf-caixa-de-assistencia-dos-advogados-de-mg-tem-imunidade-tributaria-decide-plenario.html#primaryimage"},"thumbnailUrl":"https:\/\/mhcalculos.com.br\/noticias\/wp-content\/uploads\/sites\/2\/2018\/09\/tributario-0036.jpg","keywords":["c\u00e1lculos judiciais","c\u00e1lculos tribut\u00e1rios","direito tribut\u00e1rio","d\u00edvida ativa","fazenda p\u00fablica","Imposto","per\u00edcia","perito","stf"],"articleSection":["Direito Tribut\u00e1rio","STF"],"inLanguage":"pt-BR","potentialAction":[{"@type":"CommentAction","name":"Comment","target":["https:\/\/mhcalculos.com.br\/noticias\/area\/tributario\/stf-caixa-de-assistencia-dos-advogados-de-mg-tem-imunidade-tributaria-decide-plenario.html#respond"]}]},{"@type":"WebPage","@id":"https:\/\/mhcalculos.com.br\/noticias\/area\/tributario\/stf-caixa-de-assistencia-dos-advogados-de-mg-tem-imunidade-tributaria-decide-plenario.html","url":"https:\/\/mhcalculos.com.br\/noticias\/area\/tributario\/stf-caixa-de-assistencia-dos-advogados-de-mg-tem-imunidade-tributaria-decide-plenario.html","name":"STF: Caixa de Assist\u00eancia dos Advogados de MG tem imunidade tribut\u00e1ria, decide Plen\u00e1rio | Portal de Not\u00edcias","isPartOf":{"@id":"https:\/\/mhcalculos.com.br\/noticias\/#website"},"primaryImageOfPage":{"@id":"https:\/\/mhcalculos.com.br\/noticias\/area\/tributario\/stf-caixa-de-assistencia-dos-advogados-de-mg-tem-imunidade-tributaria-decide-plenario.html#primaryimage"},"image":{"@id":"https:\/\/mhcalculos.com.br\/noticias\/area\/tributario\/stf-caixa-de-assistencia-dos-advogados-de-mg-tem-imunidade-tributaria-decide-plenario.html#primaryimage"},"thumbnailUrl":"https:\/\/mhcalculos.com.br\/noticias\/wp-content\/uploads\/sites\/2\/2018\/09\/tributario-0036.jpg","datePublished":"2018-09-10T15:00:34+00:00","dateModified":"2021-07-28T17:34:07+00:00","author":{"@id":"https:\/\/mhcalculos.com.br\/noticias\/#\/schema\/person\/88d1c34bf72dc779ea14a5a6b8e0ae8d"},"breadcrumb":{"@id":"https:\/\/mhcalculos.com.br\/noticias\/area\/tributario\/stf-caixa-de-assistencia-dos-advogados-de-mg-tem-imunidade-tributaria-decide-plenario.html#breadcrumb"},"inLanguage":"pt-BR","potentialAction":[{"@type":"ReadAction","target":["https:\/\/mhcalculos.com.br\/noticias\/area\/tributario\/stf-caixa-de-assistencia-dos-advogados-de-mg-tem-imunidade-tributaria-decide-plenario.html"]}]},{"@type":"ImageObject","inLanguage":"pt-BR","@id":"https:\/\/mhcalculos.com.br\/noticias\/area\/tributario\/stf-caixa-de-assistencia-dos-advogados-de-mg-tem-imunidade-tributaria-decide-plenario.html#primaryimage","url":"https:\/\/mhcalculos.com.br\/noticias\/wp-content\/uploads\/sites\/2\/2018\/09\/tributario-0036.jpg","contentUrl":"https:\/\/mhcalculos.com.br\/noticias\/wp-content\/uploads\/sites\/2\/2018\/09\/tributario-0036.jpg","width":2000,"height":800},{"@type":"BreadcrumbList","@id":"https:\/\/mhcalculos.com.br\/noticias\/area\/tributario\/stf-caixa-de-assistencia-dos-advogados-de-mg-tem-imunidade-tributaria-decide-plenario.html#breadcrumb","itemListElement":[{"@type":"ListItem","position":1,"name":"In\u00edcio","item":"https:\/\/mhcalculos.com.br\/noticias\/"},{"@type":"ListItem","position":2,"name":"STF: Caixa de Assist\u00eancia dos Advogados de MG tem imunidade tribut\u00e1ria, decide Plen\u00e1rio"}]},{"@type":"WebSite","@id":"https:\/\/mhcalculos.com.br\/noticias\/#website","url":"https:\/\/mhcalculos.com.br\/noticias\/","name":"Portal de Not\u00edcias","description":"Not\u00edcias e Jurisprud\u00eancia","potentialAction":[{"@type":"SearchAction","target":{"@type":"EntryPoint","urlTemplate":"https:\/\/mhcalculos.com.br\/noticias\/?s={search_term_string}"},"query-input":{"@type":"PropertyValueSpecification","valueRequired":true,"valueName":"search_term_string"}}],"inLanguage":"pt-BR"},{"@type":"Person","@id":"https:\/\/mhcalculos.com.br\/noticias\/#\/schema\/person\/88d1c34bf72dc779ea14a5a6b8e0ae8d","name":"Equipe MH","image":{"@type":"ImageObject","inLanguage":"pt-BR","@id":"https:\/\/secure.gravatar.com\/avatar\/de1c686c2ecc9c5a3f327e3431d819eb39f8f05d4e1045f5a1caad6daaba987f?s=96&d=mm&r=g","url":"https:\/\/secure.gravatar.com\/avatar\/de1c686c2ecc9c5a3f327e3431d819eb39f8f05d4e1045f5a1caad6daaba987f?s=96&d=mm&r=g","contentUrl":"https:\/\/secure.gravatar.com\/avatar\/de1c686c2ecc9c5a3f327e3431d819eb39f8f05d4e1045f5a1caad6daaba987f?s=96&d=mm&r=g","caption":"Equipe MH"}}]}},"_links":{"self":[{"href":"https:\/\/mhcalculos.com.br\/noticias\/wp-json\/wp\/v2\/posts\/3139","targetHints":{"allow":["GET"]}}],"collection":[{"href":"https:\/\/mhcalculos.com.br\/noticias\/wp-json\/wp\/v2\/posts"}],"about":[{"href":"https:\/\/mhcalculos.com.br\/noticias\/wp-json\/wp\/v2\/types\/post"}],"author":[{"embeddable":true,"href":"https:\/\/mhcalculos.com.br\/noticias\/wp-json\/wp\/v2\/users\/3063"}],"replies":[{"embeddable":true,"href":"https:\/\/mhcalculos.com.br\/noticias\/wp-json\/wp\/v2\/comments?post=3139"}],"version-history":[{"count":1,"href":"https:\/\/mhcalculos.com.br\/noticias\/wp-json\/wp\/v2\/posts\/3139\/revisions"}],"predecessor-version":[{"id":6782,"href":"https:\/\/mhcalculos.com.br\/noticias\/wp-json\/wp\/v2\/posts\/3139\/revisions\/6782"}],"wp:featuredmedia":[{"embeddable":true,"href":"https:\/\/mhcalculos.com.br\/noticias\/wp-json\/wp\/v2\/media\/3140"}],"wp:attachment":[{"href":"https:\/\/mhcalculos.com.br\/noticias\/wp-json\/wp\/v2\/media?parent=3139"}],"wp:term":[{"taxonomy":"category","embeddable":true,"href":"https:\/\/mhcalculos.com.br\/noticias\/wp-json\/wp\/v2\/categories?post=3139"},{"taxonomy":"post_tag","embeddable":true,"href":"https:\/\/mhcalculos.com.br\/noticias\/wp-json\/wp\/v2\/tags?post=3139"}],"curies":[{"name":"wp","href":"https:\/\/api.w.org\/{rel}","templated":true}]}}