{"id":3132,"date":"2018-09-08T16:00:25","date_gmt":"2018-09-08T19:00:25","guid":{"rendered":"https:\/\/mhcalculos.com.br\/noticias\/2018\/09\/08\/stf-novas-acoes-questionam-mp-que-adia-reajuste-de-servidores-publicos-federais\/"},"modified":"2021-07-28T14:34:08","modified_gmt":"2021-07-28T17:34:08","slug":"stf-novas-acoes-questionam-mp-que-adia-reajuste-de-servidores-publicos-federais","status":"publish","type":"post","link":"https:\/\/mhcalculos.com.br\/noticias\/area\/tributario\/stf-novas-acoes-questionam-mp-que-adia-reajuste-de-servidores-publicos-federais.html","title":{"rendered":"STF: Novas a\u00e7\u00f5es questionam MP que adia reajuste de servidores p\u00fablicos federais"},"content":{"rendered":"\n<p>Mais quatro A\u00e7\u00f5es Diretas de Inconstitucionalidade (ADIs) foram ajuizadas no Supremo Tribunal Federal (STF) para questionar dispositivos da Medida Provis\u00f3ria 849, de 31 de agosto de 2018, que adiou para 2020 a implementa\u00e7\u00e3o do reajuste previsto para 2019 aos servidores da administra\u00e7\u00e3o p\u00fablica federal. S\u00e3o elas: ADI 6008, proposta pela Confedera\u00e7\u00e3o dos Servidores P\u00fablicos do Brasil (CSPB); ADI 6009, ajuizada pelo Partido Socialismo e Liberdade (PSOL); ADI 6010, da Associa\u00e7\u00e3o Nacional dos Auditores Fiscais da Receita Federal do Brasil (Anfip); e ADI 6011, da Confedera\u00e7\u00e3o Nacional das Carreiras T\u00edpicas de Estado (Conacate).<\/p>\n<p>Todas as a\u00e7\u00f5es foram distribu\u00eddas ao ministro Ricardo Lewandowski, a quem foi distribu\u00edda a ADI 6004, a primeira proposta contra a norma. Todas as a\u00e7\u00f5es t\u00eam, como argumento em comum, o fato de a MP 849\/2018 ter reproduzido literalmente regra que fazia parte da MP 805\/2017, questionada na ADI 5809. Liminar concedida pelo ministro Lewandowski nesta a\u00e7\u00e3o suspendeu a aplica\u00e7\u00e3o de artigos que, na pr\u00e1tica, reduziam os vencimentos e aumentavam a contribui\u00e7\u00e3o social dos servidores p\u00fablicos federais. Por n\u00e3o ter sido convertida em lei, a MP 805\/2017 perdeu sua efic\u00e1cia em 8 de abril deste ano. Em raz\u00e3o da perda superveniente de seu objeto, o relator julgou prejudicada a ADI 5809.<\/p>\n<p>Nas a\u00e7\u00f5es, as entidades de classe e o partido pol\u00edtico alegam, entre outros pontos, que o adiamento do reajuste viola princ\u00edpios constitucionais dos servidores p\u00fablicos federais, como o direito adquirido e o princ\u00edpio da irredutibilidade de vencimentos (artigos 5\u00ba, inciso XXXVI, e 37, inciso XV), al\u00e9m do dispositivo constitucional que veda a edi\u00e7\u00e3o de medida provis\u00f3ria que vise a deten\u00e7\u00e3o de ativos financeiros (artigo 62, par\u00e1grafo 1\u00ba, inciso II).<\/p>\n<p><span style=\"font-size: smaller;\">VP\/AD<\/span><\/p>\n<p>Leia mais:<\/p>\n<p>05\/09\/2018 \u2013 <a href=\"http:\/\/portal.stf.jus.br\/noticias\/verNoticiaDetalhe.asp?idConteudo=388885\">Associa\u00e7\u00f5es de peritos e auditores questionam adiamento de reajuste de servidores federais<\/a><\/p>\n<p>&nbsp;<\/p>\n<p><i>Com informa\u00e7\u00f5es da assessoria de imprensa do STF.<\/i><\/p>\n<p><a href=\"http:\/\/www.stf.jus.br\/portal\/cms\/verNoticiaDetalhe.asp?idConteudo=389026\">Fonte<\/a><\/p>\n\n","protected":false},"excerpt":{"rendered":"<p>Mais quatro A\u00e7\u00f5es Diretas de Inconstitucionalidade (ADIs) foram ajuizadas no Supremo Tribunal Federal (STF) para questionar dispositivos da Medida Provis\u00f3ria 849, de 31 de agosto de 2018, que adiou para 2020 a implementa\u00e7\u00e3o do reajuste previsto para 2019 aos servidores da administra\u00e7\u00e3o p\u00fablica federal. S\u00e3o elas: ADI 6008, proposta pela Confedera\u00e7\u00e3o dos Servidores P\u00fablicos do [&hellip;]<\/p>\n","protected":false},"author":3063,"featured_media":3133,"comment_status":"open","ping_status":"open","sticky":false,"template":"","format":"standard","meta":{"footnotes":""},"categories":[18,15],"tags":[32,31,42,30,29,213,9,12,16],"class_list":{"0":"post-3132","1":"post","2":"type-post","3":"status-publish","4":"format-standard","5":"has-post-thumbnail","7":"category-tributario","8":"category-stf","9":"tag-calculos-judiciais","10":"tag-calculos-tributarios","11":"tag-direito-tributario","12":"tag-divida-ativa","13":"tag-fazenda-publica","14":"tag-imposto","15":"tag-pericia","16":"tag-perito","17":"tag-stf"},"yoast_head":"<!-- This site is optimized with the Yoast SEO plugin v27.2 - https:\/\/yoast.com\/product\/yoast-seo-wordpress\/ -->\n<title>STF: Novas a\u00e7\u00f5es questionam MP que adia reajuste de servidores p\u00fablicos federais | Portal de Not\u00edcias<\/title>\n<meta name=\"robots\" content=\"index, follow, max-snippet:-1, max-image-preview:large, max-video-preview:-1\" \/>\n<link rel=\"canonical\" href=\"https:\/\/mhcalculos.com.br\/noticias\/area\/tributario\/stf-novas-acoes-questionam-mp-que-adia-reajuste-de-servidores-publicos-federais.html\" \/>\n<meta property=\"og:locale\" content=\"pt_BR\" \/>\n<meta property=\"og:type\" content=\"article\" \/>\n<meta property=\"og:title\" content=\"STF: Novas a\u00e7\u00f5es questionam MP que adia reajuste de servidores p\u00fablicos federais | Portal de Not\u00edcias\" \/>\n<meta property=\"og:description\" content=\"Mais quatro A\u00e7\u00f5es Diretas de Inconstitucionalidade (ADIs) foram ajuizadas no Supremo Tribunal Federal (STF) para questionar dispositivos da Medida Provis\u00f3ria 849, de 31 de agosto de 2018, que adiou para 2020 a implementa\u00e7\u00e3o do reajuste previsto para 2019 aos servidores da administra\u00e7\u00e3o p\u00fablica federal. S\u00e3o elas: ADI 6008, proposta pela Confedera\u00e7\u00e3o dos Servidores P\u00fablicos do [&hellip;]\" \/>\n<meta property=\"og:url\" content=\"https:\/\/mhcalculos.com.br\/noticias\/area\/tributario\/stf-novas-acoes-questionam-mp-que-adia-reajuste-de-servidores-publicos-federais.html\" \/>\n<meta property=\"og:site_name\" content=\"Portal de Not\u00edcias\" \/>\n<meta property=\"article:published_time\" content=\"2018-09-08T19:00:25+00:00\" \/>\n<meta property=\"article:modified_time\" content=\"2021-07-28T17:34:08+00:00\" \/>\n<meta property=\"og:image\" content=\"https:\/\/mhcalculos.com.br\/noticias\/wp-content\/uploads\/sites\/2\/2018\/09\/tributario-0035.jpg\" \/>\n\t<meta property=\"og:image:width\" content=\"2000\" \/>\n\t<meta property=\"og:image:height\" content=\"800\" \/>\n\t<meta property=\"og:image:type\" content=\"image\/jpeg\" \/>\n<meta name=\"author\" content=\"Equipe MH\" \/>\n<meta name=\"twitter:card\" content=\"summary_large_image\" \/>\n<meta name=\"twitter:label1\" content=\"Escrito por\" \/>\n\t<meta name=\"twitter:data1\" content=\"Equipe MH\" \/>\n\t<meta name=\"twitter:label2\" content=\"Est. tempo de leitura\" \/>\n\t<meta name=\"twitter:data2\" content=\"2 minutos\" \/>\n<script type=\"application\/ld+json\" class=\"yoast-schema-graph\">{\"@context\":\"https:\/\/schema.org\",\"@graph\":[{\"@type\":\"Article\",\"@id\":\"https:\/\/mhcalculos.com.br\/noticias\/area\/tributario\/stf-novas-acoes-questionam-mp-que-adia-reajuste-de-servidores-publicos-federais.html#article\",\"isPartOf\":{\"@id\":\"https:\/\/mhcalculos.com.br\/noticias\/area\/tributario\/stf-novas-acoes-questionam-mp-que-adia-reajuste-de-servidores-publicos-federais.html\"},\"author\":{\"name\":\"Equipe MH\",\"@id\":\"https:\/\/mhcalculos.com.br\/noticias\/#\/schema\/person\/88d1c34bf72dc779ea14a5a6b8e0ae8d\"},\"headline\":\"STF: Novas a\u00e7\u00f5es questionam MP que adia reajuste de servidores p\u00fablicos federais\",\"datePublished\":\"2018-09-08T19:00:25+00:00\",\"dateModified\":\"2021-07-28T17:34:08+00:00\",\"mainEntityOfPage\":{\"@id\":\"https:\/\/mhcalculos.com.br\/noticias\/area\/tributario\/stf-novas-acoes-questionam-mp-que-adia-reajuste-de-servidores-publicos-federais.html\"},\"wordCount\":330,\"commentCount\":0,\"image\":{\"@id\":\"https:\/\/mhcalculos.com.br\/noticias\/area\/tributario\/stf-novas-acoes-questionam-mp-que-adia-reajuste-de-servidores-publicos-federais.html#primaryimage\"},\"thumbnailUrl\":\"https:\/\/mhcalculos.com.br\/noticias\/wp-content\/uploads\/sites\/2\/2018\/09\/tributario-0035.jpg\",\"keywords\":[\"c\u00e1lculos judiciais\",\"c\u00e1lculos tribut\u00e1rios\",\"direito tribut\u00e1rio\",\"d\u00edvida ativa\",\"fazenda p\u00fablica\",\"Imposto\",\"per\u00edcia\",\"perito\",\"stf\"],\"articleSection\":[\"Direito Tribut\u00e1rio\",\"STF\"],\"inLanguage\":\"pt-BR\",\"potentialAction\":[{\"@type\":\"CommentAction\",\"name\":\"Comment\",\"target\":[\"https:\/\/mhcalculos.com.br\/noticias\/area\/tributario\/stf-novas-acoes-questionam-mp-que-adia-reajuste-de-servidores-publicos-federais.html#respond\"]}]},{\"@type\":\"WebPage\",\"@id\":\"https:\/\/mhcalculos.com.br\/noticias\/area\/tributario\/stf-novas-acoes-questionam-mp-que-adia-reajuste-de-servidores-publicos-federais.html\",\"url\":\"https:\/\/mhcalculos.com.br\/noticias\/area\/tributario\/stf-novas-acoes-questionam-mp-que-adia-reajuste-de-servidores-publicos-federais.html\",\"name\":\"STF: Novas a\u00e7\u00f5es questionam MP que adia reajuste de servidores p\u00fablicos federais | Portal de Not\u00edcias\",\"isPartOf\":{\"@id\":\"https:\/\/mhcalculos.com.br\/noticias\/#website\"},\"primaryImageOfPage\":{\"@id\":\"https:\/\/mhcalculos.com.br\/noticias\/area\/tributario\/stf-novas-acoes-questionam-mp-que-adia-reajuste-de-servidores-publicos-federais.html#primaryimage\"},\"image\":{\"@id\":\"https:\/\/mhcalculos.com.br\/noticias\/area\/tributario\/stf-novas-acoes-questionam-mp-que-adia-reajuste-de-servidores-publicos-federais.html#primaryimage\"},\"thumbnailUrl\":\"https:\/\/mhcalculos.com.br\/noticias\/wp-content\/uploads\/sites\/2\/2018\/09\/tributario-0035.jpg\",\"datePublished\":\"2018-09-08T19:00:25+00:00\",\"dateModified\":\"2021-07-28T17:34:08+00:00\",\"author\":{\"@id\":\"https:\/\/mhcalculos.com.br\/noticias\/#\/schema\/person\/88d1c34bf72dc779ea14a5a6b8e0ae8d\"},\"breadcrumb\":{\"@id\":\"https:\/\/mhcalculos.com.br\/noticias\/area\/tributario\/stf-novas-acoes-questionam-mp-que-adia-reajuste-de-servidores-publicos-federais.html#breadcrumb\"},\"inLanguage\":\"pt-BR\",\"potentialAction\":[{\"@type\":\"ReadAction\",\"target\":[\"https:\/\/mhcalculos.com.br\/noticias\/area\/tributario\/stf-novas-acoes-questionam-mp-que-adia-reajuste-de-servidores-publicos-federais.html\"]}]},{\"@type\":\"ImageObject\",\"inLanguage\":\"pt-BR\",\"@id\":\"https:\/\/mhcalculos.com.br\/noticias\/area\/tributario\/stf-novas-acoes-questionam-mp-que-adia-reajuste-de-servidores-publicos-federais.html#primaryimage\",\"url\":\"https:\/\/mhcalculos.com.br\/noticias\/wp-content\/uploads\/sites\/2\/2018\/09\/tributario-0035.jpg\",\"contentUrl\":\"https:\/\/mhcalculos.com.br\/noticias\/wp-content\/uploads\/sites\/2\/2018\/09\/tributario-0035.jpg\",\"width\":2000,\"height\":800},{\"@type\":\"BreadcrumbList\",\"@id\":\"https:\/\/mhcalculos.com.br\/noticias\/area\/tributario\/stf-novas-acoes-questionam-mp-que-adia-reajuste-de-servidores-publicos-federais.html#breadcrumb\",\"itemListElement\":[{\"@type\":\"ListItem\",\"position\":1,\"name\":\"In\u00edcio\",\"item\":\"https:\/\/mhcalculos.com.br\/noticias\/\"},{\"@type\":\"ListItem\",\"position\":2,\"name\":\"STF: Novas a\u00e7\u00f5es questionam MP que adia reajuste de servidores p\u00fablicos federais\"}]},{\"@type\":\"WebSite\",\"@id\":\"https:\/\/mhcalculos.com.br\/noticias\/#website\",\"url\":\"https:\/\/mhcalculos.com.br\/noticias\/\",\"name\":\"Portal de Not\u00edcias\",\"description\":\"Not\u00edcias e Jurisprud\u00eancia\",\"potentialAction\":[{\"@type\":\"SearchAction\",\"target\":{\"@type\":\"EntryPoint\",\"urlTemplate\":\"https:\/\/mhcalculos.com.br\/noticias\/?s={search_term_string}\"},\"query-input\":{\"@type\":\"PropertyValueSpecification\",\"valueRequired\":true,\"valueName\":\"search_term_string\"}}],\"inLanguage\":\"pt-BR\"},{\"@type\":\"Person\",\"@id\":\"https:\/\/mhcalculos.com.br\/noticias\/#\/schema\/person\/88d1c34bf72dc779ea14a5a6b8e0ae8d\",\"name\":\"Equipe MH\",\"image\":{\"@type\":\"ImageObject\",\"inLanguage\":\"pt-BR\",\"@id\":\"https:\/\/secure.gravatar.com\/avatar\/de1c686c2ecc9c5a3f327e3431d819eb39f8f05d4e1045f5a1caad6daaba987f?s=96&d=mm&r=g\",\"url\":\"https:\/\/secure.gravatar.com\/avatar\/de1c686c2ecc9c5a3f327e3431d819eb39f8f05d4e1045f5a1caad6daaba987f?s=96&d=mm&r=g\",\"contentUrl\":\"https:\/\/secure.gravatar.com\/avatar\/de1c686c2ecc9c5a3f327e3431d819eb39f8f05d4e1045f5a1caad6daaba987f?s=96&d=mm&r=g\",\"caption\":\"Equipe MH\"}}]}<\/script>\n<!-- \/ Yoast SEO plugin. -->","yoast_head_json":{"title":"STF: Novas a\u00e7\u00f5es questionam MP que adia reajuste de servidores p\u00fablicos federais | Portal de Not\u00edcias","robots":{"index":"index","follow":"follow","max-snippet":"max-snippet:-1","max-image-preview":"max-image-preview:large","max-video-preview":"max-video-preview:-1"},"canonical":"https:\/\/mhcalculos.com.br\/noticias\/area\/tributario\/stf-novas-acoes-questionam-mp-que-adia-reajuste-de-servidores-publicos-federais.html","og_locale":"pt_BR","og_type":"article","og_title":"STF: Novas a\u00e7\u00f5es questionam MP que adia reajuste de servidores p\u00fablicos federais | Portal de Not\u00edcias","og_description":"Mais quatro A\u00e7\u00f5es Diretas de Inconstitucionalidade (ADIs) foram ajuizadas no Supremo Tribunal Federal (STF) para questionar dispositivos da Medida Provis\u00f3ria 849, de 31 de agosto de 2018, que adiou para 2020 a implementa\u00e7\u00e3o do reajuste previsto para 2019 aos servidores da administra\u00e7\u00e3o p\u00fablica federal. S\u00e3o elas: ADI 6008, proposta pela Confedera\u00e7\u00e3o dos Servidores P\u00fablicos do [&hellip;]","og_url":"https:\/\/mhcalculos.com.br\/noticias\/area\/tributario\/stf-novas-acoes-questionam-mp-que-adia-reajuste-de-servidores-publicos-federais.html","og_site_name":"Portal de Not\u00edcias","article_published_time":"2018-09-08T19:00:25+00:00","article_modified_time":"2021-07-28T17:34:08+00:00","og_image":[{"width":2000,"height":800,"url":"https:\/\/mhcalculos.com.br\/noticias\/wp-content\/uploads\/sites\/2\/2018\/09\/tributario-0035.jpg","type":"image\/jpeg"}],"author":"Equipe MH","twitter_card":"summary_large_image","twitter_misc":{"Escrito por":"Equipe MH","Est. tempo de leitura":"2 minutos"},"schema":{"@context":"https:\/\/schema.org","@graph":[{"@type":"Article","@id":"https:\/\/mhcalculos.com.br\/noticias\/area\/tributario\/stf-novas-acoes-questionam-mp-que-adia-reajuste-de-servidores-publicos-federais.html#article","isPartOf":{"@id":"https:\/\/mhcalculos.com.br\/noticias\/area\/tributario\/stf-novas-acoes-questionam-mp-que-adia-reajuste-de-servidores-publicos-federais.html"},"author":{"name":"Equipe MH","@id":"https:\/\/mhcalculos.com.br\/noticias\/#\/schema\/person\/88d1c34bf72dc779ea14a5a6b8e0ae8d"},"headline":"STF: Novas a\u00e7\u00f5es questionam MP que adia reajuste de servidores p\u00fablicos federais","datePublished":"2018-09-08T19:00:25+00:00","dateModified":"2021-07-28T17:34:08+00:00","mainEntityOfPage":{"@id":"https:\/\/mhcalculos.com.br\/noticias\/area\/tributario\/stf-novas-acoes-questionam-mp-que-adia-reajuste-de-servidores-publicos-federais.html"},"wordCount":330,"commentCount":0,"image":{"@id":"https:\/\/mhcalculos.com.br\/noticias\/area\/tributario\/stf-novas-acoes-questionam-mp-que-adia-reajuste-de-servidores-publicos-federais.html#primaryimage"},"thumbnailUrl":"https:\/\/mhcalculos.com.br\/noticias\/wp-content\/uploads\/sites\/2\/2018\/09\/tributario-0035.jpg","keywords":["c\u00e1lculos judiciais","c\u00e1lculos tribut\u00e1rios","direito tribut\u00e1rio","d\u00edvida ativa","fazenda p\u00fablica","Imposto","per\u00edcia","perito","stf"],"articleSection":["Direito Tribut\u00e1rio","STF"],"inLanguage":"pt-BR","potentialAction":[{"@type":"CommentAction","name":"Comment","target":["https:\/\/mhcalculos.com.br\/noticias\/area\/tributario\/stf-novas-acoes-questionam-mp-que-adia-reajuste-de-servidores-publicos-federais.html#respond"]}]},{"@type":"WebPage","@id":"https:\/\/mhcalculos.com.br\/noticias\/area\/tributario\/stf-novas-acoes-questionam-mp-que-adia-reajuste-de-servidores-publicos-federais.html","url":"https:\/\/mhcalculos.com.br\/noticias\/area\/tributario\/stf-novas-acoes-questionam-mp-que-adia-reajuste-de-servidores-publicos-federais.html","name":"STF: Novas a\u00e7\u00f5es questionam MP que adia reajuste de servidores p\u00fablicos federais | Portal de Not\u00edcias","isPartOf":{"@id":"https:\/\/mhcalculos.com.br\/noticias\/#website"},"primaryImageOfPage":{"@id":"https:\/\/mhcalculos.com.br\/noticias\/area\/tributario\/stf-novas-acoes-questionam-mp-que-adia-reajuste-de-servidores-publicos-federais.html#primaryimage"},"image":{"@id":"https:\/\/mhcalculos.com.br\/noticias\/area\/tributario\/stf-novas-acoes-questionam-mp-que-adia-reajuste-de-servidores-publicos-federais.html#primaryimage"},"thumbnailUrl":"https:\/\/mhcalculos.com.br\/noticias\/wp-content\/uploads\/sites\/2\/2018\/09\/tributario-0035.jpg","datePublished":"2018-09-08T19:00:25+00:00","dateModified":"2021-07-28T17:34:08+00:00","author":{"@id":"https:\/\/mhcalculos.com.br\/noticias\/#\/schema\/person\/88d1c34bf72dc779ea14a5a6b8e0ae8d"},"breadcrumb":{"@id":"https:\/\/mhcalculos.com.br\/noticias\/area\/tributario\/stf-novas-acoes-questionam-mp-que-adia-reajuste-de-servidores-publicos-federais.html#breadcrumb"},"inLanguage":"pt-BR","potentialAction":[{"@type":"ReadAction","target":["https:\/\/mhcalculos.com.br\/noticias\/area\/tributario\/stf-novas-acoes-questionam-mp-que-adia-reajuste-de-servidores-publicos-federais.html"]}]},{"@type":"ImageObject","inLanguage":"pt-BR","@id":"https:\/\/mhcalculos.com.br\/noticias\/area\/tributario\/stf-novas-acoes-questionam-mp-que-adia-reajuste-de-servidores-publicos-federais.html#primaryimage","url":"https:\/\/mhcalculos.com.br\/noticias\/wp-content\/uploads\/sites\/2\/2018\/09\/tributario-0035.jpg","contentUrl":"https:\/\/mhcalculos.com.br\/noticias\/wp-content\/uploads\/sites\/2\/2018\/09\/tributario-0035.jpg","width":2000,"height":800},{"@type":"BreadcrumbList","@id":"https:\/\/mhcalculos.com.br\/noticias\/area\/tributario\/stf-novas-acoes-questionam-mp-que-adia-reajuste-de-servidores-publicos-federais.html#breadcrumb","itemListElement":[{"@type":"ListItem","position":1,"name":"In\u00edcio","item":"https:\/\/mhcalculos.com.br\/noticias\/"},{"@type":"ListItem","position":2,"name":"STF: Novas a\u00e7\u00f5es questionam MP que adia reajuste de servidores p\u00fablicos federais"}]},{"@type":"WebSite","@id":"https:\/\/mhcalculos.com.br\/noticias\/#website","url":"https:\/\/mhcalculos.com.br\/noticias\/","name":"Portal de Not\u00edcias","description":"Not\u00edcias e Jurisprud\u00eancia","potentialAction":[{"@type":"SearchAction","target":{"@type":"EntryPoint","urlTemplate":"https:\/\/mhcalculos.com.br\/noticias\/?s={search_term_string}"},"query-input":{"@type":"PropertyValueSpecification","valueRequired":true,"valueName":"search_term_string"}}],"inLanguage":"pt-BR"},{"@type":"Person","@id":"https:\/\/mhcalculos.com.br\/noticias\/#\/schema\/person\/88d1c34bf72dc779ea14a5a6b8e0ae8d","name":"Equipe MH","image":{"@type":"ImageObject","inLanguage":"pt-BR","@id":"https:\/\/secure.gravatar.com\/avatar\/de1c686c2ecc9c5a3f327e3431d819eb39f8f05d4e1045f5a1caad6daaba987f?s=96&d=mm&r=g","url":"https:\/\/secure.gravatar.com\/avatar\/de1c686c2ecc9c5a3f327e3431d819eb39f8f05d4e1045f5a1caad6daaba987f?s=96&d=mm&r=g","contentUrl":"https:\/\/secure.gravatar.com\/avatar\/de1c686c2ecc9c5a3f327e3431d819eb39f8f05d4e1045f5a1caad6daaba987f?s=96&d=mm&r=g","caption":"Equipe MH"}}]}},"_links":{"self":[{"href":"https:\/\/mhcalculos.com.br\/noticias\/wp-json\/wp\/v2\/posts\/3132","targetHints":{"allow":["GET"]}}],"collection":[{"href":"https:\/\/mhcalculos.com.br\/noticias\/wp-json\/wp\/v2\/posts"}],"about":[{"href":"https:\/\/mhcalculos.com.br\/noticias\/wp-json\/wp\/v2\/types\/post"}],"author":[{"embeddable":true,"href":"https:\/\/mhcalculos.com.br\/noticias\/wp-json\/wp\/v2\/users\/3063"}],"replies":[{"embeddable":true,"href":"https:\/\/mhcalculos.com.br\/noticias\/wp-json\/wp\/v2\/comments?post=3132"}],"version-history":[{"count":1,"href":"https:\/\/mhcalculos.com.br\/noticias\/wp-json\/wp\/v2\/posts\/3132\/revisions"}],"predecessor-version":[{"id":6783,"href":"https:\/\/mhcalculos.com.br\/noticias\/wp-json\/wp\/v2\/posts\/3132\/revisions\/6783"}],"wp:featuredmedia":[{"embeddable":true,"href":"https:\/\/mhcalculos.com.br\/noticias\/wp-json\/wp\/v2\/media\/3133"}],"wp:attachment":[{"href":"https:\/\/mhcalculos.com.br\/noticias\/wp-json\/wp\/v2\/media?parent=3132"}],"wp:term":[{"taxonomy":"category","embeddable":true,"href":"https:\/\/mhcalculos.com.br\/noticias\/wp-json\/wp\/v2\/categories?post=3132"},{"taxonomy":"post_tag","embeddable":true,"href":"https:\/\/mhcalculos.com.br\/noticias\/wp-json\/wp\/v2\/tags?post=3132"}],"curies":[{"name":"wp","href":"https:\/\/api.w.org\/{rel}","templated":true}]}}