{"id":3129,"date":"2018-09-07T23:00:13","date_gmt":"2018-09-08T02:00:13","guid":{"rendered":"https:\/\/mhcalculos.com.br\/noticias\/2018\/09\/07\/trf3-tribunal-realiza-audiencia-publica-sobre-desconsideracao-da-personalidade-juridica-em-execucoes-fiscais\/"},"modified":"2021-07-28T14:34:08","modified_gmt":"2021-07-28T17:34:08","slug":"trf3-tribunal-realiza-audiencia-publica-sobre-desconsideracao-da-personalidade-juridica-em-execucoes-fiscais","status":"publish","type":"post","link":"https:\/\/mhcalculos.com.br\/noticias\/area\/previdenciario\/trf3-tribunal-realiza-audiencia-publica-sobre-desconsideracao-da-personalidade-juridica-em-execucoes-fiscais.html","title":{"rendered":"TRF3: TRIBUNAL&nbsp;REALIZA AUDI\u00caNCIA P\u00daBLICA SOBRE DESCONSIDERA\u00c7\u00c3O DA PERSONALIDADE JUR\u00cdDICA EM EXECU\u00c7\u00d5ES FISCAIS"},"content":{"rendered":"\n<div class=\"mat\">\n<p><em>Magistrados, Acad\u00eamicos, Procuradores e Operadores do Direito debateram o tema, que \u00e9 objeto de Incidente de Resolu\u00e7\u00e3o de Demandas Repetitivas<\/em><\/p>\n<p>O Tribunal Regional Federal da 3\u00aa Regi\u00e3o (TRF3) realizou, na quarta-feira (5 de setembro), audi\u00eancia p\u00fablica que debateu o tema objeto do Incidente de Resolu\u00e7\u00e3o de Demandas Repetitivas (IRDR) de n\u00ba 0017610-97.2016.4.03.0000: &#8220;O redirecionamento de execu\u00e7\u00e3o de cr\u00e9dito tribut\u00e1rio da pessoa jur\u00eddica para os s\u00f3cios deve ocorrer nos pr\u00f3prios autos da execu\u00e7\u00e3o fiscal ou em sede de incidente de desconsidera\u00e7\u00e3o da personalidade jur\u00eddica?&#8221;.<\/p>\n<p>O IRDR foi admitido pelo \u00d3rg\u00e3o Especial do TRF3 em 15\/02\/2017, quando o \u00f3rg\u00e3o de c\u00fapula do TRF3 reconheceu a exist\u00eancia de controv\u00e9rsia de quest\u00e3o de direito que se repete em grande volume, com risco \u00e0 isonomia e \u00e0 seguran\u00e7a jur\u00eddica, por decis\u00f5es conflitantes.<\/p>\n<p>A relev\u00e2ncia do julgamento decorre do efeito vinculante da tese jur\u00eddica a ser acolhida no referido incidente sobre os processos individuais e coletivos no \u00e2mbito das Se\u00e7\u00f5es Judici\u00e1rias de S\u00e3o Paulo e de Mato Grosso do Sul.<\/p>\n<p>O que se pretende sanar \u00e9 a seguinte d\u00favida: quando a execu\u00e7\u00e3o contra certa empresa n\u00e3o encontra bens suficientes para garantir a execu\u00e7\u00e3o e h\u00e1 redirecionamento para os s\u00f3cios, o procedimento a ser observado deve ser o incidente de desconsidera\u00e7\u00e3o de personalidade jur\u00eddica, previsto no CPC, ou o redirecionamento deve ocorrer nos pr\u00f3prios autos da execu\u00e7\u00e3o, de acordo com a Lei de Execu\u00e7\u00f5es Fiscais?<\/p>\n<p>Na audi\u00eancia, que reuniu, na sede da Corte, Magistrados, Procuradores e representantes das institui\u00e7\u00f5es de ensino e de Associa\u00e7\u00f5es, a Procuradora da Fazenda Nacional Roberta Gomes Azevedo defendeu a tese da incompatibilidade absoluta do incidente de desconsidera\u00e7\u00e3o da personalidade jur\u00eddica com as execu\u00e7\u00f5es fiscais.<\/p>\n<p>\u201cDe acordo com o novo CPC o incidente de desconsidera\u00e7\u00e3o da personalidade jur\u00eddica \u00e9 instaurado com a possibilidade de contradit\u00f3rio amplo, sem exigir apresenta\u00e7\u00e3o de garantias, o que consideramos absolutamente incompat\u00edvel com a normatiza\u00e7\u00e3o que rege a execu\u00e7\u00e3o fiscal, porque o artigo 16, par\u00e1grafo 1\u00ba, da Lei de execu\u00e7\u00f5es fiscais fala expressamente que n\u00e3o s\u00e3o admiss\u00edveis embargos do executado, antes de garantida a execu\u00e7\u00e3o fiscal\u201d, argumentou.<\/p>\n<p>Segundo a Procuradora, a suspens\u00e3o autom\u00e1tica do processo principal tamb\u00e9m geraria incompatibilidade com a legisla\u00e7\u00e3o sobre execu\u00e7\u00e3o fiscal.<\/p>\n<p>Por outro lado, o professor Andr\u00e9 Pagani de Souza, da Universidade Presbiteriana Mackenzie, ressaltou que o artigo 1\u00ba da Lei de Execu\u00e7\u00f5es Fiscais fala que se aplica subsidiariamente o C\u00f3digo de Processo Civil. Para ele, n\u00e3o h\u00e1 incompatibilidade entre o previsto no CPC, artigos 133 e seguintes, com a execu\u00e7\u00e3o do cr\u00e9dito tribut\u00e1rio, pois n\u00e3o haveria mitiga\u00e7\u00e3o do contradit\u00f3rio e da ampla defesa.<\/p>\n<p>\u201cExistem as tutelas de urg\u00eancia que podem ser manejadas pelo credor, caso exista risco para o resultado \u00fatil do processo. Ele tamb\u00e9m tem o direito de se defender antes de ser colocado ali como respons\u00e1vel\u201d, sustentou.<\/p>\n<p>O relator do caso, Desembargador Federal Baptista Pereira, ressaltou que a audi\u00eancia p\u00fablica tem como objetivo \u201caprofundar o debate com a sociedade, especialmente com a comunidade jur\u00eddica diretamente envolvida, a fim de que, democraticamente, seja colhida a express\u00e3o do maior universo poss\u00edvel de linhas de pensamento\u201d.<\/p>\n<p>Ainda no primeiro semestre, ele determinou a suspens\u00e3o de todos os Incidentes de Desconsidera\u00e7\u00e3o da Personalidade Jur\u00eddica em tramita\u00e7\u00e3o na Justi\u00e7a Federal da 3\u00aa Regi\u00e3o sobre o mesmo tema at\u00e9 o julgamento definitivo do IRDR 0017610-97.2016.4.03.0000.<\/p>\n<p>Por\u00e9m, o direito de defesa continuou a ser exercido, sem preju\u00edzo, nos pr\u00f3prios autos da execu\u00e7\u00e3o, tanto por meio dos embargos \u00e0 execu\u00e7\u00e3o quanto por meio da exce\u00e7\u00e3o de pr\u00e9-executividade, conforme cada caso, mantidos tamb\u00e9m os atos de pesquisa e constri\u00e7\u00e3o de bens necess\u00e1rios \u00e0 garantia da efetividade da execu\u00e7\u00e3o, ou seja, de acordo com o procedimento que j\u00e1 vinha sendo adotado antes do CPC.<\/p>\n<p>Ap\u00f3s a realiza\u00e7\u00e3o da audi\u00eancia p\u00fablica e o recebimento das manifesta\u00e7\u00f5es, o IRDR ser\u00e1 inclu\u00eddo em pauta para julgamento de m\u00e9rito no \u00d3rg\u00e3o Especial do TRF3.<\/p>\n<p>Tamb\u00e9m participaram da audi\u00eancia a Procuradora Regional da Rep\u00fablica, Geisa de Assis Rodrigues; o Procurador do Munic\u00edpio de S\u00e3o Paulo, Lucas Melo N\u00f3brega; o professor Am\u00e9rico de Andrade Pinho da Unisantos; a professora da Funda\u00e7\u00e3o Get\u00falio Vargas, Tathiane dos Santos Piscitelli; e o presidente da Associa\u00e7\u00e3o Brasileira de Direito Processual, Ant\u00f4nio Carlos J\u00fanior.<\/p>\n<p>Incidente de Resolu\u00e7\u00e3o de Demandas Repetitivas 0017610-97.2016.4.03.0000\/SP<\/p>\n<table width=\"200\" align=\"center\" border=\"0\" cellspacing=\"0\" cellpadding=\"0\">\n<tbody>\n<tr>\n<td><span><span>Fotos: ACOM\/ TRF3<\/span><\/span><\/td>\n<\/tr>\n<tr>\n<td><img decoding=\"async\" width=\"500\" height=\"509\" alt=\"\" data-src=\"http:\/\/web.trf3.jus.br\/noticias\/uploaddir\/image\/2018\/setembro\/audienciapub.jpg\" src=\"data:image\/svg+xml;base64,PHN2ZyB3aWR0aD0iMSIgaGVpZ2h0PSIxIiB4bWxucz0iaHR0cDovL3d3dy53My5vcmcvMjAwMC9zdmciPjwvc3ZnPg==\" class=\"lazyload\" style=\"--smush-placeholder-width: 500px; --smush-placeholder-aspect-ratio: 500\/509;\"><\/td>\n<\/tr>\n<tr>\n<td>\n<p>1 &#8211; Relator do processo, Desembargador Federal Baptista Pereira, e a Procuradora Regional da Rep\u00fablica Geisa Rodrigues;<\/p>\n<p>2 &#8211; Acad\u00eamicos, magistrados e operadores do Direito acompanharam a audi\u00eancia p\u00fablica.<\/p>\n<\/td>\n<\/tr>\n<\/tbody>\n<\/table>\n<p>  \u00a0<\/p>\n<\/p><\/div>\n<p><i>Com informa\u00e7\u00f5es da assessoria de imprensa do TRF3.<\/i><br \/>\n<br \/><a href=\"http:\/\/web.trf3.jus.br\/noticias\/Noticias\/Noticia\/Exibir\/372709\">Fonte<\/a><br \/>\n<br \/><\/p>\n","protected":false},"excerpt":{"rendered":"<p>Magistrados, Acad\u00eamicos, Procuradores e Operadores do Direito debateram o tema, que \u00e9 objeto de Incidente de Resolu\u00e7\u00e3o de Demandas Repetitivas O Tribunal Regional Federal da 3\u00aa Regi\u00e3o (TRF3) realizou, na quarta-feira (5 de setembro), audi\u00eancia p\u00fablica que debateu o tema objeto do Incidente de Resolu\u00e7\u00e3o de Demandas Repetitivas (IRDR) de n\u00ba 0017610-97.2016.4.03.0000: &#8220;O redirecionamento de [&hellip;]<\/p>\n","protected":false},"author":3063,"featured_media":1990,"comment_status":"open","ping_status":"open","sticky":false,"template":"","format":"standard","meta":{"footnotes":""},"categories":[5,110],"tags":[32,31,42,30,29,213,9,152,218,214],"class_list":{"0":"post-3129","1":"post","2":"type-post","3":"status-publish","4":"format-standard","5":"has-post-thumbnail","7":"category-previdenciario","8":"category-trf3","9":"tag-calculos-judiciais","10":"tag-calculos-tributarios","11":"tag-direito-tributario","12":"tag-divida-ativa","13":"tag-fazenda-publica","14":"tag-imposto","15":"tag-pericia","16":"tag-trf3","17":"tag-tribunal-regional-federal","18":"tag-tributo"},"yoast_head":"<!-- This site is optimized with the Yoast SEO plugin v27.2 - https:\/\/yoast.com\/product\/yoast-seo-wordpress\/ -->\n<title>TRF3: TRIBUNAL&nbsp;REALIZA AUDI\u00caNCIA P\u00daBLICA SOBRE DESCONSIDERA\u00c7\u00c3O DA PERSONALIDADE JUR\u00cdDICA EM EXECU\u00c7\u00d5ES FISCAIS | Portal de Not\u00edcias<\/title>\n<meta name=\"robots\" content=\"index, follow, max-snippet:-1, max-image-preview:large, max-video-preview:-1\" \/>\n<link rel=\"canonical\" href=\"https:\/\/mhcalculos.com.br\/noticias\/area\/previdenciario\/trf3-tribunal-realiza-audiencia-publica-sobre-desconsideracao-da-personalidade-juridica-em-execucoes-fiscais.html\" \/>\n<meta property=\"og:locale\" content=\"pt_BR\" \/>\n<meta property=\"og:type\" content=\"article\" \/>\n<meta property=\"og:title\" content=\"TRF3: TRIBUNAL&nbsp;REALIZA AUDI\u00caNCIA P\u00daBLICA SOBRE DESCONSIDERA\u00c7\u00c3O DA PERSONALIDADE JUR\u00cdDICA EM EXECU\u00c7\u00d5ES FISCAIS | Portal de Not\u00edcias\" \/>\n<meta property=\"og:description\" content=\"Magistrados, Acad\u00eamicos, Procuradores e Operadores do Direito debateram o tema, que \u00e9 objeto de Incidente de Resolu\u00e7\u00e3o de Demandas Repetitivas O Tribunal Regional Federal da 3\u00aa Regi\u00e3o (TRF3) realizou, na quarta-feira (5 de setembro), audi\u00eancia p\u00fablica que debateu o tema objeto do Incidente de Resolu\u00e7\u00e3o de Demandas Repetitivas (IRDR) de n\u00ba 0017610-97.2016.4.03.0000: &#8220;O redirecionamento de [&hellip;]\" \/>\n<meta property=\"og:url\" content=\"https:\/\/mhcalculos.com.br\/noticias\/area\/previdenciario\/trf3-tribunal-realiza-audiencia-publica-sobre-desconsideracao-da-personalidade-juridica-em-execucoes-fiscais.html\" \/>\n<meta property=\"og:site_name\" content=\"Portal de Not\u00edcias\" \/>\n<meta property=\"article:published_time\" content=\"2018-09-08T02:00:13+00:00\" \/>\n<meta property=\"article:modified_time\" content=\"2021-07-28T17:34:08+00:00\" \/>\n<meta property=\"og:image\" content=\"https:\/\/mhcalculos.com.br\/noticias\/wp-content\/uploads\/sites\/2\/2018\/06\/judiciario-0007.jpg\" \/>\n\t<meta property=\"og:image:width\" content=\"2000\" \/>\n\t<meta property=\"og:image:height\" content=\"800\" \/>\n\t<meta property=\"og:image:type\" content=\"image\/jpeg\" \/>\n<meta name=\"author\" content=\"Equipe MH\" \/>\n<meta name=\"twitter:card\" content=\"summary_large_image\" \/>\n<meta name=\"twitter:label1\" content=\"Escrito por\" \/>\n\t<meta name=\"twitter:data1\" content=\"Equipe MH\" \/>\n\t<meta name=\"twitter:label2\" content=\"Est. tempo de leitura\" \/>\n\t<meta name=\"twitter:data2\" content=\"4 minutos\" \/>\n<script type=\"application\/ld+json\" class=\"yoast-schema-graph\">{\"@context\":\"https:\/\/schema.org\",\"@graph\":[{\"@type\":\"Article\",\"@id\":\"https:\/\/mhcalculos.com.br\/noticias\/area\/previdenciario\/trf3-tribunal-realiza-audiencia-publica-sobre-desconsideracao-da-personalidade-juridica-em-execucoes-fiscais.html#article\",\"isPartOf\":{\"@id\":\"https:\/\/mhcalculos.com.br\/noticias\/area\/previdenciario\/trf3-tribunal-realiza-audiencia-publica-sobre-desconsideracao-da-personalidade-juridica-em-execucoes-fiscais.html\"},\"author\":{\"name\":\"Equipe MH\",\"@id\":\"https:\/\/mhcalculos.com.br\/noticias\/#\/schema\/person\/88d1c34bf72dc779ea14a5a6b8e0ae8d\"},\"headline\":\"TRF3: TRIBUNAL&nbsp;REALIZA AUDI\u00caNCIA P\u00daBLICA SOBRE DESCONSIDERA\u00c7\u00c3O DA PERSONALIDADE JUR\u00cdDICA EM EXECU\u00c7\u00d5ES FISCAIS\",\"datePublished\":\"2018-09-08T02:00:13+00:00\",\"dateModified\":\"2021-07-28T17:34:08+00:00\",\"mainEntityOfPage\":{\"@id\":\"https:\/\/mhcalculos.com.br\/noticias\/area\/previdenciario\/trf3-tribunal-realiza-audiencia-publica-sobre-desconsideracao-da-personalidade-juridica-em-execucoes-fiscais.html\"},\"wordCount\":857,\"commentCount\":0,\"image\":{\"@id\":\"https:\/\/mhcalculos.com.br\/noticias\/area\/previdenciario\/trf3-tribunal-realiza-audiencia-publica-sobre-desconsideracao-da-personalidade-juridica-em-execucoes-fiscais.html#primaryimage\"},\"thumbnailUrl\":\"https:\/\/mhcalculos.com.br\/noticias\/wp-content\/uploads\/sites\/2\/2018\/06\/judiciario-0007.jpg\",\"keywords\":[\"c\u00e1lculos judiciais\",\"c\u00e1lculos tribut\u00e1rios\",\"direito tribut\u00e1rio\",\"d\u00edvida ativa\",\"fazenda p\u00fablica\",\"Imposto\",\"per\u00edcia\",\"trf3\",\"Tribunal Regional Federal\",\"tributo\"],\"articleSection\":[\"Direito Previdenci\u00e1rio\",\"TRF3\"],\"inLanguage\":\"pt-BR\",\"potentialAction\":[{\"@type\":\"CommentAction\",\"name\":\"Comment\",\"target\":[\"https:\/\/mhcalculos.com.br\/noticias\/area\/previdenciario\/trf3-tribunal-realiza-audiencia-publica-sobre-desconsideracao-da-personalidade-juridica-em-execucoes-fiscais.html#respond\"]}]},{\"@type\":\"WebPage\",\"@id\":\"https:\/\/mhcalculos.com.br\/noticias\/area\/previdenciario\/trf3-tribunal-realiza-audiencia-publica-sobre-desconsideracao-da-personalidade-juridica-em-execucoes-fiscais.html\",\"url\":\"https:\/\/mhcalculos.com.br\/noticias\/area\/previdenciario\/trf3-tribunal-realiza-audiencia-publica-sobre-desconsideracao-da-personalidade-juridica-em-execucoes-fiscais.html\",\"name\":\"TRF3: TRIBUNAL&nbsp;REALIZA AUDI\u00caNCIA P\u00daBLICA SOBRE DESCONSIDERA\u00c7\u00c3O DA PERSONALIDADE JUR\u00cdDICA EM EXECU\u00c7\u00d5ES FISCAIS | Portal de Not\u00edcias\",\"isPartOf\":{\"@id\":\"https:\/\/mhcalculos.com.br\/noticias\/#website\"},\"primaryImageOfPage\":{\"@id\":\"https:\/\/mhcalculos.com.br\/noticias\/area\/previdenciario\/trf3-tribunal-realiza-audiencia-publica-sobre-desconsideracao-da-personalidade-juridica-em-execucoes-fiscais.html#primaryimage\"},\"image\":{\"@id\":\"https:\/\/mhcalculos.com.br\/noticias\/area\/previdenciario\/trf3-tribunal-realiza-audiencia-publica-sobre-desconsideracao-da-personalidade-juridica-em-execucoes-fiscais.html#primaryimage\"},\"thumbnailUrl\":\"https:\/\/mhcalculos.com.br\/noticias\/wp-content\/uploads\/sites\/2\/2018\/06\/judiciario-0007.jpg\",\"datePublished\":\"2018-09-08T02:00:13+00:00\",\"dateModified\":\"2021-07-28T17:34:08+00:00\",\"author\":{\"@id\":\"https:\/\/mhcalculos.com.br\/noticias\/#\/schema\/person\/88d1c34bf72dc779ea14a5a6b8e0ae8d\"},\"breadcrumb\":{\"@id\":\"https:\/\/mhcalculos.com.br\/noticias\/area\/previdenciario\/trf3-tribunal-realiza-audiencia-publica-sobre-desconsideracao-da-personalidade-juridica-em-execucoes-fiscais.html#breadcrumb\"},\"inLanguage\":\"pt-BR\",\"potentialAction\":[{\"@type\":\"ReadAction\",\"target\":[\"https:\/\/mhcalculos.com.br\/noticias\/area\/previdenciario\/trf3-tribunal-realiza-audiencia-publica-sobre-desconsideracao-da-personalidade-juridica-em-execucoes-fiscais.html\"]}]},{\"@type\":\"ImageObject\",\"inLanguage\":\"pt-BR\",\"@id\":\"https:\/\/mhcalculos.com.br\/noticias\/area\/previdenciario\/trf3-tribunal-realiza-audiencia-publica-sobre-desconsideracao-da-personalidade-juridica-em-execucoes-fiscais.html#primaryimage\",\"url\":\"https:\/\/mhcalculos.com.br\/noticias\/wp-content\/uploads\/sites\/2\/2018\/06\/judiciario-0007.jpg\",\"contentUrl\":\"https:\/\/mhcalculos.com.br\/noticias\/wp-content\/uploads\/sites\/2\/2018\/06\/judiciario-0007.jpg\",\"width\":2000,\"height\":800},{\"@type\":\"BreadcrumbList\",\"@id\":\"https:\/\/mhcalculos.com.br\/noticias\/area\/previdenciario\/trf3-tribunal-realiza-audiencia-publica-sobre-desconsideracao-da-personalidade-juridica-em-execucoes-fiscais.html#breadcrumb\",\"itemListElement\":[{\"@type\":\"ListItem\",\"position\":1,\"name\":\"In\u00edcio\",\"item\":\"https:\/\/mhcalculos.com.br\/noticias\/\"},{\"@type\":\"ListItem\",\"position\":2,\"name\":\"TRF3: TRIBUNAL&nbsp;REALIZA AUDI\u00caNCIA P\u00daBLICA SOBRE DESCONSIDERA\u00c7\u00c3O DA PERSONALIDADE JUR\u00cdDICA EM EXECU\u00c7\u00d5ES FISCAIS\"}]},{\"@type\":\"WebSite\",\"@id\":\"https:\/\/mhcalculos.com.br\/noticias\/#website\",\"url\":\"https:\/\/mhcalculos.com.br\/noticias\/\",\"name\":\"Portal de Not\u00edcias\",\"description\":\"Not\u00edcias e Jurisprud\u00eancia\",\"potentialAction\":[{\"@type\":\"SearchAction\",\"target\":{\"@type\":\"EntryPoint\",\"urlTemplate\":\"https:\/\/mhcalculos.com.br\/noticias\/?s={search_term_string}\"},\"query-input\":{\"@type\":\"PropertyValueSpecification\",\"valueRequired\":true,\"valueName\":\"search_term_string\"}}],\"inLanguage\":\"pt-BR\"},{\"@type\":\"Person\",\"@id\":\"https:\/\/mhcalculos.com.br\/noticias\/#\/schema\/person\/88d1c34bf72dc779ea14a5a6b8e0ae8d\",\"name\":\"Equipe MH\",\"image\":{\"@type\":\"ImageObject\",\"inLanguage\":\"pt-BR\",\"@id\":\"https:\/\/secure.gravatar.com\/avatar\/de1c686c2ecc9c5a3f327e3431d819eb39f8f05d4e1045f5a1caad6daaba987f?s=96&d=mm&r=g\",\"url\":\"https:\/\/secure.gravatar.com\/avatar\/de1c686c2ecc9c5a3f327e3431d819eb39f8f05d4e1045f5a1caad6daaba987f?s=96&d=mm&r=g\",\"contentUrl\":\"https:\/\/secure.gravatar.com\/avatar\/de1c686c2ecc9c5a3f327e3431d819eb39f8f05d4e1045f5a1caad6daaba987f?s=96&d=mm&r=g\",\"caption\":\"Equipe MH\"}}]}<\/script>\n<!-- \/ Yoast SEO plugin. -->","yoast_head_json":{"title":"TRF3: TRIBUNAL&nbsp;REALIZA AUDI\u00caNCIA P\u00daBLICA SOBRE DESCONSIDERA\u00c7\u00c3O DA PERSONALIDADE JUR\u00cdDICA EM EXECU\u00c7\u00d5ES FISCAIS | Portal de Not\u00edcias","robots":{"index":"index","follow":"follow","max-snippet":"max-snippet:-1","max-image-preview":"max-image-preview:large","max-video-preview":"max-video-preview:-1"},"canonical":"https:\/\/mhcalculos.com.br\/noticias\/area\/previdenciario\/trf3-tribunal-realiza-audiencia-publica-sobre-desconsideracao-da-personalidade-juridica-em-execucoes-fiscais.html","og_locale":"pt_BR","og_type":"article","og_title":"TRF3: TRIBUNAL&nbsp;REALIZA AUDI\u00caNCIA P\u00daBLICA SOBRE DESCONSIDERA\u00c7\u00c3O DA PERSONALIDADE JUR\u00cdDICA EM EXECU\u00c7\u00d5ES FISCAIS | Portal de Not\u00edcias","og_description":"Magistrados, Acad\u00eamicos, Procuradores e Operadores do Direito debateram o tema, que \u00e9 objeto de Incidente de Resolu\u00e7\u00e3o de Demandas Repetitivas O Tribunal Regional Federal da 3\u00aa Regi\u00e3o (TRF3) realizou, na quarta-feira (5 de setembro), audi\u00eancia p\u00fablica que debateu o tema objeto do Incidente de Resolu\u00e7\u00e3o de Demandas Repetitivas (IRDR) de n\u00ba 0017610-97.2016.4.03.0000: &#8220;O redirecionamento de [&hellip;]","og_url":"https:\/\/mhcalculos.com.br\/noticias\/area\/previdenciario\/trf3-tribunal-realiza-audiencia-publica-sobre-desconsideracao-da-personalidade-juridica-em-execucoes-fiscais.html","og_site_name":"Portal de Not\u00edcias","article_published_time":"2018-09-08T02:00:13+00:00","article_modified_time":"2021-07-28T17:34:08+00:00","og_image":[{"width":2000,"height":800,"url":"https:\/\/mhcalculos.com.br\/noticias\/wp-content\/uploads\/sites\/2\/2018\/06\/judiciario-0007.jpg","type":"image\/jpeg"}],"author":"Equipe MH","twitter_card":"summary_large_image","twitter_misc":{"Escrito por":"Equipe MH","Est. tempo de leitura":"4 minutos"},"schema":{"@context":"https:\/\/schema.org","@graph":[{"@type":"Article","@id":"https:\/\/mhcalculos.com.br\/noticias\/area\/previdenciario\/trf3-tribunal-realiza-audiencia-publica-sobre-desconsideracao-da-personalidade-juridica-em-execucoes-fiscais.html#article","isPartOf":{"@id":"https:\/\/mhcalculos.com.br\/noticias\/area\/previdenciario\/trf3-tribunal-realiza-audiencia-publica-sobre-desconsideracao-da-personalidade-juridica-em-execucoes-fiscais.html"},"author":{"name":"Equipe MH","@id":"https:\/\/mhcalculos.com.br\/noticias\/#\/schema\/person\/88d1c34bf72dc779ea14a5a6b8e0ae8d"},"headline":"TRF3: TRIBUNAL&nbsp;REALIZA AUDI\u00caNCIA P\u00daBLICA SOBRE DESCONSIDERA\u00c7\u00c3O DA PERSONALIDADE JUR\u00cdDICA EM EXECU\u00c7\u00d5ES FISCAIS","datePublished":"2018-09-08T02:00:13+00:00","dateModified":"2021-07-28T17:34:08+00:00","mainEntityOfPage":{"@id":"https:\/\/mhcalculos.com.br\/noticias\/area\/previdenciario\/trf3-tribunal-realiza-audiencia-publica-sobre-desconsideracao-da-personalidade-juridica-em-execucoes-fiscais.html"},"wordCount":857,"commentCount":0,"image":{"@id":"https:\/\/mhcalculos.com.br\/noticias\/area\/previdenciario\/trf3-tribunal-realiza-audiencia-publica-sobre-desconsideracao-da-personalidade-juridica-em-execucoes-fiscais.html#primaryimage"},"thumbnailUrl":"https:\/\/mhcalculos.com.br\/noticias\/wp-content\/uploads\/sites\/2\/2018\/06\/judiciario-0007.jpg","keywords":["c\u00e1lculos judiciais","c\u00e1lculos tribut\u00e1rios","direito tribut\u00e1rio","d\u00edvida ativa","fazenda p\u00fablica","Imposto","per\u00edcia","trf3","Tribunal Regional Federal","tributo"],"articleSection":["Direito Previdenci\u00e1rio","TRF3"],"inLanguage":"pt-BR","potentialAction":[{"@type":"CommentAction","name":"Comment","target":["https:\/\/mhcalculos.com.br\/noticias\/area\/previdenciario\/trf3-tribunal-realiza-audiencia-publica-sobre-desconsideracao-da-personalidade-juridica-em-execucoes-fiscais.html#respond"]}]},{"@type":"WebPage","@id":"https:\/\/mhcalculos.com.br\/noticias\/area\/previdenciario\/trf3-tribunal-realiza-audiencia-publica-sobre-desconsideracao-da-personalidade-juridica-em-execucoes-fiscais.html","url":"https:\/\/mhcalculos.com.br\/noticias\/area\/previdenciario\/trf3-tribunal-realiza-audiencia-publica-sobre-desconsideracao-da-personalidade-juridica-em-execucoes-fiscais.html","name":"TRF3: TRIBUNAL&nbsp;REALIZA AUDI\u00caNCIA P\u00daBLICA SOBRE DESCONSIDERA\u00c7\u00c3O DA PERSONALIDADE JUR\u00cdDICA EM EXECU\u00c7\u00d5ES FISCAIS | Portal de Not\u00edcias","isPartOf":{"@id":"https:\/\/mhcalculos.com.br\/noticias\/#website"},"primaryImageOfPage":{"@id":"https:\/\/mhcalculos.com.br\/noticias\/area\/previdenciario\/trf3-tribunal-realiza-audiencia-publica-sobre-desconsideracao-da-personalidade-juridica-em-execucoes-fiscais.html#primaryimage"},"image":{"@id":"https:\/\/mhcalculos.com.br\/noticias\/area\/previdenciario\/trf3-tribunal-realiza-audiencia-publica-sobre-desconsideracao-da-personalidade-juridica-em-execucoes-fiscais.html#primaryimage"},"thumbnailUrl":"https:\/\/mhcalculos.com.br\/noticias\/wp-content\/uploads\/sites\/2\/2018\/06\/judiciario-0007.jpg","datePublished":"2018-09-08T02:00:13+00:00","dateModified":"2021-07-28T17:34:08+00:00","author":{"@id":"https:\/\/mhcalculos.com.br\/noticias\/#\/schema\/person\/88d1c34bf72dc779ea14a5a6b8e0ae8d"},"breadcrumb":{"@id":"https:\/\/mhcalculos.com.br\/noticias\/area\/previdenciario\/trf3-tribunal-realiza-audiencia-publica-sobre-desconsideracao-da-personalidade-juridica-em-execucoes-fiscais.html#breadcrumb"},"inLanguage":"pt-BR","potentialAction":[{"@type":"ReadAction","target":["https:\/\/mhcalculos.com.br\/noticias\/area\/previdenciario\/trf3-tribunal-realiza-audiencia-publica-sobre-desconsideracao-da-personalidade-juridica-em-execucoes-fiscais.html"]}]},{"@type":"ImageObject","inLanguage":"pt-BR","@id":"https:\/\/mhcalculos.com.br\/noticias\/area\/previdenciario\/trf3-tribunal-realiza-audiencia-publica-sobre-desconsideracao-da-personalidade-juridica-em-execucoes-fiscais.html#primaryimage","url":"https:\/\/mhcalculos.com.br\/noticias\/wp-content\/uploads\/sites\/2\/2018\/06\/judiciario-0007.jpg","contentUrl":"https:\/\/mhcalculos.com.br\/noticias\/wp-content\/uploads\/sites\/2\/2018\/06\/judiciario-0007.jpg","width":2000,"height":800},{"@type":"BreadcrumbList","@id":"https:\/\/mhcalculos.com.br\/noticias\/area\/previdenciario\/trf3-tribunal-realiza-audiencia-publica-sobre-desconsideracao-da-personalidade-juridica-em-execucoes-fiscais.html#breadcrumb","itemListElement":[{"@type":"ListItem","position":1,"name":"In\u00edcio","item":"https:\/\/mhcalculos.com.br\/noticias\/"},{"@type":"ListItem","position":2,"name":"TRF3: TRIBUNAL&nbsp;REALIZA AUDI\u00caNCIA P\u00daBLICA SOBRE DESCONSIDERA\u00c7\u00c3O DA PERSONALIDADE JUR\u00cdDICA EM EXECU\u00c7\u00d5ES FISCAIS"}]},{"@type":"WebSite","@id":"https:\/\/mhcalculos.com.br\/noticias\/#website","url":"https:\/\/mhcalculos.com.br\/noticias\/","name":"Portal de Not\u00edcias","description":"Not\u00edcias e Jurisprud\u00eancia","potentialAction":[{"@type":"SearchAction","target":{"@type":"EntryPoint","urlTemplate":"https:\/\/mhcalculos.com.br\/noticias\/?s={search_term_string}"},"query-input":{"@type":"PropertyValueSpecification","valueRequired":true,"valueName":"search_term_string"}}],"inLanguage":"pt-BR"},{"@type":"Person","@id":"https:\/\/mhcalculos.com.br\/noticias\/#\/schema\/person\/88d1c34bf72dc779ea14a5a6b8e0ae8d","name":"Equipe MH","image":{"@type":"ImageObject","inLanguage":"pt-BR","@id":"https:\/\/secure.gravatar.com\/avatar\/de1c686c2ecc9c5a3f327e3431d819eb39f8f05d4e1045f5a1caad6daaba987f?s=96&d=mm&r=g","url":"https:\/\/secure.gravatar.com\/avatar\/de1c686c2ecc9c5a3f327e3431d819eb39f8f05d4e1045f5a1caad6daaba987f?s=96&d=mm&r=g","contentUrl":"https:\/\/secure.gravatar.com\/avatar\/de1c686c2ecc9c5a3f327e3431d819eb39f8f05d4e1045f5a1caad6daaba987f?s=96&d=mm&r=g","caption":"Equipe MH"}}]}},"_links":{"self":[{"href":"https:\/\/mhcalculos.com.br\/noticias\/wp-json\/wp\/v2\/posts\/3129","targetHints":{"allow":["GET"]}}],"collection":[{"href":"https:\/\/mhcalculos.com.br\/noticias\/wp-json\/wp\/v2\/posts"}],"about":[{"href":"https:\/\/mhcalculos.com.br\/noticias\/wp-json\/wp\/v2\/types\/post"}],"author":[{"embeddable":true,"href":"https:\/\/mhcalculos.com.br\/noticias\/wp-json\/wp\/v2\/users\/3063"}],"replies":[{"embeddable":true,"href":"https:\/\/mhcalculos.com.br\/noticias\/wp-json\/wp\/v2\/comments?post=3129"}],"version-history":[{"count":1,"href":"https:\/\/mhcalculos.com.br\/noticias\/wp-json\/wp\/v2\/posts\/3129\/revisions"}],"predecessor-version":[{"id":10236,"href":"https:\/\/mhcalculos.com.br\/noticias\/wp-json\/wp\/v2\/posts\/3129\/revisions\/10236"}],"wp:featuredmedia":[{"embeddable":true,"href":"https:\/\/mhcalculos.com.br\/noticias\/wp-json\/wp\/v2\/media\/1990"}],"wp:attachment":[{"href":"https:\/\/mhcalculos.com.br\/noticias\/wp-json\/wp\/v2\/media?parent=3129"}],"wp:term":[{"taxonomy":"category","embeddable":true,"href":"https:\/\/mhcalculos.com.br\/noticias\/wp-json\/wp\/v2\/categories?post=3129"},{"taxonomy":"post_tag","embeddable":true,"href":"https:\/\/mhcalculos.com.br\/noticias\/wp-json\/wp\/v2\/tags?post=3129"}],"curies":[{"name":"wp","href":"https:\/\/api.w.org\/{rel}","templated":true}]}}