{"id":3125,"date":"2018-09-07T02:00:31","date_gmt":"2018-09-07T05:00:31","guid":{"rendered":"https:\/\/mhcalculos.com.br\/noticias\/2018\/09\/07\/stj-primeira-secao-vai-julgar-pedido-de-uniformizacao-sobre-renda-inicial-de-aposentadoria\/"},"modified":"2021-07-28T14:34:08","modified_gmt":"2021-07-28T17:34:08","slug":"stj-primeira-secao-vai-julgar-pedido-de-uniformizacao-sobre-renda-inicial-de-aposentadoria","status":"publish","type":"post","link":"https:\/\/mhcalculos.com.br\/noticias\/area\/previdenciario\/stj-primeira-secao-vai-julgar-pedido-de-uniformizacao-sobre-renda-inicial-de-aposentadoria.html","title":{"rendered":"STJ: Primeira Se\u00e7\u00e3o vai julgar pedido de uniformiza\u00e7\u00e3o sobre renda inicial de aposentadoria"},"content":{"rendered":"<p><br \/>\n<\/p>\n<p>O ministro do Superior Tribunal de Justi&ccedil;a (STJ) Herman Benjamin admitiu um pedido de uniformiza&ccedil;&atilde;o de interpreta&ccedil;&atilde;o de lei a respeito da sistem&aacute;tica utilizada para apurar a renda m&eacute;dia inicial de benef&iacute;cio concedido pelo INSS.<\/p>\n<p>O pedido do INSS foi formulado ap&oacute;s decis&atilde;o da Turma Nacional de Uniformiza&ccedil;&atilde;o dos Juizados Especiais Federais (TNU), que negou a pretens&atilde;o da autarquia.<\/p>\n<p>A TNU afirmou que a decis&atilde;o atacada estava de acordo com o entendimento das turmas recursais, segundo a qual, a atualiza&ccedil;&atilde;o dos sal&aacute;rios de contribui&ccedil;&atilde;o &eacute; feita at&eacute; o m&ecirc;s anterior &agrave; data do benef&iacute;cio, e n&atilde;o apenas at&eacute; a data em que foram preenchidos os requisitos para a sua concess&atilde;o.<\/p>\n<p>De acordo com a TNU, &eacute; inadequada a metodologia de c&aacute;lculo da renda mensal inicial prevista no par&aacute;grafo &uacute;nico do <strong><a target=\"_blank\" href=\"http:\/\/www.planalto.gov.br\/ccivil_03\/decreto\/D3048.htm#art187\" rel=\"noopener\">artigo 187<\/a><\/strong> do Regulamento da Previd&ecirc;ncia Social, previsto no Decreto 3.048\/99.<\/p>\n<p>No pedido de uniformiza&ccedil;&atilde;o dirigido ao STJ, o INSS citou jurisprud&ecirc;ncia do tribunal no sentido da aplicabilidade do artigo 187 para fins de c&aacute;lculo da renda m&eacute;dia inicial.<\/p>\n<p><strong>Legisla&ccedil;&atilde;o vigente<\/strong><\/p>\n<p>O INSS afirmou que a renda m&eacute;dia inicial do benef&iacute;cio deve ser calculada em conformidade com a legisla&ccedil;&atilde;o vigente ao tempo em que foram preenchidos os requisitos para concess&atilde;o do benef&iacute;cio previdenci&aacute;rio &ndash; no caso, a regra do artigo 187 do Decreto 3.048\/99.<\/p>\n<p>O ministro Herman Benjamin destacou que, conforme apontado pelo INSS, h&aacute; diverg&ecirc;ncia do entendimento da TNU com julgado da Segunda Turma do STJ. Segundo o ministro, a diverg&ecirc;ncia justifica o processamento do pedido de uniformiza&ccedil;&atilde;o.<\/p>\n<p>O ministro comunicou a decis&atilde;o ao presidente da TNU e aos presidentes das turmas recursais, abrindo vista para o Minist&eacute;rio P&uacute;blico Federal. Posteriormente, o m&eacute;rito do pedido ser&aacute; julgado pelos ministros da Primeira Se&ccedil;&atilde;o do STJ.<\/p>\n<p> Leia a <strong><a href=\"https:\/\/ww2.stj.jus.br\/processo\/revista\/documento\/mediado\/?componente=MON&amp;sequencial=84978305&amp;num_registro=201801179174&amp;data=20180903&amp;tipo=0&amp;formato=PDF\">decis&atilde;o<\/a><\/strong>.<br \/>\n<br \/><i>Com informa\u00e7\u00f5es da assessoria de imprensa do STJ.<\/i><br \/>\n<br \/><a href=\"http:\/\/feedproxy.google.com\/~r\/STJNoticias\/~3\/5Xq-0WvwqDs\/Primeira-Se%C3%A7%C3%A3o-vai-julgar-pedido-de-uniformiza%C3%A7%C3%A3o-sobre-renda-inicial-de-aposentadoria\">Fonte<\/a><br \/>\n<br \/><\/p>\n","protected":false},"excerpt":{"rendered":"<p>O ministro do Superior Tribunal de Justi&ccedil;a (STJ) Herman Benjamin admitiu um pedido de uniformiza&ccedil;&atilde;o de interpreta&ccedil;&atilde;o de lei a respeito da sistem&aacute;tica utilizada para apurar a renda m&eacute;dia inicial de benef&iacute;cio concedido pelo INSS. O pedido do INSS foi formulado ap&oacute;s decis&atilde;o da Turma Nacional de Uniformiza&ccedil;&atilde;o dos Juizados Especiais Federais (TNU), que negou [&hellip;]<\/p>\n","protected":false},"author":3063,"featured_media":3126,"comment_status":"open","ping_status":"open","sticky":false,"template":"","format":"standard","meta":{"footnotes":""},"categories":[5,7],"tags":[11,10,8,13,9,12,14],"class_list":{"0":"post-3125","1":"post","2":"type-post","3":"status-publish","4":"format-standard","5":"has-post-thumbnail","7":"category-previdenciario","8":"category-stj","9":"tag-aposentadoria","10":"tag-calculos-previdenciarios","11":"tag-direito-previdenciario","12":"tag-inss","13":"tag-pericia","14":"tag-perito","15":"tag-stj"},"yoast_head":"<!-- This site is optimized with the Yoast SEO plugin v27.2 - https:\/\/yoast.com\/product\/yoast-seo-wordpress\/ -->\n<title>STJ: Primeira Se\u00e7\u00e3o vai julgar pedido de uniformiza\u00e7\u00e3o sobre renda inicial de aposentadoria | Portal de Not\u00edcias<\/title>\n<meta name=\"robots\" content=\"index, follow, max-snippet:-1, max-image-preview:large, max-video-preview:-1\" \/>\n<link rel=\"canonical\" href=\"https:\/\/mhcalculos.com.br\/noticias\/area\/previdenciario\/stj-primeira-secao-vai-julgar-pedido-de-uniformizacao-sobre-renda-inicial-de-aposentadoria.html\" \/>\n<meta property=\"og:locale\" content=\"pt_BR\" \/>\n<meta property=\"og:type\" content=\"article\" \/>\n<meta property=\"og:title\" content=\"STJ: Primeira Se\u00e7\u00e3o vai julgar pedido de uniformiza\u00e7\u00e3o sobre renda inicial de aposentadoria | Portal de Not\u00edcias\" \/>\n<meta property=\"og:description\" content=\"O ministro do Superior Tribunal de Justi&ccedil;a (STJ) Herman Benjamin admitiu um pedido de uniformiza&ccedil;&atilde;o de interpreta&ccedil;&atilde;o de lei a respeito da sistem&aacute;tica utilizada para apurar a renda m&eacute;dia inicial de benef&iacute;cio concedido pelo INSS. O pedido do INSS foi formulado ap&oacute;s decis&atilde;o da Turma Nacional de Uniformiza&ccedil;&atilde;o dos Juizados Especiais Federais (TNU), que negou [&hellip;]\" \/>\n<meta property=\"og:url\" content=\"https:\/\/mhcalculos.com.br\/noticias\/area\/previdenciario\/stj-primeira-secao-vai-julgar-pedido-de-uniformizacao-sobre-renda-inicial-de-aposentadoria.html\" \/>\n<meta property=\"og:site_name\" content=\"Portal de Not\u00edcias\" \/>\n<meta property=\"article:published_time\" content=\"2018-09-07T05:00:31+00:00\" \/>\n<meta property=\"article:modified_time\" content=\"2021-07-28T17:34:08+00:00\" \/>\n<meta property=\"og:image\" content=\"https:\/\/mhcalculos.com.br\/noticias\/wp-content\/uploads\/sites\/2\/2018\/09\/previdenciario-0024.jpg\" \/>\n\t<meta property=\"og:image:width\" content=\"2000\" \/>\n\t<meta property=\"og:image:height\" content=\"800\" \/>\n\t<meta property=\"og:image:type\" content=\"image\/jpeg\" \/>\n<meta name=\"author\" content=\"Equipe MH\" \/>\n<meta name=\"twitter:card\" content=\"summary_large_image\" \/>\n<meta name=\"twitter:label1\" content=\"Escrito por\" \/>\n\t<meta name=\"twitter:data1\" content=\"Equipe MH\" \/>\n\t<meta name=\"twitter:label2\" content=\"Est. tempo de leitura\" \/>\n\t<meta name=\"twitter:data2\" content=\"2 minutos\" \/>\n<script type=\"application\/ld+json\" class=\"yoast-schema-graph\">{\"@context\":\"https:\/\/schema.org\",\"@graph\":[{\"@type\":\"Article\",\"@id\":\"https:\/\/mhcalculos.com.br\/noticias\/area\/previdenciario\/stj-primeira-secao-vai-julgar-pedido-de-uniformizacao-sobre-renda-inicial-de-aposentadoria.html#article\",\"isPartOf\":{\"@id\":\"https:\/\/mhcalculos.com.br\/noticias\/area\/previdenciario\/stj-primeira-secao-vai-julgar-pedido-de-uniformizacao-sobre-renda-inicial-de-aposentadoria.html\"},\"author\":{\"name\":\"Equipe MH\",\"@id\":\"https:\/\/mhcalculos.com.br\/noticias\/#\/schema\/person\/88d1c34bf72dc779ea14a5a6b8e0ae8d\"},\"headline\":\"STJ: Primeira Se\u00e7\u00e3o vai julgar pedido de uniformiza\u00e7\u00e3o sobre renda inicial de aposentadoria\",\"datePublished\":\"2018-09-07T05:00:31+00:00\",\"dateModified\":\"2021-07-28T17:34:08+00:00\",\"mainEntityOfPage\":{\"@id\":\"https:\/\/mhcalculos.com.br\/noticias\/area\/previdenciario\/stj-primeira-secao-vai-julgar-pedido-de-uniformizacao-sobre-renda-inicial-de-aposentadoria.html\"},\"wordCount\":407,\"commentCount\":0,\"image\":{\"@id\":\"https:\/\/mhcalculos.com.br\/noticias\/area\/previdenciario\/stj-primeira-secao-vai-julgar-pedido-de-uniformizacao-sobre-renda-inicial-de-aposentadoria.html#primaryimage\"},\"thumbnailUrl\":\"https:\/\/mhcalculos.com.br\/noticias\/wp-content\/uploads\/sites\/2\/2018\/09\/previdenciario-0024.jpg\",\"keywords\":[\"aposentadoria\",\"c\u00e1lculos previdenci\u00e1rios\",\"direito previdenci\u00e1rio\",\"inss\",\"per\u00edcia\",\"perito\",\"stj\"],\"articleSection\":[\"Direito Previdenci\u00e1rio\",\"STJ\"],\"inLanguage\":\"pt-BR\",\"potentialAction\":[{\"@type\":\"CommentAction\",\"name\":\"Comment\",\"target\":[\"https:\/\/mhcalculos.com.br\/noticias\/area\/previdenciario\/stj-primeira-secao-vai-julgar-pedido-de-uniformizacao-sobre-renda-inicial-de-aposentadoria.html#respond\"]}]},{\"@type\":\"WebPage\",\"@id\":\"https:\/\/mhcalculos.com.br\/noticias\/area\/previdenciario\/stj-primeira-secao-vai-julgar-pedido-de-uniformizacao-sobre-renda-inicial-de-aposentadoria.html\",\"url\":\"https:\/\/mhcalculos.com.br\/noticias\/area\/previdenciario\/stj-primeira-secao-vai-julgar-pedido-de-uniformizacao-sobre-renda-inicial-de-aposentadoria.html\",\"name\":\"STJ: Primeira Se\u00e7\u00e3o vai julgar pedido de uniformiza\u00e7\u00e3o sobre renda inicial de aposentadoria | Portal de Not\u00edcias\",\"isPartOf\":{\"@id\":\"https:\/\/mhcalculos.com.br\/noticias\/#website\"},\"primaryImageOfPage\":{\"@id\":\"https:\/\/mhcalculos.com.br\/noticias\/area\/previdenciario\/stj-primeira-secao-vai-julgar-pedido-de-uniformizacao-sobre-renda-inicial-de-aposentadoria.html#primaryimage\"},\"image\":{\"@id\":\"https:\/\/mhcalculos.com.br\/noticias\/area\/previdenciario\/stj-primeira-secao-vai-julgar-pedido-de-uniformizacao-sobre-renda-inicial-de-aposentadoria.html#primaryimage\"},\"thumbnailUrl\":\"https:\/\/mhcalculos.com.br\/noticias\/wp-content\/uploads\/sites\/2\/2018\/09\/previdenciario-0024.jpg\",\"datePublished\":\"2018-09-07T05:00:31+00:00\",\"dateModified\":\"2021-07-28T17:34:08+00:00\",\"author\":{\"@id\":\"https:\/\/mhcalculos.com.br\/noticias\/#\/schema\/person\/88d1c34bf72dc779ea14a5a6b8e0ae8d\"},\"breadcrumb\":{\"@id\":\"https:\/\/mhcalculos.com.br\/noticias\/area\/previdenciario\/stj-primeira-secao-vai-julgar-pedido-de-uniformizacao-sobre-renda-inicial-de-aposentadoria.html#breadcrumb\"},\"inLanguage\":\"pt-BR\",\"potentialAction\":[{\"@type\":\"ReadAction\",\"target\":[\"https:\/\/mhcalculos.com.br\/noticias\/area\/previdenciario\/stj-primeira-secao-vai-julgar-pedido-de-uniformizacao-sobre-renda-inicial-de-aposentadoria.html\"]}]},{\"@type\":\"ImageObject\",\"inLanguage\":\"pt-BR\",\"@id\":\"https:\/\/mhcalculos.com.br\/noticias\/area\/previdenciario\/stj-primeira-secao-vai-julgar-pedido-de-uniformizacao-sobre-renda-inicial-de-aposentadoria.html#primaryimage\",\"url\":\"https:\/\/mhcalculos.com.br\/noticias\/wp-content\/uploads\/sites\/2\/2018\/09\/previdenciario-0024.jpg\",\"contentUrl\":\"https:\/\/mhcalculos.com.br\/noticias\/wp-content\/uploads\/sites\/2\/2018\/09\/previdenciario-0024.jpg\",\"width\":2000,\"height\":800,\"caption\":\"Primeira Se\u00e7\u00e3o vai julgar pedido de uniformiza\u00e7\u00e3o sobre renda inicial de aposentadoria\"},{\"@type\":\"BreadcrumbList\",\"@id\":\"https:\/\/mhcalculos.com.br\/noticias\/area\/previdenciario\/stj-primeira-secao-vai-julgar-pedido-de-uniformizacao-sobre-renda-inicial-de-aposentadoria.html#breadcrumb\",\"itemListElement\":[{\"@type\":\"ListItem\",\"position\":1,\"name\":\"In\u00edcio\",\"item\":\"https:\/\/mhcalculos.com.br\/noticias\/\"},{\"@type\":\"ListItem\",\"position\":2,\"name\":\"STJ: Primeira Se\u00e7\u00e3o vai julgar pedido de uniformiza\u00e7\u00e3o sobre renda inicial de aposentadoria\"}]},{\"@type\":\"WebSite\",\"@id\":\"https:\/\/mhcalculos.com.br\/noticias\/#website\",\"url\":\"https:\/\/mhcalculos.com.br\/noticias\/\",\"name\":\"Portal de Not\u00edcias\",\"description\":\"Not\u00edcias e Jurisprud\u00eancia\",\"potentialAction\":[{\"@type\":\"SearchAction\",\"target\":{\"@type\":\"EntryPoint\",\"urlTemplate\":\"https:\/\/mhcalculos.com.br\/noticias\/?s={search_term_string}\"},\"query-input\":{\"@type\":\"PropertyValueSpecification\",\"valueRequired\":true,\"valueName\":\"search_term_string\"}}],\"inLanguage\":\"pt-BR\"},{\"@type\":\"Person\",\"@id\":\"https:\/\/mhcalculos.com.br\/noticias\/#\/schema\/person\/88d1c34bf72dc779ea14a5a6b8e0ae8d\",\"name\":\"Equipe MH\",\"image\":{\"@type\":\"ImageObject\",\"inLanguage\":\"pt-BR\",\"@id\":\"https:\/\/secure.gravatar.com\/avatar\/de1c686c2ecc9c5a3f327e3431d819eb39f8f05d4e1045f5a1caad6daaba987f?s=96&d=mm&r=g\",\"url\":\"https:\/\/secure.gravatar.com\/avatar\/de1c686c2ecc9c5a3f327e3431d819eb39f8f05d4e1045f5a1caad6daaba987f?s=96&d=mm&r=g\",\"contentUrl\":\"https:\/\/secure.gravatar.com\/avatar\/de1c686c2ecc9c5a3f327e3431d819eb39f8f05d4e1045f5a1caad6daaba987f?s=96&d=mm&r=g\",\"caption\":\"Equipe MH\"}}]}<\/script>\n<!-- \/ Yoast SEO plugin. -->","yoast_head_json":{"title":"STJ: Primeira Se\u00e7\u00e3o vai julgar pedido de uniformiza\u00e7\u00e3o sobre renda inicial de aposentadoria | Portal de Not\u00edcias","robots":{"index":"index","follow":"follow","max-snippet":"max-snippet:-1","max-image-preview":"max-image-preview:large","max-video-preview":"max-video-preview:-1"},"canonical":"https:\/\/mhcalculos.com.br\/noticias\/area\/previdenciario\/stj-primeira-secao-vai-julgar-pedido-de-uniformizacao-sobre-renda-inicial-de-aposentadoria.html","og_locale":"pt_BR","og_type":"article","og_title":"STJ: Primeira Se\u00e7\u00e3o vai julgar pedido de uniformiza\u00e7\u00e3o sobre renda inicial de aposentadoria | Portal de Not\u00edcias","og_description":"O ministro do Superior Tribunal de Justi&ccedil;a (STJ) Herman Benjamin admitiu um pedido de uniformiza&ccedil;&atilde;o de interpreta&ccedil;&atilde;o de lei a respeito da sistem&aacute;tica utilizada para apurar a renda m&eacute;dia inicial de benef&iacute;cio concedido pelo INSS. O pedido do INSS foi formulado ap&oacute;s decis&atilde;o da Turma Nacional de Uniformiza&ccedil;&atilde;o dos Juizados Especiais Federais (TNU), que negou [&hellip;]","og_url":"https:\/\/mhcalculos.com.br\/noticias\/area\/previdenciario\/stj-primeira-secao-vai-julgar-pedido-de-uniformizacao-sobre-renda-inicial-de-aposentadoria.html","og_site_name":"Portal de Not\u00edcias","article_published_time":"2018-09-07T05:00:31+00:00","article_modified_time":"2021-07-28T17:34:08+00:00","og_image":[{"width":2000,"height":800,"url":"https:\/\/mhcalculos.com.br\/noticias\/wp-content\/uploads\/sites\/2\/2018\/09\/previdenciario-0024.jpg","type":"image\/jpeg"}],"author":"Equipe MH","twitter_card":"summary_large_image","twitter_misc":{"Escrito por":"Equipe MH","Est. tempo de leitura":"2 minutos"},"schema":{"@context":"https:\/\/schema.org","@graph":[{"@type":"Article","@id":"https:\/\/mhcalculos.com.br\/noticias\/area\/previdenciario\/stj-primeira-secao-vai-julgar-pedido-de-uniformizacao-sobre-renda-inicial-de-aposentadoria.html#article","isPartOf":{"@id":"https:\/\/mhcalculos.com.br\/noticias\/area\/previdenciario\/stj-primeira-secao-vai-julgar-pedido-de-uniformizacao-sobre-renda-inicial-de-aposentadoria.html"},"author":{"name":"Equipe MH","@id":"https:\/\/mhcalculos.com.br\/noticias\/#\/schema\/person\/88d1c34bf72dc779ea14a5a6b8e0ae8d"},"headline":"STJ: Primeira Se\u00e7\u00e3o vai julgar pedido de uniformiza\u00e7\u00e3o sobre renda inicial de aposentadoria","datePublished":"2018-09-07T05:00:31+00:00","dateModified":"2021-07-28T17:34:08+00:00","mainEntityOfPage":{"@id":"https:\/\/mhcalculos.com.br\/noticias\/area\/previdenciario\/stj-primeira-secao-vai-julgar-pedido-de-uniformizacao-sobre-renda-inicial-de-aposentadoria.html"},"wordCount":407,"commentCount":0,"image":{"@id":"https:\/\/mhcalculos.com.br\/noticias\/area\/previdenciario\/stj-primeira-secao-vai-julgar-pedido-de-uniformizacao-sobre-renda-inicial-de-aposentadoria.html#primaryimage"},"thumbnailUrl":"https:\/\/mhcalculos.com.br\/noticias\/wp-content\/uploads\/sites\/2\/2018\/09\/previdenciario-0024.jpg","keywords":["aposentadoria","c\u00e1lculos previdenci\u00e1rios","direito previdenci\u00e1rio","inss","per\u00edcia","perito","stj"],"articleSection":["Direito Previdenci\u00e1rio","STJ"],"inLanguage":"pt-BR","potentialAction":[{"@type":"CommentAction","name":"Comment","target":["https:\/\/mhcalculos.com.br\/noticias\/area\/previdenciario\/stj-primeira-secao-vai-julgar-pedido-de-uniformizacao-sobre-renda-inicial-de-aposentadoria.html#respond"]}]},{"@type":"WebPage","@id":"https:\/\/mhcalculos.com.br\/noticias\/area\/previdenciario\/stj-primeira-secao-vai-julgar-pedido-de-uniformizacao-sobre-renda-inicial-de-aposentadoria.html","url":"https:\/\/mhcalculos.com.br\/noticias\/area\/previdenciario\/stj-primeira-secao-vai-julgar-pedido-de-uniformizacao-sobre-renda-inicial-de-aposentadoria.html","name":"STJ: Primeira Se\u00e7\u00e3o vai julgar pedido de uniformiza\u00e7\u00e3o sobre renda inicial de aposentadoria | Portal de Not\u00edcias","isPartOf":{"@id":"https:\/\/mhcalculos.com.br\/noticias\/#website"},"primaryImageOfPage":{"@id":"https:\/\/mhcalculos.com.br\/noticias\/area\/previdenciario\/stj-primeira-secao-vai-julgar-pedido-de-uniformizacao-sobre-renda-inicial-de-aposentadoria.html#primaryimage"},"image":{"@id":"https:\/\/mhcalculos.com.br\/noticias\/area\/previdenciario\/stj-primeira-secao-vai-julgar-pedido-de-uniformizacao-sobre-renda-inicial-de-aposentadoria.html#primaryimage"},"thumbnailUrl":"https:\/\/mhcalculos.com.br\/noticias\/wp-content\/uploads\/sites\/2\/2018\/09\/previdenciario-0024.jpg","datePublished":"2018-09-07T05:00:31+00:00","dateModified":"2021-07-28T17:34:08+00:00","author":{"@id":"https:\/\/mhcalculos.com.br\/noticias\/#\/schema\/person\/88d1c34bf72dc779ea14a5a6b8e0ae8d"},"breadcrumb":{"@id":"https:\/\/mhcalculos.com.br\/noticias\/area\/previdenciario\/stj-primeira-secao-vai-julgar-pedido-de-uniformizacao-sobre-renda-inicial-de-aposentadoria.html#breadcrumb"},"inLanguage":"pt-BR","potentialAction":[{"@type":"ReadAction","target":["https:\/\/mhcalculos.com.br\/noticias\/area\/previdenciario\/stj-primeira-secao-vai-julgar-pedido-de-uniformizacao-sobre-renda-inicial-de-aposentadoria.html"]}]},{"@type":"ImageObject","inLanguage":"pt-BR","@id":"https:\/\/mhcalculos.com.br\/noticias\/area\/previdenciario\/stj-primeira-secao-vai-julgar-pedido-de-uniformizacao-sobre-renda-inicial-de-aposentadoria.html#primaryimage","url":"https:\/\/mhcalculos.com.br\/noticias\/wp-content\/uploads\/sites\/2\/2018\/09\/previdenciario-0024.jpg","contentUrl":"https:\/\/mhcalculos.com.br\/noticias\/wp-content\/uploads\/sites\/2\/2018\/09\/previdenciario-0024.jpg","width":2000,"height":800,"caption":"Primeira Se\u00e7\u00e3o vai julgar pedido de uniformiza\u00e7\u00e3o sobre renda inicial de aposentadoria"},{"@type":"BreadcrumbList","@id":"https:\/\/mhcalculos.com.br\/noticias\/area\/previdenciario\/stj-primeira-secao-vai-julgar-pedido-de-uniformizacao-sobre-renda-inicial-de-aposentadoria.html#breadcrumb","itemListElement":[{"@type":"ListItem","position":1,"name":"In\u00edcio","item":"https:\/\/mhcalculos.com.br\/noticias\/"},{"@type":"ListItem","position":2,"name":"STJ: Primeira Se\u00e7\u00e3o vai julgar pedido de uniformiza\u00e7\u00e3o sobre renda inicial de aposentadoria"}]},{"@type":"WebSite","@id":"https:\/\/mhcalculos.com.br\/noticias\/#website","url":"https:\/\/mhcalculos.com.br\/noticias\/","name":"Portal de Not\u00edcias","description":"Not\u00edcias e Jurisprud\u00eancia","potentialAction":[{"@type":"SearchAction","target":{"@type":"EntryPoint","urlTemplate":"https:\/\/mhcalculos.com.br\/noticias\/?s={search_term_string}"},"query-input":{"@type":"PropertyValueSpecification","valueRequired":true,"valueName":"search_term_string"}}],"inLanguage":"pt-BR"},{"@type":"Person","@id":"https:\/\/mhcalculos.com.br\/noticias\/#\/schema\/person\/88d1c34bf72dc779ea14a5a6b8e0ae8d","name":"Equipe MH","image":{"@type":"ImageObject","inLanguage":"pt-BR","@id":"https:\/\/secure.gravatar.com\/avatar\/de1c686c2ecc9c5a3f327e3431d819eb39f8f05d4e1045f5a1caad6daaba987f?s=96&d=mm&r=g","url":"https:\/\/secure.gravatar.com\/avatar\/de1c686c2ecc9c5a3f327e3431d819eb39f8f05d4e1045f5a1caad6daaba987f?s=96&d=mm&r=g","contentUrl":"https:\/\/secure.gravatar.com\/avatar\/de1c686c2ecc9c5a3f327e3431d819eb39f8f05d4e1045f5a1caad6daaba987f?s=96&d=mm&r=g","caption":"Equipe MH"}}]}},"_links":{"self":[{"href":"https:\/\/mhcalculos.com.br\/noticias\/wp-json\/wp\/v2\/posts\/3125","targetHints":{"allow":["GET"]}}],"collection":[{"href":"https:\/\/mhcalculos.com.br\/noticias\/wp-json\/wp\/v2\/posts"}],"about":[{"href":"https:\/\/mhcalculos.com.br\/noticias\/wp-json\/wp\/v2\/types\/post"}],"author":[{"embeddable":true,"href":"https:\/\/mhcalculos.com.br\/noticias\/wp-json\/wp\/v2\/users\/3063"}],"replies":[{"embeddable":true,"href":"https:\/\/mhcalculos.com.br\/noticias\/wp-json\/wp\/v2\/comments?post=3125"}],"version-history":[{"count":1,"href":"https:\/\/mhcalculos.com.br\/noticias\/wp-json\/wp\/v2\/posts\/3125\/revisions"}],"predecessor-version":[{"id":10237,"href":"https:\/\/mhcalculos.com.br\/noticias\/wp-json\/wp\/v2\/posts\/3125\/revisions\/10237"}],"wp:featuredmedia":[{"embeddable":true,"href":"https:\/\/mhcalculos.com.br\/noticias\/wp-json\/wp\/v2\/media\/3126"}],"wp:attachment":[{"href":"https:\/\/mhcalculos.com.br\/noticias\/wp-json\/wp\/v2\/media?parent=3125"}],"wp:term":[{"taxonomy":"category","embeddable":true,"href":"https:\/\/mhcalculos.com.br\/noticias\/wp-json\/wp\/v2\/categories?post=3125"},{"taxonomy":"post_tag","embeddable":true,"href":"https:\/\/mhcalculos.com.br\/noticias\/wp-json\/wp\/v2\/tags?post=3125"}],"curies":[{"name":"wp","href":"https:\/\/api.w.org\/{rel}","templated":true}]}}