{"id":3096,"date":"2018-09-03T16:00:53","date_gmt":"2018-09-03T19:00:53","guid":{"rendered":"https:\/\/mhcalculos.com.br\/noticias\/2018\/09\/03\/asid-brasil-e-fundacao-telefonica-vivo-uma-parceira-de-impacto\/"},"modified":"2021-07-28T14:34:10","modified_gmt":"2021-07-28T17:34:10","slug":"asid-brasil-e-fundacao-telefonica-vivo-uma-parceira-de-impacto","status":"publish","type":"post","link":"https:\/\/mhcalculos.com.br\/noticias\/cidadania\/asid-brasil-e-fundacao-telefonica-vivo-uma-parceira-de-impacto.html","title":{"rendered":"ASID Brasil e Funda\u00e7\u00e3o Telef\u00f4nica Vivo: uma parceira de impacto"},"content":{"rendered":"<p> <br \/>\n<\/p>\n<blockquote>\n<p><span style=\"font-weight: 400\">Encontrar abordagens novas para problemas j\u00e1 existentes; buscar solu\u00e7\u00f5es de forma coletiva e colaborativa; enxergar al\u00e9m dos que os olhos veem. Todos esses conceitos formam o<em> <strong>\u201cDesign Thinking\u201d<\/strong><\/em>, metodologia utilizada pela <strong>ASID Brasil<\/strong> ao realizar sua parceria com a <a href=\"http:\/\/fundacaotelefonica.org.br\/\"><strong>Funda\u00e7\u00e3o Telef\u00f4nica Vivo<\/strong><\/a>. <\/span><\/p>\n<\/blockquote>\n<p><span style=\"font-weight: 400\">Tudo come\u00e7ou com o desafio de junto com a Funda\u00e7\u00e3o Telef\u00f4nica Vivo realizar um dos seus principais projetos, o <a href=\"http:\/\/fundacaotelefonica.org.br\/projetos\/programa-de-voluntariado\/dia-dos-voluntarios\/\"><strong>Dia dos Volunt\u00e1rios Telef\u00f4nica (DVT)<\/strong><\/a>, umas das maiores a\u00e7\u00f5es de voluntariado do mundo. Esse \u00e9 um projeto global que envolve os colaboradores de todas as empresas do Grupo Telef\u00f4nica, que se mobilizam para realizar <strong>a\u00e7\u00f5es sociais<\/strong> em institui\u00e7\u00f5es pr\u00e9-selecionadas pelos comit\u00eas de voluntariado da empresa. <\/span><\/p>\n<\/p>\n<p><span style=\"font-weight: 400\">Todas as atividades visam a <strong>melhoria e o desenvolvimento das institui\u00e7\u00f5es<\/strong> apoiadas, para isso s\u00e3o feitas reformas, montagem de equipamentos, jardinagem, limpeza, pintura, ado\u00e7\u00e3o de animais, a\u00e7\u00f5es digitais entre outros. A data \u00e9 uma das mais esperadas do ano e para que aconte\u00e7a da melhor forma, v\u00e1rias a\u00e7\u00f5es s\u00e3o desenvolvidas.<\/span><\/p>\n<div id=\"attachment_16717\" style=\"width: 970px\" class=\"wp-caption aligncenter\"><a href=\"http:\/\/fundacaotelefonica.org.br\/projetos\/programa-de-voluntariado\/dia-dos-voluntarios\/\"><\/a><\/p>\n<p class=\"wp-caption-text\">Integrantes do comit\u00ea de voluntariado da Funda\u00e7\u00e3o Telef\u00f4nica<\/p>\n<\/div>\n<p><span style=\"font-weight: 400\">Para a a\u00e7\u00e3o de 2018, o primeiro passo da ASID com a Funda\u00e7\u00e3o foi selecionar as 10 institui\u00e7\u00f5es da cidade de S\u00e3o Paulo que receberiam os projetos dos volunt\u00e1rios. Para isso, \u00a0foi realizado um <strong>mapeamento de mais de 150 institui\u00e7\u00f5es<\/strong> em que diversos crit\u00e9rios foram avaliados, como o porte da institui\u00e7\u00e3o e se tinham a documenta\u00e7\u00e3o necess\u00e1ria em dia.<\/span><\/p>\n<p><span style=\"font-weight: 400\">Ap\u00f3s essa etapa inicial os volunt\u00e1rios foram divididos em grupos de, aproximadamente 8 pessoas, e cada um deles ficou respons\u00e1vel por uma institui\u00e7\u00e3o. A ASID capacitou os membros dos comit\u00eas sobre <\/span><i><span style=\"font-weight: 400\">Design Thinking <\/span><\/i><span style=\"font-weight: 400\">\u00a0para elaborar <strong>projetos cada vez mais impactantes<\/strong> e voltados para as reais necessidade das organiza\u00e7\u00f5es. Cada grupo ficou respons\u00e1vel por desenvolver, at\u00e9 outubro de 2018, os projetos que ser\u00e3o implementados nas institui\u00e7\u00f5es escolhidas.<\/span><\/p>\n<p><span style=\"font-weight: 400\">As fases citadas at\u00e9 aqui j\u00e1 foram conclu\u00eddas, e a ASID continua fazendo <strong>mentorias quinzenais<\/strong> com os membros dos comit\u00eas de voluntariado para sanar d\u00favidas e dar sugest\u00f5es e assim contribuir com a organiza\u00e7\u00e3o do DVT. <\/span><\/p>\n<p><span style=\"font-weight: 400\">Atitudes como a realizada pela Funda\u00e7\u00e3o Telef\u00f4nica Vivo motivam a ASID a seguir cada vez mais forte em seu objetivo de construir uma sociedade inclusiva.<\/span><\/p>\n<p>Quer conhecer algumas hist\u00f3rias das a\u00e7\u00f5es volunt\u00e1rias realizadas pela ASID com empresas e institui\u00e7\u00f5es? Baixe nosso relat\u00f3rio de impacto:<a href=\"https:\/\/conteudo.asidbrasil.org.br\/relatorio-de-impacto-2017\"><img decoding=\"async\" class=\"aligncenter wp-image-16536 lazyload\" data-src=\"https:\/\/asidbrasil.org.br\/wp-content\/uploads\/2018\/08\/botao-RI.png\" alt=\"\" width=\"539\" height=\"124\" src=\"data:image\/svg+xml;base64,PHN2ZyB3aWR0aD0iMSIgaGVpZ2h0PSIxIiB4bWxucz0iaHR0cDovL3d3dy53My5vcmcvMjAwMC9zdmciPjwvc3ZnPg==\" style=\"--smush-placeholder-width: 539px; --smush-placeholder-aspect-ratio: 539\/124;\" \/><\/a><\/p>\n<p>O post <a rel=\"nofollow\" href=\"https:\/\/asidbrasil.org.br\/asid-brasil-e-fundacao-telefonica-vivo-uma-parceria-de-impacto\/\">ASID Brasil e Funda\u00e7\u00e3o Telef\u00f4nica Vivo: uma parceira de impacto<\/a> apareceu primeiro em <a rel=\"nofollow\" href=\"https:\/\/asidbrasil.org.br\">ASID Brasil<\/a>.<\/p>\n<p><i>Visite o site <a href=\"https:\/\/asidbrasil.org.br\/\">asidbrasil.org.br<\/a> e conhe\u00e7a mais sobre a ASID Brasil.<\/i><br \/>\n<br \/><a href=\"https:\/\/asidbrasil.org.br\/asid-brasil-e-fundacao-telefonica-vivo-uma-parceria-de-impacto\/\">Fonte<\/a><br \/>\n<br \/><\/p>\n","protected":false},"excerpt":{"rendered":"<p>Encontrar abordagens novas para problemas j\u00e1 existentes; buscar solu\u00e7\u00f5es de forma coletiva e colaborativa; enxergar al\u00e9m dos que os olhos veem. Todos esses conceitos formam o \u201cDesign Thinking\u201d, metodologia utilizada pela ASID Brasil ao realizar sua parceria com a Funda\u00e7\u00e3o Telef\u00f4nica Vivo. Tudo come\u00e7ou com o desafio de junto com a Funda\u00e7\u00e3o Telef\u00f4nica Vivo realizar [&hellip;]<\/p>\n","protected":false},"author":3063,"featured_media":3097,"comment_status":"open","ping_status":"open","sticky":false,"template":"","format":"standard","meta":{"footnotes":""},"categories":[113],"tags":[158,157,163,162,164,161,160,159],"class_list":{"0":"post-3096","1":"post","2":"type-post","3":"status-publish","4":"format-standard","5":"has-post-thumbnail","7":"category-cidadania","8":"tag-asid","9":"tag-cidadania","10":"tag-desenvolvimento-institucional","11":"tag-diversidade","12":"tag-impacto-social","13":"tag-inclusao","14":"tag-voluntariado","15":"tag-voluntario"},"yoast_head":"<!-- This site is optimized with the Yoast SEO plugin v27.2 - https:\/\/yoast.com\/product\/yoast-seo-wordpress\/ -->\n<title>ASID Brasil e Funda\u00e7\u00e3o Telef\u00f4nica Vivo: uma parceira de impacto | Portal de Not\u00edcias<\/title>\n<meta name=\"robots\" content=\"index, follow, max-snippet:-1, max-image-preview:large, max-video-preview:-1\" \/>\n<link rel=\"canonical\" href=\"https:\/\/mhcalculos.com.br\/noticias\/cidadania\/asid-brasil-e-fundacao-telefonica-vivo-uma-parceira-de-impacto.html\" \/>\n<meta property=\"og:locale\" content=\"pt_BR\" \/>\n<meta property=\"og:type\" content=\"article\" \/>\n<meta property=\"og:title\" content=\"ASID Brasil e Funda\u00e7\u00e3o Telef\u00f4nica Vivo: uma parceira de impacto | Portal de Not\u00edcias\" \/>\n<meta property=\"og:description\" content=\"Encontrar abordagens novas para problemas j\u00e1 existentes; buscar solu\u00e7\u00f5es de forma coletiva e colaborativa; enxergar al\u00e9m dos que os olhos veem. Todos esses conceitos formam o \u201cDesign Thinking\u201d, metodologia utilizada pela ASID Brasil ao realizar sua parceria com a Funda\u00e7\u00e3o Telef\u00f4nica Vivo. Tudo come\u00e7ou com o desafio de junto com a Funda\u00e7\u00e3o Telef\u00f4nica Vivo realizar [&hellip;]\" \/>\n<meta property=\"og:url\" content=\"https:\/\/mhcalculos.com.br\/noticias\/cidadania\/asid-brasil-e-fundacao-telefonica-vivo-uma-parceira-de-impacto.html\" \/>\n<meta property=\"og:site_name\" content=\"Portal de Not\u00edcias\" \/>\n<meta property=\"article:published_time\" content=\"2018-09-03T19:00:53+00:00\" \/>\n<meta property=\"article:modified_time\" content=\"2021-07-28T17:34:10+00:00\" \/>\n<meta property=\"og:image\" content=\"https:\/\/mhcalculos.com.br\/noticias\/wp-content\/uploads\/sites\/2\/2018\/09\/DVT_resultados_736x341.jpg\" \/>\n\t<meta property=\"og:image:width\" content=\"736\" \/>\n\t<meta property=\"og:image:height\" content=\"341\" \/>\n\t<meta property=\"og:image:type\" content=\"image\/jpeg\" \/>\n<meta name=\"author\" content=\"Equipe MH\" \/>\n<meta name=\"twitter:card\" content=\"summary_large_image\" \/>\n<meta name=\"twitter:label1\" content=\"Escrito por\" \/>\n\t<meta name=\"twitter:data1\" content=\"Equipe MH\" \/>\n\t<meta name=\"twitter:label2\" content=\"Est. tempo de leitura\" \/>\n\t<meta name=\"twitter:data2\" content=\"2 minutos\" \/>\n<script type=\"application\/ld+json\" class=\"yoast-schema-graph\">{\"@context\":\"https:\/\/schema.org\",\"@graph\":[{\"@type\":\"Article\",\"@id\":\"https:\/\/mhcalculos.com.br\/noticias\/cidadania\/asid-brasil-e-fundacao-telefonica-vivo-uma-parceira-de-impacto.html#article\",\"isPartOf\":{\"@id\":\"https:\/\/mhcalculos.com.br\/noticias\/cidadania\/asid-brasil-e-fundacao-telefonica-vivo-uma-parceira-de-impacto.html\"},\"author\":{\"name\":\"Equipe MH\",\"@id\":\"https:\/\/mhcalculos.com.br\/noticias\/#\/schema\/person\/88d1c34bf72dc779ea14a5a6b8e0ae8d\"},\"headline\":\"ASID Brasil e Funda\u00e7\u00e3o Telef\u00f4nica Vivo: uma parceira de impacto\",\"datePublished\":\"2018-09-03T19:00:53+00:00\",\"dateModified\":\"2021-07-28T17:34:10+00:00\",\"mainEntityOfPage\":{\"@id\":\"https:\/\/mhcalculos.com.br\/noticias\/cidadania\/asid-brasil-e-fundacao-telefonica-vivo-uma-parceira-de-impacto.html\"},\"wordCount\":466,\"commentCount\":0,\"image\":{\"@id\":\"https:\/\/mhcalculos.com.br\/noticias\/cidadania\/asid-brasil-e-fundacao-telefonica-vivo-uma-parceira-de-impacto.html#primaryimage\"},\"thumbnailUrl\":\"https:\/\/mhcalculos.com.br\/noticias\/wp-content\/uploads\/sites\/2\/2018\/09\/DVT_resultados_736x341.jpg\",\"keywords\":[\"asid\",\"cidadania\",\"desenvolvimento institucional\",\"diversidade\",\"impacto social\",\"inclus\u00e3o\",\"voluntariado\",\"volunt\u00e1rio\"],\"articleSection\":[\"Cidadania\"],\"inLanguage\":\"pt-BR\",\"potentialAction\":[{\"@type\":\"CommentAction\",\"name\":\"Comment\",\"target\":[\"https:\/\/mhcalculos.com.br\/noticias\/cidadania\/asid-brasil-e-fundacao-telefonica-vivo-uma-parceira-de-impacto.html#respond\"]}]},{\"@type\":\"WebPage\",\"@id\":\"https:\/\/mhcalculos.com.br\/noticias\/cidadania\/asid-brasil-e-fundacao-telefonica-vivo-uma-parceira-de-impacto.html\",\"url\":\"https:\/\/mhcalculos.com.br\/noticias\/cidadania\/asid-brasil-e-fundacao-telefonica-vivo-uma-parceira-de-impacto.html\",\"name\":\"ASID Brasil e Funda\u00e7\u00e3o Telef\u00f4nica Vivo: uma parceira de impacto | Portal de Not\u00edcias\",\"isPartOf\":{\"@id\":\"https:\/\/mhcalculos.com.br\/noticias\/#website\"},\"primaryImageOfPage\":{\"@id\":\"https:\/\/mhcalculos.com.br\/noticias\/cidadania\/asid-brasil-e-fundacao-telefonica-vivo-uma-parceira-de-impacto.html#primaryimage\"},\"image\":{\"@id\":\"https:\/\/mhcalculos.com.br\/noticias\/cidadania\/asid-brasil-e-fundacao-telefonica-vivo-uma-parceira-de-impacto.html#primaryimage\"},\"thumbnailUrl\":\"https:\/\/mhcalculos.com.br\/noticias\/wp-content\/uploads\/sites\/2\/2018\/09\/DVT_resultados_736x341.jpg\",\"datePublished\":\"2018-09-03T19:00:53+00:00\",\"dateModified\":\"2021-07-28T17:34:10+00:00\",\"author\":{\"@id\":\"https:\/\/mhcalculos.com.br\/noticias\/#\/schema\/person\/88d1c34bf72dc779ea14a5a6b8e0ae8d\"},\"breadcrumb\":{\"@id\":\"https:\/\/mhcalculos.com.br\/noticias\/cidadania\/asid-brasil-e-fundacao-telefonica-vivo-uma-parceira-de-impacto.html#breadcrumb\"},\"inLanguage\":\"pt-BR\",\"potentialAction\":[{\"@type\":\"ReadAction\",\"target\":[\"https:\/\/mhcalculos.com.br\/noticias\/cidadania\/asid-brasil-e-fundacao-telefonica-vivo-uma-parceira-de-impacto.html\"]}]},{\"@type\":\"ImageObject\",\"inLanguage\":\"pt-BR\",\"@id\":\"https:\/\/mhcalculos.com.br\/noticias\/cidadania\/asid-brasil-e-fundacao-telefonica-vivo-uma-parceira-de-impacto.html#primaryimage\",\"url\":\"https:\/\/mhcalculos.com.br\/noticias\/wp-content\/uploads\/sites\/2\/2018\/09\/DVT_resultados_736x341.jpg\",\"contentUrl\":\"https:\/\/mhcalculos.com.br\/noticias\/wp-content\/uploads\/sites\/2\/2018\/09\/DVT_resultados_736x341.jpg\",\"width\":736,\"height\":341},{\"@type\":\"BreadcrumbList\",\"@id\":\"https:\/\/mhcalculos.com.br\/noticias\/cidadania\/asid-brasil-e-fundacao-telefonica-vivo-uma-parceira-de-impacto.html#breadcrumb\",\"itemListElement\":[{\"@type\":\"ListItem\",\"position\":1,\"name\":\"In\u00edcio\",\"item\":\"https:\/\/mhcalculos.com.br\/noticias\/\"},{\"@type\":\"ListItem\",\"position\":2,\"name\":\"ASID Brasil e Funda\u00e7\u00e3o Telef\u00f4nica Vivo: uma parceira de impacto\"}]},{\"@type\":\"WebSite\",\"@id\":\"https:\/\/mhcalculos.com.br\/noticias\/#website\",\"url\":\"https:\/\/mhcalculos.com.br\/noticias\/\",\"name\":\"Portal de Not\u00edcias\",\"description\":\"Not\u00edcias e Jurisprud\u00eancia\",\"potentialAction\":[{\"@type\":\"SearchAction\",\"target\":{\"@type\":\"EntryPoint\",\"urlTemplate\":\"https:\/\/mhcalculos.com.br\/noticias\/?s={search_term_string}\"},\"query-input\":{\"@type\":\"PropertyValueSpecification\",\"valueRequired\":true,\"valueName\":\"search_term_string\"}}],\"inLanguage\":\"pt-BR\"},{\"@type\":\"Person\",\"@id\":\"https:\/\/mhcalculos.com.br\/noticias\/#\/schema\/person\/88d1c34bf72dc779ea14a5a6b8e0ae8d\",\"name\":\"Equipe MH\",\"image\":{\"@type\":\"ImageObject\",\"inLanguage\":\"pt-BR\",\"@id\":\"https:\/\/secure.gravatar.com\/avatar\/de1c686c2ecc9c5a3f327e3431d819eb39f8f05d4e1045f5a1caad6daaba987f?s=96&d=mm&r=g\",\"url\":\"https:\/\/secure.gravatar.com\/avatar\/de1c686c2ecc9c5a3f327e3431d819eb39f8f05d4e1045f5a1caad6daaba987f?s=96&d=mm&r=g\",\"contentUrl\":\"https:\/\/secure.gravatar.com\/avatar\/de1c686c2ecc9c5a3f327e3431d819eb39f8f05d4e1045f5a1caad6daaba987f?s=96&d=mm&r=g\",\"caption\":\"Equipe MH\"}}]}<\/script>\n<!-- \/ Yoast SEO plugin. -->","yoast_head_json":{"title":"ASID Brasil e Funda\u00e7\u00e3o Telef\u00f4nica Vivo: uma parceira de impacto | Portal de Not\u00edcias","robots":{"index":"index","follow":"follow","max-snippet":"max-snippet:-1","max-image-preview":"max-image-preview:large","max-video-preview":"max-video-preview:-1"},"canonical":"https:\/\/mhcalculos.com.br\/noticias\/cidadania\/asid-brasil-e-fundacao-telefonica-vivo-uma-parceira-de-impacto.html","og_locale":"pt_BR","og_type":"article","og_title":"ASID Brasil e Funda\u00e7\u00e3o Telef\u00f4nica Vivo: uma parceira de impacto | Portal de Not\u00edcias","og_description":"Encontrar abordagens novas para problemas j\u00e1 existentes; buscar solu\u00e7\u00f5es de forma coletiva e colaborativa; enxergar al\u00e9m dos que os olhos veem. Todos esses conceitos formam o \u201cDesign Thinking\u201d, metodologia utilizada pela ASID Brasil ao realizar sua parceria com a Funda\u00e7\u00e3o Telef\u00f4nica Vivo. Tudo come\u00e7ou com o desafio de junto com a Funda\u00e7\u00e3o Telef\u00f4nica Vivo realizar [&hellip;]","og_url":"https:\/\/mhcalculos.com.br\/noticias\/cidadania\/asid-brasil-e-fundacao-telefonica-vivo-uma-parceira-de-impacto.html","og_site_name":"Portal de Not\u00edcias","article_published_time":"2018-09-03T19:00:53+00:00","article_modified_time":"2021-07-28T17:34:10+00:00","og_image":[{"width":736,"height":341,"url":"https:\/\/mhcalculos.com.br\/noticias\/wp-content\/uploads\/sites\/2\/2018\/09\/DVT_resultados_736x341.jpg","type":"image\/jpeg"}],"author":"Equipe MH","twitter_card":"summary_large_image","twitter_misc":{"Escrito por":"Equipe MH","Est. tempo de leitura":"2 minutos"},"schema":{"@context":"https:\/\/schema.org","@graph":[{"@type":"Article","@id":"https:\/\/mhcalculos.com.br\/noticias\/cidadania\/asid-brasil-e-fundacao-telefonica-vivo-uma-parceira-de-impacto.html#article","isPartOf":{"@id":"https:\/\/mhcalculos.com.br\/noticias\/cidadania\/asid-brasil-e-fundacao-telefonica-vivo-uma-parceira-de-impacto.html"},"author":{"name":"Equipe MH","@id":"https:\/\/mhcalculos.com.br\/noticias\/#\/schema\/person\/88d1c34bf72dc779ea14a5a6b8e0ae8d"},"headline":"ASID Brasil e Funda\u00e7\u00e3o Telef\u00f4nica Vivo: uma parceira de impacto","datePublished":"2018-09-03T19:00:53+00:00","dateModified":"2021-07-28T17:34:10+00:00","mainEntityOfPage":{"@id":"https:\/\/mhcalculos.com.br\/noticias\/cidadania\/asid-brasil-e-fundacao-telefonica-vivo-uma-parceira-de-impacto.html"},"wordCount":466,"commentCount":0,"image":{"@id":"https:\/\/mhcalculos.com.br\/noticias\/cidadania\/asid-brasil-e-fundacao-telefonica-vivo-uma-parceira-de-impacto.html#primaryimage"},"thumbnailUrl":"https:\/\/mhcalculos.com.br\/noticias\/wp-content\/uploads\/sites\/2\/2018\/09\/DVT_resultados_736x341.jpg","keywords":["asid","cidadania","desenvolvimento institucional","diversidade","impacto social","inclus\u00e3o","voluntariado","volunt\u00e1rio"],"articleSection":["Cidadania"],"inLanguage":"pt-BR","potentialAction":[{"@type":"CommentAction","name":"Comment","target":["https:\/\/mhcalculos.com.br\/noticias\/cidadania\/asid-brasil-e-fundacao-telefonica-vivo-uma-parceira-de-impacto.html#respond"]}]},{"@type":"WebPage","@id":"https:\/\/mhcalculos.com.br\/noticias\/cidadania\/asid-brasil-e-fundacao-telefonica-vivo-uma-parceira-de-impacto.html","url":"https:\/\/mhcalculos.com.br\/noticias\/cidadania\/asid-brasil-e-fundacao-telefonica-vivo-uma-parceira-de-impacto.html","name":"ASID Brasil e Funda\u00e7\u00e3o Telef\u00f4nica Vivo: uma parceira de impacto | Portal de Not\u00edcias","isPartOf":{"@id":"https:\/\/mhcalculos.com.br\/noticias\/#website"},"primaryImageOfPage":{"@id":"https:\/\/mhcalculos.com.br\/noticias\/cidadania\/asid-brasil-e-fundacao-telefonica-vivo-uma-parceira-de-impacto.html#primaryimage"},"image":{"@id":"https:\/\/mhcalculos.com.br\/noticias\/cidadania\/asid-brasil-e-fundacao-telefonica-vivo-uma-parceira-de-impacto.html#primaryimage"},"thumbnailUrl":"https:\/\/mhcalculos.com.br\/noticias\/wp-content\/uploads\/sites\/2\/2018\/09\/DVT_resultados_736x341.jpg","datePublished":"2018-09-03T19:00:53+00:00","dateModified":"2021-07-28T17:34:10+00:00","author":{"@id":"https:\/\/mhcalculos.com.br\/noticias\/#\/schema\/person\/88d1c34bf72dc779ea14a5a6b8e0ae8d"},"breadcrumb":{"@id":"https:\/\/mhcalculos.com.br\/noticias\/cidadania\/asid-brasil-e-fundacao-telefonica-vivo-uma-parceira-de-impacto.html#breadcrumb"},"inLanguage":"pt-BR","potentialAction":[{"@type":"ReadAction","target":["https:\/\/mhcalculos.com.br\/noticias\/cidadania\/asid-brasil-e-fundacao-telefonica-vivo-uma-parceira-de-impacto.html"]}]},{"@type":"ImageObject","inLanguage":"pt-BR","@id":"https:\/\/mhcalculos.com.br\/noticias\/cidadania\/asid-brasil-e-fundacao-telefonica-vivo-uma-parceira-de-impacto.html#primaryimage","url":"https:\/\/mhcalculos.com.br\/noticias\/wp-content\/uploads\/sites\/2\/2018\/09\/DVT_resultados_736x341.jpg","contentUrl":"https:\/\/mhcalculos.com.br\/noticias\/wp-content\/uploads\/sites\/2\/2018\/09\/DVT_resultados_736x341.jpg","width":736,"height":341},{"@type":"BreadcrumbList","@id":"https:\/\/mhcalculos.com.br\/noticias\/cidadania\/asid-brasil-e-fundacao-telefonica-vivo-uma-parceira-de-impacto.html#breadcrumb","itemListElement":[{"@type":"ListItem","position":1,"name":"In\u00edcio","item":"https:\/\/mhcalculos.com.br\/noticias\/"},{"@type":"ListItem","position":2,"name":"ASID Brasil e Funda\u00e7\u00e3o Telef\u00f4nica Vivo: uma parceira de impacto"}]},{"@type":"WebSite","@id":"https:\/\/mhcalculos.com.br\/noticias\/#website","url":"https:\/\/mhcalculos.com.br\/noticias\/","name":"Portal de Not\u00edcias","description":"Not\u00edcias e Jurisprud\u00eancia","potentialAction":[{"@type":"SearchAction","target":{"@type":"EntryPoint","urlTemplate":"https:\/\/mhcalculos.com.br\/noticias\/?s={search_term_string}"},"query-input":{"@type":"PropertyValueSpecification","valueRequired":true,"valueName":"search_term_string"}}],"inLanguage":"pt-BR"},{"@type":"Person","@id":"https:\/\/mhcalculos.com.br\/noticias\/#\/schema\/person\/88d1c34bf72dc779ea14a5a6b8e0ae8d","name":"Equipe MH","image":{"@type":"ImageObject","inLanguage":"pt-BR","@id":"https:\/\/secure.gravatar.com\/avatar\/de1c686c2ecc9c5a3f327e3431d819eb39f8f05d4e1045f5a1caad6daaba987f?s=96&d=mm&r=g","url":"https:\/\/secure.gravatar.com\/avatar\/de1c686c2ecc9c5a3f327e3431d819eb39f8f05d4e1045f5a1caad6daaba987f?s=96&d=mm&r=g","contentUrl":"https:\/\/secure.gravatar.com\/avatar\/de1c686c2ecc9c5a3f327e3431d819eb39f8f05d4e1045f5a1caad6daaba987f?s=96&d=mm&r=g","caption":"Equipe MH"}}]}},"_links":{"self":[{"href":"https:\/\/mhcalculos.com.br\/noticias\/wp-json\/wp\/v2\/posts\/3096","targetHints":{"allow":["GET"]}}],"collection":[{"href":"https:\/\/mhcalculos.com.br\/noticias\/wp-json\/wp\/v2\/posts"}],"about":[{"href":"https:\/\/mhcalculos.com.br\/noticias\/wp-json\/wp\/v2\/types\/post"}],"author":[{"embeddable":true,"href":"https:\/\/mhcalculos.com.br\/noticias\/wp-json\/wp\/v2\/users\/3063"}],"replies":[{"embeddable":true,"href":"https:\/\/mhcalculos.com.br\/noticias\/wp-json\/wp\/v2\/comments?post=3096"}],"version-history":[{"count":1,"href":"https:\/\/mhcalculos.com.br\/noticias\/wp-json\/wp\/v2\/posts\/3096\/revisions"}],"predecessor-version":[{"id":10245,"href":"https:\/\/mhcalculos.com.br\/noticias\/wp-json\/wp\/v2\/posts\/3096\/revisions\/10245"}],"wp:featuredmedia":[{"embeddable":true,"href":"https:\/\/mhcalculos.com.br\/noticias\/wp-json\/wp\/v2\/media\/3097"}],"wp:attachment":[{"href":"https:\/\/mhcalculos.com.br\/noticias\/wp-json\/wp\/v2\/media?parent=3096"}],"wp:term":[{"taxonomy":"category","embeddable":true,"href":"https:\/\/mhcalculos.com.br\/noticias\/wp-json\/wp\/v2\/categories?post=3096"},{"taxonomy":"post_tag","embeddable":true,"href":"https:\/\/mhcalculos.com.br\/noticias\/wp-json\/wp\/v2\/tags?post=3096"}],"curies":[{"name":"wp","href":"https:\/\/api.w.org\/{rel}","templated":true}]}}