{"id":3081,"date":"2018-08-30T19:22:00","date_gmt":"2018-08-30T22:22:00","guid":{"rendered":"https:\/\/mhcalculos.com.br\/noticias\/2018\/08\/30\/tst-correios-e-empregados-assinam-no-tribunal-primeiro-acordo-sem-greve-em-24-anos\/"},"modified":"2021-07-28T14:34:10","modified_gmt":"2021-07-28T17:34:10","slug":"tst-correios-e-empregados-assinam-no-tribunal-primeiro-acordo-sem-greve-em-24-anos","status":"publish","type":"post","link":"https:\/\/mhcalculos.com.br\/noticias\/area\/trabalhista\/tst-correios-e-empregados-assinam-no-tribunal-primeiro-acordo-sem-greve-em-24-anos.html","title":{"rendered":"TST: Correios e empregados assinam no Tribunal&nbsp;primeiro acordo sem greve em 24 anos"},"content":{"rendered":"<p><br \/>\n<br \/>   <a href=\"http:\/\/www.tst.jus.br\/image\/journal\/article?img_id=24648245&amp;t=1535759857569\" target=\"_blank\" rel=\"noopener\">   <\/a>  <\/p>\n<p ><em>O acordo foi resultado de media\u00e7\u00e3o pr\u00e9-processual no TST.<\/em><\/p>\n<p >O vice-presidente do Tribunal Superior do Trabalho, ministro Renato de Lacerda Paiva, homologou, nesta quinta-feira (30), Acordo Coletivo de Trabalho (ACT) entre a Empresa Brasileira de Correios e Tel\u00e9grafos (ECT) e as entidades sindicais representantes dos empregados. O acordo resultou de media\u00e7\u00e3o e concilia\u00e7\u00e3o pr\u00e9-processual conduzida pelo ministro.&nbsp; \u00c9 a primeira vez, em mais de duas d\u00e9cadas, que os Correios e as federa\u00e7\u00f5es da categoria chegam a consenso sem a realiza\u00e7\u00e3o de greve.<\/p>\n<p ><strong>Negocia\u00e7\u00e3o cooperativa<\/strong><\/p>\n<p >Para o ministro Renato Paiva, a celebra\u00e7\u00e3o do acordo \u00e9 um marco hist\u00f3rico em que a Vice-Presid\u00eancia teve uma fun\u00e7\u00e3o facilitadora. \u201cA negocia\u00e7\u00e3o foi cooperativa porque as partes buscaram solu\u00e7\u00e3o em comum\u201d, afirmou.<\/p>\n<p >O vice-presidente parabenizou os dirigentes sindicais \u201cpela maturidade, pelo bom senso e pela responsabilidade com que participaram da negocia\u00e7\u00e3o\u201d e agradeceu a empresa, que, \u201capesar de dificuldades, estava propensa a chegar \u00e0 solu\u00e7\u00e3o conciliada desde o in\u00edcio\u201d. O ministro destacou ainda a colabora\u00e7\u00e3o do Minist\u00e9rio do Planejamento, Desenvolvimento e Gest\u00e3o e da Secretaria de Coordena\u00e7\u00e3o e Governan\u00e7a das Empresas Estatais.<\/p>\n<p ><strong>Correios<\/strong><\/p>\n<p >O presidente da ECT, Carlos Roberto Fortner, afirmou que a equipe da Vice-Presid\u00eancia do TST conduziu a negocia\u00e7\u00e3o de maneira impec\u00e1vel. \u201cParabenizo pela media\u00e7\u00e3o feita no acordo hist\u00f3rico. H\u00e1 24 anos, n\u00e3o havia acordo coletivo feito dentro da data-base, sem deflagra\u00e7\u00e3o de greve\u201d, destacou.<\/p>\n<p >Segundo ele, as negocia\u00e7\u00f5es observaram a necessidade de sustentabilidade da empresa, que passa por momento de recupera\u00e7\u00e3o. \u201cApesar de mostrar sinais de vitalidade, ainda est\u00e1 em situa\u00e7\u00e3o delicada na sua vida econ\u00f4mica\u201d, avaliou.<\/p>\n<p ><strong>Federa\u00e7\u00f5es<\/strong><\/p>\n<p >O secret\u00e1rio-geral da Federa\u00e7\u00e3o Nacional dos Trabalhadores de Correios e Tel\u00e9grafos e Similares (Fentect), Jos\u00e9 Rivaldo da Silva, considerou que, em vista do cen\u00e1rio pol\u00edtico e econ\u00f4mico do Brasil, foi importante manter as cl\u00e1usulas hist\u00f3ricas. \u201cN\u00e3o era o melhor acordo que esper\u00e1vamos no reajuste, mas foi o que poderia ser feito, e os trabalhadores compreenderam isso\u201d, afirmou.<\/p>\n<p >Ele e o diretor-presidente da Federa\u00e7\u00e3o Interestadual dos Sindicatos dos Trabalhadores e Trabalhadoras da Empresa Brasileira de Correios e Tel\u00e9grafos (Findect), Jos\u00e9 Aparecido Gandara, afirmaram que, na pr\u00f3xima negocia\u00e7\u00e3o, \u00e9 importante tratar do custeio do plano de sa\u00fade, que, segundo os dirigentes sindicais, pesa no bolso dos empregados.<\/p>\n<p ><strong>Acordo<\/strong><\/p>\n<p >O ACT, com vig\u00eancia entre as datas-bases de 2018 e 2019, determina reajuste salarial de 3,61%, equivalente \u00e0 infla\u00e7\u00e3o do per\u00edodo, e mant\u00e9m as demais cl\u00e1usulas coletivas de 2017\/2018. O percentual vai incidir sobre o sal\u00e1rio b\u00e1sico e sobre as demais vantagens que o levam em considera\u00e7\u00e3o. Tamb\u00e9m s\u00e3o contempladas, com igual \u00edndice, as vantagens previstas no ACT antigo: aux\u00edlio para dependentes com defici\u00eancia, reembolso-creche e reembolso-bab\u00e1, vale-refei\u00e7\u00e3o\/alimenta\u00e7\u00e3o\/cesta, vale extra, vale-transporte, jornada de trabalho in itinere e gratifica\u00e7\u00e3o de quebra de caixa.<\/p>\n<p ><strong>Plano de sa\u00fade<\/strong><\/p>\n<p >A cl\u00e1usula 28, que trata do plano de sa\u00fade, foi destaque na negocia\u00e7\u00e3o. Como a forma de custeio do benef\u00edcio foi definida pelo TST no julgamento de diss\u00eddio coletivo&nbsp;e como o acordo prev\u00ea a manuten\u00e7\u00e3o das normas coletivas anteriores, o ministro fez esclarecimentos. Segundo ele, o conte\u00fado da cl\u00e1usula que for compat\u00edvel com a decis\u00e3o no processo <a href=\"https:\/\/pje.tst.jus.br\/consultaprocessual\/pages\/consultas\/DetalhaProcesso.seam?p_num_pje=6070&amp;p_grau_pje=1&amp;p_seq=1000295&amp;p_vara=9&amp;cid=22978\" target=\"_blank\" rel=\"noopener\">DC-1000295-05.2017.5.00.0000<\/a> faz parte do ACT 2018\/2019. O que \u00e9 incompat\u00edvel fica fora do acordo coletivo. O julgamento do diss\u00eddio ainda n\u00e3o foi conclu\u00eddo na Se\u00e7\u00e3o Especializada em Diss\u00eddios Coletivos (SDC) do TST, pois foram opostos embargos de declara\u00e7\u00e3o ainda n\u00e3o examinados. &nbsp;<\/p>\n<p >&nbsp;(GS\/CF. Foto: Giovanna Bembom)<\/p>\n<p >Processo: <a href=\"https:\/\/pje.tst.jus.br\/consultaprocessual\/pages\/consultas\/ListaProcessos.seam?numero_unic=1000562-40.2018.5.00.0000\" target=\"_blank\" rel=\"noopener\">PMPP-1000562-40.2018.5.00.0000<\/a><\/p>\n<p>Leia mais:<\/p>\n<p>15\/8\/2018 &#8211; <a href=\"http:\/\/www.tst.jus.br\/noticias\/-\/asset_publisher\/89Dk\/content\/id\/24633326\" target=\"_blank\" rel=\"noopener\">Proposta da Vice-Presid\u00eancia do TST para evitar greve \u00e9 aceita por unanimidade por Correios e empregados<\/a><\/p>\n<p> <strong>Esta mat\u00e9ria tem car\u00e1ter meramente informativo.<br \/> Permitida a reprodu\u00e7\u00e3o mediante cita\u00e7\u00e3o da fonte.<br \/> Secretaria de Comunica\u00e7\u00e3o Social<br \/> Tribunal Superior do Trabalho<br \/> Tel. (61) 3043-4907<br \/> <a href=\"mailto:secom@tst.jus.br\">secom@tst.jus.br<\/a><\/strong> <\/p>\n<p>&nbsp;<\/p>\n<p>       <\/br><br \/>\n<br \/><i>Com informa\u00e7\u00f5es da assessoria de imprensa do TST.<\/i><br \/>\n<br \/><a href=\"http:\/\/www.tst.jus.br\/web\/guest\/noticias?p_p_id=89Dk&#038;p_p_lifecycle=0&#038;refererPlid=10730&#038;_89Dk_struts_action=%2Fjournal_content%2Fview&#038;_89Dk_groupId=10157&#038;_89Dk_articleId=24647665\">Fonte<\/a><br \/>\n<br \/><\/p>\n","protected":false},"excerpt":{"rendered":"<p>O acordo foi resultado de media\u00e7\u00e3o pr\u00e9-processual no TST. O vice-presidente do Tribunal Superior do Trabalho, ministro Renato de Lacerda Paiva, homologou, nesta quinta-feira (30), Acordo Coletivo de Trabalho (ACT) entre a Empresa Brasileira de Correios e Tel\u00e9grafos (ECT) e as entidades sindicais representantes dos empregados. O acordo resultou de media\u00e7\u00e3o e concilia\u00e7\u00e3o pr\u00e9-processual conduzida [&hellip;]<\/p>\n","protected":false},"author":3063,"featured_media":1799,"comment_status":"open","ping_status":"open","sticky":false,"template":"","format":"standard","meta":{"footnotes":""},"categories":[3,21],"tags":[33,216,9,12,217,215],"class_list":{"0":"post-3081","1":"post","2":"type-post","3":"status-publish","4":"format-standard","5":"has-post-thumbnail","7":"category-trabalhista","8":"category-tst","9":"tag-calculos-trabalhistas","10":"tag-direito-trabalhista","11":"tag-pericia","12":"tag-perito","13":"tag-trabalho","14":"tag-tst"},"yoast_head":"<!-- This site is optimized with the Yoast SEO plugin v27.2 - https:\/\/yoast.com\/product\/yoast-seo-wordpress\/ -->\n<title>TST: Correios e empregados assinam no Tribunal&nbsp;primeiro acordo sem greve em 24 anos | Portal de Not\u00edcias<\/title>\n<meta name=\"robots\" content=\"index, follow, max-snippet:-1, max-image-preview:large, max-video-preview:-1\" \/>\n<link rel=\"canonical\" href=\"https:\/\/mhcalculos.com.br\/noticias\/area\/trabalhista\/tst-correios-e-empregados-assinam-no-tribunal-primeiro-acordo-sem-greve-em-24-anos.html\" \/>\n<meta property=\"og:locale\" content=\"pt_BR\" \/>\n<meta property=\"og:type\" content=\"article\" \/>\n<meta property=\"og:title\" content=\"TST: Correios e empregados assinam no Tribunal&nbsp;primeiro acordo sem greve em 24 anos | Portal de Not\u00edcias\" \/>\n<meta property=\"og:description\" content=\"O acordo foi resultado de media\u00e7\u00e3o pr\u00e9-processual no TST. O vice-presidente do Tribunal Superior do Trabalho, ministro Renato de Lacerda Paiva, homologou, nesta quinta-feira (30), Acordo Coletivo de Trabalho (ACT) entre a Empresa Brasileira de Correios e Tel\u00e9grafos (ECT) e as entidades sindicais representantes dos empregados. O acordo resultou de media\u00e7\u00e3o e concilia\u00e7\u00e3o pr\u00e9-processual conduzida [&hellip;]\" \/>\n<meta property=\"og:url\" content=\"https:\/\/mhcalculos.com.br\/noticias\/area\/trabalhista\/tst-correios-e-empregados-assinam-no-tribunal-primeiro-acordo-sem-greve-em-24-anos.html\" \/>\n<meta property=\"og:site_name\" content=\"Portal de Not\u00edcias\" \/>\n<meta property=\"article:published_time\" content=\"2018-08-30T22:22:00+00:00\" \/>\n<meta property=\"article:modified_time\" content=\"2021-07-28T17:34:10+00:00\" \/>\n<meta property=\"og:image\" content=\"https:\/\/mhcalculos.com.br\/noticias\/wp-content\/uploads\/sites\/2\/2018\/06\/trabalhista-0004.jpg\" \/>\n\t<meta property=\"og:image:width\" content=\"2000\" \/>\n\t<meta property=\"og:image:height\" content=\"800\" \/>\n\t<meta property=\"og:image:type\" content=\"image\/jpeg\" \/>\n<meta name=\"author\" content=\"Equipe MH\" \/>\n<meta name=\"twitter:card\" content=\"summary_large_image\" \/>\n<meta name=\"twitter:label1\" content=\"Escrito por\" \/>\n\t<meta name=\"twitter:data1\" content=\"Equipe MH\" \/>\n\t<meta name=\"twitter:label2\" content=\"Est. tempo de leitura\" \/>\n\t<meta name=\"twitter:data2\" content=\"3 minutos\" \/>\n<script type=\"application\/ld+json\" class=\"yoast-schema-graph\">{\"@context\":\"https:\/\/schema.org\",\"@graph\":[{\"@type\":\"Article\",\"@id\":\"https:\/\/mhcalculos.com.br\/noticias\/area\/trabalhista\/tst-correios-e-empregados-assinam-no-tribunal-primeiro-acordo-sem-greve-em-24-anos.html#article\",\"isPartOf\":{\"@id\":\"https:\/\/mhcalculos.com.br\/noticias\/area\/trabalhista\/tst-correios-e-empregados-assinam-no-tribunal-primeiro-acordo-sem-greve-em-24-anos.html\"},\"author\":{\"name\":\"Equipe MH\",\"@id\":\"https:\/\/mhcalculos.com.br\/noticias\/#\/schema\/person\/88d1c34bf72dc779ea14a5a6b8e0ae8d\"},\"headline\":\"TST: Correios e empregados assinam no Tribunal&nbsp;primeiro acordo sem greve em 24 anos\",\"datePublished\":\"2018-08-30T22:22:00+00:00\",\"dateModified\":\"2021-07-28T17:34:10+00:00\",\"mainEntityOfPage\":{\"@id\":\"https:\/\/mhcalculos.com.br\/noticias\/area\/trabalhista\/tst-correios-e-empregados-assinam-no-tribunal-primeiro-acordo-sem-greve-em-24-anos.html\"},\"wordCount\":710,\"commentCount\":0,\"image\":{\"@id\":\"https:\/\/mhcalculos.com.br\/noticias\/area\/trabalhista\/tst-correios-e-empregados-assinam-no-tribunal-primeiro-acordo-sem-greve-em-24-anos.html#primaryimage\"},\"thumbnailUrl\":\"https:\/\/mhcalculos.com.br\/noticias\/wp-content\/uploads\/sites\/2\/2018\/06\/trabalhista-0004.jpg\",\"keywords\":[\"c\u00e1lculos trabalhistas\",\"direito trabalhista\",\"per\u00edcia\",\"perito\",\"trabalho\",\"TST\"],\"articleSection\":[\"Direito Trabalhista\",\"TST\"],\"inLanguage\":\"pt-BR\",\"potentialAction\":[{\"@type\":\"CommentAction\",\"name\":\"Comment\",\"target\":[\"https:\/\/mhcalculos.com.br\/noticias\/area\/trabalhista\/tst-correios-e-empregados-assinam-no-tribunal-primeiro-acordo-sem-greve-em-24-anos.html#respond\"]}]},{\"@type\":\"WebPage\",\"@id\":\"https:\/\/mhcalculos.com.br\/noticias\/area\/trabalhista\/tst-correios-e-empregados-assinam-no-tribunal-primeiro-acordo-sem-greve-em-24-anos.html\",\"url\":\"https:\/\/mhcalculos.com.br\/noticias\/area\/trabalhista\/tst-correios-e-empregados-assinam-no-tribunal-primeiro-acordo-sem-greve-em-24-anos.html\",\"name\":\"TST: Correios e empregados assinam no Tribunal&nbsp;primeiro acordo sem greve em 24 anos | Portal de Not\u00edcias\",\"isPartOf\":{\"@id\":\"https:\/\/mhcalculos.com.br\/noticias\/#website\"},\"primaryImageOfPage\":{\"@id\":\"https:\/\/mhcalculos.com.br\/noticias\/area\/trabalhista\/tst-correios-e-empregados-assinam-no-tribunal-primeiro-acordo-sem-greve-em-24-anos.html#primaryimage\"},\"image\":{\"@id\":\"https:\/\/mhcalculos.com.br\/noticias\/area\/trabalhista\/tst-correios-e-empregados-assinam-no-tribunal-primeiro-acordo-sem-greve-em-24-anos.html#primaryimage\"},\"thumbnailUrl\":\"https:\/\/mhcalculos.com.br\/noticias\/wp-content\/uploads\/sites\/2\/2018\/06\/trabalhista-0004.jpg\",\"datePublished\":\"2018-08-30T22:22:00+00:00\",\"dateModified\":\"2021-07-28T17:34:10+00:00\",\"author\":{\"@id\":\"https:\/\/mhcalculos.com.br\/noticias\/#\/schema\/person\/88d1c34bf72dc779ea14a5a6b8e0ae8d\"},\"breadcrumb\":{\"@id\":\"https:\/\/mhcalculos.com.br\/noticias\/area\/trabalhista\/tst-correios-e-empregados-assinam-no-tribunal-primeiro-acordo-sem-greve-em-24-anos.html#breadcrumb\"},\"inLanguage\":\"pt-BR\",\"potentialAction\":[{\"@type\":\"ReadAction\",\"target\":[\"https:\/\/mhcalculos.com.br\/noticias\/area\/trabalhista\/tst-correios-e-empregados-assinam-no-tribunal-primeiro-acordo-sem-greve-em-24-anos.html\"]}]},{\"@type\":\"ImageObject\",\"inLanguage\":\"pt-BR\",\"@id\":\"https:\/\/mhcalculos.com.br\/noticias\/area\/trabalhista\/tst-correios-e-empregados-assinam-no-tribunal-primeiro-acordo-sem-greve-em-24-anos.html#primaryimage\",\"url\":\"https:\/\/mhcalculos.com.br\/noticias\/wp-content\/uploads\/sites\/2\/2018\/06\/trabalhista-0004.jpg\",\"contentUrl\":\"https:\/\/mhcalculos.com.br\/noticias\/wp-content\/uploads\/sites\/2\/2018\/06\/trabalhista-0004.jpg\",\"width\":2000,\"height\":800},{\"@type\":\"BreadcrumbList\",\"@id\":\"https:\/\/mhcalculos.com.br\/noticias\/area\/trabalhista\/tst-correios-e-empregados-assinam-no-tribunal-primeiro-acordo-sem-greve-em-24-anos.html#breadcrumb\",\"itemListElement\":[{\"@type\":\"ListItem\",\"position\":1,\"name\":\"In\u00edcio\",\"item\":\"https:\/\/mhcalculos.com.br\/noticias\/\"},{\"@type\":\"ListItem\",\"position\":2,\"name\":\"TST: Correios e empregados assinam no Tribunal&nbsp;primeiro acordo sem greve em 24 anos\"}]},{\"@type\":\"WebSite\",\"@id\":\"https:\/\/mhcalculos.com.br\/noticias\/#website\",\"url\":\"https:\/\/mhcalculos.com.br\/noticias\/\",\"name\":\"Portal de Not\u00edcias\",\"description\":\"Not\u00edcias e Jurisprud\u00eancia\",\"potentialAction\":[{\"@type\":\"SearchAction\",\"target\":{\"@type\":\"EntryPoint\",\"urlTemplate\":\"https:\/\/mhcalculos.com.br\/noticias\/?s={search_term_string}\"},\"query-input\":{\"@type\":\"PropertyValueSpecification\",\"valueRequired\":true,\"valueName\":\"search_term_string\"}}],\"inLanguage\":\"pt-BR\"},{\"@type\":\"Person\",\"@id\":\"https:\/\/mhcalculos.com.br\/noticias\/#\/schema\/person\/88d1c34bf72dc779ea14a5a6b8e0ae8d\",\"name\":\"Equipe MH\",\"image\":{\"@type\":\"ImageObject\",\"inLanguage\":\"pt-BR\",\"@id\":\"https:\/\/secure.gravatar.com\/avatar\/de1c686c2ecc9c5a3f327e3431d819eb39f8f05d4e1045f5a1caad6daaba987f?s=96&d=mm&r=g\",\"url\":\"https:\/\/secure.gravatar.com\/avatar\/de1c686c2ecc9c5a3f327e3431d819eb39f8f05d4e1045f5a1caad6daaba987f?s=96&d=mm&r=g\",\"contentUrl\":\"https:\/\/secure.gravatar.com\/avatar\/de1c686c2ecc9c5a3f327e3431d819eb39f8f05d4e1045f5a1caad6daaba987f?s=96&d=mm&r=g\",\"caption\":\"Equipe MH\"}}]}<\/script>\n<!-- \/ Yoast SEO plugin. -->","yoast_head_json":{"title":"TST: Correios e empregados assinam no Tribunal&nbsp;primeiro acordo sem greve em 24 anos | Portal de Not\u00edcias","robots":{"index":"index","follow":"follow","max-snippet":"max-snippet:-1","max-image-preview":"max-image-preview:large","max-video-preview":"max-video-preview:-1"},"canonical":"https:\/\/mhcalculos.com.br\/noticias\/area\/trabalhista\/tst-correios-e-empregados-assinam-no-tribunal-primeiro-acordo-sem-greve-em-24-anos.html","og_locale":"pt_BR","og_type":"article","og_title":"TST: Correios e empregados assinam no Tribunal&nbsp;primeiro acordo sem greve em 24 anos | Portal de Not\u00edcias","og_description":"O acordo foi resultado de media\u00e7\u00e3o pr\u00e9-processual no TST. O vice-presidente do Tribunal Superior do Trabalho, ministro Renato de Lacerda Paiva, homologou, nesta quinta-feira (30), Acordo Coletivo de Trabalho (ACT) entre a Empresa Brasileira de Correios e Tel\u00e9grafos (ECT) e as entidades sindicais representantes dos empregados. O acordo resultou de media\u00e7\u00e3o e concilia\u00e7\u00e3o pr\u00e9-processual conduzida [&hellip;]","og_url":"https:\/\/mhcalculos.com.br\/noticias\/area\/trabalhista\/tst-correios-e-empregados-assinam-no-tribunal-primeiro-acordo-sem-greve-em-24-anos.html","og_site_name":"Portal de Not\u00edcias","article_published_time":"2018-08-30T22:22:00+00:00","article_modified_time":"2021-07-28T17:34:10+00:00","og_image":[{"width":2000,"height":800,"url":"https:\/\/mhcalculos.com.br\/noticias\/wp-content\/uploads\/sites\/2\/2018\/06\/trabalhista-0004.jpg","type":"image\/jpeg"}],"author":"Equipe MH","twitter_card":"summary_large_image","twitter_misc":{"Escrito por":"Equipe MH","Est. tempo de leitura":"3 minutos"},"schema":{"@context":"https:\/\/schema.org","@graph":[{"@type":"Article","@id":"https:\/\/mhcalculos.com.br\/noticias\/area\/trabalhista\/tst-correios-e-empregados-assinam-no-tribunal-primeiro-acordo-sem-greve-em-24-anos.html#article","isPartOf":{"@id":"https:\/\/mhcalculos.com.br\/noticias\/area\/trabalhista\/tst-correios-e-empregados-assinam-no-tribunal-primeiro-acordo-sem-greve-em-24-anos.html"},"author":{"name":"Equipe MH","@id":"https:\/\/mhcalculos.com.br\/noticias\/#\/schema\/person\/88d1c34bf72dc779ea14a5a6b8e0ae8d"},"headline":"TST: Correios e empregados assinam no Tribunal&nbsp;primeiro acordo sem greve em 24 anos","datePublished":"2018-08-30T22:22:00+00:00","dateModified":"2021-07-28T17:34:10+00:00","mainEntityOfPage":{"@id":"https:\/\/mhcalculos.com.br\/noticias\/area\/trabalhista\/tst-correios-e-empregados-assinam-no-tribunal-primeiro-acordo-sem-greve-em-24-anos.html"},"wordCount":710,"commentCount":0,"image":{"@id":"https:\/\/mhcalculos.com.br\/noticias\/area\/trabalhista\/tst-correios-e-empregados-assinam-no-tribunal-primeiro-acordo-sem-greve-em-24-anos.html#primaryimage"},"thumbnailUrl":"https:\/\/mhcalculos.com.br\/noticias\/wp-content\/uploads\/sites\/2\/2018\/06\/trabalhista-0004.jpg","keywords":["c\u00e1lculos trabalhistas","direito trabalhista","per\u00edcia","perito","trabalho","TST"],"articleSection":["Direito Trabalhista","TST"],"inLanguage":"pt-BR","potentialAction":[{"@type":"CommentAction","name":"Comment","target":["https:\/\/mhcalculos.com.br\/noticias\/area\/trabalhista\/tst-correios-e-empregados-assinam-no-tribunal-primeiro-acordo-sem-greve-em-24-anos.html#respond"]}]},{"@type":"WebPage","@id":"https:\/\/mhcalculos.com.br\/noticias\/area\/trabalhista\/tst-correios-e-empregados-assinam-no-tribunal-primeiro-acordo-sem-greve-em-24-anos.html","url":"https:\/\/mhcalculos.com.br\/noticias\/area\/trabalhista\/tst-correios-e-empregados-assinam-no-tribunal-primeiro-acordo-sem-greve-em-24-anos.html","name":"TST: Correios e empregados assinam no Tribunal&nbsp;primeiro acordo sem greve em 24 anos | Portal de Not\u00edcias","isPartOf":{"@id":"https:\/\/mhcalculos.com.br\/noticias\/#website"},"primaryImageOfPage":{"@id":"https:\/\/mhcalculos.com.br\/noticias\/area\/trabalhista\/tst-correios-e-empregados-assinam-no-tribunal-primeiro-acordo-sem-greve-em-24-anos.html#primaryimage"},"image":{"@id":"https:\/\/mhcalculos.com.br\/noticias\/area\/trabalhista\/tst-correios-e-empregados-assinam-no-tribunal-primeiro-acordo-sem-greve-em-24-anos.html#primaryimage"},"thumbnailUrl":"https:\/\/mhcalculos.com.br\/noticias\/wp-content\/uploads\/sites\/2\/2018\/06\/trabalhista-0004.jpg","datePublished":"2018-08-30T22:22:00+00:00","dateModified":"2021-07-28T17:34:10+00:00","author":{"@id":"https:\/\/mhcalculos.com.br\/noticias\/#\/schema\/person\/88d1c34bf72dc779ea14a5a6b8e0ae8d"},"breadcrumb":{"@id":"https:\/\/mhcalculos.com.br\/noticias\/area\/trabalhista\/tst-correios-e-empregados-assinam-no-tribunal-primeiro-acordo-sem-greve-em-24-anos.html#breadcrumb"},"inLanguage":"pt-BR","potentialAction":[{"@type":"ReadAction","target":["https:\/\/mhcalculos.com.br\/noticias\/area\/trabalhista\/tst-correios-e-empregados-assinam-no-tribunal-primeiro-acordo-sem-greve-em-24-anos.html"]}]},{"@type":"ImageObject","inLanguage":"pt-BR","@id":"https:\/\/mhcalculos.com.br\/noticias\/area\/trabalhista\/tst-correios-e-empregados-assinam-no-tribunal-primeiro-acordo-sem-greve-em-24-anos.html#primaryimage","url":"https:\/\/mhcalculos.com.br\/noticias\/wp-content\/uploads\/sites\/2\/2018\/06\/trabalhista-0004.jpg","contentUrl":"https:\/\/mhcalculos.com.br\/noticias\/wp-content\/uploads\/sites\/2\/2018\/06\/trabalhista-0004.jpg","width":2000,"height":800},{"@type":"BreadcrumbList","@id":"https:\/\/mhcalculos.com.br\/noticias\/area\/trabalhista\/tst-correios-e-empregados-assinam-no-tribunal-primeiro-acordo-sem-greve-em-24-anos.html#breadcrumb","itemListElement":[{"@type":"ListItem","position":1,"name":"In\u00edcio","item":"https:\/\/mhcalculos.com.br\/noticias\/"},{"@type":"ListItem","position":2,"name":"TST: Correios e empregados assinam no Tribunal&nbsp;primeiro acordo sem greve em 24 anos"}]},{"@type":"WebSite","@id":"https:\/\/mhcalculos.com.br\/noticias\/#website","url":"https:\/\/mhcalculos.com.br\/noticias\/","name":"Portal de Not\u00edcias","description":"Not\u00edcias e Jurisprud\u00eancia","potentialAction":[{"@type":"SearchAction","target":{"@type":"EntryPoint","urlTemplate":"https:\/\/mhcalculos.com.br\/noticias\/?s={search_term_string}"},"query-input":{"@type":"PropertyValueSpecification","valueRequired":true,"valueName":"search_term_string"}}],"inLanguage":"pt-BR"},{"@type":"Person","@id":"https:\/\/mhcalculos.com.br\/noticias\/#\/schema\/person\/88d1c34bf72dc779ea14a5a6b8e0ae8d","name":"Equipe MH","image":{"@type":"ImageObject","inLanguage":"pt-BR","@id":"https:\/\/secure.gravatar.com\/avatar\/de1c686c2ecc9c5a3f327e3431d819eb39f8f05d4e1045f5a1caad6daaba987f?s=96&d=mm&r=g","url":"https:\/\/secure.gravatar.com\/avatar\/de1c686c2ecc9c5a3f327e3431d819eb39f8f05d4e1045f5a1caad6daaba987f?s=96&d=mm&r=g","contentUrl":"https:\/\/secure.gravatar.com\/avatar\/de1c686c2ecc9c5a3f327e3431d819eb39f8f05d4e1045f5a1caad6daaba987f?s=96&d=mm&r=g","caption":"Equipe MH"}}]}},"_links":{"self":[{"href":"https:\/\/mhcalculos.com.br\/noticias\/wp-json\/wp\/v2\/posts\/3081","targetHints":{"allow":["GET"]}}],"collection":[{"href":"https:\/\/mhcalculos.com.br\/noticias\/wp-json\/wp\/v2\/posts"}],"about":[{"href":"https:\/\/mhcalculos.com.br\/noticias\/wp-json\/wp\/v2\/types\/post"}],"author":[{"embeddable":true,"href":"https:\/\/mhcalculos.com.br\/noticias\/wp-json\/wp\/v2\/users\/3063"}],"replies":[{"embeddable":true,"href":"https:\/\/mhcalculos.com.br\/noticias\/wp-json\/wp\/v2\/comments?post=3081"}],"version-history":[{"count":1,"href":"https:\/\/mhcalculos.com.br\/noticias\/wp-json\/wp\/v2\/posts\/3081\/revisions"}],"predecessor-version":[{"id":10249,"href":"https:\/\/mhcalculos.com.br\/noticias\/wp-json\/wp\/v2\/posts\/3081\/revisions\/10249"}],"wp:featuredmedia":[{"embeddable":true,"href":"https:\/\/mhcalculos.com.br\/noticias\/wp-json\/wp\/v2\/media\/1799"}],"wp:attachment":[{"href":"https:\/\/mhcalculos.com.br\/noticias\/wp-json\/wp\/v2\/media?parent=3081"}],"wp:term":[{"taxonomy":"category","embeddable":true,"href":"https:\/\/mhcalculos.com.br\/noticias\/wp-json\/wp\/v2\/categories?post=3081"},{"taxonomy":"post_tag","embeddable":true,"href":"https:\/\/mhcalculos.com.br\/noticias\/wp-json\/wp\/v2\/tags?post=3081"}],"curies":[{"name":"wp","href":"https:\/\/api.w.org\/{rel}","templated":true}]}}