{"id":3068,"date":"2018-08-31T20:00:37","date_gmt":"2018-08-31T23:00:37","guid":{"rendered":"https:\/\/mhcalculos.com.br\/noticias\/2018\/08\/31\/stf-ministro-mantem-execucao-provisoria-da-pena-de-ex-presidente-da-assembleia-legislativa-do-es\/"},"modified":"2021-07-28T14:34:10","modified_gmt":"2021-07-28T17:34:10","slug":"stf-ministro-mantem-execucao-provisoria-da-pena-de-ex-presidente-da-assembleia-legislativa-do-es","status":"publish","type":"post","link":"https:\/\/mhcalculos.com.br\/noticias\/area\/previdenciario\/stf-ministro-mantem-execucao-provisoria-da-pena-de-ex-presidente-da-assembleia-legislativa-do-es.html","title":{"rendered":"STF: Ministro mant\u00e9m execu\u00e7\u00e3o provis\u00f3ria da pena de ex-presidente da Assembleia Legislativa do ES"},"content":{"rendered":"<p><br \/>\n<\/p>\n<p>O ministro Alexandre de Moraes, do Supremo Tribunal Federal (STF), indeferiu o Habeas Corpus (HC) 149439 e manteve a execu\u00e7\u00e3o provis\u00f3ria da pena imposta pelo Superior Tribunal de Justi\u00e7a (STJ) ao ex-presidente da Assembleia Legislativa do Esp\u00edrito Santo Jos\u00e9 Carlos Gratz, condenado a cinco anos e seis meses de reclus\u00e3o, em regime inicial fechado, pela pr\u00e1tica de crime de peculato.<\/p>\n<p>De acordo com os autos, Gratz participava de esquema de desvio de recursos do Instituto de Previd\u00eancia dos Deputados do Esp\u00edrito Santo em seu benef\u00edcio e de terceiros. A fraude consistia na celebra\u00e7\u00e3o de um seguro de vida para os deputados com percentual de corretagem exorbitante. O valor excedente era repartido entre os integrantes do esquema, que teria funcionado entre 1991 e 2003, per\u00edodo no qual foram contratadas duas ap\u00f3lices. Respons\u00e1vel por contratar a segunda ap\u00f3lice, em vigor a partir de 1998, quando passou a ocupar a Presid\u00eancia da Assembleia, Gratz teria dado continuidade ao esquema.<\/p>\n<p>Ap\u00f3s o julgamento de embargos de declara\u00e7\u00e3o, o STJ determinou o imediato cumprimento da pena, sob o fundamento de que, esgotada a jurisdi\u00e7\u00e3o daquele tribunal, caberia apenas a interposi\u00e7\u00e3o de recurso extraordin\u00e1rio, sem efeito suspensivo. No habeas impetrado no STF, a defesa de Gratz afirma que a execu\u00e7\u00e3o provis\u00f3ria da pena teria sido determinada sem fundamenta\u00e7\u00e3o id\u00f4nea, alega que ele deveria ter sido novamente interrogado ao final do processo, conforme o artigo 400 do C\u00f3digo de Processo Penal (CPP) e que deveria ser abatido do regime inicial o tempo em que o r\u00e9u ficou em pris\u00e3o preventiva.<\/p>\n<p><b>Decis\u00e3o<\/b><\/p>\n<p>Quanto ao pedido da defesa para que Gratz responda em liberdade at\u00e9 o tr\u00e2nsito em julgado da condena\u00e7\u00e3o, o ministro Alexandre de Moraes observou que a jurisprud\u00eancia do STF admite a execu\u00e7\u00e3o provis\u00f3ria da pena nas hip\u00f3teses de prerrogativa de foro, &ldquo;nas quais, constitucionalmente, o Tribunal competente (\u00f3rg\u00e3o colegiado) \u00e9 o \u00fanico \u00f3rg\u00e3o do Poder Judici\u00e1rio com compet\u00eancia origin\u00e1ria e exclusiva para a an\u00e1lise do m\u00e9rito da a\u00e7\u00e3o penal, com ampla cogni\u00e7\u00e3o probat\u00f3ria&rdquo;.<\/p>\n<p>Segundo ele, ignorar a possibilidade da execu\u00e7\u00e3o provis\u00f3ria nesse caso &ldquo;seria atribuir efic\u00e1cia zero ao princ\u00edpio da efetiva tutela jurisdicional, em virtude de uma aplica\u00e7\u00e3o desproporcional e absoluta do princ\u00edpio da presun\u00e7\u00e3o de inoc\u00eancia, que n\u00e3o estaria levando em conta, na interpreta\u00e7\u00e3o constitucional, o m\u00e9todo da justeza ou conformidade funcional&rdquo;.<\/p>\n<p>Em rela\u00e7\u00e3o \u00e0 alegada necessidade de renova\u00e7\u00e3o do interrogat\u00f3rio, o relator observa n\u00e3o ter ocorrido cerceamento de defesa porque, como esclareceu o STJ, o interrogat\u00f3rio foi realizado antes da vig\u00eancia da Lei 11.719\/2008, tornando desnecess\u00e1rio refazer o ato, pois foi seguido o rito processual vigente \u00e0 \u00e9poca.<\/p>\n<p>Quanto ao pedido de detra\u00e7\u00e3o, em raz\u00e3o do per\u00edodo de pris\u00e3o preventiva, e o deferimento de pris\u00e3o domiciliar, por causa do estado de sa\u00fade de Gratz, que foi diagnosticado com c\u00e2ncer de pele, o ministro observa que essas quest\u00f5es n\u00e3o foram examinadas pelo STJ, n\u00e3o cabendo essa an\u00e1lise de forma origin\u00e1ria pelo STF, sob pena de supress\u00e3o de inst\u00e2ncia e de contrariedade \u00e0 distribui\u00e7\u00e3o constitucional de compet\u00eancias. O relator ressaltou que essas pretens\u00f5es podem ser formuladas ao ju\u00edzo respons\u00e1vel pela execu\u00e7\u00e3o da pena.<\/p>\n<p><span style=\"font-size: small\">PR\/CR<\/span><\/p>\n<p>Leia mais:<br \/>\n17\/11\/2017 &ndash; <a href=\"http:\/\/stf.jus.br\/portal\/cms\/verNoticiaDetalhe.asp?idConteudo=362100&amp;caixaBusca=N\">Indeferida liminar contra execu\u00e7\u00e3o de pena de ex-presidente da Assembleia Legislativa do ES<\/a><br \/>\n&nbsp;<\/p>\n<p><i>Com informa\u00e7\u00f5es da assessoria de imprensa do STF.<\/i><br \/>\n<br \/><br \/>\n<br \/><a href=\"http:\/\/www.stf.jus.br\/portal\/cms\/verNoticiaDetalhe.asp?idConteudo=388537\">Fonte<\/a><\/p>\n","protected":false},"excerpt":{"rendered":"<p>O ministro Alexandre de Moraes, do Supremo Tribunal Federal (STF), indeferiu o Habeas Corpus (HC) 149439 e manteve a execu\u00e7\u00e3o provis\u00f3ria da pena imposta pelo Superior Tribunal de Justi\u00e7a (STJ) ao ex-presidente da Assembleia Legislativa do Esp\u00edrito Santo Jos\u00e9 Carlos Gratz, condenado a cinco anos e seis meses de reclus\u00e3o, em regime inicial fechado, pela [&hellip;]<\/p>\n","protected":false},"author":3063,"featured_media":2740,"comment_status":"open","ping_status":"open","sticky":false,"template":"","format":"standard","meta":{"footnotes":""},"categories":[5,15],"tags":[11,10,8,13,9,12,16],"class_list":{"0":"post-3068","1":"post","2":"type-post","3":"status-publish","4":"format-standard","5":"has-post-thumbnail","7":"category-previdenciario","8":"category-stf","9":"tag-aposentadoria","10":"tag-calculos-previdenciarios","11":"tag-direito-previdenciario","12":"tag-inss","13":"tag-pericia","14":"tag-perito","15":"tag-stf"},"yoast_head":"<!-- This site is optimized with the Yoast SEO plugin v27.2 - https:\/\/yoast.com\/product\/yoast-seo-wordpress\/ -->\n<title>STF: Ministro mant\u00e9m execu\u00e7\u00e3o provis\u00f3ria da pena de ex-presidente da Assembleia Legislativa do ES | Portal de Not\u00edcias<\/title>\n<meta name=\"robots\" content=\"index, follow, max-snippet:-1, max-image-preview:large, max-video-preview:-1\" \/>\n<link rel=\"canonical\" href=\"https:\/\/mhcalculos.com.br\/noticias\/area\/previdenciario\/stf-ministro-mantem-execucao-provisoria-da-pena-de-ex-presidente-da-assembleia-legislativa-do-es.html\" \/>\n<meta property=\"og:locale\" content=\"pt_BR\" \/>\n<meta property=\"og:type\" content=\"article\" \/>\n<meta property=\"og:title\" content=\"STF: Ministro mant\u00e9m execu\u00e7\u00e3o provis\u00f3ria da pena de ex-presidente da Assembleia Legislativa do ES | Portal de Not\u00edcias\" \/>\n<meta property=\"og:description\" content=\"O ministro Alexandre de Moraes, do Supremo Tribunal Federal (STF), indeferiu o Habeas Corpus (HC) 149439 e manteve a execu\u00e7\u00e3o provis\u00f3ria da pena imposta pelo Superior Tribunal de Justi\u00e7a (STJ) ao ex-presidente da Assembleia Legislativa do Esp\u00edrito Santo Jos\u00e9 Carlos Gratz, condenado a cinco anos e seis meses de reclus\u00e3o, em regime inicial fechado, pela [&hellip;]\" \/>\n<meta property=\"og:url\" content=\"https:\/\/mhcalculos.com.br\/noticias\/area\/previdenciario\/stf-ministro-mantem-execucao-provisoria-da-pena-de-ex-presidente-da-assembleia-legislativa-do-es.html\" \/>\n<meta property=\"og:site_name\" content=\"Portal de Not\u00edcias\" \/>\n<meta property=\"article:published_time\" content=\"2018-08-31T23:00:37+00:00\" \/>\n<meta property=\"article:modified_time\" content=\"2021-07-28T17:34:10+00:00\" \/>\n<meta property=\"og:image\" content=\"https:\/\/mhcalculos.com.br\/noticias\/wp-content\/uploads\/sites\/2\/2018\/08\/judiciario-0020.jpg\" \/>\n\t<meta property=\"og:image:width\" content=\"2000\" \/>\n\t<meta property=\"og:image:height\" content=\"800\" \/>\n\t<meta property=\"og:image:type\" content=\"image\/jpeg\" \/>\n<meta name=\"author\" content=\"Equipe MH\" \/>\n<meta name=\"twitter:card\" content=\"summary_large_image\" \/>\n<meta name=\"twitter:label1\" content=\"Escrito por\" \/>\n\t<meta name=\"twitter:data1\" content=\"Equipe MH\" \/>\n\t<meta name=\"twitter:label2\" content=\"Est. tempo de leitura\" \/>\n\t<meta name=\"twitter:data2\" content=\"3 minutos\" \/>\n<script type=\"application\/ld+json\" class=\"yoast-schema-graph\">{\"@context\":\"https:\/\/schema.org\",\"@graph\":[{\"@type\":\"Article\",\"@id\":\"https:\/\/mhcalculos.com.br\/noticias\/area\/previdenciario\/stf-ministro-mantem-execucao-provisoria-da-pena-de-ex-presidente-da-assembleia-legislativa-do-es.html#article\",\"isPartOf\":{\"@id\":\"https:\/\/mhcalculos.com.br\/noticias\/area\/previdenciario\/stf-ministro-mantem-execucao-provisoria-da-pena-de-ex-presidente-da-assembleia-legislativa-do-es.html\"},\"author\":{\"name\":\"Equipe MH\",\"@id\":\"https:\/\/mhcalculos.com.br\/noticias\/#\/schema\/person\/88d1c34bf72dc779ea14a5a6b8e0ae8d\"},\"headline\":\"STF: Ministro mant\u00e9m execu\u00e7\u00e3o provis\u00f3ria da pena de ex-presidente da Assembleia Legislativa do ES\",\"datePublished\":\"2018-08-31T23:00:37+00:00\",\"dateModified\":\"2021-07-28T17:34:10+00:00\",\"mainEntityOfPage\":{\"@id\":\"https:\/\/mhcalculos.com.br\/noticias\/area\/previdenciario\/stf-ministro-mantem-execucao-provisoria-da-pena-de-ex-presidente-da-assembleia-legislativa-do-es.html\"},\"wordCount\":632,\"commentCount\":0,\"image\":{\"@id\":\"https:\/\/mhcalculos.com.br\/noticias\/area\/previdenciario\/stf-ministro-mantem-execucao-provisoria-da-pena-de-ex-presidente-da-assembleia-legislativa-do-es.html#primaryimage\"},\"thumbnailUrl\":\"https:\/\/mhcalculos.com.br\/noticias\/wp-content\/uploads\/sites\/2\/2018\/08\/judiciario-0020.jpg\",\"keywords\":[\"aposentadoria\",\"c\u00e1lculos previdenci\u00e1rios\",\"direito previdenci\u00e1rio\",\"inss\",\"per\u00edcia\",\"perito\",\"stf\"],\"articleSection\":[\"Direito Previdenci\u00e1rio\",\"STF\"],\"inLanguage\":\"pt-BR\",\"potentialAction\":[{\"@type\":\"CommentAction\",\"name\":\"Comment\",\"target\":[\"https:\/\/mhcalculos.com.br\/noticias\/area\/previdenciario\/stf-ministro-mantem-execucao-provisoria-da-pena-de-ex-presidente-da-assembleia-legislativa-do-es.html#respond\"]}]},{\"@type\":\"WebPage\",\"@id\":\"https:\/\/mhcalculos.com.br\/noticias\/area\/previdenciario\/stf-ministro-mantem-execucao-provisoria-da-pena-de-ex-presidente-da-assembleia-legislativa-do-es.html\",\"url\":\"https:\/\/mhcalculos.com.br\/noticias\/area\/previdenciario\/stf-ministro-mantem-execucao-provisoria-da-pena-de-ex-presidente-da-assembleia-legislativa-do-es.html\",\"name\":\"STF: Ministro mant\u00e9m execu\u00e7\u00e3o provis\u00f3ria da pena de ex-presidente da Assembleia Legislativa do ES | Portal de Not\u00edcias\",\"isPartOf\":{\"@id\":\"https:\/\/mhcalculos.com.br\/noticias\/#website\"},\"primaryImageOfPage\":{\"@id\":\"https:\/\/mhcalculos.com.br\/noticias\/area\/previdenciario\/stf-ministro-mantem-execucao-provisoria-da-pena-de-ex-presidente-da-assembleia-legislativa-do-es.html#primaryimage\"},\"image\":{\"@id\":\"https:\/\/mhcalculos.com.br\/noticias\/area\/previdenciario\/stf-ministro-mantem-execucao-provisoria-da-pena-de-ex-presidente-da-assembleia-legislativa-do-es.html#primaryimage\"},\"thumbnailUrl\":\"https:\/\/mhcalculos.com.br\/noticias\/wp-content\/uploads\/sites\/2\/2018\/08\/judiciario-0020.jpg\",\"datePublished\":\"2018-08-31T23:00:37+00:00\",\"dateModified\":\"2021-07-28T17:34:10+00:00\",\"author\":{\"@id\":\"https:\/\/mhcalculos.com.br\/noticias\/#\/schema\/person\/88d1c34bf72dc779ea14a5a6b8e0ae8d\"},\"breadcrumb\":{\"@id\":\"https:\/\/mhcalculos.com.br\/noticias\/area\/previdenciario\/stf-ministro-mantem-execucao-provisoria-da-pena-de-ex-presidente-da-assembleia-legislativa-do-es.html#breadcrumb\"},\"inLanguage\":\"pt-BR\",\"potentialAction\":[{\"@type\":\"ReadAction\",\"target\":[\"https:\/\/mhcalculos.com.br\/noticias\/area\/previdenciario\/stf-ministro-mantem-execucao-provisoria-da-pena-de-ex-presidente-da-assembleia-legislativa-do-es.html\"]}]},{\"@type\":\"ImageObject\",\"inLanguage\":\"pt-BR\",\"@id\":\"https:\/\/mhcalculos.com.br\/noticias\/area\/previdenciario\/stf-ministro-mantem-execucao-provisoria-da-pena-de-ex-presidente-da-assembleia-legislativa-do-es.html#primaryimage\",\"url\":\"https:\/\/mhcalculos.com.br\/noticias\/wp-content\/uploads\/sites\/2\/2018\/08\/judiciario-0020.jpg\",\"contentUrl\":\"https:\/\/mhcalculos.com.br\/noticias\/wp-content\/uploads\/sites\/2\/2018\/08\/judiciario-0020.jpg\",\"width\":2000,\"height\":800},{\"@type\":\"BreadcrumbList\",\"@id\":\"https:\/\/mhcalculos.com.br\/noticias\/area\/previdenciario\/stf-ministro-mantem-execucao-provisoria-da-pena-de-ex-presidente-da-assembleia-legislativa-do-es.html#breadcrumb\",\"itemListElement\":[{\"@type\":\"ListItem\",\"position\":1,\"name\":\"In\u00edcio\",\"item\":\"https:\/\/mhcalculos.com.br\/noticias\/\"},{\"@type\":\"ListItem\",\"position\":2,\"name\":\"STF: Ministro mant\u00e9m execu\u00e7\u00e3o provis\u00f3ria da pena de ex-presidente da Assembleia Legislativa do ES\"}]},{\"@type\":\"WebSite\",\"@id\":\"https:\/\/mhcalculos.com.br\/noticias\/#website\",\"url\":\"https:\/\/mhcalculos.com.br\/noticias\/\",\"name\":\"Portal de Not\u00edcias\",\"description\":\"Not\u00edcias e Jurisprud\u00eancia\",\"potentialAction\":[{\"@type\":\"SearchAction\",\"target\":{\"@type\":\"EntryPoint\",\"urlTemplate\":\"https:\/\/mhcalculos.com.br\/noticias\/?s={search_term_string}\"},\"query-input\":{\"@type\":\"PropertyValueSpecification\",\"valueRequired\":true,\"valueName\":\"search_term_string\"}}],\"inLanguage\":\"pt-BR\"},{\"@type\":\"Person\",\"@id\":\"https:\/\/mhcalculos.com.br\/noticias\/#\/schema\/person\/88d1c34bf72dc779ea14a5a6b8e0ae8d\",\"name\":\"Equipe MH\",\"image\":{\"@type\":\"ImageObject\",\"inLanguage\":\"pt-BR\",\"@id\":\"https:\/\/secure.gravatar.com\/avatar\/de1c686c2ecc9c5a3f327e3431d819eb39f8f05d4e1045f5a1caad6daaba987f?s=96&d=mm&r=g\",\"url\":\"https:\/\/secure.gravatar.com\/avatar\/de1c686c2ecc9c5a3f327e3431d819eb39f8f05d4e1045f5a1caad6daaba987f?s=96&d=mm&r=g\",\"contentUrl\":\"https:\/\/secure.gravatar.com\/avatar\/de1c686c2ecc9c5a3f327e3431d819eb39f8f05d4e1045f5a1caad6daaba987f?s=96&d=mm&r=g\",\"caption\":\"Equipe MH\"}}]}<\/script>\n<!-- \/ Yoast SEO plugin. -->","yoast_head_json":{"title":"STF: Ministro mant\u00e9m execu\u00e7\u00e3o provis\u00f3ria da pena de ex-presidente da Assembleia Legislativa do ES | Portal de Not\u00edcias","robots":{"index":"index","follow":"follow","max-snippet":"max-snippet:-1","max-image-preview":"max-image-preview:large","max-video-preview":"max-video-preview:-1"},"canonical":"https:\/\/mhcalculos.com.br\/noticias\/area\/previdenciario\/stf-ministro-mantem-execucao-provisoria-da-pena-de-ex-presidente-da-assembleia-legislativa-do-es.html","og_locale":"pt_BR","og_type":"article","og_title":"STF: Ministro mant\u00e9m execu\u00e7\u00e3o provis\u00f3ria da pena de ex-presidente da Assembleia Legislativa do ES | Portal de Not\u00edcias","og_description":"O ministro Alexandre de Moraes, do Supremo Tribunal Federal (STF), indeferiu o Habeas Corpus (HC) 149439 e manteve a execu\u00e7\u00e3o provis\u00f3ria da pena imposta pelo Superior Tribunal de Justi\u00e7a (STJ) ao ex-presidente da Assembleia Legislativa do Esp\u00edrito Santo Jos\u00e9 Carlos Gratz, condenado a cinco anos e seis meses de reclus\u00e3o, em regime inicial fechado, pela [&hellip;]","og_url":"https:\/\/mhcalculos.com.br\/noticias\/area\/previdenciario\/stf-ministro-mantem-execucao-provisoria-da-pena-de-ex-presidente-da-assembleia-legislativa-do-es.html","og_site_name":"Portal de Not\u00edcias","article_published_time":"2018-08-31T23:00:37+00:00","article_modified_time":"2021-07-28T17:34:10+00:00","og_image":[{"width":2000,"height":800,"url":"https:\/\/mhcalculos.com.br\/noticias\/wp-content\/uploads\/sites\/2\/2018\/08\/judiciario-0020.jpg","type":"image\/jpeg"}],"author":"Equipe MH","twitter_card":"summary_large_image","twitter_misc":{"Escrito por":"Equipe MH","Est. tempo de leitura":"3 minutos"},"schema":{"@context":"https:\/\/schema.org","@graph":[{"@type":"Article","@id":"https:\/\/mhcalculos.com.br\/noticias\/area\/previdenciario\/stf-ministro-mantem-execucao-provisoria-da-pena-de-ex-presidente-da-assembleia-legislativa-do-es.html#article","isPartOf":{"@id":"https:\/\/mhcalculos.com.br\/noticias\/area\/previdenciario\/stf-ministro-mantem-execucao-provisoria-da-pena-de-ex-presidente-da-assembleia-legislativa-do-es.html"},"author":{"name":"Equipe MH","@id":"https:\/\/mhcalculos.com.br\/noticias\/#\/schema\/person\/88d1c34bf72dc779ea14a5a6b8e0ae8d"},"headline":"STF: Ministro mant\u00e9m execu\u00e7\u00e3o provis\u00f3ria da pena de ex-presidente da Assembleia Legislativa do ES","datePublished":"2018-08-31T23:00:37+00:00","dateModified":"2021-07-28T17:34:10+00:00","mainEntityOfPage":{"@id":"https:\/\/mhcalculos.com.br\/noticias\/area\/previdenciario\/stf-ministro-mantem-execucao-provisoria-da-pena-de-ex-presidente-da-assembleia-legislativa-do-es.html"},"wordCount":632,"commentCount":0,"image":{"@id":"https:\/\/mhcalculos.com.br\/noticias\/area\/previdenciario\/stf-ministro-mantem-execucao-provisoria-da-pena-de-ex-presidente-da-assembleia-legislativa-do-es.html#primaryimage"},"thumbnailUrl":"https:\/\/mhcalculos.com.br\/noticias\/wp-content\/uploads\/sites\/2\/2018\/08\/judiciario-0020.jpg","keywords":["aposentadoria","c\u00e1lculos previdenci\u00e1rios","direito previdenci\u00e1rio","inss","per\u00edcia","perito","stf"],"articleSection":["Direito Previdenci\u00e1rio","STF"],"inLanguage":"pt-BR","potentialAction":[{"@type":"CommentAction","name":"Comment","target":["https:\/\/mhcalculos.com.br\/noticias\/area\/previdenciario\/stf-ministro-mantem-execucao-provisoria-da-pena-de-ex-presidente-da-assembleia-legislativa-do-es.html#respond"]}]},{"@type":"WebPage","@id":"https:\/\/mhcalculos.com.br\/noticias\/area\/previdenciario\/stf-ministro-mantem-execucao-provisoria-da-pena-de-ex-presidente-da-assembleia-legislativa-do-es.html","url":"https:\/\/mhcalculos.com.br\/noticias\/area\/previdenciario\/stf-ministro-mantem-execucao-provisoria-da-pena-de-ex-presidente-da-assembleia-legislativa-do-es.html","name":"STF: Ministro mant\u00e9m execu\u00e7\u00e3o provis\u00f3ria da pena de ex-presidente da Assembleia Legislativa do ES | Portal de Not\u00edcias","isPartOf":{"@id":"https:\/\/mhcalculos.com.br\/noticias\/#website"},"primaryImageOfPage":{"@id":"https:\/\/mhcalculos.com.br\/noticias\/area\/previdenciario\/stf-ministro-mantem-execucao-provisoria-da-pena-de-ex-presidente-da-assembleia-legislativa-do-es.html#primaryimage"},"image":{"@id":"https:\/\/mhcalculos.com.br\/noticias\/area\/previdenciario\/stf-ministro-mantem-execucao-provisoria-da-pena-de-ex-presidente-da-assembleia-legislativa-do-es.html#primaryimage"},"thumbnailUrl":"https:\/\/mhcalculos.com.br\/noticias\/wp-content\/uploads\/sites\/2\/2018\/08\/judiciario-0020.jpg","datePublished":"2018-08-31T23:00:37+00:00","dateModified":"2021-07-28T17:34:10+00:00","author":{"@id":"https:\/\/mhcalculos.com.br\/noticias\/#\/schema\/person\/88d1c34bf72dc779ea14a5a6b8e0ae8d"},"breadcrumb":{"@id":"https:\/\/mhcalculos.com.br\/noticias\/area\/previdenciario\/stf-ministro-mantem-execucao-provisoria-da-pena-de-ex-presidente-da-assembleia-legislativa-do-es.html#breadcrumb"},"inLanguage":"pt-BR","potentialAction":[{"@type":"ReadAction","target":["https:\/\/mhcalculos.com.br\/noticias\/area\/previdenciario\/stf-ministro-mantem-execucao-provisoria-da-pena-de-ex-presidente-da-assembleia-legislativa-do-es.html"]}]},{"@type":"ImageObject","inLanguage":"pt-BR","@id":"https:\/\/mhcalculos.com.br\/noticias\/area\/previdenciario\/stf-ministro-mantem-execucao-provisoria-da-pena-de-ex-presidente-da-assembleia-legislativa-do-es.html#primaryimage","url":"https:\/\/mhcalculos.com.br\/noticias\/wp-content\/uploads\/sites\/2\/2018\/08\/judiciario-0020.jpg","contentUrl":"https:\/\/mhcalculos.com.br\/noticias\/wp-content\/uploads\/sites\/2\/2018\/08\/judiciario-0020.jpg","width":2000,"height":800},{"@type":"BreadcrumbList","@id":"https:\/\/mhcalculos.com.br\/noticias\/area\/previdenciario\/stf-ministro-mantem-execucao-provisoria-da-pena-de-ex-presidente-da-assembleia-legislativa-do-es.html#breadcrumb","itemListElement":[{"@type":"ListItem","position":1,"name":"In\u00edcio","item":"https:\/\/mhcalculos.com.br\/noticias\/"},{"@type":"ListItem","position":2,"name":"STF: Ministro mant\u00e9m execu\u00e7\u00e3o provis\u00f3ria da pena de ex-presidente da Assembleia Legislativa do ES"}]},{"@type":"WebSite","@id":"https:\/\/mhcalculos.com.br\/noticias\/#website","url":"https:\/\/mhcalculos.com.br\/noticias\/","name":"Portal de Not\u00edcias","description":"Not\u00edcias e Jurisprud\u00eancia","potentialAction":[{"@type":"SearchAction","target":{"@type":"EntryPoint","urlTemplate":"https:\/\/mhcalculos.com.br\/noticias\/?s={search_term_string}"},"query-input":{"@type":"PropertyValueSpecification","valueRequired":true,"valueName":"search_term_string"}}],"inLanguage":"pt-BR"},{"@type":"Person","@id":"https:\/\/mhcalculos.com.br\/noticias\/#\/schema\/person\/88d1c34bf72dc779ea14a5a6b8e0ae8d","name":"Equipe MH","image":{"@type":"ImageObject","inLanguage":"pt-BR","@id":"https:\/\/secure.gravatar.com\/avatar\/de1c686c2ecc9c5a3f327e3431d819eb39f8f05d4e1045f5a1caad6daaba987f?s=96&d=mm&r=g","url":"https:\/\/secure.gravatar.com\/avatar\/de1c686c2ecc9c5a3f327e3431d819eb39f8f05d4e1045f5a1caad6daaba987f?s=96&d=mm&r=g","contentUrl":"https:\/\/secure.gravatar.com\/avatar\/de1c686c2ecc9c5a3f327e3431d819eb39f8f05d4e1045f5a1caad6daaba987f?s=96&d=mm&r=g","caption":"Equipe MH"}}]}},"_links":{"self":[{"href":"https:\/\/mhcalculos.com.br\/noticias\/wp-json\/wp\/v2\/posts\/3068","targetHints":{"allow":["GET"]}}],"collection":[{"href":"https:\/\/mhcalculos.com.br\/noticias\/wp-json\/wp\/v2\/posts"}],"about":[{"href":"https:\/\/mhcalculos.com.br\/noticias\/wp-json\/wp\/v2\/types\/post"}],"author":[{"embeddable":true,"href":"https:\/\/mhcalculos.com.br\/noticias\/wp-json\/wp\/v2\/users\/3063"}],"replies":[{"embeddable":true,"href":"https:\/\/mhcalculos.com.br\/noticias\/wp-json\/wp\/v2\/comments?post=3068"}],"version-history":[{"count":1,"href":"https:\/\/mhcalculos.com.br\/noticias\/wp-json\/wp\/v2\/posts\/3068\/revisions"}],"predecessor-version":[{"id":10248,"href":"https:\/\/mhcalculos.com.br\/noticias\/wp-json\/wp\/v2\/posts\/3068\/revisions\/10248"}],"wp:featuredmedia":[{"embeddable":true,"href":"https:\/\/mhcalculos.com.br\/noticias\/wp-json\/wp\/v2\/media\/2740"}],"wp:attachment":[{"href":"https:\/\/mhcalculos.com.br\/noticias\/wp-json\/wp\/v2\/media?parent=3068"}],"wp:term":[{"taxonomy":"category","embeddable":true,"href":"https:\/\/mhcalculos.com.br\/noticias\/wp-json\/wp\/v2\/categories?post=3068"},{"taxonomy":"post_tag","embeddable":true,"href":"https:\/\/mhcalculos.com.br\/noticias\/wp-json\/wp\/v2\/tags?post=3068"}],"curies":[{"name":"wp","href":"https:\/\/api.w.org\/{rel}","templated":true}]}}