{"id":2971,"date":"2018-08-23T02:00:45","date_gmt":"2018-08-23T05:00:45","guid":{"rendered":"https:\/\/mhcalculos.com.br\/noticias\/2018\/08\/23\/stf-ministro-suspende-decisao-que-determinou-penhora-de-valores-da-dersa\/"},"modified":"2021-07-28T14:34:13","modified_gmt":"2021-07-28T17:34:13","slug":"stf-ministro-suspende-decisao-que-determinou-penhora-de-valores-da-dersa","status":"publish","type":"post","link":"https:\/\/mhcalculos.com.br\/noticias\/area\/tributario\/stf-ministro-suspende-decisao-que-determinou-penhora-de-valores-da-dersa.html","title":{"rendered":"STF: Ministro suspende decis\u00e3o que determinou penhora de valores da Dersa"},"content":{"rendered":"\n<p>O ministro Gilmar Mendes, do Supremo Tribunal Federal (STF), concedeu liminar para suspender decis\u00e3o que determinava a penhora de valores da Dersa \u2013 Desenvolvimento Vi\u00e1rio S\/A, empresa gestora da infraestrutura de transportes no Estado de S\u00e3o Paulo. Na Reclama\u00e7\u00e3o (RCL) 31124, a estatal paulista alega que decis\u00e3o determinando a penhora desrespeita decis\u00e3o na Argui\u00e7\u00e3o de Descumprimento de Preceito Fundamental (ADPF) 387, na qual o Supremo reconheceu a aplica\u00e7\u00e3o do regime de precat\u00f3rios \u00e0s sociedades de economia mista prestadoras de servi\u00e7os p\u00fablicos.<\/p>\n<p>Segundo a RCL, a Dersa foi condenada ao pagamento de valores de corre\u00e7\u00e3o monet\u00e1ria e juros referentes a atrasos decorrentes de contrato com a Construtora Lix da Cunha S\/A. Em seguida, o ju\u00edzo da 4\u00aa Vara da Fazenda P\u00fablica de S\u00e3o Paulo determinou a penhora de valores referentes \u00e0 aliena\u00e7\u00e3o de im\u00f3vel de propriedade da empresa, e esta decis\u00e3o foi mantida pelo Tribunal de Justi\u00e7a paulista (TJ-SP). Segundo a Dersa, essas decis\u00f5es colocam em risco a continuidade dos servi\u00e7os p\u00fablicos por ela prestados. Informa ainda que iniciou o procedimento de transforma\u00e7\u00e3o de sociedade de economia mista em empresa p\u00fablica prestadora de servi\u00e7os p\u00fablicos, o que, segundo alega, refor\u00e7a a aplica\u00e7\u00e3o do regime de precat\u00f3rios.<\/p>\n<p><b>Decis\u00e3o<\/b><\/p>\n<p>Em an\u00e1lise preliminar do caso, o ministro Gilmar Mendes constatou que o ju\u00edzo reclamado, ao determinar a penhora de cr\u00e9dito da empresa, sem\u00a0submeter o d\u00e9bito ao regime de precat\u00f3rio, afrontou a decis\u00e3o do STF tomada na ADPF 387. No julgamento, explicou o ministro, a Corte entendeu ser aplic\u00e1vel o regime de precat\u00f3rio \u00e0s sociedades de economia mista prestadoras de servi\u00e7o p\u00fablico pr\u00f3prio do Estado e de natureza n\u00e3o concorrencial. Por outro lado, afirmou o relator, n\u00e3o est\u00e3o sujeitas a esse regime as entidades jur\u00eddicas que atuam em mercado sujeito \u00e0s concorr\u00eancia e que permitem a acumula\u00e7\u00e3o ou a distribui\u00e7\u00f5es de lucros, as quais est\u00e3o submetidas ao regime de execu\u00e7\u00e3o comum das empresas controladas pelo setor privado.<\/p>\n<p>\u201cO regime de precat\u00f3rios \u00e9 um importante mecanismo de racionaliza\u00e7\u00e3o dos pagamentos das obriga\u00e7\u00f5es estatais oriundos de senten\u00e7as judiciais, que permite a continuidade da presta\u00e7\u00e3o de servi\u00e7os p\u00fablicos e, consequentemente, a efetiva\u00e7\u00e3o dos pr\u00f3prios direitos fundamentais\u201d, afirmou Mendes.<\/p>\n<p><span style=\"font-size: smaller;\">FT\/AD<\/span><\/p>\n<p>Leia mais:<\/p>\n<p>23\/03\/2017 \u2013 <a href=\"http:\/\/portal.stf.jus.br\/noticias\/verNoticiaDetalhe.asp?idConteudo=339028\">Supremo cassa decis\u00f5es da Justi\u00e7a do Trabalho que bloquearam valores do Estado do Piau\u00ed<\/a><\/p>\n<p>&nbsp;<\/p>\n<p><i>Com informa\u00e7\u00f5es da assessoria de imprensa do STF.<\/i><\/p>\n<p><a href=\"http:\/\/www.stf.jus.br\/portal\/cms\/verNoticiaDetalhe.asp?idConteudo=387569\">Fonte<\/a><\/p>\n\n","protected":false},"excerpt":{"rendered":"<p>O ministro Gilmar Mendes, do Supremo Tribunal Federal (STF), concedeu liminar para suspender decis\u00e3o que determinava a penhora de valores da Dersa \u2013 Desenvolvimento Vi\u00e1rio S\/A, empresa gestora da infraestrutura de transportes no Estado de S\u00e3o Paulo. Na Reclama\u00e7\u00e3o (RCL) 31124, a estatal paulista alega que decis\u00e3o determinando a penhora desrespeita decis\u00e3o na Argui\u00e7\u00e3o de [&hellip;]<\/p>\n","protected":false},"author":3063,"featured_media":1595,"comment_status":"open","ping_status":"open","sticky":false,"template":"","format":"standard","meta":{"footnotes":""},"categories":[18,15],"tags":[32,31,42,30,29,213,9,12,16],"class_list":{"0":"post-2971","1":"post","2":"type-post","3":"status-publish","4":"format-standard","5":"has-post-thumbnail","7":"category-tributario","8":"category-stf","9":"tag-calculos-judiciais","10":"tag-calculos-tributarios","11":"tag-direito-tributario","12":"tag-divida-ativa","13":"tag-fazenda-publica","14":"tag-imposto","15":"tag-pericia","16":"tag-perito","17":"tag-stf"},"yoast_head":"<!-- This site is optimized with the Yoast SEO plugin v27.2 - https:\/\/yoast.com\/product\/yoast-seo-wordpress\/ -->\n<title>STF: Ministro suspende decis\u00e3o que determinou penhora de valores da Dersa | Portal de Not\u00edcias<\/title>\n<meta name=\"robots\" content=\"index, follow, max-snippet:-1, max-image-preview:large, max-video-preview:-1\" \/>\n<link rel=\"canonical\" href=\"https:\/\/mhcalculos.com.br\/noticias\/area\/tributario\/stf-ministro-suspende-decisao-que-determinou-penhora-de-valores-da-dersa.html\" \/>\n<meta property=\"og:locale\" content=\"pt_BR\" \/>\n<meta property=\"og:type\" content=\"article\" \/>\n<meta property=\"og:title\" content=\"STF: Ministro suspende decis\u00e3o que determinou penhora de valores da Dersa | Portal de Not\u00edcias\" \/>\n<meta property=\"og:description\" content=\"O ministro Gilmar Mendes, do Supremo Tribunal Federal (STF), concedeu liminar para suspender decis\u00e3o que determinava a penhora de valores da Dersa \u2013 Desenvolvimento Vi\u00e1rio S\/A, empresa gestora da infraestrutura de transportes no Estado de S\u00e3o Paulo. Na Reclama\u00e7\u00e3o (RCL) 31124, a estatal paulista alega que decis\u00e3o determinando a penhora desrespeita decis\u00e3o na Argui\u00e7\u00e3o de [&hellip;]\" \/>\n<meta property=\"og:url\" content=\"https:\/\/mhcalculos.com.br\/noticias\/area\/tributario\/stf-ministro-suspende-decisao-que-determinou-penhora-de-valores-da-dersa.html\" \/>\n<meta property=\"og:site_name\" content=\"Portal de Not\u00edcias\" \/>\n<meta property=\"article:published_time\" content=\"2018-08-23T05:00:45+00:00\" \/>\n<meta property=\"article:modified_time\" content=\"2021-07-28T17:34:13+00:00\" \/>\n<meta property=\"og:image\" content=\"https:\/\/mhcalculos.com.br\/noticias\/wp-content\/uploads\/sites\/2\/2018\/06\/judiciario-0034.jpg\" \/>\n\t<meta property=\"og:image:width\" content=\"2000\" \/>\n\t<meta property=\"og:image:height\" content=\"800\" \/>\n\t<meta property=\"og:image:type\" content=\"image\/jpeg\" \/>\n<meta name=\"author\" content=\"Equipe MH\" \/>\n<meta name=\"twitter:card\" content=\"summary_large_image\" \/>\n<meta name=\"twitter:label1\" content=\"Escrito por\" \/>\n\t<meta name=\"twitter:data1\" content=\"Equipe MH\" \/>\n\t<meta name=\"twitter:label2\" content=\"Est. tempo de leitura\" \/>\n\t<meta name=\"twitter:data2\" content=\"2 minutos\" \/>\n<script type=\"application\/ld+json\" class=\"yoast-schema-graph\">{\"@context\":\"https:\/\/schema.org\",\"@graph\":[{\"@type\":\"Article\",\"@id\":\"https:\/\/mhcalculos.com.br\/noticias\/area\/tributario\/stf-ministro-suspende-decisao-que-determinou-penhora-de-valores-da-dersa.html#article\",\"isPartOf\":{\"@id\":\"https:\/\/mhcalculos.com.br\/noticias\/area\/tributario\/stf-ministro-suspende-decisao-que-determinou-penhora-de-valores-da-dersa.html\"},\"author\":{\"name\":\"Equipe MH\",\"@id\":\"https:\/\/mhcalculos.com.br\/noticias\/#\/schema\/person\/88d1c34bf72dc779ea14a5a6b8e0ae8d\"},\"headline\":\"STF: Ministro suspende decis\u00e3o que determinou penhora de valores da Dersa\",\"datePublished\":\"2018-08-23T05:00:45+00:00\",\"dateModified\":\"2021-07-28T17:34:13+00:00\",\"mainEntityOfPage\":{\"@id\":\"https:\/\/mhcalculos.com.br\/noticias\/area\/tributario\/stf-ministro-suspende-decisao-que-determinou-penhora-de-valores-da-dersa.html\"},\"wordCount\":451,\"commentCount\":0,\"image\":{\"@id\":\"https:\/\/mhcalculos.com.br\/noticias\/area\/tributario\/stf-ministro-suspende-decisao-que-determinou-penhora-de-valores-da-dersa.html#primaryimage\"},\"thumbnailUrl\":\"https:\/\/mhcalculos.com.br\/noticias\/wp-content\/uploads\/sites\/2\/2018\/06\/judiciario-0034.jpg\",\"keywords\":[\"c\u00e1lculos judiciais\",\"c\u00e1lculos tribut\u00e1rios\",\"direito tribut\u00e1rio\",\"d\u00edvida ativa\",\"fazenda p\u00fablica\",\"Imposto\",\"per\u00edcia\",\"perito\",\"stf\"],\"articleSection\":[\"Direito Tribut\u00e1rio\",\"STF\"],\"inLanguage\":\"pt-BR\",\"potentialAction\":[{\"@type\":\"CommentAction\",\"name\":\"Comment\",\"target\":[\"https:\/\/mhcalculos.com.br\/noticias\/area\/tributario\/stf-ministro-suspende-decisao-que-determinou-penhora-de-valores-da-dersa.html#respond\"]}]},{\"@type\":\"WebPage\",\"@id\":\"https:\/\/mhcalculos.com.br\/noticias\/area\/tributario\/stf-ministro-suspende-decisao-que-determinou-penhora-de-valores-da-dersa.html\",\"url\":\"https:\/\/mhcalculos.com.br\/noticias\/area\/tributario\/stf-ministro-suspende-decisao-que-determinou-penhora-de-valores-da-dersa.html\",\"name\":\"STF: Ministro suspende decis\u00e3o que determinou penhora de valores da Dersa | Portal de Not\u00edcias\",\"isPartOf\":{\"@id\":\"https:\/\/mhcalculos.com.br\/noticias\/#website\"},\"primaryImageOfPage\":{\"@id\":\"https:\/\/mhcalculos.com.br\/noticias\/area\/tributario\/stf-ministro-suspende-decisao-que-determinou-penhora-de-valores-da-dersa.html#primaryimage\"},\"image\":{\"@id\":\"https:\/\/mhcalculos.com.br\/noticias\/area\/tributario\/stf-ministro-suspende-decisao-que-determinou-penhora-de-valores-da-dersa.html#primaryimage\"},\"thumbnailUrl\":\"https:\/\/mhcalculos.com.br\/noticias\/wp-content\/uploads\/sites\/2\/2018\/06\/judiciario-0034.jpg\",\"datePublished\":\"2018-08-23T05:00:45+00:00\",\"dateModified\":\"2021-07-28T17:34:13+00:00\",\"author\":{\"@id\":\"https:\/\/mhcalculos.com.br\/noticias\/#\/schema\/person\/88d1c34bf72dc779ea14a5a6b8e0ae8d\"},\"breadcrumb\":{\"@id\":\"https:\/\/mhcalculos.com.br\/noticias\/area\/tributario\/stf-ministro-suspende-decisao-que-determinou-penhora-de-valores-da-dersa.html#breadcrumb\"},\"inLanguage\":\"pt-BR\",\"potentialAction\":[{\"@type\":\"ReadAction\",\"target\":[\"https:\/\/mhcalculos.com.br\/noticias\/area\/tributario\/stf-ministro-suspende-decisao-que-determinou-penhora-de-valores-da-dersa.html\"]}]},{\"@type\":\"ImageObject\",\"inLanguage\":\"pt-BR\",\"@id\":\"https:\/\/mhcalculos.com.br\/noticias\/area\/tributario\/stf-ministro-suspende-decisao-que-determinou-penhora-de-valores-da-dersa.html#primaryimage\",\"url\":\"https:\/\/mhcalculos.com.br\/noticias\/wp-content\/uploads\/sites\/2\/2018\/06\/judiciario-0034.jpg\",\"contentUrl\":\"https:\/\/mhcalculos.com.br\/noticias\/wp-content\/uploads\/sites\/2\/2018\/06\/judiciario-0034.jpg\",\"width\":2000,\"height\":800},{\"@type\":\"BreadcrumbList\",\"@id\":\"https:\/\/mhcalculos.com.br\/noticias\/area\/tributario\/stf-ministro-suspende-decisao-que-determinou-penhora-de-valores-da-dersa.html#breadcrumb\",\"itemListElement\":[{\"@type\":\"ListItem\",\"position\":1,\"name\":\"In\u00edcio\",\"item\":\"https:\/\/mhcalculos.com.br\/noticias\/\"},{\"@type\":\"ListItem\",\"position\":2,\"name\":\"STF: Ministro suspende decis\u00e3o que determinou penhora de valores da Dersa\"}]},{\"@type\":\"WebSite\",\"@id\":\"https:\/\/mhcalculos.com.br\/noticias\/#website\",\"url\":\"https:\/\/mhcalculos.com.br\/noticias\/\",\"name\":\"Portal de Not\u00edcias\",\"description\":\"Not\u00edcias e Jurisprud\u00eancia\",\"potentialAction\":[{\"@type\":\"SearchAction\",\"target\":{\"@type\":\"EntryPoint\",\"urlTemplate\":\"https:\/\/mhcalculos.com.br\/noticias\/?s={search_term_string}\"},\"query-input\":{\"@type\":\"PropertyValueSpecification\",\"valueRequired\":true,\"valueName\":\"search_term_string\"}}],\"inLanguage\":\"pt-BR\"},{\"@type\":\"Person\",\"@id\":\"https:\/\/mhcalculos.com.br\/noticias\/#\/schema\/person\/88d1c34bf72dc779ea14a5a6b8e0ae8d\",\"name\":\"Equipe MH\",\"image\":{\"@type\":\"ImageObject\",\"inLanguage\":\"pt-BR\",\"@id\":\"https:\/\/secure.gravatar.com\/avatar\/de1c686c2ecc9c5a3f327e3431d819eb39f8f05d4e1045f5a1caad6daaba987f?s=96&d=mm&r=g\",\"url\":\"https:\/\/secure.gravatar.com\/avatar\/de1c686c2ecc9c5a3f327e3431d819eb39f8f05d4e1045f5a1caad6daaba987f?s=96&d=mm&r=g\",\"contentUrl\":\"https:\/\/secure.gravatar.com\/avatar\/de1c686c2ecc9c5a3f327e3431d819eb39f8f05d4e1045f5a1caad6daaba987f?s=96&d=mm&r=g\",\"caption\":\"Equipe MH\"}}]}<\/script>\n<!-- \/ Yoast SEO plugin. -->","yoast_head_json":{"title":"STF: Ministro suspende decis\u00e3o que determinou penhora de valores da Dersa | Portal de Not\u00edcias","robots":{"index":"index","follow":"follow","max-snippet":"max-snippet:-1","max-image-preview":"max-image-preview:large","max-video-preview":"max-video-preview:-1"},"canonical":"https:\/\/mhcalculos.com.br\/noticias\/area\/tributario\/stf-ministro-suspende-decisao-que-determinou-penhora-de-valores-da-dersa.html","og_locale":"pt_BR","og_type":"article","og_title":"STF: Ministro suspende decis\u00e3o que determinou penhora de valores da Dersa | Portal de Not\u00edcias","og_description":"O ministro Gilmar Mendes, do Supremo Tribunal Federal (STF), concedeu liminar para suspender decis\u00e3o que determinava a penhora de valores da Dersa \u2013 Desenvolvimento Vi\u00e1rio S\/A, empresa gestora da infraestrutura de transportes no Estado de S\u00e3o Paulo. Na Reclama\u00e7\u00e3o (RCL) 31124, a estatal paulista alega que decis\u00e3o determinando a penhora desrespeita decis\u00e3o na Argui\u00e7\u00e3o de [&hellip;]","og_url":"https:\/\/mhcalculos.com.br\/noticias\/area\/tributario\/stf-ministro-suspende-decisao-que-determinou-penhora-de-valores-da-dersa.html","og_site_name":"Portal de Not\u00edcias","article_published_time":"2018-08-23T05:00:45+00:00","article_modified_time":"2021-07-28T17:34:13+00:00","og_image":[{"width":2000,"height":800,"url":"https:\/\/mhcalculos.com.br\/noticias\/wp-content\/uploads\/sites\/2\/2018\/06\/judiciario-0034.jpg","type":"image\/jpeg"}],"author":"Equipe MH","twitter_card":"summary_large_image","twitter_misc":{"Escrito por":"Equipe MH","Est. tempo de leitura":"2 minutos"},"schema":{"@context":"https:\/\/schema.org","@graph":[{"@type":"Article","@id":"https:\/\/mhcalculos.com.br\/noticias\/area\/tributario\/stf-ministro-suspende-decisao-que-determinou-penhora-de-valores-da-dersa.html#article","isPartOf":{"@id":"https:\/\/mhcalculos.com.br\/noticias\/area\/tributario\/stf-ministro-suspende-decisao-que-determinou-penhora-de-valores-da-dersa.html"},"author":{"name":"Equipe MH","@id":"https:\/\/mhcalculos.com.br\/noticias\/#\/schema\/person\/88d1c34bf72dc779ea14a5a6b8e0ae8d"},"headline":"STF: Ministro suspende decis\u00e3o que determinou penhora de valores da Dersa","datePublished":"2018-08-23T05:00:45+00:00","dateModified":"2021-07-28T17:34:13+00:00","mainEntityOfPage":{"@id":"https:\/\/mhcalculos.com.br\/noticias\/area\/tributario\/stf-ministro-suspende-decisao-que-determinou-penhora-de-valores-da-dersa.html"},"wordCount":451,"commentCount":0,"image":{"@id":"https:\/\/mhcalculos.com.br\/noticias\/area\/tributario\/stf-ministro-suspende-decisao-que-determinou-penhora-de-valores-da-dersa.html#primaryimage"},"thumbnailUrl":"https:\/\/mhcalculos.com.br\/noticias\/wp-content\/uploads\/sites\/2\/2018\/06\/judiciario-0034.jpg","keywords":["c\u00e1lculos judiciais","c\u00e1lculos tribut\u00e1rios","direito tribut\u00e1rio","d\u00edvida ativa","fazenda p\u00fablica","Imposto","per\u00edcia","perito","stf"],"articleSection":["Direito Tribut\u00e1rio","STF"],"inLanguage":"pt-BR","potentialAction":[{"@type":"CommentAction","name":"Comment","target":["https:\/\/mhcalculos.com.br\/noticias\/area\/tributario\/stf-ministro-suspende-decisao-que-determinou-penhora-de-valores-da-dersa.html#respond"]}]},{"@type":"WebPage","@id":"https:\/\/mhcalculos.com.br\/noticias\/area\/tributario\/stf-ministro-suspende-decisao-que-determinou-penhora-de-valores-da-dersa.html","url":"https:\/\/mhcalculos.com.br\/noticias\/area\/tributario\/stf-ministro-suspende-decisao-que-determinou-penhora-de-valores-da-dersa.html","name":"STF: Ministro suspende decis\u00e3o que determinou penhora de valores da Dersa | Portal de Not\u00edcias","isPartOf":{"@id":"https:\/\/mhcalculos.com.br\/noticias\/#website"},"primaryImageOfPage":{"@id":"https:\/\/mhcalculos.com.br\/noticias\/area\/tributario\/stf-ministro-suspende-decisao-que-determinou-penhora-de-valores-da-dersa.html#primaryimage"},"image":{"@id":"https:\/\/mhcalculos.com.br\/noticias\/area\/tributario\/stf-ministro-suspende-decisao-que-determinou-penhora-de-valores-da-dersa.html#primaryimage"},"thumbnailUrl":"https:\/\/mhcalculos.com.br\/noticias\/wp-content\/uploads\/sites\/2\/2018\/06\/judiciario-0034.jpg","datePublished":"2018-08-23T05:00:45+00:00","dateModified":"2021-07-28T17:34:13+00:00","author":{"@id":"https:\/\/mhcalculos.com.br\/noticias\/#\/schema\/person\/88d1c34bf72dc779ea14a5a6b8e0ae8d"},"breadcrumb":{"@id":"https:\/\/mhcalculos.com.br\/noticias\/area\/tributario\/stf-ministro-suspende-decisao-que-determinou-penhora-de-valores-da-dersa.html#breadcrumb"},"inLanguage":"pt-BR","potentialAction":[{"@type":"ReadAction","target":["https:\/\/mhcalculos.com.br\/noticias\/area\/tributario\/stf-ministro-suspende-decisao-que-determinou-penhora-de-valores-da-dersa.html"]}]},{"@type":"ImageObject","inLanguage":"pt-BR","@id":"https:\/\/mhcalculos.com.br\/noticias\/area\/tributario\/stf-ministro-suspende-decisao-que-determinou-penhora-de-valores-da-dersa.html#primaryimage","url":"https:\/\/mhcalculos.com.br\/noticias\/wp-content\/uploads\/sites\/2\/2018\/06\/judiciario-0034.jpg","contentUrl":"https:\/\/mhcalculos.com.br\/noticias\/wp-content\/uploads\/sites\/2\/2018\/06\/judiciario-0034.jpg","width":2000,"height":800},{"@type":"BreadcrumbList","@id":"https:\/\/mhcalculos.com.br\/noticias\/area\/tributario\/stf-ministro-suspende-decisao-que-determinou-penhora-de-valores-da-dersa.html#breadcrumb","itemListElement":[{"@type":"ListItem","position":1,"name":"In\u00edcio","item":"https:\/\/mhcalculos.com.br\/noticias\/"},{"@type":"ListItem","position":2,"name":"STF: Ministro suspende decis\u00e3o que determinou penhora de valores da Dersa"}]},{"@type":"WebSite","@id":"https:\/\/mhcalculos.com.br\/noticias\/#website","url":"https:\/\/mhcalculos.com.br\/noticias\/","name":"Portal de Not\u00edcias","description":"Not\u00edcias e Jurisprud\u00eancia","potentialAction":[{"@type":"SearchAction","target":{"@type":"EntryPoint","urlTemplate":"https:\/\/mhcalculos.com.br\/noticias\/?s={search_term_string}"},"query-input":{"@type":"PropertyValueSpecification","valueRequired":true,"valueName":"search_term_string"}}],"inLanguage":"pt-BR"},{"@type":"Person","@id":"https:\/\/mhcalculos.com.br\/noticias\/#\/schema\/person\/88d1c34bf72dc779ea14a5a6b8e0ae8d","name":"Equipe MH","image":{"@type":"ImageObject","inLanguage":"pt-BR","@id":"https:\/\/secure.gravatar.com\/avatar\/de1c686c2ecc9c5a3f327e3431d819eb39f8f05d4e1045f5a1caad6daaba987f?s=96&d=mm&r=g","url":"https:\/\/secure.gravatar.com\/avatar\/de1c686c2ecc9c5a3f327e3431d819eb39f8f05d4e1045f5a1caad6daaba987f?s=96&d=mm&r=g","contentUrl":"https:\/\/secure.gravatar.com\/avatar\/de1c686c2ecc9c5a3f327e3431d819eb39f8f05d4e1045f5a1caad6daaba987f?s=96&d=mm&r=g","caption":"Equipe MH"}}]}},"_links":{"self":[{"href":"https:\/\/mhcalculos.com.br\/noticias\/wp-json\/wp\/v2\/posts\/2971","targetHints":{"allow":["GET"]}}],"collection":[{"href":"https:\/\/mhcalculos.com.br\/noticias\/wp-json\/wp\/v2\/posts"}],"about":[{"href":"https:\/\/mhcalculos.com.br\/noticias\/wp-json\/wp\/v2\/types\/post"}],"author":[{"embeddable":true,"href":"https:\/\/mhcalculos.com.br\/noticias\/wp-json\/wp\/v2\/users\/3063"}],"replies":[{"embeddable":true,"href":"https:\/\/mhcalculos.com.br\/noticias\/wp-json\/wp\/v2\/comments?post=2971"}],"version-history":[{"count":1,"href":"https:\/\/mhcalculos.com.br\/noticias\/wp-json\/wp\/v2\/posts\/2971\/revisions"}],"predecessor-version":[{"id":6795,"href":"https:\/\/mhcalculos.com.br\/noticias\/wp-json\/wp\/v2\/posts\/2971\/revisions\/6795"}],"wp:featuredmedia":[{"embeddable":true,"href":"https:\/\/mhcalculos.com.br\/noticias\/wp-json\/wp\/v2\/media\/1595"}],"wp:attachment":[{"href":"https:\/\/mhcalculos.com.br\/noticias\/wp-json\/wp\/v2\/media?parent=2971"}],"wp:term":[{"taxonomy":"category","embeddable":true,"href":"https:\/\/mhcalculos.com.br\/noticias\/wp-json\/wp\/v2\/categories?post=2971"},{"taxonomy":"post_tag","embeddable":true,"href":"https:\/\/mhcalculos.com.br\/noticias\/wp-json\/wp\/v2\/tags?post=2971"}],"curies":[{"name":"wp","href":"https:\/\/api.w.org\/{rel}","templated":true}]}}