{"id":2963,"date":"2018-08-22T12:00:22","date_gmt":"2018-08-22T15:00:22","guid":{"rendered":"https:\/\/mhcalculos.com.br\/noticias\/2018\/08\/22\/trf3-turma-nacional-de-uniformizacao-realiza-sessao-em-sao-paulo\/"},"modified":"2021-07-28T14:34:13","modified_gmt":"2021-07-28T17:34:13","slug":"trf3-turma-nacional-de-uniformizacao-realiza-sessao-em-sao-paulo","status":"publish","type":"post","link":"https:\/\/mhcalculos.com.br\/noticias\/area\/previdenciario\/trf3-turma-nacional-de-uniformizacao-realiza-sessao-em-sao-paulo.html","title":{"rendered":"TRF3: TURMA NACIONAL DE UNIFORMIZA\u00c7\u00c3O REALIZA SESS\u00c3O EM S\u00c3O PAULO"},"content":{"rendered":"\n<div class=\"mat\">\n<p><em>Ministro Raul Ara\u00fajo (STJ) presidiu a sess\u00e3o, que contou com a presen\u00e7a da presidente do TRF3, desembargadora federal Therezinha Cazerta<\/em><\/p>\n<p>A Turma Nacional de Uniformiza\u00e7\u00e3o dos Juizados Especiais Federais (TNU) realizou, na sexta-feira (17\/8), a Sexta Sess\u00e3o Ordin\u00e1ria de 2018. O colegiado, presidido pelo Ministro Raul Ara\u00fajo, Corregedor-Geral da Justi\u00e7a Federal, reuniu-se na sede das Turmas Recursais dos Juizados Especiais Federais do Estado de S\u00e3o Paulo e apreciou 250 processos em lista, nove sustenta\u00e7\u00f5es orais, tr\u00eas pedidos de prefer\u00eancia e aprovou enunciados para uma nova s\u00famula e uma nova quest\u00e3o de ordem.<\/p>\n<p>A Presidente do Tribunal Regional Federal da 3\u00aa Regi\u00e3o (TRF3), Desembargadora Federal Therezinha Cazerta, o Coordenador dos Juizados Especiais Federais da 3\u00aa Regi\u00e3o, Desembargador Federal Maur\u00edcio Kato, e a Ju\u00edza Federal Isadora Segalla Afanasieff, Coordenadora das Turmas Recursais de S\u00e3o Paulo, acompanharam a sess\u00e3o.<\/p>\n<p><strong>Pauta <\/strong><\/p>\n<p>Entre os processos apreciados, a TNU deu provimento ao pedido de uniformiza\u00e7\u00e3o da Uni\u00e3o afetado como representativo de controv\u00e9rsia de Tema n\u00ba 180. O voto do relator, Juiz Federal F\u00e1bio Cesar dos Santos Oliveira, foi acompanhado \u00e0 unanimidade e definiu que o termo inicial dos efeitos financeiros decorrentes do reajuste concedido aos cargos em comiss\u00e3o dos servidores do Judici\u00e1rio pela Lei n\u00ba 13.317\/2016 \u00e9 21 de julho de 2016, data da Portaria Conjunta n\u00ba 1.<\/p>\n<p>Outro incidente representativo de controv\u00e9rsia analisado pelo colegiado foi o de Tema 170. Nos termos do voto da relatora, Ju\u00edza Federal Lu\u00edsa Hickel Gamba, a TNU entendeu que \u00e9 poss\u00edvel o reconhecimento da especialidade do trabalho exposto a poeira de s\u00edlica mesmo para atividades desenvolvidas antes da altera\u00e7\u00e3o promovida pela Portaria Interministerial MTE\/MS\/MPS n\u00ba 9\/2014.<\/p>\n<p>O Tema n\u00ba 176 submeteu \u00e0 TNU a sistem\u00e1tica para c\u00f4mputo de car\u00eancia e possiblidade de aproveitamento de contribui\u00e7\u00f5es anteriores \u00e0 perda da qualidade de segurado em rela\u00e7\u00e3o aos benef\u00edcios por incapacidade cujo fato gerador tenha se dado na vig\u00eancia das Medidas Provis\u00f3rias n\u00ba 739\/2016 e n\u00ba 767\/2017.<\/p>\n<p>Por maioria, o colegiado seguiu o voto do Juiz Federal Guilherme Bollorini Pereira, dando provimento ao pedido do INSS para que, constando-se que a incapacidade ocorreu na vig\u00eancia das MPs, aplicam-se as novas regras de car\u00eancia nela previstas.<\/p>\n<p>A TNU tamb\u00e9m deu provimento a pedido de uniformiza\u00e7\u00e3o requerido pelo INSS, de n\u00famero 168, referente ao c\u00f4mputo de per\u00edodo rural, remoto e descont\u00ednuo, laborado em regime de economia familiar, para fins de concess\u00e3o de benef\u00edcio de aposentadoria por idade nos termos do \u00a73\u00ba do art. 48 da Lei n\u00ba 8.213\/91.<\/p>\n<p>Seguindo o voto divergente da Ju\u00edza Federal Lu\u00edsa Hickel Gamba, a maioria do colegiado entendeu que, para fins de concess\u00e3o do benef\u00edcio comumente classificado pela doutrina como aposentadoria h\u00edbrida, s\u00f3 \u00e9 poss\u00edvel somar ao tempo de contribui\u00e7\u00e3o, urbano ou rural, o tempo de servi\u00e7o rural sem contribui\u00e7\u00e3o que esteja no per\u00edodo imediatamente anterior ao implemento da idade ou do requerimento administrativo, ainda que de forma descont\u00ednua, at\u00e9 totalizar o n\u00famero de meses equivalente \u00e0 car\u00eancia do benef\u00edcio.<\/p>\n<p><strong>Enunciados<\/strong><\/p>\n<p>A partir de precedente relatado pelo Juiz Federal Guilherme Bollorini Pereira, a TNU aprovou ainda, por unanimidade, o Enunciado da S\u00famula n\u00ba 85: \u201c\u00c9 poss\u00edvel a convers\u00e3o de tempo comum em especial de per\u00edodo (s) anterior (es) ao advento da Lei n\u00ba 9.032\/95 (que alterou a reda\u00e7\u00e3o do \u00a73\u00ba do art. 57 da Lei n\u00ba 8.213\/91, desde que todas as condi\u00e7\u00f5es legais para a concess\u00e3o do benef\u00edcio pleiteado tenham sido atendidas antes da publica\u00e7\u00e3o da referida lei, independentemente da data de entrada do requerimento (DER)\u201d.<\/p>\n<p>Al\u00e9m disso, o colegiado, tamb\u00e9m por unanimidade, aprovou o Enunciado da Quest\u00e3o de Ordem n\u00ba 39: \u201cA aprova\u00e7\u00e3o de Enunciado de S\u00famula de Jurisprud\u00eancia ser\u00e1 julgada como Quest\u00e3o de Ordem, de forma apartada do dispositivo da decis\u00e3o, mediante vota\u00e7\u00e3o nominal\u201d.<\/p>\n<p><strong>Homenagem ao Juiz Federal Fernando Moreira Gon\u00e7alves<\/strong><\/p>\n<p>  A sess\u00e3o do \u00faltimo dia 17 de agosto foi a \u00faltima do Juiz Federal Fernando Moreira Gon\u00e7alves, em raz\u00e3o do t\u00e9rmino de seu mandato. Proveniente da Turma Recursal da Se\u00e7\u00e3o Judici\u00e1ria de S\u00e3o Paulo, ele ser\u00e1 substitu\u00eddo pela Ju\u00edza Federal Ta\u00eds Ferracini.<\/p>\n<p>Na despedida, o Ministro Raul Ara\u00fajo e o Juiz Federal F\u00e1bio Cesar dos Santos Oliveira, que prestou homenagem ao Magistrado paulista, destacaram sua relevante contribui\u00e7\u00e3o para a decis\u00f5es do Colegiado.<\/p>\n<p>A \u00edntegra da sess\u00e3o pode ser acompanhada aqui: <br \/>  <a href=\"https:\/\/www.youtube.com\/watch?v=MTJsXcCy9BI\">https:\/\/www.youtube.com\/watch?v=MTJsXcCy9BI<\/a><\/p>\n<p>  <strong>Composi\u00e7\u00e3o da sess\u00e3o <\/strong><\/p>\n<p>  Presidente da Turma: Ministro Raul Ara\u00fajo<\/p>\n<p>Subprocurador-Geral da Rep\u00fablica: Ant\u00f4nio Carlos Pessoa Lins<br \/>  Membros efetivos: <br \/>  Juiz Federal Fernando Moreira Gon\u00e7alves <br \/>  Turma Recursal da Se\u00e7\u00e3o Judici\u00e1ria de S\u00e3o Paulo<\/p>\n<p>Juiz Federal F\u00e1bio Cesar dos Santos Oliveira<br \/>  Se\u00e7\u00e3o Judici\u00e1ria do Rio de Janeiro<\/p>\n<p>Ju\u00edza Federal Lu\u00edsa Hickel Gamba <br \/>  Turma Recursal da Se\u00e7\u00e3o Judici\u00e1ria de Santa Catarina<\/p>\n<p>Juiz Federal Ronaldo Jos\u00e9 da Silva <br \/>  Turma Recursal da Se\u00e7\u00e3o Judici\u00e1ria do Mato Grosso do Sul<\/p>\n<p>Ju\u00edza Federal Carmen Elizangela Dias Moreira de Resende<br \/>  Turma Recursal da Se\u00e7\u00e3o Judici\u00e1ria de Minas Gerais<\/p>\n<p>Juiz Federal Jos\u00e9 Francisco Andreotti Spizzirri<br \/>  Turma Recursal da Se\u00e7\u00e3o Judici\u00e1ria do Rio Grande do Sul<\/p>\n<p>Juiz Federal Guilherme Bollorini Pereira<br \/>  Turma Recursal da Se\u00e7\u00e3o Judici\u00e1ria do Rio de Janeiro<\/p>\n<p>Juiz Federal S\u00e9rgio de Abreu Brito <br \/>  Turma Recursal da Se\u00e7\u00e3o Judici\u00e1ria de Alagoas<\/p>\n<p>Juiz Federal Bianor Arruda Bezerra<br \/>  Turma Recursal da Se\u00e7\u00e3o Judici\u00e1ria da Para\u00edba<\/p>\n<p>  Membro suplente: <br \/>  Juiz Federal Gabriel Brum Teixeira<br \/>  Turma Recursal da Se\u00e7\u00e3o Judici\u00e1ria do Tocantins<\/p>\n<p>  \u00a0<\/p>\n<table width=\"200\" align=\"center\" border=\"0\" cellspacing=\"0\" cellpadding=\"0\">\n<tbody>\n<tr>\n<td><span><span>Fotos: ACOM\/ TRF3<\/span><\/span><\/td>\n<\/tr>\n<tr>\n<td><img decoding=\"async\" width=\"500\" height=\"830\" alt=\"\" data-src=\"http:\/\/web.trf3.jus.br\/noticias\/uploaddir\/image\/2018\/agosto\/mosaDSC_0814.jpg\" src=\"data:image\/svg+xml;base64,PHN2ZyB3aWR0aD0iMSIgaGVpZ2h0PSIxIiB4bWxucz0iaHR0cDovL3d3dy53My5vcmcvMjAwMC9zdmciPjwvc3ZnPg==\" class=\"lazyload\" style=\"--smush-placeholder-width: 500px; --smush-placeholder-aspect-ratio: 500\/830;\"><\/td>\n<\/tr>\n<tr>\n<td>\n<p><span>\u00a01 &#8211; Da esquerda para direita: <span>Subprocurador-Geral da Rep\u00fablica, Ant\u00f4nio Carlos Pessoa Lins; Presidente do TRF3, Desembargadora Federal Therezinha Cazerta; <span>Ministro Raul Ara\u00fajo, Corregedor-Geral da Justi\u00e7a Federal; e Viviane da Costa Leite Bortolini, Secret\u00e1ria da TNU;\u00a0<\/span><\/span><\/span><\/p>\n<p><span><span><span>2, 3 e 4 &#8211;\u00a0<span>\u00a0<\/span><span>Sexta Sess\u00e3o Ordin\u00e1ria de 2018 da Turma Nacional de Uniformiza\u00e7\u00e3o em S\u00e3o Paulo. <\/span><\/span><\/span><\/span><\/p>\n<\/td>\n<\/tr>\n<\/tbody>\n<\/table>\n<\/p><\/div>\n<p><i>Com informa\u00e7\u00f5es da assessoria de imprensa do TRF3.<\/i><br \/>\n<br \/><a href=\"http:\/\/web.trf3.jus.br\/noticias\/Noticias\/Noticia\/Exibir\/372049\">Fonte<\/a><br \/>\n<br \/><\/p>\n","protected":false},"excerpt":{"rendered":"<p>Ministro Raul Ara\u00fajo (STJ) presidiu a sess\u00e3o, que contou com a presen\u00e7a da presidente do TRF3, desembargadora federal Therezinha Cazerta A Turma Nacional de Uniformiza\u00e7\u00e3o dos Juizados Especiais Federais (TNU) realizou, na sexta-feira (17\/8), a Sexta Sess\u00e3o Ordin\u00e1ria de 2018. O colegiado, presidido pelo Ministro Raul Ara\u00fajo, Corregedor-Geral da Justi\u00e7a Federal, reuniu-se na sede das [&hellip;]<\/p>\n","protected":false},"author":3063,"featured_media":2964,"comment_status":"open","ping_status":"open","sticky":false,"template":"","format":"standard","meta":{"footnotes":""},"categories":[5,110],"tags":[11,10,8,13,9,12,152],"class_list":{"0":"post-2963","1":"post","2":"type-post","3":"status-publish","4":"format-standard","5":"has-post-thumbnail","7":"category-previdenciario","8":"category-trf3","9":"tag-aposentadoria","10":"tag-calculos-previdenciarios","11":"tag-direito-previdenciario","12":"tag-inss","13":"tag-pericia","14":"tag-perito","15":"tag-trf3"},"yoast_head":"<!-- This site is optimized with the Yoast SEO plugin v27.2 - https:\/\/yoast.com\/product\/yoast-seo-wordpress\/ -->\n<title>TRF3: TURMA NACIONAL DE UNIFORMIZA\u00c7\u00c3O REALIZA SESS\u00c3O EM S\u00c3O PAULO | Portal de Not\u00edcias<\/title>\n<meta name=\"robots\" content=\"index, follow, max-snippet:-1, max-image-preview:large, max-video-preview:-1\" \/>\n<link rel=\"canonical\" href=\"https:\/\/mhcalculos.com.br\/noticias\/area\/previdenciario\/trf3-turma-nacional-de-uniformizacao-realiza-sessao-em-sao-paulo.html\" \/>\n<meta property=\"og:locale\" content=\"pt_BR\" \/>\n<meta property=\"og:type\" content=\"article\" \/>\n<meta property=\"og:title\" content=\"TRF3: TURMA NACIONAL DE UNIFORMIZA\u00c7\u00c3O REALIZA SESS\u00c3O EM S\u00c3O PAULO | Portal de Not\u00edcias\" \/>\n<meta property=\"og:description\" content=\"Ministro Raul Ara\u00fajo (STJ) presidiu a sess\u00e3o, que contou com a presen\u00e7a da presidente do TRF3, desembargadora federal Therezinha Cazerta A Turma Nacional de Uniformiza\u00e7\u00e3o dos Juizados Especiais Federais (TNU) realizou, na sexta-feira (17\/8), a Sexta Sess\u00e3o Ordin\u00e1ria de 2018. O colegiado, presidido pelo Ministro Raul Ara\u00fajo, Corregedor-Geral da Justi\u00e7a Federal, reuniu-se na sede das [&hellip;]\" \/>\n<meta property=\"og:url\" content=\"https:\/\/mhcalculos.com.br\/noticias\/area\/previdenciario\/trf3-turma-nacional-de-uniformizacao-realiza-sessao-em-sao-paulo.html\" \/>\n<meta property=\"og:site_name\" content=\"Portal de Not\u00edcias\" \/>\n<meta property=\"article:published_time\" content=\"2018-08-22T15:00:22+00:00\" \/>\n<meta property=\"article:modified_time\" content=\"2021-07-28T17:34:13+00:00\" \/>\n<meta property=\"og:image\" content=\"https:\/\/mhcalculos.com.br\/noticias\/wp-content\/uploads\/sites\/2\/2018\/08\/previdenciario-0045.jpg\" \/>\n\t<meta property=\"og:image:width\" content=\"2000\" \/>\n\t<meta property=\"og:image:height\" content=\"800\" \/>\n\t<meta property=\"og:image:type\" content=\"image\/jpeg\" \/>\n<meta name=\"author\" content=\"Equipe MH\" \/>\n<meta name=\"twitter:card\" content=\"summary_large_image\" \/>\n<meta name=\"twitter:label1\" content=\"Escrito por\" \/>\n\t<meta name=\"twitter:data1\" content=\"Equipe MH\" \/>\n\t<meta name=\"twitter:label2\" content=\"Est. tempo de leitura\" \/>\n\t<meta name=\"twitter:data2\" content=\"5 minutos\" \/>\n<script type=\"application\/ld+json\" class=\"yoast-schema-graph\">{\"@context\":\"https:\/\/schema.org\",\"@graph\":[{\"@type\":\"Article\",\"@id\":\"https:\/\/mhcalculos.com.br\/noticias\/area\/previdenciario\/trf3-turma-nacional-de-uniformizacao-realiza-sessao-em-sao-paulo.html#article\",\"isPartOf\":{\"@id\":\"https:\/\/mhcalculos.com.br\/noticias\/area\/previdenciario\/trf3-turma-nacional-de-uniformizacao-realiza-sessao-em-sao-paulo.html\"},\"author\":{\"name\":\"Equipe MH\",\"@id\":\"https:\/\/mhcalculos.com.br\/noticias\/#\/schema\/person\/88d1c34bf72dc779ea14a5a6b8e0ae8d\"},\"headline\":\"TRF3: TURMA NACIONAL DE UNIFORMIZA\u00c7\u00c3O REALIZA SESS\u00c3O EM S\u00c3O PAULO\",\"datePublished\":\"2018-08-22T15:00:22+00:00\",\"dateModified\":\"2021-07-28T17:34:13+00:00\",\"mainEntityOfPage\":{\"@id\":\"https:\/\/mhcalculos.com.br\/noticias\/area\/previdenciario\/trf3-turma-nacional-de-uniformizacao-realiza-sessao-em-sao-paulo.html\"},\"wordCount\":1045,\"commentCount\":0,\"image\":{\"@id\":\"https:\/\/mhcalculos.com.br\/noticias\/area\/previdenciario\/trf3-turma-nacional-de-uniformizacao-realiza-sessao-em-sao-paulo.html#primaryimage\"},\"thumbnailUrl\":\"https:\/\/mhcalculos.com.br\/noticias\/wp-content\/uploads\/sites\/2\/2018\/08\/previdenciario-0045.jpg\",\"keywords\":[\"aposentadoria\",\"c\u00e1lculos previdenci\u00e1rios\",\"direito previdenci\u00e1rio\",\"inss\",\"per\u00edcia\",\"perito\",\"trf3\"],\"articleSection\":[\"Direito Previdenci\u00e1rio\",\"TRF3\"],\"inLanguage\":\"pt-BR\",\"potentialAction\":[{\"@type\":\"CommentAction\",\"name\":\"Comment\",\"target\":[\"https:\/\/mhcalculos.com.br\/noticias\/area\/previdenciario\/trf3-turma-nacional-de-uniformizacao-realiza-sessao-em-sao-paulo.html#respond\"]}]},{\"@type\":\"WebPage\",\"@id\":\"https:\/\/mhcalculos.com.br\/noticias\/area\/previdenciario\/trf3-turma-nacional-de-uniformizacao-realiza-sessao-em-sao-paulo.html\",\"url\":\"https:\/\/mhcalculos.com.br\/noticias\/area\/previdenciario\/trf3-turma-nacional-de-uniformizacao-realiza-sessao-em-sao-paulo.html\",\"name\":\"TRF3: TURMA NACIONAL DE UNIFORMIZA\u00c7\u00c3O REALIZA SESS\u00c3O EM S\u00c3O PAULO | Portal de Not\u00edcias\",\"isPartOf\":{\"@id\":\"https:\/\/mhcalculos.com.br\/noticias\/#website\"},\"primaryImageOfPage\":{\"@id\":\"https:\/\/mhcalculos.com.br\/noticias\/area\/previdenciario\/trf3-turma-nacional-de-uniformizacao-realiza-sessao-em-sao-paulo.html#primaryimage\"},\"image\":{\"@id\":\"https:\/\/mhcalculos.com.br\/noticias\/area\/previdenciario\/trf3-turma-nacional-de-uniformizacao-realiza-sessao-em-sao-paulo.html#primaryimage\"},\"thumbnailUrl\":\"https:\/\/mhcalculos.com.br\/noticias\/wp-content\/uploads\/sites\/2\/2018\/08\/previdenciario-0045.jpg\",\"datePublished\":\"2018-08-22T15:00:22+00:00\",\"dateModified\":\"2021-07-28T17:34:13+00:00\",\"author\":{\"@id\":\"https:\/\/mhcalculos.com.br\/noticias\/#\/schema\/person\/88d1c34bf72dc779ea14a5a6b8e0ae8d\"},\"breadcrumb\":{\"@id\":\"https:\/\/mhcalculos.com.br\/noticias\/area\/previdenciario\/trf3-turma-nacional-de-uniformizacao-realiza-sessao-em-sao-paulo.html#breadcrumb\"},\"inLanguage\":\"pt-BR\",\"potentialAction\":[{\"@type\":\"ReadAction\",\"target\":[\"https:\/\/mhcalculos.com.br\/noticias\/area\/previdenciario\/trf3-turma-nacional-de-uniformizacao-realiza-sessao-em-sao-paulo.html\"]}]},{\"@type\":\"ImageObject\",\"inLanguage\":\"pt-BR\",\"@id\":\"https:\/\/mhcalculos.com.br\/noticias\/area\/previdenciario\/trf3-turma-nacional-de-uniformizacao-realiza-sessao-em-sao-paulo.html#primaryimage\",\"url\":\"https:\/\/mhcalculos.com.br\/noticias\/wp-content\/uploads\/sites\/2\/2018\/08\/previdenciario-0045.jpg\",\"contentUrl\":\"https:\/\/mhcalculos.com.br\/noticias\/wp-content\/uploads\/sites\/2\/2018\/08\/previdenciario-0045.jpg\",\"width\":2000,\"height\":800},{\"@type\":\"BreadcrumbList\",\"@id\":\"https:\/\/mhcalculos.com.br\/noticias\/area\/previdenciario\/trf3-turma-nacional-de-uniformizacao-realiza-sessao-em-sao-paulo.html#breadcrumb\",\"itemListElement\":[{\"@type\":\"ListItem\",\"position\":1,\"name\":\"In\u00edcio\",\"item\":\"https:\/\/mhcalculos.com.br\/noticias\/\"},{\"@type\":\"ListItem\",\"position\":2,\"name\":\"TRF3: TURMA NACIONAL DE UNIFORMIZA\u00c7\u00c3O REALIZA SESS\u00c3O EM S\u00c3O PAULO\"}]},{\"@type\":\"WebSite\",\"@id\":\"https:\/\/mhcalculos.com.br\/noticias\/#website\",\"url\":\"https:\/\/mhcalculos.com.br\/noticias\/\",\"name\":\"Portal de Not\u00edcias\",\"description\":\"Not\u00edcias e Jurisprud\u00eancia\",\"potentialAction\":[{\"@type\":\"SearchAction\",\"target\":{\"@type\":\"EntryPoint\",\"urlTemplate\":\"https:\/\/mhcalculos.com.br\/noticias\/?s={search_term_string}\"},\"query-input\":{\"@type\":\"PropertyValueSpecification\",\"valueRequired\":true,\"valueName\":\"search_term_string\"}}],\"inLanguage\":\"pt-BR\"},{\"@type\":\"Person\",\"@id\":\"https:\/\/mhcalculos.com.br\/noticias\/#\/schema\/person\/88d1c34bf72dc779ea14a5a6b8e0ae8d\",\"name\":\"Equipe MH\",\"image\":{\"@type\":\"ImageObject\",\"inLanguage\":\"pt-BR\",\"@id\":\"https:\/\/secure.gravatar.com\/avatar\/de1c686c2ecc9c5a3f327e3431d819eb39f8f05d4e1045f5a1caad6daaba987f?s=96&d=mm&r=g\",\"url\":\"https:\/\/secure.gravatar.com\/avatar\/de1c686c2ecc9c5a3f327e3431d819eb39f8f05d4e1045f5a1caad6daaba987f?s=96&d=mm&r=g\",\"contentUrl\":\"https:\/\/secure.gravatar.com\/avatar\/de1c686c2ecc9c5a3f327e3431d819eb39f8f05d4e1045f5a1caad6daaba987f?s=96&d=mm&r=g\",\"caption\":\"Equipe MH\"}}]}<\/script>\n<!-- \/ Yoast SEO plugin. -->","yoast_head_json":{"title":"TRF3: TURMA NACIONAL DE UNIFORMIZA\u00c7\u00c3O REALIZA SESS\u00c3O EM S\u00c3O PAULO | Portal de Not\u00edcias","robots":{"index":"index","follow":"follow","max-snippet":"max-snippet:-1","max-image-preview":"max-image-preview:large","max-video-preview":"max-video-preview:-1"},"canonical":"https:\/\/mhcalculos.com.br\/noticias\/area\/previdenciario\/trf3-turma-nacional-de-uniformizacao-realiza-sessao-em-sao-paulo.html","og_locale":"pt_BR","og_type":"article","og_title":"TRF3: TURMA NACIONAL DE UNIFORMIZA\u00c7\u00c3O REALIZA SESS\u00c3O EM S\u00c3O PAULO | Portal de Not\u00edcias","og_description":"Ministro Raul Ara\u00fajo (STJ) presidiu a sess\u00e3o, que contou com a presen\u00e7a da presidente do TRF3, desembargadora federal Therezinha Cazerta A Turma Nacional de Uniformiza\u00e7\u00e3o dos Juizados Especiais Federais (TNU) realizou, na sexta-feira (17\/8), a Sexta Sess\u00e3o Ordin\u00e1ria de 2018. O colegiado, presidido pelo Ministro Raul Ara\u00fajo, Corregedor-Geral da Justi\u00e7a Federal, reuniu-se na sede das [&hellip;]","og_url":"https:\/\/mhcalculos.com.br\/noticias\/area\/previdenciario\/trf3-turma-nacional-de-uniformizacao-realiza-sessao-em-sao-paulo.html","og_site_name":"Portal de Not\u00edcias","article_published_time":"2018-08-22T15:00:22+00:00","article_modified_time":"2021-07-28T17:34:13+00:00","og_image":[{"width":2000,"height":800,"url":"https:\/\/mhcalculos.com.br\/noticias\/wp-content\/uploads\/sites\/2\/2018\/08\/previdenciario-0045.jpg","type":"image\/jpeg"}],"author":"Equipe MH","twitter_card":"summary_large_image","twitter_misc":{"Escrito por":"Equipe MH","Est. tempo de leitura":"5 minutos"},"schema":{"@context":"https:\/\/schema.org","@graph":[{"@type":"Article","@id":"https:\/\/mhcalculos.com.br\/noticias\/area\/previdenciario\/trf3-turma-nacional-de-uniformizacao-realiza-sessao-em-sao-paulo.html#article","isPartOf":{"@id":"https:\/\/mhcalculos.com.br\/noticias\/area\/previdenciario\/trf3-turma-nacional-de-uniformizacao-realiza-sessao-em-sao-paulo.html"},"author":{"name":"Equipe MH","@id":"https:\/\/mhcalculos.com.br\/noticias\/#\/schema\/person\/88d1c34bf72dc779ea14a5a6b8e0ae8d"},"headline":"TRF3: TURMA NACIONAL DE UNIFORMIZA\u00c7\u00c3O REALIZA SESS\u00c3O EM S\u00c3O PAULO","datePublished":"2018-08-22T15:00:22+00:00","dateModified":"2021-07-28T17:34:13+00:00","mainEntityOfPage":{"@id":"https:\/\/mhcalculos.com.br\/noticias\/area\/previdenciario\/trf3-turma-nacional-de-uniformizacao-realiza-sessao-em-sao-paulo.html"},"wordCount":1045,"commentCount":0,"image":{"@id":"https:\/\/mhcalculos.com.br\/noticias\/area\/previdenciario\/trf3-turma-nacional-de-uniformizacao-realiza-sessao-em-sao-paulo.html#primaryimage"},"thumbnailUrl":"https:\/\/mhcalculos.com.br\/noticias\/wp-content\/uploads\/sites\/2\/2018\/08\/previdenciario-0045.jpg","keywords":["aposentadoria","c\u00e1lculos previdenci\u00e1rios","direito previdenci\u00e1rio","inss","per\u00edcia","perito","trf3"],"articleSection":["Direito Previdenci\u00e1rio","TRF3"],"inLanguage":"pt-BR","potentialAction":[{"@type":"CommentAction","name":"Comment","target":["https:\/\/mhcalculos.com.br\/noticias\/area\/previdenciario\/trf3-turma-nacional-de-uniformizacao-realiza-sessao-em-sao-paulo.html#respond"]}]},{"@type":"WebPage","@id":"https:\/\/mhcalculos.com.br\/noticias\/area\/previdenciario\/trf3-turma-nacional-de-uniformizacao-realiza-sessao-em-sao-paulo.html","url":"https:\/\/mhcalculos.com.br\/noticias\/area\/previdenciario\/trf3-turma-nacional-de-uniformizacao-realiza-sessao-em-sao-paulo.html","name":"TRF3: TURMA NACIONAL DE UNIFORMIZA\u00c7\u00c3O REALIZA SESS\u00c3O EM S\u00c3O PAULO | Portal de Not\u00edcias","isPartOf":{"@id":"https:\/\/mhcalculos.com.br\/noticias\/#website"},"primaryImageOfPage":{"@id":"https:\/\/mhcalculos.com.br\/noticias\/area\/previdenciario\/trf3-turma-nacional-de-uniformizacao-realiza-sessao-em-sao-paulo.html#primaryimage"},"image":{"@id":"https:\/\/mhcalculos.com.br\/noticias\/area\/previdenciario\/trf3-turma-nacional-de-uniformizacao-realiza-sessao-em-sao-paulo.html#primaryimage"},"thumbnailUrl":"https:\/\/mhcalculos.com.br\/noticias\/wp-content\/uploads\/sites\/2\/2018\/08\/previdenciario-0045.jpg","datePublished":"2018-08-22T15:00:22+00:00","dateModified":"2021-07-28T17:34:13+00:00","author":{"@id":"https:\/\/mhcalculos.com.br\/noticias\/#\/schema\/person\/88d1c34bf72dc779ea14a5a6b8e0ae8d"},"breadcrumb":{"@id":"https:\/\/mhcalculos.com.br\/noticias\/area\/previdenciario\/trf3-turma-nacional-de-uniformizacao-realiza-sessao-em-sao-paulo.html#breadcrumb"},"inLanguage":"pt-BR","potentialAction":[{"@type":"ReadAction","target":["https:\/\/mhcalculos.com.br\/noticias\/area\/previdenciario\/trf3-turma-nacional-de-uniformizacao-realiza-sessao-em-sao-paulo.html"]}]},{"@type":"ImageObject","inLanguage":"pt-BR","@id":"https:\/\/mhcalculos.com.br\/noticias\/area\/previdenciario\/trf3-turma-nacional-de-uniformizacao-realiza-sessao-em-sao-paulo.html#primaryimage","url":"https:\/\/mhcalculos.com.br\/noticias\/wp-content\/uploads\/sites\/2\/2018\/08\/previdenciario-0045.jpg","contentUrl":"https:\/\/mhcalculos.com.br\/noticias\/wp-content\/uploads\/sites\/2\/2018\/08\/previdenciario-0045.jpg","width":2000,"height":800},{"@type":"BreadcrumbList","@id":"https:\/\/mhcalculos.com.br\/noticias\/area\/previdenciario\/trf3-turma-nacional-de-uniformizacao-realiza-sessao-em-sao-paulo.html#breadcrumb","itemListElement":[{"@type":"ListItem","position":1,"name":"In\u00edcio","item":"https:\/\/mhcalculos.com.br\/noticias\/"},{"@type":"ListItem","position":2,"name":"TRF3: TURMA NACIONAL DE UNIFORMIZA\u00c7\u00c3O REALIZA SESS\u00c3O EM S\u00c3O PAULO"}]},{"@type":"WebSite","@id":"https:\/\/mhcalculos.com.br\/noticias\/#website","url":"https:\/\/mhcalculos.com.br\/noticias\/","name":"Portal de Not\u00edcias","description":"Not\u00edcias e Jurisprud\u00eancia","potentialAction":[{"@type":"SearchAction","target":{"@type":"EntryPoint","urlTemplate":"https:\/\/mhcalculos.com.br\/noticias\/?s={search_term_string}"},"query-input":{"@type":"PropertyValueSpecification","valueRequired":true,"valueName":"search_term_string"}}],"inLanguage":"pt-BR"},{"@type":"Person","@id":"https:\/\/mhcalculos.com.br\/noticias\/#\/schema\/person\/88d1c34bf72dc779ea14a5a6b8e0ae8d","name":"Equipe MH","image":{"@type":"ImageObject","inLanguage":"pt-BR","@id":"https:\/\/secure.gravatar.com\/avatar\/de1c686c2ecc9c5a3f327e3431d819eb39f8f05d4e1045f5a1caad6daaba987f?s=96&d=mm&r=g","url":"https:\/\/secure.gravatar.com\/avatar\/de1c686c2ecc9c5a3f327e3431d819eb39f8f05d4e1045f5a1caad6daaba987f?s=96&d=mm&r=g","contentUrl":"https:\/\/secure.gravatar.com\/avatar\/de1c686c2ecc9c5a3f327e3431d819eb39f8f05d4e1045f5a1caad6daaba987f?s=96&d=mm&r=g","caption":"Equipe MH"}}]}},"_links":{"self":[{"href":"https:\/\/mhcalculos.com.br\/noticias\/wp-json\/wp\/v2\/posts\/2963","targetHints":{"allow":["GET"]}}],"collection":[{"href":"https:\/\/mhcalculos.com.br\/noticias\/wp-json\/wp\/v2\/posts"}],"about":[{"href":"https:\/\/mhcalculos.com.br\/noticias\/wp-json\/wp\/v2\/types\/post"}],"author":[{"embeddable":true,"href":"https:\/\/mhcalculos.com.br\/noticias\/wp-json\/wp\/v2\/users\/3063"}],"replies":[{"embeddable":true,"href":"https:\/\/mhcalculos.com.br\/noticias\/wp-json\/wp\/v2\/comments?post=2963"}],"version-history":[{"count":1,"href":"https:\/\/mhcalculos.com.br\/noticias\/wp-json\/wp\/v2\/posts\/2963\/revisions"}],"predecessor-version":[{"id":10259,"href":"https:\/\/mhcalculos.com.br\/noticias\/wp-json\/wp\/v2\/posts\/2963\/revisions\/10259"}],"wp:featuredmedia":[{"embeddable":true,"href":"https:\/\/mhcalculos.com.br\/noticias\/wp-json\/wp\/v2\/media\/2964"}],"wp:attachment":[{"href":"https:\/\/mhcalculos.com.br\/noticias\/wp-json\/wp\/v2\/media?parent=2963"}],"wp:term":[{"taxonomy":"category","embeddable":true,"href":"https:\/\/mhcalculos.com.br\/noticias\/wp-json\/wp\/v2\/categories?post=2963"},{"taxonomy":"post_tag","embeddable":true,"href":"https:\/\/mhcalculos.com.br\/noticias\/wp-json\/wp\/v2\/tags?post=2963"}],"curies":[{"name":"wp","href":"https:\/\/api.w.org\/{rel}","templated":true}]}}