{"id":2954,"date":"2018-08-21T15:02:00","date_gmt":"2018-08-21T18:02:00","guid":{"rendered":"https:\/\/mhcalculos.com.br\/noticias\/2018\/08\/21\/stj-pesquisa-pronta-aborda-indenizacao-a-vitima-de-evento-danoso-com-reducao-da-capacidade-laborativa\/"},"modified":"2021-07-28T14:34:13","modified_gmt":"2021-07-28T17:34:13","slug":"stj-pesquisa-pronta-aborda-indenizacao-a-vitima-de-evento-danoso-com-reducao-da-capacidade-laborativa","status":"publish","type":"post","link":"https:\/\/mhcalculos.com.br\/noticias\/area\/previdenciario\/stj-pesquisa-pronta-aborda-indenizacao-a-vitima-de-evento-danoso-com-reducao-da-capacidade-laborativa.html","title":{"rendered":"STJ: Pesquisa Pronta aborda indeniza\u00e7\u00e3o \u00e0 v\u00edtima de evento danoso com redu\u00e7\u00e3o da capacidade laborativa"},"content":{"rendered":"<p><br \/>\n<\/p>\n<p>A Secretaria de Jurisprud&ecirc;ncia do Superior Tribunal de Justi&ccedil;a (STJ) disponibilizou nesta segunda-feira (20) cinco novos temas na <a href=\"http:\/\/www.stj.jus.br\/SCON\/pesquisa_pronta\/?vPortalArea=1182\"><strong>Pesquisa Pronta<\/strong><\/a>. A ferramenta oferece os resultados de pesquisas organizadas por ramos do direito e assuntos de grande destaque no tribunal.<\/p>\n<p><strong>Direito civil<\/strong><\/p>\n<p>O STJ entende que, em raz&atilde;o do maior sacrif&iacute;cio para a realiza&ccedil;&atilde;o do servi&ccedil;o, a v&iacute;tima de evento danoso que sofre redu&ccedil;&atilde;o parcial e permanente da sua capacidade laborativa tem direito ao pensionamento vital&iacute;cio previsto no artigo 950 do C&oacute;digo Civil, independentemente da exist&ecirc;ncia de capacidade para o exerc&iacute;cio de outras atividades.<\/p>\n<p><strong>Direito previdenci&aacute;rio <\/strong><\/p>\n<p>Em observ&acirc;ncia ao princ&iacute;pio da isonomia, o prazo prescricional da a&ccedil;&atilde;o regressiva acident&aacute;ria proposta pelo Instituto Nacional do Seguro Social (INSS) contra o empregador &eacute; quinquenal, nos termos do artigo 1&ordm; do <a target=\"_blank\" href=\"http:\/\/www.planalto.gov.br\/ccivil_03\/decreto\/Antigos\/D20910.htm\" rel=\"noopener\"><strong>Decreto 20.910\/1932<\/strong><\/a>. O termo inicial &eacute; o deferimento do benef&iacute;cio previdenci&aacute;rio.<\/p>\n<p><strong>Direito processual civil<\/strong><\/p>\n<p>Para o STJ, n&atilde;o &eacute; cab&iacute;vel o arbitramento de honor&aacute;rios advocat&iacute;cios recursais em raz&atilde;o da interposi&ccedil;&atilde;o de agravo interno.<\/p>\n<p>O tribunal tamb&eacute;m decidiu que a a&ccedil;&atilde;o rescis&oacute;ria n&atilde;o &eacute; meio adequado para corrigir suposta injusti&ccedil;a da senten&ccedil;a, apreciar m&aacute; interpreta&ccedil;&atilde;o dos fatos, reexaminar provas ou complement&aacute;-las.<\/p>\n<p><strong>Direito processual penal<\/strong><\/p>\n<p>Nos crimes de autoria coletiva, embora a den&uacute;ncia n&atilde;o possa ser de todo gen&eacute;rica, &eacute; v&aacute;lida quando, apesar de n&atilde;o descrever minuciosamente as atua&ccedil;&otilde;es individuais dos acusados, demonstra um v&iacute;nculo entre o seu agir e a suposta pr&aacute;tica delituosa, estabelecendo a plausibilidade da imputa&ccedil;&atilde;o e possibilitando o exerc&iacute;cio da ampla defesa.<\/p>\n<p><strong>Sempre dispon&iacute;vel<\/strong><\/p>\n<p>A Pesquisa Pronta est&aacute; permanentemente dispon&iacute;vel no portal do STJ. Basta acessar Jurisprud&ecirc;ncia &gt; Pesquisa Pronta a partir do menu na barra superior do site.<\/p>\n<p> Depois de acessar o servi&ccedil;o, n&atilde;o deixe de <a href=\"http:\/\/www.stj.jus.br\/webstj\/pesquisa\/pesquisa.asp?desc_sigla=PESPRN\"><strong>avaliar<\/strong><\/a>.<br \/>\n<br \/><i>Com informa\u00e7\u00f5es da assessoria de imprensa do STJ.<\/i><br \/>\n<br \/><a href=\"http:\/\/feedproxy.google.com\/~r\/STJNoticias\/~3\/ziSPut3Ii3k\/Pesquisa-Pronta-aborda-indeniza%C3%A7%C3%A3o-%C3%A0-v%C3%ADtima-de-evento-danoso-com-redu%C3%A7%C3%A3o-da-capacidade-laborativa\">Fonte<\/a><br \/>\n<br \/><\/p>\n","protected":false},"excerpt":{"rendered":"<p>A Secretaria de Jurisprud&ecirc;ncia do Superior Tribunal de Justi&ccedil;a (STJ) disponibilizou nesta segunda-feira (20) cinco novos temas na Pesquisa Pronta. A ferramenta oferece os resultados de pesquisas organizadas por ramos do direito e assuntos de grande destaque no tribunal. Direito civil O STJ entende que, em raz&atilde;o do maior sacrif&iacute;cio para a realiza&ccedil;&atilde;o do servi&ccedil;o, [&hellip;]<\/p>\n","protected":false},"author":3063,"featured_media":2667,"comment_status":"open","ping_status":"open","sticky":false,"template":"","format":"standard","meta":{"footnotes":""},"categories":[5,7],"tags":[11,10,8,13,9,12,14],"class_list":{"0":"post-2954","1":"post","2":"type-post","3":"status-publish","4":"format-standard","5":"has-post-thumbnail","7":"category-previdenciario","8":"category-stj","9":"tag-aposentadoria","10":"tag-calculos-previdenciarios","11":"tag-direito-previdenciario","12":"tag-inss","13":"tag-pericia","14":"tag-perito","15":"tag-stj"},"yoast_head":"<!-- This site is optimized with the Yoast SEO plugin v27.2 - https:\/\/yoast.com\/product\/yoast-seo-wordpress\/ -->\n<title>STJ: Pesquisa Pronta aborda indeniza\u00e7\u00e3o \u00e0 v\u00edtima de evento danoso com redu\u00e7\u00e3o da capacidade laborativa | Portal de Not\u00edcias<\/title>\n<meta name=\"robots\" content=\"index, follow, max-snippet:-1, max-image-preview:large, max-video-preview:-1\" \/>\n<link rel=\"canonical\" href=\"https:\/\/mhcalculos.com.br\/noticias\/area\/previdenciario\/stj-pesquisa-pronta-aborda-indenizacao-a-vitima-de-evento-danoso-com-reducao-da-capacidade-laborativa.html\" \/>\n<meta property=\"og:locale\" content=\"pt_BR\" \/>\n<meta property=\"og:type\" content=\"article\" \/>\n<meta property=\"og:title\" content=\"STJ: Pesquisa Pronta aborda indeniza\u00e7\u00e3o \u00e0 v\u00edtima de evento danoso com redu\u00e7\u00e3o da capacidade laborativa | Portal de Not\u00edcias\" \/>\n<meta property=\"og:description\" content=\"A Secretaria de Jurisprud&ecirc;ncia do Superior Tribunal de Justi&ccedil;a (STJ) disponibilizou nesta segunda-feira (20) cinco novos temas na Pesquisa Pronta. A ferramenta oferece os resultados de pesquisas organizadas por ramos do direito e assuntos de grande destaque no tribunal. Direito civil O STJ entende que, em raz&atilde;o do maior sacrif&iacute;cio para a realiza&ccedil;&atilde;o do servi&ccedil;o, [&hellip;]\" \/>\n<meta property=\"og:url\" content=\"https:\/\/mhcalculos.com.br\/noticias\/area\/previdenciario\/stj-pesquisa-pronta-aborda-indenizacao-a-vitima-de-evento-danoso-com-reducao-da-capacidade-laborativa.html\" \/>\n<meta property=\"og:site_name\" content=\"Portal de Not\u00edcias\" \/>\n<meta property=\"article:published_time\" content=\"2018-08-21T18:02:00+00:00\" \/>\n<meta property=\"article:modified_time\" content=\"2021-07-28T17:34:13+00:00\" \/>\n<meta property=\"og:image\" content=\"https:\/\/mhcalculos.com.br\/noticias\/wp-content\/uploads\/sites\/2\/2018\/07\/previdenciario-0012.jpg\" \/>\n\t<meta property=\"og:image:width\" content=\"2000\" \/>\n\t<meta property=\"og:image:height\" content=\"800\" \/>\n\t<meta property=\"og:image:type\" content=\"image\/jpeg\" \/>\n<meta name=\"author\" content=\"Equipe MH\" \/>\n<meta name=\"twitter:card\" content=\"summary_large_image\" \/>\n<meta name=\"twitter:label1\" content=\"Escrito por\" \/>\n\t<meta name=\"twitter:data1\" content=\"Equipe MH\" \/>\n\t<meta name=\"twitter:label2\" content=\"Est. tempo de leitura\" \/>\n\t<meta name=\"twitter:data2\" content=\"2 minutos\" \/>\n<script type=\"application\/ld+json\" class=\"yoast-schema-graph\">{\"@context\":\"https:\/\/schema.org\",\"@graph\":[{\"@type\":\"Article\",\"@id\":\"https:\/\/mhcalculos.com.br\/noticias\/area\/previdenciario\/stj-pesquisa-pronta-aborda-indenizacao-a-vitima-de-evento-danoso-com-reducao-da-capacidade-laborativa.html#article\",\"isPartOf\":{\"@id\":\"https:\/\/mhcalculos.com.br\/noticias\/area\/previdenciario\/stj-pesquisa-pronta-aborda-indenizacao-a-vitima-de-evento-danoso-com-reducao-da-capacidade-laborativa.html\"},\"author\":{\"name\":\"Equipe MH\",\"@id\":\"https:\/\/mhcalculos.com.br\/noticias\/#\/schema\/person\/88d1c34bf72dc779ea14a5a6b8e0ae8d\"},\"headline\":\"STJ: Pesquisa Pronta aborda indeniza\u00e7\u00e3o \u00e0 v\u00edtima de evento danoso com redu\u00e7\u00e3o da capacidade laborativa\",\"datePublished\":\"2018-08-21T18:02:00+00:00\",\"dateModified\":\"2021-07-28T17:34:13+00:00\",\"mainEntityOfPage\":{\"@id\":\"https:\/\/mhcalculos.com.br\/noticias\/area\/previdenciario\/stj-pesquisa-pronta-aborda-indenizacao-a-vitima-de-evento-danoso-com-reducao-da-capacidade-laborativa.html\"},\"wordCount\":409,\"commentCount\":0,\"image\":{\"@id\":\"https:\/\/mhcalculos.com.br\/noticias\/area\/previdenciario\/stj-pesquisa-pronta-aborda-indenizacao-a-vitima-de-evento-danoso-com-reducao-da-capacidade-laborativa.html#primaryimage\"},\"thumbnailUrl\":\"https:\/\/mhcalculos.com.br\/noticias\/wp-content\/uploads\/sites\/2\/2018\/07\/previdenciario-0012.jpg\",\"keywords\":[\"aposentadoria\",\"c\u00e1lculos previdenci\u00e1rios\",\"direito previdenci\u00e1rio\",\"inss\",\"per\u00edcia\",\"perito\",\"stj\"],\"articleSection\":[\"Direito Previdenci\u00e1rio\",\"STJ\"],\"inLanguage\":\"pt-BR\",\"potentialAction\":[{\"@type\":\"CommentAction\",\"name\":\"Comment\",\"target\":[\"https:\/\/mhcalculos.com.br\/noticias\/area\/previdenciario\/stj-pesquisa-pronta-aborda-indenizacao-a-vitima-de-evento-danoso-com-reducao-da-capacidade-laborativa.html#respond\"]}]},{\"@type\":\"WebPage\",\"@id\":\"https:\/\/mhcalculos.com.br\/noticias\/area\/previdenciario\/stj-pesquisa-pronta-aborda-indenizacao-a-vitima-de-evento-danoso-com-reducao-da-capacidade-laborativa.html\",\"url\":\"https:\/\/mhcalculos.com.br\/noticias\/area\/previdenciario\/stj-pesquisa-pronta-aborda-indenizacao-a-vitima-de-evento-danoso-com-reducao-da-capacidade-laborativa.html\",\"name\":\"STJ: Pesquisa Pronta aborda indeniza\u00e7\u00e3o \u00e0 v\u00edtima de evento danoso com redu\u00e7\u00e3o da capacidade laborativa | Portal de Not\u00edcias\",\"isPartOf\":{\"@id\":\"https:\/\/mhcalculos.com.br\/noticias\/#website\"},\"primaryImageOfPage\":{\"@id\":\"https:\/\/mhcalculos.com.br\/noticias\/area\/previdenciario\/stj-pesquisa-pronta-aborda-indenizacao-a-vitima-de-evento-danoso-com-reducao-da-capacidade-laborativa.html#primaryimage\"},\"image\":{\"@id\":\"https:\/\/mhcalculos.com.br\/noticias\/area\/previdenciario\/stj-pesquisa-pronta-aborda-indenizacao-a-vitima-de-evento-danoso-com-reducao-da-capacidade-laborativa.html#primaryimage\"},\"thumbnailUrl\":\"https:\/\/mhcalculos.com.br\/noticias\/wp-content\/uploads\/sites\/2\/2018\/07\/previdenciario-0012.jpg\",\"datePublished\":\"2018-08-21T18:02:00+00:00\",\"dateModified\":\"2021-07-28T17:34:13+00:00\",\"author\":{\"@id\":\"https:\/\/mhcalculos.com.br\/noticias\/#\/schema\/person\/88d1c34bf72dc779ea14a5a6b8e0ae8d\"},\"breadcrumb\":{\"@id\":\"https:\/\/mhcalculos.com.br\/noticias\/area\/previdenciario\/stj-pesquisa-pronta-aborda-indenizacao-a-vitima-de-evento-danoso-com-reducao-da-capacidade-laborativa.html#breadcrumb\"},\"inLanguage\":\"pt-BR\",\"potentialAction\":[{\"@type\":\"ReadAction\",\"target\":[\"https:\/\/mhcalculos.com.br\/noticias\/area\/previdenciario\/stj-pesquisa-pronta-aborda-indenizacao-a-vitima-de-evento-danoso-com-reducao-da-capacidade-laborativa.html\"]}]},{\"@type\":\"ImageObject\",\"inLanguage\":\"pt-BR\",\"@id\":\"https:\/\/mhcalculos.com.br\/noticias\/area\/previdenciario\/stj-pesquisa-pronta-aborda-indenizacao-a-vitima-de-evento-danoso-com-reducao-da-capacidade-laborativa.html#primaryimage\",\"url\":\"https:\/\/mhcalculos.com.br\/noticias\/wp-content\/uploads\/sites\/2\/2018\/07\/previdenciario-0012.jpg\",\"contentUrl\":\"https:\/\/mhcalculos.com.br\/noticias\/wp-content\/uploads\/sites\/2\/2018\/07\/previdenciario-0012.jpg\",\"width\":2000,\"height\":800},{\"@type\":\"BreadcrumbList\",\"@id\":\"https:\/\/mhcalculos.com.br\/noticias\/area\/previdenciario\/stj-pesquisa-pronta-aborda-indenizacao-a-vitima-de-evento-danoso-com-reducao-da-capacidade-laborativa.html#breadcrumb\",\"itemListElement\":[{\"@type\":\"ListItem\",\"position\":1,\"name\":\"In\u00edcio\",\"item\":\"https:\/\/mhcalculos.com.br\/noticias\/\"},{\"@type\":\"ListItem\",\"position\":2,\"name\":\"STJ: Pesquisa Pronta aborda indeniza\u00e7\u00e3o \u00e0 v\u00edtima de evento danoso com redu\u00e7\u00e3o da capacidade laborativa\"}]},{\"@type\":\"WebSite\",\"@id\":\"https:\/\/mhcalculos.com.br\/noticias\/#website\",\"url\":\"https:\/\/mhcalculos.com.br\/noticias\/\",\"name\":\"Portal de Not\u00edcias\",\"description\":\"Not\u00edcias e Jurisprud\u00eancia\",\"potentialAction\":[{\"@type\":\"SearchAction\",\"target\":{\"@type\":\"EntryPoint\",\"urlTemplate\":\"https:\/\/mhcalculos.com.br\/noticias\/?s={search_term_string}\"},\"query-input\":{\"@type\":\"PropertyValueSpecification\",\"valueRequired\":true,\"valueName\":\"search_term_string\"}}],\"inLanguage\":\"pt-BR\"},{\"@type\":\"Person\",\"@id\":\"https:\/\/mhcalculos.com.br\/noticias\/#\/schema\/person\/88d1c34bf72dc779ea14a5a6b8e0ae8d\",\"name\":\"Equipe MH\",\"image\":{\"@type\":\"ImageObject\",\"inLanguage\":\"pt-BR\",\"@id\":\"https:\/\/secure.gravatar.com\/avatar\/de1c686c2ecc9c5a3f327e3431d819eb39f8f05d4e1045f5a1caad6daaba987f?s=96&d=mm&r=g\",\"url\":\"https:\/\/secure.gravatar.com\/avatar\/de1c686c2ecc9c5a3f327e3431d819eb39f8f05d4e1045f5a1caad6daaba987f?s=96&d=mm&r=g\",\"contentUrl\":\"https:\/\/secure.gravatar.com\/avatar\/de1c686c2ecc9c5a3f327e3431d819eb39f8f05d4e1045f5a1caad6daaba987f?s=96&d=mm&r=g\",\"caption\":\"Equipe MH\"}}]}<\/script>\n<!-- \/ Yoast SEO plugin. -->","yoast_head_json":{"title":"STJ: Pesquisa Pronta aborda indeniza\u00e7\u00e3o \u00e0 v\u00edtima de evento danoso com redu\u00e7\u00e3o da capacidade laborativa | Portal de Not\u00edcias","robots":{"index":"index","follow":"follow","max-snippet":"max-snippet:-1","max-image-preview":"max-image-preview:large","max-video-preview":"max-video-preview:-1"},"canonical":"https:\/\/mhcalculos.com.br\/noticias\/area\/previdenciario\/stj-pesquisa-pronta-aborda-indenizacao-a-vitima-de-evento-danoso-com-reducao-da-capacidade-laborativa.html","og_locale":"pt_BR","og_type":"article","og_title":"STJ: Pesquisa Pronta aborda indeniza\u00e7\u00e3o \u00e0 v\u00edtima de evento danoso com redu\u00e7\u00e3o da capacidade laborativa | Portal de Not\u00edcias","og_description":"A Secretaria de Jurisprud&ecirc;ncia do Superior Tribunal de Justi&ccedil;a (STJ) disponibilizou nesta segunda-feira (20) cinco novos temas na Pesquisa Pronta. A ferramenta oferece os resultados de pesquisas organizadas por ramos do direito e assuntos de grande destaque no tribunal. Direito civil O STJ entende que, em raz&atilde;o do maior sacrif&iacute;cio para a realiza&ccedil;&atilde;o do servi&ccedil;o, [&hellip;]","og_url":"https:\/\/mhcalculos.com.br\/noticias\/area\/previdenciario\/stj-pesquisa-pronta-aborda-indenizacao-a-vitima-de-evento-danoso-com-reducao-da-capacidade-laborativa.html","og_site_name":"Portal de Not\u00edcias","article_published_time":"2018-08-21T18:02:00+00:00","article_modified_time":"2021-07-28T17:34:13+00:00","og_image":[{"width":2000,"height":800,"url":"https:\/\/mhcalculos.com.br\/noticias\/wp-content\/uploads\/sites\/2\/2018\/07\/previdenciario-0012.jpg","type":"image\/jpeg"}],"author":"Equipe MH","twitter_card":"summary_large_image","twitter_misc":{"Escrito por":"Equipe MH","Est. tempo de leitura":"2 minutos"},"schema":{"@context":"https:\/\/schema.org","@graph":[{"@type":"Article","@id":"https:\/\/mhcalculos.com.br\/noticias\/area\/previdenciario\/stj-pesquisa-pronta-aborda-indenizacao-a-vitima-de-evento-danoso-com-reducao-da-capacidade-laborativa.html#article","isPartOf":{"@id":"https:\/\/mhcalculos.com.br\/noticias\/area\/previdenciario\/stj-pesquisa-pronta-aborda-indenizacao-a-vitima-de-evento-danoso-com-reducao-da-capacidade-laborativa.html"},"author":{"name":"Equipe MH","@id":"https:\/\/mhcalculos.com.br\/noticias\/#\/schema\/person\/88d1c34bf72dc779ea14a5a6b8e0ae8d"},"headline":"STJ: Pesquisa Pronta aborda indeniza\u00e7\u00e3o \u00e0 v\u00edtima de evento danoso com redu\u00e7\u00e3o da capacidade laborativa","datePublished":"2018-08-21T18:02:00+00:00","dateModified":"2021-07-28T17:34:13+00:00","mainEntityOfPage":{"@id":"https:\/\/mhcalculos.com.br\/noticias\/area\/previdenciario\/stj-pesquisa-pronta-aborda-indenizacao-a-vitima-de-evento-danoso-com-reducao-da-capacidade-laborativa.html"},"wordCount":409,"commentCount":0,"image":{"@id":"https:\/\/mhcalculos.com.br\/noticias\/area\/previdenciario\/stj-pesquisa-pronta-aborda-indenizacao-a-vitima-de-evento-danoso-com-reducao-da-capacidade-laborativa.html#primaryimage"},"thumbnailUrl":"https:\/\/mhcalculos.com.br\/noticias\/wp-content\/uploads\/sites\/2\/2018\/07\/previdenciario-0012.jpg","keywords":["aposentadoria","c\u00e1lculos previdenci\u00e1rios","direito previdenci\u00e1rio","inss","per\u00edcia","perito","stj"],"articleSection":["Direito Previdenci\u00e1rio","STJ"],"inLanguage":"pt-BR","potentialAction":[{"@type":"CommentAction","name":"Comment","target":["https:\/\/mhcalculos.com.br\/noticias\/area\/previdenciario\/stj-pesquisa-pronta-aborda-indenizacao-a-vitima-de-evento-danoso-com-reducao-da-capacidade-laborativa.html#respond"]}]},{"@type":"WebPage","@id":"https:\/\/mhcalculos.com.br\/noticias\/area\/previdenciario\/stj-pesquisa-pronta-aborda-indenizacao-a-vitima-de-evento-danoso-com-reducao-da-capacidade-laborativa.html","url":"https:\/\/mhcalculos.com.br\/noticias\/area\/previdenciario\/stj-pesquisa-pronta-aborda-indenizacao-a-vitima-de-evento-danoso-com-reducao-da-capacidade-laborativa.html","name":"STJ: Pesquisa Pronta aborda indeniza\u00e7\u00e3o \u00e0 v\u00edtima de evento danoso com redu\u00e7\u00e3o da capacidade laborativa | Portal de Not\u00edcias","isPartOf":{"@id":"https:\/\/mhcalculos.com.br\/noticias\/#website"},"primaryImageOfPage":{"@id":"https:\/\/mhcalculos.com.br\/noticias\/area\/previdenciario\/stj-pesquisa-pronta-aborda-indenizacao-a-vitima-de-evento-danoso-com-reducao-da-capacidade-laborativa.html#primaryimage"},"image":{"@id":"https:\/\/mhcalculos.com.br\/noticias\/area\/previdenciario\/stj-pesquisa-pronta-aborda-indenizacao-a-vitima-de-evento-danoso-com-reducao-da-capacidade-laborativa.html#primaryimage"},"thumbnailUrl":"https:\/\/mhcalculos.com.br\/noticias\/wp-content\/uploads\/sites\/2\/2018\/07\/previdenciario-0012.jpg","datePublished":"2018-08-21T18:02:00+00:00","dateModified":"2021-07-28T17:34:13+00:00","author":{"@id":"https:\/\/mhcalculos.com.br\/noticias\/#\/schema\/person\/88d1c34bf72dc779ea14a5a6b8e0ae8d"},"breadcrumb":{"@id":"https:\/\/mhcalculos.com.br\/noticias\/area\/previdenciario\/stj-pesquisa-pronta-aborda-indenizacao-a-vitima-de-evento-danoso-com-reducao-da-capacidade-laborativa.html#breadcrumb"},"inLanguage":"pt-BR","potentialAction":[{"@type":"ReadAction","target":["https:\/\/mhcalculos.com.br\/noticias\/area\/previdenciario\/stj-pesquisa-pronta-aborda-indenizacao-a-vitima-de-evento-danoso-com-reducao-da-capacidade-laborativa.html"]}]},{"@type":"ImageObject","inLanguage":"pt-BR","@id":"https:\/\/mhcalculos.com.br\/noticias\/area\/previdenciario\/stj-pesquisa-pronta-aborda-indenizacao-a-vitima-de-evento-danoso-com-reducao-da-capacidade-laborativa.html#primaryimage","url":"https:\/\/mhcalculos.com.br\/noticias\/wp-content\/uploads\/sites\/2\/2018\/07\/previdenciario-0012.jpg","contentUrl":"https:\/\/mhcalculos.com.br\/noticias\/wp-content\/uploads\/sites\/2\/2018\/07\/previdenciario-0012.jpg","width":2000,"height":800},{"@type":"BreadcrumbList","@id":"https:\/\/mhcalculos.com.br\/noticias\/area\/previdenciario\/stj-pesquisa-pronta-aborda-indenizacao-a-vitima-de-evento-danoso-com-reducao-da-capacidade-laborativa.html#breadcrumb","itemListElement":[{"@type":"ListItem","position":1,"name":"In\u00edcio","item":"https:\/\/mhcalculos.com.br\/noticias\/"},{"@type":"ListItem","position":2,"name":"STJ: Pesquisa Pronta aborda indeniza\u00e7\u00e3o \u00e0 v\u00edtima de evento danoso com redu\u00e7\u00e3o da capacidade laborativa"}]},{"@type":"WebSite","@id":"https:\/\/mhcalculos.com.br\/noticias\/#website","url":"https:\/\/mhcalculos.com.br\/noticias\/","name":"Portal de Not\u00edcias","description":"Not\u00edcias e Jurisprud\u00eancia","potentialAction":[{"@type":"SearchAction","target":{"@type":"EntryPoint","urlTemplate":"https:\/\/mhcalculos.com.br\/noticias\/?s={search_term_string}"},"query-input":{"@type":"PropertyValueSpecification","valueRequired":true,"valueName":"search_term_string"}}],"inLanguage":"pt-BR"},{"@type":"Person","@id":"https:\/\/mhcalculos.com.br\/noticias\/#\/schema\/person\/88d1c34bf72dc779ea14a5a6b8e0ae8d","name":"Equipe MH","image":{"@type":"ImageObject","inLanguage":"pt-BR","@id":"https:\/\/secure.gravatar.com\/avatar\/de1c686c2ecc9c5a3f327e3431d819eb39f8f05d4e1045f5a1caad6daaba987f?s=96&d=mm&r=g","url":"https:\/\/secure.gravatar.com\/avatar\/de1c686c2ecc9c5a3f327e3431d819eb39f8f05d4e1045f5a1caad6daaba987f?s=96&d=mm&r=g","contentUrl":"https:\/\/secure.gravatar.com\/avatar\/de1c686c2ecc9c5a3f327e3431d819eb39f8f05d4e1045f5a1caad6daaba987f?s=96&d=mm&r=g","caption":"Equipe MH"}}]}},"_links":{"self":[{"href":"https:\/\/mhcalculos.com.br\/noticias\/wp-json\/wp\/v2\/posts\/2954","targetHints":{"allow":["GET"]}}],"collection":[{"href":"https:\/\/mhcalculos.com.br\/noticias\/wp-json\/wp\/v2\/posts"}],"about":[{"href":"https:\/\/mhcalculos.com.br\/noticias\/wp-json\/wp\/v2\/types\/post"}],"author":[{"embeddable":true,"href":"https:\/\/mhcalculos.com.br\/noticias\/wp-json\/wp\/v2\/users\/3063"}],"replies":[{"embeddable":true,"href":"https:\/\/mhcalculos.com.br\/noticias\/wp-json\/wp\/v2\/comments?post=2954"}],"version-history":[{"count":1,"href":"https:\/\/mhcalculos.com.br\/noticias\/wp-json\/wp\/v2\/posts\/2954\/revisions"}],"predecessor-version":[{"id":10260,"href":"https:\/\/mhcalculos.com.br\/noticias\/wp-json\/wp\/v2\/posts\/2954\/revisions\/10260"}],"wp:featuredmedia":[{"embeddable":true,"href":"https:\/\/mhcalculos.com.br\/noticias\/wp-json\/wp\/v2\/media\/2667"}],"wp:attachment":[{"href":"https:\/\/mhcalculos.com.br\/noticias\/wp-json\/wp\/v2\/media?parent=2954"}],"wp:term":[{"taxonomy":"category","embeddable":true,"href":"https:\/\/mhcalculos.com.br\/noticias\/wp-json\/wp\/v2\/categories?post=2954"},{"taxonomy":"post_tag","embeddable":true,"href":"https:\/\/mhcalculos.com.br\/noticias\/wp-json\/wp\/v2\/tags?post=2954"}],"curies":[{"name":"wp","href":"https:\/\/api.w.org\/{rel}","templated":true}]}}