{"id":2950,"date":"2018-08-21T11:00:49","date_gmt":"2018-08-21T14:00:49","guid":{"rendered":"https:\/\/mhcalculos.com.br\/noticias\/2018\/08\/21\/stf-ministro-nega-recurso-em-hc-de-acusado-de-planejar-morte-de-advogada-em-pernambuco\/"},"modified":"2021-07-28T14:34:13","modified_gmt":"2021-07-28T17:34:13","slug":"stf-ministro-nega-recurso-em-hc-de-acusado-de-planejar-morte-de-advogada-em-pernambuco","status":"publish","type":"post","link":"https:\/\/mhcalculos.com.br\/noticias\/area\/previdenciario\/stf-ministro-nega-recurso-em-hc-de-acusado-de-planejar-morte-de-advogada-em-pernambuco.html","title":{"rendered":"STF: Ministro nega recurso em HC de acusado de planejar morte de advogada em Pernambuco"},"content":{"rendered":"<p><br \/>\n<\/p>\n<p>O ministro Alexandre de Moraes, do Supremo Tribunal Federal (STF), negou provimento ao Recurso Ordin\u00e1rio em Habeas Corpus (RHC) 149140, em que a defesa do empres\u00e1rio Jaermerson Jacinto Pereira, mais conhecido como Jaj\u00e1 da Academia, pedia a revoga\u00e7\u00e3o de sua pris\u00e3o preventiva. O empres\u00e1rio e outros dois acusados ir\u00e3o a j\u00fari popular em raz\u00e3o do assassinato da advogada Severina Natal\u00edcia da Silva, ocorrido em 5 de dezembro de 2013, no Munic\u00edpio de Bezerros (PE). Jaermerson \u00e9 apontando como o autor intelectual do crime.<\/p>\n<p>A advogada foi morta a tiros e seu corpo foi parcialmente destru\u00eddo e carbonizado, tendo sido encontrado 18 dias ap\u00f3s o crime, na zona rural de \u00c1gua Preta (PE). De acordo com a den\u00fancia, ela foi morta porque atuava em um processo judicial de pens\u00e3o por morte e heran\u00e7a de seu pai, contrariando os interesses da m\u00e3e de Jaermerson Pereira, primeira esposa do falecido. O crime levou a Pol\u00edcia Civil de Pernambuco a deflagrar a Opera\u00e7\u00e3o Themis para encontrar os culpados.<\/p>\n<p>No recurso ao STF, a defesa&nbsp;alegou que a demora do Tribunal de Justi\u00e7a do Estado de Pernambuco (TJ-PE) em julgar o pedido de desaforamento do processo apresentado em 5 de janeiro de 2016 gera constrangimento ilegal ao acusado, em raz\u00e3o do excesso de prazo da cust\u00f3dia preventiva, j\u00e1 que o processo est\u00e1 desde ent\u00e3o paralisado na Comarca de Bezerros. Em raz\u00e3o disso, a pris\u00e3o deveria ser revogada.<\/p>\n<p>No Superior Tribunal de Justi\u00e7a (STJ), o pedido de revoga\u00e7\u00e3o da pris\u00e3o foi negado com recomenda\u00e7\u00e3o ao TJ-PE para dar celeridade ao julgamento do pedido de desaforamento. Em peti\u00e7\u00f5es apresentadas ao STF, a defesa requereu a concess\u00e3o de medidas cautelares diversas da pris\u00e3o e a expedi\u00e7\u00e3o de alvar\u00e1 de soltura. Como tais pedidos n\u00e3o foram objeto de an\u00e1lise pelo STJ, o relator do recurso no Supremo deixou de apreci\u00e1-los.<\/p>\n<p>Analisando o pedido de revoga\u00e7\u00e3o da pris\u00e3o preventiva, dado o alegado excesso de prazo, o ministro Alexandre de Moraes afirmou que \u00e9 necess\u00e1rio investigar se a demora \u00e9 resultado ou n\u00e3o da des\u00eddia ou da in\u00e9rcia do Poder Judici\u00e1rio. No caso em quest\u00e3o, segundo observou o relator, n\u00e3o se pode falar em constrangimento ilegal a ser sanado, uma vez que n\u00e3o h\u00e1 mora processual imput\u00e1vel ao Poder Judici\u00e1rio, ao \u00f3rg\u00e3o acusador ou situa\u00e7\u00e3o incompat\u00edvel com o princ\u00edpio da razo\u00e1vel dura\u00e7\u00e3o do processo.<\/p>\n<p>Al\u00e9m disso, segundo afirmou o relator, a alega\u00e7\u00e3o de excesso de prazo est\u00e1 superada pela superveni\u00eancia da senten\u00e7a de pron\u00fancia (decis\u00e3o do ju\u00edzo que remete o julgamento da a\u00e7\u00e3o penal ao Tribunal do J\u00fari). J\u00e1 as quest\u00f5es de fato suscitadas pela defesa demandariam o reexame do conjunto probat\u00f3rio, provid\u00eancia incompat\u00edvel com a via processual do habeas corpus, por isso n\u00e3o foram examinadas pelo relator.<\/p>\n<p><b>Urg\u00eancia <\/b><\/p>\n<p>Em raz\u00e3o das in\u00fameras peti\u00e7\u00f5es juntadas aos autos que se sucederam \u00e0 interposi\u00e7\u00e3o do recurso, dando conta de que o TJ-PE ainda n\u00e3o teria cumprido a determina\u00e7\u00e3o do STJ de dar celeridade ao julgamento do pedido de desaforamento feito pelo Minist\u00e9rio P\u00fablico, o ministro Alexandre de Moraes determinou que esse julgamento ocorra imediatamente, com comunica\u00e7\u00e3o ao STF.<\/p>\n<p><span style=\"font-size: smaller\">VP\/CR<\/span><br \/>\n&nbsp;<\/p>\n<p><i>Com informa\u00e7\u00f5es da assessoria de imprensa do STF.<\/i><br \/>\n<br \/><br \/>\n<br \/><a href=\"http:\/\/www.stf.jus.br\/portal\/cms\/verNoticiaDetalhe.asp?idConteudo=387323\">Fonte<\/a><\/p>\n","protected":false},"excerpt":{"rendered":"<p>O ministro Alexandre de Moraes, do Supremo Tribunal Federal (STF), negou provimento ao Recurso Ordin\u00e1rio em Habeas Corpus (RHC) 149140, em que a defesa do empres\u00e1rio Jaermerson Jacinto Pereira, mais conhecido como Jaj\u00e1 da Academia, pedia a revoga\u00e7\u00e3o de sua pris\u00e3o preventiva. O empres\u00e1rio e outros dois acusados ir\u00e3o a j\u00fari popular em raz\u00e3o do [&hellip;]<\/p>\n","protected":false},"author":3063,"featured_media":2198,"comment_status":"open","ping_status":"open","sticky":false,"template":"","format":"standard","meta":{"footnotes":""},"categories":[5,15],"tags":[11,10,8,13,9,12,16],"class_list":{"0":"post-2950","1":"post","2":"type-post","3":"status-publish","4":"format-standard","5":"has-post-thumbnail","7":"category-previdenciario","8":"category-stf","9":"tag-aposentadoria","10":"tag-calculos-previdenciarios","11":"tag-direito-previdenciario","12":"tag-inss","13":"tag-pericia","14":"tag-perito","15":"tag-stf"},"yoast_head":"<!-- This site is optimized with the Yoast SEO plugin v27.2 - https:\/\/yoast.com\/product\/yoast-seo-wordpress\/ -->\n<title>STF: Ministro nega recurso em HC de acusado de planejar morte de advogada em Pernambuco | Portal de Not\u00edcias<\/title>\n<meta name=\"robots\" content=\"index, follow, max-snippet:-1, max-image-preview:large, max-video-preview:-1\" \/>\n<link rel=\"canonical\" href=\"https:\/\/mhcalculos.com.br\/noticias\/area\/previdenciario\/stf-ministro-nega-recurso-em-hc-de-acusado-de-planejar-morte-de-advogada-em-pernambuco.html\" \/>\n<meta property=\"og:locale\" content=\"pt_BR\" \/>\n<meta property=\"og:type\" content=\"article\" \/>\n<meta property=\"og:title\" content=\"STF: Ministro nega recurso em HC de acusado de planejar morte de advogada em Pernambuco | Portal de Not\u00edcias\" \/>\n<meta property=\"og:description\" content=\"O ministro Alexandre de Moraes, do Supremo Tribunal Federal (STF), negou provimento ao Recurso Ordin\u00e1rio em Habeas Corpus (RHC) 149140, em que a defesa do empres\u00e1rio Jaermerson Jacinto Pereira, mais conhecido como Jaj\u00e1 da Academia, pedia a revoga\u00e7\u00e3o de sua pris\u00e3o preventiva. O empres\u00e1rio e outros dois acusados ir\u00e3o a j\u00fari popular em raz\u00e3o do [&hellip;]\" \/>\n<meta property=\"og:url\" content=\"https:\/\/mhcalculos.com.br\/noticias\/area\/previdenciario\/stf-ministro-nega-recurso-em-hc-de-acusado-de-planejar-morte-de-advogada-em-pernambuco.html\" \/>\n<meta property=\"og:site_name\" content=\"Portal de Not\u00edcias\" \/>\n<meta property=\"article:published_time\" content=\"2018-08-21T14:00:49+00:00\" \/>\n<meta property=\"article:modified_time\" content=\"2021-07-28T17:34:13+00:00\" \/>\n<meta property=\"og:image\" content=\"https:\/\/mhcalculos.com.br\/noticias\/wp-content\/uploads\/sites\/2\/2018\/06\/judiciario-0027.jpg\" \/>\n\t<meta property=\"og:image:width\" content=\"2000\" \/>\n\t<meta property=\"og:image:height\" content=\"800\" \/>\n\t<meta property=\"og:image:type\" content=\"image\/jpeg\" \/>\n<meta name=\"author\" content=\"Equipe MH\" \/>\n<meta name=\"twitter:card\" content=\"summary_large_image\" \/>\n<meta name=\"twitter:label1\" content=\"Escrito por\" \/>\n\t<meta name=\"twitter:data1\" content=\"Equipe MH\" \/>\n\t<meta name=\"twitter:label2\" content=\"Est. tempo de leitura\" \/>\n\t<meta name=\"twitter:data2\" content=\"3 minutos\" \/>\n<script type=\"application\/ld+json\" class=\"yoast-schema-graph\">{\"@context\":\"https:\/\/schema.org\",\"@graph\":[{\"@type\":\"Article\",\"@id\":\"https:\/\/mhcalculos.com.br\/noticias\/area\/previdenciario\/stf-ministro-nega-recurso-em-hc-de-acusado-de-planejar-morte-de-advogada-em-pernambuco.html#article\",\"isPartOf\":{\"@id\":\"https:\/\/mhcalculos.com.br\/noticias\/area\/previdenciario\/stf-ministro-nega-recurso-em-hc-de-acusado-de-planejar-morte-de-advogada-em-pernambuco.html\"},\"author\":{\"name\":\"Equipe MH\",\"@id\":\"https:\/\/mhcalculos.com.br\/noticias\/#\/schema\/person\/88d1c34bf72dc779ea14a5a6b8e0ae8d\"},\"headline\":\"STF: Ministro nega recurso em HC de acusado de planejar morte de advogada em Pernambuco\",\"datePublished\":\"2018-08-21T14:00:49+00:00\",\"dateModified\":\"2021-07-28T17:34:13+00:00\",\"mainEntityOfPage\":{\"@id\":\"https:\/\/mhcalculos.com.br\/noticias\/area\/previdenciario\/stf-ministro-nega-recurso-em-hc-de-acusado-de-planejar-morte-de-advogada-em-pernambuco.html\"},\"wordCount\":603,\"commentCount\":0,\"image\":{\"@id\":\"https:\/\/mhcalculos.com.br\/noticias\/area\/previdenciario\/stf-ministro-nega-recurso-em-hc-de-acusado-de-planejar-morte-de-advogada-em-pernambuco.html#primaryimage\"},\"thumbnailUrl\":\"https:\/\/mhcalculos.com.br\/noticias\/wp-content\/uploads\/sites\/2\/2018\/06\/judiciario-0027.jpg\",\"keywords\":[\"aposentadoria\",\"c\u00e1lculos previdenci\u00e1rios\",\"direito previdenci\u00e1rio\",\"inss\",\"per\u00edcia\",\"perito\",\"stf\"],\"articleSection\":[\"Direito Previdenci\u00e1rio\",\"STF\"],\"inLanguage\":\"pt-BR\",\"potentialAction\":[{\"@type\":\"CommentAction\",\"name\":\"Comment\",\"target\":[\"https:\/\/mhcalculos.com.br\/noticias\/area\/previdenciario\/stf-ministro-nega-recurso-em-hc-de-acusado-de-planejar-morte-de-advogada-em-pernambuco.html#respond\"]}]},{\"@type\":\"WebPage\",\"@id\":\"https:\/\/mhcalculos.com.br\/noticias\/area\/previdenciario\/stf-ministro-nega-recurso-em-hc-de-acusado-de-planejar-morte-de-advogada-em-pernambuco.html\",\"url\":\"https:\/\/mhcalculos.com.br\/noticias\/area\/previdenciario\/stf-ministro-nega-recurso-em-hc-de-acusado-de-planejar-morte-de-advogada-em-pernambuco.html\",\"name\":\"STF: Ministro nega recurso em HC de acusado de planejar morte de advogada em Pernambuco | Portal de Not\u00edcias\",\"isPartOf\":{\"@id\":\"https:\/\/mhcalculos.com.br\/noticias\/#website\"},\"primaryImageOfPage\":{\"@id\":\"https:\/\/mhcalculos.com.br\/noticias\/area\/previdenciario\/stf-ministro-nega-recurso-em-hc-de-acusado-de-planejar-morte-de-advogada-em-pernambuco.html#primaryimage\"},\"image\":{\"@id\":\"https:\/\/mhcalculos.com.br\/noticias\/area\/previdenciario\/stf-ministro-nega-recurso-em-hc-de-acusado-de-planejar-morte-de-advogada-em-pernambuco.html#primaryimage\"},\"thumbnailUrl\":\"https:\/\/mhcalculos.com.br\/noticias\/wp-content\/uploads\/sites\/2\/2018\/06\/judiciario-0027.jpg\",\"datePublished\":\"2018-08-21T14:00:49+00:00\",\"dateModified\":\"2021-07-28T17:34:13+00:00\",\"author\":{\"@id\":\"https:\/\/mhcalculos.com.br\/noticias\/#\/schema\/person\/88d1c34bf72dc779ea14a5a6b8e0ae8d\"},\"breadcrumb\":{\"@id\":\"https:\/\/mhcalculos.com.br\/noticias\/area\/previdenciario\/stf-ministro-nega-recurso-em-hc-de-acusado-de-planejar-morte-de-advogada-em-pernambuco.html#breadcrumb\"},\"inLanguage\":\"pt-BR\",\"potentialAction\":[{\"@type\":\"ReadAction\",\"target\":[\"https:\/\/mhcalculos.com.br\/noticias\/area\/previdenciario\/stf-ministro-nega-recurso-em-hc-de-acusado-de-planejar-morte-de-advogada-em-pernambuco.html\"]}]},{\"@type\":\"ImageObject\",\"inLanguage\":\"pt-BR\",\"@id\":\"https:\/\/mhcalculos.com.br\/noticias\/area\/previdenciario\/stf-ministro-nega-recurso-em-hc-de-acusado-de-planejar-morte-de-advogada-em-pernambuco.html#primaryimage\",\"url\":\"https:\/\/mhcalculos.com.br\/noticias\/wp-content\/uploads\/sites\/2\/2018\/06\/judiciario-0027.jpg\",\"contentUrl\":\"https:\/\/mhcalculos.com.br\/noticias\/wp-content\/uploads\/sites\/2\/2018\/06\/judiciario-0027.jpg\",\"width\":2000,\"height\":800},{\"@type\":\"BreadcrumbList\",\"@id\":\"https:\/\/mhcalculos.com.br\/noticias\/area\/previdenciario\/stf-ministro-nega-recurso-em-hc-de-acusado-de-planejar-morte-de-advogada-em-pernambuco.html#breadcrumb\",\"itemListElement\":[{\"@type\":\"ListItem\",\"position\":1,\"name\":\"In\u00edcio\",\"item\":\"https:\/\/mhcalculos.com.br\/noticias\/\"},{\"@type\":\"ListItem\",\"position\":2,\"name\":\"STF: Ministro nega recurso em HC de acusado de planejar morte de advogada em Pernambuco\"}]},{\"@type\":\"WebSite\",\"@id\":\"https:\/\/mhcalculos.com.br\/noticias\/#website\",\"url\":\"https:\/\/mhcalculos.com.br\/noticias\/\",\"name\":\"Portal de Not\u00edcias\",\"description\":\"Not\u00edcias e Jurisprud\u00eancia\",\"potentialAction\":[{\"@type\":\"SearchAction\",\"target\":{\"@type\":\"EntryPoint\",\"urlTemplate\":\"https:\/\/mhcalculos.com.br\/noticias\/?s={search_term_string}\"},\"query-input\":{\"@type\":\"PropertyValueSpecification\",\"valueRequired\":true,\"valueName\":\"search_term_string\"}}],\"inLanguage\":\"pt-BR\"},{\"@type\":\"Person\",\"@id\":\"https:\/\/mhcalculos.com.br\/noticias\/#\/schema\/person\/88d1c34bf72dc779ea14a5a6b8e0ae8d\",\"name\":\"Equipe MH\",\"image\":{\"@type\":\"ImageObject\",\"inLanguage\":\"pt-BR\",\"@id\":\"https:\/\/secure.gravatar.com\/avatar\/de1c686c2ecc9c5a3f327e3431d819eb39f8f05d4e1045f5a1caad6daaba987f?s=96&d=mm&r=g\",\"url\":\"https:\/\/secure.gravatar.com\/avatar\/de1c686c2ecc9c5a3f327e3431d819eb39f8f05d4e1045f5a1caad6daaba987f?s=96&d=mm&r=g\",\"contentUrl\":\"https:\/\/secure.gravatar.com\/avatar\/de1c686c2ecc9c5a3f327e3431d819eb39f8f05d4e1045f5a1caad6daaba987f?s=96&d=mm&r=g\",\"caption\":\"Equipe MH\"}}]}<\/script>\n<!-- \/ Yoast SEO plugin. -->","yoast_head_json":{"title":"STF: Ministro nega recurso em HC de acusado de planejar morte de advogada em Pernambuco | Portal de Not\u00edcias","robots":{"index":"index","follow":"follow","max-snippet":"max-snippet:-1","max-image-preview":"max-image-preview:large","max-video-preview":"max-video-preview:-1"},"canonical":"https:\/\/mhcalculos.com.br\/noticias\/area\/previdenciario\/stf-ministro-nega-recurso-em-hc-de-acusado-de-planejar-morte-de-advogada-em-pernambuco.html","og_locale":"pt_BR","og_type":"article","og_title":"STF: Ministro nega recurso em HC de acusado de planejar morte de advogada em Pernambuco | Portal de Not\u00edcias","og_description":"O ministro Alexandre de Moraes, do Supremo Tribunal Federal (STF), negou provimento ao Recurso Ordin\u00e1rio em Habeas Corpus (RHC) 149140, em que a defesa do empres\u00e1rio Jaermerson Jacinto Pereira, mais conhecido como Jaj\u00e1 da Academia, pedia a revoga\u00e7\u00e3o de sua pris\u00e3o preventiva. O empres\u00e1rio e outros dois acusados ir\u00e3o a j\u00fari popular em raz\u00e3o do [&hellip;]","og_url":"https:\/\/mhcalculos.com.br\/noticias\/area\/previdenciario\/stf-ministro-nega-recurso-em-hc-de-acusado-de-planejar-morte-de-advogada-em-pernambuco.html","og_site_name":"Portal de Not\u00edcias","article_published_time":"2018-08-21T14:00:49+00:00","article_modified_time":"2021-07-28T17:34:13+00:00","og_image":[{"width":2000,"height":800,"url":"https:\/\/mhcalculos.com.br\/noticias\/wp-content\/uploads\/sites\/2\/2018\/06\/judiciario-0027.jpg","type":"image\/jpeg"}],"author":"Equipe MH","twitter_card":"summary_large_image","twitter_misc":{"Escrito por":"Equipe MH","Est. tempo de leitura":"3 minutos"},"schema":{"@context":"https:\/\/schema.org","@graph":[{"@type":"Article","@id":"https:\/\/mhcalculos.com.br\/noticias\/area\/previdenciario\/stf-ministro-nega-recurso-em-hc-de-acusado-de-planejar-morte-de-advogada-em-pernambuco.html#article","isPartOf":{"@id":"https:\/\/mhcalculos.com.br\/noticias\/area\/previdenciario\/stf-ministro-nega-recurso-em-hc-de-acusado-de-planejar-morte-de-advogada-em-pernambuco.html"},"author":{"name":"Equipe MH","@id":"https:\/\/mhcalculos.com.br\/noticias\/#\/schema\/person\/88d1c34bf72dc779ea14a5a6b8e0ae8d"},"headline":"STF: Ministro nega recurso em HC de acusado de planejar morte de advogada em Pernambuco","datePublished":"2018-08-21T14:00:49+00:00","dateModified":"2021-07-28T17:34:13+00:00","mainEntityOfPage":{"@id":"https:\/\/mhcalculos.com.br\/noticias\/area\/previdenciario\/stf-ministro-nega-recurso-em-hc-de-acusado-de-planejar-morte-de-advogada-em-pernambuco.html"},"wordCount":603,"commentCount":0,"image":{"@id":"https:\/\/mhcalculos.com.br\/noticias\/area\/previdenciario\/stf-ministro-nega-recurso-em-hc-de-acusado-de-planejar-morte-de-advogada-em-pernambuco.html#primaryimage"},"thumbnailUrl":"https:\/\/mhcalculos.com.br\/noticias\/wp-content\/uploads\/sites\/2\/2018\/06\/judiciario-0027.jpg","keywords":["aposentadoria","c\u00e1lculos previdenci\u00e1rios","direito previdenci\u00e1rio","inss","per\u00edcia","perito","stf"],"articleSection":["Direito Previdenci\u00e1rio","STF"],"inLanguage":"pt-BR","potentialAction":[{"@type":"CommentAction","name":"Comment","target":["https:\/\/mhcalculos.com.br\/noticias\/area\/previdenciario\/stf-ministro-nega-recurso-em-hc-de-acusado-de-planejar-morte-de-advogada-em-pernambuco.html#respond"]}]},{"@type":"WebPage","@id":"https:\/\/mhcalculos.com.br\/noticias\/area\/previdenciario\/stf-ministro-nega-recurso-em-hc-de-acusado-de-planejar-morte-de-advogada-em-pernambuco.html","url":"https:\/\/mhcalculos.com.br\/noticias\/area\/previdenciario\/stf-ministro-nega-recurso-em-hc-de-acusado-de-planejar-morte-de-advogada-em-pernambuco.html","name":"STF: Ministro nega recurso em HC de acusado de planejar morte de advogada em Pernambuco | Portal de Not\u00edcias","isPartOf":{"@id":"https:\/\/mhcalculos.com.br\/noticias\/#website"},"primaryImageOfPage":{"@id":"https:\/\/mhcalculos.com.br\/noticias\/area\/previdenciario\/stf-ministro-nega-recurso-em-hc-de-acusado-de-planejar-morte-de-advogada-em-pernambuco.html#primaryimage"},"image":{"@id":"https:\/\/mhcalculos.com.br\/noticias\/area\/previdenciario\/stf-ministro-nega-recurso-em-hc-de-acusado-de-planejar-morte-de-advogada-em-pernambuco.html#primaryimage"},"thumbnailUrl":"https:\/\/mhcalculos.com.br\/noticias\/wp-content\/uploads\/sites\/2\/2018\/06\/judiciario-0027.jpg","datePublished":"2018-08-21T14:00:49+00:00","dateModified":"2021-07-28T17:34:13+00:00","author":{"@id":"https:\/\/mhcalculos.com.br\/noticias\/#\/schema\/person\/88d1c34bf72dc779ea14a5a6b8e0ae8d"},"breadcrumb":{"@id":"https:\/\/mhcalculos.com.br\/noticias\/area\/previdenciario\/stf-ministro-nega-recurso-em-hc-de-acusado-de-planejar-morte-de-advogada-em-pernambuco.html#breadcrumb"},"inLanguage":"pt-BR","potentialAction":[{"@type":"ReadAction","target":["https:\/\/mhcalculos.com.br\/noticias\/area\/previdenciario\/stf-ministro-nega-recurso-em-hc-de-acusado-de-planejar-morte-de-advogada-em-pernambuco.html"]}]},{"@type":"ImageObject","inLanguage":"pt-BR","@id":"https:\/\/mhcalculos.com.br\/noticias\/area\/previdenciario\/stf-ministro-nega-recurso-em-hc-de-acusado-de-planejar-morte-de-advogada-em-pernambuco.html#primaryimage","url":"https:\/\/mhcalculos.com.br\/noticias\/wp-content\/uploads\/sites\/2\/2018\/06\/judiciario-0027.jpg","contentUrl":"https:\/\/mhcalculos.com.br\/noticias\/wp-content\/uploads\/sites\/2\/2018\/06\/judiciario-0027.jpg","width":2000,"height":800},{"@type":"BreadcrumbList","@id":"https:\/\/mhcalculos.com.br\/noticias\/area\/previdenciario\/stf-ministro-nega-recurso-em-hc-de-acusado-de-planejar-morte-de-advogada-em-pernambuco.html#breadcrumb","itemListElement":[{"@type":"ListItem","position":1,"name":"In\u00edcio","item":"https:\/\/mhcalculos.com.br\/noticias\/"},{"@type":"ListItem","position":2,"name":"STF: Ministro nega recurso em HC de acusado de planejar morte de advogada em Pernambuco"}]},{"@type":"WebSite","@id":"https:\/\/mhcalculos.com.br\/noticias\/#website","url":"https:\/\/mhcalculos.com.br\/noticias\/","name":"Portal de Not\u00edcias","description":"Not\u00edcias e Jurisprud\u00eancia","potentialAction":[{"@type":"SearchAction","target":{"@type":"EntryPoint","urlTemplate":"https:\/\/mhcalculos.com.br\/noticias\/?s={search_term_string}"},"query-input":{"@type":"PropertyValueSpecification","valueRequired":true,"valueName":"search_term_string"}}],"inLanguage":"pt-BR"},{"@type":"Person","@id":"https:\/\/mhcalculos.com.br\/noticias\/#\/schema\/person\/88d1c34bf72dc779ea14a5a6b8e0ae8d","name":"Equipe MH","image":{"@type":"ImageObject","inLanguage":"pt-BR","@id":"https:\/\/secure.gravatar.com\/avatar\/de1c686c2ecc9c5a3f327e3431d819eb39f8f05d4e1045f5a1caad6daaba987f?s=96&d=mm&r=g","url":"https:\/\/secure.gravatar.com\/avatar\/de1c686c2ecc9c5a3f327e3431d819eb39f8f05d4e1045f5a1caad6daaba987f?s=96&d=mm&r=g","contentUrl":"https:\/\/secure.gravatar.com\/avatar\/de1c686c2ecc9c5a3f327e3431d819eb39f8f05d4e1045f5a1caad6daaba987f?s=96&d=mm&r=g","caption":"Equipe MH"}}]}},"_links":{"self":[{"href":"https:\/\/mhcalculos.com.br\/noticias\/wp-json\/wp\/v2\/posts\/2950","targetHints":{"allow":["GET"]}}],"collection":[{"href":"https:\/\/mhcalculos.com.br\/noticias\/wp-json\/wp\/v2\/posts"}],"about":[{"href":"https:\/\/mhcalculos.com.br\/noticias\/wp-json\/wp\/v2\/types\/post"}],"author":[{"embeddable":true,"href":"https:\/\/mhcalculos.com.br\/noticias\/wp-json\/wp\/v2\/users\/3063"}],"replies":[{"embeddable":true,"href":"https:\/\/mhcalculos.com.br\/noticias\/wp-json\/wp\/v2\/comments?post=2950"}],"version-history":[{"count":1,"href":"https:\/\/mhcalculos.com.br\/noticias\/wp-json\/wp\/v2\/posts\/2950\/revisions"}],"predecessor-version":[{"id":10261,"href":"https:\/\/mhcalculos.com.br\/noticias\/wp-json\/wp\/v2\/posts\/2950\/revisions\/10261"}],"wp:featuredmedia":[{"embeddable":true,"href":"https:\/\/mhcalculos.com.br\/noticias\/wp-json\/wp\/v2\/media\/2198"}],"wp:attachment":[{"href":"https:\/\/mhcalculos.com.br\/noticias\/wp-json\/wp\/v2\/media?parent=2950"}],"wp:term":[{"taxonomy":"category","embeddable":true,"href":"https:\/\/mhcalculos.com.br\/noticias\/wp-json\/wp\/v2\/categories?post=2950"},{"taxonomy":"post_tag","embeddable":true,"href":"https:\/\/mhcalculos.com.br\/noticias\/wp-json\/wp\/v2\/tags?post=2950"}],"curies":[{"name":"wp","href":"https:\/\/api.w.org\/{rel}","templated":true}]}}