{"id":2931,"date":"2018-08-19T20:00:12","date_gmt":"2018-08-19T23:00:12","guid":{"rendered":"https:\/\/mhcalculos.com.br\/noticias\/2018\/08\/19\/stj-horas-extras-reconhecidas-pela-justica-do-trabalho-nao-afetam-beneficio-complementar-ja-concedido\/"},"modified":"2021-07-28T14:34:14","modified_gmt":"2021-07-28T17:34:14","slug":"stj-horas-extras-reconhecidas-pela-justica-do-trabalho-nao-afetam-beneficio-complementar-ja-concedido","status":"publish","type":"post","link":"https:\/\/mhcalculos.com.br\/noticias\/destaques\/stj-horas-extras-reconhecidas-pela-justica-do-trabalho-nao-afetam-beneficio-complementar-ja-concedido.html","title":{"rendered":"STJ: Horas extras reconhecidas pela Justi\u00e7a do Trabalho n\u00e3o afetam benef\u00edcio complementar j\u00e1 concedido"},"content":{"rendered":"<p><br \/>\n<\/p>\n<p>A Segunda Se&ccedil;&atilde;o do Superior Tribunal de Justi&ccedil;a (STJ) decidiu que, quando j&aacute; concedido o benef&iacute;cio de complementa&ccedil;&atilde;o de aposentadoria por entidade fechada de previd&ecirc;ncia privada, &eacute; invi&aacute;vel a inclus&atilde;o de horas extras habituais reconhecidas pela Justi&ccedil;a do Trabalho no c&aacute;lculo da renda mensal inicial dos proventos.<\/p>\n<p>Ao julgar recurso repetitivo (Tema <strong><a href=\"http:\/\/www.stj.jus.br\/repetitivos\/temas_repetitivos\/\">955<\/a><\/strong>) sobre o assunto, a Se&ccedil;&atilde;o fixou as seguintes teses: &#8220;A concess&atilde;o do benef&iacute;cio de previd&ecirc;ncia complementar tem como pressuposto a pr&eacute;via forma&ccedil;&atilde;o de reserva matem&aacute;tica, de forma a evitar o desequil&iacute;brio atuarial dos planos. Em tais condi&ccedil;&otilde;es, quando j&aacute; concedido o benef&iacute;cio de complementa&ccedil;&atilde;o de aposentadoria por entidade fechada de previd&ecirc;ncia privada, &eacute; invi&aacute;vel a inclus&atilde;o dos reflexos das verbas remunerat&oacute;rias (horas extras) reconhecidas pela Justi&ccedil;a do Trabalho nos c&aacute;lculos da renda mensal inicial dos benef&iacute;cios de complementa&ccedil;&atilde;o de aposentadoria.&#8221;<\/p>\n<p>Tamb&eacute;m ficou estabelecido pelo colegiado que &#8220;os eventuais preju&iacute;zos causados ao participante ou ao assistido que n&atilde;o puderam contribuir ao fundo na &eacute;poca apropriada ante o ato il&iacute;cito do empregador poder&atilde;o ser reparados por meio de a&ccedil;&atilde;o judicial a ser proposta contra a empresa ex-empregadora na Justi&ccedil;a do Trabalho&#8221;.<\/p>\n<p>O relator, ministro Antonio Carlos Ferreira, prop&ocirc;s uma delimita&ccedil;&atilde;o do alcance da tese firmada para evitar ocasional preju&iacute;zo a quem entrou com a&ccedil;&atilde;o sobre o assunto e aguarda solu&ccedil;&atilde;o do Judici&aacute;rio. Mais de 1.200 processos estavam suspensos, aguardando o entendimento do STJ.<\/p>\n<p>Segundo ele, &eacute; poss&iacute;vel &ldquo;excepcionalmente&rdquo; admitir o rec&aacute;lculo do benef&iacute;cio, &ldquo;condicionando-se tal rec&aacute;lculo ao pr&eacute;vio e integral restabelecimento das reservas matem&aacute;ticas, por meio de aporte a ser vertido pelo participante, devendo a apura&ccedil;&atilde;o dos valores correspondentes basear-se em estudo t&eacute;cnico atuarial, conforme disciplinado no regulamento do plano&rdquo;, ressalvou.<\/p>\n<p><strong>Modula&ccedil;&atilde;o<\/strong><\/p>\n<p>O recurso julgado &eacute; o primeiro repetitivo no qual a Segunda Se&ccedil;&atilde;o modulou os efeitos da decis&atilde;o para considerar que, nas demandas ajuizadas na Justi&ccedil;a comum at&eacute; a data do julgamento do recurso representativo da controv&eacute;rsia, &eacute; poss&iacute;vel a inclus&atilde;o das horas extras, reconhecidas pela Justi&ccedil;a do Trabalho, nos c&aacute;lculos da renda mensal inicial dos benef&iacute;cios de complementa&ccedil;&atilde;o de aposentadoria, &ldquo;condicionada &agrave; previs&atilde;o regulamentar (expressa ou impl&iacute;cita) e &agrave; recomposi&ccedil;&atilde;o pr&eacute;via e integral das reservas matem&aacute;ticas com o aporte de valor a ser apurado por estudo t&eacute;cnico atuarial em cada caso&rdquo;. A modula&ccedil;&atilde;o tem por base o artigo 927, par&aacute;grafo 3&ordm;, do C&oacute;digo de Processo Civil de 2015.<\/p>\n<p>A Segunda Se&ccedil;&atilde;o decidiu tamb&eacute;m que, &ldquo;nas reclama&ccedil;&otilde;es trabalhistas em que o ex-empregador tiver sido condenado a recompor a reserva matem&aacute;tica, e n&atilde;o havendo a revis&atilde;o da renda mensal inicial da aposentadoria complementar, os valores correspondentes a tal recomposi&ccedil;&atilde;o devem ser entregues ao participante ou assistido a t&iacute;tulo de repara&ccedil;&atilde;o, evitando-se, igualmente, o enriquecimento sem causa da entidade fechada de previd&ecirc;ncia complementar&rdquo;.<\/p>\n<p><strong>Equil&iacute;brio permanente<\/strong><\/p>\n<p>Antonio Carlos Ferreira afirmou que o <strong><a target=\"_blank\" href=\"http:\/\/www.planalto.gov.br\/ccivil_03\/constituicao\/constituicao.htm#art202\" rel=\"noopener\">artigo 202<\/a><\/strong> da Constitui&ccedil;&atilde;o Federal e a Lei Complementar 109\/2001, em seu <strong><a target=\"_blank\" href=\"http:\/\/www.planalto.gov.br\/Ccivil_03\/leis\/LCP\/Lcp109.htm#art18\" rel=\"noopener\">artigo 18<\/a><\/strong>, trazem expressa exig&ecirc;ncia de que os planos de previd&ecirc;ncia privada estejam em permanente equil&iacute;brio financeiro e atuarial, reiterando a necessidade de contribui&ccedil;&atilde;o para a constitui&ccedil;&atilde;o de capital garantidor dos benef&iacute;cios e asseverando a obrigatoriedade do regime financeiro de capitaliza&ccedil;&atilde;o.&nbsp;<\/p>\n<p>&ldquo;A viabilidade dessa esp&eacute;cie de regime depende necessariamente da manuten&ccedil;&atilde;o do equil&iacute;brio entre as reservas existentes no fundo espec&iacute;fico &ndash; formado pelas contribui&ccedil;&otilde;es tanto dos participantes quanto dos patrocinadores, bem como pela rentabilidade das aplica&ccedil;&otilde;es e dos investimentos dessas contribui&ccedil;&otilde;es &ndash; e os valores pagos aos participantes e assistidos, a t&iacute;tulo de benef&iacute;cios&rdquo;, explicou.<\/p>\n<p>Para o relator, na hip&oacute;tese de mudan&ccedil;as posteriores nos benef&iacute;cios concedidos, &eacute; fundamental considerar as poss&iacute;veis repercuss&otilde;es no plano, como no caso de inclus&atilde;o das horas extraordin&aacute;rias incorporadas &agrave; remunera&ccedil;&atilde;o do participante de plano de previd&ecirc;ncia complementar, em gozo do benef&iacute;cio, por decis&atilde;o da Justi&ccedil;a do Trabalho.<\/p>\n<p>Segundo ele, a tese firmada pelo STJ considerou as hip&oacute;teses em que as horas extras n&atilde;o foram pagas enquanto vigente o contrato de trabalho, tendo sido reconhecida a exist&ecirc;ncia de jornada extraordin&aacute;ria em a&ccedil;&atilde;o aut&ocirc;noma, da qual a entidade de previd&ecirc;ncia privada n&atilde;o participou, quando o participante j&aacute; se encontrava em frui&ccedil;&atilde;o do benef&iacute;cio suplementar.<\/p>\n<p>Para a Segunda Se&ccedil;&atilde;o, como as diferen&ccedil;as salariais decorrentes de horas extras n&atilde;o se refletiram nas contribui&ccedil;&otilde;es do participante nem da patrocinadora, n&atilde;o &eacute; poss&iacute;vel imputar &agrave; entidade demandada qualquer il&iacute;cito ou viola&ccedil;&atilde;o do regulamento do plano por ocasi&atilde;o da concess&atilde;o inicial do benef&iacute;cio.<\/p>\n<p>&ldquo;Com efeito, seria necess&aacute;ria a efetiva recomposi&ccedil;&atilde;o atuarial do plano, para possibilitar a inclus&atilde;o dessas verbas no benef&iacute;cio, com a indispens&aacute;vel forma&ccedil;&atilde;o da reserva matem&aacute;tica (reserva de benef&iacute;cios a conceder) exigida pela lei&rdquo;, destacou o ministro.<\/p>\n<p><strong>Caso concreto<\/strong><\/p>\n<p>No caso representativo da controv&eacute;rsia, o STJ analisou recurso contra ac&oacute;rd&atilde;o do Tribunal de Justi&ccedil;a do Rio Grande do Sul que reconheceu o direito de uma aposentada de incluir no seu benef&iacute;cio as parcelas salariais reconhecidas em reclamat&oacute;ria trabalhista, especialmente horas extras habituais, sem o aporte correspondente.<\/p>\n<p>Para o relator, a inclus&atilde;o dos valores correspondentes &agrave;s horas extras, al&eacute;m de desrespeitar a legisla&ccedil;&atilde;o, acarreta preju&iacute;zo ao fundo e resulta em desequil&iacute;brio do plano de benef&iacute;cios. Dessa forma, o colegiado entendeu que o ac&oacute;rd&atilde;o recorrido, ao reconhecer o direito da autora, divergiu da orienta&ccedil;&atilde;o firmada pelo STJ.<\/p>\n<p>Leia o <a href=\"https:\/\/ww2.stj.jus.br\/processo\/revista\/documento\/mediado\/?componente=ITA&amp;sequencial=1723870&amp;num_registro=201200647966&amp;data=20180816&amp;formato=PDF\"><strong>ac&oacute;rd&atilde;o<\/strong><\/a>.<\/p>\n<p><br \/>\n<br \/><i>Com informa\u00e7\u00f5es da assessoria de imprensa do STJ.<\/i><br \/>\n<br \/><a href=\"http:\/\/feedproxy.google.com\/~r\/STJNoticias\/~3\/Im5ZcnQPNQs\/Horas-extras-reconhecidas-pela-Justi%C3%A7a-do-Trabalho-n%C3%A3o-afetam-benef%C3%ADcio-complementar-j%C3%A1-concedido\">Fonte<\/a><br \/>\n<br \/><\/p>\n","protected":false},"excerpt":{"rendered":"<p>A Segunda Se&ccedil;&atilde;o do Superior Tribunal de Justi&ccedil;a (STJ) decidiu que, quando j&aacute; concedido o benef&iacute;cio de complementa&ccedil;&atilde;o de aposentadoria por entidade fechada de previd&ecirc;ncia privada, &eacute; invi&aacute;vel a inclus&atilde;o de horas extras habituais reconhecidas pela Justi&ccedil;a do Trabalho no c&aacute;lculo da renda mensal inicial dos proventos. Ao julgar recurso repetitivo (Tema 955) sobre o [&hellip;]<\/p>\n","protected":false},"author":3063,"featured_media":2932,"comment_status":"open","ping_status":"open","sticky":false,"template":"","format":"standard","meta":{"footnotes":""},"categories":[2,5,7],"tags":[11,10,8,13,9,12,14],"class_list":{"0":"post-2931","1":"post","2":"type-post","3":"status-publish","4":"format-standard","5":"has-post-thumbnail","7":"category-destaques","8":"category-previdenciario","9":"category-stj","10":"tag-aposentadoria","11":"tag-calculos-previdenciarios","12":"tag-direito-previdenciario","13":"tag-inss","14":"tag-pericia","15":"tag-perito","16":"tag-stj"},"yoast_head":"<!-- This site is optimized with the Yoast SEO plugin v27.2 - https:\/\/yoast.com\/product\/yoast-seo-wordpress\/ -->\n<title>STJ: Horas extras reconhecidas pela Justi\u00e7a do Trabalho n\u00e3o afetam benef\u00edcio complementar j\u00e1 concedido | Portal de Not\u00edcias<\/title>\n<meta name=\"robots\" content=\"index, follow, max-snippet:-1, max-image-preview:large, max-video-preview:-1\" \/>\n<link rel=\"canonical\" href=\"https:\/\/mhcalculos.com.br\/noticias\/destaques\/stj-horas-extras-reconhecidas-pela-justica-do-trabalho-nao-afetam-beneficio-complementar-ja-concedido.html\" \/>\n<meta property=\"og:locale\" content=\"pt_BR\" \/>\n<meta property=\"og:type\" content=\"article\" \/>\n<meta property=\"og:title\" content=\"STJ: Horas extras reconhecidas pela Justi\u00e7a do Trabalho n\u00e3o afetam benef\u00edcio complementar j\u00e1 concedido | Portal de Not\u00edcias\" \/>\n<meta property=\"og:description\" content=\"A Segunda Se&ccedil;&atilde;o do Superior Tribunal de Justi&ccedil;a (STJ) decidiu que, quando j&aacute; concedido o benef&iacute;cio de complementa&ccedil;&atilde;o de aposentadoria por entidade fechada de previd&ecirc;ncia privada, &eacute; invi&aacute;vel a inclus&atilde;o de horas extras habituais reconhecidas pela Justi&ccedil;a do Trabalho no c&aacute;lculo da renda mensal inicial dos proventos. Ao julgar recurso repetitivo (Tema 955) sobre o [&hellip;]\" \/>\n<meta property=\"og:url\" content=\"https:\/\/mhcalculos.com.br\/noticias\/destaques\/stj-horas-extras-reconhecidas-pela-justica-do-trabalho-nao-afetam-beneficio-complementar-ja-concedido.html\" \/>\n<meta property=\"og:site_name\" content=\"Portal de Not\u00edcias\" \/>\n<meta property=\"article:published_time\" content=\"2018-08-19T23:00:12+00:00\" \/>\n<meta property=\"article:modified_time\" content=\"2021-07-28T17:34:14+00:00\" \/>\n<meta property=\"og:image\" content=\"https:\/\/mhcalculos.com.br\/noticias\/wp-content\/uploads\/sites\/2\/2018\/08\/previdenciario-0044.jpg\" \/>\n\t<meta property=\"og:image:width\" content=\"2000\" \/>\n\t<meta property=\"og:image:height\" content=\"800\" \/>\n\t<meta property=\"og:image:type\" content=\"image\/jpeg\" \/>\n<meta name=\"author\" content=\"Equipe MH\" \/>\n<meta name=\"twitter:card\" content=\"summary_large_image\" \/>\n<meta name=\"twitter:label1\" content=\"Escrito por\" \/>\n\t<meta name=\"twitter:data1\" content=\"Equipe MH\" \/>\n\t<meta name=\"twitter:label2\" content=\"Est. tempo de leitura\" \/>\n\t<meta name=\"twitter:data2\" content=\"6 minutos\" \/>\n<script type=\"application\/ld+json\" class=\"yoast-schema-graph\">{\"@context\":\"https:\/\/schema.org\",\"@graph\":[{\"@type\":\"Article\",\"@id\":\"https:\/\/mhcalculos.com.br\/noticias\/destaques\/stj-horas-extras-reconhecidas-pela-justica-do-trabalho-nao-afetam-beneficio-complementar-ja-concedido.html#article\",\"isPartOf\":{\"@id\":\"https:\/\/mhcalculos.com.br\/noticias\/destaques\/stj-horas-extras-reconhecidas-pela-justica-do-trabalho-nao-afetam-beneficio-complementar-ja-concedido.html\"},\"author\":{\"name\":\"Equipe MH\",\"@id\":\"https:\/\/mhcalculos.com.br\/noticias\/#\/schema\/person\/88d1c34bf72dc779ea14a5a6b8e0ae8d\"},\"headline\":\"STJ: Horas extras reconhecidas pela Justi\u00e7a do Trabalho n\u00e3o afetam benef\u00edcio complementar j\u00e1 concedido\",\"datePublished\":\"2018-08-19T23:00:12+00:00\",\"dateModified\":\"2021-07-28T17:34:14+00:00\",\"mainEntityOfPage\":{\"@id\":\"https:\/\/mhcalculos.com.br\/noticias\/destaques\/stj-horas-extras-reconhecidas-pela-justica-do-trabalho-nao-afetam-beneficio-complementar-ja-concedido.html\"},\"wordCount\":1231,\"commentCount\":0,\"image\":{\"@id\":\"https:\/\/mhcalculos.com.br\/noticias\/destaques\/stj-horas-extras-reconhecidas-pela-justica-do-trabalho-nao-afetam-beneficio-complementar-ja-concedido.html#primaryimage\"},\"thumbnailUrl\":\"https:\/\/mhcalculos.com.br\/noticias\/wp-content\/uploads\/sites\/2\/2018\/08\/previdenciario-0044.jpg\",\"keywords\":[\"aposentadoria\",\"c\u00e1lculos previdenci\u00e1rios\",\"direito previdenci\u00e1rio\",\"inss\",\"per\u00edcia\",\"perito\",\"stj\"],\"articleSection\":[\"Destaques\",\"Direito Previdenci\u00e1rio\",\"STJ\"],\"inLanguage\":\"pt-BR\",\"potentialAction\":[{\"@type\":\"CommentAction\",\"name\":\"Comment\",\"target\":[\"https:\/\/mhcalculos.com.br\/noticias\/destaques\/stj-horas-extras-reconhecidas-pela-justica-do-trabalho-nao-afetam-beneficio-complementar-ja-concedido.html#respond\"]}]},{\"@type\":\"WebPage\",\"@id\":\"https:\/\/mhcalculos.com.br\/noticias\/destaques\/stj-horas-extras-reconhecidas-pela-justica-do-trabalho-nao-afetam-beneficio-complementar-ja-concedido.html\",\"url\":\"https:\/\/mhcalculos.com.br\/noticias\/destaques\/stj-horas-extras-reconhecidas-pela-justica-do-trabalho-nao-afetam-beneficio-complementar-ja-concedido.html\",\"name\":\"STJ: Horas extras reconhecidas pela Justi\u00e7a do Trabalho n\u00e3o afetam benef\u00edcio complementar j\u00e1 concedido | Portal de Not\u00edcias\",\"isPartOf\":{\"@id\":\"https:\/\/mhcalculos.com.br\/noticias\/#website\"},\"primaryImageOfPage\":{\"@id\":\"https:\/\/mhcalculos.com.br\/noticias\/destaques\/stj-horas-extras-reconhecidas-pela-justica-do-trabalho-nao-afetam-beneficio-complementar-ja-concedido.html#primaryimage\"},\"image\":{\"@id\":\"https:\/\/mhcalculos.com.br\/noticias\/destaques\/stj-horas-extras-reconhecidas-pela-justica-do-trabalho-nao-afetam-beneficio-complementar-ja-concedido.html#primaryimage\"},\"thumbnailUrl\":\"https:\/\/mhcalculos.com.br\/noticias\/wp-content\/uploads\/sites\/2\/2018\/08\/previdenciario-0044.jpg\",\"datePublished\":\"2018-08-19T23:00:12+00:00\",\"dateModified\":\"2021-07-28T17:34:14+00:00\",\"author\":{\"@id\":\"https:\/\/mhcalculos.com.br\/noticias\/#\/schema\/person\/88d1c34bf72dc779ea14a5a6b8e0ae8d\"},\"breadcrumb\":{\"@id\":\"https:\/\/mhcalculos.com.br\/noticias\/destaques\/stj-horas-extras-reconhecidas-pela-justica-do-trabalho-nao-afetam-beneficio-complementar-ja-concedido.html#breadcrumb\"},\"inLanguage\":\"pt-BR\",\"potentialAction\":[{\"@type\":\"ReadAction\",\"target\":[\"https:\/\/mhcalculos.com.br\/noticias\/destaques\/stj-horas-extras-reconhecidas-pela-justica-do-trabalho-nao-afetam-beneficio-complementar-ja-concedido.html\"]}]},{\"@type\":\"ImageObject\",\"inLanguage\":\"pt-BR\",\"@id\":\"https:\/\/mhcalculos.com.br\/noticias\/destaques\/stj-horas-extras-reconhecidas-pela-justica-do-trabalho-nao-afetam-beneficio-complementar-ja-concedido.html#primaryimage\",\"url\":\"https:\/\/mhcalculos.com.br\/noticias\/wp-content\/uploads\/sites\/2\/2018\/08\/previdenciario-0044.jpg\",\"contentUrl\":\"https:\/\/mhcalculos.com.br\/noticias\/wp-content\/uploads\/sites\/2\/2018\/08\/previdenciario-0044.jpg\",\"width\":2000,\"height\":800,\"caption\":\"Horas extras reconhecidas pela Justi\u00e7a do Trabalho n\u00e3o afetam benef\u00edcio complementar j\u00e1 concedido\"},{\"@type\":\"BreadcrumbList\",\"@id\":\"https:\/\/mhcalculos.com.br\/noticias\/destaques\/stj-horas-extras-reconhecidas-pela-justica-do-trabalho-nao-afetam-beneficio-complementar-ja-concedido.html#breadcrumb\",\"itemListElement\":[{\"@type\":\"ListItem\",\"position\":1,\"name\":\"In\u00edcio\",\"item\":\"https:\/\/mhcalculos.com.br\/noticias\/\"},{\"@type\":\"ListItem\",\"position\":2,\"name\":\"STJ: Horas extras reconhecidas pela Justi\u00e7a do Trabalho n\u00e3o afetam benef\u00edcio complementar j\u00e1 concedido\"}]},{\"@type\":\"WebSite\",\"@id\":\"https:\/\/mhcalculos.com.br\/noticias\/#website\",\"url\":\"https:\/\/mhcalculos.com.br\/noticias\/\",\"name\":\"Portal de Not\u00edcias\",\"description\":\"Not\u00edcias e Jurisprud\u00eancia\",\"potentialAction\":[{\"@type\":\"SearchAction\",\"target\":{\"@type\":\"EntryPoint\",\"urlTemplate\":\"https:\/\/mhcalculos.com.br\/noticias\/?s={search_term_string}\"},\"query-input\":{\"@type\":\"PropertyValueSpecification\",\"valueRequired\":true,\"valueName\":\"search_term_string\"}}],\"inLanguage\":\"pt-BR\"},{\"@type\":\"Person\",\"@id\":\"https:\/\/mhcalculos.com.br\/noticias\/#\/schema\/person\/88d1c34bf72dc779ea14a5a6b8e0ae8d\",\"name\":\"Equipe MH\",\"image\":{\"@type\":\"ImageObject\",\"inLanguage\":\"pt-BR\",\"@id\":\"https:\/\/secure.gravatar.com\/avatar\/de1c686c2ecc9c5a3f327e3431d819eb39f8f05d4e1045f5a1caad6daaba987f?s=96&d=mm&r=g\",\"url\":\"https:\/\/secure.gravatar.com\/avatar\/de1c686c2ecc9c5a3f327e3431d819eb39f8f05d4e1045f5a1caad6daaba987f?s=96&d=mm&r=g\",\"contentUrl\":\"https:\/\/secure.gravatar.com\/avatar\/de1c686c2ecc9c5a3f327e3431d819eb39f8f05d4e1045f5a1caad6daaba987f?s=96&d=mm&r=g\",\"caption\":\"Equipe MH\"}}]}<\/script>\n<!-- \/ Yoast SEO plugin. -->","yoast_head_json":{"title":"STJ: Horas extras reconhecidas pela Justi\u00e7a do Trabalho n\u00e3o afetam benef\u00edcio complementar j\u00e1 concedido | Portal de Not\u00edcias","robots":{"index":"index","follow":"follow","max-snippet":"max-snippet:-1","max-image-preview":"max-image-preview:large","max-video-preview":"max-video-preview:-1"},"canonical":"https:\/\/mhcalculos.com.br\/noticias\/destaques\/stj-horas-extras-reconhecidas-pela-justica-do-trabalho-nao-afetam-beneficio-complementar-ja-concedido.html","og_locale":"pt_BR","og_type":"article","og_title":"STJ: Horas extras reconhecidas pela Justi\u00e7a do Trabalho n\u00e3o afetam benef\u00edcio complementar j\u00e1 concedido | Portal de Not\u00edcias","og_description":"A Segunda Se&ccedil;&atilde;o do Superior Tribunal de Justi&ccedil;a (STJ) decidiu que, quando j&aacute; concedido o benef&iacute;cio de complementa&ccedil;&atilde;o de aposentadoria por entidade fechada de previd&ecirc;ncia privada, &eacute; invi&aacute;vel a inclus&atilde;o de horas extras habituais reconhecidas pela Justi&ccedil;a do Trabalho no c&aacute;lculo da renda mensal inicial dos proventos. Ao julgar recurso repetitivo (Tema 955) sobre o [&hellip;]","og_url":"https:\/\/mhcalculos.com.br\/noticias\/destaques\/stj-horas-extras-reconhecidas-pela-justica-do-trabalho-nao-afetam-beneficio-complementar-ja-concedido.html","og_site_name":"Portal de Not\u00edcias","article_published_time":"2018-08-19T23:00:12+00:00","article_modified_time":"2021-07-28T17:34:14+00:00","og_image":[{"width":2000,"height":800,"url":"https:\/\/mhcalculos.com.br\/noticias\/wp-content\/uploads\/sites\/2\/2018\/08\/previdenciario-0044.jpg","type":"image\/jpeg"}],"author":"Equipe MH","twitter_card":"summary_large_image","twitter_misc":{"Escrito por":"Equipe MH","Est. tempo de leitura":"6 minutos"},"schema":{"@context":"https:\/\/schema.org","@graph":[{"@type":"Article","@id":"https:\/\/mhcalculos.com.br\/noticias\/destaques\/stj-horas-extras-reconhecidas-pela-justica-do-trabalho-nao-afetam-beneficio-complementar-ja-concedido.html#article","isPartOf":{"@id":"https:\/\/mhcalculos.com.br\/noticias\/destaques\/stj-horas-extras-reconhecidas-pela-justica-do-trabalho-nao-afetam-beneficio-complementar-ja-concedido.html"},"author":{"name":"Equipe MH","@id":"https:\/\/mhcalculos.com.br\/noticias\/#\/schema\/person\/88d1c34bf72dc779ea14a5a6b8e0ae8d"},"headline":"STJ: Horas extras reconhecidas pela Justi\u00e7a do Trabalho n\u00e3o afetam benef\u00edcio complementar j\u00e1 concedido","datePublished":"2018-08-19T23:00:12+00:00","dateModified":"2021-07-28T17:34:14+00:00","mainEntityOfPage":{"@id":"https:\/\/mhcalculos.com.br\/noticias\/destaques\/stj-horas-extras-reconhecidas-pela-justica-do-trabalho-nao-afetam-beneficio-complementar-ja-concedido.html"},"wordCount":1231,"commentCount":0,"image":{"@id":"https:\/\/mhcalculos.com.br\/noticias\/destaques\/stj-horas-extras-reconhecidas-pela-justica-do-trabalho-nao-afetam-beneficio-complementar-ja-concedido.html#primaryimage"},"thumbnailUrl":"https:\/\/mhcalculos.com.br\/noticias\/wp-content\/uploads\/sites\/2\/2018\/08\/previdenciario-0044.jpg","keywords":["aposentadoria","c\u00e1lculos previdenci\u00e1rios","direito previdenci\u00e1rio","inss","per\u00edcia","perito","stj"],"articleSection":["Destaques","Direito Previdenci\u00e1rio","STJ"],"inLanguage":"pt-BR","potentialAction":[{"@type":"CommentAction","name":"Comment","target":["https:\/\/mhcalculos.com.br\/noticias\/destaques\/stj-horas-extras-reconhecidas-pela-justica-do-trabalho-nao-afetam-beneficio-complementar-ja-concedido.html#respond"]}]},{"@type":"WebPage","@id":"https:\/\/mhcalculos.com.br\/noticias\/destaques\/stj-horas-extras-reconhecidas-pela-justica-do-trabalho-nao-afetam-beneficio-complementar-ja-concedido.html","url":"https:\/\/mhcalculos.com.br\/noticias\/destaques\/stj-horas-extras-reconhecidas-pela-justica-do-trabalho-nao-afetam-beneficio-complementar-ja-concedido.html","name":"STJ: Horas extras reconhecidas pela Justi\u00e7a do Trabalho n\u00e3o afetam benef\u00edcio complementar j\u00e1 concedido | Portal de Not\u00edcias","isPartOf":{"@id":"https:\/\/mhcalculos.com.br\/noticias\/#website"},"primaryImageOfPage":{"@id":"https:\/\/mhcalculos.com.br\/noticias\/destaques\/stj-horas-extras-reconhecidas-pela-justica-do-trabalho-nao-afetam-beneficio-complementar-ja-concedido.html#primaryimage"},"image":{"@id":"https:\/\/mhcalculos.com.br\/noticias\/destaques\/stj-horas-extras-reconhecidas-pela-justica-do-trabalho-nao-afetam-beneficio-complementar-ja-concedido.html#primaryimage"},"thumbnailUrl":"https:\/\/mhcalculos.com.br\/noticias\/wp-content\/uploads\/sites\/2\/2018\/08\/previdenciario-0044.jpg","datePublished":"2018-08-19T23:00:12+00:00","dateModified":"2021-07-28T17:34:14+00:00","author":{"@id":"https:\/\/mhcalculos.com.br\/noticias\/#\/schema\/person\/88d1c34bf72dc779ea14a5a6b8e0ae8d"},"breadcrumb":{"@id":"https:\/\/mhcalculos.com.br\/noticias\/destaques\/stj-horas-extras-reconhecidas-pela-justica-do-trabalho-nao-afetam-beneficio-complementar-ja-concedido.html#breadcrumb"},"inLanguage":"pt-BR","potentialAction":[{"@type":"ReadAction","target":["https:\/\/mhcalculos.com.br\/noticias\/destaques\/stj-horas-extras-reconhecidas-pela-justica-do-trabalho-nao-afetam-beneficio-complementar-ja-concedido.html"]}]},{"@type":"ImageObject","inLanguage":"pt-BR","@id":"https:\/\/mhcalculos.com.br\/noticias\/destaques\/stj-horas-extras-reconhecidas-pela-justica-do-trabalho-nao-afetam-beneficio-complementar-ja-concedido.html#primaryimage","url":"https:\/\/mhcalculos.com.br\/noticias\/wp-content\/uploads\/sites\/2\/2018\/08\/previdenciario-0044.jpg","contentUrl":"https:\/\/mhcalculos.com.br\/noticias\/wp-content\/uploads\/sites\/2\/2018\/08\/previdenciario-0044.jpg","width":2000,"height":800,"caption":"Horas extras reconhecidas pela Justi\u00e7a do Trabalho n\u00e3o afetam benef\u00edcio complementar j\u00e1 concedido"},{"@type":"BreadcrumbList","@id":"https:\/\/mhcalculos.com.br\/noticias\/destaques\/stj-horas-extras-reconhecidas-pela-justica-do-trabalho-nao-afetam-beneficio-complementar-ja-concedido.html#breadcrumb","itemListElement":[{"@type":"ListItem","position":1,"name":"In\u00edcio","item":"https:\/\/mhcalculos.com.br\/noticias\/"},{"@type":"ListItem","position":2,"name":"STJ: Horas extras reconhecidas pela Justi\u00e7a do Trabalho n\u00e3o afetam benef\u00edcio complementar j\u00e1 concedido"}]},{"@type":"WebSite","@id":"https:\/\/mhcalculos.com.br\/noticias\/#website","url":"https:\/\/mhcalculos.com.br\/noticias\/","name":"Portal de Not\u00edcias","description":"Not\u00edcias e Jurisprud\u00eancia","potentialAction":[{"@type":"SearchAction","target":{"@type":"EntryPoint","urlTemplate":"https:\/\/mhcalculos.com.br\/noticias\/?s={search_term_string}"},"query-input":{"@type":"PropertyValueSpecification","valueRequired":true,"valueName":"search_term_string"}}],"inLanguage":"pt-BR"},{"@type":"Person","@id":"https:\/\/mhcalculos.com.br\/noticias\/#\/schema\/person\/88d1c34bf72dc779ea14a5a6b8e0ae8d","name":"Equipe MH","image":{"@type":"ImageObject","inLanguage":"pt-BR","@id":"https:\/\/secure.gravatar.com\/avatar\/de1c686c2ecc9c5a3f327e3431d819eb39f8f05d4e1045f5a1caad6daaba987f?s=96&d=mm&r=g","url":"https:\/\/secure.gravatar.com\/avatar\/de1c686c2ecc9c5a3f327e3431d819eb39f8f05d4e1045f5a1caad6daaba987f?s=96&d=mm&r=g","contentUrl":"https:\/\/secure.gravatar.com\/avatar\/de1c686c2ecc9c5a3f327e3431d819eb39f8f05d4e1045f5a1caad6daaba987f?s=96&d=mm&r=g","caption":"Equipe MH"}}]}},"_links":{"self":[{"href":"https:\/\/mhcalculos.com.br\/noticias\/wp-json\/wp\/v2\/posts\/2931","targetHints":{"allow":["GET"]}}],"collection":[{"href":"https:\/\/mhcalculos.com.br\/noticias\/wp-json\/wp\/v2\/posts"}],"about":[{"href":"https:\/\/mhcalculos.com.br\/noticias\/wp-json\/wp\/v2\/types\/post"}],"author":[{"embeddable":true,"href":"https:\/\/mhcalculos.com.br\/noticias\/wp-json\/wp\/v2\/users\/3063"}],"replies":[{"embeddable":true,"href":"https:\/\/mhcalculos.com.br\/noticias\/wp-json\/wp\/v2\/comments?post=2931"}],"version-history":[{"count":2,"href":"https:\/\/mhcalculos.com.br\/noticias\/wp-json\/wp\/v2\/posts\/2931\/revisions"}],"predecessor-version":[{"id":10264,"href":"https:\/\/mhcalculos.com.br\/noticias\/wp-json\/wp\/v2\/posts\/2931\/revisions\/10264"}],"wp:featuredmedia":[{"embeddable":true,"href":"https:\/\/mhcalculos.com.br\/noticias\/wp-json\/wp\/v2\/media\/2932"}],"wp:attachment":[{"href":"https:\/\/mhcalculos.com.br\/noticias\/wp-json\/wp\/v2\/media?parent=2931"}],"wp:term":[{"taxonomy":"category","embeddable":true,"href":"https:\/\/mhcalculos.com.br\/noticias\/wp-json\/wp\/v2\/categories?post=2931"},{"taxonomy":"post_tag","embeddable":true,"href":"https:\/\/mhcalculos.com.br\/noticias\/wp-json\/wp\/v2\/tags?post=2931"}],"curies":[{"name":"wp","href":"https:\/\/api.w.org\/{rel}","templated":true}]}}