{"id":2916,"date":"2018-08-18T12:00:09","date_gmt":"2018-08-18T15:00:09","guid":{"rendered":"https:\/\/mhcalculos.com.br\/noticias\/2018\/08\/18\/trf3-setima-turma-do-tribunal-impede-inss-de-cobrar-devolucao-de-valor-pago-por-decisao-judicial-em-beneficios-assistenciais\/"},"modified":"2021-07-28T14:34:14","modified_gmt":"2021-07-28T17:34:14","slug":"trf3-setima-turma-do-tribunal-impede-inss-de-cobrar-devolucao-de-valor-pago-por-decisao-judicial-em-beneficios-assistenciais","status":"publish","type":"post","link":"https:\/\/mhcalculos.com.br\/noticias\/area\/previdenciario\/trf3-setima-turma-do-tribunal-impede-inss-de-cobrar-devolucao-de-valor-pago-por-decisao-judicial-em-beneficios-assistenciais.html","title":{"rendered":"TRF3: S\u00c9TIMA TURMA DO TRIBUNAL&nbsp;IMPEDE INSS DE COBRAR DEVOLU\u00c7\u00c3O DE VALOR PAGO POR DECIS\u00c3O JUDICIAL EM BENEF\u00cdCIOS ASSISTENCIAIS"},"content":{"rendered":"\n<div class=\"mat\">\n<p><em>Decis\u00e3o em a\u00e7\u00e3o movida pelo MPF vale para todo o pa\u00eds<\/em><\/p>\n<p>S\u00e9tima Turma do Tribunal Regional Federal da 3\u00aa Regi\u00e3o (TRF3) ampliou para todo o territ\u00f3rio nacional decis\u00e3o de 2015 que impedia o Instituto Nacional de Seguro Social (INSS) de cobrar devolu\u00e7\u00e3o de valores pagos em raz\u00e3o de tutela provis\u00f3ria ou liminar posteriormente revogada, em processo que verse sobre benef\u00edcio assistencial, desde que n\u00e3o constatada m\u00e1-f\u00e9.<\/p>\n<p>Os magistrados atenderem ao pedido de embargos declara\u00e7\u00e3o interpostos pelo Minist\u00e9rio P\u00fablico Federal (MPF), tamb\u00e9m vedaram a apura\u00e7\u00e3o e a cobran\u00e7a de devolu\u00e7\u00e3o de valores pela via administrativa ou por nova a\u00e7\u00e3o judicial.<\/p>\n<p>\u201cO INSS \u00e9 autarquia federal que atua, em \u00e2mbito nacional, nas searas administrativa e judicial. A quest\u00e3o jur\u00eddica posta nos presentes autos espraia-se em todo o territ\u00f3rio nacional, de modo id\u00eantico, de maneira que \u00e9 invi\u00e1vel que a regula\u00e7\u00e3o do tema, para a Autarquia, seja feita de forma diferente em cada Estado da Federa\u00e7\u00e3o\u201d, ressaltou o Desembargador Federal Relator Paulo Domingues.<\/p>\n<p><strong>Hist\u00f3rico<\/strong><\/p>\n<p>A a\u00e7\u00e3o civil p\u00fablica foi proposta em 2012 pelo MPF, em conjunto com o Sindicato Nacional dos Aposentados, Pensionistas e Idosos. O MPF alegou que era abusiva a cobran\u00e7a e apontou que a devolu\u00e7\u00e3o desmotivaria o cidad\u00e3o a buscar seus direitos na Justi\u00e7a. Argumentou ainda que a parte poderia ser obrigada a devolver tudo que j\u00e1 havia obtido se a liminar ou senten\u00e7a de primeira inst\u00e2ncia fossem revogadas.<\/p>\n<p>Em 2014, a Justi\u00e7a Federal julgou a a\u00e7\u00e3o parcialmente procedente. No ano seguinte, a S\u00e9tima Turma do Tribunal julgou o processo, condenando o INSS a se abster de cobrar esses valores. A cobran\u00e7a passou a n\u00e3o poder ser feita nem via administrativa nem por nova a\u00e7\u00e3o judicial.<\/p>\n<p>Restou, por\u00e9m, a possibilidade de pedido de liquida\u00e7\u00e3o e cobran\u00e7a dos d\u00e9bitos nos pr\u00f3prios autos do processo em que a decis\u00e3o provis\u00f3ria de concess\u00e3o e a revoga\u00e7\u00e3o da tutela ou liminar foi concedida, caso se trate de benef\u00edcio previdenci\u00e1rio. Al\u00e9m disso, o ac\u00f3rd\u00e3o reconheceu invi\u00e1vel a cobran\u00e7a de valores quando se trata de a\u00e7\u00e3o sobre benef\u00edcio assistencial.<\/p>\n<p>O ac\u00f3rd\u00e3o restringia a abrang\u00eancia da decis\u00e3o \u00e0 jurisdi\u00e7\u00e3o do TRF3 (ou seja, aos estados de S\u00e3o Paulo e Mato Grosso do Sul). Diante disso, o MPF op\u00f4s embargos, com o objetivo de ampliar a efic\u00e1cia da decis\u00e3o para todo o pa\u00eds.<\/p>\n<p><strong>Extens\u00e3o nacional<\/strong><\/p>\n<p>Ao acolher, em parte, os argumentos do MPF nos embargos de declara\u00e7\u00e3o, a S\u00e9tima Turma reconheceu que n\u00e3o se pode permitir que haja no pa\u00eds diferentes comandos judiciais em cada estado. A quest\u00e3o jur\u00eddica colocada na a\u00e7\u00e3o deve abranger todo territ\u00f3rio nacional de modo id\u00eantico, j\u00e1 que \u00e9 invi\u00e1vel que a regula\u00e7\u00e3o do tema, para a autarquia, seja feita de forma diferente em cada estado da Federa\u00e7\u00e3o.<\/p>\n<p>\u201cAnte a altera\u00e7\u00e3o da Jurisprud\u00eancia do Superior Tribunal de Justi\u00e7a, que viabiliza a interpreta\u00e7\u00e3o alcan\u00e7ada nesta decis\u00e3o, e tendo em vista os limites objetivos e subjetivos do ac\u00f3rd\u00e3o embargado, tem-se que seus efeitos e efic\u00e1cia alcan\u00e7am o territ\u00f3rio nacional, sendo indevida a restri\u00e7\u00e3o aos lindes geogr\u00e1ficos decorrentes da compet\u00eancia territorial do \u00f3rg\u00e3o prolator, n\u00e3o incidindo o artigo 16 da Lei n\u00b0 7.347\/85. Julgados do Superior Tribunal de Justi\u00e7a: Embargos de Diverg\u00eancia em REsp n\u00b0 1.134.957\/SP e REsp Repetitivo n\u00b0 1.243.887\/PR (representativo de controv\u00e9rsia). Embargos de declara\u00e7\u00e3o do MPF acolhidos\u201d, conclui o relator.<\/p>\n<p>Com isso, o Tribunal reconheceu a abrang\u00eancia nacional da decis\u00e3o que impede o INSS de cobrar devolu\u00e7\u00e3o de valores referentes a benef\u00edcio assistencial pagos por decis\u00e3o judicial.<\/p>\n<p>Apela\u00e7\u00e3o\/Reexame Necess\u00e1rio 0005906-07.2012.4.03.6183\/SP (PJe)<\/p>\n<\/p><\/div>\n<p><i>Com informa\u00e7\u00f5es da assessoria de imprensa do TRF3.<\/i><br \/>\n<br \/><a href=\"http:\/\/web.trf3.jus.br\/noticias\/Noticias\/Noticia\/Exibir\/371878\">Fonte<\/a><br \/>\n<br \/><\/p>\n","protected":false},"excerpt":{"rendered":"<p>Decis\u00e3o em a\u00e7\u00e3o movida pelo MPF vale para todo o pa\u00eds S\u00e9tima Turma do Tribunal Regional Federal da 3\u00aa Regi\u00e3o (TRF3) ampliou para todo o territ\u00f3rio nacional decis\u00e3o de 2015 que impedia o Instituto Nacional de Seguro Social (INSS) de cobrar devolu\u00e7\u00e3o de valores pagos em raz\u00e3o de tutela provis\u00f3ria ou liminar posteriormente revogada, em [&hellip;]<\/p>\n","protected":false},"author":3063,"featured_media":2445,"comment_status":"open","ping_status":"open","sticky":false,"template":"","format":"standard","meta":{"footnotes":""},"categories":[5,110],"tags":[11,10,8,13,9,12,152],"class_list":{"0":"post-2916","1":"post","2":"type-post","3":"status-publish","4":"format-standard","5":"has-post-thumbnail","7":"category-previdenciario","8":"category-trf3","9":"tag-aposentadoria","10":"tag-calculos-previdenciarios","11":"tag-direito-previdenciario","12":"tag-inss","13":"tag-pericia","14":"tag-perito","15":"tag-trf3"},"yoast_head":"<!-- This site is optimized with the Yoast SEO plugin v27.2 - https:\/\/yoast.com\/product\/yoast-seo-wordpress\/ -->\n<title>TRF3: S\u00c9TIMA TURMA DO TRIBUNAL&nbsp;IMPEDE INSS DE COBRAR DEVOLU\u00c7\u00c3O DE VALOR PAGO POR DECIS\u00c3O JUDICIAL EM BENEF\u00cdCIOS ASSISTENCIAIS | Portal de Not\u00edcias<\/title>\n<meta name=\"robots\" content=\"index, follow, max-snippet:-1, max-image-preview:large, max-video-preview:-1\" \/>\n<link rel=\"canonical\" href=\"https:\/\/mhcalculos.com.br\/noticias\/area\/previdenciario\/trf3-setima-turma-do-tribunal-impede-inss-de-cobrar-devolucao-de-valor-pago-por-decisao-judicial-em-beneficios-assistenciais.html\" \/>\n<meta property=\"og:locale\" content=\"pt_BR\" \/>\n<meta property=\"og:type\" content=\"article\" \/>\n<meta property=\"og:title\" content=\"TRF3: S\u00c9TIMA TURMA DO TRIBUNAL&nbsp;IMPEDE INSS DE COBRAR DEVOLU\u00c7\u00c3O DE VALOR PAGO POR DECIS\u00c3O JUDICIAL EM BENEF\u00cdCIOS ASSISTENCIAIS | Portal de Not\u00edcias\" \/>\n<meta property=\"og:description\" content=\"Decis\u00e3o em a\u00e7\u00e3o movida pelo MPF vale para todo o pa\u00eds S\u00e9tima Turma do Tribunal Regional Federal da 3\u00aa Regi\u00e3o (TRF3) ampliou para todo o territ\u00f3rio nacional decis\u00e3o de 2015 que impedia o Instituto Nacional de Seguro Social (INSS) de cobrar devolu\u00e7\u00e3o de valores pagos em raz\u00e3o de tutela provis\u00f3ria ou liminar posteriormente revogada, em [&hellip;]\" \/>\n<meta property=\"og:url\" content=\"https:\/\/mhcalculos.com.br\/noticias\/area\/previdenciario\/trf3-setima-turma-do-tribunal-impede-inss-de-cobrar-devolucao-de-valor-pago-por-decisao-judicial-em-beneficios-assistenciais.html\" \/>\n<meta property=\"og:site_name\" content=\"Portal de Not\u00edcias\" \/>\n<meta property=\"article:published_time\" content=\"2018-08-18T15:00:09+00:00\" \/>\n<meta property=\"article:modified_time\" content=\"2021-07-28T17:34:14+00:00\" \/>\n<meta property=\"og:image\" content=\"https:\/\/mhcalculos.com.br\/noticias\/wp-content\/uploads\/sites\/2\/2018\/07\/judiciario-0021.jpg\" \/>\n\t<meta property=\"og:image:width\" content=\"2000\" \/>\n\t<meta property=\"og:image:height\" content=\"800\" \/>\n\t<meta property=\"og:image:type\" content=\"image\/jpeg\" \/>\n<meta name=\"author\" content=\"Equipe MH\" \/>\n<meta name=\"twitter:card\" content=\"summary_large_image\" \/>\n<meta name=\"twitter:label1\" content=\"Escrito por\" \/>\n\t<meta name=\"twitter:data1\" content=\"Equipe MH\" \/>\n\t<meta name=\"twitter:label2\" content=\"Est. tempo de leitura\" \/>\n\t<meta name=\"twitter:data2\" content=\"3 minutos\" \/>\n<script type=\"application\/ld+json\" class=\"yoast-schema-graph\">{\"@context\":\"https:\/\/schema.org\",\"@graph\":[{\"@type\":\"Article\",\"@id\":\"https:\/\/mhcalculos.com.br\/noticias\/area\/previdenciario\/trf3-setima-turma-do-tribunal-impede-inss-de-cobrar-devolucao-de-valor-pago-por-decisao-judicial-em-beneficios-assistenciais.html#article\",\"isPartOf\":{\"@id\":\"https:\/\/mhcalculos.com.br\/noticias\/area\/previdenciario\/trf3-setima-turma-do-tribunal-impede-inss-de-cobrar-devolucao-de-valor-pago-por-decisao-judicial-em-beneficios-assistenciais.html\"},\"author\":{\"name\":\"Equipe MH\",\"@id\":\"https:\/\/mhcalculos.com.br\/noticias\/#\/schema\/person\/88d1c34bf72dc779ea14a5a6b8e0ae8d\"},\"headline\":\"TRF3: S\u00c9TIMA TURMA DO TRIBUNAL&nbsp;IMPEDE INSS DE COBRAR DEVOLU\u00c7\u00c3O DE VALOR PAGO POR DECIS\u00c3O JUDICIAL EM BENEF\u00cdCIOS ASSISTENCIAIS\",\"datePublished\":\"2018-08-18T15:00:09+00:00\",\"dateModified\":\"2021-07-28T17:34:14+00:00\",\"mainEntityOfPage\":{\"@id\":\"https:\/\/mhcalculos.com.br\/noticias\/area\/previdenciario\/trf3-setima-turma-do-tribunal-impede-inss-de-cobrar-devolucao-de-valor-pago-por-decisao-judicial-em-beneficios-assistenciais.html\"},\"wordCount\":706,\"commentCount\":0,\"image\":{\"@id\":\"https:\/\/mhcalculos.com.br\/noticias\/area\/previdenciario\/trf3-setima-turma-do-tribunal-impede-inss-de-cobrar-devolucao-de-valor-pago-por-decisao-judicial-em-beneficios-assistenciais.html#primaryimage\"},\"thumbnailUrl\":\"https:\/\/mhcalculos.com.br\/noticias\/wp-content\/uploads\/sites\/2\/2018\/07\/judiciario-0021.jpg\",\"keywords\":[\"aposentadoria\",\"c\u00e1lculos previdenci\u00e1rios\",\"direito previdenci\u00e1rio\",\"inss\",\"per\u00edcia\",\"perito\",\"trf3\"],\"articleSection\":[\"Direito Previdenci\u00e1rio\",\"TRF3\"],\"inLanguage\":\"pt-BR\",\"potentialAction\":[{\"@type\":\"CommentAction\",\"name\":\"Comment\",\"target\":[\"https:\/\/mhcalculos.com.br\/noticias\/area\/previdenciario\/trf3-setima-turma-do-tribunal-impede-inss-de-cobrar-devolucao-de-valor-pago-por-decisao-judicial-em-beneficios-assistenciais.html#respond\"]}]},{\"@type\":\"WebPage\",\"@id\":\"https:\/\/mhcalculos.com.br\/noticias\/area\/previdenciario\/trf3-setima-turma-do-tribunal-impede-inss-de-cobrar-devolucao-de-valor-pago-por-decisao-judicial-em-beneficios-assistenciais.html\",\"url\":\"https:\/\/mhcalculos.com.br\/noticias\/area\/previdenciario\/trf3-setima-turma-do-tribunal-impede-inss-de-cobrar-devolucao-de-valor-pago-por-decisao-judicial-em-beneficios-assistenciais.html\",\"name\":\"TRF3: S\u00c9TIMA TURMA DO TRIBUNAL&nbsp;IMPEDE INSS DE COBRAR DEVOLU\u00c7\u00c3O DE VALOR PAGO POR DECIS\u00c3O JUDICIAL EM BENEF\u00cdCIOS ASSISTENCIAIS | Portal de Not\u00edcias\",\"isPartOf\":{\"@id\":\"https:\/\/mhcalculos.com.br\/noticias\/#website\"},\"primaryImageOfPage\":{\"@id\":\"https:\/\/mhcalculos.com.br\/noticias\/area\/previdenciario\/trf3-setima-turma-do-tribunal-impede-inss-de-cobrar-devolucao-de-valor-pago-por-decisao-judicial-em-beneficios-assistenciais.html#primaryimage\"},\"image\":{\"@id\":\"https:\/\/mhcalculos.com.br\/noticias\/area\/previdenciario\/trf3-setima-turma-do-tribunal-impede-inss-de-cobrar-devolucao-de-valor-pago-por-decisao-judicial-em-beneficios-assistenciais.html#primaryimage\"},\"thumbnailUrl\":\"https:\/\/mhcalculos.com.br\/noticias\/wp-content\/uploads\/sites\/2\/2018\/07\/judiciario-0021.jpg\",\"datePublished\":\"2018-08-18T15:00:09+00:00\",\"dateModified\":\"2021-07-28T17:34:14+00:00\",\"author\":{\"@id\":\"https:\/\/mhcalculos.com.br\/noticias\/#\/schema\/person\/88d1c34bf72dc779ea14a5a6b8e0ae8d\"},\"breadcrumb\":{\"@id\":\"https:\/\/mhcalculos.com.br\/noticias\/area\/previdenciario\/trf3-setima-turma-do-tribunal-impede-inss-de-cobrar-devolucao-de-valor-pago-por-decisao-judicial-em-beneficios-assistenciais.html#breadcrumb\"},\"inLanguage\":\"pt-BR\",\"potentialAction\":[{\"@type\":\"ReadAction\",\"target\":[\"https:\/\/mhcalculos.com.br\/noticias\/area\/previdenciario\/trf3-setima-turma-do-tribunal-impede-inss-de-cobrar-devolucao-de-valor-pago-por-decisao-judicial-em-beneficios-assistenciais.html\"]}]},{\"@type\":\"ImageObject\",\"inLanguage\":\"pt-BR\",\"@id\":\"https:\/\/mhcalculos.com.br\/noticias\/area\/previdenciario\/trf3-setima-turma-do-tribunal-impede-inss-de-cobrar-devolucao-de-valor-pago-por-decisao-judicial-em-beneficios-assistenciais.html#primaryimage\",\"url\":\"https:\/\/mhcalculos.com.br\/noticias\/wp-content\/uploads\/sites\/2\/2018\/07\/judiciario-0021.jpg\",\"contentUrl\":\"https:\/\/mhcalculos.com.br\/noticias\/wp-content\/uploads\/sites\/2\/2018\/07\/judiciario-0021.jpg\",\"width\":2000,\"height\":800},{\"@type\":\"BreadcrumbList\",\"@id\":\"https:\/\/mhcalculos.com.br\/noticias\/area\/previdenciario\/trf3-setima-turma-do-tribunal-impede-inss-de-cobrar-devolucao-de-valor-pago-por-decisao-judicial-em-beneficios-assistenciais.html#breadcrumb\",\"itemListElement\":[{\"@type\":\"ListItem\",\"position\":1,\"name\":\"In\u00edcio\",\"item\":\"https:\/\/mhcalculos.com.br\/noticias\/\"},{\"@type\":\"ListItem\",\"position\":2,\"name\":\"TRF3: S\u00c9TIMA TURMA DO TRIBUNAL&nbsp;IMPEDE INSS DE COBRAR DEVOLU\u00c7\u00c3O DE VALOR PAGO POR DECIS\u00c3O JUDICIAL EM BENEF\u00cdCIOS ASSISTENCIAIS\"}]},{\"@type\":\"WebSite\",\"@id\":\"https:\/\/mhcalculos.com.br\/noticias\/#website\",\"url\":\"https:\/\/mhcalculos.com.br\/noticias\/\",\"name\":\"Portal de Not\u00edcias\",\"description\":\"Not\u00edcias e Jurisprud\u00eancia\",\"potentialAction\":[{\"@type\":\"SearchAction\",\"target\":{\"@type\":\"EntryPoint\",\"urlTemplate\":\"https:\/\/mhcalculos.com.br\/noticias\/?s={search_term_string}\"},\"query-input\":{\"@type\":\"PropertyValueSpecification\",\"valueRequired\":true,\"valueName\":\"search_term_string\"}}],\"inLanguage\":\"pt-BR\"},{\"@type\":\"Person\",\"@id\":\"https:\/\/mhcalculos.com.br\/noticias\/#\/schema\/person\/88d1c34bf72dc779ea14a5a6b8e0ae8d\",\"name\":\"Equipe MH\",\"image\":{\"@type\":\"ImageObject\",\"inLanguage\":\"pt-BR\",\"@id\":\"https:\/\/secure.gravatar.com\/avatar\/de1c686c2ecc9c5a3f327e3431d819eb39f8f05d4e1045f5a1caad6daaba987f?s=96&d=mm&r=g\",\"url\":\"https:\/\/secure.gravatar.com\/avatar\/de1c686c2ecc9c5a3f327e3431d819eb39f8f05d4e1045f5a1caad6daaba987f?s=96&d=mm&r=g\",\"contentUrl\":\"https:\/\/secure.gravatar.com\/avatar\/de1c686c2ecc9c5a3f327e3431d819eb39f8f05d4e1045f5a1caad6daaba987f?s=96&d=mm&r=g\",\"caption\":\"Equipe MH\"}}]}<\/script>\n<!-- \/ Yoast SEO plugin. -->","yoast_head_json":{"title":"TRF3: S\u00c9TIMA TURMA DO TRIBUNAL&nbsp;IMPEDE INSS DE COBRAR DEVOLU\u00c7\u00c3O DE VALOR PAGO POR DECIS\u00c3O JUDICIAL EM BENEF\u00cdCIOS ASSISTENCIAIS | Portal de Not\u00edcias","robots":{"index":"index","follow":"follow","max-snippet":"max-snippet:-1","max-image-preview":"max-image-preview:large","max-video-preview":"max-video-preview:-1"},"canonical":"https:\/\/mhcalculos.com.br\/noticias\/area\/previdenciario\/trf3-setima-turma-do-tribunal-impede-inss-de-cobrar-devolucao-de-valor-pago-por-decisao-judicial-em-beneficios-assistenciais.html","og_locale":"pt_BR","og_type":"article","og_title":"TRF3: S\u00c9TIMA TURMA DO TRIBUNAL&nbsp;IMPEDE INSS DE COBRAR DEVOLU\u00c7\u00c3O DE VALOR PAGO POR DECIS\u00c3O JUDICIAL EM BENEF\u00cdCIOS ASSISTENCIAIS | Portal de Not\u00edcias","og_description":"Decis\u00e3o em a\u00e7\u00e3o movida pelo MPF vale para todo o pa\u00eds S\u00e9tima Turma do Tribunal Regional Federal da 3\u00aa Regi\u00e3o (TRF3) ampliou para todo o territ\u00f3rio nacional decis\u00e3o de 2015 que impedia o Instituto Nacional de Seguro Social (INSS) de cobrar devolu\u00e7\u00e3o de valores pagos em raz\u00e3o de tutela provis\u00f3ria ou liminar posteriormente revogada, em [&hellip;]","og_url":"https:\/\/mhcalculos.com.br\/noticias\/area\/previdenciario\/trf3-setima-turma-do-tribunal-impede-inss-de-cobrar-devolucao-de-valor-pago-por-decisao-judicial-em-beneficios-assistenciais.html","og_site_name":"Portal de Not\u00edcias","article_published_time":"2018-08-18T15:00:09+00:00","article_modified_time":"2021-07-28T17:34:14+00:00","og_image":[{"width":2000,"height":800,"url":"https:\/\/mhcalculos.com.br\/noticias\/wp-content\/uploads\/sites\/2\/2018\/07\/judiciario-0021.jpg","type":"image\/jpeg"}],"author":"Equipe MH","twitter_card":"summary_large_image","twitter_misc":{"Escrito por":"Equipe MH","Est. tempo de leitura":"3 minutos"},"schema":{"@context":"https:\/\/schema.org","@graph":[{"@type":"Article","@id":"https:\/\/mhcalculos.com.br\/noticias\/area\/previdenciario\/trf3-setima-turma-do-tribunal-impede-inss-de-cobrar-devolucao-de-valor-pago-por-decisao-judicial-em-beneficios-assistenciais.html#article","isPartOf":{"@id":"https:\/\/mhcalculos.com.br\/noticias\/area\/previdenciario\/trf3-setima-turma-do-tribunal-impede-inss-de-cobrar-devolucao-de-valor-pago-por-decisao-judicial-em-beneficios-assistenciais.html"},"author":{"name":"Equipe MH","@id":"https:\/\/mhcalculos.com.br\/noticias\/#\/schema\/person\/88d1c34bf72dc779ea14a5a6b8e0ae8d"},"headline":"TRF3: S\u00c9TIMA TURMA DO TRIBUNAL&nbsp;IMPEDE INSS DE COBRAR DEVOLU\u00c7\u00c3O DE VALOR PAGO POR DECIS\u00c3O JUDICIAL EM BENEF\u00cdCIOS ASSISTENCIAIS","datePublished":"2018-08-18T15:00:09+00:00","dateModified":"2021-07-28T17:34:14+00:00","mainEntityOfPage":{"@id":"https:\/\/mhcalculos.com.br\/noticias\/area\/previdenciario\/trf3-setima-turma-do-tribunal-impede-inss-de-cobrar-devolucao-de-valor-pago-por-decisao-judicial-em-beneficios-assistenciais.html"},"wordCount":706,"commentCount":0,"image":{"@id":"https:\/\/mhcalculos.com.br\/noticias\/area\/previdenciario\/trf3-setima-turma-do-tribunal-impede-inss-de-cobrar-devolucao-de-valor-pago-por-decisao-judicial-em-beneficios-assistenciais.html#primaryimage"},"thumbnailUrl":"https:\/\/mhcalculos.com.br\/noticias\/wp-content\/uploads\/sites\/2\/2018\/07\/judiciario-0021.jpg","keywords":["aposentadoria","c\u00e1lculos previdenci\u00e1rios","direito previdenci\u00e1rio","inss","per\u00edcia","perito","trf3"],"articleSection":["Direito Previdenci\u00e1rio","TRF3"],"inLanguage":"pt-BR","potentialAction":[{"@type":"CommentAction","name":"Comment","target":["https:\/\/mhcalculos.com.br\/noticias\/area\/previdenciario\/trf3-setima-turma-do-tribunal-impede-inss-de-cobrar-devolucao-de-valor-pago-por-decisao-judicial-em-beneficios-assistenciais.html#respond"]}]},{"@type":"WebPage","@id":"https:\/\/mhcalculos.com.br\/noticias\/area\/previdenciario\/trf3-setima-turma-do-tribunal-impede-inss-de-cobrar-devolucao-de-valor-pago-por-decisao-judicial-em-beneficios-assistenciais.html","url":"https:\/\/mhcalculos.com.br\/noticias\/area\/previdenciario\/trf3-setima-turma-do-tribunal-impede-inss-de-cobrar-devolucao-de-valor-pago-por-decisao-judicial-em-beneficios-assistenciais.html","name":"TRF3: S\u00c9TIMA TURMA DO TRIBUNAL&nbsp;IMPEDE INSS DE COBRAR DEVOLU\u00c7\u00c3O DE VALOR PAGO POR DECIS\u00c3O JUDICIAL EM BENEF\u00cdCIOS ASSISTENCIAIS | Portal de Not\u00edcias","isPartOf":{"@id":"https:\/\/mhcalculos.com.br\/noticias\/#website"},"primaryImageOfPage":{"@id":"https:\/\/mhcalculos.com.br\/noticias\/area\/previdenciario\/trf3-setima-turma-do-tribunal-impede-inss-de-cobrar-devolucao-de-valor-pago-por-decisao-judicial-em-beneficios-assistenciais.html#primaryimage"},"image":{"@id":"https:\/\/mhcalculos.com.br\/noticias\/area\/previdenciario\/trf3-setima-turma-do-tribunal-impede-inss-de-cobrar-devolucao-de-valor-pago-por-decisao-judicial-em-beneficios-assistenciais.html#primaryimage"},"thumbnailUrl":"https:\/\/mhcalculos.com.br\/noticias\/wp-content\/uploads\/sites\/2\/2018\/07\/judiciario-0021.jpg","datePublished":"2018-08-18T15:00:09+00:00","dateModified":"2021-07-28T17:34:14+00:00","author":{"@id":"https:\/\/mhcalculos.com.br\/noticias\/#\/schema\/person\/88d1c34bf72dc779ea14a5a6b8e0ae8d"},"breadcrumb":{"@id":"https:\/\/mhcalculos.com.br\/noticias\/area\/previdenciario\/trf3-setima-turma-do-tribunal-impede-inss-de-cobrar-devolucao-de-valor-pago-por-decisao-judicial-em-beneficios-assistenciais.html#breadcrumb"},"inLanguage":"pt-BR","potentialAction":[{"@type":"ReadAction","target":["https:\/\/mhcalculos.com.br\/noticias\/area\/previdenciario\/trf3-setima-turma-do-tribunal-impede-inss-de-cobrar-devolucao-de-valor-pago-por-decisao-judicial-em-beneficios-assistenciais.html"]}]},{"@type":"ImageObject","inLanguage":"pt-BR","@id":"https:\/\/mhcalculos.com.br\/noticias\/area\/previdenciario\/trf3-setima-turma-do-tribunal-impede-inss-de-cobrar-devolucao-de-valor-pago-por-decisao-judicial-em-beneficios-assistenciais.html#primaryimage","url":"https:\/\/mhcalculos.com.br\/noticias\/wp-content\/uploads\/sites\/2\/2018\/07\/judiciario-0021.jpg","contentUrl":"https:\/\/mhcalculos.com.br\/noticias\/wp-content\/uploads\/sites\/2\/2018\/07\/judiciario-0021.jpg","width":2000,"height":800},{"@type":"BreadcrumbList","@id":"https:\/\/mhcalculos.com.br\/noticias\/area\/previdenciario\/trf3-setima-turma-do-tribunal-impede-inss-de-cobrar-devolucao-de-valor-pago-por-decisao-judicial-em-beneficios-assistenciais.html#breadcrumb","itemListElement":[{"@type":"ListItem","position":1,"name":"In\u00edcio","item":"https:\/\/mhcalculos.com.br\/noticias\/"},{"@type":"ListItem","position":2,"name":"TRF3: S\u00c9TIMA TURMA DO TRIBUNAL&nbsp;IMPEDE INSS DE COBRAR DEVOLU\u00c7\u00c3O DE VALOR PAGO POR DECIS\u00c3O JUDICIAL EM BENEF\u00cdCIOS ASSISTENCIAIS"}]},{"@type":"WebSite","@id":"https:\/\/mhcalculos.com.br\/noticias\/#website","url":"https:\/\/mhcalculos.com.br\/noticias\/","name":"Portal de Not\u00edcias","description":"Not\u00edcias e Jurisprud\u00eancia","potentialAction":[{"@type":"SearchAction","target":{"@type":"EntryPoint","urlTemplate":"https:\/\/mhcalculos.com.br\/noticias\/?s={search_term_string}"},"query-input":{"@type":"PropertyValueSpecification","valueRequired":true,"valueName":"search_term_string"}}],"inLanguage":"pt-BR"},{"@type":"Person","@id":"https:\/\/mhcalculos.com.br\/noticias\/#\/schema\/person\/88d1c34bf72dc779ea14a5a6b8e0ae8d","name":"Equipe MH","image":{"@type":"ImageObject","inLanguage":"pt-BR","@id":"https:\/\/secure.gravatar.com\/avatar\/de1c686c2ecc9c5a3f327e3431d819eb39f8f05d4e1045f5a1caad6daaba987f?s=96&d=mm&r=g","url":"https:\/\/secure.gravatar.com\/avatar\/de1c686c2ecc9c5a3f327e3431d819eb39f8f05d4e1045f5a1caad6daaba987f?s=96&d=mm&r=g","contentUrl":"https:\/\/secure.gravatar.com\/avatar\/de1c686c2ecc9c5a3f327e3431d819eb39f8f05d4e1045f5a1caad6daaba987f?s=96&d=mm&r=g","caption":"Equipe MH"}}]}},"_links":{"self":[{"href":"https:\/\/mhcalculos.com.br\/noticias\/wp-json\/wp\/v2\/posts\/2916","targetHints":{"allow":["GET"]}}],"collection":[{"href":"https:\/\/mhcalculos.com.br\/noticias\/wp-json\/wp\/v2\/posts"}],"about":[{"href":"https:\/\/mhcalculos.com.br\/noticias\/wp-json\/wp\/v2\/types\/post"}],"author":[{"embeddable":true,"href":"https:\/\/mhcalculos.com.br\/noticias\/wp-json\/wp\/v2\/users\/3063"}],"replies":[{"embeddable":true,"href":"https:\/\/mhcalculos.com.br\/noticias\/wp-json\/wp\/v2\/comments?post=2916"}],"version-history":[{"count":1,"href":"https:\/\/mhcalculos.com.br\/noticias\/wp-json\/wp\/v2\/posts\/2916\/revisions"}],"predecessor-version":[{"id":10266,"href":"https:\/\/mhcalculos.com.br\/noticias\/wp-json\/wp\/v2\/posts\/2916\/revisions\/10266"}],"wp:featuredmedia":[{"embeddable":true,"href":"https:\/\/mhcalculos.com.br\/noticias\/wp-json\/wp\/v2\/media\/2445"}],"wp:attachment":[{"href":"https:\/\/mhcalculos.com.br\/noticias\/wp-json\/wp\/v2\/media?parent=2916"}],"wp:term":[{"taxonomy":"category","embeddable":true,"href":"https:\/\/mhcalculos.com.br\/noticias\/wp-json\/wp\/v2\/categories?post=2916"},{"taxonomy":"post_tag","embeddable":true,"href":"https:\/\/mhcalculos.com.br\/noticias\/wp-json\/wp\/v2\/tags?post=2916"}],"curies":[{"name":"wp","href":"https:\/\/api.w.org\/{rel}","templated":true}]}}