{"id":2913,"date":"2018-08-18T07:00:54","date_gmt":"2018-08-18T10:00:54","guid":{"rendered":"https:\/\/mhcalculos.com.br\/noticias\/2018\/08\/18\/trf3-tribunal-garante-a-toyota-do-brasil-incentivo-fiscal-de-2-do-reintegra-ate-o-fim-de-2018\/"},"modified":"2021-07-28T14:34:15","modified_gmt":"2021-07-28T17:34:15","slug":"trf3-tribunal-garante-a-toyota-do-brasil-incentivo-fiscal-de-2-do-reintegra-ate-o-fim-de-2018","status":"publish","type":"post","link":"https:\/\/mhcalculos.com.br\/noticias\/area\/previdenciario\/trf3-tribunal-garante-a-toyota-do-brasil-incentivo-fiscal-de-2-do-reintegra-ate-o-fim-de-2018.html","title":{"rendered":"TRF3: TRIBUNAL&nbsp;GARANTE \u00c0 TOYOTA DO BRASIL INCENTIVO FISCAL DE 2% DO REINTEGRA AT\u00c9 O FIM DE 2018"},"content":{"rendered":"\n<div class=\"mat\">\n<p><em>Para Desembargador Federal, s\u00fabita revoga\u00e7\u00e3o do benef\u00edcio fiscal n\u00e3o respeita princ\u00edpio da anterioridade anual e implica aumento indireto de carga tribut\u00e1ria<\/em><\/p>\n<p>O Desembargador Federal Johonsom Di Salvo, do Tribunal Regional Federal da 3\u00aa Regi\u00e3o (TRF3), acatou agravo de instrumento interposto pela Toyota do Brasil Ltda. e assegurou \u00e0 empresa o direito de aplicar a al\u00edquota de dois por cento (2%) para apura\u00e7\u00e3o do benef\u00edcio fiscal atrelado ao Regime Especial de Reintegra\u00e7\u00e3o de Valores Tribut\u00e1rios para Exportadoras (Reintegra) at\u00e9 o final de 2018. <\/p>\n<p>  Por meio do Reintegra, os exportadores de produtos previstos em lei, observados os requisitos legais, fazem jus \u00e0 devolu\u00e7\u00e3o de valores relativos a tributos federais, que podem variar entre 0% e 3% do valor das exporta\u00e7\u00f5es. A fixa\u00e7\u00e3o do valor do benef\u00edcio \u00e9 feita periodicamente pelo Poder Executivo (artigo 2\u00ba, par\u00e1grafo 1\u00ba, Lei 12.546\/2011).<\/p>\n<p>  Para ter direito a restitui\u00e7\u00e3o desses valores, o produto deve ter sido industrializado no pa\u00eds; estar classificado em c\u00f3digo da Tabela de Incid\u00eancia do Imposto sobre Produtos Industrializados (TIPI) e relacionado no anexo do Decreto n\u00ba 8.415\/2015; e ter custo total de insumos importados que n\u00e3o seja superior ao limite percentual do pre\u00e7o de exporta\u00e7\u00e3o estabelecido no referido anexo.<\/p>\n<p>  Em maio deste ano, o governo federal editou o Decreto 9.393\/2018, reduzindo o incentivo fiscal do Reintegra de 2% para 0,1%. <\/p>\n<p>  Para a Toyota do Brasil, a medida ofende o princ\u00edpio da anterioridade anual do Direito Tribut\u00e1rio e, por isso, solicitou ao Poder Judici\u00e1rio medida liminar para manuten\u00e7\u00e3o do percentual do Reintegra de 2%, vigente antes da publica\u00e7\u00e3o do Decreto, at\u00e9 o dia 31 de dezembro de 2018. <\/p>\n<p>  Citando jurisprud\u00eancia do Supremo Tribunal Federal (STF), o relator do processo, Desembargador Federal Johonsom Di Salvo, destacou que a redu\u00e7\u00e3o da al\u00edquota impactou a cadeia de produ\u00e7\u00e3o e resultou no aumento da carga tribut\u00e1ria. Para o magistrado, \u00e9 certo que incida a limita\u00e7\u00e3o constitucional referente \u00e0 anterioridade anual (artigo 150, III, \u201cb\u201d, da Constitui\u00e7\u00e3o Federal), pois houve altera\u00e7\u00e3o da base de c\u00e1lculo com o expurgo na apura\u00e7\u00e3o de cr\u00e9dito pela pessoa jur\u00eddica exportadora. <\/p>\n<p>  \u201cCumpre observar que a redu\u00e7\u00e3o da al\u00edquota para 0,1%\u00e9 o mesmo que anular o benef\u00edcio\/incentivo fiscal; n\u00e3o tem cabimento um &#8220;incentivo&#8221; a cadeia exportadora inferior \u00e0 grandeza unit\u00e1ria, muito pr\u00f3ximo de zero\u201d. <\/p>\n<p>  Com esse entendimento, o desembargador federal deferiu o pedido de antecipa\u00e7\u00e3o dos efeitos da tutela recursal, assegurando at\u00e9 o fim de 2018 o percentual de 2%. <\/p>\n<p>  Agravo de Instrumento 5019080-10.2018.4.03.0000<\/p>\n<p>  \u00a0<\/p>\n<\/p><\/div>\n<p><i>Com informa\u00e7\u00f5es da assessoria de imprensa do TRF3.<\/i><br \/>\n<br \/><a href=\"http:\/\/web.trf3.jus.br\/noticias\/Noticias\/Noticia\/Exibir\/371879\">Fonte<\/a><br \/>\n<br \/><\/p>\n","protected":false},"excerpt":{"rendered":"<p>Para Desembargador Federal, s\u00fabita revoga\u00e7\u00e3o do benef\u00edcio fiscal n\u00e3o respeita princ\u00edpio da anterioridade anual e implica aumento indireto de carga tribut\u00e1ria O Desembargador Federal Johonsom Di Salvo, do Tribunal Regional Federal da 3\u00aa Regi\u00e3o (TRF3), acatou agravo de instrumento interposto pela Toyota do Brasil Ltda. e assegurou \u00e0 empresa o direito de aplicar a al\u00edquota [&hellip;]<\/p>\n","protected":false},"author":3063,"featured_media":2914,"comment_status":"open","ping_status":"open","sticky":false,"template":"","format":"standard","meta":{"footnotes":""},"categories":[5,110],"tags":[32,31,42,30,29,213,9,152,218,214],"class_list":{"0":"post-2913","1":"post","2":"type-post","3":"status-publish","4":"format-standard","5":"has-post-thumbnail","7":"category-previdenciario","8":"category-trf3","9":"tag-calculos-judiciais","10":"tag-calculos-tributarios","11":"tag-direito-tributario","12":"tag-divida-ativa","13":"tag-fazenda-publica","14":"tag-imposto","15":"tag-pericia","16":"tag-trf3","17":"tag-tribunal-regional-federal","18":"tag-tributo"},"yoast_head":"<!-- This site is optimized with the Yoast SEO plugin v27.2 - https:\/\/yoast.com\/product\/yoast-seo-wordpress\/ -->\n<title>TRF3: TRIBUNAL&nbsp;GARANTE \u00c0 TOYOTA DO BRASIL INCENTIVO FISCAL DE 2% DO REINTEGRA AT\u00c9 O FIM DE 2018 | Portal de Not\u00edcias<\/title>\n<meta name=\"robots\" content=\"index, follow, max-snippet:-1, max-image-preview:large, max-video-preview:-1\" \/>\n<link rel=\"canonical\" href=\"https:\/\/mhcalculos.com.br\/noticias\/area\/previdenciario\/trf3-tribunal-garante-a-toyota-do-brasil-incentivo-fiscal-de-2-do-reintegra-ate-o-fim-de-2018.html\" \/>\n<meta property=\"og:locale\" content=\"pt_BR\" \/>\n<meta property=\"og:type\" content=\"article\" \/>\n<meta property=\"og:title\" content=\"TRF3: TRIBUNAL&nbsp;GARANTE \u00c0 TOYOTA DO BRASIL INCENTIVO FISCAL DE 2% DO REINTEGRA AT\u00c9 O FIM DE 2018 | Portal de Not\u00edcias\" \/>\n<meta property=\"og:description\" content=\"Para Desembargador Federal, s\u00fabita revoga\u00e7\u00e3o do benef\u00edcio fiscal n\u00e3o respeita princ\u00edpio da anterioridade anual e implica aumento indireto de carga tribut\u00e1ria O Desembargador Federal Johonsom Di Salvo, do Tribunal Regional Federal da 3\u00aa Regi\u00e3o (TRF3), acatou agravo de instrumento interposto pela Toyota do Brasil Ltda. e assegurou \u00e0 empresa o direito de aplicar a al\u00edquota [&hellip;]\" \/>\n<meta property=\"og:url\" content=\"https:\/\/mhcalculos.com.br\/noticias\/area\/previdenciario\/trf3-tribunal-garante-a-toyota-do-brasil-incentivo-fiscal-de-2-do-reintegra-ate-o-fim-de-2018.html\" \/>\n<meta property=\"og:site_name\" content=\"Portal de Not\u00edcias\" \/>\n<meta property=\"article:published_time\" content=\"2018-08-18T10:00:54+00:00\" \/>\n<meta property=\"article:modified_time\" content=\"2021-07-28T17:34:15+00:00\" \/>\n<meta property=\"og:image\" content=\"https:\/\/mhcalculos.com.br\/noticias\/wp-content\/uploads\/sites\/2\/2018\/08\/tributario-0039.jpg\" \/>\n\t<meta property=\"og:image:width\" content=\"2000\" \/>\n\t<meta property=\"og:image:height\" content=\"800\" \/>\n\t<meta property=\"og:image:type\" content=\"image\/jpeg\" \/>\n<meta name=\"author\" content=\"Equipe MH\" \/>\n<meta name=\"twitter:card\" content=\"summary_large_image\" \/>\n<meta name=\"twitter:label1\" content=\"Escrito por\" \/>\n\t<meta name=\"twitter:data1\" content=\"Equipe MH\" \/>\n\t<meta name=\"twitter:label2\" content=\"Est. tempo de leitura\" \/>\n\t<meta name=\"twitter:data2\" content=\"2 minutos\" \/>\n<script type=\"application\/ld+json\" class=\"yoast-schema-graph\">{\"@context\":\"https:\/\/schema.org\",\"@graph\":[{\"@type\":\"Article\",\"@id\":\"https:\/\/mhcalculos.com.br\/noticias\/area\/previdenciario\/trf3-tribunal-garante-a-toyota-do-brasil-incentivo-fiscal-de-2-do-reintegra-ate-o-fim-de-2018.html#article\",\"isPartOf\":{\"@id\":\"https:\/\/mhcalculos.com.br\/noticias\/area\/previdenciario\/trf3-tribunal-garante-a-toyota-do-brasil-incentivo-fiscal-de-2-do-reintegra-ate-o-fim-de-2018.html\"},\"author\":{\"name\":\"Equipe MH\",\"@id\":\"https:\/\/mhcalculos.com.br\/noticias\/#\/schema\/person\/88d1c34bf72dc779ea14a5a6b8e0ae8d\"},\"headline\":\"TRF3: TRIBUNAL&nbsp;GARANTE \u00c0 TOYOTA DO BRASIL INCENTIVO FISCAL DE 2% DO REINTEGRA AT\u00c9 O FIM DE 2018\",\"datePublished\":\"2018-08-18T10:00:54+00:00\",\"dateModified\":\"2021-07-28T17:34:15+00:00\",\"mainEntityOfPage\":{\"@id\":\"https:\/\/mhcalculos.com.br\/noticias\/area\/previdenciario\/trf3-tribunal-garante-a-toyota-do-brasil-incentivo-fiscal-de-2-do-reintegra-ate-o-fim-de-2018.html\"},\"wordCount\":450,\"commentCount\":0,\"image\":{\"@id\":\"https:\/\/mhcalculos.com.br\/noticias\/area\/previdenciario\/trf3-tribunal-garante-a-toyota-do-brasil-incentivo-fiscal-de-2-do-reintegra-ate-o-fim-de-2018.html#primaryimage\"},\"thumbnailUrl\":\"https:\/\/mhcalculos.com.br\/noticias\/wp-content\/uploads\/sites\/2\/2018\/08\/tributario-0039.jpg\",\"keywords\":[\"c\u00e1lculos judiciais\",\"c\u00e1lculos tribut\u00e1rios\",\"direito tribut\u00e1rio\",\"d\u00edvida ativa\",\"fazenda p\u00fablica\",\"Imposto\",\"per\u00edcia\",\"trf3\",\"Tribunal Regional Federal\",\"tributo\"],\"articleSection\":[\"Direito Previdenci\u00e1rio\",\"TRF3\"],\"inLanguage\":\"pt-BR\",\"potentialAction\":[{\"@type\":\"CommentAction\",\"name\":\"Comment\",\"target\":[\"https:\/\/mhcalculos.com.br\/noticias\/area\/previdenciario\/trf3-tribunal-garante-a-toyota-do-brasil-incentivo-fiscal-de-2-do-reintegra-ate-o-fim-de-2018.html#respond\"]}]},{\"@type\":\"WebPage\",\"@id\":\"https:\/\/mhcalculos.com.br\/noticias\/area\/previdenciario\/trf3-tribunal-garante-a-toyota-do-brasil-incentivo-fiscal-de-2-do-reintegra-ate-o-fim-de-2018.html\",\"url\":\"https:\/\/mhcalculos.com.br\/noticias\/area\/previdenciario\/trf3-tribunal-garante-a-toyota-do-brasil-incentivo-fiscal-de-2-do-reintegra-ate-o-fim-de-2018.html\",\"name\":\"TRF3: TRIBUNAL&nbsp;GARANTE \u00c0 TOYOTA DO BRASIL INCENTIVO FISCAL DE 2% DO REINTEGRA AT\u00c9 O FIM DE 2018 | Portal de Not\u00edcias\",\"isPartOf\":{\"@id\":\"https:\/\/mhcalculos.com.br\/noticias\/#website\"},\"primaryImageOfPage\":{\"@id\":\"https:\/\/mhcalculos.com.br\/noticias\/area\/previdenciario\/trf3-tribunal-garante-a-toyota-do-brasil-incentivo-fiscal-de-2-do-reintegra-ate-o-fim-de-2018.html#primaryimage\"},\"image\":{\"@id\":\"https:\/\/mhcalculos.com.br\/noticias\/area\/previdenciario\/trf3-tribunal-garante-a-toyota-do-brasil-incentivo-fiscal-de-2-do-reintegra-ate-o-fim-de-2018.html#primaryimage\"},\"thumbnailUrl\":\"https:\/\/mhcalculos.com.br\/noticias\/wp-content\/uploads\/sites\/2\/2018\/08\/tributario-0039.jpg\",\"datePublished\":\"2018-08-18T10:00:54+00:00\",\"dateModified\":\"2021-07-28T17:34:15+00:00\",\"author\":{\"@id\":\"https:\/\/mhcalculos.com.br\/noticias\/#\/schema\/person\/88d1c34bf72dc779ea14a5a6b8e0ae8d\"},\"breadcrumb\":{\"@id\":\"https:\/\/mhcalculos.com.br\/noticias\/area\/previdenciario\/trf3-tribunal-garante-a-toyota-do-brasil-incentivo-fiscal-de-2-do-reintegra-ate-o-fim-de-2018.html#breadcrumb\"},\"inLanguage\":\"pt-BR\",\"potentialAction\":[{\"@type\":\"ReadAction\",\"target\":[\"https:\/\/mhcalculos.com.br\/noticias\/area\/previdenciario\/trf3-tribunal-garante-a-toyota-do-brasil-incentivo-fiscal-de-2-do-reintegra-ate-o-fim-de-2018.html\"]}]},{\"@type\":\"ImageObject\",\"inLanguage\":\"pt-BR\",\"@id\":\"https:\/\/mhcalculos.com.br\/noticias\/area\/previdenciario\/trf3-tribunal-garante-a-toyota-do-brasil-incentivo-fiscal-de-2-do-reintegra-ate-o-fim-de-2018.html#primaryimage\",\"url\":\"https:\/\/mhcalculos.com.br\/noticias\/wp-content\/uploads\/sites\/2\/2018\/08\/tributario-0039.jpg\",\"contentUrl\":\"https:\/\/mhcalculos.com.br\/noticias\/wp-content\/uploads\/sites\/2\/2018\/08\/tributario-0039.jpg\",\"width\":2000,\"height\":800},{\"@type\":\"BreadcrumbList\",\"@id\":\"https:\/\/mhcalculos.com.br\/noticias\/area\/previdenciario\/trf3-tribunal-garante-a-toyota-do-brasil-incentivo-fiscal-de-2-do-reintegra-ate-o-fim-de-2018.html#breadcrumb\",\"itemListElement\":[{\"@type\":\"ListItem\",\"position\":1,\"name\":\"In\u00edcio\",\"item\":\"https:\/\/mhcalculos.com.br\/noticias\/\"},{\"@type\":\"ListItem\",\"position\":2,\"name\":\"TRF3: TRIBUNAL&nbsp;GARANTE \u00c0 TOYOTA DO BRASIL INCENTIVO FISCAL DE 2% DO REINTEGRA AT\u00c9 O FIM DE 2018\"}]},{\"@type\":\"WebSite\",\"@id\":\"https:\/\/mhcalculos.com.br\/noticias\/#website\",\"url\":\"https:\/\/mhcalculos.com.br\/noticias\/\",\"name\":\"Portal de Not\u00edcias\",\"description\":\"Not\u00edcias e Jurisprud\u00eancia\",\"potentialAction\":[{\"@type\":\"SearchAction\",\"target\":{\"@type\":\"EntryPoint\",\"urlTemplate\":\"https:\/\/mhcalculos.com.br\/noticias\/?s={search_term_string}\"},\"query-input\":{\"@type\":\"PropertyValueSpecification\",\"valueRequired\":true,\"valueName\":\"search_term_string\"}}],\"inLanguage\":\"pt-BR\"},{\"@type\":\"Person\",\"@id\":\"https:\/\/mhcalculos.com.br\/noticias\/#\/schema\/person\/88d1c34bf72dc779ea14a5a6b8e0ae8d\",\"name\":\"Equipe MH\",\"image\":{\"@type\":\"ImageObject\",\"inLanguage\":\"pt-BR\",\"@id\":\"https:\/\/secure.gravatar.com\/avatar\/de1c686c2ecc9c5a3f327e3431d819eb39f8f05d4e1045f5a1caad6daaba987f?s=96&d=mm&r=g\",\"url\":\"https:\/\/secure.gravatar.com\/avatar\/de1c686c2ecc9c5a3f327e3431d819eb39f8f05d4e1045f5a1caad6daaba987f?s=96&d=mm&r=g\",\"contentUrl\":\"https:\/\/secure.gravatar.com\/avatar\/de1c686c2ecc9c5a3f327e3431d819eb39f8f05d4e1045f5a1caad6daaba987f?s=96&d=mm&r=g\",\"caption\":\"Equipe MH\"}}]}<\/script>\n<!-- \/ Yoast SEO plugin. -->","yoast_head_json":{"title":"TRF3: TRIBUNAL&nbsp;GARANTE \u00c0 TOYOTA DO BRASIL INCENTIVO FISCAL DE 2% DO REINTEGRA AT\u00c9 O FIM DE 2018 | Portal de Not\u00edcias","robots":{"index":"index","follow":"follow","max-snippet":"max-snippet:-1","max-image-preview":"max-image-preview:large","max-video-preview":"max-video-preview:-1"},"canonical":"https:\/\/mhcalculos.com.br\/noticias\/area\/previdenciario\/trf3-tribunal-garante-a-toyota-do-brasil-incentivo-fiscal-de-2-do-reintegra-ate-o-fim-de-2018.html","og_locale":"pt_BR","og_type":"article","og_title":"TRF3: TRIBUNAL&nbsp;GARANTE \u00c0 TOYOTA DO BRASIL INCENTIVO FISCAL DE 2% DO REINTEGRA AT\u00c9 O FIM DE 2018 | Portal de Not\u00edcias","og_description":"Para Desembargador Federal, s\u00fabita revoga\u00e7\u00e3o do benef\u00edcio fiscal n\u00e3o respeita princ\u00edpio da anterioridade anual e implica aumento indireto de carga tribut\u00e1ria O Desembargador Federal Johonsom Di Salvo, do Tribunal Regional Federal da 3\u00aa Regi\u00e3o (TRF3), acatou agravo de instrumento interposto pela Toyota do Brasil Ltda. e assegurou \u00e0 empresa o direito de aplicar a al\u00edquota [&hellip;]","og_url":"https:\/\/mhcalculos.com.br\/noticias\/area\/previdenciario\/trf3-tribunal-garante-a-toyota-do-brasil-incentivo-fiscal-de-2-do-reintegra-ate-o-fim-de-2018.html","og_site_name":"Portal de Not\u00edcias","article_published_time":"2018-08-18T10:00:54+00:00","article_modified_time":"2021-07-28T17:34:15+00:00","og_image":[{"width":2000,"height":800,"url":"https:\/\/mhcalculos.com.br\/noticias\/wp-content\/uploads\/sites\/2\/2018\/08\/tributario-0039.jpg","type":"image\/jpeg"}],"author":"Equipe MH","twitter_card":"summary_large_image","twitter_misc":{"Escrito por":"Equipe MH","Est. tempo de leitura":"2 minutos"},"schema":{"@context":"https:\/\/schema.org","@graph":[{"@type":"Article","@id":"https:\/\/mhcalculos.com.br\/noticias\/area\/previdenciario\/trf3-tribunal-garante-a-toyota-do-brasil-incentivo-fiscal-de-2-do-reintegra-ate-o-fim-de-2018.html#article","isPartOf":{"@id":"https:\/\/mhcalculos.com.br\/noticias\/area\/previdenciario\/trf3-tribunal-garante-a-toyota-do-brasil-incentivo-fiscal-de-2-do-reintegra-ate-o-fim-de-2018.html"},"author":{"name":"Equipe MH","@id":"https:\/\/mhcalculos.com.br\/noticias\/#\/schema\/person\/88d1c34bf72dc779ea14a5a6b8e0ae8d"},"headline":"TRF3: TRIBUNAL&nbsp;GARANTE \u00c0 TOYOTA DO BRASIL INCENTIVO FISCAL DE 2% DO REINTEGRA AT\u00c9 O FIM DE 2018","datePublished":"2018-08-18T10:00:54+00:00","dateModified":"2021-07-28T17:34:15+00:00","mainEntityOfPage":{"@id":"https:\/\/mhcalculos.com.br\/noticias\/area\/previdenciario\/trf3-tribunal-garante-a-toyota-do-brasil-incentivo-fiscal-de-2-do-reintegra-ate-o-fim-de-2018.html"},"wordCount":450,"commentCount":0,"image":{"@id":"https:\/\/mhcalculos.com.br\/noticias\/area\/previdenciario\/trf3-tribunal-garante-a-toyota-do-brasil-incentivo-fiscal-de-2-do-reintegra-ate-o-fim-de-2018.html#primaryimage"},"thumbnailUrl":"https:\/\/mhcalculos.com.br\/noticias\/wp-content\/uploads\/sites\/2\/2018\/08\/tributario-0039.jpg","keywords":["c\u00e1lculos judiciais","c\u00e1lculos tribut\u00e1rios","direito tribut\u00e1rio","d\u00edvida ativa","fazenda p\u00fablica","Imposto","per\u00edcia","trf3","Tribunal Regional Federal","tributo"],"articleSection":["Direito Previdenci\u00e1rio","TRF3"],"inLanguage":"pt-BR","potentialAction":[{"@type":"CommentAction","name":"Comment","target":["https:\/\/mhcalculos.com.br\/noticias\/area\/previdenciario\/trf3-tribunal-garante-a-toyota-do-brasil-incentivo-fiscal-de-2-do-reintegra-ate-o-fim-de-2018.html#respond"]}]},{"@type":"WebPage","@id":"https:\/\/mhcalculos.com.br\/noticias\/area\/previdenciario\/trf3-tribunal-garante-a-toyota-do-brasil-incentivo-fiscal-de-2-do-reintegra-ate-o-fim-de-2018.html","url":"https:\/\/mhcalculos.com.br\/noticias\/area\/previdenciario\/trf3-tribunal-garante-a-toyota-do-brasil-incentivo-fiscal-de-2-do-reintegra-ate-o-fim-de-2018.html","name":"TRF3: TRIBUNAL&nbsp;GARANTE \u00c0 TOYOTA DO BRASIL INCENTIVO FISCAL DE 2% DO REINTEGRA AT\u00c9 O FIM DE 2018 | Portal de Not\u00edcias","isPartOf":{"@id":"https:\/\/mhcalculos.com.br\/noticias\/#website"},"primaryImageOfPage":{"@id":"https:\/\/mhcalculos.com.br\/noticias\/area\/previdenciario\/trf3-tribunal-garante-a-toyota-do-brasil-incentivo-fiscal-de-2-do-reintegra-ate-o-fim-de-2018.html#primaryimage"},"image":{"@id":"https:\/\/mhcalculos.com.br\/noticias\/area\/previdenciario\/trf3-tribunal-garante-a-toyota-do-brasil-incentivo-fiscal-de-2-do-reintegra-ate-o-fim-de-2018.html#primaryimage"},"thumbnailUrl":"https:\/\/mhcalculos.com.br\/noticias\/wp-content\/uploads\/sites\/2\/2018\/08\/tributario-0039.jpg","datePublished":"2018-08-18T10:00:54+00:00","dateModified":"2021-07-28T17:34:15+00:00","author":{"@id":"https:\/\/mhcalculos.com.br\/noticias\/#\/schema\/person\/88d1c34bf72dc779ea14a5a6b8e0ae8d"},"breadcrumb":{"@id":"https:\/\/mhcalculos.com.br\/noticias\/area\/previdenciario\/trf3-tribunal-garante-a-toyota-do-brasil-incentivo-fiscal-de-2-do-reintegra-ate-o-fim-de-2018.html#breadcrumb"},"inLanguage":"pt-BR","potentialAction":[{"@type":"ReadAction","target":["https:\/\/mhcalculos.com.br\/noticias\/area\/previdenciario\/trf3-tribunal-garante-a-toyota-do-brasil-incentivo-fiscal-de-2-do-reintegra-ate-o-fim-de-2018.html"]}]},{"@type":"ImageObject","inLanguage":"pt-BR","@id":"https:\/\/mhcalculos.com.br\/noticias\/area\/previdenciario\/trf3-tribunal-garante-a-toyota-do-brasil-incentivo-fiscal-de-2-do-reintegra-ate-o-fim-de-2018.html#primaryimage","url":"https:\/\/mhcalculos.com.br\/noticias\/wp-content\/uploads\/sites\/2\/2018\/08\/tributario-0039.jpg","contentUrl":"https:\/\/mhcalculos.com.br\/noticias\/wp-content\/uploads\/sites\/2\/2018\/08\/tributario-0039.jpg","width":2000,"height":800},{"@type":"BreadcrumbList","@id":"https:\/\/mhcalculos.com.br\/noticias\/area\/previdenciario\/trf3-tribunal-garante-a-toyota-do-brasil-incentivo-fiscal-de-2-do-reintegra-ate-o-fim-de-2018.html#breadcrumb","itemListElement":[{"@type":"ListItem","position":1,"name":"In\u00edcio","item":"https:\/\/mhcalculos.com.br\/noticias\/"},{"@type":"ListItem","position":2,"name":"TRF3: TRIBUNAL&nbsp;GARANTE \u00c0 TOYOTA DO BRASIL INCENTIVO FISCAL DE 2% DO REINTEGRA AT\u00c9 O FIM DE 2018"}]},{"@type":"WebSite","@id":"https:\/\/mhcalculos.com.br\/noticias\/#website","url":"https:\/\/mhcalculos.com.br\/noticias\/","name":"Portal de Not\u00edcias","description":"Not\u00edcias e Jurisprud\u00eancia","potentialAction":[{"@type":"SearchAction","target":{"@type":"EntryPoint","urlTemplate":"https:\/\/mhcalculos.com.br\/noticias\/?s={search_term_string}"},"query-input":{"@type":"PropertyValueSpecification","valueRequired":true,"valueName":"search_term_string"}}],"inLanguage":"pt-BR"},{"@type":"Person","@id":"https:\/\/mhcalculos.com.br\/noticias\/#\/schema\/person\/88d1c34bf72dc779ea14a5a6b8e0ae8d","name":"Equipe MH","image":{"@type":"ImageObject","inLanguage":"pt-BR","@id":"https:\/\/secure.gravatar.com\/avatar\/de1c686c2ecc9c5a3f327e3431d819eb39f8f05d4e1045f5a1caad6daaba987f?s=96&d=mm&r=g","url":"https:\/\/secure.gravatar.com\/avatar\/de1c686c2ecc9c5a3f327e3431d819eb39f8f05d4e1045f5a1caad6daaba987f?s=96&d=mm&r=g","contentUrl":"https:\/\/secure.gravatar.com\/avatar\/de1c686c2ecc9c5a3f327e3431d819eb39f8f05d4e1045f5a1caad6daaba987f?s=96&d=mm&r=g","caption":"Equipe MH"}}]}},"_links":{"self":[{"href":"https:\/\/mhcalculos.com.br\/noticias\/wp-json\/wp\/v2\/posts\/2913","targetHints":{"allow":["GET"]}}],"collection":[{"href":"https:\/\/mhcalculos.com.br\/noticias\/wp-json\/wp\/v2\/posts"}],"about":[{"href":"https:\/\/mhcalculos.com.br\/noticias\/wp-json\/wp\/v2\/types\/post"}],"author":[{"embeddable":true,"href":"https:\/\/mhcalculos.com.br\/noticias\/wp-json\/wp\/v2\/users\/3063"}],"replies":[{"embeddable":true,"href":"https:\/\/mhcalculos.com.br\/noticias\/wp-json\/wp\/v2\/comments?post=2913"}],"version-history":[{"count":1,"href":"https:\/\/mhcalculos.com.br\/noticias\/wp-json\/wp\/v2\/posts\/2913\/revisions"}],"predecessor-version":[{"id":10267,"href":"https:\/\/mhcalculos.com.br\/noticias\/wp-json\/wp\/v2\/posts\/2913\/revisions\/10267"}],"wp:featuredmedia":[{"embeddable":true,"href":"https:\/\/mhcalculos.com.br\/noticias\/wp-json\/wp\/v2\/media\/2914"}],"wp:attachment":[{"href":"https:\/\/mhcalculos.com.br\/noticias\/wp-json\/wp\/v2\/media?parent=2913"}],"wp:term":[{"taxonomy":"category","embeddable":true,"href":"https:\/\/mhcalculos.com.br\/noticias\/wp-json\/wp\/v2\/categories?post=2913"},{"taxonomy":"post_tag","embeddable":true,"href":"https:\/\/mhcalculos.com.br\/noticias\/wp-json\/wp\/v2\/tags?post=2913"}],"curies":[{"name":"wp","href":"https:\/\/api.w.org\/{rel}","templated":true}]}}