{"id":2885,"date":"2018-08-14T19:53:00","date_gmt":"2018-08-14T22:53:00","guid":{"rendered":"https:\/\/mhcalculos.com.br\/noticias\/2018\/08\/14\/tst-tribunal-entrega-comenda-da-ordem-do-merito-judiciario-do-trabalho-2018\/"},"modified":"2021-07-28T14:34:16","modified_gmt":"2021-07-28T17:34:16","slug":"tst-tribunal-entrega-comenda-da-ordem-do-merito-judiciario-do-trabalho-2018","status":"publish","type":"post","link":"https:\/\/mhcalculos.com.br\/noticias\/area\/trabalhista\/tst-tribunal-entrega-comenda-da-ordem-do-merito-judiciario-do-trabalho-2018.html","title":{"rendered":"TST: Tribunal&nbsp;entrega comenda da Ordem do M\u00e9rito Judici\u00e1rio do Trabalho 2018"},"content":{"rendered":"<p><br \/>\n<br \/>   <a href=\"http:\/\/www.tst.jus.br\/image\/journal\/article?img_id=24634172&amp;t=1534371487853\" target=\"_blank\" rel=\"noopener\">   <\/a>  <\/p>\n<p >O Tribunal Superior do Trabalho realizou, nesta ter\u00e7a-feira (14), a solenidade de entrega das comendas da Ordem do M\u00e9rito Judici\u00e1rio do Trabalho a 45 agraciados, entre ministros, personalidades, agentes p\u00fablicos e institui\u00e7\u00f5es. A cerim\u00f4nia, que ocorre anualmente desde 1970, homenageia quem se destaca no exerc\u00edcio de sua profiss\u00e3o, serve de exemplo para a sociedade ou, de algum modo, contribui para o engrandecimento do Brasil.<\/p>\n<p ><strong>Institui\u00e7\u00f5es<\/strong><\/p>\n<p >Coube ao presidente do TST, ministro Brito Pereira, entregar a comenda \u00e0s duas institui\u00e7\u00f5es homenageadas este ano. A primeira \u00e9 o Alto Comissariado das Na\u00e7\u00f5es Unidas para Refugiados (Acnur). Vencedora do Pr\u00eamio Nobel da Paz em 1954 e em 1981, o Acnur visa proteger os refugiados e promover solu\u00e7\u00f5es duradouras para seus problemas, com o intuito de garantir seus direitos humanos. No mundo, o Alto Comissariado atende cerca de 68 milh\u00f5es de pessoas submetidas a deslocamento for\u00e7ado e, no Brasil, tem escrit\u00f3rio central em Bras\u00edlia e unidades em S\u00e3o Paulo (SP), Manaus (AM) e Boa Vista (RR).<\/p>\n<p >A outra institui\u00e7\u00e3o que recebeu a comenda foi a Associa\u00e7\u00e3o de Pais e Amigos dos Excepcionais do Distrito Federal (Apae-DF). Fundada em 1964, ela atende gratuitamente pessoas com defici\u00eancia intelectual ou m\u00faltipla e desenvolve programas voltados para a educa\u00e7\u00e3o profissional, o desenvolvimento acad\u00eamico, a inser\u00e7\u00e3o e o acompanhamento no trabalho. Tamb\u00e9m oferece projetos de arte, esporte, cultura e lazer. A entidade beneficia cerca de 730 pessoas por ano.<\/p>\n<p ><strong>Personalidades<\/strong><\/p>\n<p >Entre os agraciados em 2018, est\u00e3o os ministros de Estado da Justi\u00e7a, Torquato Jardim, e dos Direitos Humanos, Gustavo Rocha, o embaixador da It\u00e1lia no Brasil, Antonio Bernardini, a procuradora-geral da Rep\u00fablica, Raquel Dodge, a advogada-geral da Uni\u00e3o, Grace Mendon\u00e7a, o presidente do Tribunal de Contas da Uni\u00e3o (TCU), Raimundo Carreiro, o ministro Luiz Alberto Gurgel, do Superior Tribunal de Justi\u00e7a (STJ), e o presidente do Tribunal de Justi\u00e7a do Distrito Federal e Territ\u00f3rios (TJDFT), desembargador Rom\u00e3o C\u00edcero de Oliveira.<\/p>\n<p ><strong>Empregado mais antigo do mundo<\/strong><\/p>\n<p >Destaca-se tamb\u00e9m a comenda entregue ao empregado com mais tempo de servi\u00e7o na mesma empresa, Walter Orthmann, que h\u00e1 80 anos \u00e9 empregado da RenauxView (antiga Ind\u00fastrias Renaux S.A.), em Santa Catarina. &nbsp;\u00c9 um recorde mundial certificado pelo Guinness World Records. Ele agradeceu a homenagem, considerou-a importante e falou qual a receita para trabalhar por tantas d\u00e9cadas e n\u00e3o ter vontade de parar. \u201cN\u00e3o existe segredo. Precisamos cuidar de nossa sa\u00fade, ter uma boa dose de disciplina e gostar do que fazemos. Amo viver, amo acordar todos os dias e come\u00e7ar uma nova hist\u00f3ria\u201d, afirmou.<\/p>\n<p >O escritor, m\u00e9dium e orador esp\u00edrita Divaldo Franco agradeceu o recebimento da comenda no Grau Comendador. \u201cRecebo como um est\u00edmulo ao prosseguimento da luta e da doutrina esp\u00edrita, sem a qual eu n\u00e3o estaria aqui\u201d, destacou. \u201cAgrade\u00e7o aos nobres ministros que apoiaram, por unanimidade, a indica\u00e7\u00e3o do meu nome\u201d.<\/p>\n<p ><strong>Ordem do M\u00e9rito<\/strong><\/p>\n<p >A Ordem do M\u00e9rito Judici\u00e1rio do Trabalho (OMJT) \u00e9 concedida em seis graus: Gr\u00e3o Colar, Gr\u00e3-Cruz, Grande Oficial, Comendador, Oficial e Cavaleiro. As indica\u00e7\u00f5es dos agraciados s\u00e3o feitas pelos ministros do TST e pelo Conselho da OMJT, que analisa os nomes indicados e define a lista anual. O conselho \u00e9 formado pelo presidente e pelo vice-presidente da Corte, pelo corregedor-geral da Justi\u00e7a do Trabalho, pelo ministro decano e por mais dois ministros indicados pelo \u00d3rg\u00e3o Especial.<\/p>\n<p >A galeria de fotos da solenidade est\u00e1 dispon\u00edvel no <a href=\"https:\/\/www.flickr.com\/photos\/tst_oficial\/sets\/72157698586987951\">Flickr do TST<\/a>.<\/p>\n<p >(GS\/CF)<\/p>\n<p> <strong>Esta mat\u00e9ria tem car\u00e1ter informativo, sem cunho oficial.<br \/> Permitida a reprodu\u00e7\u00e3o mediante cita\u00e7\u00e3o da fonte.<br \/> Secretaria de Comunica\u00e7\u00e3o Social<br \/> Tribunal Superior do Trabalho<br \/> Tel. (61) 3043-4907<br \/> <a href=\"mailto:secom@tst.jus.br\">secom@tst.jus.br<\/a><\/strong>       <\/br><br \/>\n<br \/><i>Com informa\u00e7\u00f5es da assessoria de imprensa do TST.<\/i><br \/>\n<br \/><a href=\"http:\/\/www.tst.jus.br\/web\/guest\/noticias?p_p_id=89Dk&#038;p_p_lifecycle=0&#038;refererPlid=10730&#038;_89Dk_struts_action=%2Fjournal_content%2Fview&#038;_89Dk_groupId=10157&#038;_89Dk_articleId=24632985\">Fonte<\/a><br \/>\n<br \/><\/p>\n","protected":false},"excerpt":{"rendered":"<p>O Tribunal Superior do Trabalho realizou, nesta ter\u00e7a-feira (14), a solenidade de entrega das comendas da Ordem do M\u00e9rito Judici\u00e1rio do Trabalho a 45 agraciados, entre ministros, personalidades, agentes p\u00fablicos e institui\u00e7\u00f5es. A cerim\u00f4nia, que ocorre anualmente desde 1970, homenageia quem se destaca no exerc\u00edcio de sua profiss\u00e3o, serve de exemplo para a sociedade ou, [&hellip;]<\/p>\n","protected":false},"author":3063,"featured_media":1595,"comment_status":"open","ping_status":"open","sticky":false,"template":"","format":"standard","meta":{"footnotes":""},"categories":[3,21],"tags":[33,216,9,12,217,215],"class_list":{"0":"post-2885","1":"post","2":"type-post","3":"status-publish","4":"format-standard","5":"has-post-thumbnail","7":"category-trabalhista","8":"category-tst","9":"tag-calculos-trabalhistas","10":"tag-direito-trabalhista","11":"tag-pericia","12":"tag-perito","13":"tag-trabalho","14":"tag-tst"},"yoast_head":"<!-- This site is optimized with the Yoast SEO plugin v27.2 - https:\/\/yoast.com\/product\/yoast-seo-wordpress\/ -->\n<title>TST: Tribunal&nbsp;entrega comenda da Ordem do M\u00e9rito Judici\u00e1rio do Trabalho 2018 | Portal de Not\u00edcias<\/title>\n<meta name=\"robots\" content=\"index, follow, max-snippet:-1, max-image-preview:large, max-video-preview:-1\" \/>\n<link rel=\"canonical\" href=\"https:\/\/mhcalculos.com.br\/noticias\/area\/trabalhista\/tst-tribunal-entrega-comenda-da-ordem-do-merito-judiciario-do-trabalho-2018.html\" \/>\n<meta property=\"og:locale\" content=\"pt_BR\" \/>\n<meta property=\"og:type\" content=\"article\" \/>\n<meta property=\"og:title\" content=\"TST: Tribunal&nbsp;entrega comenda da Ordem do M\u00e9rito Judici\u00e1rio do Trabalho 2018 | Portal de Not\u00edcias\" \/>\n<meta property=\"og:description\" content=\"O Tribunal Superior do Trabalho realizou, nesta ter\u00e7a-feira (14), a solenidade de entrega das comendas da Ordem do M\u00e9rito Judici\u00e1rio do Trabalho a 45 agraciados, entre ministros, personalidades, agentes p\u00fablicos e institui\u00e7\u00f5es. A cerim\u00f4nia, que ocorre anualmente desde 1970, homenageia quem se destaca no exerc\u00edcio de sua profiss\u00e3o, serve de exemplo para a sociedade ou, [&hellip;]\" \/>\n<meta property=\"og:url\" content=\"https:\/\/mhcalculos.com.br\/noticias\/area\/trabalhista\/tst-tribunal-entrega-comenda-da-ordem-do-merito-judiciario-do-trabalho-2018.html\" \/>\n<meta property=\"og:site_name\" content=\"Portal de Not\u00edcias\" \/>\n<meta property=\"article:published_time\" content=\"2018-08-14T22:53:00+00:00\" \/>\n<meta property=\"article:modified_time\" content=\"2021-07-28T17:34:16+00:00\" \/>\n<meta property=\"og:image\" content=\"https:\/\/mhcalculos.com.br\/noticias\/wp-content\/uploads\/sites\/2\/2018\/06\/judiciario-0034.jpg\" \/>\n\t<meta property=\"og:image:width\" content=\"2000\" \/>\n\t<meta property=\"og:image:height\" content=\"800\" \/>\n\t<meta property=\"og:image:type\" content=\"image\/jpeg\" \/>\n<meta name=\"author\" content=\"Equipe MH\" \/>\n<meta name=\"twitter:card\" content=\"summary_large_image\" \/>\n<meta name=\"twitter:label1\" content=\"Escrito por\" \/>\n\t<meta name=\"twitter:data1\" content=\"Equipe MH\" \/>\n\t<meta name=\"twitter:label2\" content=\"Est. tempo de leitura\" \/>\n\t<meta name=\"twitter:data2\" content=\"3 minutos\" \/>\n<script type=\"application\/ld+json\" class=\"yoast-schema-graph\">{\"@context\":\"https:\/\/schema.org\",\"@graph\":[{\"@type\":\"Article\",\"@id\":\"https:\/\/mhcalculos.com.br\/noticias\/area\/trabalhista\/tst-tribunal-entrega-comenda-da-ordem-do-merito-judiciario-do-trabalho-2018.html#article\",\"isPartOf\":{\"@id\":\"https:\/\/mhcalculos.com.br\/noticias\/area\/trabalhista\/tst-tribunal-entrega-comenda-da-ordem-do-merito-judiciario-do-trabalho-2018.html\"},\"author\":{\"name\":\"Equipe MH\",\"@id\":\"https:\/\/mhcalculos.com.br\/noticias\/#\/schema\/person\/88d1c34bf72dc779ea14a5a6b8e0ae8d\"},\"headline\":\"TST: Tribunal&nbsp;entrega comenda da Ordem do M\u00e9rito Judici\u00e1rio do Trabalho 2018\",\"datePublished\":\"2018-08-14T22:53:00+00:00\",\"dateModified\":\"2021-07-28T17:34:16+00:00\",\"mainEntityOfPage\":{\"@id\":\"https:\/\/mhcalculos.com.br\/noticias\/area\/trabalhista\/tst-tribunal-entrega-comenda-da-ordem-do-merito-judiciario-do-trabalho-2018.html\"},\"wordCount\":664,\"commentCount\":0,\"image\":{\"@id\":\"https:\/\/mhcalculos.com.br\/noticias\/area\/trabalhista\/tst-tribunal-entrega-comenda-da-ordem-do-merito-judiciario-do-trabalho-2018.html#primaryimage\"},\"thumbnailUrl\":\"https:\/\/mhcalculos.com.br\/noticias\/wp-content\/uploads\/sites\/2\/2018\/06\/judiciario-0034.jpg\",\"keywords\":[\"c\u00e1lculos trabalhistas\",\"direito trabalhista\",\"per\u00edcia\",\"perito\",\"trabalho\",\"TST\"],\"articleSection\":[\"Direito Trabalhista\",\"TST\"],\"inLanguage\":\"pt-BR\",\"potentialAction\":[{\"@type\":\"CommentAction\",\"name\":\"Comment\",\"target\":[\"https:\/\/mhcalculos.com.br\/noticias\/area\/trabalhista\/tst-tribunal-entrega-comenda-da-ordem-do-merito-judiciario-do-trabalho-2018.html#respond\"]}]},{\"@type\":\"WebPage\",\"@id\":\"https:\/\/mhcalculos.com.br\/noticias\/area\/trabalhista\/tst-tribunal-entrega-comenda-da-ordem-do-merito-judiciario-do-trabalho-2018.html\",\"url\":\"https:\/\/mhcalculos.com.br\/noticias\/area\/trabalhista\/tst-tribunal-entrega-comenda-da-ordem-do-merito-judiciario-do-trabalho-2018.html\",\"name\":\"TST: Tribunal&nbsp;entrega comenda da Ordem do M\u00e9rito Judici\u00e1rio do Trabalho 2018 | Portal de Not\u00edcias\",\"isPartOf\":{\"@id\":\"https:\/\/mhcalculos.com.br\/noticias\/#website\"},\"primaryImageOfPage\":{\"@id\":\"https:\/\/mhcalculos.com.br\/noticias\/area\/trabalhista\/tst-tribunal-entrega-comenda-da-ordem-do-merito-judiciario-do-trabalho-2018.html#primaryimage\"},\"image\":{\"@id\":\"https:\/\/mhcalculos.com.br\/noticias\/area\/trabalhista\/tst-tribunal-entrega-comenda-da-ordem-do-merito-judiciario-do-trabalho-2018.html#primaryimage\"},\"thumbnailUrl\":\"https:\/\/mhcalculos.com.br\/noticias\/wp-content\/uploads\/sites\/2\/2018\/06\/judiciario-0034.jpg\",\"datePublished\":\"2018-08-14T22:53:00+00:00\",\"dateModified\":\"2021-07-28T17:34:16+00:00\",\"author\":{\"@id\":\"https:\/\/mhcalculos.com.br\/noticias\/#\/schema\/person\/88d1c34bf72dc779ea14a5a6b8e0ae8d\"},\"breadcrumb\":{\"@id\":\"https:\/\/mhcalculos.com.br\/noticias\/area\/trabalhista\/tst-tribunal-entrega-comenda-da-ordem-do-merito-judiciario-do-trabalho-2018.html#breadcrumb\"},\"inLanguage\":\"pt-BR\",\"potentialAction\":[{\"@type\":\"ReadAction\",\"target\":[\"https:\/\/mhcalculos.com.br\/noticias\/area\/trabalhista\/tst-tribunal-entrega-comenda-da-ordem-do-merito-judiciario-do-trabalho-2018.html\"]}]},{\"@type\":\"ImageObject\",\"inLanguage\":\"pt-BR\",\"@id\":\"https:\/\/mhcalculos.com.br\/noticias\/area\/trabalhista\/tst-tribunal-entrega-comenda-da-ordem-do-merito-judiciario-do-trabalho-2018.html#primaryimage\",\"url\":\"https:\/\/mhcalculos.com.br\/noticias\/wp-content\/uploads\/sites\/2\/2018\/06\/judiciario-0034.jpg\",\"contentUrl\":\"https:\/\/mhcalculos.com.br\/noticias\/wp-content\/uploads\/sites\/2\/2018\/06\/judiciario-0034.jpg\",\"width\":2000,\"height\":800},{\"@type\":\"BreadcrumbList\",\"@id\":\"https:\/\/mhcalculos.com.br\/noticias\/area\/trabalhista\/tst-tribunal-entrega-comenda-da-ordem-do-merito-judiciario-do-trabalho-2018.html#breadcrumb\",\"itemListElement\":[{\"@type\":\"ListItem\",\"position\":1,\"name\":\"In\u00edcio\",\"item\":\"https:\/\/mhcalculos.com.br\/noticias\/\"},{\"@type\":\"ListItem\",\"position\":2,\"name\":\"TST: Tribunal&nbsp;entrega comenda da Ordem do M\u00e9rito Judici\u00e1rio do Trabalho 2018\"}]},{\"@type\":\"WebSite\",\"@id\":\"https:\/\/mhcalculos.com.br\/noticias\/#website\",\"url\":\"https:\/\/mhcalculos.com.br\/noticias\/\",\"name\":\"Portal de Not\u00edcias\",\"description\":\"Not\u00edcias e Jurisprud\u00eancia\",\"potentialAction\":[{\"@type\":\"SearchAction\",\"target\":{\"@type\":\"EntryPoint\",\"urlTemplate\":\"https:\/\/mhcalculos.com.br\/noticias\/?s={search_term_string}\"},\"query-input\":{\"@type\":\"PropertyValueSpecification\",\"valueRequired\":true,\"valueName\":\"search_term_string\"}}],\"inLanguage\":\"pt-BR\"},{\"@type\":\"Person\",\"@id\":\"https:\/\/mhcalculos.com.br\/noticias\/#\/schema\/person\/88d1c34bf72dc779ea14a5a6b8e0ae8d\",\"name\":\"Equipe MH\",\"image\":{\"@type\":\"ImageObject\",\"inLanguage\":\"pt-BR\",\"@id\":\"https:\/\/secure.gravatar.com\/avatar\/de1c686c2ecc9c5a3f327e3431d819eb39f8f05d4e1045f5a1caad6daaba987f?s=96&d=mm&r=g\",\"url\":\"https:\/\/secure.gravatar.com\/avatar\/de1c686c2ecc9c5a3f327e3431d819eb39f8f05d4e1045f5a1caad6daaba987f?s=96&d=mm&r=g\",\"contentUrl\":\"https:\/\/secure.gravatar.com\/avatar\/de1c686c2ecc9c5a3f327e3431d819eb39f8f05d4e1045f5a1caad6daaba987f?s=96&d=mm&r=g\",\"caption\":\"Equipe MH\"}}]}<\/script>\n<!-- \/ Yoast SEO plugin. -->","yoast_head_json":{"title":"TST: Tribunal&nbsp;entrega comenda da Ordem do M\u00e9rito Judici\u00e1rio do Trabalho 2018 | Portal de Not\u00edcias","robots":{"index":"index","follow":"follow","max-snippet":"max-snippet:-1","max-image-preview":"max-image-preview:large","max-video-preview":"max-video-preview:-1"},"canonical":"https:\/\/mhcalculos.com.br\/noticias\/area\/trabalhista\/tst-tribunal-entrega-comenda-da-ordem-do-merito-judiciario-do-trabalho-2018.html","og_locale":"pt_BR","og_type":"article","og_title":"TST: Tribunal&nbsp;entrega comenda da Ordem do M\u00e9rito Judici\u00e1rio do Trabalho 2018 | Portal de Not\u00edcias","og_description":"O Tribunal Superior do Trabalho realizou, nesta ter\u00e7a-feira (14), a solenidade de entrega das comendas da Ordem do M\u00e9rito Judici\u00e1rio do Trabalho a 45 agraciados, entre ministros, personalidades, agentes p\u00fablicos e institui\u00e7\u00f5es. A cerim\u00f4nia, que ocorre anualmente desde 1970, homenageia quem se destaca no exerc\u00edcio de sua profiss\u00e3o, serve de exemplo para a sociedade ou, [&hellip;]","og_url":"https:\/\/mhcalculos.com.br\/noticias\/area\/trabalhista\/tst-tribunal-entrega-comenda-da-ordem-do-merito-judiciario-do-trabalho-2018.html","og_site_name":"Portal de Not\u00edcias","article_published_time":"2018-08-14T22:53:00+00:00","article_modified_time":"2021-07-28T17:34:16+00:00","og_image":[{"width":2000,"height":800,"url":"https:\/\/mhcalculos.com.br\/noticias\/wp-content\/uploads\/sites\/2\/2018\/06\/judiciario-0034.jpg","type":"image\/jpeg"}],"author":"Equipe MH","twitter_card":"summary_large_image","twitter_misc":{"Escrito por":"Equipe MH","Est. tempo de leitura":"3 minutos"},"schema":{"@context":"https:\/\/schema.org","@graph":[{"@type":"Article","@id":"https:\/\/mhcalculos.com.br\/noticias\/area\/trabalhista\/tst-tribunal-entrega-comenda-da-ordem-do-merito-judiciario-do-trabalho-2018.html#article","isPartOf":{"@id":"https:\/\/mhcalculos.com.br\/noticias\/area\/trabalhista\/tst-tribunal-entrega-comenda-da-ordem-do-merito-judiciario-do-trabalho-2018.html"},"author":{"name":"Equipe MH","@id":"https:\/\/mhcalculos.com.br\/noticias\/#\/schema\/person\/88d1c34bf72dc779ea14a5a6b8e0ae8d"},"headline":"TST: Tribunal&nbsp;entrega comenda da Ordem do M\u00e9rito Judici\u00e1rio do Trabalho 2018","datePublished":"2018-08-14T22:53:00+00:00","dateModified":"2021-07-28T17:34:16+00:00","mainEntityOfPage":{"@id":"https:\/\/mhcalculos.com.br\/noticias\/area\/trabalhista\/tst-tribunal-entrega-comenda-da-ordem-do-merito-judiciario-do-trabalho-2018.html"},"wordCount":664,"commentCount":0,"image":{"@id":"https:\/\/mhcalculos.com.br\/noticias\/area\/trabalhista\/tst-tribunal-entrega-comenda-da-ordem-do-merito-judiciario-do-trabalho-2018.html#primaryimage"},"thumbnailUrl":"https:\/\/mhcalculos.com.br\/noticias\/wp-content\/uploads\/sites\/2\/2018\/06\/judiciario-0034.jpg","keywords":["c\u00e1lculos trabalhistas","direito trabalhista","per\u00edcia","perito","trabalho","TST"],"articleSection":["Direito Trabalhista","TST"],"inLanguage":"pt-BR","potentialAction":[{"@type":"CommentAction","name":"Comment","target":["https:\/\/mhcalculos.com.br\/noticias\/area\/trabalhista\/tst-tribunal-entrega-comenda-da-ordem-do-merito-judiciario-do-trabalho-2018.html#respond"]}]},{"@type":"WebPage","@id":"https:\/\/mhcalculos.com.br\/noticias\/area\/trabalhista\/tst-tribunal-entrega-comenda-da-ordem-do-merito-judiciario-do-trabalho-2018.html","url":"https:\/\/mhcalculos.com.br\/noticias\/area\/trabalhista\/tst-tribunal-entrega-comenda-da-ordem-do-merito-judiciario-do-trabalho-2018.html","name":"TST: Tribunal&nbsp;entrega comenda da Ordem do M\u00e9rito Judici\u00e1rio do Trabalho 2018 | Portal de Not\u00edcias","isPartOf":{"@id":"https:\/\/mhcalculos.com.br\/noticias\/#website"},"primaryImageOfPage":{"@id":"https:\/\/mhcalculos.com.br\/noticias\/area\/trabalhista\/tst-tribunal-entrega-comenda-da-ordem-do-merito-judiciario-do-trabalho-2018.html#primaryimage"},"image":{"@id":"https:\/\/mhcalculos.com.br\/noticias\/area\/trabalhista\/tst-tribunal-entrega-comenda-da-ordem-do-merito-judiciario-do-trabalho-2018.html#primaryimage"},"thumbnailUrl":"https:\/\/mhcalculos.com.br\/noticias\/wp-content\/uploads\/sites\/2\/2018\/06\/judiciario-0034.jpg","datePublished":"2018-08-14T22:53:00+00:00","dateModified":"2021-07-28T17:34:16+00:00","author":{"@id":"https:\/\/mhcalculos.com.br\/noticias\/#\/schema\/person\/88d1c34bf72dc779ea14a5a6b8e0ae8d"},"breadcrumb":{"@id":"https:\/\/mhcalculos.com.br\/noticias\/area\/trabalhista\/tst-tribunal-entrega-comenda-da-ordem-do-merito-judiciario-do-trabalho-2018.html#breadcrumb"},"inLanguage":"pt-BR","potentialAction":[{"@type":"ReadAction","target":["https:\/\/mhcalculos.com.br\/noticias\/area\/trabalhista\/tst-tribunal-entrega-comenda-da-ordem-do-merito-judiciario-do-trabalho-2018.html"]}]},{"@type":"ImageObject","inLanguage":"pt-BR","@id":"https:\/\/mhcalculos.com.br\/noticias\/area\/trabalhista\/tst-tribunal-entrega-comenda-da-ordem-do-merito-judiciario-do-trabalho-2018.html#primaryimage","url":"https:\/\/mhcalculos.com.br\/noticias\/wp-content\/uploads\/sites\/2\/2018\/06\/judiciario-0034.jpg","contentUrl":"https:\/\/mhcalculos.com.br\/noticias\/wp-content\/uploads\/sites\/2\/2018\/06\/judiciario-0034.jpg","width":2000,"height":800},{"@type":"BreadcrumbList","@id":"https:\/\/mhcalculos.com.br\/noticias\/area\/trabalhista\/tst-tribunal-entrega-comenda-da-ordem-do-merito-judiciario-do-trabalho-2018.html#breadcrumb","itemListElement":[{"@type":"ListItem","position":1,"name":"In\u00edcio","item":"https:\/\/mhcalculos.com.br\/noticias\/"},{"@type":"ListItem","position":2,"name":"TST: Tribunal&nbsp;entrega comenda da Ordem do M\u00e9rito Judici\u00e1rio do Trabalho 2018"}]},{"@type":"WebSite","@id":"https:\/\/mhcalculos.com.br\/noticias\/#website","url":"https:\/\/mhcalculos.com.br\/noticias\/","name":"Portal de Not\u00edcias","description":"Not\u00edcias e Jurisprud\u00eancia","potentialAction":[{"@type":"SearchAction","target":{"@type":"EntryPoint","urlTemplate":"https:\/\/mhcalculos.com.br\/noticias\/?s={search_term_string}"},"query-input":{"@type":"PropertyValueSpecification","valueRequired":true,"valueName":"search_term_string"}}],"inLanguage":"pt-BR"},{"@type":"Person","@id":"https:\/\/mhcalculos.com.br\/noticias\/#\/schema\/person\/88d1c34bf72dc779ea14a5a6b8e0ae8d","name":"Equipe MH","image":{"@type":"ImageObject","inLanguage":"pt-BR","@id":"https:\/\/secure.gravatar.com\/avatar\/de1c686c2ecc9c5a3f327e3431d819eb39f8f05d4e1045f5a1caad6daaba987f?s=96&d=mm&r=g","url":"https:\/\/secure.gravatar.com\/avatar\/de1c686c2ecc9c5a3f327e3431d819eb39f8f05d4e1045f5a1caad6daaba987f?s=96&d=mm&r=g","contentUrl":"https:\/\/secure.gravatar.com\/avatar\/de1c686c2ecc9c5a3f327e3431d819eb39f8f05d4e1045f5a1caad6daaba987f?s=96&d=mm&r=g","caption":"Equipe MH"}}]}},"_links":{"self":[{"href":"https:\/\/mhcalculos.com.br\/noticias\/wp-json\/wp\/v2\/posts\/2885","targetHints":{"allow":["GET"]}}],"collection":[{"href":"https:\/\/mhcalculos.com.br\/noticias\/wp-json\/wp\/v2\/posts"}],"about":[{"href":"https:\/\/mhcalculos.com.br\/noticias\/wp-json\/wp\/v2\/types\/post"}],"author":[{"embeddable":true,"href":"https:\/\/mhcalculos.com.br\/noticias\/wp-json\/wp\/v2\/users\/3063"}],"replies":[{"embeddable":true,"href":"https:\/\/mhcalculos.com.br\/noticias\/wp-json\/wp\/v2\/comments?post=2885"}],"version-history":[{"count":1,"href":"https:\/\/mhcalculos.com.br\/noticias\/wp-json\/wp\/v2\/posts\/2885\/revisions"}],"predecessor-version":[{"id":10274,"href":"https:\/\/mhcalculos.com.br\/noticias\/wp-json\/wp\/v2\/posts\/2885\/revisions\/10274"}],"wp:featuredmedia":[{"embeddable":true,"href":"https:\/\/mhcalculos.com.br\/noticias\/wp-json\/wp\/v2\/media\/1595"}],"wp:attachment":[{"href":"https:\/\/mhcalculos.com.br\/noticias\/wp-json\/wp\/v2\/media?parent=2885"}],"wp:term":[{"taxonomy":"category","embeddable":true,"href":"https:\/\/mhcalculos.com.br\/noticias\/wp-json\/wp\/v2\/categories?post=2885"},{"taxonomy":"post_tag","embeddable":true,"href":"https:\/\/mhcalculos.com.br\/noticias\/wp-json\/wp\/v2\/tags?post=2885"}],"curies":[{"name":"wp","href":"https:\/\/api.w.org\/{rel}","templated":true}]}}