{"id":2793,"date":"2018-08-15T04:01:02","date_gmt":"2018-08-15T07:01:02","guid":{"rendered":"https:\/\/mhcalculos.com.br\/noticias\/2018\/08\/15\/stf-2a-turma-remete-delacao-da-odebrecht-sobre-ex-presidente-lula-e-ex-ministro-guido-mantega-a-justica-federal-do-df\/"},"modified":"2021-07-28T14:34:16","modified_gmt":"2021-07-28T17:34:16","slug":"stf-2a-turma-remete-delacao-da-odebrecht-sobre-ex-presidente-lula-e-ex-ministro-guido-mantega-a-justica-federal-do-df","status":"publish","type":"post","link":"https:\/\/mhcalculos.com.br\/noticias\/area\/previdenciario\/stf-2a-turma-remete-delacao-da-odebrecht-sobre-ex-presidente-lula-e-ex-ministro-guido-mantega-a-justica-federal-do-df.html","title":{"rendered":"STF: 2\u00aa Turma remete dela\u00e7\u00e3o da Odebrecht sobre ex-presidente Lula e ex-ministro Guido Mantega \u00e0 Justi\u00e7a Federal do DF"},"content":{"rendered":"<p><br \/>\n<\/p>\n<p>A Segunda Turma do Supremo Tribunal Federal (STF), por maioria, decidiu, na tarde desta ter\u00e7a-feira (14), remeter \u00e0 Justi\u00e7a Federal do Distrito Federal c\u00f3pias de termos de depoimentos prestados no \u00e2mbito de acordo de colabora\u00e7\u00e3o premiada celebrado entre o Minist\u00e9rio P\u00fablico Federal (MPF) e o Grupo Odebrecht relativas ao ex-presidente Luiz In\u00e1cio Lula da Silva e ao ex-ministro da Fazenda Guido Mantega. Os ministros deram provimento a agravos regimentais interpostos contra decis\u00e3o do ministro Edson Fachin (relator) na Peti\u00e7\u00e3o (PET) 6664 que havia determinado a remessa \u00e0 Justi\u00e7a Federal do Paran\u00e1.<\/p>\n<p>Os depoimentos constantes da PET 6664 tratam da solicita\u00e7\u00e3o de vantagens indevidas como contrapartida da atua\u00e7\u00e3o de Mantega na aprova\u00e7\u00e3o das Medidas Provis\u00f3rias (MPs) 470\/2009, 472\/2009 e 613\/2013, e de sua intermedia\u00e7\u00e3o em favor da empreiteira para a aquisi\u00e7\u00e3o, pela Previ (Caixa de Previd\u00eancia dos Funcion\u00e1rios do Banco do Brasil), do condom\u00ednio Parque da Cidade, em S\u00e3o Paulo. Ap\u00f3s decidir pela remessa&nbsp;a Curitiba, Fachin acolheu pedido da defesa para alertar a Justi\u00e7a Federal do Paran\u00e1 que fatos relacionados \u00e0 intermedia\u00e7\u00e3o envolvendo a Previ s\u00e3o objeto do Inqu\u00e9rito 4430, em tr\u00e2mite no STF.<\/p>\n<p>No agravo regimental, a defesa de Mantega alegou que os fatos j\u00e1 s\u00e3o objeto de investiga\u00e7\u00e3o no STF (Inqu\u00e9ritos 4430 e 4437) e n\u00e3o poderiam ser alvo de nova apura\u00e7\u00e3o no primeiro grau de jurisdi\u00e7\u00e3o. Subsidiariamente, pediu que os depoimentos fossem encaminhados \u00e0 Justi\u00e7a Federal do DF ou de S\u00e3o Paulo, locais de consuma\u00e7\u00e3o dos supostos delitos. J\u00e1 a defesa do ex-presidente Lula alegou que os fatos narrados pelos colaboradores acerca da rela\u00e7\u00e3o do grupo Odebrecht com integrantes do governo federal n\u00e3o t\u00eam qualquer rela\u00e7\u00e3o com il\u00edcitos perpetrados contra a Petrobras nem com a pr\u00e1tica de supostos delitos no Paran\u00e1.<\/p>\n<p><b>Votos<\/b><\/p>\n<p>Na sess\u00e3o de hoje, o relator votou pelo desprovimento dos agravos regimentais e pela manuten\u00e7\u00e3o de sua decis\u00e3o monocr\u00e1tica. Em rela\u00e7\u00e3o ao primeiro pedido, o ministro lembrou que n\u00e3o h\u00e1 qualquer men\u00e7\u00e3o a fatos envolvendo autoridade com prerrogativa de foro perante o STF. Quanto ao pedido subsidi\u00e1rio, entendeu que a remessa dos depoimentos \u00e0 Justi\u00e7a Federal do Paran\u00e1 foi justificada em raz\u00e3o da aparente conex\u00e3o dos fatos neles narrados com objetos de investiga\u00e7\u00f5es e a\u00e7\u00f5es penais l\u00e1 em tr\u00e2mite. Para o relator, a remessa dos termos de depoimento ao ju\u00edzo da 13&ordf; Vara Federal da Subse\u00e7\u00e3o Judici\u00e1ria de Curitiba n\u00e3o configura qualquer atentado \u00e0s garantias processuais previstas na Constitui\u00e7\u00e3o Federal, &ldquo;seja porque se assemelha ao mero compartilhamento de elementos de informa\u00e7\u00e3o, seja pela ampla possibilidade do exerc\u00edcio do controle e afirma\u00e7\u00e3o do princ\u00edpio do juiz natural perante as inst\u00e2ncias ordin\u00e1rias, caso formalmente deflagrado qualquer procedimento para apura\u00e7\u00e3o dos fatos narrados&rdquo;.<\/p>\n<p>Prevaleceu, no entanto, a diverg\u00eancia aberta pelo ministro Dias Toffoli, que votou pelo provimento dos agravos para determinar a remessa dos depoimentos de dela\u00e7\u00e3o premiada \u00e0 Justi\u00e7a Federal do Distrito Federal. &ldquo;O contexto dos autos demonstra que a narrativa dos colaboradores faz refer\u00eancia a supostos fatos ocorridos em S\u00e3o Paulo e em Bras\u00edlia, que a princ\u00edpio n\u00e3o se relacionam com il\u00edcitos ocorridos no \u00e2mbito da Petrobras, alvo de apura\u00e7\u00e3o na Opera\u00e7\u00e3o Lava-Jato, n\u00e3o se justificando, portanto, a compet\u00eancia do ju\u00edzo de Curitiba&rdquo;, disse Toffoli.<\/p>\n<p>Ele lembrou da conclus\u00e3o da Corte no julgamento dos agravos regimentais nos Inqu\u00e9ritos 4327 e 4483, em dezembro de 2017, quando ficou definido que o n\u00facleo pol\u00edtico deveria ser processado na capital federal. Acompanharam a diverg\u00eancia os ministros Gilmar Mendes e Ricardo Lewandowski.<\/p>\n<p><b>PET 6533<\/b><\/p>\n<p>Tamb\u00e9m por maioria de votos, a Segunda Turma determinou a remessa de c\u00f3pia dos termos de colabora\u00e7\u00e3o premiada do ex-executivo da Odebrecht Fernando Migliaccio da Silva ao Tribunal Regional Eleitoral do Distrito Federal (TRE-DF). Os termos retratam pagamentos de valores n\u00e3o oficiais por parte do grupo para financiamento de campanhas eleitorais realizadas em Angola, na Rep\u00fablica Dominicana, no Panam\u00e1, na Venezuela, em El Salvador e no Brasil, neste caso referente ao pleito de 2014. De acordo com os autos, esses cr\u00e9ditos eram registrados em planilhas denominadas &ldquo;Italiano&rdquo; e &ldquo;P\u00f3s-Italiano&rdquo;, referindo-se aos per\u00edodos em que o controle era exercido por Ant\u00f4nio Palocci Filho e por Guido Mantega, respectivamente.<\/p>\n<p>Para o ministro Dias Toffoli, que liderou a corrente vencedora, o tema tratado nos depoimentos atrai a compet\u00eancia da Justi\u00e7a Eleitoral, como j\u00e1 decidiu a Segunda Turma no julgamento do agravo regimental na PET 6986, quando remeteu os termos de depoimentos de Jo\u00e3o Santana e M\u00f4nica Santana ao Tribunal Regional Eleitoral do DF. O relator, ministro Edson Fachin, ficou vencido.<\/p>\n<p><span style=\"font-size: smaller\">SP\/AD<\/span><\/p>\n<p>Leia mais:<\/p>\n<p>29\/06\/2017 &ndash; <a href=\"http:\/\/portal.stf.jus.br\/noticias\/verNoticiaDetalhe.asp?idConteudo=348277\">Ministro determina remessa de dela\u00e7\u00e3o da Odebrecht sobre Guido Mantega \u00e0 Justi\u00e7a Federal em SP<\/a><\/p>\n<p>10\/04\/2018 &ndash; <a href=\"http:\/\/portal.stf.jus.br\/noticias\/verNoticiaDetalhe.asp?idConteudo=375035\">Depoimentos de Jo\u00e3o Santana e M\u00f4nica Moura sobre campanhas de Dilma Rouseff ser\u00e3o remetidos \u00e0 Justi\u00e7a Eleitoral<\/a><\/p>\n<p>&nbsp;<\/p>\n<p><i>Com informa\u00e7\u00f5es da assessoria de imprensa do STF.<\/i><br \/>\n<br \/><br \/>\n<br \/><a href=\"http:\/\/www.stf.jus.br\/portal\/cms\/verNoticiaDetalhe.asp?idConteudo=386823\">Fonte<\/a><\/p>\n","protected":false},"excerpt":{"rendered":"<p>A Segunda Turma do Supremo Tribunal Federal (STF), por maioria, decidiu, na tarde desta ter\u00e7a-feira (14), remeter \u00e0 Justi\u00e7a Federal do Distrito Federal c\u00f3pias de termos de depoimentos prestados no \u00e2mbito de acordo de colabora\u00e7\u00e3o premiada celebrado entre o Minist\u00e9rio P\u00fablico Federal (MPF) e o Grupo Odebrecht relativas ao ex-presidente Luiz In\u00e1cio Lula da Silva [&hellip;]<\/p>\n","protected":false},"author":3063,"featured_media":2794,"comment_status":"open","ping_status":"open","sticky":false,"template":"","format":"standard","meta":{"footnotes":""},"categories":[5,15],"tags":[11,10,8,13,9,12,16],"class_list":{"0":"post-2793","1":"post","2":"type-post","3":"status-publish","4":"format-standard","5":"has-post-thumbnail","7":"category-previdenciario","8":"category-stf","9":"tag-aposentadoria","10":"tag-calculos-previdenciarios","11":"tag-direito-previdenciario","12":"tag-inss","13":"tag-pericia","14":"tag-perito","15":"tag-stf"},"yoast_head":"<!-- This site is optimized with the Yoast SEO plugin v27.2 - https:\/\/yoast.com\/product\/yoast-seo-wordpress\/ -->\n<title>STF: 2\u00aa Turma remete dela\u00e7\u00e3o da Odebrecht sobre ex-presidente Lula e ex-ministro Guido Mantega \u00e0 Justi\u00e7a Federal do DF | Portal de Not\u00edcias<\/title>\n<meta name=\"robots\" content=\"index, follow, max-snippet:-1, max-image-preview:large, max-video-preview:-1\" \/>\n<link rel=\"canonical\" href=\"https:\/\/mhcalculos.com.br\/noticias\/area\/previdenciario\/stf-2a-turma-remete-delacao-da-odebrecht-sobre-ex-presidente-lula-e-ex-ministro-guido-mantega-a-justica-federal-do-df.html\" \/>\n<meta property=\"og:locale\" content=\"pt_BR\" \/>\n<meta property=\"og:type\" content=\"article\" \/>\n<meta property=\"og:title\" content=\"STF: 2\u00aa Turma remete dela\u00e7\u00e3o da Odebrecht sobre ex-presidente Lula e ex-ministro Guido Mantega \u00e0 Justi\u00e7a Federal do DF | Portal de Not\u00edcias\" \/>\n<meta property=\"og:description\" content=\"A Segunda Turma do Supremo Tribunal Federal (STF), por maioria, decidiu, na tarde desta ter\u00e7a-feira (14), remeter \u00e0 Justi\u00e7a Federal do Distrito Federal c\u00f3pias de termos de depoimentos prestados no \u00e2mbito de acordo de colabora\u00e7\u00e3o premiada celebrado entre o Minist\u00e9rio P\u00fablico Federal (MPF) e o Grupo Odebrecht relativas ao ex-presidente Luiz In\u00e1cio Lula da Silva [&hellip;]\" \/>\n<meta property=\"og:url\" content=\"https:\/\/mhcalculos.com.br\/noticias\/area\/previdenciario\/stf-2a-turma-remete-delacao-da-odebrecht-sobre-ex-presidente-lula-e-ex-ministro-guido-mantega-a-justica-federal-do-df.html\" \/>\n<meta property=\"og:site_name\" content=\"Portal de Not\u00edcias\" \/>\n<meta property=\"article:published_time\" content=\"2018-08-15T07:01:02+00:00\" \/>\n<meta property=\"article:modified_time\" content=\"2021-07-28T17:34:16+00:00\" \/>\n<meta property=\"og:image\" content=\"https:\/\/mhcalculos.com.br\/noticias\/wp-content\/uploads\/sites\/2\/2018\/08\/previdenciario-0018.jpg\" \/>\n\t<meta property=\"og:image:width\" content=\"2000\" \/>\n\t<meta property=\"og:image:height\" content=\"800\" \/>\n\t<meta property=\"og:image:type\" content=\"image\/jpeg\" \/>\n<meta name=\"author\" content=\"Equipe MH\" \/>\n<meta name=\"twitter:card\" content=\"summary_large_image\" \/>\n<meta name=\"twitter:label1\" content=\"Escrito por\" \/>\n\t<meta name=\"twitter:data1\" content=\"Equipe MH\" \/>\n\t<meta name=\"twitter:label2\" content=\"Est. tempo de leitura\" \/>\n\t<meta name=\"twitter:data2\" content=\"4 minutos\" \/>\n<script type=\"application\/ld+json\" class=\"yoast-schema-graph\">{\"@context\":\"https:\/\/schema.org\",\"@graph\":[{\"@type\":\"Article\",\"@id\":\"https:\/\/mhcalculos.com.br\/noticias\/area\/previdenciario\/stf-2a-turma-remete-delacao-da-odebrecht-sobre-ex-presidente-lula-e-ex-ministro-guido-mantega-a-justica-federal-do-df.html#article\",\"isPartOf\":{\"@id\":\"https:\/\/mhcalculos.com.br\/noticias\/area\/previdenciario\/stf-2a-turma-remete-delacao-da-odebrecht-sobre-ex-presidente-lula-e-ex-ministro-guido-mantega-a-justica-federal-do-df.html\"},\"author\":{\"name\":\"Equipe MH\",\"@id\":\"https:\/\/mhcalculos.com.br\/noticias\/#\/schema\/person\/88d1c34bf72dc779ea14a5a6b8e0ae8d\"},\"headline\":\"STF: 2\u00aa Turma remete dela\u00e7\u00e3o da Odebrecht sobre ex-presidente Lula e ex-ministro Guido Mantega \u00e0 Justi\u00e7a Federal do DF\",\"datePublished\":\"2018-08-15T07:01:02+00:00\",\"dateModified\":\"2021-07-28T17:34:16+00:00\",\"mainEntityOfPage\":{\"@id\":\"https:\/\/mhcalculos.com.br\/noticias\/area\/previdenciario\/stf-2a-turma-remete-delacao-da-odebrecht-sobre-ex-presidente-lula-e-ex-ministro-guido-mantega-a-justica-federal-do-df.html\"},\"wordCount\":892,\"commentCount\":0,\"image\":{\"@id\":\"https:\/\/mhcalculos.com.br\/noticias\/area\/previdenciario\/stf-2a-turma-remete-delacao-da-odebrecht-sobre-ex-presidente-lula-e-ex-ministro-guido-mantega-a-justica-federal-do-df.html#primaryimage\"},\"thumbnailUrl\":\"https:\/\/mhcalculos.com.br\/noticias\/wp-content\/uploads\/sites\/2\/2018\/08\/previdenciario-0018.jpg\",\"keywords\":[\"aposentadoria\",\"c\u00e1lculos previdenci\u00e1rios\",\"direito previdenci\u00e1rio\",\"inss\",\"per\u00edcia\",\"perito\",\"stf\"],\"articleSection\":[\"Direito Previdenci\u00e1rio\",\"STF\"],\"inLanguage\":\"pt-BR\",\"potentialAction\":[{\"@type\":\"CommentAction\",\"name\":\"Comment\",\"target\":[\"https:\/\/mhcalculos.com.br\/noticias\/area\/previdenciario\/stf-2a-turma-remete-delacao-da-odebrecht-sobre-ex-presidente-lula-e-ex-ministro-guido-mantega-a-justica-federal-do-df.html#respond\"]}]},{\"@type\":\"WebPage\",\"@id\":\"https:\/\/mhcalculos.com.br\/noticias\/area\/previdenciario\/stf-2a-turma-remete-delacao-da-odebrecht-sobre-ex-presidente-lula-e-ex-ministro-guido-mantega-a-justica-federal-do-df.html\",\"url\":\"https:\/\/mhcalculos.com.br\/noticias\/area\/previdenciario\/stf-2a-turma-remete-delacao-da-odebrecht-sobre-ex-presidente-lula-e-ex-ministro-guido-mantega-a-justica-federal-do-df.html\",\"name\":\"STF: 2\u00aa Turma remete dela\u00e7\u00e3o da Odebrecht sobre ex-presidente Lula e ex-ministro Guido Mantega \u00e0 Justi\u00e7a Federal do DF | Portal de Not\u00edcias\",\"isPartOf\":{\"@id\":\"https:\/\/mhcalculos.com.br\/noticias\/#website\"},\"primaryImageOfPage\":{\"@id\":\"https:\/\/mhcalculos.com.br\/noticias\/area\/previdenciario\/stf-2a-turma-remete-delacao-da-odebrecht-sobre-ex-presidente-lula-e-ex-ministro-guido-mantega-a-justica-federal-do-df.html#primaryimage\"},\"image\":{\"@id\":\"https:\/\/mhcalculos.com.br\/noticias\/area\/previdenciario\/stf-2a-turma-remete-delacao-da-odebrecht-sobre-ex-presidente-lula-e-ex-ministro-guido-mantega-a-justica-federal-do-df.html#primaryimage\"},\"thumbnailUrl\":\"https:\/\/mhcalculos.com.br\/noticias\/wp-content\/uploads\/sites\/2\/2018\/08\/previdenciario-0018.jpg\",\"datePublished\":\"2018-08-15T07:01:02+00:00\",\"dateModified\":\"2021-07-28T17:34:16+00:00\",\"author\":{\"@id\":\"https:\/\/mhcalculos.com.br\/noticias\/#\/schema\/person\/88d1c34bf72dc779ea14a5a6b8e0ae8d\"},\"breadcrumb\":{\"@id\":\"https:\/\/mhcalculos.com.br\/noticias\/area\/previdenciario\/stf-2a-turma-remete-delacao-da-odebrecht-sobre-ex-presidente-lula-e-ex-ministro-guido-mantega-a-justica-federal-do-df.html#breadcrumb\"},\"inLanguage\":\"pt-BR\",\"potentialAction\":[{\"@type\":\"ReadAction\",\"target\":[\"https:\/\/mhcalculos.com.br\/noticias\/area\/previdenciario\/stf-2a-turma-remete-delacao-da-odebrecht-sobre-ex-presidente-lula-e-ex-ministro-guido-mantega-a-justica-federal-do-df.html\"]}]},{\"@type\":\"ImageObject\",\"inLanguage\":\"pt-BR\",\"@id\":\"https:\/\/mhcalculos.com.br\/noticias\/area\/previdenciario\/stf-2a-turma-remete-delacao-da-odebrecht-sobre-ex-presidente-lula-e-ex-ministro-guido-mantega-a-justica-federal-do-df.html#primaryimage\",\"url\":\"https:\/\/mhcalculos.com.br\/noticias\/wp-content\/uploads\/sites\/2\/2018\/08\/previdenciario-0018.jpg\",\"contentUrl\":\"https:\/\/mhcalculos.com.br\/noticias\/wp-content\/uploads\/sites\/2\/2018\/08\/previdenciario-0018.jpg\",\"width\":2000,\"height\":800},{\"@type\":\"BreadcrumbList\",\"@id\":\"https:\/\/mhcalculos.com.br\/noticias\/area\/previdenciario\/stf-2a-turma-remete-delacao-da-odebrecht-sobre-ex-presidente-lula-e-ex-ministro-guido-mantega-a-justica-federal-do-df.html#breadcrumb\",\"itemListElement\":[{\"@type\":\"ListItem\",\"position\":1,\"name\":\"In\u00edcio\",\"item\":\"https:\/\/mhcalculos.com.br\/noticias\/\"},{\"@type\":\"ListItem\",\"position\":2,\"name\":\"STF: 2\u00aa Turma remete dela\u00e7\u00e3o da Odebrecht sobre ex-presidente Lula e ex-ministro Guido Mantega \u00e0 Justi\u00e7a Federal do DF\"}]},{\"@type\":\"WebSite\",\"@id\":\"https:\/\/mhcalculos.com.br\/noticias\/#website\",\"url\":\"https:\/\/mhcalculos.com.br\/noticias\/\",\"name\":\"Portal de Not\u00edcias\",\"description\":\"Not\u00edcias e Jurisprud\u00eancia\",\"potentialAction\":[{\"@type\":\"SearchAction\",\"target\":{\"@type\":\"EntryPoint\",\"urlTemplate\":\"https:\/\/mhcalculos.com.br\/noticias\/?s={search_term_string}\"},\"query-input\":{\"@type\":\"PropertyValueSpecification\",\"valueRequired\":true,\"valueName\":\"search_term_string\"}}],\"inLanguage\":\"pt-BR\"},{\"@type\":\"Person\",\"@id\":\"https:\/\/mhcalculos.com.br\/noticias\/#\/schema\/person\/88d1c34bf72dc779ea14a5a6b8e0ae8d\",\"name\":\"Equipe MH\",\"image\":{\"@type\":\"ImageObject\",\"inLanguage\":\"pt-BR\",\"@id\":\"https:\/\/secure.gravatar.com\/avatar\/de1c686c2ecc9c5a3f327e3431d819eb39f8f05d4e1045f5a1caad6daaba987f?s=96&d=mm&r=g\",\"url\":\"https:\/\/secure.gravatar.com\/avatar\/de1c686c2ecc9c5a3f327e3431d819eb39f8f05d4e1045f5a1caad6daaba987f?s=96&d=mm&r=g\",\"contentUrl\":\"https:\/\/secure.gravatar.com\/avatar\/de1c686c2ecc9c5a3f327e3431d819eb39f8f05d4e1045f5a1caad6daaba987f?s=96&d=mm&r=g\",\"caption\":\"Equipe MH\"}}]}<\/script>\n<!-- \/ Yoast SEO plugin. -->","yoast_head_json":{"title":"STF: 2\u00aa Turma remete dela\u00e7\u00e3o da Odebrecht sobre ex-presidente Lula e ex-ministro Guido Mantega \u00e0 Justi\u00e7a Federal do DF | Portal de Not\u00edcias","robots":{"index":"index","follow":"follow","max-snippet":"max-snippet:-1","max-image-preview":"max-image-preview:large","max-video-preview":"max-video-preview:-1"},"canonical":"https:\/\/mhcalculos.com.br\/noticias\/area\/previdenciario\/stf-2a-turma-remete-delacao-da-odebrecht-sobre-ex-presidente-lula-e-ex-ministro-guido-mantega-a-justica-federal-do-df.html","og_locale":"pt_BR","og_type":"article","og_title":"STF: 2\u00aa Turma remete dela\u00e7\u00e3o da Odebrecht sobre ex-presidente Lula e ex-ministro Guido Mantega \u00e0 Justi\u00e7a Federal do DF | Portal de Not\u00edcias","og_description":"A Segunda Turma do Supremo Tribunal Federal (STF), por maioria, decidiu, na tarde desta ter\u00e7a-feira (14), remeter \u00e0 Justi\u00e7a Federal do Distrito Federal c\u00f3pias de termos de depoimentos prestados no \u00e2mbito de acordo de colabora\u00e7\u00e3o premiada celebrado entre o Minist\u00e9rio P\u00fablico Federal (MPF) e o Grupo Odebrecht relativas ao ex-presidente Luiz In\u00e1cio Lula da Silva [&hellip;]","og_url":"https:\/\/mhcalculos.com.br\/noticias\/area\/previdenciario\/stf-2a-turma-remete-delacao-da-odebrecht-sobre-ex-presidente-lula-e-ex-ministro-guido-mantega-a-justica-federal-do-df.html","og_site_name":"Portal de Not\u00edcias","article_published_time":"2018-08-15T07:01:02+00:00","article_modified_time":"2021-07-28T17:34:16+00:00","og_image":[{"width":2000,"height":800,"url":"https:\/\/mhcalculos.com.br\/noticias\/wp-content\/uploads\/sites\/2\/2018\/08\/previdenciario-0018.jpg","type":"image\/jpeg"}],"author":"Equipe MH","twitter_card":"summary_large_image","twitter_misc":{"Escrito por":"Equipe MH","Est. tempo de leitura":"4 minutos"},"schema":{"@context":"https:\/\/schema.org","@graph":[{"@type":"Article","@id":"https:\/\/mhcalculos.com.br\/noticias\/area\/previdenciario\/stf-2a-turma-remete-delacao-da-odebrecht-sobre-ex-presidente-lula-e-ex-ministro-guido-mantega-a-justica-federal-do-df.html#article","isPartOf":{"@id":"https:\/\/mhcalculos.com.br\/noticias\/area\/previdenciario\/stf-2a-turma-remete-delacao-da-odebrecht-sobre-ex-presidente-lula-e-ex-ministro-guido-mantega-a-justica-federal-do-df.html"},"author":{"name":"Equipe MH","@id":"https:\/\/mhcalculos.com.br\/noticias\/#\/schema\/person\/88d1c34bf72dc779ea14a5a6b8e0ae8d"},"headline":"STF: 2\u00aa Turma remete dela\u00e7\u00e3o da Odebrecht sobre ex-presidente Lula e ex-ministro Guido Mantega \u00e0 Justi\u00e7a Federal do DF","datePublished":"2018-08-15T07:01:02+00:00","dateModified":"2021-07-28T17:34:16+00:00","mainEntityOfPage":{"@id":"https:\/\/mhcalculos.com.br\/noticias\/area\/previdenciario\/stf-2a-turma-remete-delacao-da-odebrecht-sobre-ex-presidente-lula-e-ex-ministro-guido-mantega-a-justica-federal-do-df.html"},"wordCount":892,"commentCount":0,"image":{"@id":"https:\/\/mhcalculos.com.br\/noticias\/area\/previdenciario\/stf-2a-turma-remete-delacao-da-odebrecht-sobre-ex-presidente-lula-e-ex-ministro-guido-mantega-a-justica-federal-do-df.html#primaryimage"},"thumbnailUrl":"https:\/\/mhcalculos.com.br\/noticias\/wp-content\/uploads\/sites\/2\/2018\/08\/previdenciario-0018.jpg","keywords":["aposentadoria","c\u00e1lculos previdenci\u00e1rios","direito previdenci\u00e1rio","inss","per\u00edcia","perito","stf"],"articleSection":["Direito Previdenci\u00e1rio","STF"],"inLanguage":"pt-BR","potentialAction":[{"@type":"CommentAction","name":"Comment","target":["https:\/\/mhcalculos.com.br\/noticias\/area\/previdenciario\/stf-2a-turma-remete-delacao-da-odebrecht-sobre-ex-presidente-lula-e-ex-ministro-guido-mantega-a-justica-federal-do-df.html#respond"]}]},{"@type":"WebPage","@id":"https:\/\/mhcalculos.com.br\/noticias\/area\/previdenciario\/stf-2a-turma-remete-delacao-da-odebrecht-sobre-ex-presidente-lula-e-ex-ministro-guido-mantega-a-justica-federal-do-df.html","url":"https:\/\/mhcalculos.com.br\/noticias\/area\/previdenciario\/stf-2a-turma-remete-delacao-da-odebrecht-sobre-ex-presidente-lula-e-ex-ministro-guido-mantega-a-justica-federal-do-df.html","name":"STF: 2\u00aa Turma remete dela\u00e7\u00e3o da Odebrecht sobre ex-presidente Lula e ex-ministro Guido Mantega \u00e0 Justi\u00e7a Federal do DF | Portal de Not\u00edcias","isPartOf":{"@id":"https:\/\/mhcalculos.com.br\/noticias\/#website"},"primaryImageOfPage":{"@id":"https:\/\/mhcalculos.com.br\/noticias\/area\/previdenciario\/stf-2a-turma-remete-delacao-da-odebrecht-sobre-ex-presidente-lula-e-ex-ministro-guido-mantega-a-justica-federal-do-df.html#primaryimage"},"image":{"@id":"https:\/\/mhcalculos.com.br\/noticias\/area\/previdenciario\/stf-2a-turma-remete-delacao-da-odebrecht-sobre-ex-presidente-lula-e-ex-ministro-guido-mantega-a-justica-federal-do-df.html#primaryimage"},"thumbnailUrl":"https:\/\/mhcalculos.com.br\/noticias\/wp-content\/uploads\/sites\/2\/2018\/08\/previdenciario-0018.jpg","datePublished":"2018-08-15T07:01:02+00:00","dateModified":"2021-07-28T17:34:16+00:00","author":{"@id":"https:\/\/mhcalculos.com.br\/noticias\/#\/schema\/person\/88d1c34bf72dc779ea14a5a6b8e0ae8d"},"breadcrumb":{"@id":"https:\/\/mhcalculos.com.br\/noticias\/area\/previdenciario\/stf-2a-turma-remete-delacao-da-odebrecht-sobre-ex-presidente-lula-e-ex-ministro-guido-mantega-a-justica-federal-do-df.html#breadcrumb"},"inLanguage":"pt-BR","potentialAction":[{"@type":"ReadAction","target":["https:\/\/mhcalculos.com.br\/noticias\/area\/previdenciario\/stf-2a-turma-remete-delacao-da-odebrecht-sobre-ex-presidente-lula-e-ex-ministro-guido-mantega-a-justica-federal-do-df.html"]}]},{"@type":"ImageObject","inLanguage":"pt-BR","@id":"https:\/\/mhcalculos.com.br\/noticias\/area\/previdenciario\/stf-2a-turma-remete-delacao-da-odebrecht-sobre-ex-presidente-lula-e-ex-ministro-guido-mantega-a-justica-federal-do-df.html#primaryimage","url":"https:\/\/mhcalculos.com.br\/noticias\/wp-content\/uploads\/sites\/2\/2018\/08\/previdenciario-0018.jpg","contentUrl":"https:\/\/mhcalculos.com.br\/noticias\/wp-content\/uploads\/sites\/2\/2018\/08\/previdenciario-0018.jpg","width":2000,"height":800},{"@type":"BreadcrumbList","@id":"https:\/\/mhcalculos.com.br\/noticias\/area\/previdenciario\/stf-2a-turma-remete-delacao-da-odebrecht-sobre-ex-presidente-lula-e-ex-ministro-guido-mantega-a-justica-federal-do-df.html#breadcrumb","itemListElement":[{"@type":"ListItem","position":1,"name":"In\u00edcio","item":"https:\/\/mhcalculos.com.br\/noticias\/"},{"@type":"ListItem","position":2,"name":"STF: 2\u00aa Turma remete dela\u00e7\u00e3o da Odebrecht sobre ex-presidente Lula e ex-ministro Guido Mantega \u00e0 Justi\u00e7a Federal do DF"}]},{"@type":"WebSite","@id":"https:\/\/mhcalculos.com.br\/noticias\/#website","url":"https:\/\/mhcalculos.com.br\/noticias\/","name":"Portal de Not\u00edcias","description":"Not\u00edcias e Jurisprud\u00eancia","potentialAction":[{"@type":"SearchAction","target":{"@type":"EntryPoint","urlTemplate":"https:\/\/mhcalculos.com.br\/noticias\/?s={search_term_string}"},"query-input":{"@type":"PropertyValueSpecification","valueRequired":true,"valueName":"search_term_string"}}],"inLanguage":"pt-BR"},{"@type":"Person","@id":"https:\/\/mhcalculos.com.br\/noticias\/#\/schema\/person\/88d1c34bf72dc779ea14a5a6b8e0ae8d","name":"Equipe MH","image":{"@type":"ImageObject","inLanguage":"pt-BR","@id":"https:\/\/secure.gravatar.com\/avatar\/de1c686c2ecc9c5a3f327e3431d819eb39f8f05d4e1045f5a1caad6daaba987f?s=96&d=mm&r=g","url":"https:\/\/secure.gravatar.com\/avatar\/de1c686c2ecc9c5a3f327e3431d819eb39f8f05d4e1045f5a1caad6daaba987f?s=96&d=mm&r=g","contentUrl":"https:\/\/secure.gravatar.com\/avatar\/de1c686c2ecc9c5a3f327e3431d819eb39f8f05d4e1045f5a1caad6daaba987f?s=96&d=mm&r=g","caption":"Equipe MH"}}]}},"_links":{"self":[{"href":"https:\/\/mhcalculos.com.br\/noticias\/wp-json\/wp\/v2\/posts\/2793","targetHints":{"allow":["GET"]}}],"collection":[{"href":"https:\/\/mhcalculos.com.br\/noticias\/wp-json\/wp\/v2\/posts"}],"about":[{"href":"https:\/\/mhcalculos.com.br\/noticias\/wp-json\/wp\/v2\/types\/post"}],"author":[{"embeddable":true,"href":"https:\/\/mhcalculos.com.br\/noticias\/wp-json\/wp\/v2\/users\/3063"}],"replies":[{"embeddable":true,"href":"https:\/\/mhcalculos.com.br\/noticias\/wp-json\/wp\/v2\/comments?post=2793"}],"version-history":[{"count":1,"href":"https:\/\/mhcalculos.com.br\/noticias\/wp-json\/wp\/v2\/posts\/2793\/revisions"}],"predecessor-version":[{"id":10273,"href":"https:\/\/mhcalculos.com.br\/noticias\/wp-json\/wp\/v2\/posts\/2793\/revisions\/10273"}],"wp:featuredmedia":[{"embeddable":true,"href":"https:\/\/mhcalculos.com.br\/noticias\/wp-json\/wp\/v2\/media\/2794"}],"wp:attachment":[{"href":"https:\/\/mhcalculos.com.br\/noticias\/wp-json\/wp\/v2\/media?parent=2793"}],"wp:term":[{"taxonomy":"category","embeddable":true,"href":"https:\/\/mhcalculos.com.br\/noticias\/wp-json\/wp\/v2\/categories?post=2793"},{"taxonomy":"post_tag","embeddable":true,"href":"https:\/\/mhcalculos.com.br\/noticias\/wp-json\/wp\/v2\/tags?post=2793"}],"curies":[{"name":"wp","href":"https:\/\/api.w.org\/{rel}","templated":true}]}}