{"id":2789,"date":"2018-08-14T15:00:18","date_gmt":"2018-08-14T18:00:18","guid":{"rendered":"https:\/\/mhcalculos.com.br\/noticias\/2018\/08\/14\/trf3-visao-sistemica-pode-contribuir-para-minorar-problemas-dentro-do-judiciario\/"},"modified":"2021-07-28T14:34:16","modified_gmt":"2021-07-28T17:34:16","slug":"trf3-visao-sistemica-pode-contribuir-para-minorar-problemas-dentro-do-judiciario","status":"publish","type":"post","link":"https:\/\/mhcalculos.com.br\/noticias\/area\/previdenciario\/trf3-visao-sistemica-pode-contribuir-para-minorar-problemas-dentro-do-judiciario.html","title":{"rendered":"TRF3: VIS\u00c3O SIST\u00caMICA PODE CONTRIBUIR PARA MINORAR PROBLEMAS DENTRO DO JUDICI\u00c1RIO"},"content":{"rendered":"\n<div class=\"mat\">\n<p><em>Tema foi tratado durante curso \u201cNo\u00e7\u00f5es introdut\u00f3rias sobre Justi\u00e7a Sist\u00eamica e Direito Sist\u00eamico\u201d, nos dias 6 e 7 de agosto, em S\u00e3o Paulo<\/em><\/p>\n<p>O curso \u201cNo\u00e7\u00f5es introdut\u00f3rias sobre Justi\u00e7a Sist\u00eamica e Direito Sist\u00eamico\u201d, realizado nos dias 6 e 7 de agosto, na Escola de Magistrados da Justi\u00e7a Federal da 3\u00aa Regi\u00e3o (Emag), tratou de alguns princ\u00edpios que formam a filosofia sist\u00eamica. Com aulas expositivas e exerc\u00edcios pr\u00e1ticos, foram apresentados, entre outros, os conceitos de pertencimento, hierarquia e equil\u00edbrio, leis naturais da sobreviv\u00eancia, que podem ser aplicadas nas fam\u00edlias, escolas, empresas, a fim de estabelecer harmonia nas rela\u00e7\u00f5es e fazer os objetivos flu\u00edrem.<\/p>\n<p>  Boa parte dos conflitos nas agremia\u00e7\u00f5es humanas aparece toda vez em que essas leis ou princ\u00edpios s\u00e3o desrespeitados, quando cada um se equivoca sobre a posi\u00e7\u00e3o que ocupa dentro de um sistema, seja ele qual for, sempre que algu\u00e9m n\u00e3o reconhece que pertence ao grupo no qual est\u00e1 atuando, ou quando o dar e o receber se tornam d\u00edspares, comprometendo o equil\u00edbrio do conjunto. <\/p>\n<p>  O professor D\u00e9cio F\u00e1bio de Oliveira J\u00fanior, m\u00e9dico respons\u00e1vel por introduzir as no\u00e7\u00f5es b\u00e1sicas sobre justi\u00e7a sist\u00eamica, abriu o curso. Explicou que n\u00e3o conseguia lidar com seu filho de tr\u00eas anos e descobriu o motivo ao entrar em contato com a filosofia sist\u00eamica. Analisando seu pr\u00f3prio sistema familiar, por meio de uma t\u00e9cnica denominada constela\u00e7\u00e3o familiar, percebeu que ele mesmo, em diversas ocasi\u00f5es, n\u00e3o conseguia respeitar seu pr\u00f3prio pai. A partir do momento em que decidiu rever a figura do pai, tornando-se disposto a se reconciliar com ele, os problemas com o filho pequeno desapareceram. O palestrante se deu conta de que estava violando o princ\u00edpio da hierarquia, isto \u00e9, condenando a figura do pai, em lugar de respeitar a sua hist\u00f3ria, que o precedia no sistema familiar. <\/p>\n<p>  O especialista explicou que, como seres humanos, temos uma vantagem competitiva: a possibilidade de coes\u00e3o, de coopera\u00e7\u00e3o de alt\u00edssimo n\u00edvel. Para as sociedades primitivas, tal trunfo era uma quest\u00e3o de vida ou de morte. Sem a coes\u00e3o grupal, n\u00e3o era poss\u00edvel sobreviver. De acordo com a filosofia sist\u00eamica, esse ainda \u00e9 um comportamento instintivo do ser humano. Est\u00e1 relacionado com pertencimento, ou seja, o senso de fazer parte de um grupo. <\/p>\n<p>  O segundo fundamento \u00e9 o da hierarquia, por\u00e9m n\u00e3o num sentido autorit\u00e1rio do termo, mas como uma alian\u00e7a que garante a\u00e7\u00e3o coordenada, em que existe uma lideran\u00e7a clara. Nas sociedades primitivas, o mais antigo era o chefe porque conhecia variadas estrat\u00e9gias de sobreviv\u00eancia. Quando algu\u00e9m questionava a lideran\u00e7a do mais velho, amea\u00e7ava a vida do grupo. <\/p>\n<p>  O terceiro princ\u00edpio diz respeito ao m\u00e9rito. As pessoas n\u00e3o colocam o melhor de si em prol do grupo se a melhor recompensa n\u00e3o for para quem investiu mais. Trata-se do equil\u00edbrio entre o dar e o receber.<\/p>\n<p>  Esses tr\u00eas princ\u00edpios comp\u00f5em, na vis\u00e3o sist\u00eamica, uma \u201clei natural\u201d, baseada na ancestralidade, que atua sobre todos n\u00f3s de maneira instintiva. Cada indiv\u00edduo vai agir no mundo externo de acordo com as regras que aprendeu em seu sistema familiar. Nesse ponto reside o risco de avaliar algu\u00e9m que vem de um sistema familiar diferente. Nossos pensamentos est\u00e3o em conex\u00e3o com nossas ra\u00edzes sist\u00eamicas, com a matriz de relacionamento de nosso sistema familiar. \u00c9 muito comum nos comportarmos repetindo padr\u00f5es de maneira inconsciente. Conv\u00e9m estarmos atentos, pois fazer algo inconscientemente n\u00e3o nos poupa das consequ\u00eancias negativas de nossos atos.<\/p>\n<p>  Mesmo o comportamento negativo de uma pessoa, como por exemplo uma agress\u00e3o, pode acontecer por ela estar validando a conex\u00e3o amorosa com seu pr\u00f3prio sistema familiar. \u201cDif\u00edcil \u00e9 sentenciar sem julgar moralmente uma pessoa\u201d, declarou o professor. Ele afirma que o objetivo da filosofia sist\u00eamica \u00e9 ajudar algu\u00e9m a encontrar uma postura que resolva o conflito.<\/p>\n<p>  A t\u00edtulo de ilustra\u00e7\u00e3o ele relatou um caso em que uma pessoa bateu \u00e0s portas da Justi\u00e7a do Trabalho como empregado e, mesmo comprovadamente j\u00e1 tendo recebido as verbas indenizat\u00f3rias pela demiss\u00e3o que sofreu, insistia em exigir \u201cseus direitos\u201d. Diante daquela situa\u00e7\u00e3o, a ju\u00edza encarregada do caso sugeriu em audi\u00eancia que a empresa publicasse uma nota em um jornal local dizendo qu\u00e3o bons haviam sido os servi\u00e7os do empregado durante o tempo em que foi funcion\u00e1rio da empresa reclamada. S\u00f3 assim ele se sentiu reparado e aceitou o desfecho da causa, ou seja, o empregado procurou o Judici\u00e1rio para tentar compensar-se materialmente de uma perda emocional, do sentimento de desvaloriza\u00e7\u00e3o que experimentou ao perder o emprego. E a ju\u00edza, dotada de um olhar sist\u00eamico, p\u00f4de colocar fim a uma contenda que de outra forma poderia levar anos movimentando a m\u00e1quina judici\u00e1ria. <\/p>\n<p>  No segundo dia de curso, Marcos Ant\u00f4nio Ferreira de Castro, analista judici\u00e1rio que trabalha no Juizado Especial Federal de Botucatu, p\u00f3s-graduado em Direito Sist\u00eamico, relatou como Bert Hellinger, elaborador das leis sist\u00eamicas e da constela\u00e7\u00e3o familiar, tamb\u00e9m conhecida como escultura familiar, desenvolveu os princ\u00edpios sist\u00eamicos. Hellinger foi mission\u00e1rio na \u00c1frica do Sul, durante o per\u00edodo do apartheid, \u00e9poca em que teve oportunidade de observar as din\u00e2micas dos Zulus, em cuja estrutura familiar existiam muitas repeti\u00e7\u00f5es de comportamento. Ainda jovem, Hellinger fazia parte de uma organiza\u00e7\u00e3o cat\u00f3lica que n\u00e3o estava alinhada com o nacional-socialismo, raz\u00e3o porque havia sido declarado pelos nazistas como potencial inimigo do povo. Ao longo de sua vida, no entanto, foi indicado ao Nobel da Paz por sua atua\u00e7\u00e3o com a constela\u00e7\u00e3o familiar. <\/p>\n<p>  O palestrante falou sobre as possibilidades de aplica\u00e7\u00e3o da filosofia sist\u00eamica na vida familiar, com demonstra\u00e7\u00f5es pr\u00e1ticas, para que os participantes do curso pudessem vivenciar como ela funciona, inclusive com exemplos e simula\u00e7\u00f5es dentro da Justi\u00e7a Federal. Relatou que no JEF \u2013Botucatu at\u00e9 a disposi\u00e7\u00e3o das mesas dos funcion\u00e1rios, respeitando-se a ordem de chegada no local de trabalho, influiu positivamente na conduta individual de cada um e no relacionamento grupal. Ele frisou que a ordem de chegada n\u00e3o est\u00e1 diretamente relacionada \u00e0 compet\u00eancia de um servidor, mas sim com o princ\u00edpio da hierarquia dentro do grupo de trabalho, que tamb\u00e9m \u00e9 um sistema, garantindo uma a\u00e7\u00e3o mais bem coordenada. <\/p>\n<p>  Marcos Ferreira forneceu ainda um exemplo de aplica\u00e7\u00e3o eficaz dos princ\u00edpios sist\u00eamicos. Relatou o caso de uma segurada do INSS, que pleiteava um benef\u00edcio em virtude de uma doen\u00e7a. Ela estava sofrendo de depress\u00e3o pela morte da m\u00e3e. Sem \u00e2nimo para fazer mais nada, ela havia deixado de exercer at\u00e9 a sua fun\u00e7\u00e3o profissional, que era a de fazer bolos. A segurada compareceu \u00e0 audi\u00eancia acompanhada de sua filha e foi submetida, por algu\u00e9m que conhecia a vis\u00e3o sist\u00eamica, a um exerc\u00edcio de olhar nos olhos da filha e dizer \u201ceu fico [na vida]\u201d. Seu processo ainda est\u00e1 aberto, seu benef\u00edcio ainda n\u00e3o foi concedido, mas, depois daquele momento, chegou ao JEF a not\u00edcia de que ela melhorou muito da depress\u00e3o e tinha inclusive retomado o trabalho. <\/p>\n<p>  O palestrante observou que \u201cestamos o tempo todo trabalhando com a vida no Poder Judici\u00e1rio\u201d. Em sua experi\u00eancia como aplicador das t\u00e9cnicas sist\u00eamicas e servidor do Judici\u00e1rio, assinalou que no \u00e2mbito da justi\u00e7a estadual, pelos relatos do Juiz de Direito Sami Storch, quando pessoas participavam de workshops de constela\u00e7\u00e3o familiar antes de serem submetidas \u00e0 concilia\u00e7\u00e3o, os \u00edndices de acordo entre autor e r\u00e9u aumentavam, tendo chegado, em alguns momentos, a 100%.<\/p>\n<p>  A ju\u00edza federal Monique Marchioli Leite, Coordenadora das Turmas Recursais de Mato Grosso do Sul, presidente da Associa\u00e7\u00e3o dos Ju\u00edzes Federais de Mato Grosso do Sul (AJUFEMS) e tamb\u00e9m diretora de Prerrogativas da Associa\u00e7\u00e3o dos Ju\u00edzes Federais do Brasil (AJUFE), formada na filosofia sist\u00eamica, tamb\u00e9m aplicou viv\u00eancias aos participantes do curso para demonstrar os princ\u00edpios. <\/p>\n<p>  Ap\u00f3s um exerc\u00edcio pr\u00e1tico, os participantes puderam constatar que os conflitos acontecem e a carga se torna mais pesada quando estamos fora do nosso lugar no sistema. Isso \u00e9 comum em diversas institui\u00e7\u00f5es, inclusive no Poder Judici\u00e1rio. Muitas vezes, o juiz quer fazer o papel de promotor ou de advogado da parte, assim como diretores e subordinados de vez em quando trocam de papel, inconscientemente.<\/p>\n<p>  \u201cComo \u00e9 poss\u00edvel a um chefe administrar sendo mais novo?\u201d, indagou a magistrada, para exemplificar. A pr\u00f3pria filosofia sist\u00eamica aponta o caminho: \u201cHonrar os administradores que vieram antes, pedir a coopera\u00e7\u00e3o dos colegas, prestigiar, entre os funcion\u00e1rios, quem veio primeiro\u201d. Isso porque aquele que veio antes acumulou experi\u00eancias e estrat\u00e9gias que podem ser compartilhadas com os mais novos no intuito de garantir a sobreviv\u00eancia do grupo. Trata-se de princ\u00edpios incorporados inclusive \u00e0 nossa Constitui\u00e7\u00e3o Federal: respeito \u00e0 antiguidade, no caso de promo\u00e7\u00e3o, por exemplo. <\/p>\n<p>  Como trazer os princ\u00edpios sist\u00eamicos para o cotidiano da Justi\u00e7a? \u201c\u00c9 importante superar a vis\u00e3o individual e mudar o olhar para uma forma sist\u00eamica\u201d, sugere a magistrada.<\/p>\n<p>  Para ilustrar o que seria adotar essa postura, ela relatou um caso jurisdicional em que foi poss\u00edvel solucionar a quest\u00e3o pelos princ\u00edpios sist\u00eamicos. Era uma a\u00e7\u00e3o em que os Correios tinham contrato com uma empresa para presta\u00e7\u00e3o do servi\u00e7o de mala direta. Em certo m\u00eas, os Correios deixaram de prestar o servi\u00e7o e a empresa deixou de pag\u00e1-los por isso. A Empresa Brasileira de Correios e Tel\u00e9grafos (ECT) entrou, ent\u00e3o, com uma a\u00e7\u00e3o na Justi\u00e7a Federal cobrando a sua remunera\u00e7\u00e3o, alegando que o contrato permitia a ela ser remunerada mesmo que deixasse de prestar o servi\u00e7o. A ju\u00edza percebeu a\u00ed um desequil\u00edbrio entre o dar e o receber, violando um dos princ\u00edpios das leis sist\u00eamicas. No entanto, procurou no ordenamento jur\u00eddico um princ\u00edpio que pudesse embasar legalmente a sua decis\u00e3o. A magistrada encontrou o princ\u00edpio do enriquecimento sem causa, um il\u00edcito civil, pois n\u00e3o seria justo algu\u00e9m receber por um servi\u00e7o que n\u00e3o prestou. Assim, deu-se um desfecho \u00e0 causa, em conformidade com uma vis\u00e3o sist\u00eamica.<\/p>\n<p>  Por fim, a Dra Monique Marchioli Leite convidou os participantes a um exerc\u00edcio sist\u00eamico para que todos, representando os cidad\u00e3os, dissessem, o que sentiam em rela\u00e7\u00e3o ao Poder Judici\u00e1rio. Os representantes dos cidad\u00e3os foram quase que un\u00e2nimes em expressar sentimentos e sensa\u00e7\u00f5es negativas \u00e0 institui\u00e7\u00e3o. O participante que representava o Poder Judici\u00e1rio ao ouvir as manifesta\u00e7\u00f5es relatou ter se sentido muito cobrado e desacreditado quando ouvia os participantes que representavam a sociedade. No segundo momento do exerc\u00edcio, os representantes dos cidad\u00e3os foram convidados a concordarem com Poder Judici\u00e1rio do jeito que ele \u00e9, sem julgamento. Nesse momento, o representante do Poder Judici\u00e1rio sentiu-se fortalecido e com mais disposi\u00e7\u00e3o para agir. O exerc\u00edcio deixou claro que a nossa postura frente ao Poder Judici\u00e1rio e \u00e0s nossas rela\u00e7\u00f5es no ambiente de trabalho, de agir sem julgamento, geram efeitos que influenciam diretamente no resultado de nosso trabalho. Isso porque, o Poder Judici\u00e1rio \u00e9 um sistema do qual todos fazemos parte \u2013 pertencimento. Logo, de alguma maneira, somos todos respons\u00e1veis pelo que ele \u00e9. <\/p>\n<p>  Escola de Magistrados da Justi\u00e7a Federal da 3\u00aa Regi\u00e3o (Emag)<\/p>\n<p>\u00a0<\/p>\n<\/p><\/div>\n<p><i>Com informa\u00e7\u00f5es da assessoria de imprensa do TRF3.<\/i><br \/>\n<br \/><a href=\"http:\/\/web.trf3.jus.br\/noticias\/Noticias\/Noticia\/Exibir\/371776\">Fonte<\/a><br \/>\n<br \/><\/p>\n","protected":false},"excerpt":{"rendered":"<p>Tema foi tratado durante curso \u201cNo\u00e7\u00f5es introdut\u00f3rias sobre Justi\u00e7a Sist\u00eamica e Direito Sist\u00eamico\u201d, nos dias 6 e 7 de agosto, em S\u00e3o Paulo O curso \u201cNo\u00e7\u00f5es introdut\u00f3rias sobre Justi\u00e7a Sist\u00eamica e Direito Sist\u00eamico\u201d, realizado nos dias 6 e 7 de agosto, na Escola de Magistrados da Justi\u00e7a Federal da 3\u00aa Regi\u00e3o (Emag), tratou de alguns [&hellip;]<\/p>\n","protected":false},"author":3063,"featured_media":1637,"comment_status":"open","ping_status":"open","sticky":false,"template":"","format":"standard","meta":{"footnotes":""},"categories":[5,110],"tags":[11,10,8,13,9,12,152],"class_list":{"0":"post-2789","1":"post","2":"type-post","3":"status-publish","4":"format-standard","5":"has-post-thumbnail","7":"category-previdenciario","8":"category-trf3","9":"tag-aposentadoria","10":"tag-calculos-previdenciarios","11":"tag-direito-previdenciario","12":"tag-inss","13":"tag-pericia","14":"tag-perito","15":"tag-trf3"},"yoast_head":"<!-- This site is optimized with the Yoast SEO plugin v27.2 - https:\/\/yoast.com\/product\/yoast-seo-wordpress\/ -->\n<title>TRF3: VIS\u00c3O SIST\u00caMICA PODE CONTRIBUIR PARA MINORAR PROBLEMAS DENTRO DO JUDICI\u00c1RIO | Portal de Not\u00edcias<\/title>\n<meta name=\"robots\" content=\"index, follow, max-snippet:-1, max-image-preview:large, max-video-preview:-1\" \/>\n<link rel=\"canonical\" href=\"https:\/\/mhcalculos.com.br\/noticias\/area\/previdenciario\/trf3-visao-sistemica-pode-contribuir-para-minorar-problemas-dentro-do-judiciario.html\" \/>\n<meta property=\"og:locale\" content=\"pt_BR\" \/>\n<meta property=\"og:type\" content=\"article\" \/>\n<meta property=\"og:title\" content=\"TRF3: VIS\u00c3O SIST\u00caMICA PODE CONTRIBUIR PARA MINORAR PROBLEMAS DENTRO DO JUDICI\u00c1RIO | Portal de Not\u00edcias\" \/>\n<meta property=\"og:description\" content=\"Tema foi tratado durante curso \u201cNo\u00e7\u00f5es introdut\u00f3rias sobre Justi\u00e7a Sist\u00eamica e Direito Sist\u00eamico\u201d, nos dias 6 e 7 de agosto, em S\u00e3o Paulo O curso \u201cNo\u00e7\u00f5es introdut\u00f3rias sobre Justi\u00e7a Sist\u00eamica e Direito Sist\u00eamico\u201d, realizado nos dias 6 e 7 de agosto, na Escola de Magistrados da Justi\u00e7a Federal da 3\u00aa Regi\u00e3o (Emag), tratou de alguns [&hellip;]\" \/>\n<meta property=\"og:url\" content=\"https:\/\/mhcalculos.com.br\/noticias\/area\/previdenciario\/trf3-visao-sistemica-pode-contribuir-para-minorar-problemas-dentro-do-judiciario.html\" \/>\n<meta property=\"og:site_name\" content=\"Portal de Not\u00edcias\" \/>\n<meta property=\"article:published_time\" content=\"2018-08-14T18:00:18+00:00\" \/>\n<meta property=\"article:modified_time\" content=\"2021-07-28T17:34:16+00:00\" \/>\n<meta property=\"og:image\" content=\"https:\/\/mhcalculos.com.br\/noticias\/wp-content\/uploads\/sites\/2\/2018\/06\/judiciario-0022.jpg\" \/>\n\t<meta property=\"og:image:width\" content=\"2000\" \/>\n\t<meta property=\"og:image:height\" content=\"800\" \/>\n\t<meta property=\"og:image:type\" content=\"image\/jpeg\" \/>\n<meta name=\"author\" content=\"Equipe MH\" \/>\n<meta name=\"twitter:card\" content=\"summary_large_image\" \/>\n<meta name=\"twitter:label1\" content=\"Escrito por\" \/>\n\t<meta name=\"twitter:data1\" content=\"Equipe MH\" \/>\n\t<meta name=\"twitter:label2\" content=\"Est. tempo de leitura\" \/>\n\t<meta name=\"twitter:data2\" content=\"10 minutos\" \/>\n<script type=\"application\/ld+json\" class=\"yoast-schema-graph\">{\"@context\":\"https:\/\/schema.org\",\"@graph\":[{\"@type\":\"Article\",\"@id\":\"https:\/\/mhcalculos.com.br\/noticias\/area\/previdenciario\/trf3-visao-sistemica-pode-contribuir-para-minorar-problemas-dentro-do-judiciario.html#article\",\"isPartOf\":{\"@id\":\"https:\/\/mhcalculos.com.br\/noticias\/area\/previdenciario\/trf3-visao-sistemica-pode-contribuir-para-minorar-problemas-dentro-do-judiciario.html\"},\"author\":{\"name\":\"Equipe MH\",\"@id\":\"https:\/\/mhcalculos.com.br\/noticias\/#\/schema\/person\/88d1c34bf72dc779ea14a5a6b8e0ae8d\"},\"headline\":\"TRF3: VIS\u00c3O SIST\u00caMICA PODE CONTRIBUIR PARA MINORAR PROBLEMAS DENTRO DO JUDICI\u00c1RIO\",\"datePublished\":\"2018-08-14T18:00:18+00:00\",\"dateModified\":\"2021-07-28T17:34:16+00:00\",\"mainEntityOfPage\":{\"@id\":\"https:\/\/mhcalculos.com.br\/noticias\/area\/previdenciario\/trf3-visao-sistemica-pode-contribuir-para-minorar-problemas-dentro-do-judiciario.html\"},\"wordCount\":2020,\"commentCount\":0,\"image\":{\"@id\":\"https:\/\/mhcalculos.com.br\/noticias\/area\/previdenciario\/trf3-visao-sistemica-pode-contribuir-para-minorar-problemas-dentro-do-judiciario.html#primaryimage\"},\"thumbnailUrl\":\"https:\/\/mhcalculos.com.br\/noticias\/wp-content\/uploads\/sites\/2\/2018\/06\/judiciario-0022.jpg\",\"keywords\":[\"aposentadoria\",\"c\u00e1lculos previdenci\u00e1rios\",\"direito previdenci\u00e1rio\",\"inss\",\"per\u00edcia\",\"perito\",\"trf3\"],\"articleSection\":[\"Direito Previdenci\u00e1rio\",\"TRF3\"],\"inLanguage\":\"pt-BR\",\"potentialAction\":[{\"@type\":\"CommentAction\",\"name\":\"Comment\",\"target\":[\"https:\/\/mhcalculos.com.br\/noticias\/area\/previdenciario\/trf3-visao-sistemica-pode-contribuir-para-minorar-problemas-dentro-do-judiciario.html#respond\"]}]},{\"@type\":\"WebPage\",\"@id\":\"https:\/\/mhcalculos.com.br\/noticias\/area\/previdenciario\/trf3-visao-sistemica-pode-contribuir-para-minorar-problemas-dentro-do-judiciario.html\",\"url\":\"https:\/\/mhcalculos.com.br\/noticias\/area\/previdenciario\/trf3-visao-sistemica-pode-contribuir-para-minorar-problemas-dentro-do-judiciario.html\",\"name\":\"TRF3: VIS\u00c3O SIST\u00caMICA PODE CONTRIBUIR PARA MINORAR PROBLEMAS DENTRO DO JUDICI\u00c1RIO | Portal de Not\u00edcias\",\"isPartOf\":{\"@id\":\"https:\/\/mhcalculos.com.br\/noticias\/#website\"},\"primaryImageOfPage\":{\"@id\":\"https:\/\/mhcalculos.com.br\/noticias\/area\/previdenciario\/trf3-visao-sistemica-pode-contribuir-para-minorar-problemas-dentro-do-judiciario.html#primaryimage\"},\"image\":{\"@id\":\"https:\/\/mhcalculos.com.br\/noticias\/area\/previdenciario\/trf3-visao-sistemica-pode-contribuir-para-minorar-problemas-dentro-do-judiciario.html#primaryimage\"},\"thumbnailUrl\":\"https:\/\/mhcalculos.com.br\/noticias\/wp-content\/uploads\/sites\/2\/2018\/06\/judiciario-0022.jpg\",\"datePublished\":\"2018-08-14T18:00:18+00:00\",\"dateModified\":\"2021-07-28T17:34:16+00:00\",\"author\":{\"@id\":\"https:\/\/mhcalculos.com.br\/noticias\/#\/schema\/person\/88d1c34bf72dc779ea14a5a6b8e0ae8d\"},\"breadcrumb\":{\"@id\":\"https:\/\/mhcalculos.com.br\/noticias\/area\/previdenciario\/trf3-visao-sistemica-pode-contribuir-para-minorar-problemas-dentro-do-judiciario.html#breadcrumb\"},\"inLanguage\":\"pt-BR\",\"potentialAction\":[{\"@type\":\"ReadAction\",\"target\":[\"https:\/\/mhcalculos.com.br\/noticias\/area\/previdenciario\/trf3-visao-sistemica-pode-contribuir-para-minorar-problemas-dentro-do-judiciario.html\"]}]},{\"@type\":\"ImageObject\",\"inLanguage\":\"pt-BR\",\"@id\":\"https:\/\/mhcalculos.com.br\/noticias\/area\/previdenciario\/trf3-visao-sistemica-pode-contribuir-para-minorar-problemas-dentro-do-judiciario.html#primaryimage\",\"url\":\"https:\/\/mhcalculos.com.br\/noticias\/wp-content\/uploads\/sites\/2\/2018\/06\/judiciario-0022.jpg\",\"contentUrl\":\"https:\/\/mhcalculos.com.br\/noticias\/wp-content\/uploads\/sites\/2\/2018\/06\/judiciario-0022.jpg\",\"width\":2000,\"height\":800},{\"@type\":\"BreadcrumbList\",\"@id\":\"https:\/\/mhcalculos.com.br\/noticias\/area\/previdenciario\/trf3-visao-sistemica-pode-contribuir-para-minorar-problemas-dentro-do-judiciario.html#breadcrumb\",\"itemListElement\":[{\"@type\":\"ListItem\",\"position\":1,\"name\":\"In\u00edcio\",\"item\":\"https:\/\/mhcalculos.com.br\/noticias\/\"},{\"@type\":\"ListItem\",\"position\":2,\"name\":\"TRF3: VIS\u00c3O SIST\u00caMICA PODE CONTRIBUIR PARA MINORAR PROBLEMAS DENTRO DO JUDICI\u00c1RIO\"}]},{\"@type\":\"WebSite\",\"@id\":\"https:\/\/mhcalculos.com.br\/noticias\/#website\",\"url\":\"https:\/\/mhcalculos.com.br\/noticias\/\",\"name\":\"Portal de Not\u00edcias\",\"description\":\"Not\u00edcias e Jurisprud\u00eancia\",\"potentialAction\":[{\"@type\":\"SearchAction\",\"target\":{\"@type\":\"EntryPoint\",\"urlTemplate\":\"https:\/\/mhcalculos.com.br\/noticias\/?s={search_term_string}\"},\"query-input\":{\"@type\":\"PropertyValueSpecification\",\"valueRequired\":true,\"valueName\":\"search_term_string\"}}],\"inLanguage\":\"pt-BR\"},{\"@type\":\"Person\",\"@id\":\"https:\/\/mhcalculos.com.br\/noticias\/#\/schema\/person\/88d1c34bf72dc779ea14a5a6b8e0ae8d\",\"name\":\"Equipe MH\",\"image\":{\"@type\":\"ImageObject\",\"inLanguage\":\"pt-BR\",\"@id\":\"https:\/\/secure.gravatar.com\/avatar\/de1c686c2ecc9c5a3f327e3431d819eb39f8f05d4e1045f5a1caad6daaba987f?s=96&d=mm&r=g\",\"url\":\"https:\/\/secure.gravatar.com\/avatar\/de1c686c2ecc9c5a3f327e3431d819eb39f8f05d4e1045f5a1caad6daaba987f?s=96&d=mm&r=g\",\"contentUrl\":\"https:\/\/secure.gravatar.com\/avatar\/de1c686c2ecc9c5a3f327e3431d819eb39f8f05d4e1045f5a1caad6daaba987f?s=96&d=mm&r=g\",\"caption\":\"Equipe MH\"}}]}<\/script>\n<!-- \/ Yoast SEO plugin. -->","yoast_head_json":{"title":"TRF3: VIS\u00c3O SIST\u00caMICA PODE CONTRIBUIR PARA MINORAR PROBLEMAS DENTRO DO JUDICI\u00c1RIO | Portal de Not\u00edcias","robots":{"index":"index","follow":"follow","max-snippet":"max-snippet:-1","max-image-preview":"max-image-preview:large","max-video-preview":"max-video-preview:-1"},"canonical":"https:\/\/mhcalculos.com.br\/noticias\/area\/previdenciario\/trf3-visao-sistemica-pode-contribuir-para-minorar-problemas-dentro-do-judiciario.html","og_locale":"pt_BR","og_type":"article","og_title":"TRF3: VIS\u00c3O SIST\u00caMICA PODE CONTRIBUIR PARA MINORAR PROBLEMAS DENTRO DO JUDICI\u00c1RIO | Portal de Not\u00edcias","og_description":"Tema foi tratado durante curso \u201cNo\u00e7\u00f5es introdut\u00f3rias sobre Justi\u00e7a Sist\u00eamica e Direito Sist\u00eamico\u201d, nos dias 6 e 7 de agosto, em S\u00e3o Paulo O curso \u201cNo\u00e7\u00f5es introdut\u00f3rias sobre Justi\u00e7a Sist\u00eamica e Direito Sist\u00eamico\u201d, realizado nos dias 6 e 7 de agosto, na Escola de Magistrados da Justi\u00e7a Federal da 3\u00aa Regi\u00e3o (Emag), tratou de alguns [&hellip;]","og_url":"https:\/\/mhcalculos.com.br\/noticias\/area\/previdenciario\/trf3-visao-sistemica-pode-contribuir-para-minorar-problemas-dentro-do-judiciario.html","og_site_name":"Portal de Not\u00edcias","article_published_time":"2018-08-14T18:00:18+00:00","article_modified_time":"2021-07-28T17:34:16+00:00","og_image":[{"width":2000,"height":800,"url":"https:\/\/mhcalculos.com.br\/noticias\/wp-content\/uploads\/sites\/2\/2018\/06\/judiciario-0022.jpg","type":"image\/jpeg"}],"author":"Equipe MH","twitter_card":"summary_large_image","twitter_misc":{"Escrito por":"Equipe MH","Est. tempo de leitura":"10 minutos"},"schema":{"@context":"https:\/\/schema.org","@graph":[{"@type":"Article","@id":"https:\/\/mhcalculos.com.br\/noticias\/area\/previdenciario\/trf3-visao-sistemica-pode-contribuir-para-minorar-problemas-dentro-do-judiciario.html#article","isPartOf":{"@id":"https:\/\/mhcalculos.com.br\/noticias\/area\/previdenciario\/trf3-visao-sistemica-pode-contribuir-para-minorar-problemas-dentro-do-judiciario.html"},"author":{"name":"Equipe MH","@id":"https:\/\/mhcalculos.com.br\/noticias\/#\/schema\/person\/88d1c34bf72dc779ea14a5a6b8e0ae8d"},"headline":"TRF3: VIS\u00c3O SIST\u00caMICA PODE CONTRIBUIR PARA MINORAR PROBLEMAS DENTRO DO JUDICI\u00c1RIO","datePublished":"2018-08-14T18:00:18+00:00","dateModified":"2021-07-28T17:34:16+00:00","mainEntityOfPage":{"@id":"https:\/\/mhcalculos.com.br\/noticias\/area\/previdenciario\/trf3-visao-sistemica-pode-contribuir-para-minorar-problemas-dentro-do-judiciario.html"},"wordCount":2020,"commentCount":0,"image":{"@id":"https:\/\/mhcalculos.com.br\/noticias\/area\/previdenciario\/trf3-visao-sistemica-pode-contribuir-para-minorar-problemas-dentro-do-judiciario.html#primaryimage"},"thumbnailUrl":"https:\/\/mhcalculos.com.br\/noticias\/wp-content\/uploads\/sites\/2\/2018\/06\/judiciario-0022.jpg","keywords":["aposentadoria","c\u00e1lculos previdenci\u00e1rios","direito previdenci\u00e1rio","inss","per\u00edcia","perito","trf3"],"articleSection":["Direito Previdenci\u00e1rio","TRF3"],"inLanguage":"pt-BR","potentialAction":[{"@type":"CommentAction","name":"Comment","target":["https:\/\/mhcalculos.com.br\/noticias\/area\/previdenciario\/trf3-visao-sistemica-pode-contribuir-para-minorar-problemas-dentro-do-judiciario.html#respond"]}]},{"@type":"WebPage","@id":"https:\/\/mhcalculos.com.br\/noticias\/area\/previdenciario\/trf3-visao-sistemica-pode-contribuir-para-minorar-problemas-dentro-do-judiciario.html","url":"https:\/\/mhcalculos.com.br\/noticias\/area\/previdenciario\/trf3-visao-sistemica-pode-contribuir-para-minorar-problemas-dentro-do-judiciario.html","name":"TRF3: VIS\u00c3O SIST\u00caMICA PODE CONTRIBUIR PARA MINORAR PROBLEMAS DENTRO DO JUDICI\u00c1RIO | Portal de Not\u00edcias","isPartOf":{"@id":"https:\/\/mhcalculos.com.br\/noticias\/#website"},"primaryImageOfPage":{"@id":"https:\/\/mhcalculos.com.br\/noticias\/area\/previdenciario\/trf3-visao-sistemica-pode-contribuir-para-minorar-problemas-dentro-do-judiciario.html#primaryimage"},"image":{"@id":"https:\/\/mhcalculos.com.br\/noticias\/area\/previdenciario\/trf3-visao-sistemica-pode-contribuir-para-minorar-problemas-dentro-do-judiciario.html#primaryimage"},"thumbnailUrl":"https:\/\/mhcalculos.com.br\/noticias\/wp-content\/uploads\/sites\/2\/2018\/06\/judiciario-0022.jpg","datePublished":"2018-08-14T18:00:18+00:00","dateModified":"2021-07-28T17:34:16+00:00","author":{"@id":"https:\/\/mhcalculos.com.br\/noticias\/#\/schema\/person\/88d1c34bf72dc779ea14a5a6b8e0ae8d"},"breadcrumb":{"@id":"https:\/\/mhcalculos.com.br\/noticias\/area\/previdenciario\/trf3-visao-sistemica-pode-contribuir-para-minorar-problemas-dentro-do-judiciario.html#breadcrumb"},"inLanguage":"pt-BR","potentialAction":[{"@type":"ReadAction","target":["https:\/\/mhcalculos.com.br\/noticias\/area\/previdenciario\/trf3-visao-sistemica-pode-contribuir-para-minorar-problemas-dentro-do-judiciario.html"]}]},{"@type":"ImageObject","inLanguage":"pt-BR","@id":"https:\/\/mhcalculos.com.br\/noticias\/area\/previdenciario\/trf3-visao-sistemica-pode-contribuir-para-minorar-problemas-dentro-do-judiciario.html#primaryimage","url":"https:\/\/mhcalculos.com.br\/noticias\/wp-content\/uploads\/sites\/2\/2018\/06\/judiciario-0022.jpg","contentUrl":"https:\/\/mhcalculos.com.br\/noticias\/wp-content\/uploads\/sites\/2\/2018\/06\/judiciario-0022.jpg","width":2000,"height":800},{"@type":"BreadcrumbList","@id":"https:\/\/mhcalculos.com.br\/noticias\/area\/previdenciario\/trf3-visao-sistemica-pode-contribuir-para-minorar-problemas-dentro-do-judiciario.html#breadcrumb","itemListElement":[{"@type":"ListItem","position":1,"name":"In\u00edcio","item":"https:\/\/mhcalculos.com.br\/noticias\/"},{"@type":"ListItem","position":2,"name":"TRF3: VIS\u00c3O SIST\u00caMICA PODE CONTRIBUIR PARA MINORAR PROBLEMAS DENTRO DO JUDICI\u00c1RIO"}]},{"@type":"WebSite","@id":"https:\/\/mhcalculos.com.br\/noticias\/#website","url":"https:\/\/mhcalculos.com.br\/noticias\/","name":"Portal de Not\u00edcias","description":"Not\u00edcias e Jurisprud\u00eancia","potentialAction":[{"@type":"SearchAction","target":{"@type":"EntryPoint","urlTemplate":"https:\/\/mhcalculos.com.br\/noticias\/?s={search_term_string}"},"query-input":{"@type":"PropertyValueSpecification","valueRequired":true,"valueName":"search_term_string"}}],"inLanguage":"pt-BR"},{"@type":"Person","@id":"https:\/\/mhcalculos.com.br\/noticias\/#\/schema\/person\/88d1c34bf72dc779ea14a5a6b8e0ae8d","name":"Equipe MH","image":{"@type":"ImageObject","inLanguage":"pt-BR","@id":"https:\/\/secure.gravatar.com\/avatar\/de1c686c2ecc9c5a3f327e3431d819eb39f8f05d4e1045f5a1caad6daaba987f?s=96&d=mm&r=g","url":"https:\/\/secure.gravatar.com\/avatar\/de1c686c2ecc9c5a3f327e3431d819eb39f8f05d4e1045f5a1caad6daaba987f?s=96&d=mm&r=g","contentUrl":"https:\/\/secure.gravatar.com\/avatar\/de1c686c2ecc9c5a3f327e3431d819eb39f8f05d4e1045f5a1caad6daaba987f?s=96&d=mm&r=g","caption":"Equipe MH"}}]}},"_links":{"self":[{"href":"https:\/\/mhcalculos.com.br\/noticias\/wp-json\/wp\/v2\/posts\/2789","targetHints":{"allow":["GET"]}}],"collection":[{"href":"https:\/\/mhcalculos.com.br\/noticias\/wp-json\/wp\/v2\/posts"}],"about":[{"href":"https:\/\/mhcalculos.com.br\/noticias\/wp-json\/wp\/v2\/types\/post"}],"author":[{"embeddable":true,"href":"https:\/\/mhcalculos.com.br\/noticias\/wp-json\/wp\/v2\/users\/3063"}],"replies":[{"embeddable":true,"href":"https:\/\/mhcalculos.com.br\/noticias\/wp-json\/wp\/v2\/comments?post=2789"}],"version-history":[{"count":1,"href":"https:\/\/mhcalculos.com.br\/noticias\/wp-json\/wp\/v2\/posts\/2789\/revisions"}],"predecessor-version":[{"id":10275,"href":"https:\/\/mhcalculos.com.br\/noticias\/wp-json\/wp\/v2\/posts\/2789\/revisions\/10275"}],"wp:featuredmedia":[{"embeddable":true,"href":"https:\/\/mhcalculos.com.br\/noticias\/wp-json\/wp\/v2\/media\/1637"}],"wp:attachment":[{"href":"https:\/\/mhcalculos.com.br\/noticias\/wp-json\/wp\/v2\/media?parent=2789"}],"wp:term":[{"taxonomy":"category","embeddable":true,"href":"https:\/\/mhcalculos.com.br\/noticias\/wp-json\/wp\/v2\/categories?post=2789"},{"taxonomy":"post_tag","embeddable":true,"href":"https:\/\/mhcalculos.com.br\/noticias\/wp-json\/wp\/v2\/tags?post=2789"}],"curies":[{"name":"wp","href":"https:\/\/api.w.org\/{rel}","templated":true}]}}