{"id":2782,"date":"2018-08-14T03:00:23","date_gmt":"2018-08-14T06:00:23","guid":{"rendered":"https:\/\/mhcalculos.com.br\/noticias\/2018\/08\/14\/stj-segunda-turma-confirma-ilicitude-em-atuacao-de-associacao-no-mercado-de-seguros\/"},"modified":"2021-07-28T14:34:16","modified_gmt":"2021-07-28T17:34:16","slug":"stj-segunda-turma-confirma-ilicitude-em-atuacao-de-associacao-no-mercado-de-seguros","status":"publish","type":"post","link":"https:\/\/mhcalculos.com.br\/noticias\/area\/previdenciario\/stj-segunda-turma-confirma-ilicitude-em-atuacao-de-associacao-no-mercado-de-seguros.html","title":{"rendered":"STJ: Segunda Turma confirma ilicitude em atua\u00e7\u00e3o de associa\u00e7\u00e3o no mercado de seguros"},"content":{"rendered":"<p><br \/>\n<\/p>\n<p>Por unanimidade, a Segunda Turma do Superior Tribunal de Justi&ccedil;a (STJ) restabeleceu senten&ccedil;a de primeiro grau que declarou il&iacute;cita a atua&ccedil;&atilde;o no mercado de seguros da Associa&ccedil;&atilde;o Mineira de Prote&ccedil;&atilde;o e Assist&ecirc;ncia Automotiva (Ampla), determinando a suspens&atilde;o de suas atividades ligadas ao setor securit&aacute;rio.<\/p>\n<p>O recurso especial foi interposto em a&ccedil;&atilde;o civil p&uacute;blica na qual a Superintend&ecirc;ncia de Seguros Privados (Susep) pediu que fosse considerada il&iacute;cita a atua&ccedil;&atilde;o da Ampla no mercado de seguros. A Susep, institu&iacute;da pelo <strong><a target=\"_blank\" href=\"http:\/\/www.planalto.gov.br\/ccivil_03\/decreto-lei\/Del0073.htm\" rel=\"noopener\">Decreto-Lei 73\/66<\/a><\/strong>, &eacute; autarquia federal respons&aacute;vel pela regula&ccedil;&atilde;o estatal do mercado privado de seguros.<\/p>\n<p>Segundo os autos, a Susep alegou que, mesmo exercendo atividade empresarial securit&aacute;ria, a Ampla n&atilde;o adotou a forma de sociedade an&ocirc;nima e n&atilde;o solicitou autoriza&ccedil;&atilde;o de funcionamento.<\/p>\n<p>Al&eacute;m disso, a atua&ccedil;&atilde;o da Ampla n&atilde;o se enquadraria no conceito de grupo restrito de ajuda m&uacute;tua e, portanto, n&atilde;o atenderia ao enunciado 185 da III Jornada de Direito Civil do Conselho da Justi&ccedil;a Federal, segundo o qual &ldquo;a disciplina dos seguros do C&oacute;digo Civil e as normas da previd&ecirc;ncia privada que imp&otilde;em a contrata&ccedil;&atilde;o exclusivamente por meio de entidades legalmente autorizadas n&atilde;o impedem a forma&ccedil;&atilde;o de grupos restritos de ajuda m&uacute;tua, caracterizados pela autogest&atilde;o&rdquo;.<\/p>\n<p>A autarquia tamb&eacute;m argumentou que a Ampla n&atilde;o seria uma associa&ccedil;&atilde;o de classe, de benefic&ecirc;ncia ou de socorro m&uacute;tuo que institui pens&atilde;o ou pec&uacute;lio em favor de seus associados ou fam&iacute;lias. Portanto, seu funcionamento afrontaria o disposto no <strong><a target=\"_blank\" href=\"http:\/\/www.planalto.gov.br\/ccivil_03\/decreto-lei\/1937-1946\/Del2063.htm\" rel=\"noopener\">Decreto-Lei 2.063\/40<\/a><\/strong> e o <strong><a target=\"_blank\" href=\"http:\/\/www.planalto.gov.br\/ccivil_03\/Leis\/2002\/l10406.htm#art757\" rel=\"noopener\">artigo 757<\/a><\/strong> do C&oacute;digo Civil, caracterizando a concorr&ecirc;ncia desleal e a negocia&ccedil;&atilde;o ilegal de seguros por associa&ccedil;&atilde;o sem fins lucrativos.<\/p>\n<p><strong>Divis&atilde;o de preju&iacute;zos<\/strong><\/p>\n<p>A Ampla, por sua vez, alegou que sua natureza jur&iacute;dica tem como objetivo dividir os preju&iacute;zos entre as pessoas que se encontram na mesma situa&ccedil;&atilde;o. Afirmou que sua sistem&aacute;tica &eacute; diferente da adotada pelas companhias seguradoras, na qual o contrato obriga o segurador a garantir o interesse leg&iacute;timo do segurado, relativo a pessoa ou a coisa, contra determinados riscos. No caso da Ampla, n&atilde;o haveria garantia de risco coberto, mas o rateio de preju&iacute;zos efetivamente caracterizados.<\/p>\n<p>O Tribunal Regional Federal da 2&ordf; Regi&atilde;o (TRF2) julgou improcedente o pedido inicial da Susep, que recorreu ao STJ.<\/p>\n<p><strong>Contrato t&iacute;pico<\/strong><\/p>\n<p>Em seu voto, Og Fernandes afirmou que o produto oferecido pela Ampla se apresenta como um t&iacute;pico contrato de seguros, com cobran&ccedil;a de franquia e cobertura de danos provocados por terceiros e por eventos da natureza.<\/p>\n<p>&ldquo;A no&ccedil;&atilde;o sobre o contrato de seguro &lsquo;pressup&otilde;e a de risco, isto &eacute;, o fato de estar o indiv&iacute;duo exposto &agrave; eventualidade de um dano &agrave; sua pessoa, ou ao seu patrim&ocirc;nio, motivado pelo acaso&rsquo;, nos termos como o define Orlando Gomes, invocando a doutrina italiana de Messineo&rdquo;, explicou Og Fernandes.<\/p>\n<p>Para o relator, a associa&ccedil;&atilde;o tamb&eacute;m n&atilde;o pode ser caracterizada como grupo restrito de ajuda m&uacute;tua por comercializar seu produto de forma abrangente, como uma t&iacute;pica sociedade de seguros. &ldquo;Pela pr&oacute;pria descri&ccedil;&atilde;o contida no aresto combatido, verifica-se que a recorrida n&atilde;o pode se qualificar como &lsquo;grupo restrito de ajuda m&uacute;tua&rsquo;, dadas as caracter&iacute;sticas de t&iacute;pico contrato de seguro, al&eacute;m de que o servi&ccedil;o intitulado de &lsquo;prote&ccedil;&atilde;o automotiva&rsquo; &eacute; aberto a um grupo indiscriminado e indistinto de interessados&rdquo;, concluiu o ministro.<\/p>\n<p> Leia o <strong><a href=\"https:\/\/ww2.stj.jus.br\/processo\/revista\/documento\/mediado\/?componente=ITA&amp;sequencial=1724096&amp;num_registro=201601943594&amp;data=20180627&amp;formato=PDF\">ac&oacute;rd&atilde;o<\/a><\/strong>.<br \/>\n<br \/><i>Com informa\u00e7\u00f5es da assessoria de imprensa do STJ.<\/i><br \/>\n<br \/><a href=\"http:\/\/feedproxy.google.com\/~r\/STJNoticias\/~3\/0-4_mvqfdEw\/Segunda-Turma-confirma-ilicitude-em-atua%C3%A7%C3%A3o-de-associa%C3%A7%C3%A3o-no-mercado-de-seguros\">Fonte<\/a><br \/>\n<br \/><\/p>\n","protected":false},"excerpt":{"rendered":"<p>Por unanimidade, a Segunda Turma do Superior Tribunal de Justi&ccedil;a (STJ) restabeleceu senten&ccedil;a de primeiro grau que declarou il&iacute;cita a atua&ccedil;&atilde;o no mercado de seguros da Associa&ccedil;&atilde;o Mineira de Prote&ccedil;&atilde;o e Assist&ecirc;ncia Automotiva (Ampla), determinando a suspens&atilde;o de suas atividades ligadas ao setor securit&aacute;rio. O recurso especial foi interposto em a&ccedil;&atilde;o civil p&uacute;blica na qual [&hellip;]<\/p>\n","protected":false},"author":3063,"featured_media":1825,"comment_status":"open","ping_status":"open","sticky":false,"template":"","format":"standard","meta":{"footnotes":""},"categories":[5,7],"tags":[11,10,8,13,9,12,14],"class_list":{"0":"post-2782","1":"post","2":"type-post","3":"status-publish","4":"format-standard","5":"has-post-thumbnail","7":"category-previdenciario","8":"category-stj","9":"tag-aposentadoria","10":"tag-calculos-previdenciarios","11":"tag-direito-previdenciario","12":"tag-inss","13":"tag-pericia","14":"tag-perito","15":"tag-stj"},"yoast_head":"<!-- This site is optimized with the Yoast SEO plugin v27.2 - https:\/\/yoast.com\/product\/yoast-seo-wordpress\/ -->\n<title>STJ: Segunda Turma confirma ilicitude em atua\u00e7\u00e3o de associa\u00e7\u00e3o no mercado de seguros | Portal de Not\u00edcias<\/title>\n<meta name=\"robots\" content=\"index, follow, max-snippet:-1, max-image-preview:large, max-video-preview:-1\" \/>\n<link rel=\"canonical\" href=\"https:\/\/mhcalculos.com.br\/noticias\/area\/previdenciario\/stj-segunda-turma-confirma-ilicitude-em-atuacao-de-associacao-no-mercado-de-seguros.html\" \/>\n<meta property=\"og:locale\" content=\"pt_BR\" \/>\n<meta property=\"og:type\" content=\"article\" \/>\n<meta property=\"og:title\" content=\"STJ: Segunda Turma confirma ilicitude em atua\u00e7\u00e3o de associa\u00e7\u00e3o no mercado de seguros | Portal de Not\u00edcias\" \/>\n<meta property=\"og:description\" content=\"Por unanimidade, a Segunda Turma do Superior Tribunal de Justi&ccedil;a (STJ) restabeleceu senten&ccedil;a de primeiro grau que declarou il&iacute;cita a atua&ccedil;&atilde;o no mercado de seguros da Associa&ccedil;&atilde;o Mineira de Prote&ccedil;&atilde;o e Assist&ecirc;ncia Automotiva (Ampla), determinando a suspens&atilde;o de suas atividades ligadas ao setor securit&aacute;rio. O recurso especial foi interposto em a&ccedil;&atilde;o civil p&uacute;blica na qual [&hellip;]\" \/>\n<meta property=\"og:url\" content=\"https:\/\/mhcalculos.com.br\/noticias\/area\/previdenciario\/stj-segunda-turma-confirma-ilicitude-em-atuacao-de-associacao-no-mercado-de-seguros.html\" \/>\n<meta property=\"og:site_name\" content=\"Portal de Not\u00edcias\" \/>\n<meta property=\"article:published_time\" content=\"2018-08-14T06:00:23+00:00\" \/>\n<meta property=\"article:modified_time\" content=\"2021-07-28T17:34:16+00:00\" \/>\n<meta property=\"og:image\" content=\"https:\/\/mhcalculos.com.br\/noticias\/wp-content\/uploads\/sites\/2\/2018\/06\/judiciario-0037.jpg\" \/>\n\t<meta property=\"og:image:width\" content=\"2000\" \/>\n\t<meta property=\"og:image:height\" content=\"800\" \/>\n\t<meta property=\"og:image:type\" content=\"image\/jpeg\" \/>\n<meta name=\"author\" content=\"Equipe MH\" \/>\n<meta name=\"twitter:card\" content=\"summary_large_image\" \/>\n<meta name=\"twitter:label1\" content=\"Escrito por\" \/>\n\t<meta name=\"twitter:data1\" content=\"Equipe MH\" \/>\n\t<meta name=\"twitter:label2\" content=\"Est. tempo de leitura\" \/>\n\t<meta name=\"twitter:data2\" content=\"4 minutos\" \/>\n<script type=\"application\/ld+json\" class=\"yoast-schema-graph\">{\"@context\":\"https:\/\/schema.org\",\"@graph\":[{\"@type\":\"Article\",\"@id\":\"https:\/\/mhcalculos.com.br\/noticias\/area\/previdenciario\/stj-segunda-turma-confirma-ilicitude-em-atuacao-de-associacao-no-mercado-de-seguros.html#article\",\"isPartOf\":{\"@id\":\"https:\/\/mhcalculos.com.br\/noticias\/area\/previdenciario\/stj-segunda-turma-confirma-ilicitude-em-atuacao-de-associacao-no-mercado-de-seguros.html\"},\"author\":{\"name\":\"Equipe MH\",\"@id\":\"https:\/\/mhcalculos.com.br\/noticias\/#\/schema\/person\/88d1c34bf72dc779ea14a5a6b8e0ae8d\"},\"headline\":\"STJ: Segunda Turma confirma ilicitude em atua\u00e7\u00e3o de associa\u00e7\u00e3o no mercado de seguros\",\"datePublished\":\"2018-08-14T06:00:23+00:00\",\"dateModified\":\"2021-07-28T17:34:16+00:00\",\"mainEntityOfPage\":{\"@id\":\"https:\/\/mhcalculos.com.br\/noticias\/area\/previdenciario\/stj-segunda-turma-confirma-ilicitude-em-atuacao-de-associacao-no-mercado-de-seguros.html\"},\"wordCount\":741,\"commentCount\":0,\"image\":{\"@id\":\"https:\/\/mhcalculos.com.br\/noticias\/area\/previdenciario\/stj-segunda-turma-confirma-ilicitude-em-atuacao-de-associacao-no-mercado-de-seguros.html#primaryimage\"},\"thumbnailUrl\":\"https:\/\/mhcalculos.com.br\/noticias\/wp-content\/uploads\/sites\/2\/2018\/06\/judiciario-0037.jpg\",\"keywords\":[\"aposentadoria\",\"c\u00e1lculos previdenci\u00e1rios\",\"direito previdenci\u00e1rio\",\"inss\",\"per\u00edcia\",\"perito\",\"stj\"],\"articleSection\":[\"Direito Previdenci\u00e1rio\",\"STJ\"],\"inLanguage\":\"pt-BR\",\"potentialAction\":[{\"@type\":\"CommentAction\",\"name\":\"Comment\",\"target\":[\"https:\/\/mhcalculos.com.br\/noticias\/area\/previdenciario\/stj-segunda-turma-confirma-ilicitude-em-atuacao-de-associacao-no-mercado-de-seguros.html#respond\"]}]},{\"@type\":\"WebPage\",\"@id\":\"https:\/\/mhcalculos.com.br\/noticias\/area\/previdenciario\/stj-segunda-turma-confirma-ilicitude-em-atuacao-de-associacao-no-mercado-de-seguros.html\",\"url\":\"https:\/\/mhcalculos.com.br\/noticias\/area\/previdenciario\/stj-segunda-turma-confirma-ilicitude-em-atuacao-de-associacao-no-mercado-de-seguros.html\",\"name\":\"STJ: Segunda Turma confirma ilicitude em atua\u00e7\u00e3o de associa\u00e7\u00e3o no mercado de seguros | Portal de Not\u00edcias\",\"isPartOf\":{\"@id\":\"https:\/\/mhcalculos.com.br\/noticias\/#website\"},\"primaryImageOfPage\":{\"@id\":\"https:\/\/mhcalculos.com.br\/noticias\/area\/previdenciario\/stj-segunda-turma-confirma-ilicitude-em-atuacao-de-associacao-no-mercado-de-seguros.html#primaryimage\"},\"image\":{\"@id\":\"https:\/\/mhcalculos.com.br\/noticias\/area\/previdenciario\/stj-segunda-turma-confirma-ilicitude-em-atuacao-de-associacao-no-mercado-de-seguros.html#primaryimage\"},\"thumbnailUrl\":\"https:\/\/mhcalculos.com.br\/noticias\/wp-content\/uploads\/sites\/2\/2018\/06\/judiciario-0037.jpg\",\"datePublished\":\"2018-08-14T06:00:23+00:00\",\"dateModified\":\"2021-07-28T17:34:16+00:00\",\"author\":{\"@id\":\"https:\/\/mhcalculos.com.br\/noticias\/#\/schema\/person\/88d1c34bf72dc779ea14a5a6b8e0ae8d\"},\"breadcrumb\":{\"@id\":\"https:\/\/mhcalculos.com.br\/noticias\/area\/previdenciario\/stj-segunda-turma-confirma-ilicitude-em-atuacao-de-associacao-no-mercado-de-seguros.html#breadcrumb\"},\"inLanguage\":\"pt-BR\",\"potentialAction\":[{\"@type\":\"ReadAction\",\"target\":[\"https:\/\/mhcalculos.com.br\/noticias\/area\/previdenciario\/stj-segunda-turma-confirma-ilicitude-em-atuacao-de-associacao-no-mercado-de-seguros.html\"]}]},{\"@type\":\"ImageObject\",\"inLanguage\":\"pt-BR\",\"@id\":\"https:\/\/mhcalculos.com.br\/noticias\/area\/previdenciario\/stj-segunda-turma-confirma-ilicitude-em-atuacao-de-associacao-no-mercado-de-seguros.html#primaryimage\",\"url\":\"https:\/\/mhcalculos.com.br\/noticias\/wp-content\/uploads\/sites\/2\/2018\/06\/judiciario-0037.jpg\",\"contentUrl\":\"https:\/\/mhcalculos.com.br\/noticias\/wp-content\/uploads\/sites\/2\/2018\/06\/judiciario-0037.jpg\",\"width\":2000,\"height\":800},{\"@type\":\"BreadcrumbList\",\"@id\":\"https:\/\/mhcalculos.com.br\/noticias\/area\/previdenciario\/stj-segunda-turma-confirma-ilicitude-em-atuacao-de-associacao-no-mercado-de-seguros.html#breadcrumb\",\"itemListElement\":[{\"@type\":\"ListItem\",\"position\":1,\"name\":\"In\u00edcio\",\"item\":\"https:\/\/mhcalculos.com.br\/noticias\/\"},{\"@type\":\"ListItem\",\"position\":2,\"name\":\"STJ: Segunda Turma confirma ilicitude em atua\u00e7\u00e3o de associa\u00e7\u00e3o no mercado de seguros\"}]},{\"@type\":\"WebSite\",\"@id\":\"https:\/\/mhcalculos.com.br\/noticias\/#website\",\"url\":\"https:\/\/mhcalculos.com.br\/noticias\/\",\"name\":\"Portal de Not\u00edcias\",\"description\":\"Not\u00edcias e Jurisprud\u00eancia\",\"potentialAction\":[{\"@type\":\"SearchAction\",\"target\":{\"@type\":\"EntryPoint\",\"urlTemplate\":\"https:\/\/mhcalculos.com.br\/noticias\/?s={search_term_string}\"},\"query-input\":{\"@type\":\"PropertyValueSpecification\",\"valueRequired\":true,\"valueName\":\"search_term_string\"}}],\"inLanguage\":\"pt-BR\"},{\"@type\":\"Person\",\"@id\":\"https:\/\/mhcalculos.com.br\/noticias\/#\/schema\/person\/88d1c34bf72dc779ea14a5a6b8e0ae8d\",\"name\":\"Equipe MH\",\"image\":{\"@type\":\"ImageObject\",\"inLanguage\":\"pt-BR\",\"@id\":\"https:\/\/secure.gravatar.com\/avatar\/de1c686c2ecc9c5a3f327e3431d819eb39f8f05d4e1045f5a1caad6daaba987f?s=96&d=mm&r=g\",\"url\":\"https:\/\/secure.gravatar.com\/avatar\/de1c686c2ecc9c5a3f327e3431d819eb39f8f05d4e1045f5a1caad6daaba987f?s=96&d=mm&r=g\",\"contentUrl\":\"https:\/\/secure.gravatar.com\/avatar\/de1c686c2ecc9c5a3f327e3431d819eb39f8f05d4e1045f5a1caad6daaba987f?s=96&d=mm&r=g\",\"caption\":\"Equipe MH\"}}]}<\/script>\n<!-- \/ Yoast SEO plugin. -->","yoast_head_json":{"title":"STJ: Segunda Turma confirma ilicitude em atua\u00e7\u00e3o de associa\u00e7\u00e3o no mercado de seguros | Portal de Not\u00edcias","robots":{"index":"index","follow":"follow","max-snippet":"max-snippet:-1","max-image-preview":"max-image-preview:large","max-video-preview":"max-video-preview:-1"},"canonical":"https:\/\/mhcalculos.com.br\/noticias\/area\/previdenciario\/stj-segunda-turma-confirma-ilicitude-em-atuacao-de-associacao-no-mercado-de-seguros.html","og_locale":"pt_BR","og_type":"article","og_title":"STJ: Segunda Turma confirma ilicitude em atua\u00e7\u00e3o de associa\u00e7\u00e3o no mercado de seguros | Portal de Not\u00edcias","og_description":"Por unanimidade, a Segunda Turma do Superior Tribunal de Justi&ccedil;a (STJ) restabeleceu senten&ccedil;a de primeiro grau que declarou il&iacute;cita a atua&ccedil;&atilde;o no mercado de seguros da Associa&ccedil;&atilde;o Mineira de Prote&ccedil;&atilde;o e Assist&ecirc;ncia Automotiva (Ampla), determinando a suspens&atilde;o de suas atividades ligadas ao setor securit&aacute;rio. O recurso especial foi interposto em a&ccedil;&atilde;o civil p&uacute;blica na qual [&hellip;]","og_url":"https:\/\/mhcalculos.com.br\/noticias\/area\/previdenciario\/stj-segunda-turma-confirma-ilicitude-em-atuacao-de-associacao-no-mercado-de-seguros.html","og_site_name":"Portal de Not\u00edcias","article_published_time":"2018-08-14T06:00:23+00:00","article_modified_time":"2021-07-28T17:34:16+00:00","og_image":[{"width":2000,"height":800,"url":"https:\/\/mhcalculos.com.br\/noticias\/wp-content\/uploads\/sites\/2\/2018\/06\/judiciario-0037.jpg","type":"image\/jpeg"}],"author":"Equipe MH","twitter_card":"summary_large_image","twitter_misc":{"Escrito por":"Equipe MH","Est. tempo de leitura":"4 minutos"},"schema":{"@context":"https:\/\/schema.org","@graph":[{"@type":"Article","@id":"https:\/\/mhcalculos.com.br\/noticias\/area\/previdenciario\/stj-segunda-turma-confirma-ilicitude-em-atuacao-de-associacao-no-mercado-de-seguros.html#article","isPartOf":{"@id":"https:\/\/mhcalculos.com.br\/noticias\/area\/previdenciario\/stj-segunda-turma-confirma-ilicitude-em-atuacao-de-associacao-no-mercado-de-seguros.html"},"author":{"name":"Equipe MH","@id":"https:\/\/mhcalculos.com.br\/noticias\/#\/schema\/person\/88d1c34bf72dc779ea14a5a6b8e0ae8d"},"headline":"STJ: Segunda Turma confirma ilicitude em atua\u00e7\u00e3o de associa\u00e7\u00e3o no mercado de seguros","datePublished":"2018-08-14T06:00:23+00:00","dateModified":"2021-07-28T17:34:16+00:00","mainEntityOfPage":{"@id":"https:\/\/mhcalculos.com.br\/noticias\/area\/previdenciario\/stj-segunda-turma-confirma-ilicitude-em-atuacao-de-associacao-no-mercado-de-seguros.html"},"wordCount":741,"commentCount":0,"image":{"@id":"https:\/\/mhcalculos.com.br\/noticias\/area\/previdenciario\/stj-segunda-turma-confirma-ilicitude-em-atuacao-de-associacao-no-mercado-de-seguros.html#primaryimage"},"thumbnailUrl":"https:\/\/mhcalculos.com.br\/noticias\/wp-content\/uploads\/sites\/2\/2018\/06\/judiciario-0037.jpg","keywords":["aposentadoria","c\u00e1lculos previdenci\u00e1rios","direito previdenci\u00e1rio","inss","per\u00edcia","perito","stj"],"articleSection":["Direito Previdenci\u00e1rio","STJ"],"inLanguage":"pt-BR","potentialAction":[{"@type":"CommentAction","name":"Comment","target":["https:\/\/mhcalculos.com.br\/noticias\/area\/previdenciario\/stj-segunda-turma-confirma-ilicitude-em-atuacao-de-associacao-no-mercado-de-seguros.html#respond"]}]},{"@type":"WebPage","@id":"https:\/\/mhcalculos.com.br\/noticias\/area\/previdenciario\/stj-segunda-turma-confirma-ilicitude-em-atuacao-de-associacao-no-mercado-de-seguros.html","url":"https:\/\/mhcalculos.com.br\/noticias\/area\/previdenciario\/stj-segunda-turma-confirma-ilicitude-em-atuacao-de-associacao-no-mercado-de-seguros.html","name":"STJ: Segunda Turma confirma ilicitude em atua\u00e7\u00e3o de associa\u00e7\u00e3o no mercado de seguros | Portal de Not\u00edcias","isPartOf":{"@id":"https:\/\/mhcalculos.com.br\/noticias\/#website"},"primaryImageOfPage":{"@id":"https:\/\/mhcalculos.com.br\/noticias\/area\/previdenciario\/stj-segunda-turma-confirma-ilicitude-em-atuacao-de-associacao-no-mercado-de-seguros.html#primaryimage"},"image":{"@id":"https:\/\/mhcalculos.com.br\/noticias\/area\/previdenciario\/stj-segunda-turma-confirma-ilicitude-em-atuacao-de-associacao-no-mercado-de-seguros.html#primaryimage"},"thumbnailUrl":"https:\/\/mhcalculos.com.br\/noticias\/wp-content\/uploads\/sites\/2\/2018\/06\/judiciario-0037.jpg","datePublished":"2018-08-14T06:00:23+00:00","dateModified":"2021-07-28T17:34:16+00:00","author":{"@id":"https:\/\/mhcalculos.com.br\/noticias\/#\/schema\/person\/88d1c34bf72dc779ea14a5a6b8e0ae8d"},"breadcrumb":{"@id":"https:\/\/mhcalculos.com.br\/noticias\/area\/previdenciario\/stj-segunda-turma-confirma-ilicitude-em-atuacao-de-associacao-no-mercado-de-seguros.html#breadcrumb"},"inLanguage":"pt-BR","potentialAction":[{"@type":"ReadAction","target":["https:\/\/mhcalculos.com.br\/noticias\/area\/previdenciario\/stj-segunda-turma-confirma-ilicitude-em-atuacao-de-associacao-no-mercado-de-seguros.html"]}]},{"@type":"ImageObject","inLanguage":"pt-BR","@id":"https:\/\/mhcalculos.com.br\/noticias\/area\/previdenciario\/stj-segunda-turma-confirma-ilicitude-em-atuacao-de-associacao-no-mercado-de-seguros.html#primaryimage","url":"https:\/\/mhcalculos.com.br\/noticias\/wp-content\/uploads\/sites\/2\/2018\/06\/judiciario-0037.jpg","contentUrl":"https:\/\/mhcalculos.com.br\/noticias\/wp-content\/uploads\/sites\/2\/2018\/06\/judiciario-0037.jpg","width":2000,"height":800},{"@type":"BreadcrumbList","@id":"https:\/\/mhcalculos.com.br\/noticias\/area\/previdenciario\/stj-segunda-turma-confirma-ilicitude-em-atuacao-de-associacao-no-mercado-de-seguros.html#breadcrumb","itemListElement":[{"@type":"ListItem","position":1,"name":"In\u00edcio","item":"https:\/\/mhcalculos.com.br\/noticias\/"},{"@type":"ListItem","position":2,"name":"STJ: Segunda Turma confirma ilicitude em atua\u00e7\u00e3o de associa\u00e7\u00e3o no mercado de seguros"}]},{"@type":"WebSite","@id":"https:\/\/mhcalculos.com.br\/noticias\/#website","url":"https:\/\/mhcalculos.com.br\/noticias\/","name":"Portal de Not\u00edcias","description":"Not\u00edcias e Jurisprud\u00eancia","potentialAction":[{"@type":"SearchAction","target":{"@type":"EntryPoint","urlTemplate":"https:\/\/mhcalculos.com.br\/noticias\/?s={search_term_string}"},"query-input":{"@type":"PropertyValueSpecification","valueRequired":true,"valueName":"search_term_string"}}],"inLanguage":"pt-BR"},{"@type":"Person","@id":"https:\/\/mhcalculos.com.br\/noticias\/#\/schema\/person\/88d1c34bf72dc779ea14a5a6b8e0ae8d","name":"Equipe MH","image":{"@type":"ImageObject","inLanguage":"pt-BR","@id":"https:\/\/secure.gravatar.com\/avatar\/de1c686c2ecc9c5a3f327e3431d819eb39f8f05d4e1045f5a1caad6daaba987f?s=96&d=mm&r=g","url":"https:\/\/secure.gravatar.com\/avatar\/de1c686c2ecc9c5a3f327e3431d819eb39f8f05d4e1045f5a1caad6daaba987f?s=96&d=mm&r=g","contentUrl":"https:\/\/secure.gravatar.com\/avatar\/de1c686c2ecc9c5a3f327e3431d819eb39f8f05d4e1045f5a1caad6daaba987f?s=96&d=mm&r=g","caption":"Equipe MH"}}]}},"_links":{"self":[{"href":"https:\/\/mhcalculos.com.br\/noticias\/wp-json\/wp\/v2\/posts\/2782","targetHints":{"allow":["GET"]}}],"collection":[{"href":"https:\/\/mhcalculos.com.br\/noticias\/wp-json\/wp\/v2\/posts"}],"about":[{"href":"https:\/\/mhcalculos.com.br\/noticias\/wp-json\/wp\/v2\/types\/post"}],"author":[{"embeddable":true,"href":"https:\/\/mhcalculos.com.br\/noticias\/wp-json\/wp\/v2\/users\/3063"}],"replies":[{"embeddable":true,"href":"https:\/\/mhcalculos.com.br\/noticias\/wp-json\/wp\/v2\/comments?post=2782"}],"version-history":[{"count":1,"href":"https:\/\/mhcalculos.com.br\/noticias\/wp-json\/wp\/v2\/posts\/2782\/revisions"}],"predecessor-version":[{"id":10276,"href":"https:\/\/mhcalculos.com.br\/noticias\/wp-json\/wp\/v2\/posts\/2782\/revisions\/10276"}],"wp:featuredmedia":[{"embeddable":true,"href":"https:\/\/mhcalculos.com.br\/noticias\/wp-json\/wp\/v2\/media\/1825"}],"wp:attachment":[{"href":"https:\/\/mhcalculos.com.br\/noticias\/wp-json\/wp\/v2\/media?parent=2782"}],"wp:term":[{"taxonomy":"category","embeddable":true,"href":"https:\/\/mhcalculos.com.br\/noticias\/wp-json\/wp\/v2\/categories?post=2782"},{"taxonomy":"post_tag","embeddable":true,"href":"https:\/\/mhcalculos.com.br\/noticias\/wp-json\/wp\/v2\/tags?post=2782"}],"curies":[{"name":"wp","href":"https:\/\/api.w.org\/{rel}","templated":true}]}}