{"id":2753,"date":"2018-08-10T23:30:42","date_gmt":"2018-08-11T02:30:42","guid":{"rendered":"https:\/\/mhcalculos.com.br\/noticias\/2018\/08\/10\/stf-rejeitado-pedido-de-suspensao-de-processo-ate-a-modulacao-em-caso-com-repercussao-geral\/"},"modified":"2021-07-28T14:34:17","modified_gmt":"2021-07-28T17:34:17","slug":"stf-rejeitado-pedido-de-suspensao-de-processo-ate-a-modulacao-em-caso-com-repercussao-geral","status":"publish","type":"post","link":"https:\/\/mhcalculos.com.br\/noticias\/area\/tributario\/stf-rejeitado-pedido-de-suspensao-de-processo-ate-a-modulacao-em-caso-com-repercussao-geral.html","title":{"rendered":"STF: Rejeitado pedido de suspens\u00e3o de processo at\u00e9 a modula\u00e7\u00e3o em caso com repercuss\u00e3o geral"},"content":{"rendered":"\n<p>O ministro Celso de Mello, do Supremo Tribunal Federal (STF), negou seguimento (julgou invi\u00e1vel) \u00e0 Reclama\u00e7\u00e3o (RCL) 30996, ajuizada pela Uni\u00e3o contra ac\u00f3rd\u00e3o do Tribunal Regional Federal da 3\u00aa Regi\u00e3o (TRF-3) que rejeitou pedido da Fazenda Nacional para sobrestar processo relativo \u00e0 inclus\u00e3o do Imposto Sobre Circula\u00e7\u00e3o de Mercadorias e Servi\u00e7os (ICMS) na base de c\u00e1lculo das contribui\u00e7\u00f5es para o Programa de Integra\u00e7\u00e3o Social (PIS) e a Contribui\u00e7\u00e3o para o Financiamento da Seguridade Social (Cofins). A Uni\u00e3o pedia que o processo fosse suspenso at\u00e9 decis\u00e3o final do STF no Recurso Extraordin\u00e1rio (RE) 574706, com repercuss\u00e3o geral reconhecida, no qual o Tribunal julgou inconstitucional a utiliza\u00e7\u00e3o do ICMS no c\u00e1lculo do PIS\/Cofins.<\/p>\n<p>O decano do STF observou que a decis\u00e3o do TRF-3, ao aplicar entendimento do STF fixado em regime de repercuss\u00e3o geral e negar seguimento do recurso extraordin\u00e1rio da Uni\u00e3o, n\u00e3o usurpou compet\u00eancia do Supremo nem transgrediu a autoridade do julgamento do RE 574706. Segundo o ministro, a jurisprud\u00eancia do STF \u00e9 no sentido de que, para a aplica\u00e7\u00e3o de decis\u00e3o proferida em RE com repercuss\u00e3o geral, n\u00e3o \u00e9 necess\u00e1rio o tr\u00e2nsito em julgado ou eventual modula\u00e7\u00e3o de efeitos. \u201cConsoante entendimento jurisprudencial prevalecente no \u00e2mbito desta Corte, a circunst\u00e2ncia de o precedente no <i>leading case<\/i> ainda n\u00e3o haver transitado em julgado n\u00e3o impede venha o relator da causa a julg\u00e1-la, fazendo aplica\u00e7\u00e3o, desde logo, da diretriz consagrada naquele julgamento\u201d, explicou.<\/p>\n<p>O ministro assinalou ainda que a possibilidade de modula\u00e7\u00e3o de efeitos n\u00e3o impede a aplica\u00e7\u00e3o da regra do C\u00f3digo de Processo Civil (artigo 1.040, inciso I) que autoriza aos tribunais de origem a adotarem o entendimento em causas sobre o mesmo tema. Tal situa\u00e7\u00e3o, segundo ele, inviabiliza o acesso \u00e0 via da reclama\u00e7\u00e3o.<\/p>\n<p>O decano tamb\u00e9m ressaltou que, em diversas decis\u00f5es, o STF tem afastado a possibilidade de uso da reclama\u00e7\u00e3o como atalho processual que visa permitir a submiss\u00e3o imediata de lit\u00edgio ao exame direto do Supremo unicamente porque a parte reclamante busca a revis\u00e3o de decis\u00e3o que acredita estar incompat\u00edvel com a jurisprud\u00eancia. \u201cA reclama\u00e7\u00e3o n\u00e3o se qualifica como suced\u00e2neo recursal, nem configura instrumento viabilizador do reexame do conte\u00fado do ato reclamado, nem traduz meio de uniformiza\u00e7\u00e3o de jurisprud\u00eancia, eis que tais finalidades revelam-se estranhas \u00e0 destina\u00e7\u00e3o subjacente \u00e0 institui\u00e7\u00e3o dessa medida processual\u201d, concluiu.<\/p>\n<p><a href=\"http:\/\/www.stf.jus.br\/arquivo\/cms\/noticiaNoticiaStf\/anexo\/rcl30996.pdf\">Leia a \u00edntegra da decis\u00e3o<\/a>.<\/p>\n<p><span style=\"font-size: smaller;\">PR\/AD<br \/>\n<\/span><\/p>\n<p><i>Com informa\u00e7\u00f5es da assessoria de imprensa do STF.<\/i><\/p>\n<p><a href=\"http:\/\/www.stf.jus.br\/portal\/cms\/verNoticiaDetalhe.asp?idConteudo=386526\">Fonte<\/a><\/p>\n\n","protected":false},"excerpt":{"rendered":"<p>O ministro Celso de Mello, do Supremo Tribunal Federal (STF), negou seguimento (julgou invi\u00e1vel) \u00e0 Reclama\u00e7\u00e3o (RCL) 30996, ajuizada pela Uni\u00e3o contra ac\u00f3rd\u00e3o do Tribunal Regional Federal da 3\u00aa Regi\u00e3o (TRF-3) que rejeitou pedido da Fazenda Nacional para sobrestar processo relativo \u00e0 inclus\u00e3o do Imposto Sobre Circula\u00e7\u00e3o de Mercadorias e Servi\u00e7os (ICMS) na base de [&hellip;]<\/p>\n","protected":false},"author":3063,"featured_media":2157,"comment_status":"open","ping_status":"open","sticky":false,"template":"","format":"standard","meta":{"footnotes":""},"categories":[18,15],"tags":[32,31,42,30,29,213,9,12,16],"class_list":{"0":"post-2753","1":"post","2":"type-post","3":"status-publish","4":"format-standard","5":"has-post-thumbnail","7":"category-tributario","8":"category-stf","9":"tag-calculos-judiciais","10":"tag-calculos-tributarios","11":"tag-direito-tributario","12":"tag-divida-ativa","13":"tag-fazenda-publica","14":"tag-imposto","15":"tag-pericia","16":"tag-perito","17":"tag-stf"},"yoast_head":"<!-- This site is optimized with the Yoast SEO plugin v27.2 - https:\/\/yoast.com\/product\/yoast-seo-wordpress\/ -->\n<title>STF: Rejeitado pedido de suspens\u00e3o de processo at\u00e9 a modula\u00e7\u00e3o em caso com repercuss\u00e3o geral | Portal de Not\u00edcias<\/title>\n<meta name=\"robots\" content=\"index, follow, max-snippet:-1, max-image-preview:large, max-video-preview:-1\" \/>\n<link rel=\"canonical\" href=\"https:\/\/mhcalculos.com.br\/noticias\/area\/tributario\/stf-rejeitado-pedido-de-suspensao-de-processo-ate-a-modulacao-em-caso-com-repercussao-geral.html\" \/>\n<meta property=\"og:locale\" content=\"pt_BR\" \/>\n<meta property=\"og:type\" content=\"article\" \/>\n<meta property=\"og:title\" content=\"STF: Rejeitado pedido de suspens\u00e3o de processo at\u00e9 a modula\u00e7\u00e3o em caso com repercuss\u00e3o geral | Portal de Not\u00edcias\" \/>\n<meta property=\"og:description\" content=\"O ministro Celso de Mello, do Supremo Tribunal Federal (STF), negou seguimento (julgou invi\u00e1vel) \u00e0 Reclama\u00e7\u00e3o (RCL) 30996, ajuizada pela Uni\u00e3o contra ac\u00f3rd\u00e3o do Tribunal Regional Federal da 3\u00aa Regi\u00e3o (TRF-3) que rejeitou pedido da Fazenda Nacional para sobrestar processo relativo \u00e0 inclus\u00e3o do Imposto Sobre Circula\u00e7\u00e3o de Mercadorias e Servi\u00e7os (ICMS) na base de [&hellip;]\" \/>\n<meta property=\"og:url\" content=\"https:\/\/mhcalculos.com.br\/noticias\/area\/tributario\/stf-rejeitado-pedido-de-suspensao-de-processo-ate-a-modulacao-em-caso-com-repercussao-geral.html\" \/>\n<meta property=\"og:site_name\" content=\"Portal de Not\u00edcias\" \/>\n<meta property=\"article:published_time\" content=\"2018-08-11T02:30:42+00:00\" \/>\n<meta property=\"article:modified_time\" content=\"2021-07-28T17:34:17+00:00\" \/>\n<meta property=\"og:image\" content=\"https:\/\/mhcalculos.com.br\/noticias\/wp-content\/uploads\/sites\/2\/2018\/06\/tributario-0002.jpg\" \/>\n\t<meta property=\"og:image:width\" content=\"2000\" \/>\n\t<meta property=\"og:image:height\" content=\"800\" \/>\n\t<meta property=\"og:image:type\" content=\"image\/jpeg\" \/>\n<meta name=\"author\" content=\"Equipe MH\" \/>\n<meta name=\"twitter:card\" content=\"summary_large_image\" \/>\n<meta name=\"twitter:label1\" content=\"Escrito por\" \/>\n\t<meta name=\"twitter:data1\" content=\"Equipe MH\" \/>\n\t<meta name=\"twitter:label2\" content=\"Est. tempo de leitura\" \/>\n\t<meta name=\"twitter:data2\" content=\"2 minutos\" \/>\n<script type=\"application\/ld+json\" class=\"yoast-schema-graph\">{\"@context\":\"https:\/\/schema.org\",\"@graph\":[{\"@type\":\"Article\",\"@id\":\"https:\/\/mhcalculos.com.br\/noticias\/area\/tributario\/stf-rejeitado-pedido-de-suspensao-de-processo-ate-a-modulacao-em-caso-com-repercussao-geral.html#article\",\"isPartOf\":{\"@id\":\"https:\/\/mhcalculos.com.br\/noticias\/area\/tributario\/stf-rejeitado-pedido-de-suspensao-de-processo-ate-a-modulacao-em-caso-com-repercussao-geral.html\"},\"author\":{\"name\":\"Equipe MH\",\"@id\":\"https:\/\/mhcalculos.com.br\/noticias\/#\/schema\/person\/88d1c34bf72dc779ea14a5a6b8e0ae8d\"},\"headline\":\"STF: Rejeitado pedido de suspens\u00e3o de processo at\u00e9 a modula\u00e7\u00e3o em caso com repercuss\u00e3o geral\",\"datePublished\":\"2018-08-11T02:30:42+00:00\",\"dateModified\":\"2021-07-28T17:34:17+00:00\",\"mainEntityOfPage\":{\"@id\":\"https:\/\/mhcalculos.com.br\/noticias\/area\/tributario\/stf-rejeitado-pedido-de-suspensao-de-processo-ate-a-modulacao-em-caso-com-repercussao-geral.html\"},\"wordCount\":463,\"commentCount\":0,\"image\":{\"@id\":\"https:\/\/mhcalculos.com.br\/noticias\/area\/tributario\/stf-rejeitado-pedido-de-suspensao-de-processo-ate-a-modulacao-em-caso-com-repercussao-geral.html#primaryimage\"},\"thumbnailUrl\":\"https:\/\/mhcalculos.com.br\/noticias\/wp-content\/uploads\/sites\/2\/2018\/06\/tributario-0002.jpg\",\"keywords\":[\"c\u00e1lculos judiciais\",\"c\u00e1lculos tribut\u00e1rios\",\"direito tribut\u00e1rio\",\"d\u00edvida ativa\",\"fazenda p\u00fablica\",\"Imposto\",\"per\u00edcia\",\"perito\",\"stf\"],\"articleSection\":[\"Direito Tribut\u00e1rio\",\"STF\"],\"inLanguage\":\"pt-BR\",\"potentialAction\":[{\"@type\":\"CommentAction\",\"name\":\"Comment\",\"target\":[\"https:\/\/mhcalculos.com.br\/noticias\/area\/tributario\/stf-rejeitado-pedido-de-suspensao-de-processo-ate-a-modulacao-em-caso-com-repercussao-geral.html#respond\"]}]},{\"@type\":\"WebPage\",\"@id\":\"https:\/\/mhcalculos.com.br\/noticias\/area\/tributario\/stf-rejeitado-pedido-de-suspensao-de-processo-ate-a-modulacao-em-caso-com-repercussao-geral.html\",\"url\":\"https:\/\/mhcalculos.com.br\/noticias\/area\/tributario\/stf-rejeitado-pedido-de-suspensao-de-processo-ate-a-modulacao-em-caso-com-repercussao-geral.html\",\"name\":\"STF: Rejeitado pedido de suspens\u00e3o de processo at\u00e9 a modula\u00e7\u00e3o em caso com repercuss\u00e3o geral | Portal de Not\u00edcias\",\"isPartOf\":{\"@id\":\"https:\/\/mhcalculos.com.br\/noticias\/#website\"},\"primaryImageOfPage\":{\"@id\":\"https:\/\/mhcalculos.com.br\/noticias\/area\/tributario\/stf-rejeitado-pedido-de-suspensao-de-processo-ate-a-modulacao-em-caso-com-repercussao-geral.html#primaryimage\"},\"image\":{\"@id\":\"https:\/\/mhcalculos.com.br\/noticias\/area\/tributario\/stf-rejeitado-pedido-de-suspensao-de-processo-ate-a-modulacao-em-caso-com-repercussao-geral.html#primaryimage\"},\"thumbnailUrl\":\"https:\/\/mhcalculos.com.br\/noticias\/wp-content\/uploads\/sites\/2\/2018\/06\/tributario-0002.jpg\",\"datePublished\":\"2018-08-11T02:30:42+00:00\",\"dateModified\":\"2021-07-28T17:34:17+00:00\",\"author\":{\"@id\":\"https:\/\/mhcalculos.com.br\/noticias\/#\/schema\/person\/88d1c34bf72dc779ea14a5a6b8e0ae8d\"},\"breadcrumb\":{\"@id\":\"https:\/\/mhcalculos.com.br\/noticias\/area\/tributario\/stf-rejeitado-pedido-de-suspensao-de-processo-ate-a-modulacao-em-caso-com-repercussao-geral.html#breadcrumb\"},\"inLanguage\":\"pt-BR\",\"potentialAction\":[{\"@type\":\"ReadAction\",\"target\":[\"https:\/\/mhcalculos.com.br\/noticias\/area\/tributario\/stf-rejeitado-pedido-de-suspensao-de-processo-ate-a-modulacao-em-caso-com-repercussao-geral.html\"]}]},{\"@type\":\"ImageObject\",\"inLanguage\":\"pt-BR\",\"@id\":\"https:\/\/mhcalculos.com.br\/noticias\/area\/tributario\/stf-rejeitado-pedido-de-suspensao-de-processo-ate-a-modulacao-em-caso-com-repercussao-geral.html#primaryimage\",\"url\":\"https:\/\/mhcalculos.com.br\/noticias\/wp-content\/uploads\/sites\/2\/2018\/06\/tributario-0002.jpg\",\"contentUrl\":\"https:\/\/mhcalculos.com.br\/noticias\/wp-content\/uploads\/sites\/2\/2018\/06\/tributario-0002.jpg\",\"width\":2000,\"height\":800},{\"@type\":\"BreadcrumbList\",\"@id\":\"https:\/\/mhcalculos.com.br\/noticias\/area\/tributario\/stf-rejeitado-pedido-de-suspensao-de-processo-ate-a-modulacao-em-caso-com-repercussao-geral.html#breadcrumb\",\"itemListElement\":[{\"@type\":\"ListItem\",\"position\":1,\"name\":\"In\u00edcio\",\"item\":\"https:\/\/mhcalculos.com.br\/noticias\/\"},{\"@type\":\"ListItem\",\"position\":2,\"name\":\"STF: Rejeitado pedido de suspens\u00e3o de processo at\u00e9 a modula\u00e7\u00e3o em caso com repercuss\u00e3o geral\"}]},{\"@type\":\"WebSite\",\"@id\":\"https:\/\/mhcalculos.com.br\/noticias\/#website\",\"url\":\"https:\/\/mhcalculos.com.br\/noticias\/\",\"name\":\"Portal de Not\u00edcias\",\"description\":\"Not\u00edcias e Jurisprud\u00eancia\",\"potentialAction\":[{\"@type\":\"SearchAction\",\"target\":{\"@type\":\"EntryPoint\",\"urlTemplate\":\"https:\/\/mhcalculos.com.br\/noticias\/?s={search_term_string}\"},\"query-input\":{\"@type\":\"PropertyValueSpecification\",\"valueRequired\":true,\"valueName\":\"search_term_string\"}}],\"inLanguage\":\"pt-BR\"},{\"@type\":\"Person\",\"@id\":\"https:\/\/mhcalculos.com.br\/noticias\/#\/schema\/person\/88d1c34bf72dc779ea14a5a6b8e0ae8d\",\"name\":\"Equipe MH\",\"image\":{\"@type\":\"ImageObject\",\"inLanguage\":\"pt-BR\",\"@id\":\"https:\/\/secure.gravatar.com\/avatar\/de1c686c2ecc9c5a3f327e3431d819eb39f8f05d4e1045f5a1caad6daaba987f?s=96&d=mm&r=g\",\"url\":\"https:\/\/secure.gravatar.com\/avatar\/de1c686c2ecc9c5a3f327e3431d819eb39f8f05d4e1045f5a1caad6daaba987f?s=96&d=mm&r=g\",\"contentUrl\":\"https:\/\/secure.gravatar.com\/avatar\/de1c686c2ecc9c5a3f327e3431d819eb39f8f05d4e1045f5a1caad6daaba987f?s=96&d=mm&r=g\",\"caption\":\"Equipe MH\"}}]}<\/script>\n<!-- \/ Yoast SEO plugin. -->","yoast_head_json":{"title":"STF: Rejeitado pedido de suspens\u00e3o de processo at\u00e9 a modula\u00e7\u00e3o em caso com repercuss\u00e3o geral | Portal de Not\u00edcias","robots":{"index":"index","follow":"follow","max-snippet":"max-snippet:-1","max-image-preview":"max-image-preview:large","max-video-preview":"max-video-preview:-1"},"canonical":"https:\/\/mhcalculos.com.br\/noticias\/area\/tributario\/stf-rejeitado-pedido-de-suspensao-de-processo-ate-a-modulacao-em-caso-com-repercussao-geral.html","og_locale":"pt_BR","og_type":"article","og_title":"STF: Rejeitado pedido de suspens\u00e3o de processo at\u00e9 a modula\u00e7\u00e3o em caso com repercuss\u00e3o geral | Portal de Not\u00edcias","og_description":"O ministro Celso de Mello, do Supremo Tribunal Federal (STF), negou seguimento (julgou invi\u00e1vel) \u00e0 Reclama\u00e7\u00e3o (RCL) 30996, ajuizada pela Uni\u00e3o contra ac\u00f3rd\u00e3o do Tribunal Regional Federal da 3\u00aa Regi\u00e3o (TRF-3) que rejeitou pedido da Fazenda Nacional para sobrestar processo relativo \u00e0 inclus\u00e3o do Imposto Sobre Circula\u00e7\u00e3o de Mercadorias e Servi\u00e7os (ICMS) na base de [&hellip;]","og_url":"https:\/\/mhcalculos.com.br\/noticias\/area\/tributario\/stf-rejeitado-pedido-de-suspensao-de-processo-ate-a-modulacao-em-caso-com-repercussao-geral.html","og_site_name":"Portal de Not\u00edcias","article_published_time":"2018-08-11T02:30:42+00:00","article_modified_time":"2021-07-28T17:34:17+00:00","og_image":[{"width":2000,"height":800,"url":"https:\/\/mhcalculos.com.br\/noticias\/wp-content\/uploads\/sites\/2\/2018\/06\/tributario-0002.jpg","type":"image\/jpeg"}],"author":"Equipe MH","twitter_card":"summary_large_image","twitter_misc":{"Escrito por":"Equipe MH","Est. tempo de leitura":"2 minutos"},"schema":{"@context":"https:\/\/schema.org","@graph":[{"@type":"Article","@id":"https:\/\/mhcalculos.com.br\/noticias\/area\/tributario\/stf-rejeitado-pedido-de-suspensao-de-processo-ate-a-modulacao-em-caso-com-repercussao-geral.html#article","isPartOf":{"@id":"https:\/\/mhcalculos.com.br\/noticias\/area\/tributario\/stf-rejeitado-pedido-de-suspensao-de-processo-ate-a-modulacao-em-caso-com-repercussao-geral.html"},"author":{"name":"Equipe MH","@id":"https:\/\/mhcalculos.com.br\/noticias\/#\/schema\/person\/88d1c34bf72dc779ea14a5a6b8e0ae8d"},"headline":"STF: Rejeitado pedido de suspens\u00e3o de processo at\u00e9 a modula\u00e7\u00e3o em caso com repercuss\u00e3o geral","datePublished":"2018-08-11T02:30:42+00:00","dateModified":"2021-07-28T17:34:17+00:00","mainEntityOfPage":{"@id":"https:\/\/mhcalculos.com.br\/noticias\/area\/tributario\/stf-rejeitado-pedido-de-suspensao-de-processo-ate-a-modulacao-em-caso-com-repercussao-geral.html"},"wordCount":463,"commentCount":0,"image":{"@id":"https:\/\/mhcalculos.com.br\/noticias\/area\/tributario\/stf-rejeitado-pedido-de-suspensao-de-processo-ate-a-modulacao-em-caso-com-repercussao-geral.html#primaryimage"},"thumbnailUrl":"https:\/\/mhcalculos.com.br\/noticias\/wp-content\/uploads\/sites\/2\/2018\/06\/tributario-0002.jpg","keywords":["c\u00e1lculos judiciais","c\u00e1lculos tribut\u00e1rios","direito tribut\u00e1rio","d\u00edvida ativa","fazenda p\u00fablica","Imposto","per\u00edcia","perito","stf"],"articleSection":["Direito Tribut\u00e1rio","STF"],"inLanguage":"pt-BR","potentialAction":[{"@type":"CommentAction","name":"Comment","target":["https:\/\/mhcalculos.com.br\/noticias\/area\/tributario\/stf-rejeitado-pedido-de-suspensao-de-processo-ate-a-modulacao-em-caso-com-repercussao-geral.html#respond"]}]},{"@type":"WebPage","@id":"https:\/\/mhcalculos.com.br\/noticias\/area\/tributario\/stf-rejeitado-pedido-de-suspensao-de-processo-ate-a-modulacao-em-caso-com-repercussao-geral.html","url":"https:\/\/mhcalculos.com.br\/noticias\/area\/tributario\/stf-rejeitado-pedido-de-suspensao-de-processo-ate-a-modulacao-em-caso-com-repercussao-geral.html","name":"STF: Rejeitado pedido de suspens\u00e3o de processo at\u00e9 a modula\u00e7\u00e3o em caso com repercuss\u00e3o geral | Portal de Not\u00edcias","isPartOf":{"@id":"https:\/\/mhcalculos.com.br\/noticias\/#website"},"primaryImageOfPage":{"@id":"https:\/\/mhcalculos.com.br\/noticias\/area\/tributario\/stf-rejeitado-pedido-de-suspensao-de-processo-ate-a-modulacao-em-caso-com-repercussao-geral.html#primaryimage"},"image":{"@id":"https:\/\/mhcalculos.com.br\/noticias\/area\/tributario\/stf-rejeitado-pedido-de-suspensao-de-processo-ate-a-modulacao-em-caso-com-repercussao-geral.html#primaryimage"},"thumbnailUrl":"https:\/\/mhcalculos.com.br\/noticias\/wp-content\/uploads\/sites\/2\/2018\/06\/tributario-0002.jpg","datePublished":"2018-08-11T02:30:42+00:00","dateModified":"2021-07-28T17:34:17+00:00","author":{"@id":"https:\/\/mhcalculos.com.br\/noticias\/#\/schema\/person\/88d1c34bf72dc779ea14a5a6b8e0ae8d"},"breadcrumb":{"@id":"https:\/\/mhcalculos.com.br\/noticias\/area\/tributario\/stf-rejeitado-pedido-de-suspensao-de-processo-ate-a-modulacao-em-caso-com-repercussao-geral.html#breadcrumb"},"inLanguage":"pt-BR","potentialAction":[{"@type":"ReadAction","target":["https:\/\/mhcalculos.com.br\/noticias\/area\/tributario\/stf-rejeitado-pedido-de-suspensao-de-processo-ate-a-modulacao-em-caso-com-repercussao-geral.html"]}]},{"@type":"ImageObject","inLanguage":"pt-BR","@id":"https:\/\/mhcalculos.com.br\/noticias\/area\/tributario\/stf-rejeitado-pedido-de-suspensao-de-processo-ate-a-modulacao-em-caso-com-repercussao-geral.html#primaryimage","url":"https:\/\/mhcalculos.com.br\/noticias\/wp-content\/uploads\/sites\/2\/2018\/06\/tributario-0002.jpg","contentUrl":"https:\/\/mhcalculos.com.br\/noticias\/wp-content\/uploads\/sites\/2\/2018\/06\/tributario-0002.jpg","width":2000,"height":800},{"@type":"BreadcrumbList","@id":"https:\/\/mhcalculos.com.br\/noticias\/area\/tributario\/stf-rejeitado-pedido-de-suspensao-de-processo-ate-a-modulacao-em-caso-com-repercussao-geral.html#breadcrumb","itemListElement":[{"@type":"ListItem","position":1,"name":"In\u00edcio","item":"https:\/\/mhcalculos.com.br\/noticias\/"},{"@type":"ListItem","position":2,"name":"STF: Rejeitado pedido de suspens\u00e3o de processo at\u00e9 a modula\u00e7\u00e3o em caso com repercuss\u00e3o geral"}]},{"@type":"WebSite","@id":"https:\/\/mhcalculos.com.br\/noticias\/#website","url":"https:\/\/mhcalculos.com.br\/noticias\/","name":"Portal de Not\u00edcias","description":"Not\u00edcias e Jurisprud\u00eancia","potentialAction":[{"@type":"SearchAction","target":{"@type":"EntryPoint","urlTemplate":"https:\/\/mhcalculos.com.br\/noticias\/?s={search_term_string}"},"query-input":{"@type":"PropertyValueSpecification","valueRequired":true,"valueName":"search_term_string"}}],"inLanguage":"pt-BR"},{"@type":"Person","@id":"https:\/\/mhcalculos.com.br\/noticias\/#\/schema\/person\/88d1c34bf72dc779ea14a5a6b8e0ae8d","name":"Equipe MH","image":{"@type":"ImageObject","inLanguage":"pt-BR","@id":"https:\/\/secure.gravatar.com\/avatar\/de1c686c2ecc9c5a3f327e3431d819eb39f8f05d4e1045f5a1caad6daaba987f?s=96&d=mm&r=g","url":"https:\/\/secure.gravatar.com\/avatar\/de1c686c2ecc9c5a3f327e3431d819eb39f8f05d4e1045f5a1caad6daaba987f?s=96&d=mm&r=g","contentUrl":"https:\/\/secure.gravatar.com\/avatar\/de1c686c2ecc9c5a3f327e3431d819eb39f8f05d4e1045f5a1caad6daaba987f?s=96&d=mm&r=g","caption":"Equipe MH"}}]}},"_links":{"self":[{"href":"https:\/\/mhcalculos.com.br\/noticias\/wp-json\/wp\/v2\/posts\/2753","targetHints":{"allow":["GET"]}}],"collection":[{"href":"https:\/\/mhcalculos.com.br\/noticias\/wp-json\/wp\/v2\/posts"}],"about":[{"href":"https:\/\/mhcalculos.com.br\/noticias\/wp-json\/wp\/v2\/types\/post"}],"author":[{"embeddable":true,"href":"https:\/\/mhcalculos.com.br\/noticias\/wp-json\/wp\/v2\/users\/3063"}],"replies":[{"embeddable":true,"href":"https:\/\/mhcalculos.com.br\/noticias\/wp-json\/wp\/v2\/comments?post=2753"}],"version-history":[{"count":1,"href":"https:\/\/mhcalculos.com.br\/noticias\/wp-json\/wp\/v2\/posts\/2753\/revisions"}],"predecessor-version":[{"id":6804,"href":"https:\/\/mhcalculos.com.br\/noticias\/wp-json\/wp\/v2\/posts\/2753\/revisions\/6804"}],"wp:featuredmedia":[{"embeddable":true,"href":"https:\/\/mhcalculos.com.br\/noticias\/wp-json\/wp\/v2\/media\/2157"}],"wp:attachment":[{"href":"https:\/\/mhcalculos.com.br\/noticias\/wp-json\/wp\/v2\/media?parent=2753"}],"wp:term":[{"taxonomy":"category","embeddable":true,"href":"https:\/\/mhcalculos.com.br\/noticias\/wp-json\/wp\/v2\/categories?post=2753"},{"taxonomy":"post_tag","embeddable":true,"href":"https:\/\/mhcalculos.com.br\/noticias\/wp-json\/wp\/v2\/tags?post=2753"}],"curies":[{"name":"wp","href":"https:\/\/api.w.org\/{rel}","templated":true}]}}