{"id":2715,"date":"2018-08-08T14:06:19","date_gmt":"2018-08-08T17:06:19","guid":{"rendered":"https:\/\/mhcalculos.com.br\/noticias\/2018\/08\/08\/stf-federacao-questiona-normas-do-rs-sobre-transporte-de-combustiveis\/"},"modified":"2021-07-28T14:34:19","modified_gmt":"2021-07-28T17:34:19","slug":"stf-federacao-questiona-normas-do-rs-sobre-transporte-de-combustiveis","status":"publish","type":"post","link":"https:\/\/mhcalculos.com.br\/noticias\/area\/previdenciario\/stf-federacao-questiona-normas-do-rs-sobre-transporte-de-combustiveis.html","title":{"rendered":"STF: Federa\u00e7\u00e3o questiona normas do RS sobre transporte de combust\u00edveis"},"content":{"rendered":"<p><br \/>\n<\/p>\n<p>A Federa\u00e7\u00e3o Nacional das Distribuidoras de Combust\u00edveis, G\u00e1s Natural e Biocombust\u00edvel (Brasilcom) ajuizou no Supremo Tribunal Federal (STF) a\u00e7\u00e3o, com pedido de liminar, para questionar lei do Rio Grande do Sul que estabelece regras para o transporte de cargas perigosas. Na A\u00e7\u00e3o Direta de Inconstitucionalidade (ADI) 5979, a entidade alega que a legisla\u00e7\u00e3o questionada invade compet\u00eancia privativa da Uni\u00e3o ao abordar temas do direito do transporte, trabalho e organiza\u00e7\u00e3o do sistema nacional de emprego e condi\u00e7\u00f5es para o exerc\u00edcio de profiss\u00f5es.<\/p>\n<p>O objeto da a\u00e7\u00e3o \u00e9 a Lei Estadual 14.870\/2016, a qual alterou a Lei Estadual 7.877\/1983, introduzindo requisitos sobre a regularidade das condi\u00e7\u00f5es de trabalho, previd\u00eancia social e sa\u00fade dos condutores de ve\u00edculos de cargas perigosas derivadas de petr\u00f3leo. A entidade informa que a norma est\u00e1 causando entraves e preju\u00edzos ao exerc\u00edcio da atividade de distribui\u00e7\u00e3o de combust\u00edveis.<\/p>\n<p>&ldquo;As exig\u00eancias impostas no diploma legal estadual sob comento &ndash; comprova\u00e7\u00e3o de regularidade das condi\u00e7\u00f5es de trabalho, da previd\u00eancia social e de sa\u00fade ocupacional, dispostas pelo Minist\u00e9rio do Trabalho e Previd\u00eancia Social &ndash; t\u00eam n\u00edtida natureza trabalhista&rdquo;, diz a a\u00e7\u00e3o.<\/p>\n<p>Cita tamb\u00e9m legisla\u00e7\u00e3o federal disciplinando o exerc\u00edcio da profiss\u00e3o de condutor, requisitos da habilita\u00e7\u00e3o para o transporte de cargas perigosas e normas editadas pela Ag\u00eancia Nacional de Transportes Terrestres (ANTT) e Ag\u00eancia Nacional do Petr\u00f3leo (ANP), dispondo sobre a compet\u00eancia para regula\u00e7\u00e3o do tema, rol de produtos perigosos e o transporte de combust\u00edveis e disposi\u00e7\u00f5es sobre a mat\u00e9ria. A normatiza\u00e7\u00e3o existente demonstra a invas\u00e3o de compet\u00eancia Federal pela norma estadual, sustenta o pedido.<\/p>\n<p><b>Rito abreviado<\/b><\/p>\n<p>O relator da ADI 5979, ministro Gilmar Mendes, aplicou ao caso o rito abreviado previsto no artigo 12 da Lei 9.868\/1999 (Lei das ADIs), que permite o julgamento definitivo da a\u00e7\u00e3o pelo Plen\u00e1rio, sem pr\u00e9via an\u00e1lise do pedido de liminar. Ele requisitou informa\u00e7\u00f5es ao governador do estado e \u00e0 Assembleia Legislativa, a serem prestadas no prazo de 10 dias. Ap\u00f3s esse per\u00edodo, os autos devem ser encaminhados, sucessivamente, no prazo de cinco dias, \u00e0 advogada-geral da Uni\u00e3o e \u00e0 procuradora-geral da Rep\u00fablica, para que se manifestem sobre a mat\u00e9ria.<\/p>\n<p><span style=\"font-size: smaller\">FT\/CR<\/span><br \/>\n&nbsp;<\/p>\n<p><i>Com informa\u00e7\u00f5es da assessoria de imprensa do STF.<\/i><br \/>\n<br \/><br \/>\n<br \/><a href=\"http:\/\/www.stf.jus.br\/portal\/cms\/verNoticiaDetalhe.asp?idConteudo=386130\">Fonte<\/a><\/p>\n","protected":false},"excerpt":{"rendered":"<p>A Federa\u00e7\u00e3o Nacional das Distribuidoras de Combust\u00edveis, G\u00e1s Natural e Biocombust\u00edvel (Brasilcom) ajuizou no Supremo Tribunal Federal (STF) a\u00e7\u00e3o, com pedido de liminar, para questionar lei do Rio Grande do Sul que estabelece regras para o transporte de cargas perigosas. Na A\u00e7\u00e3o Direta de Inconstitucionalidade (ADI) 5979, a entidade alega que a legisla\u00e7\u00e3o questionada invade [&hellip;]<\/p>\n","protected":false},"author":3063,"featured_media":2662,"comment_status":"open","ping_status":"open","sticky":false,"template":"","format":"standard","meta":{"footnotes":""},"categories":[5,15],"tags":[11,10,8,13,9,12,16],"class_list":{"0":"post-2715","1":"post","2":"type-post","3":"status-publish","4":"format-standard","5":"has-post-thumbnail","7":"category-previdenciario","8":"category-stf","9":"tag-aposentadoria","10":"tag-calculos-previdenciarios","11":"tag-direito-previdenciario","12":"tag-inss","13":"tag-pericia","14":"tag-perito","15":"tag-stf"},"yoast_head":"<!-- This site is optimized with the Yoast SEO plugin v27.2 - https:\/\/yoast.com\/product\/yoast-seo-wordpress\/ -->\n<title>STF: Federa\u00e7\u00e3o questiona normas do RS sobre transporte de combust\u00edveis | Portal de Not\u00edcias<\/title>\n<meta name=\"robots\" content=\"index, follow, max-snippet:-1, max-image-preview:large, max-video-preview:-1\" \/>\n<link rel=\"canonical\" href=\"https:\/\/mhcalculos.com.br\/noticias\/area\/previdenciario\/stf-federacao-questiona-normas-do-rs-sobre-transporte-de-combustiveis.html\" \/>\n<meta property=\"og:locale\" content=\"pt_BR\" \/>\n<meta property=\"og:type\" content=\"article\" \/>\n<meta property=\"og:title\" content=\"STF: Federa\u00e7\u00e3o questiona normas do RS sobre transporte de combust\u00edveis | Portal de Not\u00edcias\" \/>\n<meta property=\"og:description\" content=\"A Federa\u00e7\u00e3o Nacional das Distribuidoras de Combust\u00edveis, G\u00e1s Natural e Biocombust\u00edvel (Brasilcom) ajuizou no Supremo Tribunal Federal (STF) a\u00e7\u00e3o, com pedido de liminar, para questionar lei do Rio Grande do Sul que estabelece regras para o transporte de cargas perigosas. Na A\u00e7\u00e3o Direta de Inconstitucionalidade (ADI) 5979, a entidade alega que a legisla\u00e7\u00e3o questionada invade [&hellip;]\" \/>\n<meta property=\"og:url\" content=\"https:\/\/mhcalculos.com.br\/noticias\/area\/previdenciario\/stf-federacao-questiona-normas-do-rs-sobre-transporte-de-combustiveis.html\" \/>\n<meta property=\"og:site_name\" content=\"Portal de Not\u00edcias\" \/>\n<meta property=\"article:published_time\" content=\"2018-08-08T17:06:19+00:00\" \/>\n<meta property=\"article:modified_time\" content=\"2021-07-28T17:34:19+00:00\" \/>\n<meta property=\"og:image\" content=\"https:\/\/mhcalculos.com.br\/noticias\/wp-content\/uploads\/sites\/2\/2018\/07\/previdenciario-0007.jpg\" \/>\n\t<meta property=\"og:image:width\" content=\"2000\" \/>\n\t<meta property=\"og:image:height\" content=\"800\" \/>\n\t<meta property=\"og:image:type\" content=\"image\/jpeg\" \/>\n<meta name=\"author\" content=\"Equipe MH\" \/>\n<meta name=\"twitter:card\" content=\"summary_large_image\" \/>\n<meta name=\"twitter:label1\" content=\"Escrito por\" \/>\n\t<meta name=\"twitter:data1\" content=\"Equipe MH\" \/>\n\t<meta name=\"twitter:label2\" content=\"Est. tempo de leitura\" \/>\n\t<meta name=\"twitter:data2\" content=\"2 minutos\" \/>\n<script type=\"application\/ld+json\" class=\"yoast-schema-graph\">{\"@context\":\"https:\/\/schema.org\",\"@graph\":[{\"@type\":\"Article\",\"@id\":\"https:\/\/mhcalculos.com.br\/noticias\/area\/previdenciario\/stf-federacao-questiona-normas-do-rs-sobre-transporte-de-combustiveis.html#article\",\"isPartOf\":{\"@id\":\"https:\/\/mhcalculos.com.br\/noticias\/area\/previdenciario\/stf-federacao-questiona-normas-do-rs-sobre-transporte-de-combustiveis.html\"},\"author\":{\"name\":\"Equipe MH\",\"@id\":\"https:\/\/mhcalculos.com.br\/noticias\/#\/schema\/person\/88d1c34bf72dc779ea14a5a6b8e0ae8d\"},\"headline\":\"STF: Federa\u00e7\u00e3o questiona normas do RS sobre transporte de combust\u00edveis\",\"datePublished\":\"2018-08-08T17:06:19+00:00\",\"dateModified\":\"2021-07-28T17:34:19+00:00\",\"mainEntityOfPage\":{\"@id\":\"https:\/\/mhcalculos.com.br\/noticias\/area\/previdenciario\/stf-federacao-questiona-normas-do-rs-sobre-transporte-de-combustiveis.html\"},\"wordCount\":420,\"commentCount\":0,\"image\":{\"@id\":\"https:\/\/mhcalculos.com.br\/noticias\/area\/previdenciario\/stf-federacao-questiona-normas-do-rs-sobre-transporte-de-combustiveis.html#primaryimage\"},\"thumbnailUrl\":\"https:\/\/mhcalculos.com.br\/noticias\/wp-content\/uploads\/sites\/2\/2018\/07\/previdenciario-0007.jpg\",\"keywords\":[\"aposentadoria\",\"c\u00e1lculos previdenci\u00e1rios\",\"direito previdenci\u00e1rio\",\"inss\",\"per\u00edcia\",\"perito\",\"stf\"],\"articleSection\":[\"Direito Previdenci\u00e1rio\",\"STF\"],\"inLanguage\":\"pt-BR\",\"potentialAction\":[{\"@type\":\"CommentAction\",\"name\":\"Comment\",\"target\":[\"https:\/\/mhcalculos.com.br\/noticias\/area\/previdenciario\/stf-federacao-questiona-normas-do-rs-sobre-transporte-de-combustiveis.html#respond\"]}]},{\"@type\":\"WebPage\",\"@id\":\"https:\/\/mhcalculos.com.br\/noticias\/area\/previdenciario\/stf-federacao-questiona-normas-do-rs-sobre-transporte-de-combustiveis.html\",\"url\":\"https:\/\/mhcalculos.com.br\/noticias\/area\/previdenciario\/stf-federacao-questiona-normas-do-rs-sobre-transporte-de-combustiveis.html\",\"name\":\"STF: Federa\u00e7\u00e3o questiona normas do RS sobre transporte de combust\u00edveis | Portal de Not\u00edcias\",\"isPartOf\":{\"@id\":\"https:\/\/mhcalculos.com.br\/noticias\/#website\"},\"primaryImageOfPage\":{\"@id\":\"https:\/\/mhcalculos.com.br\/noticias\/area\/previdenciario\/stf-federacao-questiona-normas-do-rs-sobre-transporte-de-combustiveis.html#primaryimage\"},\"image\":{\"@id\":\"https:\/\/mhcalculos.com.br\/noticias\/area\/previdenciario\/stf-federacao-questiona-normas-do-rs-sobre-transporte-de-combustiveis.html#primaryimage\"},\"thumbnailUrl\":\"https:\/\/mhcalculos.com.br\/noticias\/wp-content\/uploads\/sites\/2\/2018\/07\/previdenciario-0007.jpg\",\"datePublished\":\"2018-08-08T17:06:19+00:00\",\"dateModified\":\"2021-07-28T17:34:19+00:00\",\"author\":{\"@id\":\"https:\/\/mhcalculos.com.br\/noticias\/#\/schema\/person\/88d1c34bf72dc779ea14a5a6b8e0ae8d\"},\"breadcrumb\":{\"@id\":\"https:\/\/mhcalculos.com.br\/noticias\/area\/previdenciario\/stf-federacao-questiona-normas-do-rs-sobre-transporte-de-combustiveis.html#breadcrumb\"},\"inLanguage\":\"pt-BR\",\"potentialAction\":[{\"@type\":\"ReadAction\",\"target\":[\"https:\/\/mhcalculos.com.br\/noticias\/area\/previdenciario\/stf-federacao-questiona-normas-do-rs-sobre-transporte-de-combustiveis.html\"]}]},{\"@type\":\"ImageObject\",\"inLanguage\":\"pt-BR\",\"@id\":\"https:\/\/mhcalculos.com.br\/noticias\/area\/previdenciario\/stf-federacao-questiona-normas-do-rs-sobre-transporte-de-combustiveis.html#primaryimage\",\"url\":\"https:\/\/mhcalculos.com.br\/noticias\/wp-content\/uploads\/sites\/2\/2018\/07\/previdenciario-0007.jpg\",\"contentUrl\":\"https:\/\/mhcalculos.com.br\/noticias\/wp-content\/uploads\/sites\/2\/2018\/07\/previdenciario-0007.jpg\",\"width\":2000,\"height\":800,\"caption\":\"Mantida a\u00e7\u00e3o penal contra denunciado por suposto desvio de benef\u00edcios de aux\u00edlio-reclus\u00e3o em Mato Grosso\"},{\"@type\":\"BreadcrumbList\",\"@id\":\"https:\/\/mhcalculos.com.br\/noticias\/area\/previdenciario\/stf-federacao-questiona-normas-do-rs-sobre-transporte-de-combustiveis.html#breadcrumb\",\"itemListElement\":[{\"@type\":\"ListItem\",\"position\":1,\"name\":\"In\u00edcio\",\"item\":\"https:\/\/mhcalculos.com.br\/noticias\/\"},{\"@type\":\"ListItem\",\"position\":2,\"name\":\"STF: Federa\u00e7\u00e3o questiona normas do RS sobre transporte de combust\u00edveis\"}]},{\"@type\":\"WebSite\",\"@id\":\"https:\/\/mhcalculos.com.br\/noticias\/#website\",\"url\":\"https:\/\/mhcalculos.com.br\/noticias\/\",\"name\":\"Portal de Not\u00edcias\",\"description\":\"Not\u00edcias e Jurisprud\u00eancia\",\"potentialAction\":[{\"@type\":\"SearchAction\",\"target\":{\"@type\":\"EntryPoint\",\"urlTemplate\":\"https:\/\/mhcalculos.com.br\/noticias\/?s={search_term_string}\"},\"query-input\":{\"@type\":\"PropertyValueSpecification\",\"valueRequired\":true,\"valueName\":\"search_term_string\"}}],\"inLanguage\":\"pt-BR\"},{\"@type\":\"Person\",\"@id\":\"https:\/\/mhcalculos.com.br\/noticias\/#\/schema\/person\/88d1c34bf72dc779ea14a5a6b8e0ae8d\",\"name\":\"Equipe MH\",\"image\":{\"@type\":\"ImageObject\",\"inLanguage\":\"pt-BR\",\"@id\":\"https:\/\/secure.gravatar.com\/avatar\/de1c686c2ecc9c5a3f327e3431d819eb39f8f05d4e1045f5a1caad6daaba987f?s=96&d=mm&r=g\",\"url\":\"https:\/\/secure.gravatar.com\/avatar\/de1c686c2ecc9c5a3f327e3431d819eb39f8f05d4e1045f5a1caad6daaba987f?s=96&d=mm&r=g\",\"contentUrl\":\"https:\/\/secure.gravatar.com\/avatar\/de1c686c2ecc9c5a3f327e3431d819eb39f8f05d4e1045f5a1caad6daaba987f?s=96&d=mm&r=g\",\"caption\":\"Equipe MH\"}}]}<\/script>\n<!-- \/ Yoast SEO plugin. -->","yoast_head_json":{"title":"STF: Federa\u00e7\u00e3o questiona normas do RS sobre transporte de combust\u00edveis | Portal de Not\u00edcias","robots":{"index":"index","follow":"follow","max-snippet":"max-snippet:-1","max-image-preview":"max-image-preview:large","max-video-preview":"max-video-preview:-1"},"canonical":"https:\/\/mhcalculos.com.br\/noticias\/area\/previdenciario\/stf-federacao-questiona-normas-do-rs-sobre-transporte-de-combustiveis.html","og_locale":"pt_BR","og_type":"article","og_title":"STF: Federa\u00e7\u00e3o questiona normas do RS sobre transporte de combust\u00edveis | Portal de Not\u00edcias","og_description":"A Federa\u00e7\u00e3o Nacional das Distribuidoras de Combust\u00edveis, G\u00e1s Natural e Biocombust\u00edvel (Brasilcom) ajuizou no Supremo Tribunal Federal (STF) a\u00e7\u00e3o, com pedido de liminar, para questionar lei do Rio Grande do Sul que estabelece regras para o transporte de cargas perigosas. Na A\u00e7\u00e3o Direta de Inconstitucionalidade (ADI) 5979, a entidade alega que a legisla\u00e7\u00e3o questionada invade [&hellip;]","og_url":"https:\/\/mhcalculos.com.br\/noticias\/area\/previdenciario\/stf-federacao-questiona-normas-do-rs-sobre-transporte-de-combustiveis.html","og_site_name":"Portal de Not\u00edcias","article_published_time":"2018-08-08T17:06:19+00:00","article_modified_time":"2021-07-28T17:34:19+00:00","og_image":[{"width":2000,"height":800,"url":"https:\/\/mhcalculos.com.br\/noticias\/wp-content\/uploads\/sites\/2\/2018\/07\/previdenciario-0007.jpg","type":"image\/jpeg"}],"author":"Equipe MH","twitter_card":"summary_large_image","twitter_misc":{"Escrito por":"Equipe MH","Est. tempo de leitura":"2 minutos"},"schema":{"@context":"https:\/\/schema.org","@graph":[{"@type":"Article","@id":"https:\/\/mhcalculos.com.br\/noticias\/area\/previdenciario\/stf-federacao-questiona-normas-do-rs-sobre-transporte-de-combustiveis.html#article","isPartOf":{"@id":"https:\/\/mhcalculos.com.br\/noticias\/area\/previdenciario\/stf-federacao-questiona-normas-do-rs-sobre-transporte-de-combustiveis.html"},"author":{"name":"Equipe MH","@id":"https:\/\/mhcalculos.com.br\/noticias\/#\/schema\/person\/88d1c34bf72dc779ea14a5a6b8e0ae8d"},"headline":"STF: Federa\u00e7\u00e3o questiona normas do RS sobre transporte de combust\u00edveis","datePublished":"2018-08-08T17:06:19+00:00","dateModified":"2021-07-28T17:34:19+00:00","mainEntityOfPage":{"@id":"https:\/\/mhcalculos.com.br\/noticias\/area\/previdenciario\/stf-federacao-questiona-normas-do-rs-sobre-transporte-de-combustiveis.html"},"wordCount":420,"commentCount":0,"image":{"@id":"https:\/\/mhcalculos.com.br\/noticias\/area\/previdenciario\/stf-federacao-questiona-normas-do-rs-sobre-transporte-de-combustiveis.html#primaryimage"},"thumbnailUrl":"https:\/\/mhcalculos.com.br\/noticias\/wp-content\/uploads\/sites\/2\/2018\/07\/previdenciario-0007.jpg","keywords":["aposentadoria","c\u00e1lculos previdenci\u00e1rios","direito previdenci\u00e1rio","inss","per\u00edcia","perito","stf"],"articleSection":["Direito Previdenci\u00e1rio","STF"],"inLanguage":"pt-BR","potentialAction":[{"@type":"CommentAction","name":"Comment","target":["https:\/\/mhcalculos.com.br\/noticias\/area\/previdenciario\/stf-federacao-questiona-normas-do-rs-sobre-transporte-de-combustiveis.html#respond"]}]},{"@type":"WebPage","@id":"https:\/\/mhcalculos.com.br\/noticias\/area\/previdenciario\/stf-federacao-questiona-normas-do-rs-sobre-transporte-de-combustiveis.html","url":"https:\/\/mhcalculos.com.br\/noticias\/area\/previdenciario\/stf-federacao-questiona-normas-do-rs-sobre-transporte-de-combustiveis.html","name":"STF: Federa\u00e7\u00e3o questiona normas do RS sobre transporte de combust\u00edveis | Portal de Not\u00edcias","isPartOf":{"@id":"https:\/\/mhcalculos.com.br\/noticias\/#website"},"primaryImageOfPage":{"@id":"https:\/\/mhcalculos.com.br\/noticias\/area\/previdenciario\/stf-federacao-questiona-normas-do-rs-sobre-transporte-de-combustiveis.html#primaryimage"},"image":{"@id":"https:\/\/mhcalculos.com.br\/noticias\/area\/previdenciario\/stf-federacao-questiona-normas-do-rs-sobre-transporte-de-combustiveis.html#primaryimage"},"thumbnailUrl":"https:\/\/mhcalculos.com.br\/noticias\/wp-content\/uploads\/sites\/2\/2018\/07\/previdenciario-0007.jpg","datePublished":"2018-08-08T17:06:19+00:00","dateModified":"2021-07-28T17:34:19+00:00","author":{"@id":"https:\/\/mhcalculos.com.br\/noticias\/#\/schema\/person\/88d1c34bf72dc779ea14a5a6b8e0ae8d"},"breadcrumb":{"@id":"https:\/\/mhcalculos.com.br\/noticias\/area\/previdenciario\/stf-federacao-questiona-normas-do-rs-sobre-transporte-de-combustiveis.html#breadcrumb"},"inLanguage":"pt-BR","potentialAction":[{"@type":"ReadAction","target":["https:\/\/mhcalculos.com.br\/noticias\/area\/previdenciario\/stf-federacao-questiona-normas-do-rs-sobre-transporte-de-combustiveis.html"]}]},{"@type":"ImageObject","inLanguage":"pt-BR","@id":"https:\/\/mhcalculos.com.br\/noticias\/area\/previdenciario\/stf-federacao-questiona-normas-do-rs-sobre-transporte-de-combustiveis.html#primaryimage","url":"https:\/\/mhcalculos.com.br\/noticias\/wp-content\/uploads\/sites\/2\/2018\/07\/previdenciario-0007.jpg","contentUrl":"https:\/\/mhcalculos.com.br\/noticias\/wp-content\/uploads\/sites\/2\/2018\/07\/previdenciario-0007.jpg","width":2000,"height":800,"caption":"Mantida a\u00e7\u00e3o penal contra denunciado por suposto desvio de benef\u00edcios de aux\u00edlio-reclus\u00e3o em Mato Grosso"},{"@type":"BreadcrumbList","@id":"https:\/\/mhcalculos.com.br\/noticias\/area\/previdenciario\/stf-federacao-questiona-normas-do-rs-sobre-transporte-de-combustiveis.html#breadcrumb","itemListElement":[{"@type":"ListItem","position":1,"name":"In\u00edcio","item":"https:\/\/mhcalculos.com.br\/noticias\/"},{"@type":"ListItem","position":2,"name":"STF: Federa\u00e7\u00e3o questiona normas do RS sobre transporte de combust\u00edveis"}]},{"@type":"WebSite","@id":"https:\/\/mhcalculos.com.br\/noticias\/#website","url":"https:\/\/mhcalculos.com.br\/noticias\/","name":"Portal de Not\u00edcias","description":"Not\u00edcias e Jurisprud\u00eancia","potentialAction":[{"@type":"SearchAction","target":{"@type":"EntryPoint","urlTemplate":"https:\/\/mhcalculos.com.br\/noticias\/?s={search_term_string}"},"query-input":{"@type":"PropertyValueSpecification","valueRequired":true,"valueName":"search_term_string"}}],"inLanguage":"pt-BR"},{"@type":"Person","@id":"https:\/\/mhcalculos.com.br\/noticias\/#\/schema\/person\/88d1c34bf72dc779ea14a5a6b8e0ae8d","name":"Equipe MH","image":{"@type":"ImageObject","inLanguage":"pt-BR","@id":"https:\/\/secure.gravatar.com\/avatar\/de1c686c2ecc9c5a3f327e3431d819eb39f8f05d4e1045f5a1caad6daaba987f?s=96&d=mm&r=g","url":"https:\/\/secure.gravatar.com\/avatar\/de1c686c2ecc9c5a3f327e3431d819eb39f8f05d4e1045f5a1caad6daaba987f?s=96&d=mm&r=g","contentUrl":"https:\/\/secure.gravatar.com\/avatar\/de1c686c2ecc9c5a3f327e3431d819eb39f8f05d4e1045f5a1caad6daaba987f?s=96&d=mm&r=g","caption":"Equipe MH"}}]}},"_links":{"self":[{"href":"https:\/\/mhcalculos.com.br\/noticias\/wp-json\/wp\/v2\/posts\/2715","targetHints":{"allow":["GET"]}}],"collection":[{"href":"https:\/\/mhcalculos.com.br\/noticias\/wp-json\/wp\/v2\/posts"}],"about":[{"href":"https:\/\/mhcalculos.com.br\/noticias\/wp-json\/wp\/v2\/types\/post"}],"author":[{"embeddable":true,"href":"https:\/\/mhcalculos.com.br\/noticias\/wp-json\/wp\/v2\/users\/3063"}],"replies":[{"embeddable":true,"href":"https:\/\/mhcalculos.com.br\/noticias\/wp-json\/wp\/v2\/comments?post=2715"}],"version-history":[{"count":1,"href":"https:\/\/mhcalculos.com.br\/noticias\/wp-json\/wp\/v2\/posts\/2715\/revisions"}],"predecessor-version":[{"id":10291,"href":"https:\/\/mhcalculos.com.br\/noticias\/wp-json\/wp\/v2\/posts\/2715\/revisions\/10291"}],"wp:featuredmedia":[{"embeddable":true,"href":"https:\/\/mhcalculos.com.br\/noticias\/wp-json\/wp\/v2\/media\/2662"}],"wp:attachment":[{"href":"https:\/\/mhcalculos.com.br\/noticias\/wp-json\/wp\/v2\/media?parent=2715"}],"wp:term":[{"taxonomy":"category","embeddable":true,"href":"https:\/\/mhcalculos.com.br\/noticias\/wp-json\/wp\/v2\/categories?post=2715"},{"taxonomy":"post_tag","embeddable":true,"href":"https:\/\/mhcalculos.com.br\/noticias\/wp-json\/wp\/v2\/tags?post=2715"}],"curies":[{"name":"wp","href":"https:\/\/api.w.org\/{rel}","templated":true}]}}