{"id":2671,"date":"2018-08-01T07:19:18","date_gmt":"2018-08-01T10:19:18","guid":{"rendered":"https:\/\/mhcalculos.com.br\/noticias\/2018\/08\/01\/stj-julgamento-de-repetitivos-e-operacoes-policiais-marcam-inicio-do-semestre-forense-no-stj\/"},"modified":"2021-07-28T14:34:21","modified_gmt":"2021-07-28T17:34:21","slug":"stj-julgamento-de-repetitivos-e-operacoes-policiais-marcam-inicio-do-semestre-forense-no-stj","status":"publish","type":"post","link":"https:\/\/mhcalculos.com.br\/noticias\/area\/previdenciario\/stj-julgamento-de-repetitivos-e-operacoes-policiais-marcam-inicio-do-semestre-forense-no-stj.html","title":{"rendered":"STJ: Julgamento de repetitivos e opera\u00e7\u00f5es policiais marcam in\u00edcio do semestre forense no STJ"},"content":{"rendered":"<p><br \/>\n<\/p>\n<p>Com o in&iacute;cio do semestre forense no dia 1&ordm; de agosto, o Superior Tribunal de Justi&ccedil;a (STJ) retoma os julgamentos colegiados, incluindo na pauta deste semestre recursos repetitivos, processos oriundos de opera&ccedil;&otilde;es de grande repercuss&atilde;o nacional como a Lava Jato e a Zelotes, e tamb&eacute;m casos importantes para a uniformiza&ccedil;&atilde;o da lei federal no pa&iacute;s.<\/p>\n<p>Segundo dados do N&uacute;cleo de Gerenciamento de Precedentes (Nugep), dos 994 temas repetitivos cadastrados no STJ, apenas 54 est&atilde;o com o julgamento pendente, demonstrando o esfor&ccedil;o feito pela gest&atilde;o para agilizar o julgamento destes processos.<\/p>\n<p>J&aacute; no primeiro dia de julgamentos, a Corte Especial julga o Tema 988 dos repetitivos. A quest&atilde;o jur&iacute;dica debatida nos recursos especiais &eacute; pol&ecirc;mica na doutrina desde a entrada em vigor do CPC\/2015.<\/p>\n<p>A controv&eacute;rsia &eacute; definir a natureza do rol do artigo 1.015 do CPC\/15 e verificar possibilidade de sua interpreta&ccedil;&atilde;o extensiva, para se admitir a interposi&ccedil;&atilde;o de agravo de instrumento contra decis&atilde;o interlocut&oacute;ria que verse sobre hip&oacute;teses n&atilde;o expressamente tratadas nos incisos de referido dispositivo do Novo CPC. A defini&ccedil;&atilde;o da mat&eacute;ria pelo STJ est&aacute; sendo aguardada com muita expectativa por todos operadores de direito (<strong>REsp 1.696.396<\/strong>).<\/p>\n<p><strong>Se&ccedil;&otilde;es<\/strong><\/p>\n<p>Quatro recursos repetitivos est&atilde;o com pedido de vista na Primeira Se&ccedil;&atilde;o e dever&atilde;o ter o julgamento retomado no segundo semestre de 2018. No <strong>REsp 1.348.638<\/strong>, Tema 951 dos repetitivos, o colegiado decidir&aacute; acerca do per&iacute;odo conhecido como &ldquo;Buraco Negro&rdquo; das regras sobre aposentadoria, de 1984 a 1991, devido &agrave; aus&ecirc;ncia de legisla&ccedil;&atilde;o clara a respeito.<\/p>\n<p>O ministro Mauro Campbell Marques apresentar&aacute; voto-vista no recurso que discute se o segurado tem direito adquirido ao c&aacute;lculo do benef&iacute;cio de acordo com as regras vigentes quando da implementa&ccedil;&atilde;o dos requisitos para sua concess&atilde;o.<\/p>\n<p>O tema em julgamento analisa a possibilidade de se mesclar as regras de c&aacute;lculos &iacute;nsitas na legisla&ccedil;&atilde;o revogada com a nova, para fins de c&aacute;lculo do benef&iacute;cio concedido no per&iacute;odo de 1984 a 1991.<\/p>\n<p>Ainda no campo previdenci&aacute;rio, os ministros discutem sobre os prazos de decad&ecirc;ncia a incidir no reconhecimento do direito adquirido ao benef&iacute;cio mais vantajoso de aposentadoria pelo INSS. No <strong>REsp 1.631.021<\/strong>, o colegiado avalia se o prazo de dez anos de decad&ecirc;ncia alcan&ccedil;a ou n&atilde;o as situa&ccedil;&otilde;es em que o recorrido j&aacute; tinha adquirido direito &agrave; concess&atilde;o de um melhor benef&iacute;cio. O ministro Napole&atilde;o Nunes Maia Filho apresentar&aacute; o seu voto-vista na mat&eacute;ria.<\/p>\n<p>Outro repetitivo no qual o ministro est&aacute; com pedido de vista &eacute; o <strong>REsp 1.576.254<\/strong>, Tema 963 dos repetitivos. No caso, a discuss&atilde;o &eacute; o cabimento de execu&ccedil;&atilde;o regressiva da Eletrobras contra a Uni&atilde;o em raz&atilde;o da condena&ccedil;&atilde;o de ambas ao pagamento das diferen&ccedil;as de juros e corre&ccedil;&atilde;o monet&aacute;ria do empr&eacute;stimo compuls&oacute;rio sobre o consumo de energia el&eacute;trica aos contribuintes.<\/p>\n<p>A fixa&ccedil;&atilde;o de teses possibilitar&aacute; a solu&ccedil;&atilde;o de milhares de processos suspensos que aguardam o julgamento dos recursos repetitivos.<\/p>\n<p><strong>Uniformiza&ccedil;&atilde;o<\/strong><\/p>\n<p>Al&eacute;m dos repetitivos, a Primeira Se&ccedil;&atilde;o julgar&aacute;, na sess&atilde;o do dia 8 de agosto, o <strong>REsp 1.340.553<\/strong>, recurso que definir&aacute; a sistem&aacute;tica para a contagem da prescri&ccedil;&atilde;o intercorrente prevista na Lei de Execu&ccedil;&atilde;o Fiscal (Lei 6.830\/80).<\/p>\n<p>O caso analisa a hip&oacute;tese de falta de intima&ccedil;&atilde;o da Fazenda Nacional quanto ao despacho que determina sua manifesta&ccedil;&atilde;o antes da decis&atilde;o que decreta a prescri&ccedil;&atilde;o intercorrente. A quest&atilde;o jur&iacute;dica &eacute; definir se tal aus&ecirc;ncia ilide a decreta&ccedil;&atilde;o da prescri&ccedil;&atilde;o intercorrente.<\/p>\n<p>A Corte Especial do STJ analisa no segundo semestre o <strong>EAREsp 622.897<\/strong>, que discute o prazo de prescri&ccedil;&atilde;o de a&ccedil;&atilde;o de repeti&ccedil;&atilde;o de ind&eacute;bito de servi&ccedil;os de telefonia, se o prazo &eacute; de tr&ecirc;s ou dez anos para a propositura da a&ccedil;&atilde;o. O ministro Herman Benjamin apresentar&aacute; o seu voto-vista na mat&eacute;ria.<\/p>\n<p>J&aacute; o julgamento do <strong>EREsp 1.210.941,<\/strong> tamb&eacute;m na Corte Especial, analisa se o cr&eacute;dito presumido de IPI deve integrar a base de c&aacute;lculo do imposto de renda da pessoa jur&iacute;dica e da contribui&ccedil;&atilde;o social sobre o lucro l&iacute;quido.<\/p>\n<p><strong>Turmas<\/strong><\/p>\n<p>A Segunda Turma deve retomar o julgamento do <strong>REsp 1.584.669<\/strong>, ap&oacute;s o pedido de vista da ministra Assusete Magalh&atilde;es. No caso, a Uni&atilde;o recorre de decis&atilde;o do Tribunal Regional Federal da 3&ordf; Regi&atilde;o (TRF3) que considerou indevida a apreens&atilde;o de ve&iacute;culo como meio coercitivo para pagamento de multa.<\/p>\n<p>No recurso, o &ocirc;nibus de uma empresa transportadora foi retido e lacrado quando autoridades da Receita o flagraram fazendo o transporte de &ldquo;sacoleiros&rdquo; que ingressavam no pa&iacute;s com quantidades grandes de produtos de origem estrangeira.<\/p>\n<p>O mesmo colegiado retoma o julgamento do <strong>REsp 1.611.929<\/strong>, com a apresenta&ccedil;&atilde;o do voto-vista do ministro Herman Benjamin. A Companhia Hidroel&eacute;trica do S&atilde;o Francisco (Chesf) tenta h&aacute; quase um ano liberar um montante de meio bilh&atilde;o de reais bloqueados pela Justi&ccedil;a de Pernambuco referente a constru&ccedil;&atilde;o da hidrel&eacute;trica de Xing&oacute; (SE\/AL), que entrou em opera&ccedil;&atilde;o em 1994. Os recursos represados, segundo o presidente da empresa, Jos&eacute; Carlos de Miranda, s&atilde;o fundamentais para a estatal retomar parte das 60 obras paralisadas.<\/p>\n<p><strong>Privado<\/strong><\/p>\n<p>No dia 27 de agosto, &agrave;s 11h, o STJ realiza uma audi&ecirc;ncia p&uacute;blica conjunta para discutir dois temas submetidos &agrave; sistem&aacute;tica dos recursos especiais repetitivos: a possibilidade de cumula&ccedil;&atilde;o da indeniza&ccedil;&atilde;o por lucros cessantes com a cl&aacute;usula penal nas hip&oacute;teses de inadimplemento do vendedor em virtude do atraso na entrega de im&oacute;vel em constru&ccedil;&atilde;o (Tema 970) e a possibilidade de invers&atilde;o em desfavor da construtora, pelo mesmo motivo, da cl&aacute;usula penal estipulada exclusivamente para o comprador (Tema 971).<\/p>\n<p>A audi&ecirc;ncia p&uacute;blica conjunta, que ocorrer&aacute; na sala de sess&otilde;es da Segunda Se&ccedil;&atilde;o do STJ, foi convocada pelo ministro Luis Felipe Salom&atilde;o. Diante da &ldquo;patente transcend&ecirc;ncia social, econ&ocirc;mica e jur&iacute;dica&rdquo; dos precedentes que ser&atilde;o fixados pela se&ccedil;&atilde;o, o ministro considerou que a audi&ecirc;ncia poder&aacute; reunir elementos importantes para subsidiar o julgamento.<\/p>\n<p>Na sess&atilde;o do dia 8 de agosto, a Segunda Se&ccedil;&atilde;o retoma o julgamento do repetitivo <strong>REsp 1.108.058<\/strong>, com a apresenta&ccedil;&atilde;o do voto-vista da ministra Isabel Gallotti. O julgamento definir&aacute; quais os efeitos da insufici&ecirc;ncia do dep&oacute;sito ofertado na a&ccedil;&atilde;o de consigna&ccedil;&atilde;o em pagamento.<\/p>\n<p>No mesmo dia, o colegiado julga a <strong>AR 3.662<\/strong>, proposta pela massa falida da Encol S\/A Engenharia, Com&eacute;rcio e Ind&uacute;stria. O valor da causa &eacute; de R$ 145 milh&otilde;es, e o passivo da empresa supera R$ 1,4 bilh&atilde;o.<\/p>\n<p>Ainda no setor imobili&aacute;rio, a Terceira Turma deve retomar o julgamento do <strong>REsp 1.476.395<\/strong>, com o voto-vista do ministro Moura Ribeiro. No recurso, um comprador de im&oacute;vel com financiamento (SFH) da Caixa Econ&ocirc;mica pede a utiliza&ccedil;&atilde;o do sistema de juros simples, no lugar de juros compostos\/capitalizados, para quita&ccedil;&atilde;o da d&iacute;vida. O autor da a&ccedil;&atilde;o alega que a tabela Price utilizada no contrato do financiamento &eacute; ilegal.<\/p>\n<p>No mesmo colegiado, o ministro Villas B&ocirc;as Cueva deve trazer o seu voto-vista no <strong>REsp 1.502.967<\/strong>. O recurso &eacute; oriundo de uma a&ccedil;&atilde;o civil p&uacute;blica proposta pelo Minist&eacute;rio P&uacute;blico do Rio Grande do Sul contra a BV Financeira devido a cobran&ccedil;a da tarifa de emiss&atilde;o de boleto banc&aacute;rio.<\/p>\n<p>A BV recorre da condena&ccedil;&atilde;o de indenizar os danos materiais e morais causados aos consumidores individualmente, al&eacute;m de ter de arcar com o pagamento de dano moral coletivo, decorrente do abalo &agrave; harmonia nas rela&ccedil;&otilde;es de consumo.<\/p>\n<p>O ministro Paulo de Tarso Sanseverino est&aacute; com vista no <strong>REsp 1.630.659<\/strong>. No caso, o Minist&eacute;rio P&uacute;blico ajuizou a&ccedil;&atilde;o civil p&uacute;blica contra a Serasa pleiteando, em s&iacute;ntese, a declara&ccedil;&atilde;o da abusividade da conduta da empresa ao incluir nas suas bases de dados informa&ccedil;&otilde;es negativas coletadas em cart&oacute;rios de protesto, sem qualquer verifica&ccedil;&atilde;o ou controle da data do vencimento da d&iacute;vida. O MP recorre de decis&atilde;o que negou provimento a a&ccedil;&atilde;o.<\/p>\n<p><strong>A&ccedil;&atilde;o hist&oacute;rica<\/strong><\/p>\n<p>No dia 4 de setembro, a Quarta Turma inicia o julgamento do processo mais antigo do pa&iacute;s, o <strong>REsp 1.149.487<\/strong>, relatado pelo ministro Antonio Carlos Ferreira. A discuss&atilde;o &eacute; sobre a posse do Pal&aacute;cio da Guanabara, no Rio de Janeiro.<\/p>\n<p>Desde 1895, a fam&iacute;lia Orleans e Bragan&ccedil;a alega na Justi&ccedil;a que o governo brasileiro n&atilde;o a indenizou pela tomada do pal&aacute;cio, logo ap&oacute;s a proclama&ccedil;&atilde;o da Rep&uacute;blica. Em 123 anos de tramita&ccedil;&atilde;o, o caso j&aacute; teve decis&otilde;es de diversos ramos da justi&ccedil;a, incluindo a reabertura da discuss&atilde;o ap&oacute;s o processo ter sido encerrado na d&eacute;cada de 60.<\/p>\n<p>Para agosto, est&aacute; pautado o julgamento do <strong>REsp 1.573.945<\/strong>, para definir se uma benefici&aacute;ria do programa Minha Casa Minha Vida tem direito a danos materiais e morais, por atraso e n&atilde;o entrega de im&oacute;vel adquirido por meio do programa, no Residencial Green Park Sat&eacute;lite, em Natal (RN). O apartamento deveria ter sido entregue em outubro de 2012 e, mesmo com o atraso e paralisa&ccedil;&atilde;o das obras desde setembro de 2013, a Caixa continuou cobrando as presta&ccedil;&otilde;es e negativou a benefici&aacute;ria.<\/p>\n<p><strong>Penal<\/strong><\/p>\n<p>No direito penal, os principais casos a serem julgados no segundo semestre envolvem grandes opera&ccedil;&otilde;es da Pol&iacute;cia Federal e do Minist&eacute;rio P&uacute;blico: Lava Jato, Zelotes, Acr&ocirc;nimo, Sevandija, Turbul&ecirc;ncia, Cadeia Velha s&atilde;o apenas alguns dos nomes das opera&ccedil;&otilde;es.<\/p>\n<p>Alguns casos podem ter repercuss&atilde;o na disputa eleitoral de outubro. Governadores e ex-governadores integram a&ccedil;&otilde;es penais que ser&atilde;o julgadas pela Corte Especial neste semestre. Na <strong>APn 805<\/strong>, o governador Wellington Dias (PT-PI) &eacute; acusado de omiss&atilde;o nas obras de uma barragem que desabou no estado.<\/p>\n<p>Na <strong>APn 814<\/strong>, o MP acusa o ex-governador Waldez G&oacute;es (PDT-AP) de peculato. A corte analisa se recebe a den&uacute;ncia oferecida pelo MPF no caso. Nas APns <strong>865<\/strong> e <strong>901<\/strong>, um dos r&eacute;us &eacute; o governador Fernando Pimentel (PT-MG), no &acirc;mbito da Opera&ccedil;&atilde;o Acr&ocirc;nimo.<\/p>\n<p>A Opera&ccedil;&atilde;o M&atilde;os Limpas, que apurou desvios de recursos p&uacute;blicos no Amap&aacute;, &eacute; o foco das APns <strong>657<\/strong> e <strong>702<\/strong>, ambas de relatoria da ministra Nancy Andrighi. O MP acusa o desvio de pelo menos R$ 150 milh&otilde;es.<\/p>\n<p> Na primeira semana de agosto, a Sexta Turma do STJ analisa o <strong>HC 376.763<\/strong>. O habeas corpus &eacute; da deputada distrital Celina Le&atilde;o. Por suposto envolvimento em propina, a distrital foi afastada da presid&ecirc;ncia da C&acirc;mara Legislativa do DF em 2018. A opera&ccedil;&atilde;o, em que v&aacute;rios distritais est&atilde;o envolvidos, investiga se deputados distritais receberam propina de fornecedores de UTIs do DF, que tinham faturas pendentes do governo anterior. Os fatos s&atilde;o investigados na Opera&ccedil;&atilde;o Dracon.<br \/>\n<br \/><i>Com informa\u00e7\u00f5es da assessoria de imprensa do STJ.<\/i><br \/>\n<br \/><a href=\"http:\/\/feedproxy.google.com\/~r\/STJNoticias\/~3\/i2i1dA1z0Gw\/Julgamento-de-repetitivos-e-opera%C3%A7%C3%B5es-policiais-marcam-in%C3%ADcio-do-semestre-forense-no-STJ\">Fonte<\/a><br \/>\n<br \/><\/p>\n","protected":false},"excerpt":{"rendered":"<p>Com o in&iacute;cio do semestre forense no dia 1&ordm; de agosto, o Superior Tribunal de Justi&ccedil;a (STJ) retoma os julgamentos colegiados, incluindo na pauta deste semestre recursos repetitivos, processos oriundos de opera&ccedil;&otilde;es de grande repercuss&atilde;o nacional como a Lava Jato e a Zelotes, e tamb&eacute;m casos importantes para a uniformiza&ccedil;&atilde;o da lei federal no pa&iacute;s. [&hellip;]<\/p>\n","protected":false},"author":3063,"featured_media":2672,"comment_status":"open","ping_status":"open","sticky":false,"template":"","format":"standard","meta":{"footnotes":""},"categories":[5,7],"tags":[11,10,8,13,9,12,14],"class_list":{"0":"post-2671","1":"post","2":"type-post","3":"status-publish","4":"format-standard","5":"has-post-thumbnail","7":"category-previdenciario","8":"category-stj","9":"tag-aposentadoria","10":"tag-calculos-previdenciarios","11":"tag-direito-previdenciario","12":"tag-inss","13":"tag-pericia","14":"tag-perito","15":"tag-stj"},"yoast_head":"<!-- This site is optimized with the Yoast SEO plugin v27.2 - https:\/\/yoast.com\/product\/yoast-seo-wordpress\/ -->\n<title>STJ: Julgamento de repetitivos e opera\u00e7\u00f5es policiais marcam in\u00edcio do semestre forense no STJ | Portal de Not\u00edcias<\/title>\n<meta name=\"robots\" content=\"index, follow, max-snippet:-1, max-image-preview:large, max-video-preview:-1\" \/>\n<link rel=\"canonical\" href=\"https:\/\/mhcalculos.com.br\/noticias\/area\/previdenciario\/stj-julgamento-de-repetitivos-e-operacoes-policiais-marcam-inicio-do-semestre-forense-no-stj.html\" \/>\n<meta property=\"og:locale\" content=\"pt_BR\" \/>\n<meta property=\"og:type\" content=\"article\" \/>\n<meta property=\"og:title\" content=\"STJ: Julgamento de repetitivos e opera\u00e7\u00f5es policiais marcam in\u00edcio do semestre forense no STJ | Portal de Not\u00edcias\" \/>\n<meta property=\"og:description\" content=\"Com o in&iacute;cio do semestre forense no dia 1&ordm; de agosto, o Superior Tribunal de Justi&ccedil;a (STJ) retoma os julgamentos colegiados, incluindo na pauta deste semestre recursos repetitivos, processos oriundos de opera&ccedil;&otilde;es de grande repercuss&atilde;o nacional como a Lava Jato e a Zelotes, e tamb&eacute;m casos importantes para a uniformiza&ccedil;&atilde;o da lei federal no pa&iacute;s. [&hellip;]\" \/>\n<meta property=\"og:url\" content=\"https:\/\/mhcalculos.com.br\/noticias\/area\/previdenciario\/stj-julgamento-de-repetitivos-e-operacoes-policiais-marcam-inicio-do-semestre-forense-no-stj.html\" \/>\n<meta property=\"og:site_name\" content=\"Portal de Not\u00edcias\" \/>\n<meta property=\"article:published_time\" content=\"2018-08-01T10:19:18+00:00\" \/>\n<meta property=\"article:modified_time\" content=\"2021-07-28T17:34:21+00:00\" \/>\n<meta property=\"og:image\" content=\"https:\/\/mhcalculos.com.br\/noticias\/wp-content\/uploads\/sites\/2\/2018\/08\/previdenciario-0037.jpg\" \/>\n\t<meta property=\"og:image:width\" content=\"2000\" \/>\n\t<meta property=\"og:image:height\" content=\"800\" \/>\n\t<meta property=\"og:image:type\" content=\"image\/jpeg\" \/>\n<meta name=\"author\" content=\"Equipe MH\" \/>\n<meta name=\"twitter:card\" content=\"summary_large_image\" \/>\n<meta name=\"twitter:label1\" content=\"Escrito por\" \/>\n\t<meta name=\"twitter:data1\" content=\"Equipe MH\" \/>\n\t<meta name=\"twitter:label2\" content=\"Est. tempo de leitura\" \/>\n\t<meta name=\"twitter:data2\" content=\"11 minutos\" \/>\n<script type=\"application\/ld+json\" class=\"yoast-schema-graph\">{\"@context\":\"https:\/\/schema.org\",\"@graph\":[{\"@type\":\"Article\",\"@id\":\"https:\/\/mhcalculos.com.br\/noticias\/area\/previdenciario\/stj-julgamento-de-repetitivos-e-operacoes-policiais-marcam-inicio-do-semestre-forense-no-stj.html#article\",\"isPartOf\":{\"@id\":\"https:\/\/mhcalculos.com.br\/noticias\/area\/previdenciario\/stj-julgamento-de-repetitivos-e-operacoes-policiais-marcam-inicio-do-semestre-forense-no-stj.html\"},\"author\":{\"name\":\"Equipe MH\",\"@id\":\"https:\/\/mhcalculos.com.br\/noticias\/#\/schema\/person\/88d1c34bf72dc779ea14a5a6b8e0ae8d\"},\"headline\":\"STJ: Julgamento de repetitivos e opera\u00e7\u00f5es policiais marcam in\u00edcio do semestre forense no STJ\",\"datePublished\":\"2018-08-01T10:19:18+00:00\",\"dateModified\":\"2021-07-28T17:34:21+00:00\",\"mainEntityOfPage\":{\"@id\":\"https:\/\/mhcalculos.com.br\/noticias\/area\/previdenciario\/stj-julgamento-de-repetitivos-e-operacoes-policiais-marcam-inicio-do-semestre-forense-no-stj.html\"},\"wordCount\":2182,\"commentCount\":0,\"image\":{\"@id\":\"https:\/\/mhcalculos.com.br\/noticias\/area\/previdenciario\/stj-julgamento-de-repetitivos-e-operacoes-policiais-marcam-inicio-do-semestre-forense-no-stj.html#primaryimage\"},\"thumbnailUrl\":\"https:\/\/mhcalculos.com.br\/noticias\/wp-content\/uploads\/sites\/2\/2018\/08\/previdenciario-0037.jpg\",\"keywords\":[\"aposentadoria\",\"c\u00e1lculos previdenci\u00e1rios\",\"direito previdenci\u00e1rio\",\"inss\",\"per\u00edcia\",\"perito\",\"stj\"],\"articleSection\":[\"Direito Previdenci\u00e1rio\",\"STJ\"],\"inLanguage\":\"pt-BR\",\"potentialAction\":[{\"@type\":\"CommentAction\",\"name\":\"Comment\",\"target\":[\"https:\/\/mhcalculos.com.br\/noticias\/area\/previdenciario\/stj-julgamento-de-repetitivos-e-operacoes-policiais-marcam-inicio-do-semestre-forense-no-stj.html#respond\"]}]},{\"@type\":\"WebPage\",\"@id\":\"https:\/\/mhcalculos.com.br\/noticias\/area\/previdenciario\/stj-julgamento-de-repetitivos-e-operacoes-policiais-marcam-inicio-do-semestre-forense-no-stj.html\",\"url\":\"https:\/\/mhcalculos.com.br\/noticias\/area\/previdenciario\/stj-julgamento-de-repetitivos-e-operacoes-policiais-marcam-inicio-do-semestre-forense-no-stj.html\",\"name\":\"STJ: Julgamento de repetitivos e opera\u00e7\u00f5es policiais marcam in\u00edcio do semestre forense no STJ | Portal de Not\u00edcias\",\"isPartOf\":{\"@id\":\"https:\/\/mhcalculos.com.br\/noticias\/#website\"},\"primaryImageOfPage\":{\"@id\":\"https:\/\/mhcalculos.com.br\/noticias\/area\/previdenciario\/stj-julgamento-de-repetitivos-e-operacoes-policiais-marcam-inicio-do-semestre-forense-no-stj.html#primaryimage\"},\"image\":{\"@id\":\"https:\/\/mhcalculos.com.br\/noticias\/area\/previdenciario\/stj-julgamento-de-repetitivos-e-operacoes-policiais-marcam-inicio-do-semestre-forense-no-stj.html#primaryimage\"},\"thumbnailUrl\":\"https:\/\/mhcalculos.com.br\/noticias\/wp-content\/uploads\/sites\/2\/2018\/08\/previdenciario-0037.jpg\",\"datePublished\":\"2018-08-01T10:19:18+00:00\",\"dateModified\":\"2021-07-28T17:34:21+00:00\",\"author\":{\"@id\":\"https:\/\/mhcalculos.com.br\/noticias\/#\/schema\/person\/88d1c34bf72dc779ea14a5a6b8e0ae8d\"},\"breadcrumb\":{\"@id\":\"https:\/\/mhcalculos.com.br\/noticias\/area\/previdenciario\/stj-julgamento-de-repetitivos-e-operacoes-policiais-marcam-inicio-do-semestre-forense-no-stj.html#breadcrumb\"},\"inLanguage\":\"pt-BR\",\"potentialAction\":[{\"@type\":\"ReadAction\",\"target\":[\"https:\/\/mhcalculos.com.br\/noticias\/area\/previdenciario\/stj-julgamento-de-repetitivos-e-operacoes-policiais-marcam-inicio-do-semestre-forense-no-stj.html\"]}]},{\"@type\":\"ImageObject\",\"inLanguage\":\"pt-BR\",\"@id\":\"https:\/\/mhcalculos.com.br\/noticias\/area\/previdenciario\/stj-julgamento-de-repetitivos-e-operacoes-policiais-marcam-inicio-do-semestre-forense-no-stj.html#primaryimage\",\"url\":\"https:\/\/mhcalculos.com.br\/noticias\/wp-content\/uploads\/sites\/2\/2018\/08\/previdenciario-0037.jpg\",\"contentUrl\":\"https:\/\/mhcalculos.com.br\/noticias\/wp-content\/uploads\/sites\/2\/2018\/08\/previdenciario-0037.jpg\",\"width\":2000,\"height\":800,\"caption\":\"Julgamento de repetitivos e opera\u00e7\u00f5es policiais marcam in\u00edcio do semestre forense no STJ\"},{\"@type\":\"BreadcrumbList\",\"@id\":\"https:\/\/mhcalculos.com.br\/noticias\/area\/previdenciario\/stj-julgamento-de-repetitivos-e-operacoes-policiais-marcam-inicio-do-semestre-forense-no-stj.html#breadcrumb\",\"itemListElement\":[{\"@type\":\"ListItem\",\"position\":1,\"name\":\"In\u00edcio\",\"item\":\"https:\/\/mhcalculos.com.br\/noticias\/\"},{\"@type\":\"ListItem\",\"position\":2,\"name\":\"STJ: Julgamento de repetitivos e opera\u00e7\u00f5es policiais marcam in\u00edcio do semestre forense no STJ\"}]},{\"@type\":\"WebSite\",\"@id\":\"https:\/\/mhcalculos.com.br\/noticias\/#website\",\"url\":\"https:\/\/mhcalculos.com.br\/noticias\/\",\"name\":\"Portal de Not\u00edcias\",\"description\":\"Not\u00edcias e Jurisprud\u00eancia\",\"potentialAction\":[{\"@type\":\"SearchAction\",\"target\":{\"@type\":\"EntryPoint\",\"urlTemplate\":\"https:\/\/mhcalculos.com.br\/noticias\/?s={search_term_string}\"},\"query-input\":{\"@type\":\"PropertyValueSpecification\",\"valueRequired\":true,\"valueName\":\"search_term_string\"}}],\"inLanguage\":\"pt-BR\"},{\"@type\":\"Person\",\"@id\":\"https:\/\/mhcalculos.com.br\/noticias\/#\/schema\/person\/88d1c34bf72dc779ea14a5a6b8e0ae8d\",\"name\":\"Equipe MH\",\"image\":{\"@type\":\"ImageObject\",\"inLanguage\":\"pt-BR\",\"@id\":\"https:\/\/secure.gravatar.com\/avatar\/de1c686c2ecc9c5a3f327e3431d819eb39f8f05d4e1045f5a1caad6daaba987f?s=96&d=mm&r=g\",\"url\":\"https:\/\/secure.gravatar.com\/avatar\/de1c686c2ecc9c5a3f327e3431d819eb39f8f05d4e1045f5a1caad6daaba987f?s=96&d=mm&r=g\",\"contentUrl\":\"https:\/\/secure.gravatar.com\/avatar\/de1c686c2ecc9c5a3f327e3431d819eb39f8f05d4e1045f5a1caad6daaba987f?s=96&d=mm&r=g\",\"caption\":\"Equipe MH\"}}]}<\/script>\n<!-- \/ Yoast SEO plugin. -->","yoast_head_json":{"title":"STJ: Julgamento de repetitivos e opera\u00e7\u00f5es policiais marcam in\u00edcio do semestre forense no STJ | Portal de Not\u00edcias","robots":{"index":"index","follow":"follow","max-snippet":"max-snippet:-1","max-image-preview":"max-image-preview:large","max-video-preview":"max-video-preview:-1"},"canonical":"https:\/\/mhcalculos.com.br\/noticias\/area\/previdenciario\/stj-julgamento-de-repetitivos-e-operacoes-policiais-marcam-inicio-do-semestre-forense-no-stj.html","og_locale":"pt_BR","og_type":"article","og_title":"STJ: Julgamento de repetitivos e opera\u00e7\u00f5es policiais marcam in\u00edcio do semestre forense no STJ | Portal de Not\u00edcias","og_description":"Com o in&iacute;cio do semestre forense no dia 1&ordm; de agosto, o Superior Tribunal de Justi&ccedil;a (STJ) retoma os julgamentos colegiados, incluindo na pauta deste semestre recursos repetitivos, processos oriundos de opera&ccedil;&otilde;es de grande repercuss&atilde;o nacional como a Lava Jato e a Zelotes, e tamb&eacute;m casos importantes para a uniformiza&ccedil;&atilde;o da lei federal no pa&iacute;s. [&hellip;]","og_url":"https:\/\/mhcalculos.com.br\/noticias\/area\/previdenciario\/stj-julgamento-de-repetitivos-e-operacoes-policiais-marcam-inicio-do-semestre-forense-no-stj.html","og_site_name":"Portal de Not\u00edcias","article_published_time":"2018-08-01T10:19:18+00:00","article_modified_time":"2021-07-28T17:34:21+00:00","og_image":[{"width":2000,"height":800,"url":"https:\/\/mhcalculos.com.br\/noticias\/wp-content\/uploads\/sites\/2\/2018\/08\/previdenciario-0037.jpg","type":"image\/jpeg"}],"author":"Equipe MH","twitter_card":"summary_large_image","twitter_misc":{"Escrito por":"Equipe MH","Est. tempo de leitura":"11 minutos"},"schema":{"@context":"https:\/\/schema.org","@graph":[{"@type":"Article","@id":"https:\/\/mhcalculos.com.br\/noticias\/area\/previdenciario\/stj-julgamento-de-repetitivos-e-operacoes-policiais-marcam-inicio-do-semestre-forense-no-stj.html#article","isPartOf":{"@id":"https:\/\/mhcalculos.com.br\/noticias\/area\/previdenciario\/stj-julgamento-de-repetitivos-e-operacoes-policiais-marcam-inicio-do-semestre-forense-no-stj.html"},"author":{"name":"Equipe MH","@id":"https:\/\/mhcalculos.com.br\/noticias\/#\/schema\/person\/88d1c34bf72dc779ea14a5a6b8e0ae8d"},"headline":"STJ: Julgamento de repetitivos e opera\u00e7\u00f5es policiais marcam in\u00edcio do semestre forense no STJ","datePublished":"2018-08-01T10:19:18+00:00","dateModified":"2021-07-28T17:34:21+00:00","mainEntityOfPage":{"@id":"https:\/\/mhcalculos.com.br\/noticias\/area\/previdenciario\/stj-julgamento-de-repetitivos-e-operacoes-policiais-marcam-inicio-do-semestre-forense-no-stj.html"},"wordCount":2182,"commentCount":0,"image":{"@id":"https:\/\/mhcalculos.com.br\/noticias\/area\/previdenciario\/stj-julgamento-de-repetitivos-e-operacoes-policiais-marcam-inicio-do-semestre-forense-no-stj.html#primaryimage"},"thumbnailUrl":"https:\/\/mhcalculos.com.br\/noticias\/wp-content\/uploads\/sites\/2\/2018\/08\/previdenciario-0037.jpg","keywords":["aposentadoria","c\u00e1lculos previdenci\u00e1rios","direito previdenci\u00e1rio","inss","per\u00edcia","perito","stj"],"articleSection":["Direito Previdenci\u00e1rio","STJ"],"inLanguage":"pt-BR","potentialAction":[{"@type":"CommentAction","name":"Comment","target":["https:\/\/mhcalculos.com.br\/noticias\/area\/previdenciario\/stj-julgamento-de-repetitivos-e-operacoes-policiais-marcam-inicio-do-semestre-forense-no-stj.html#respond"]}]},{"@type":"WebPage","@id":"https:\/\/mhcalculos.com.br\/noticias\/area\/previdenciario\/stj-julgamento-de-repetitivos-e-operacoes-policiais-marcam-inicio-do-semestre-forense-no-stj.html","url":"https:\/\/mhcalculos.com.br\/noticias\/area\/previdenciario\/stj-julgamento-de-repetitivos-e-operacoes-policiais-marcam-inicio-do-semestre-forense-no-stj.html","name":"STJ: Julgamento de repetitivos e opera\u00e7\u00f5es policiais marcam in\u00edcio do semestre forense no STJ | Portal de Not\u00edcias","isPartOf":{"@id":"https:\/\/mhcalculos.com.br\/noticias\/#website"},"primaryImageOfPage":{"@id":"https:\/\/mhcalculos.com.br\/noticias\/area\/previdenciario\/stj-julgamento-de-repetitivos-e-operacoes-policiais-marcam-inicio-do-semestre-forense-no-stj.html#primaryimage"},"image":{"@id":"https:\/\/mhcalculos.com.br\/noticias\/area\/previdenciario\/stj-julgamento-de-repetitivos-e-operacoes-policiais-marcam-inicio-do-semestre-forense-no-stj.html#primaryimage"},"thumbnailUrl":"https:\/\/mhcalculos.com.br\/noticias\/wp-content\/uploads\/sites\/2\/2018\/08\/previdenciario-0037.jpg","datePublished":"2018-08-01T10:19:18+00:00","dateModified":"2021-07-28T17:34:21+00:00","author":{"@id":"https:\/\/mhcalculos.com.br\/noticias\/#\/schema\/person\/88d1c34bf72dc779ea14a5a6b8e0ae8d"},"breadcrumb":{"@id":"https:\/\/mhcalculos.com.br\/noticias\/area\/previdenciario\/stj-julgamento-de-repetitivos-e-operacoes-policiais-marcam-inicio-do-semestre-forense-no-stj.html#breadcrumb"},"inLanguage":"pt-BR","potentialAction":[{"@type":"ReadAction","target":["https:\/\/mhcalculos.com.br\/noticias\/area\/previdenciario\/stj-julgamento-de-repetitivos-e-operacoes-policiais-marcam-inicio-do-semestre-forense-no-stj.html"]}]},{"@type":"ImageObject","inLanguage":"pt-BR","@id":"https:\/\/mhcalculos.com.br\/noticias\/area\/previdenciario\/stj-julgamento-de-repetitivos-e-operacoes-policiais-marcam-inicio-do-semestre-forense-no-stj.html#primaryimage","url":"https:\/\/mhcalculos.com.br\/noticias\/wp-content\/uploads\/sites\/2\/2018\/08\/previdenciario-0037.jpg","contentUrl":"https:\/\/mhcalculos.com.br\/noticias\/wp-content\/uploads\/sites\/2\/2018\/08\/previdenciario-0037.jpg","width":2000,"height":800,"caption":"Julgamento de repetitivos e opera\u00e7\u00f5es policiais marcam in\u00edcio do semestre forense no STJ"},{"@type":"BreadcrumbList","@id":"https:\/\/mhcalculos.com.br\/noticias\/area\/previdenciario\/stj-julgamento-de-repetitivos-e-operacoes-policiais-marcam-inicio-do-semestre-forense-no-stj.html#breadcrumb","itemListElement":[{"@type":"ListItem","position":1,"name":"In\u00edcio","item":"https:\/\/mhcalculos.com.br\/noticias\/"},{"@type":"ListItem","position":2,"name":"STJ: Julgamento de repetitivos e opera\u00e7\u00f5es policiais marcam in\u00edcio do semestre forense no STJ"}]},{"@type":"WebSite","@id":"https:\/\/mhcalculos.com.br\/noticias\/#website","url":"https:\/\/mhcalculos.com.br\/noticias\/","name":"Portal de Not\u00edcias","description":"Not\u00edcias e Jurisprud\u00eancia","potentialAction":[{"@type":"SearchAction","target":{"@type":"EntryPoint","urlTemplate":"https:\/\/mhcalculos.com.br\/noticias\/?s={search_term_string}"},"query-input":{"@type":"PropertyValueSpecification","valueRequired":true,"valueName":"search_term_string"}}],"inLanguage":"pt-BR"},{"@type":"Person","@id":"https:\/\/mhcalculos.com.br\/noticias\/#\/schema\/person\/88d1c34bf72dc779ea14a5a6b8e0ae8d","name":"Equipe MH","image":{"@type":"ImageObject","inLanguage":"pt-BR","@id":"https:\/\/secure.gravatar.com\/avatar\/de1c686c2ecc9c5a3f327e3431d819eb39f8f05d4e1045f5a1caad6daaba987f?s=96&d=mm&r=g","url":"https:\/\/secure.gravatar.com\/avatar\/de1c686c2ecc9c5a3f327e3431d819eb39f8f05d4e1045f5a1caad6daaba987f?s=96&d=mm&r=g","contentUrl":"https:\/\/secure.gravatar.com\/avatar\/de1c686c2ecc9c5a3f327e3431d819eb39f8f05d4e1045f5a1caad6daaba987f?s=96&d=mm&r=g","caption":"Equipe MH"}}]}},"_links":{"self":[{"href":"https:\/\/mhcalculos.com.br\/noticias\/wp-json\/wp\/v2\/posts\/2671","targetHints":{"allow":["GET"]}}],"collection":[{"href":"https:\/\/mhcalculos.com.br\/noticias\/wp-json\/wp\/v2\/posts"}],"about":[{"href":"https:\/\/mhcalculos.com.br\/noticias\/wp-json\/wp\/v2\/types\/post"}],"author":[{"embeddable":true,"href":"https:\/\/mhcalculos.com.br\/noticias\/wp-json\/wp\/v2\/users\/3063"}],"replies":[{"embeddable":true,"href":"https:\/\/mhcalculos.com.br\/noticias\/wp-json\/wp\/v2\/comments?post=2671"}],"version-history":[{"count":1,"href":"https:\/\/mhcalculos.com.br\/noticias\/wp-json\/wp\/v2\/posts\/2671\/revisions"}],"predecessor-version":[{"id":10298,"href":"https:\/\/mhcalculos.com.br\/noticias\/wp-json\/wp\/v2\/posts\/2671\/revisions\/10298"}],"wp:featuredmedia":[{"embeddable":true,"href":"https:\/\/mhcalculos.com.br\/noticias\/wp-json\/wp\/v2\/media\/2672"}],"wp:attachment":[{"href":"https:\/\/mhcalculos.com.br\/noticias\/wp-json\/wp\/v2\/media?parent=2671"}],"wp:term":[{"taxonomy":"category","embeddable":true,"href":"https:\/\/mhcalculos.com.br\/noticias\/wp-json\/wp\/v2\/categories?post=2671"},{"taxonomy":"post_tag","embeddable":true,"href":"https:\/\/mhcalculos.com.br\/noticias\/wp-json\/wp\/v2\/tags?post=2671"}],"curies":[{"name":"wp","href":"https:\/\/api.w.org\/{rel}","templated":true}]}}