{"id":2642,"date":"2018-07-27T18:20:23","date_gmt":"2018-07-27T21:20:23","guid":{"rendered":"https:\/\/mhcalculos.com.br\/noticias\/2018\/07\/27\/stj-rejeitado-pedido-para-estender-prazo-de-migracao-para-a-funpresp\/"},"modified":"2021-07-28T14:34:22","modified_gmt":"2021-07-28T17:34:22","slug":"stj-rejeitado-pedido-para-estender-prazo-de-migracao-para-a-funpresp","status":"publish","type":"post","link":"https:\/\/mhcalculos.com.br\/noticias\/area\/tributario\/stj-rejeitado-pedido-para-estender-prazo-de-migracao-para-a-funpresp.html","title":{"rendered":"STJ: Rejeitado pedido para estender prazo de migra\u00e7\u00e3o para a Funpresp"},"content":{"rendered":"\n<p>O vice-presidente do Superior Tribunal de Justi\u00e7a (STJ), ministro Humberto Martins, no exerc\u00edcio da presid\u00eancia, indeferiu um pedido feito pelo Sindicato Nacional dos Analistas Tribut\u00e1rios da Receita Federal do Brasil (Sindireceita) para estender o prazo limite para que servidores p\u00fablicos federais possam migrar do regime pr\u00f3prio da Uni\u00e3o para a Funpresp, regime de previd\u00eancia complementar criado em 2013.<\/p>\n<p>O prazo final para os servidores do regime antigo aderirem \u00e0 nova modalidade \u00e9 28 de julho, 24 meses ap\u00f3s a aprova\u00e7\u00e3o da Lei 13.328\/2016, que reabriu o prazo de ades\u00e3o. O sindicato alega que conflitos e erros nos c\u00e1lculos de simula\u00e7\u00e3o dos futuros benef\u00edcios seriam motivos suficientes para prorrogar a data limite para a ades\u00e3o, at\u00e9 que fossem sanadas as falhas no sistema de c\u00e1lculo. A simula\u00e7\u00e3o dos valores \u00e9 feita no sistema de gest\u00e3o de pessoas do Minist\u00e9rio do Planejamento.<\/p>\n<p>Segundo o ministro Humberto Martins, h\u00e1 diversos \u00f3bices processuais e jur\u00eddicos ao processamento do pedido feito pelo sindicato, impedindo a an\u00e1lise da tutela de urg\u00eancia pretendida.<\/p>\n<p>\u201cO primeiro obst\u00e1culo \u00e9 a aus\u00eancia de ato do ministro de estado do planejamento, or\u00e7amento e gest\u00e3o. Est\u00e1 bem claro que o ato coator \u00e9 uma ferramenta de c\u00e1lculo que, no entender do sindicato em quest\u00e3o, estaria fornecendo dados inver\u00eddicos aos servidores p\u00fablicos. Ora, sem ato da autoridade indicada, n\u00e3o h\u00e1 falar em compet\u00eancia do STJ para o processamento do feito\u201d, justificou o magistrado.<\/p>\n<p><strong>C\u00e1lculo controverso<\/strong><\/p>\n<p>O ministro explicou, ainda, que a pretens\u00e3o formulada requer dila\u00e7\u00e3o probat\u00f3ria acerca dos alegados erros do sistema eletr\u00f4nico de c\u00e1lculo do benef\u00edcio, invi\u00e1vel em sede de tutela de urg\u00eancia.<\/p>\n<p>\u201cN\u00e3o \u00e9 poss\u00edvel ter certeza jur\u00eddica de que haveria o propalado equ\u00edvoco, sem a realiza\u00e7\u00e3o de per\u00edcia t\u00e9cnica e cont\u00e1bil\u201d, fundamentou o magistrado ao citar o segundo entrave que inviabiliza a concess\u00e3o da liminar.<\/p>\n<p>Outro ponto citado pelo ministro ao indeferir o pedido \u00e9 a inviabilidade de se atender o pleito sem que se declare a inconstitucionalidade, em parte, do <a href=\"http:\/\/www2.camara.leg.br\/legin\/fed\/lei\/2016\/lei-13328-29-julho-2016-783462-normaatualizada-pl.html#art92\" target=\"_blank\" rel=\"noopener noreferrer\"><strong>artigo 92<\/strong><\/a> da Lei 13.328\/2016.<\/p>\n<p>\u201cPelo que foi descrito acima, a impetra\u00e7\u00e3o se volta contra atos administrativos espec\u00edficos \u2013 condutas que redundam na forma\u00e7\u00e3o do sistema eletr\u00f4nico de c\u00e1lculo \u2013 ou, como agora, visa o <em>writ<\/em> dilatar um prazo legal. No que concerne ao ataque ao prazo legal, tenho que se trata de uma conjuga\u00e7\u00e3o de pleito de inconstitucionalidade com uma impetra\u00e7\u00e3o contra lei em tese, vedada pela <a href=\"http:\/\/www.stf.jus.br\/portal\/jurisprudencia\/menuSumarioSumulas.asp?sumula=2459\" target=\"_blank\" rel=\"noopener noreferrer\"><strong>S\u00famula 266\/STF<\/strong><\/a>\u201d.<\/p>\n<p>O relator do mandado de seguran\u00e7a \u00e9 o ministro Herman Benjamin, na Primeira Se\u00e7\u00e3o do STJ.<\/p>\n<p>Leia a <strong><a href=\"http:\/\/feedproxy.google.com\/static_files\/STJ\/Midias\/arquivos\/Noticias\/MANDADO DE SEGURAN\u00c7A N\u00ba 24.514docx.pdf\">decis\u00e3o<\/a><\/strong>.<\/p>\n<p><i>Com informa\u00e7\u00f5es da assessoria de imprensa do STJ.<\/i><\/p>\n<p><a href=\"http:\/\/feedproxy.google.com\/~r\/STJNoticias\/~3\/3984G6l8l7s\/Rejeitado-pedido-para-estender-prazo-de-migra%C3%A7%C3%A3o-para-a-Funpresp\">Fonte<\/a><\/p>\n\n","protected":false},"excerpt":{"rendered":"<p>O vice-presidente do Superior Tribunal de Justi\u00e7a (STJ), ministro Humberto Martins, no exerc\u00edcio da presid\u00eancia, indeferiu um pedido feito pelo Sindicato Nacional dos Analistas Tribut\u00e1rios da Receita Federal do Brasil (Sindireceita) para estender o prazo limite para que servidores p\u00fablicos federais possam migrar do regime pr\u00f3prio da Uni\u00e3o para a Funpresp, regime de previd\u00eancia complementar [&hellip;]<\/p>\n","protected":false},"author":3063,"featured_media":2157,"comment_status":"open","ping_status":"open","sticky":false,"template":"","format":"standard","meta":{"footnotes":""},"categories":[18,7],"tags":[32,31,42,30,29,213,9,12,14,212,214],"class_list":{"0":"post-2642","1":"post","2":"type-post","3":"status-publish","4":"format-standard","5":"has-post-thumbnail","7":"category-tributario","8":"category-stj","9":"tag-calculos-judiciais","10":"tag-calculos-tributarios","11":"tag-direito-tributario","12":"tag-divida-ativa","13":"tag-fazenda-publica","14":"tag-imposto","15":"tag-pericia","16":"tag-perito","17":"tag-stj","18":"tag-superior-tribunal-de-justica","19":"tag-tributo"},"yoast_head":"<!-- This site is optimized with the Yoast SEO plugin v27.2 - https:\/\/yoast.com\/product\/yoast-seo-wordpress\/ -->\n<title>STJ: Rejeitado pedido para estender prazo de migra\u00e7\u00e3o para a Funpresp | Portal de Not\u00edcias<\/title>\n<meta name=\"robots\" content=\"index, follow, max-snippet:-1, max-image-preview:large, max-video-preview:-1\" \/>\n<link rel=\"canonical\" href=\"https:\/\/mhcalculos.com.br\/noticias\/area\/tributario\/stj-rejeitado-pedido-para-estender-prazo-de-migracao-para-a-funpresp.html\" \/>\n<meta property=\"og:locale\" content=\"pt_BR\" \/>\n<meta property=\"og:type\" content=\"article\" \/>\n<meta property=\"og:title\" content=\"STJ: Rejeitado pedido para estender prazo de migra\u00e7\u00e3o para a Funpresp | Portal de Not\u00edcias\" \/>\n<meta property=\"og:description\" content=\"O vice-presidente do Superior Tribunal de Justi\u00e7a (STJ), ministro Humberto Martins, no exerc\u00edcio da presid\u00eancia, indeferiu um pedido feito pelo Sindicato Nacional dos Analistas Tribut\u00e1rios da Receita Federal do Brasil (Sindireceita) para estender o prazo limite para que servidores p\u00fablicos federais possam migrar do regime pr\u00f3prio da Uni\u00e3o para a Funpresp, regime de previd\u00eancia complementar [&hellip;]\" \/>\n<meta property=\"og:url\" content=\"https:\/\/mhcalculos.com.br\/noticias\/area\/tributario\/stj-rejeitado-pedido-para-estender-prazo-de-migracao-para-a-funpresp.html\" \/>\n<meta property=\"og:site_name\" content=\"Portal de Not\u00edcias\" \/>\n<meta property=\"article:published_time\" content=\"2018-07-27T21:20:23+00:00\" \/>\n<meta property=\"article:modified_time\" content=\"2021-07-28T17:34:22+00:00\" \/>\n<meta property=\"og:image\" content=\"https:\/\/mhcalculos.com.br\/noticias\/wp-content\/uploads\/sites\/2\/2018\/06\/tributario-0002.jpg\" \/>\n\t<meta property=\"og:image:width\" content=\"2000\" \/>\n\t<meta property=\"og:image:height\" content=\"800\" \/>\n\t<meta property=\"og:image:type\" content=\"image\/jpeg\" \/>\n<meta name=\"author\" content=\"Equipe MH\" \/>\n<meta name=\"twitter:card\" content=\"summary_large_image\" \/>\n<meta name=\"twitter:label1\" content=\"Escrito por\" \/>\n\t<meta name=\"twitter:data1\" content=\"Equipe MH\" \/>\n\t<meta name=\"twitter:label2\" content=\"Est. tempo de leitura\" \/>\n\t<meta name=\"twitter:data2\" content=\"2 minutos\" \/>\n<script type=\"application\/ld+json\" class=\"yoast-schema-graph\">{\"@context\":\"https:\/\/schema.org\",\"@graph\":[{\"@type\":\"Article\",\"@id\":\"https:\/\/mhcalculos.com.br\/noticias\/area\/tributario\/stj-rejeitado-pedido-para-estender-prazo-de-migracao-para-a-funpresp.html#article\",\"isPartOf\":{\"@id\":\"https:\/\/mhcalculos.com.br\/noticias\/area\/tributario\/stj-rejeitado-pedido-para-estender-prazo-de-migracao-para-a-funpresp.html\"},\"author\":{\"name\":\"Equipe MH\",\"@id\":\"https:\/\/mhcalculos.com.br\/noticias\/#\/schema\/person\/88d1c34bf72dc779ea14a5a6b8e0ae8d\"},\"headline\":\"STJ: Rejeitado pedido para estender prazo de migra\u00e7\u00e3o para a Funpresp\",\"datePublished\":\"2018-07-27T21:20:23+00:00\",\"dateModified\":\"2021-07-28T17:34:22+00:00\",\"mainEntityOfPage\":{\"@id\":\"https:\/\/mhcalculos.com.br\/noticias\/area\/tributario\/stj-rejeitado-pedido-para-estender-prazo-de-migracao-para-a-funpresp.html\"},\"wordCount\":479,\"commentCount\":0,\"image\":{\"@id\":\"https:\/\/mhcalculos.com.br\/noticias\/area\/tributario\/stj-rejeitado-pedido-para-estender-prazo-de-migracao-para-a-funpresp.html#primaryimage\"},\"thumbnailUrl\":\"https:\/\/mhcalculos.com.br\/noticias\/wp-content\/uploads\/sites\/2\/2018\/06\/tributario-0002.jpg\",\"keywords\":[\"c\u00e1lculos judiciais\",\"c\u00e1lculos tribut\u00e1rios\",\"direito tribut\u00e1rio\",\"d\u00edvida ativa\",\"fazenda p\u00fablica\",\"Imposto\",\"per\u00edcia\",\"perito\",\"stj\",\"Superior Tribunal de Justi\u00e7a\",\"tributo\"],\"articleSection\":[\"Direito Tribut\u00e1rio\",\"STJ\"],\"inLanguage\":\"pt-BR\",\"potentialAction\":[{\"@type\":\"CommentAction\",\"name\":\"Comment\",\"target\":[\"https:\/\/mhcalculos.com.br\/noticias\/area\/tributario\/stj-rejeitado-pedido-para-estender-prazo-de-migracao-para-a-funpresp.html#respond\"]}]},{\"@type\":\"WebPage\",\"@id\":\"https:\/\/mhcalculos.com.br\/noticias\/area\/tributario\/stj-rejeitado-pedido-para-estender-prazo-de-migracao-para-a-funpresp.html\",\"url\":\"https:\/\/mhcalculos.com.br\/noticias\/area\/tributario\/stj-rejeitado-pedido-para-estender-prazo-de-migracao-para-a-funpresp.html\",\"name\":\"STJ: Rejeitado pedido para estender prazo de migra\u00e7\u00e3o para a Funpresp | Portal de Not\u00edcias\",\"isPartOf\":{\"@id\":\"https:\/\/mhcalculos.com.br\/noticias\/#website\"},\"primaryImageOfPage\":{\"@id\":\"https:\/\/mhcalculos.com.br\/noticias\/area\/tributario\/stj-rejeitado-pedido-para-estender-prazo-de-migracao-para-a-funpresp.html#primaryimage\"},\"image\":{\"@id\":\"https:\/\/mhcalculos.com.br\/noticias\/area\/tributario\/stj-rejeitado-pedido-para-estender-prazo-de-migracao-para-a-funpresp.html#primaryimage\"},\"thumbnailUrl\":\"https:\/\/mhcalculos.com.br\/noticias\/wp-content\/uploads\/sites\/2\/2018\/06\/tributario-0002.jpg\",\"datePublished\":\"2018-07-27T21:20:23+00:00\",\"dateModified\":\"2021-07-28T17:34:22+00:00\",\"author\":{\"@id\":\"https:\/\/mhcalculos.com.br\/noticias\/#\/schema\/person\/88d1c34bf72dc779ea14a5a6b8e0ae8d\"},\"breadcrumb\":{\"@id\":\"https:\/\/mhcalculos.com.br\/noticias\/area\/tributario\/stj-rejeitado-pedido-para-estender-prazo-de-migracao-para-a-funpresp.html#breadcrumb\"},\"inLanguage\":\"pt-BR\",\"potentialAction\":[{\"@type\":\"ReadAction\",\"target\":[\"https:\/\/mhcalculos.com.br\/noticias\/area\/tributario\/stj-rejeitado-pedido-para-estender-prazo-de-migracao-para-a-funpresp.html\"]}]},{\"@type\":\"ImageObject\",\"inLanguage\":\"pt-BR\",\"@id\":\"https:\/\/mhcalculos.com.br\/noticias\/area\/tributario\/stj-rejeitado-pedido-para-estender-prazo-de-migracao-para-a-funpresp.html#primaryimage\",\"url\":\"https:\/\/mhcalculos.com.br\/noticias\/wp-content\/uploads\/sites\/2\/2018\/06\/tributario-0002.jpg\",\"contentUrl\":\"https:\/\/mhcalculos.com.br\/noticias\/wp-content\/uploads\/sites\/2\/2018\/06\/tributario-0002.jpg\",\"width\":2000,\"height\":800},{\"@type\":\"BreadcrumbList\",\"@id\":\"https:\/\/mhcalculos.com.br\/noticias\/area\/tributario\/stj-rejeitado-pedido-para-estender-prazo-de-migracao-para-a-funpresp.html#breadcrumb\",\"itemListElement\":[{\"@type\":\"ListItem\",\"position\":1,\"name\":\"In\u00edcio\",\"item\":\"https:\/\/mhcalculos.com.br\/noticias\/\"},{\"@type\":\"ListItem\",\"position\":2,\"name\":\"STJ: Rejeitado pedido para estender prazo de migra\u00e7\u00e3o para a Funpresp\"}]},{\"@type\":\"WebSite\",\"@id\":\"https:\/\/mhcalculos.com.br\/noticias\/#website\",\"url\":\"https:\/\/mhcalculos.com.br\/noticias\/\",\"name\":\"Portal de Not\u00edcias\",\"description\":\"Not\u00edcias e Jurisprud\u00eancia\",\"potentialAction\":[{\"@type\":\"SearchAction\",\"target\":{\"@type\":\"EntryPoint\",\"urlTemplate\":\"https:\/\/mhcalculos.com.br\/noticias\/?s={search_term_string}\"},\"query-input\":{\"@type\":\"PropertyValueSpecification\",\"valueRequired\":true,\"valueName\":\"search_term_string\"}}],\"inLanguage\":\"pt-BR\"},{\"@type\":\"Person\",\"@id\":\"https:\/\/mhcalculos.com.br\/noticias\/#\/schema\/person\/88d1c34bf72dc779ea14a5a6b8e0ae8d\",\"name\":\"Equipe MH\",\"image\":{\"@type\":\"ImageObject\",\"inLanguage\":\"pt-BR\",\"@id\":\"https:\/\/secure.gravatar.com\/avatar\/de1c686c2ecc9c5a3f327e3431d819eb39f8f05d4e1045f5a1caad6daaba987f?s=96&d=mm&r=g\",\"url\":\"https:\/\/secure.gravatar.com\/avatar\/de1c686c2ecc9c5a3f327e3431d819eb39f8f05d4e1045f5a1caad6daaba987f?s=96&d=mm&r=g\",\"contentUrl\":\"https:\/\/secure.gravatar.com\/avatar\/de1c686c2ecc9c5a3f327e3431d819eb39f8f05d4e1045f5a1caad6daaba987f?s=96&d=mm&r=g\",\"caption\":\"Equipe MH\"}}]}<\/script>\n<!-- \/ Yoast SEO plugin. -->","yoast_head_json":{"title":"STJ: Rejeitado pedido para estender prazo de migra\u00e7\u00e3o para a Funpresp | Portal de Not\u00edcias","robots":{"index":"index","follow":"follow","max-snippet":"max-snippet:-1","max-image-preview":"max-image-preview:large","max-video-preview":"max-video-preview:-1"},"canonical":"https:\/\/mhcalculos.com.br\/noticias\/area\/tributario\/stj-rejeitado-pedido-para-estender-prazo-de-migracao-para-a-funpresp.html","og_locale":"pt_BR","og_type":"article","og_title":"STJ: Rejeitado pedido para estender prazo de migra\u00e7\u00e3o para a Funpresp | Portal de Not\u00edcias","og_description":"O vice-presidente do Superior Tribunal de Justi\u00e7a (STJ), ministro Humberto Martins, no exerc\u00edcio da presid\u00eancia, indeferiu um pedido feito pelo Sindicato Nacional dos Analistas Tribut\u00e1rios da Receita Federal do Brasil (Sindireceita) para estender o prazo limite para que servidores p\u00fablicos federais possam migrar do regime pr\u00f3prio da Uni\u00e3o para a Funpresp, regime de previd\u00eancia complementar [&hellip;]","og_url":"https:\/\/mhcalculos.com.br\/noticias\/area\/tributario\/stj-rejeitado-pedido-para-estender-prazo-de-migracao-para-a-funpresp.html","og_site_name":"Portal de Not\u00edcias","article_published_time":"2018-07-27T21:20:23+00:00","article_modified_time":"2021-07-28T17:34:22+00:00","og_image":[{"width":2000,"height":800,"url":"https:\/\/mhcalculos.com.br\/noticias\/wp-content\/uploads\/sites\/2\/2018\/06\/tributario-0002.jpg","type":"image\/jpeg"}],"author":"Equipe MH","twitter_card":"summary_large_image","twitter_misc":{"Escrito por":"Equipe MH","Est. tempo de leitura":"2 minutos"},"schema":{"@context":"https:\/\/schema.org","@graph":[{"@type":"Article","@id":"https:\/\/mhcalculos.com.br\/noticias\/area\/tributario\/stj-rejeitado-pedido-para-estender-prazo-de-migracao-para-a-funpresp.html#article","isPartOf":{"@id":"https:\/\/mhcalculos.com.br\/noticias\/area\/tributario\/stj-rejeitado-pedido-para-estender-prazo-de-migracao-para-a-funpresp.html"},"author":{"name":"Equipe MH","@id":"https:\/\/mhcalculos.com.br\/noticias\/#\/schema\/person\/88d1c34bf72dc779ea14a5a6b8e0ae8d"},"headline":"STJ: Rejeitado pedido para estender prazo de migra\u00e7\u00e3o para a Funpresp","datePublished":"2018-07-27T21:20:23+00:00","dateModified":"2021-07-28T17:34:22+00:00","mainEntityOfPage":{"@id":"https:\/\/mhcalculos.com.br\/noticias\/area\/tributario\/stj-rejeitado-pedido-para-estender-prazo-de-migracao-para-a-funpresp.html"},"wordCount":479,"commentCount":0,"image":{"@id":"https:\/\/mhcalculos.com.br\/noticias\/area\/tributario\/stj-rejeitado-pedido-para-estender-prazo-de-migracao-para-a-funpresp.html#primaryimage"},"thumbnailUrl":"https:\/\/mhcalculos.com.br\/noticias\/wp-content\/uploads\/sites\/2\/2018\/06\/tributario-0002.jpg","keywords":["c\u00e1lculos judiciais","c\u00e1lculos tribut\u00e1rios","direito tribut\u00e1rio","d\u00edvida ativa","fazenda p\u00fablica","Imposto","per\u00edcia","perito","stj","Superior Tribunal de Justi\u00e7a","tributo"],"articleSection":["Direito Tribut\u00e1rio","STJ"],"inLanguage":"pt-BR","potentialAction":[{"@type":"CommentAction","name":"Comment","target":["https:\/\/mhcalculos.com.br\/noticias\/area\/tributario\/stj-rejeitado-pedido-para-estender-prazo-de-migracao-para-a-funpresp.html#respond"]}]},{"@type":"WebPage","@id":"https:\/\/mhcalculos.com.br\/noticias\/area\/tributario\/stj-rejeitado-pedido-para-estender-prazo-de-migracao-para-a-funpresp.html","url":"https:\/\/mhcalculos.com.br\/noticias\/area\/tributario\/stj-rejeitado-pedido-para-estender-prazo-de-migracao-para-a-funpresp.html","name":"STJ: Rejeitado pedido para estender prazo de migra\u00e7\u00e3o para a Funpresp | Portal de Not\u00edcias","isPartOf":{"@id":"https:\/\/mhcalculos.com.br\/noticias\/#website"},"primaryImageOfPage":{"@id":"https:\/\/mhcalculos.com.br\/noticias\/area\/tributario\/stj-rejeitado-pedido-para-estender-prazo-de-migracao-para-a-funpresp.html#primaryimage"},"image":{"@id":"https:\/\/mhcalculos.com.br\/noticias\/area\/tributario\/stj-rejeitado-pedido-para-estender-prazo-de-migracao-para-a-funpresp.html#primaryimage"},"thumbnailUrl":"https:\/\/mhcalculos.com.br\/noticias\/wp-content\/uploads\/sites\/2\/2018\/06\/tributario-0002.jpg","datePublished":"2018-07-27T21:20:23+00:00","dateModified":"2021-07-28T17:34:22+00:00","author":{"@id":"https:\/\/mhcalculos.com.br\/noticias\/#\/schema\/person\/88d1c34bf72dc779ea14a5a6b8e0ae8d"},"breadcrumb":{"@id":"https:\/\/mhcalculos.com.br\/noticias\/area\/tributario\/stj-rejeitado-pedido-para-estender-prazo-de-migracao-para-a-funpresp.html#breadcrumb"},"inLanguage":"pt-BR","potentialAction":[{"@type":"ReadAction","target":["https:\/\/mhcalculos.com.br\/noticias\/area\/tributario\/stj-rejeitado-pedido-para-estender-prazo-de-migracao-para-a-funpresp.html"]}]},{"@type":"ImageObject","inLanguage":"pt-BR","@id":"https:\/\/mhcalculos.com.br\/noticias\/area\/tributario\/stj-rejeitado-pedido-para-estender-prazo-de-migracao-para-a-funpresp.html#primaryimage","url":"https:\/\/mhcalculos.com.br\/noticias\/wp-content\/uploads\/sites\/2\/2018\/06\/tributario-0002.jpg","contentUrl":"https:\/\/mhcalculos.com.br\/noticias\/wp-content\/uploads\/sites\/2\/2018\/06\/tributario-0002.jpg","width":2000,"height":800},{"@type":"BreadcrumbList","@id":"https:\/\/mhcalculos.com.br\/noticias\/area\/tributario\/stj-rejeitado-pedido-para-estender-prazo-de-migracao-para-a-funpresp.html#breadcrumb","itemListElement":[{"@type":"ListItem","position":1,"name":"In\u00edcio","item":"https:\/\/mhcalculos.com.br\/noticias\/"},{"@type":"ListItem","position":2,"name":"STJ: Rejeitado pedido para estender prazo de migra\u00e7\u00e3o para a Funpresp"}]},{"@type":"WebSite","@id":"https:\/\/mhcalculos.com.br\/noticias\/#website","url":"https:\/\/mhcalculos.com.br\/noticias\/","name":"Portal de Not\u00edcias","description":"Not\u00edcias e Jurisprud\u00eancia","potentialAction":[{"@type":"SearchAction","target":{"@type":"EntryPoint","urlTemplate":"https:\/\/mhcalculos.com.br\/noticias\/?s={search_term_string}"},"query-input":{"@type":"PropertyValueSpecification","valueRequired":true,"valueName":"search_term_string"}}],"inLanguage":"pt-BR"},{"@type":"Person","@id":"https:\/\/mhcalculos.com.br\/noticias\/#\/schema\/person\/88d1c34bf72dc779ea14a5a6b8e0ae8d","name":"Equipe MH","image":{"@type":"ImageObject","inLanguage":"pt-BR","@id":"https:\/\/secure.gravatar.com\/avatar\/de1c686c2ecc9c5a3f327e3431d819eb39f8f05d4e1045f5a1caad6daaba987f?s=96&d=mm&r=g","url":"https:\/\/secure.gravatar.com\/avatar\/de1c686c2ecc9c5a3f327e3431d819eb39f8f05d4e1045f5a1caad6daaba987f?s=96&d=mm&r=g","contentUrl":"https:\/\/secure.gravatar.com\/avatar\/de1c686c2ecc9c5a3f327e3431d819eb39f8f05d4e1045f5a1caad6daaba987f?s=96&d=mm&r=g","caption":"Equipe MH"}}]}},"_links":{"self":[{"href":"https:\/\/mhcalculos.com.br\/noticias\/wp-json\/wp\/v2\/posts\/2642","targetHints":{"allow":["GET"]}}],"collection":[{"href":"https:\/\/mhcalculos.com.br\/noticias\/wp-json\/wp\/v2\/posts"}],"about":[{"href":"https:\/\/mhcalculos.com.br\/noticias\/wp-json\/wp\/v2\/types\/post"}],"author":[{"embeddable":true,"href":"https:\/\/mhcalculos.com.br\/noticias\/wp-json\/wp\/v2\/users\/3063"}],"replies":[{"embeddable":true,"href":"https:\/\/mhcalculos.com.br\/noticias\/wp-json\/wp\/v2\/comments?post=2642"}],"version-history":[{"count":1,"href":"https:\/\/mhcalculos.com.br\/noticias\/wp-json\/wp\/v2\/posts\/2642\/revisions"}],"predecessor-version":[{"id":6810,"href":"https:\/\/mhcalculos.com.br\/noticias\/wp-json\/wp\/v2\/posts\/2642\/revisions\/6810"}],"wp:featuredmedia":[{"embeddable":true,"href":"https:\/\/mhcalculos.com.br\/noticias\/wp-json\/wp\/v2\/media\/2157"}],"wp:attachment":[{"href":"https:\/\/mhcalculos.com.br\/noticias\/wp-json\/wp\/v2\/media?parent=2642"}],"wp:term":[{"taxonomy":"category","embeddable":true,"href":"https:\/\/mhcalculos.com.br\/noticias\/wp-json\/wp\/v2\/categories?post=2642"},{"taxonomy":"post_tag","embeddable":true,"href":"https:\/\/mhcalculos.com.br\/noticias\/wp-json\/wp\/v2\/tags?post=2642"}],"curies":[{"name":"wp","href":"https:\/\/api.w.org\/{rel}","templated":true}]}}