{"id":2606,"date":"2018-07-23T18:18:00","date_gmt":"2018-07-23T21:18:00","guid":{"rendered":"https:\/\/mhcalculos.com.br\/noticias\/2018\/07\/23\/tst-nova-versao-do-dejt-e-implantada\/"},"modified":"2021-07-28T14:34:24","modified_gmt":"2021-07-28T17:34:24","slug":"tst-nova-versao-do-dejt-e-implantada","status":"publish","type":"post","link":"https:\/\/mhcalculos.com.br\/noticias\/area\/trabalhista\/tst-nova-versao-do-dejt-e-implantada.html","title":{"rendered":"TST: Nova vers\u00e3o do DEJT \u00e9 implantada"},"content":{"rendered":"<p><br \/>\n <\/p>\n<p >O Di\u00e1rio Eletr\u00f4nico da Justi\u00e7a do Trabalho (DEJT) ganhou nova vers\u00e3o na \u00faltima quinta-feira (19). Foi implantada a vers\u00e3o DEJT 6.6.3 em substitui\u00e7\u00e3o \u00e0 DEJT 6.6.1, ap\u00f3s delibera\u00e7\u00e3o do Comit\u00ea Gestor do DEJT.<\/p>\n<p >Segundo o gestor nacional e coordenador do Comit\u00ea Gestor do DEJT, Villermando Ribeiro dos Santos, a nova vers\u00e3o 6.6.3 apresenta algumas melhorias. \u201cEla corrige o problema que impedia a altera\u00e7\u00e3o de senha pelo usu\u00e1rio\u201d, disse Santos. A falha se dava ao acessar o campo &#8220;Alterar Senha&#8221; na p\u00e1gina do DEJT na internet.<\/p>\n<p >O servidor, lotado na Coordenadoria de Gest\u00e3o Documental do Conselho Superior da Justi\u00e7a do Trabalho, tamb\u00e9m cita novas maneiras de registro de advogados. \u201cAgora, existe a possibilidade de cadastro utilizando a inscri\u00e7\u00e3o suplementar nos Conselhos Seccionais da OAB em formato \u2018A1111\u2019&#8221;, observou.<\/p>\n<p >Al\u00e9m disso, o site passa a disponibilizar as mat\u00e9rias nos Cadernos Administrativos e Judici\u00e1rios por ordem de data e hora de envio do conte\u00fado pelo publicador. \u201cEssa mudan\u00e7a s\u00f3 \u00e9 poss\u00edvel desde que dentro da mesma unidade publicadora e agrupadas por tipo de mat\u00e9ria\u201d, lembrou o gestor nacional. Ele ressaltou que as mudan\u00e7as citadas se juntam a outras utilidades que j\u00e1 eram oferecidas pela p\u00e1gina do DEJT. \u201cAs demais funcionalidades do sistema foram mantidas\u201d, concluiu.<\/p>\n<p >(RT\/GS)<\/p>\n<p> Esta mat\u00e9ria tem car\u00e1ter informativo, sem cunho oficial.<br \/> Permitida a reprodu\u00e7\u00e3o mediante cita\u00e7\u00e3o da fonte.<br \/> Secretaria de Comunica\u00e7\u00e3o Social<br \/> Tribunal Superior do Trabalho<br \/> Tel. (61) 3043-4907<br \/> <a href=\"mailto:secom@tst.jus.br\" target=\"_blank\" rel=\"noopener\">secom@tst.jus.br<\/a>&nbsp;     <\/br><br \/>\n<br \/><i>Com informa\u00e7\u00f5es da assessoria de imprensa do TST.<\/i><br \/>\n<br \/><a href=\"http:\/\/www.tst.jus.br\/web\/guest\/noticias?p_p_id=89Dk&#038;p_p_lifecycle=0&#038;refererPlid=10730&#038;_89Dk_struts_action=%2Fjournal_content%2Fview&#038;_89Dk_groupId=10157&#038;_89Dk_articleId=24620913\">Fonte<\/a><br \/>\n<br \/><\/p>\n","protected":false},"excerpt":{"rendered":"<p>O Di\u00e1rio Eletr\u00f4nico da Justi\u00e7a do Trabalho (DEJT) ganhou nova vers\u00e3o na \u00faltima quinta-feira (19). Foi implantada a vers\u00e3o DEJT 6.6.3 em substitui\u00e7\u00e3o \u00e0 DEJT 6.6.1, ap\u00f3s delibera\u00e7\u00e3o do Comit\u00ea Gestor do DEJT. Segundo o gestor nacional e coordenador do Comit\u00ea Gestor do DEJT, Villermando Ribeiro dos Santos, a nova vers\u00e3o 6.6.3 apresenta algumas melhorias. [&hellip;]<\/p>\n","protected":false},"author":3063,"featured_media":2607,"comment_status":"open","ping_status":"open","sticky":false,"template":"","format":"standard","meta":{"footnotes":""},"categories":[3,21],"tags":[33,216,9,12,217,215],"class_list":{"0":"post-2606","1":"post","2":"type-post","3":"status-publish","4":"format-standard","5":"has-post-thumbnail","7":"category-trabalhista","8":"category-tst","9":"tag-calculos-trabalhistas","10":"tag-direito-trabalhista","11":"tag-pericia","12":"tag-perito","13":"tag-trabalho","14":"tag-tst"},"yoast_head":"<!-- This site is optimized with the Yoast SEO plugin v27.2 - https:\/\/yoast.com\/product\/yoast-seo-wordpress\/ -->\n<title>TST: Nova vers\u00e3o do DEJT \u00e9 implantada | Portal de Not\u00edcias<\/title>\n<meta name=\"robots\" content=\"index, follow, max-snippet:-1, max-image-preview:large, max-video-preview:-1\" \/>\n<link rel=\"canonical\" href=\"https:\/\/mhcalculos.com.br\/noticias\/area\/trabalhista\/tst-nova-versao-do-dejt-e-implantada.html\" \/>\n<meta property=\"og:locale\" content=\"pt_BR\" \/>\n<meta property=\"og:type\" content=\"article\" \/>\n<meta property=\"og:title\" content=\"TST: Nova vers\u00e3o do DEJT \u00e9 implantada | Portal de Not\u00edcias\" \/>\n<meta property=\"og:description\" content=\"O Di\u00e1rio Eletr\u00f4nico da Justi\u00e7a do Trabalho (DEJT) ganhou nova vers\u00e3o na \u00faltima quinta-feira (19). Foi implantada a vers\u00e3o DEJT 6.6.3 em substitui\u00e7\u00e3o \u00e0 DEJT 6.6.1, ap\u00f3s delibera\u00e7\u00e3o do Comit\u00ea Gestor do DEJT. Segundo o gestor nacional e coordenador do Comit\u00ea Gestor do DEJT, Villermando Ribeiro dos Santos, a nova vers\u00e3o 6.6.3 apresenta algumas melhorias. [&hellip;]\" \/>\n<meta property=\"og:url\" content=\"https:\/\/mhcalculos.com.br\/noticias\/area\/trabalhista\/tst-nova-versao-do-dejt-e-implantada.html\" \/>\n<meta property=\"og:site_name\" content=\"Portal de Not\u00edcias\" \/>\n<meta property=\"article:published_time\" content=\"2018-07-23T21:18:00+00:00\" \/>\n<meta property=\"article:modified_time\" content=\"2021-07-28T17:34:24+00:00\" \/>\n<meta property=\"og:image\" content=\"https:\/\/mhcalculos.com.br\/noticias\/wp-content\/uploads\/sites\/2\/2018\/07\/judiciario-0019.jpg\" \/>\n\t<meta property=\"og:image:width\" content=\"2000\" \/>\n\t<meta property=\"og:image:height\" content=\"800\" \/>\n\t<meta property=\"og:image:type\" content=\"image\/jpeg\" \/>\n<meta name=\"author\" content=\"Equipe MH\" \/>\n<meta name=\"twitter:card\" content=\"summary_large_image\" \/>\n<meta name=\"twitter:label1\" content=\"Escrito por\" \/>\n\t<meta name=\"twitter:data1\" content=\"Equipe MH\" \/>\n\t<meta name=\"twitter:label2\" content=\"Est. tempo de leitura\" \/>\n\t<meta name=\"twitter:data2\" content=\"1 minuto\" \/>\n<script type=\"application\/ld+json\" class=\"yoast-schema-graph\">{\"@context\":\"https:\/\/schema.org\",\"@graph\":[{\"@type\":\"Article\",\"@id\":\"https:\/\/mhcalculos.com.br\/noticias\/area\/trabalhista\/tst-nova-versao-do-dejt-e-implantada.html#article\",\"isPartOf\":{\"@id\":\"https:\/\/mhcalculos.com.br\/noticias\/area\/trabalhista\/tst-nova-versao-do-dejt-e-implantada.html\"},\"author\":{\"name\":\"Equipe MH\",\"@id\":\"https:\/\/mhcalculos.com.br\/noticias\/#\/schema\/person\/88d1c34bf72dc779ea14a5a6b8e0ae8d\"},\"headline\":\"TST: Nova vers\u00e3o do DEJT \u00e9 implantada\",\"datePublished\":\"2018-07-23T21:18:00+00:00\",\"dateModified\":\"2021-07-28T17:34:24+00:00\",\"mainEntityOfPage\":{\"@id\":\"https:\/\/mhcalculos.com.br\/noticias\/area\/trabalhista\/tst-nova-versao-do-dejt-e-implantada.html\"},\"wordCount\":277,\"commentCount\":0,\"image\":{\"@id\":\"https:\/\/mhcalculos.com.br\/noticias\/area\/trabalhista\/tst-nova-versao-do-dejt-e-implantada.html#primaryimage\"},\"thumbnailUrl\":\"https:\/\/mhcalculos.com.br\/noticias\/wp-content\/uploads\/sites\/2\/2018\/07\/judiciario-0019.jpg\",\"keywords\":[\"c\u00e1lculos trabalhistas\",\"direito trabalhista\",\"per\u00edcia\",\"perito\",\"trabalho\",\"TST\"],\"articleSection\":[\"Direito Trabalhista\",\"TST\"],\"inLanguage\":\"pt-BR\",\"potentialAction\":[{\"@type\":\"CommentAction\",\"name\":\"Comment\",\"target\":[\"https:\/\/mhcalculos.com.br\/noticias\/area\/trabalhista\/tst-nova-versao-do-dejt-e-implantada.html#respond\"]}]},{\"@type\":\"WebPage\",\"@id\":\"https:\/\/mhcalculos.com.br\/noticias\/area\/trabalhista\/tst-nova-versao-do-dejt-e-implantada.html\",\"url\":\"https:\/\/mhcalculos.com.br\/noticias\/area\/trabalhista\/tst-nova-versao-do-dejt-e-implantada.html\",\"name\":\"TST: Nova vers\u00e3o do DEJT \u00e9 implantada | Portal de Not\u00edcias\",\"isPartOf\":{\"@id\":\"https:\/\/mhcalculos.com.br\/noticias\/#website\"},\"primaryImageOfPage\":{\"@id\":\"https:\/\/mhcalculos.com.br\/noticias\/area\/trabalhista\/tst-nova-versao-do-dejt-e-implantada.html#primaryimage\"},\"image\":{\"@id\":\"https:\/\/mhcalculos.com.br\/noticias\/area\/trabalhista\/tst-nova-versao-do-dejt-e-implantada.html#primaryimage\"},\"thumbnailUrl\":\"https:\/\/mhcalculos.com.br\/noticias\/wp-content\/uploads\/sites\/2\/2018\/07\/judiciario-0019.jpg\",\"datePublished\":\"2018-07-23T21:18:00+00:00\",\"dateModified\":\"2021-07-28T17:34:24+00:00\",\"author\":{\"@id\":\"https:\/\/mhcalculos.com.br\/noticias\/#\/schema\/person\/88d1c34bf72dc779ea14a5a6b8e0ae8d\"},\"breadcrumb\":{\"@id\":\"https:\/\/mhcalculos.com.br\/noticias\/area\/trabalhista\/tst-nova-versao-do-dejt-e-implantada.html#breadcrumb\"},\"inLanguage\":\"pt-BR\",\"potentialAction\":[{\"@type\":\"ReadAction\",\"target\":[\"https:\/\/mhcalculos.com.br\/noticias\/area\/trabalhista\/tst-nova-versao-do-dejt-e-implantada.html\"]}]},{\"@type\":\"ImageObject\",\"inLanguage\":\"pt-BR\",\"@id\":\"https:\/\/mhcalculos.com.br\/noticias\/area\/trabalhista\/tst-nova-versao-do-dejt-e-implantada.html#primaryimage\",\"url\":\"https:\/\/mhcalculos.com.br\/noticias\/wp-content\/uploads\/sites\/2\/2018\/07\/judiciario-0019.jpg\",\"contentUrl\":\"https:\/\/mhcalculos.com.br\/noticias\/wp-content\/uploads\/sites\/2\/2018\/07\/judiciario-0019.jpg\",\"width\":2000,\"height\":800},{\"@type\":\"BreadcrumbList\",\"@id\":\"https:\/\/mhcalculos.com.br\/noticias\/area\/trabalhista\/tst-nova-versao-do-dejt-e-implantada.html#breadcrumb\",\"itemListElement\":[{\"@type\":\"ListItem\",\"position\":1,\"name\":\"In\u00edcio\",\"item\":\"https:\/\/mhcalculos.com.br\/noticias\/\"},{\"@type\":\"ListItem\",\"position\":2,\"name\":\"TST: Nova vers\u00e3o do DEJT \u00e9 implantada\"}]},{\"@type\":\"WebSite\",\"@id\":\"https:\/\/mhcalculos.com.br\/noticias\/#website\",\"url\":\"https:\/\/mhcalculos.com.br\/noticias\/\",\"name\":\"Portal de Not\u00edcias\",\"description\":\"Not\u00edcias e Jurisprud\u00eancia\",\"potentialAction\":[{\"@type\":\"SearchAction\",\"target\":{\"@type\":\"EntryPoint\",\"urlTemplate\":\"https:\/\/mhcalculos.com.br\/noticias\/?s={search_term_string}\"},\"query-input\":{\"@type\":\"PropertyValueSpecification\",\"valueRequired\":true,\"valueName\":\"search_term_string\"}}],\"inLanguage\":\"pt-BR\"},{\"@type\":\"Person\",\"@id\":\"https:\/\/mhcalculos.com.br\/noticias\/#\/schema\/person\/88d1c34bf72dc779ea14a5a6b8e0ae8d\",\"name\":\"Equipe MH\",\"image\":{\"@type\":\"ImageObject\",\"inLanguage\":\"pt-BR\",\"@id\":\"https:\/\/secure.gravatar.com\/avatar\/de1c686c2ecc9c5a3f327e3431d819eb39f8f05d4e1045f5a1caad6daaba987f?s=96&d=mm&r=g\",\"url\":\"https:\/\/secure.gravatar.com\/avatar\/de1c686c2ecc9c5a3f327e3431d819eb39f8f05d4e1045f5a1caad6daaba987f?s=96&d=mm&r=g\",\"contentUrl\":\"https:\/\/secure.gravatar.com\/avatar\/de1c686c2ecc9c5a3f327e3431d819eb39f8f05d4e1045f5a1caad6daaba987f?s=96&d=mm&r=g\",\"caption\":\"Equipe MH\"}}]}<\/script>\n<!-- \/ Yoast SEO plugin. -->","yoast_head_json":{"title":"TST: Nova vers\u00e3o do DEJT \u00e9 implantada | Portal de Not\u00edcias","robots":{"index":"index","follow":"follow","max-snippet":"max-snippet:-1","max-image-preview":"max-image-preview:large","max-video-preview":"max-video-preview:-1"},"canonical":"https:\/\/mhcalculos.com.br\/noticias\/area\/trabalhista\/tst-nova-versao-do-dejt-e-implantada.html","og_locale":"pt_BR","og_type":"article","og_title":"TST: Nova vers\u00e3o do DEJT \u00e9 implantada | Portal de Not\u00edcias","og_description":"O Di\u00e1rio Eletr\u00f4nico da Justi\u00e7a do Trabalho (DEJT) ganhou nova vers\u00e3o na \u00faltima quinta-feira (19). Foi implantada a vers\u00e3o DEJT 6.6.3 em substitui\u00e7\u00e3o \u00e0 DEJT 6.6.1, ap\u00f3s delibera\u00e7\u00e3o do Comit\u00ea Gestor do DEJT. Segundo o gestor nacional e coordenador do Comit\u00ea Gestor do DEJT, Villermando Ribeiro dos Santos, a nova vers\u00e3o 6.6.3 apresenta algumas melhorias. [&hellip;]","og_url":"https:\/\/mhcalculos.com.br\/noticias\/area\/trabalhista\/tst-nova-versao-do-dejt-e-implantada.html","og_site_name":"Portal de Not\u00edcias","article_published_time":"2018-07-23T21:18:00+00:00","article_modified_time":"2021-07-28T17:34:24+00:00","og_image":[{"width":2000,"height":800,"url":"https:\/\/mhcalculos.com.br\/noticias\/wp-content\/uploads\/sites\/2\/2018\/07\/judiciario-0019.jpg","type":"image\/jpeg"}],"author":"Equipe MH","twitter_card":"summary_large_image","twitter_misc":{"Escrito por":"Equipe MH","Est. tempo de leitura":"1 minuto"},"schema":{"@context":"https:\/\/schema.org","@graph":[{"@type":"Article","@id":"https:\/\/mhcalculos.com.br\/noticias\/area\/trabalhista\/tst-nova-versao-do-dejt-e-implantada.html#article","isPartOf":{"@id":"https:\/\/mhcalculos.com.br\/noticias\/area\/trabalhista\/tst-nova-versao-do-dejt-e-implantada.html"},"author":{"name":"Equipe MH","@id":"https:\/\/mhcalculos.com.br\/noticias\/#\/schema\/person\/88d1c34bf72dc779ea14a5a6b8e0ae8d"},"headline":"TST: Nova vers\u00e3o do DEJT \u00e9 implantada","datePublished":"2018-07-23T21:18:00+00:00","dateModified":"2021-07-28T17:34:24+00:00","mainEntityOfPage":{"@id":"https:\/\/mhcalculos.com.br\/noticias\/area\/trabalhista\/tst-nova-versao-do-dejt-e-implantada.html"},"wordCount":277,"commentCount":0,"image":{"@id":"https:\/\/mhcalculos.com.br\/noticias\/area\/trabalhista\/tst-nova-versao-do-dejt-e-implantada.html#primaryimage"},"thumbnailUrl":"https:\/\/mhcalculos.com.br\/noticias\/wp-content\/uploads\/sites\/2\/2018\/07\/judiciario-0019.jpg","keywords":["c\u00e1lculos trabalhistas","direito trabalhista","per\u00edcia","perito","trabalho","TST"],"articleSection":["Direito Trabalhista","TST"],"inLanguage":"pt-BR","potentialAction":[{"@type":"CommentAction","name":"Comment","target":["https:\/\/mhcalculos.com.br\/noticias\/area\/trabalhista\/tst-nova-versao-do-dejt-e-implantada.html#respond"]}]},{"@type":"WebPage","@id":"https:\/\/mhcalculos.com.br\/noticias\/area\/trabalhista\/tst-nova-versao-do-dejt-e-implantada.html","url":"https:\/\/mhcalculos.com.br\/noticias\/area\/trabalhista\/tst-nova-versao-do-dejt-e-implantada.html","name":"TST: Nova vers\u00e3o do DEJT \u00e9 implantada | Portal de Not\u00edcias","isPartOf":{"@id":"https:\/\/mhcalculos.com.br\/noticias\/#website"},"primaryImageOfPage":{"@id":"https:\/\/mhcalculos.com.br\/noticias\/area\/trabalhista\/tst-nova-versao-do-dejt-e-implantada.html#primaryimage"},"image":{"@id":"https:\/\/mhcalculos.com.br\/noticias\/area\/trabalhista\/tst-nova-versao-do-dejt-e-implantada.html#primaryimage"},"thumbnailUrl":"https:\/\/mhcalculos.com.br\/noticias\/wp-content\/uploads\/sites\/2\/2018\/07\/judiciario-0019.jpg","datePublished":"2018-07-23T21:18:00+00:00","dateModified":"2021-07-28T17:34:24+00:00","author":{"@id":"https:\/\/mhcalculos.com.br\/noticias\/#\/schema\/person\/88d1c34bf72dc779ea14a5a6b8e0ae8d"},"breadcrumb":{"@id":"https:\/\/mhcalculos.com.br\/noticias\/area\/trabalhista\/tst-nova-versao-do-dejt-e-implantada.html#breadcrumb"},"inLanguage":"pt-BR","potentialAction":[{"@type":"ReadAction","target":["https:\/\/mhcalculos.com.br\/noticias\/area\/trabalhista\/tst-nova-versao-do-dejt-e-implantada.html"]}]},{"@type":"ImageObject","inLanguage":"pt-BR","@id":"https:\/\/mhcalculos.com.br\/noticias\/area\/trabalhista\/tst-nova-versao-do-dejt-e-implantada.html#primaryimage","url":"https:\/\/mhcalculos.com.br\/noticias\/wp-content\/uploads\/sites\/2\/2018\/07\/judiciario-0019.jpg","contentUrl":"https:\/\/mhcalculos.com.br\/noticias\/wp-content\/uploads\/sites\/2\/2018\/07\/judiciario-0019.jpg","width":2000,"height":800},{"@type":"BreadcrumbList","@id":"https:\/\/mhcalculos.com.br\/noticias\/area\/trabalhista\/tst-nova-versao-do-dejt-e-implantada.html#breadcrumb","itemListElement":[{"@type":"ListItem","position":1,"name":"In\u00edcio","item":"https:\/\/mhcalculos.com.br\/noticias\/"},{"@type":"ListItem","position":2,"name":"TST: Nova vers\u00e3o do DEJT \u00e9 implantada"}]},{"@type":"WebSite","@id":"https:\/\/mhcalculos.com.br\/noticias\/#website","url":"https:\/\/mhcalculos.com.br\/noticias\/","name":"Portal de Not\u00edcias","description":"Not\u00edcias e Jurisprud\u00eancia","potentialAction":[{"@type":"SearchAction","target":{"@type":"EntryPoint","urlTemplate":"https:\/\/mhcalculos.com.br\/noticias\/?s={search_term_string}"},"query-input":{"@type":"PropertyValueSpecification","valueRequired":true,"valueName":"search_term_string"}}],"inLanguage":"pt-BR"},{"@type":"Person","@id":"https:\/\/mhcalculos.com.br\/noticias\/#\/schema\/person\/88d1c34bf72dc779ea14a5a6b8e0ae8d","name":"Equipe MH","image":{"@type":"ImageObject","inLanguage":"pt-BR","@id":"https:\/\/secure.gravatar.com\/avatar\/de1c686c2ecc9c5a3f327e3431d819eb39f8f05d4e1045f5a1caad6daaba987f?s=96&d=mm&r=g","url":"https:\/\/secure.gravatar.com\/avatar\/de1c686c2ecc9c5a3f327e3431d819eb39f8f05d4e1045f5a1caad6daaba987f?s=96&d=mm&r=g","contentUrl":"https:\/\/secure.gravatar.com\/avatar\/de1c686c2ecc9c5a3f327e3431d819eb39f8f05d4e1045f5a1caad6daaba987f?s=96&d=mm&r=g","caption":"Equipe MH"}}]}},"_links":{"self":[{"href":"https:\/\/mhcalculos.com.br\/noticias\/wp-json\/wp\/v2\/posts\/2606","targetHints":{"allow":["GET"]}}],"collection":[{"href":"https:\/\/mhcalculos.com.br\/noticias\/wp-json\/wp\/v2\/posts"}],"about":[{"href":"https:\/\/mhcalculos.com.br\/noticias\/wp-json\/wp\/v2\/types\/post"}],"author":[{"embeddable":true,"href":"https:\/\/mhcalculos.com.br\/noticias\/wp-json\/wp\/v2\/users\/3063"}],"replies":[{"embeddable":true,"href":"https:\/\/mhcalculos.com.br\/noticias\/wp-json\/wp\/v2\/comments?post=2606"}],"version-history":[{"count":1,"href":"https:\/\/mhcalculos.com.br\/noticias\/wp-json\/wp\/v2\/posts\/2606\/revisions"}],"predecessor-version":[{"id":10311,"href":"https:\/\/mhcalculos.com.br\/noticias\/wp-json\/wp\/v2\/posts\/2606\/revisions\/10311"}],"wp:featuredmedia":[{"embeddable":true,"href":"https:\/\/mhcalculos.com.br\/noticias\/wp-json\/wp\/v2\/media\/2607"}],"wp:attachment":[{"href":"https:\/\/mhcalculos.com.br\/noticias\/wp-json\/wp\/v2\/media?parent=2606"}],"wp:term":[{"taxonomy":"category","embeddable":true,"href":"https:\/\/mhcalculos.com.br\/noticias\/wp-json\/wp\/v2\/categories?post=2606"},{"taxonomy":"post_tag","embeddable":true,"href":"https:\/\/mhcalculos.com.br\/noticias\/wp-json\/wp\/v2\/tags?post=2606"}],"curies":[{"name":"wp","href":"https:\/\/api.w.org\/{rel}","templated":true}]}}