{"id":2591,"date":"2018-07-19T18:17:23","date_gmt":"2018-07-19T21:17:23","guid":{"rendered":"https:\/\/mhcalculos.com.br\/noticias\/2018\/07\/19\/o-portal-que-vai-levar-a-metodologia-da-asid-para-milhares-de-instituicoes-no-brasil\/"},"modified":"2021-07-28T14:34:24","modified_gmt":"2021-07-28T17:34:24","slug":"o-portal-que-vai-levar-a-metodologia-da-asid-para-milhares-de-instituicoes-no-brasil","status":"publish","type":"post","link":"https:\/\/mhcalculos.com.br\/noticias\/cidadania\/o-portal-que-vai-levar-a-metodologia-da-asid-para-milhares-de-instituicoes-no-brasil.html","title":{"rendered":"O portal que vai levar a metodologia da ASID para milhares de institui\u00e7\u00f5es no Brasil"},"content":{"rendered":"<p> <br \/>\n<\/p>\n<p><span style=\"font-size: 16px\">A ASID Brasil \u00e9 uma organiza\u00e7\u00e3o criada para construir uma sociedade inclusiva e, para alcan\u00e7ar sua miss\u00e3o, a organiza\u00e7\u00e3o est\u00e1 desenvolvendo uma ferramenta online e gratuita, o<\/span><strong style=\"font-size: 16px\"> Portal Juntos pela Inclus\u00e3o<\/strong><span style=\"font-size: 16px\">.<\/span><span style=\"font-weight: 400\">O portal tem como objetivo ser uma plataforma para conectar as institui\u00e7\u00f5es e construir uma <strong>Rede ASID<\/strong> cada vez mais forte e engajada. <\/span><span style=\"font-weight: 400\">Para isso ser\u00e3o disponibilizadas para os usu\u00e1rios uma s\u00e9rie de ferramentas, como:<\/span><\/p>\n<ul>\n<li><span style=\"font-weight: 400\"><strong>Diagn\u00f3stico de gest\u00e3o<\/strong>: com a realiza\u00e7\u00e3o do diagn\u00f3stico online, as institui\u00e7\u00f5es poder\u00e3o trabalhar no desenvolvimento de suas compet\u00eancias e melhorar os pontos diagnosticados <\/span><\/li>\n<li style=\"font-weight: 400\"><span style=\"font-weight: 400\"><strong>F\u00f3rum:<\/strong>\u00a0ser\u00e3o divulgadas as oportunidades, os eventos da Rede ASID e um canal para que as institui\u00e7\u00f5es se desenvolvam em conjunto e troquem informa\u00e7\u00f5es<\/span><\/li>\n<li style=\"font-weight: 400\"><span style=\"font-weight: 400\"><strong>\u00a0Biblioteca:<\/strong>\u00a0os usu\u00e1rios ter\u00e3o acesso \u00e0 v\u00e1rios conte\u00fados sobre desenvolvimento para ofertar todo o conhecimento necess\u00e1rio para as institui\u00e7\u00f5es<\/span><\/li>\n<\/ul>\n<p><span style=\"font-weight: 400\">Tudo come\u00e7ou em 2017 ap\u00f3s o programa de voluntariado <strong>SAP Social Sabbatical<\/strong> pela <strong><a href=\"https:\/\/www.sap.com\/brazil\/index.html\">SAP<\/a>,<\/strong> uma empresa respons\u00e1vel pela cria\u00e7\u00e3o de softwares de gest\u00e3o de empresas. O programa consistiu no envio de tr\u00eas volunt\u00e1rios para o Brasil durante suas f\u00e9rias para mentorar a ASID a estabelecer objetivos para os pr\u00f3ximos 10 anos.\u00a0<\/span><span style=\"font-weight: 400\">Al\u00e9m de auxiliar na formaliza\u00e7\u00e3o da ideia inicial os volunt\u00e1rios conseguiram um investimento da empresa para que o Juntos pela Inclus\u00e3o sa\u00edsse do papel. <\/span><\/p>\n<p><span style=\"font-weight: 400\">Ap\u00f3s o retorno dos volunt\u00e1rios SAP a seus pa\u00edses de origem, que s\u00e3o a R\u00fassia, Estados Unidos e Israel, come\u00e7ou uma outra rodada de mentorias: encontros quinzenais com os volunt\u00e1rios da \u00e1rea de Tecnologia da Informa\u00e7\u00e3o da <strong><a href=\"http:\/\/corporate.exxonmobil.com\/en\">Exxon Mobil<\/a>.<\/strong> Os volunt\u00e1rios da empresa participaram do refinamento da ideia e na busca de um fornecedor para o Portal. Nessa etapa, tamb\u00e9m consultamos um conselho formado por algumas das institui\u00e7\u00f5es da Rede ASID com o intuito de entender sua linguagem, visto que ser\u00e3o as principais usu\u00e1rias.<\/span><\/p>\n<blockquote>\n<p>\u201cCriar o Portal foi uma sacada muito boa, acredito que ir\u00e1 agilizar todo o processo de auxiliar as institui\u00e7\u00f5es.\u201d &#8211; Sheila, representante da institui\u00e7\u00e3o Pequeno Cotolengo.<\/p>\n<\/blockquote>\n<p><strong>Institui\u00e7\u00f5es da rede ASID que foram consultadas:<\/strong><\/p>\n<ul>\n<li><a href=\"https:\/\/www.facebook.com\/ihoeparescolasaocamilo\/\"><span style=\"font-weight: 400\"><strong>S\u00e3o Camilo<\/strong><\/span><\/a><\/li>\n<li><strong><a href=\"http:\/\/www.pequenocotolengo.org.br\/\">Pequeno Cotolengo<\/a><\/strong><\/li>\n<li><strong><a href=\"http:\/\/www.aamparaautismo.org.br\/\">AAMPARA ( associa\u00e7\u00e3o de atendimento e apoio ao autista)<\/a><\/strong><\/li>\n<li><strong><a href=\"https:\/\/www.novoipc.org.br\/\">IPC (instituto paranaense de cegos)<\/a><\/strong><\/li>\n<li><strong><a href=\"https:\/\/onglarassistido.wordpress.com\/\">OLA ( ong lar assistido)<\/a><\/strong><\/li>\n<\/ul>\n<p>A empresa selecionada para criar o portal foi a <a href=\"http:\/\/www.methodsinformatica.com.br\/\"><strong>Method\u2019s<\/strong><\/a>, nos \u00faltimos meses foram desenvolvidos o layout, o menu e a rotina do usu\u00e1rio dentro do portal com um design centrado na experi\u00eancia do usu\u00e1rio. Em paralelo, a ASID trabalhou para levar o<strong> \u00cdndice de Desenvolvimento da Educa\u00e7\u00e3o Especial (IDEE)<\/strong> para o universo digital.<\/p>\n<p><strong>O que \u00e9 o IDEE:<\/strong><\/p>\n<ul>\n<li><span style=\"font-weight: 400\">O IDEE \u00e9 uma metodologia criada pela ASID em 2010 e que recebeu pr\u00eamios nacionais e internacionais. Leva em considera\u00e7\u00e3o mais de uma centena de indicadores de 8 \u00e1reas de gest\u00e3o das institui\u00e7\u00f5es a partir de entrevistas, an\u00e1lise de documentos e question\u00e1rios, permitindo uma an\u00e1lise aprofundada e uma vis\u00e3o do que precisa ser feito para aumentar o impacto.<\/span><\/li>\n<\/ul>\n<p><span style=\"font-weight: 400\">O passo seguinte s\u00e3o as chamadas <strong>trilhas de desenvolvimento<\/strong>, que tem como fun\u00e7\u00e3o auxiliar as institui\u00e7\u00f5es que realizaram seu diagn\u00f3stico de gest\u00e3o online. A entrega do portal est\u00e1 previsto para <strong>agosto de 2018<\/strong>, quando iniciaremos a etapa de teste com as institui\u00e7\u00f5es conselheiras e identificar as oportunidades de melhorias na metodologia e a usabilidade.<\/span><\/p>\n<p><span style=\"font-weight: 400\">Com isso, a ASID pretende construir uma Rede e criar conex\u00f5es com institui\u00e7\u00f5es de todo o Brasil, levando informa\u00e7\u00f5es, fomentando boas pr\u00e1ticas e compartilhando conte\u00fados e ferramentas, para assim contribuir na forma\u00e7\u00e3o de uma sociedade inclusiva.<\/span><\/p>\n<div id=\"attachment_16251\" style=\"width: 1034px\" class=\"wp-caption aligncenter\"><a href=\"https:\/\/conteudo.asidbrasil.org.br\/relatorio-de-impacto-2017\"><\/a><\/p>\n<p class=\"wp-caption-text\">Volunt\u00e1rios, institui\u00e7\u00f5es e equipe ASID reunidos em reuni\u00e3o sobre o Portal<\/p>\n<\/div>\n<p><a href=\"https:\/\/conteudo.asidbrasil.org.br\/relatorio-de-impacto-2017\">Clique aqui<\/a>\u00a0e acesse o Relat\u00f3rio de Impacto da ASID, com essa e outras hist\u00f3rias:<a href=\"https:\/\/conteudo.asidbrasil.org.br\/relatorio-de-impacto-2017\"><img decoding=\"async\" class=\"aligncenter size-full wp-image-15835 lazyload\" data-src=\"https:\/\/asidbrasil.org.br\/wp-content\/uploads\/2018\/05\/E-book-560x130-2.png\" alt=\"\" width=\"560\" height=\"130\" src=\"data:image\/svg+xml;base64,PHN2ZyB3aWR0aD0iMSIgaGVpZ2h0PSIxIiB4bWxucz0iaHR0cDovL3d3dy53My5vcmcvMjAwMC9zdmciPjwvc3ZnPg==\" style=\"--smush-placeholder-width: 560px; --smush-placeholder-aspect-ratio: 560\/130;\" \/><\/a><\/p>\n<p>O post <a rel=\"nofollow\" href=\"https:\/\/asidbrasil.org.br\/o-portal-que-vai-levar-a-metodologia-da-asid-para-milhares-de-instituicoes-no-brasil\/\">O portal que vai levar a metodologia da ASID para milhares de institui\u00e7\u00f5es no Brasil<\/a> apareceu primeiro em <a rel=\"nofollow\" href=\"https:\/\/asidbrasil.org.br\">ASID Brasil<\/a>.<\/p>\n<p><i>Visite o site <a href=\"https:\/\/asidbrasil.org.br\/\">asidbrasil.org.br<\/a> e conhe\u00e7a mais sobre a ASID Brasil.<\/i><br \/>\n<br \/><a href=\"https:\/\/asidbrasil.org.br\/o-portal-que-vai-levar-a-metodologia-da-asid-para-milhares-de-instituicoes-no-brasil\/\">Fonte<\/a><br \/>\n<br \/><\/p>\n","protected":false},"excerpt":{"rendered":"<p>A ASID Brasil \u00e9 uma organiza\u00e7\u00e3o criada para construir uma sociedade inclusiva e, para alcan\u00e7ar sua miss\u00e3o, a organiza\u00e7\u00e3o est\u00e1 desenvolvendo uma ferramenta online e gratuita, o Portal Juntos pela Inclus\u00e3o.O portal tem como objetivo ser uma plataforma para conectar as institui\u00e7\u00f5es e construir uma Rede ASID cada vez mais forte e engajada. Para isso [&hellip;]<\/p>\n","protected":false},"author":3063,"featured_media":2592,"comment_status":"open","ping_status":"open","sticky":false,"template":"","format":"standard","meta":{"footnotes":""},"categories":[113],"tags":[158,157,163,162,164,161,160,159],"class_list":{"0":"post-2591","1":"post","2":"type-post","3":"status-publish","4":"format-standard","5":"has-post-thumbnail","7":"category-cidadania","8":"tag-asid","9":"tag-cidadania","10":"tag-desenvolvimento-institucional","11":"tag-diversidade","12":"tag-impacto-social","13":"tag-inclusao","14":"tag-voluntariado","15":"tag-voluntario"},"yoast_head":"<!-- This site is optimized with the Yoast SEO plugin v27.2 - https:\/\/yoast.com\/product\/yoast-seo-wordpress\/ -->\n<title>O portal que vai levar a metodologia da ASID para milhares de institui\u00e7\u00f5es no Brasil | Portal de Not\u00edcias<\/title>\n<meta name=\"robots\" content=\"index, follow, max-snippet:-1, max-image-preview:large, max-video-preview:-1\" \/>\n<link rel=\"canonical\" href=\"https:\/\/mhcalculos.com.br\/noticias\/cidadania\/o-portal-que-vai-levar-a-metodologia-da-asid-para-milhares-de-instituicoes-no-brasil.html\" \/>\n<meta property=\"og:locale\" content=\"pt_BR\" \/>\n<meta property=\"og:type\" content=\"article\" \/>\n<meta property=\"og:title\" content=\"O portal que vai levar a metodologia da ASID para milhares de institui\u00e7\u00f5es no Brasil | Portal de Not\u00edcias\" \/>\n<meta property=\"og:description\" content=\"A ASID Brasil \u00e9 uma organiza\u00e7\u00e3o criada para construir uma sociedade inclusiva e, para alcan\u00e7ar sua miss\u00e3o, a organiza\u00e7\u00e3o est\u00e1 desenvolvendo uma ferramenta online e gratuita, o Portal Juntos pela Inclus\u00e3o.O portal tem como objetivo ser uma plataforma para conectar as institui\u00e7\u00f5es e construir uma Rede ASID cada vez mais forte e engajada. Para isso [&hellip;]\" \/>\n<meta property=\"og:url\" content=\"https:\/\/mhcalculos.com.br\/noticias\/cidadania\/o-portal-que-vai-levar-a-metodologia-da-asid-para-milhares-de-instituicoes-no-brasil.html\" \/>\n<meta property=\"og:site_name\" content=\"Portal de Not\u00edcias\" \/>\n<meta property=\"article:published_time\" content=\"2018-07-19T21:17:23+00:00\" \/>\n<meta property=\"article:modified_time\" content=\"2021-07-28T17:34:24+00:00\" \/>\n<meta property=\"og:image\" content=\"https:\/\/mhcalculos.com.br\/noticias\/wp-content\/uploads\/sites\/2\/2018\/07\/foto-portal-2.png\" \/>\n\t<meta property=\"og:image:width\" content=\"1368\" \/>\n\t<meta property=\"og:image:height\" content=\"765\" \/>\n\t<meta property=\"og:image:type\" content=\"image\/png\" \/>\n<meta name=\"author\" content=\"Equipe MH\" \/>\n<meta name=\"twitter:card\" content=\"summary_large_image\" \/>\n<meta name=\"twitter:label1\" content=\"Escrito por\" \/>\n\t<meta name=\"twitter:data1\" content=\"Equipe MH\" \/>\n\t<meta name=\"twitter:label2\" content=\"Est. tempo de leitura\" \/>\n\t<meta name=\"twitter:data2\" content=\"3 minutos\" \/>\n<script type=\"application\/ld+json\" class=\"yoast-schema-graph\">{\"@context\":\"https:\/\/schema.org\",\"@graph\":[{\"@type\":\"Article\",\"@id\":\"https:\/\/mhcalculos.com.br\/noticias\/cidadania\/o-portal-que-vai-levar-a-metodologia-da-asid-para-milhares-de-instituicoes-no-brasil.html#article\",\"isPartOf\":{\"@id\":\"https:\/\/mhcalculos.com.br\/noticias\/cidadania\/o-portal-que-vai-levar-a-metodologia-da-asid-para-milhares-de-instituicoes-no-brasil.html\"},\"author\":{\"name\":\"Equipe MH\",\"@id\":\"https:\/\/mhcalculos.com.br\/noticias\/#\/schema\/person\/88d1c34bf72dc779ea14a5a6b8e0ae8d\"},\"headline\":\"O portal que vai levar a metodologia da ASID para milhares de institui\u00e7\u00f5es no Brasil\",\"datePublished\":\"2018-07-19T21:17:23+00:00\",\"dateModified\":\"2021-07-28T17:34:24+00:00\",\"mainEntityOfPage\":{\"@id\":\"https:\/\/mhcalculos.com.br\/noticias\/cidadania\/o-portal-que-vai-levar-a-metodologia-da-asid-para-milhares-de-instituicoes-no-brasil.html\"},\"wordCount\":712,\"commentCount\":0,\"image\":{\"@id\":\"https:\/\/mhcalculos.com.br\/noticias\/cidadania\/o-portal-que-vai-levar-a-metodologia-da-asid-para-milhares-de-instituicoes-no-brasil.html#primaryimage\"},\"thumbnailUrl\":\"https:\/\/mhcalculos.com.br\/noticias\/wp-content\/uploads\/sites\/2\/2018\/07\/foto-portal-2.png\",\"keywords\":[\"asid\",\"cidadania\",\"desenvolvimento institucional\",\"diversidade\",\"impacto social\",\"inclus\u00e3o\",\"voluntariado\",\"volunt\u00e1rio\"],\"articleSection\":[\"Cidadania\"],\"inLanguage\":\"pt-BR\",\"potentialAction\":[{\"@type\":\"CommentAction\",\"name\":\"Comment\",\"target\":[\"https:\/\/mhcalculos.com.br\/noticias\/cidadania\/o-portal-que-vai-levar-a-metodologia-da-asid-para-milhares-de-instituicoes-no-brasil.html#respond\"]}]},{\"@type\":\"WebPage\",\"@id\":\"https:\/\/mhcalculos.com.br\/noticias\/cidadania\/o-portal-que-vai-levar-a-metodologia-da-asid-para-milhares-de-instituicoes-no-brasil.html\",\"url\":\"https:\/\/mhcalculos.com.br\/noticias\/cidadania\/o-portal-que-vai-levar-a-metodologia-da-asid-para-milhares-de-instituicoes-no-brasil.html\",\"name\":\"O portal que vai levar a metodologia da ASID para milhares de institui\u00e7\u00f5es no Brasil | Portal de Not\u00edcias\",\"isPartOf\":{\"@id\":\"https:\/\/mhcalculos.com.br\/noticias\/#website\"},\"primaryImageOfPage\":{\"@id\":\"https:\/\/mhcalculos.com.br\/noticias\/cidadania\/o-portal-que-vai-levar-a-metodologia-da-asid-para-milhares-de-instituicoes-no-brasil.html#primaryimage\"},\"image\":{\"@id\":\"https:\/\/mhcalculos.com.br\/noticias\/cidadania\/o-portal-que-vai-levar-a-metodologia-da-asid-para-milhares-de-instituicoes-no-brasil.html#primaryimage\"},\"thumbnailUrl\":\"https:\/\/mhcalculos.com.br\/noticias\/wp-content\/uploads\/sites\/2\/2018\/07\/foto-portal-2.png\",\"datePublished\":\"2018-07-19T21:17:23+00:00\",\"dateModified\":\"2021-07-28T17:34:24+00:00\",\"author\":{\"@id\":\"https:\/\/mhcalculos.com.br\/noticias\/#\/schema\/person\/88d1c34bf72dc779ea14a5a6b8e0ae8d\"},\"breadcrumb\":{\"@id\":\"https:\/\/mhcalculos.com.br\/noticias\/cidadania\/o-portal-que-vai-levar-a-metodologia-da-asid-para-milhares-de-instituicoes-no-brasil.html#breadcrumb\"},\"inLanguage\":\"pt-BR\",\"potentialAction\":[{\"@type\":\"ReadAction\",\"target\":[\"https:\/\/mhcalculos.com.br\/noticias\/cidadania\/o-portal-que-vai-levar-a-metodologia-da-asid-para-milhares-de-instituicoes-no-brasil.html\"]}]},{\"@type\":\"ImageObject\",\"inLanguage\":\"pt-BR\",\"@id\":\"https:\/\/mhcalculos.com.br\/noticias\/cidadania\/o-portal-que-vai-levar-a-metodologia-da-asid-para-milhares-de-instituicoes-no-brasil.html#primaryimage\",\"url\":\"https:\/\/mhcalculos.com.br\/noticias\/wp-content\/uploads\/sites\/2\/2018\/07\/foto-portal-2.png\",\"contentUrl\":\"https:\/\/mhcalculos.com.br\/noticias\/wp-content\/uploads\/sites\/2\/2018\/07\/foto-portal-2.png\",\"width\":1368,\"height\":765},{\"@type\":\"BreadcrumbList\",\"@id\":\"https:\/\/mhcalculos.com.br\/noticias\/cidadania\/o-portal-que-vai-levar-a-metodologia-da-asid-para-milhares-de-instituicoes-no-brasil.html#breadcrumb\",\"itemListElement\":[{\"@type\":\"ListItem\",\"position\":1,\"name\":\"In\u00edcio\",\"item\":\"https:\/\/mhcalculos.com.br\/noticias\/\"},{\"@type\":\"ListItem\",\"position\":2,\"name\":\"O portal que vai levar a metodologia da ASID para milhares de institui\u00e7\u00f5es no Brasil\"}]},{\"@type\":\"WebSite\",\"@id\":\"https:\/\/mhcalculos.com.br\/noticias\/#website\",\"url\":\"https:\/\/mhcalculos.com.br\/noticias\/\",\"name\":\"Portal de Not\u00edcias\",\"description\":\"Not\u00edcias e Jurisprud\u00eancia\",\"potentialAction\":[{\"@type\":\"SearchAction\",\"target\":{\"@type\":\"EntryPoint\",\"urlTemplate\":\"https:\/\/mhcalculos.com.br\/noticias\/?s={search_term_string}\"},\"query-input\":{\"@type\":\"PropertyValueSpecification\",\"valueRequired\":true,\"valueName\":\"search_term_string\"}}],\"inLanguage\":\"pt-BR\"},{\"@type\":\"Person\",\"@id\":\"https:\/\/mhcalculos.com.br\/noticias\/#\/schema\/person\/88d1c34bf72dc779ea14a5a6b8e0ae8d\",\"name\":\"Equipe MH\",\"image\":{\"@type\":\"ImageObject\",\"inLanguage\":\"pt-BR\",\"@id\":\"https:\/\/secure.gravatar.com\/avatar\/de1c686c2ecc9c5a3f327e3431d819eb39f8f05d4e1045f5a1caad6daaba987f?s=96&d=mm&r=g\",\"url\":\"https:\/\/secure.gravatar.com\/avatar\/de1c686c2ecc9c5a3f327e3431d819eb39f8f05d4e1045f5a1caad6daaba987f?s=96&d=mm&r=g\",\"contentUrl\":\"https:\/\/secure.gravatar.com\/avatar\/de1c686c2ecc9c5a3f327e3431d819eb39f8f05d4e1045f5a1caad6daaba987f?s=96&d=mm&r=g\",\"caption\":\"Equipe MH\"}}]}<\/script>\n<!-- \/ Yoast SEO plugin. -->","yoast_head_json":{"title":"O portal que vai levar a metodologia da ASID para milhares de institui\u00e7\u00f5es no Brasil | Portal de Not\u00edcias","robots":{"index":"index","follow":"follow","max-snippet":"max-snippet:-1","max-image-preview":"max-image-preview:large","max-video-preview":"max-video-preview:-1"},"canonical":"https:\/\/mhcalculos.com.br\/noticias\/cidadania\/o-portal-que-vai-levar-a-metodologia-da-asid-para-milhares-de-instituicoes-no-brasil.html","og_locale":"pt_BR","og_type":"article","og_title":"O portal que vai levar a metodologia da ASID para milhares de institui\u00e7\u00f5es no Brasil | Portal de Not\u00edcias","og_description":"A ASID Brasil \u00e9 uma organiza\u00e7\u00e3o criada para construir uma sociedade inclusiva e, para alcan\u00e7ar sua miss\u00e3o, a organiza\u00e7\u00e3o est\u00e1 desenvolvendo uma ferramenta online e gratuita, o Portal Juntos pela Inclus\u00e3o.O portal tem como objetivo ser uma plataforma para conectar as institui\u00e7\u00f5es e construir uma Rede ASID cada vez mais forte e engajada. Para isso [&hellip;]","og_url":"https:\/\/mhcalculos.com.br\/noticias\/cidadania\/o-portal-que-vai-levar-a-metodologia-da-asid-para-milhares-de-instituicoes-no-brasil.html","og_site_name":"Portal de Not\u00edcias","article_published_time":"2018-07-19T21:17:23+00:00","article_modified_time":"2021-07-28T17:34:24+00:00","og_image":[{"width":1368,"height":765,"url":"https:\/\/mhcalculos.com.br\/noticias\/wp-content\/uploads\/sites\/2\/2018\/07\/foto-portal-2.png","type":"image\/png"}],"author":"Equipe MH","twitter_card":"summary_large_image","twitter_misc":{"Escrito por":"Equipe MH","Est. tempo de leitura":"3 minutos"},"schema":{"@context":"https:\/\/schema.org","@graph":[{"@type":"Article","@id":"https:\/\/mhcalculos.com.br\/noticias\/cidadania\/o-portal-que-vai-levar-a-metodologia-da-asid-para-milhares-de-instituicoes-no-brasil.html#article","isPartOf":{"@id":"https:\/\/mhcalculos.com.br\/noticias\/cidadania\/o-portal-que-vai-levar-a-metodologia-da-asid-para-milhares-de-instituicoes-no-brasil.html"},"author":{"name":"Equipe MH","@id":"https:\/\/mhcalculos.com.br\/noticias\/#\/schema\/person\/88d1c34bf72dc779ea14a5a6b8e0ae8d"},"headline":"O portal que vai levar a metodologia da ASID para milhares de institui\u00e7\u00f5es no Brasil","datePublished":"2018-07-19T21:17:23+00:00","dateModified":"2021-07-28T17:34:24+00:00","mainEntityOfPage":{"@id":"https:\/\/mhcalculos.com.br\/noticias\/cidadania\/o-portal-que-vai-levar-a-metodologia-da-asid-para-milhares-de-instituicoes-no-brasil.html"},"wordCount":712,"commentCount":0,"image":{"@id":"https:\/\/mhcalculos.com.br\/noticias\/cidadania\/o-portal-que-vai-levar-a-metodologia-da-asid-para-milhares-de-instituicoes-no-brasil.html#primaryimage"},"thumbnailUrl":"https:\/\/mhcalculos.com.br\/noticias\/wp-content\/uploads\/sites\/2\/2018\/07\/foto-portal-2.png","keywords":["asid","cidadania","desenvolvimento institucional","diversidade","impacto social","inclus\u00e3o","voluntariado","volunt\u00e1rio"],"articleSection":["Cidadania"],"inLanguage":"pt-BR","potentialAction":[{"@type":"CommentAction","name":"Comment","target":["https:\/\/mhcalculos.com.br\/noticias\/cidadania\/o-portal-que-vai-levar-a-metodologia-da-asid-para-milhares-de-instituicoes-no-brasil.html#respond"]}]},{"@type":"WebPage","@id":"https:\/\/mhcalculos.com.br\/noticias\/cidadania\/o-portal-que-vai-levar-a-metodologia-da-asid-para-milhares-de-instituicoes-no-brasil.html","url":"https:\/\/mhcalculos.com.br\/noticias\/cidadania\/o-portal-que-vai-levar-a-metodologia-da-asid-para-milhares-de-instituicoes-no-brasil.html","name":"O portal que vai levar a metodologia da ASID para milhares de institui\u00e7\u00f5es no Brasil | Portal de Not\u00edcias","isPartOf":{"@id":"https:\/\/mhcalculos.com.br\/noticias\/#website"},"primaryImageOfPage":{"@id":"https:\/\/mhcalculos.com.br\/noticias\/cidadania\/o-portal-que-vai-levar-a-metodologia-da-asid-para-milhares-de-instituicoes-no-brasil.html#primaryimage"},"image":{"@id":"https:\/\/mhcalculos.com.br\/noticias\/cidadania\/o-portal-que-vai-levar-a-metodologia-da-asid-para-milhares-de-instituicoes-no-brasil.html#primaryimage"},"thumbnailUrl":"https:\/\/mhcalculos.com.br\/noticias\/wp-content\/uploads\/sites\/2\/2018\/07\/foto-portal-2.png","datePublished":"2018-07-19T21:17:23+00:00","dateModified":"2021-07-28T17:34:24+00:00","author":{"@id":"https:\/\/mhcalculos.com.br\/noticias\/#\/schema\/person\/88d1c34bf72dc779ea14a5a6b8e0ae8d"},"breadcrumb":{"@id":"https:\/\/mhcalculos.com.br\/noticias\/cidadania\/o-portal-que-vai-levar-a-metodologia-da-asid-para-milhares-de-instituicoes-no-brasil.html#breadcrumb"},"inLanguage":"pt-BR","potentialAction":[{"@type":"ReadAction","target":["https:\/\/mhcalculos.com.br\/noticias\/cidadania\/o-portal-que-vai-levar-a-metodologia-da-asid-para-milhares-de-instituicoes-no-brasil.html"]}]},{"@type":"ImageObject","inLanguage":"pt-BR","@id":"https:\/\/mhcalculos.com.br\/noticias\/cidadania\/o-portal-que-vai-levar-a-metodologia-da-asid-para-milhares-de-instituicoes-no-brasil.html#primaryimage","url":"https:\/\/mhcalculos.com.br\/noticias\/wp-content\/uploads\/sites\/2\/2018\/07\/foto-portal-2.png","contentUrl":"https:\/\/mhcalculos.com.br\/noticias\/wp-content\/uploads\/sites\/2\/2018\/07\/foto-portal-2.png","width":1368,"height":765},{"@type":"BreadcrumbList","@id":"https:\/\/mhcalculos.com.br\/noticias\/cidadania\/o-portal-que-vai-levar-a-metodologia-da-asid-para-milhares-de-instituicoes-no-brasil.html#breadcrumb","itemListElement":[{"@type":"ListItem","position":1,"name":"In\u00edcio","item":"https:\/\/mhcalculos.com.br\/noticias\/"},{"@type":"ListItem","position":2,"name":"O portal que vai levar a metodologia da ASID para milhares de institui\u00e7\u00f5es no Brasil"}]},{"@type":"WebSite","@id":"https:\/\/mhcalculos.com.br\/noticias\/#website","url":"https:\/\/mhcalculos.com.br\/noticias\/","name":"Portal de Not\u00edcias","description":"Not\u00edcias e Jurisprud\u00eancia","potentialAction":[{"@type":"SearchAction","target":{"@type":"EntryPoint","urlTemplate":"https:\/\/mhcalculos.com.br\/noticias\/?s={search_term_string}"},"query-input":{"@type":"PropertyValueSpecification","valueRequired":true,"valueName":"search_term_string"}}],"inLanguage":"pt-BR"},{"@type":"Person","@id":"https:\/\/mhcalculos.com.br\/noticias\/#\/schema\/person\/88d1c34bf72dc779ea14a5a6b8e0ae8d","name":"Equipe MH","image":{"@type":"ImageObject","inLanguage":"pt-BR","@id":"https:\/\/secure.gravatar.com\/avatar\/de1c686c2ecc9c5a3f327e3431d819eb39f8f05d4e1045f5a1caad6daaba987f?s=96&d=mm&r=g","url":"https:\/\/secure.gravatar.com\/avatar\/de1c686c2ecc9c5a3f327e3431d819eb39f8f05d4e1045f5a1caad6daaba987f?s=96&d=mm&r=g","contentUrl":"https:\/\/secure.gravatar.com\/avatar\/de1c686c2ecc9c5a3f327e3431d819eb39f8f05d4e1045f5a1caad6daaba987f?s=96&d=mm&r=g","caption":"Equipe MH"}}]}},"_links":{"self":[{"href":"https:\/\/mhcalculos.com.br\/noticias\/wp-json\/wp\/v2\/posts\/2591","targetHints":{"allow":["GET"]}}],"collection":[{"href":"https:\/\/mhcalculos.com.br\/noticias\/wp-json\/wp\/v2\/posts"}],"about":[{"href":"https:\/\/mhcalculos.com.br\/noticias\/wp-json\/wp\/v2\/types\/post"}],"author":[{"embeddable":true,"href":"https:\/\/mhcalculos.com.br\/noticias\/wp-json\/wp\/v2\/users\/3063"}],"replies":[{"embeddable":true,"href":"https:\/\/mhcalculos.com.br\/noticias\/wp-json\/wp\/v2\/comments?post=2591"}],"version-history":[{"count":1,"href":"https:\/\/mhcalculos.com.br\/noticias\/wp-json\/wp\/v2\/posts\/2591\/revisions"}],"predecessor-version":[{"id":10313,"href":"https:\/\/mhcalculos.com.br\/noticias\/wp-json\/wp\/v2\/posts\/2591\/revisions\/10313"}],"wp:featuredmedia":[{"embeddable":true,"href":"https:\/\/mhcalculos.com.br\/noticias\/wp-json\/wp\/v2\/media\/2592"}],"wp:attachment":[{"href":"https:\/\/mhcalculos.com.br\/noticias\/wp-json\/wp\/v2\/media?parent=2591"}],"wp:term":[{"taxonomy":"category","embeddable":true,"href":"https:\/\/mhcalculos.com.br\/noticias\/wp-json\/wp\/v2\/categories?post=2591"},{"taxonomy":"post_tag","embeddable":true,"href":"https:\/\/mhcalculos.com.br\/noticias\/wp-json\/wp\/v2\/tags?post=2591"}],"curies":[{"name":"wp","href":"https:\/\/api.w.org\/{rel}","templated":true}]}}