{"id":2587,"date":"2018-07-18T23:45:17","date_gmt":"2018-07-19T02:45:17","guid":{"rendered":"https:\/\/mhcalculos.com.br\/noticias\/2018\/07\/18\/trf3-tribunal-autoriza-reabertura-de-processo-encerrado-apos-adesao-ao-refis\/"},"modified":"2021-07-28T14:34:24","modified_gmt":"2021-07-28T17:34:24","slug":"trf3-tribunal-autoriza-reabertura-de-processo-encerrado-apos-adesao-ao-refis","status":"publish","type":"post","link":"https:\/\/mhcalculos.com.br\/noticias\/area\/previdenciario\/trf3-tribunal-autoriza-reabertura-de-processo-encerrado-apos-adesao-ao-refis.html","title":{"rendered":"TRF3: TRIBUNAL&nbsp;AUTORIZA REABERTURA DE PROCESSO ENCERRADO AP\u00d3S ADES\u00c3O AO REFIS"},"content":{"rendered":"\n<div class=\"mat\">\n<p><em>Ap\u00f3s ades\u00e3o ao programa, empresa viu reconhecido no STF direito que pleiteava antes da ren\u00fancia do processo<\/em><\/p>\n<p>A Segunda Se\u00e7\u00e3o do Tribunal Regional Federal da 3\u00aa Regi\u00e3o (TRF3) aceitou pedido de uma seguradora, em A\u00e7\u00e3o Rescis\u00f3ria, de reabrir processo tribut\u00e1rio encerrado devido \u00e0 ades\u00e3o ao Refis, programa do Governo Federal para Refinanciamento das D\u00edvidas Fiscais.<\/p>\n<p>Naquele processo, que se iniciou em 1999, a autora alegava que n\u00e3o se submetia ao recolhimento de Cofins at\u00e9 a publica\u00e7\u00e3o da Lei 9.718\/1998 e pedia a declara\u00e7\u00e3o de inconstitucionalidade do artigo 3\u00ba da norma.<\/p>\n<p>Segundo ela, \u201csuas atividades n\u00e3o compreendem a venda de mercadorias ou presta\u00e7\u00e3o de servi\u00e7o, restringindo-se precipuamente a cobrir riscos de terceiros, mediante o recebimento de pr\u00eamio, que n\u00e3o pode compor a base de c\u00e1lculo da Cofins, por n\u00e3o caracterizar remunera\u00e7\u00e3o de um servi\u00e7o, mas sim mera compensa\u00e7\u00e3o econ\u00f4mica da assun\u00e7\u00e3o de eventuais pagamentos de indeniza\u00e7\u00f5es\u201d.<\/p>\n<p>Mas, mesmo com o processo em tramita\u00e7\u00e3o, a autora decidiu aderir ao Refis, tendo seu pedido de ren\u00fancia homologado e transitado em julgado em 2005, tornando-se extinto o processo. C<\/p>\n<p>ontudo, seis meses depois, o artigo 3\u00ba da Lei 9.718\/1998 foi declarado inconstitucional pelo Supremo Tribunal Federal, por meio do Recurso Extraordin\u00e1rio (RE) n\u00ba 390.840. Como consequ\u00eancia, a empresa ingressou com uma A\u00e7\u00e3o Rescis\u00f3ria no TRF3 para anular o pedido de desist\u00eancia e ver reconhecido seu direito de n\u00e3o recolhimento do tributo.<\/p>\n<p>Para a desembargadora federal Cec\u00edlia Marcondes, relatora do ac\u00f3rd\u00e3o, a declara\u00e7\u00e3o de inconstitucionalidade daquele dispositivo pelo STF resultou na aus\u00eancia do cr\u00e9dito, \u201ccujo direito de discuss\u00e3o foi renunciado, assim constituindo fundamento apto \u00e0 desconstitui\u00e7\u00e3o do pr\u00f3prio ato de ren\u00fancia e da \u2018senten\u00e7a rescindenda\u2019 que a homologou\u201d. Ela reconheceu, portanto, devida a desconstitui\u00e7\u00e3o do tr\u00e2nsito em julgado.<\/p>\n<p>Assim, a Segunda Se\u00e7\u00e3o julgou parcialmente procedente o pedido para rescindir a decis\u00e3o homologat\u00f3ria da ren\u00fancia, cabendo o julgamento do m\u00e9rito \u00e0 Quarta Turma do TRF3.<\/p>\n<p>A\u00c7\u00c3O RESCIS\u00d3RIA N\u00ba 0002641-92.2007.4.03.0000\/SP<\/p>\n<p>  \u00a0<\/p>\n<\/p><\/div>\n<p><i>Com informa\u00e7\u00f5es da assessoria de imprensa do TRF3.<\/i><br \/>\n<br \/><a href=\"http:\/\/web.trf3.jus.br\/noticias\/Noticias\/Noticia\/Exibir\/370773\">Fonte<\/a><br \/>\n<br \/><\/p>\n","protected":false},"excerpt":{"rendered":"<p>Ap\u00f3s ades\u00e3o ao programa, empresa viu reconhecido no STF direito que pleiteava antes da ren\u00fancia do processo A Segunda Se\u00e7\u00e3o do Tribunal Regional Federal da 3\u00aa Regi\u00e3o (TRF3) aceitou pedido de uma seguradora, em A\u00e7\u00e3o Rescis\u00f3ria, de reabrir processo tribut\u00e1rio encerrado devido \u00e0 ades\u00e3o ao Refis, programa do Governo Federal para Refinanciamento das D\u00edvidas Fiscais. [&hellip;]<\/p>\n","protected":false},"author":3063,"featured_media":1637,"comment_status":"open","ping_status":"open","sticky":false,"template":"","format":"standard","meta":{"footnotes":""},"categories":[5,110],"tags":[32,31,42,30,29,213,9,152,218,214],"class_list":{"0":"post-2587","1":"post","2":"type-post","3":"status-publish","4":"format-standard","5":"has-post-thumbnail","7":"category-previdenciario","8":"category-trf3","9":"tag-calculos-judiciais","10":"tag-calculos-tributarios","11":"tag-direito-tributario","12":"tag-divida-ativa","13":"tag-fazenda-publica","14":"tag-imposto","15":"tag-pericia","16":"tag-trf3","17":"tag-tribunal-regional-federal","18":"tag-tributo"},"yoast_head":"<!-- This site is optimized with the Yoast SEO plugin v27.2 - https:\/\/yoast.com\/product\/yoast-seo-wordpress\/ -->\n<title>TRF3: TRIBUNAL&nbsp;AUTORIZA REABERTURA DE PROCESSO ENCERRADO AP\u00d3S ADES\u00c3O AO REFIS | Portal de Not\u00edcias<\/title>\n<meta name=\"robots\" content=\"index, follow, max-snippet:-1, max-image-preview:large, max-video-preview:-1\" \/>\n<link rel=\"canonical\" href=\"https:\/\/mhcalculos.com.br\/noticias\/area\/previdenciario\/trf3-tribunal-autoriza-reabertura-de-processo-encerrado-apos-adesao-ao-refis.html\" \/>\n<meta property=\"og:locale\" content=\"pt_BR\" \/>\n<meta property=\"og:type\" content=\"article\" \/>\n<meta property=\"og:title\" content=\"TRF3: TRIBUNAL&nbsp;AUTORIZA REABERTURA DE PROCESSO ENCERRADO AP\u00d3S ADES\u00c3O AO REFIS | Portal de Not\u00edcias\" \/>\n<meta property=\"og:description\" content=\"Ap\u00f3s ades\u00e3o ao programa, empresa viu reconhecido no STF direito que pleiteava antes da ren\u00fancia do processo A Segunda Se\u00e7\u00e3o do Tribunal Regional Federal da 3\u00aa Regi\u00e3o (TRF3) aceitou pedido de uma seguradora, em A\u00e7\u00e3o Rescis\u00f3ria, de reabrir processo tribut\u00e1rio encerrado devido \u00e0 ades\u00e3o ao Refis, programa do Governo Federal para Refinanciamento das D\u00edvidas Fiscais. [&hellip;]\" \/>\n<meta property=\"og:url\" content=\"https:\/\/mhcalculos.com.br\/noticias\/area\/previdenciario\/trf3-tribunal-autoriza-reabertura-de-processo-encerrado-apos-adesao-ao-refis.html\" \/>\n<meta property=\"og:site_name\" content=\"Portal de Not\u00edcias\" \/>\n<meta property=\"article:published_time\" content=\"2018-07-19T02:45:17+00:00\" \/>\n<meta property=\"article:modified_time\" content=\"2021-07-28T17:34:24+00:00\" \/>\n<meta property=\"og:image\" content=\"https:\/\/mhcalculos.com.br\/noticias\/wp-content\/uploads\/sites\/2\/2018\/06\/judiciario-0022.jpg\" \/>\n\t<meta property=\"og:image:width\" content=\"2000\" \/>\n\t<meta property=\"og:image:height\" content=\"800\" \/>\n\t<meta property=\"og:image:type\" content=\"image\/jpeg\" \/>\n<meta name=\"author\" content=\"Equipe MH\" \/>\n<meta name=\"twitter:card\" content=\"summary_large_image\" \/>\n<meta name=\"twitter:label1\" content=\"Escrito por\" \/>\n\t<meta name=\"twitter:data1\" content=\"Equipe MH\" \/>\n\t<meta name=\"twitter:label2\" content=\"Est. tempo de leitura\" \/>\n\t<meta name=\"twitter:data2\" content=\"2 minutos\" \/>\n<script type=\"application\/ld+json\" class=\"yoast-schema-graph\">{\"@context\":\"https:\/\/schema.org\",\"@graph\":[{\"@type\":\"Article\",\"@id\":\"https:\/\/mhcalculos.com.br\/noticias\/area\/previdenciario\/trf3-tribunal-autoriza-reabertura-de-processo-encerrado-apos-adesao-ao-refis.html#article\",\"isPartOf\":{\"@id\":\"https:\/\/mhcalculos.com.br\/noticias\/area\/previdenciario\/trf3-tribunal-autoriza-reabertura-de-processo-encerrado-apos-adesao-ao-refis.html\"},\"author\":{\"name\":\"Equipe MH\",\"@id\":\"https:\/\/mhcalculos.com.br\/noticias\/#\/schema\/person\/88d1c34bf72dc779ea14a5a6b8e0ae8d\"},\"headline\":\"TRF3: TRIBUNAL&nbsp;AUTORIZA REABERTURA DE PROCESSO ENCERRADO AP\u00d3S ADES\u00c3O AO REFIS\",\"datePublished\":\"2018-07-19T02:45:17+00:00\",\"dateModified\":\"2021-07-28T17:34:24+00:00\",\"mainEntityOfPage\":{\"@id\":\"https:\/\/mhcalculos.com.br\/noticias\/area\/previdenciario\/trf3-tribunal-autoriza-reabertura-de-processo-encerrado-apos-adesao-ao-refis.html\"},\"wordCount\":383,\"commentCount\":0,\"image\":{\"@id\":\"https:\/\/mhcalculos.com.br\/noticias\/area\/previdenciario\/trf3-tribunal-autoriza-reabertura-de-processo-encerrado-apos-adesao-ao-refis.html#primaryimage\"},\"thumbnailUrl\":\"https:\/\/mhcalculos.com.br\/noticias\/wp-content\/uploads\/sites\/2\/2018\/06\/judiciario-0022.jpg\",\"keywords\":[\"c\u00e1lculos judiciais\",\"c\u00e1lculos tribut\u00e1rios\",\"direito tribut\u00e1rio\",\"d\u00edvida ativa\",\"fazenda p\u00fablica\",\"Imposto\",\"per\u00edcia\",\"trf3\",\"Tribunal Regional Federal\",\"tributo\"],\"articleSection\":[\"Direito Previdenci\u00e1rio\",\"TRF3\"],\"inLanguage\":\"pt-BR\",\"potentialAction\":[{\"@type\":\"CommentAction\",\"name\":\"Comment\",\"target\":[\"https:\/\/mhcalculos.com.br\/noticias\/area\/previdenciario\/trf3-tribunal-autoriza-reabertura-de-processo-encerrado-apos-adesao-ao-refis.html#respond\"]}]},{\"@type\":\"WebPage\",\"@id\":\"https:\/\/mhcalculos.com.br\/noticias\/area\/previdenciario\/trf3-tribunal-autoriza-reabertura-de-processo-encerrado-apos-adesao-ao-refis.html\",\"url\":\"https:\/\/mhcalculos.com.br\/noticias\/area\/previdenciario\/trf3-tribunal-autoriza-reabertura-de-processo-encerrado-apos-adesao-ao-refis.html\",\"name\":\"TRF3: TRIBUNAL&nbsp;AUTORIZA REABERTURA DE PROCESSO ENCERRADO AP\u00d3S ADES\u00c3O AO REFIS | Portal de Not\u00edcias\",\"isPartOf\":{\"@id\":\"https:\/\/mhcalculos.com.br\/noticias\/#website\"},\"primaryImageOfPage\":{\"@id\":\"https:\/\/mhcalculos.com.br\/noticias\/area\/previdenciario\/trf3-tribunal-autoriza-reabertura-de-processo-encerrado-apos-adesao-ao-refis.html#primaryimage\"},\"image\":{\"@id\":\"https:\/\/mhcalculos.com.br\/noticias\/area\/previdenciario\/trf3-tribunal-autoriza-reabertura-de-processo-encerrado-apos-adesao-ao-refis.html#primaryimage\"},\"thumbnailUrl\":\"https:\/\/mhcalculos.com.br\/noticias\/wp-content\/uploads\/sites\/2\/2018\/06\/judiciario-0022.jpg\",\"datePublished\":\"2018-07-19T02:45:17+00:00\",\"dateModified\":\"2021-07-28T17:34:24+00:00\",\"author\":{\"@id\":\"https:\/\/mhcalculos.com.br\/noticias\/#\/schema\/person\/88d1c34bf72dc779ea14a5a6b8e0ae8d\"},\"breadcrumb\":{\"@id\":\"https:\/\/mhcalculos.com.br\/noticias\/area\/previdenciario\/trf3-tribunal-autoriza-reabertura-de-processo-encerrado-apos-adesao-ao-refis.html#breadcrumb\"},\"inLanguage\":\"pt-BR\",\"potentialAction\":[{\"@type\":\"ReadAction\",\"target\":[\"https:\/\/mhcalculos.com.br\/noticias\/area\/previdenciario\/trf3-tribunal-autoriza-reabertura-de-processo-encerrado-apos-adesao-ao-refis.html\"]}]},{\"@type\":\"ImageObject\",\"inLanguage\":\"pt-BR\",\"@id\":\"https:\/\/mhcalculos.com.br\/noticias\/area\/previdenciario\/trf3-tribunal-autoriza-reabertura-de-processo-encerrado-apos-adesao-ao-refis.html#primaryimage\",\"url\":\"https:\/\/mhcalculos.com.br\/noticias\/wp-content\/uploads\/sites\/2\/2018\/06\/judiciario-0022.jpg\",\"contentUrl\":\"https:\/\/mhcalculos.com.br\/noticias\/wp-content\/uploads\/sites\/2\/2018\/06\/judiciario-0022.jpg\",\"width\":2000,\"height\":800},{\"@type\":\"BreadcrumbList\",\"@id\":\"https:\/\/mhcalculos.com.br\/noticias\/area\/previdenciario\/trf3-tribunal-autoriza-reabertura-de-processo-encerrado-apos-adesao-ao-refis.html#breadcrumb\",\"itemListElement\":[{\"@type\":\"ListItem\",\"position\":1,\"name\":\"In\u00edcio\",\"item\":\"https:\/\/mhcalculos.com.br\/noticias\/\"},{\"@type\":\"ListItem\",\"position\":2,\"name\":\"TRF3: TRIBUNAL&nbsp;AUTORIZA REABERTURA DE PROCESSO ENCERRADO AP\u00d3S ADES\u00c3O AO REFIS\"}]},{\"@type\":\"WebSite\",\"@id\":\"https:\/\/mhcalculos.com.br\/noticias\/#website\",\"url\":\"https:\/\/mhcalculos.com.br\/noticias\/\",\"name\":\"Portal de Not\u00edcias\",\"description\":\"Not\u00edcias e Jurisprud\u00eancia\",\"potentialAction\":[{\"@type\":\"SearchAction\",\"target\":{\"@type\":\"EntryPoint\",\"urlTemplate\":\"https:\/\/mhcalculos.com.br\/noticias\/?s={search_term_string}\"},\"query-input\":{\"@type\":\"PropertyValueSpecification\",\"valueRequired\":true,\"valueName\":\"search_term_string\"}}],\"inLanguage\":\"pt-BR\"},{\"@type\":\"Person\",\"@id\":\"https:\/\/mhcalculos.com.br\/noticias\/#\/schema\/person\/88d1c34bf72dc779ea14a5a6b8e0ae8d\",\"name\":\"Equipe MH\",\"image\":{\"@type\":\"ImageObject\",\"inLanguage\":\"pt-BR\",\"@id\":\"https:\/\/secure.gravatar.com\/avatar\/de1c686c2ecc9c5a3f327e3431d819eb39f8f05d4e1045f5a1caad6daaba987f?s=96&d=mm&r=g\",\"url\":\"https:\/\/secure.gravatar.com\/avatar\/de1c686c2ecc9c5a3f327e3431d819eb39f8f05d4e1045f5a1caad6daaba987f?s=96&d=mm&r=g\",\"contentUrl\":\"https:\/\/secure.gravatar.com\/avatar\/de1c686c2ecc9c5a3f327e3431d819eb39f8f05d4e1045f5a1caad6daaba987f?s=96&d=mm&r=g\",\"caption\":\"Equipe MH\"}}]}<\/script>\n<!-- \/ Yoast SEO plugin. -->","yoast_head_json":{"title":"TRF3: TRIBUNAL&nbsp;AUTORIZA REABERTURA DE PROCESSO ENCERRADO AP\u00d3S ADES\u00c3O AO REFIS | Portal de Not\u00edcias","robots":{"index":"index","follow":"follow","max-snippet":"max-snippet:-1","max-image-preview":"max-image-preview:large","max-video-preview":"max-video-preview:-1"},"canonical":"https:\/\/mhcalculos.com.br\/noticias\/area\/previdenciario\/trf3-tribunal-autoriza-reabertura-de-processo-encerrado-apos-adesao-ao-refis.html","og_locale":"pt_BR","og_type":"article","og_title":"TRF3: TRIBUNAL&nbsp;AUTORIZA REABERTURA DE PROCESSO ENCERRADO AP\u00d3S ADES\u00c3O AO REFIS | Portal de Not\u00edcias","og_description":"Ap\u00f3s ades\u00e3o ao programa, empresa viu reconhecido no STF direito que pleiteava antes da ren\u00fancia do processo A Segunda Se\u00e7\u00e3o do Tribunal Regional Federal da 3\u00aa Regi\u00e3o (TRF3) aceitou pedido de uma seguradora, em A\u00e7\u00e3o Rescis\u00f3ria, de reabrir processo tribut\u00e1rio encerrado devido \u00e0 ades\u00e3o ao Refis, programa do Governo Federal para Refinanciamento das D\u00edvidas Fiscais. [&hellip;]","og_url":"https:\/\/mhcalculos.com.br\/noticias\/area\/previdenciario\/trf3-tribunal-autoriza-reabertura-de-processo-encerrado-apos-adesao-ao-refis.html","og_site_name":"Portal de Not\u00edcias","article_published_time":"2018-07-19T02:45:17+00:00","article_modified_time":"2021-07-28T17:34:24+00:00","og_image":[{"width":2000,"height":800,"url":"https:\/\/mhcalculos.com.br\/noticias\/wp-content\/uploads\/sites\/2\/2018\/06\/judiciario-0022.jpg","type":"image\/jpeg"}],"author":"Equipe MH","twitter_card":"summary_large_image","twitter_misc":{"Escrito por":"Equipe MH","Est. tempo de leitura":"2 minutos"},"schema":{"@context":"https:\/\/schema.org","@graph":[{"@type":"Article","@id":"https:\/\/mhcalculos.com.br\/noticias\/area\/previdenciario\/trf3-tribunal-autoriza-reabertura-de-processo-encerrado-apos-adesao-ao-refis.html#article","isPartOf":{"@id":"https:\/\/mhcalculos.com.br\/noticias\/area\/previdenciario\/trf3-tribunal-autoriza-reabertura-de-processo-encerrado-apos-adesao-ao-refis.html"},"author":{"name":"Equipe MH","@id":"https:\/\/mhcalculos.com.br\/noticias\/#\/schema\/person\/88d1c34bf72dc779ea14a5a6b8e0ae8d"},"headline":"TRF3: TRIBUNAL&nbsp;AUTORIZA REABERTURA DE PROCESSO ENCERRADO AP\u00d3S ADES\u00c3O AO REFIS","datePublished":"2018-07-19T02:45:17+00:00","dateModified":"2021-07-28T17:34:24+00:00","mainEntityOfPage":{"@id":"https:\/\/mhcalculos.com.br\/noticias\/area\/previdenciario\/trf3-tribunal-autoriza-reabertura-de-processo-encerrado-apos-adesao-ao-refis.html"},"wordCount":383,"commentCount":0,"image":{"@id":"https:\/\/mhcalculos.com.br\/noticias\/area\/previdenciario\/trf3-tribunal-autoriza-reabertura-de-processo-encerrado-apos-adesao-ao-refis.html#primaryimage"},"thumbnailUrl":"https:\/\/mhcalculos.com.br\/noticias\/wp-content\/uploads\/sites\/2\/2018\/06\/judiciario-0022.jpg","keywords":["c\u00e1lculos judiciais","c\u00e1lculos tribut\u00e1rios","direito tribut\u00e1rio","d\u00edvida ativa","fazenda p\u00fablica","Imposto","per\u00edcia","trf3","Tribunal Regional Federal","tributo"],"articleSection":["Direito Previdenci\u00e1rio","TRF3"],"inLanguage":"pt-BR","potentialAction":[{"@type":"CommentAction","name":"Comment","target":["https:\/\/mhcalculos.com.br\/noticias\/area\/previdenciario\/trf3-tribunal-autoriza-reabertura-de-processo-encerrado-apos-adesao-ao-refis.html#respond"]}]},{"@type":"WebPage","@id":"https:\/\/mhcalculos.com.br\/noticias\/area\/previdenciario\/trf3-tribunal-autoriza-reabertura-de-processo-encerrado-apos-adesao-ao-refis.html","url":"https:\/\/mhcalculos.com.br\/noticias\/area\/previdenciario\/trf3-tribunal-autoriza-reabertura-de-processo-encerrado-apos-adesao-ao-refis.html","name":"TRF3: TRIBUNAL&nbsp;AUTORIZA REABERTURA DE PROCESSO ENCERRADO AP\u00d3S ADES\u00c3O AO REFIS | Portal de Not\u00edcias","isPartOf":{"@id":"https:\/\/mhcalculos.com.br\/noticias\/#website"},"primaryImageOfPage":{"@id":"https:\/\/mhcalculos.com.br\/noticias\/area\/previdenciario\/trf3-tribunal-autoriza-reabertura-de-processo-encerrado-apos-adesao-ao-refis.html#primaryimage"},"image":{"@id":"https:\/\/mhcalculos.com.br\/noticias\/area\/previdenciario\/trf3-tribunal-autoriza-reabertura-de-processo-encerrado-apos-adesao-ao-refis.html#primaryimage"},"thumbnailUrl":"https:\/\/mhcalculos.com.br\/noticias\/wp-content\/uploads\/sites\/2\/2018\/06\/judiciario-0022.jpg","datePublished":"2018-07-19T02:45:17+00:00","dateModified":"2021-07-28T17:34:24+00:00","author":{"@id":"https:\/\/mhcalculos.com.br\/noticias\/#\/schema\/person\/88d1c34bf72dc779ea14a5a6b8e0ae8d"},"breadcrumb":{"@id":"https:\/\/mhcalculos.com.br\/noticias\/area\/previdenciario\/trf3-tribunal-autoriza-reabertura-de-processo-encerrado-apos-adesao-ao-refis.html#breadcrumb"},"inLanguage":"pt-BR","potentialAction":[{"@type":"ReadAction","target":["https:\/\/mhcalculos.com.br\/noticias\/area\/previdenciario\/trf3-tribunal-autoriza-reabertura-de-processo-encerrado-apos-adesao-ao-refis.html"]}]},{"@type":"ImageObject","inLanguage":"pt-BR","@id":"https:\/\/mhcalculos.com.br\/noticias\/area\/previdenciario\/trf3-tribunal-autoriza-reabertura-de-processo-encerrado-apos-adesao-ao-refis.html#primaryimage","url":"https:\/\/mhcalculos.com.br\/noticias\/wp-content\/uploads\/sites\/2\/2018\/06\/judiciario-0022.jpg","contentUrl":"https:\/\/mhcalculos.com.br\/noticias\/wp-content\/uploads\/sites\/2\/2018\/06\/judiciario-0022.jpg","width":2000,"height":800},{"@type":"BreadcrumbList","@id":"https:\/\/mhcalculos.com.br\/noticias\/area\/previdenciario\/trf3-tribunal-autoriza-reabertura-de-processo-encerrado-apos-adesao-ao-refis.html#breadcrumb","itemListElement":[{"@type":"ListItem","position":1,"name":"In\u00edcio","item":"https:\/\/mhcalculos.com.br\/noticias\/"},{"@type":"ListItem","position":2,"name":"TRF3: TRIBUNAL&nbsp;AUTORIZA REABERTURA DE PROCESSO ENCERRADO AP\u00d3S ADES\u00c3O AO REFIS"}]},{"@type":"WebSite","@id":"https:\/\/mhcalculos.com.br\/noticias\/#website","url":"https:\/\/mhcalculos.com.br\/noticias\/","name":"Portal de Not\u00edcias","description":"Not\u00edcias e Jurisprud\u00eancia","potentialAction":[{"@type":"SearchAction","target":{"@type":"EntryPoint","urlTemplate":"https:\/\/mhcalculos.com.br\/noticias\/?s={search_term_string}"},"query-input":{"@type":"PropertyValueSpecification","valueRequired":true,"valueName":"search_term_string"}}],"inLanguage":"pt-BR"},{"@type":"Person","@id":"https:\/\/mhcalculos.com.br\/noticias\/#\/schema\/person\/88d1c34bf72dc779ea14a5a6b8e0ae8d","name":"Equipe MH","image":{"@type":"ImageObject","inLanguage":"pt-BR","@id":"https:\/\/secure.gravatar.com\/avatar\/de1c686c2ecc9c5a3f327e3431d819eb39f8f05d4e1045f5a1caad6daaba987f?s=96&d=mm&r=g","url":"https:\/\/secure.gravatar.com\/avatar\/de1c686c2ecc9c5a3f327e3431d819eb39f8f05d4e1045f5a1caad6daaba987f?s=96&d=mm&r=g","contentUrl":"https:\/\/secure.gravatar.com\/avatar\/de1c686c2ecc9c5a3f327e3431d819eb39f8f05d4e1045f5a1caad6daaba987f?s=96&d=mm&r=g","caption":"Equipe MH"}}]}},"_links":{"self":[{"href":"https:\/\/mhcalculos.com.br\/noticias\/wp-json\/wp\/v2\/posts\/2587","targetHints":{"allow":["GET"]}}],"collection":[{"href":"https:\/\/mhcalculos.com.br\/noticias\/wp-json\/wp\/v2\/posts"}],"about":[{"href":"https:\/\/mhcalculos.com.br\/noticias\/wp-json\/wp\/v2\/types\/post"}],"author":[{"embeddable":true,"href":"https:\/\/mhcalculos.com.br\/noticias\/wp-json\/wp\/v2\/users\/3063"}],"replies":[{"embeddable":true,"href":"https:\/\/mhcalculos.com.br\/noticias\/wp-json\/wp\/v2\/comments?post=2587"}],"version-history":[{"count":1,"href":"https:\/\/mhcalculos.com.br\/noticias\/wp-json\/wp\/v2\/posts\/2587\/revisions"}],"predecessor-version":[{"id":10314,"href":"https:\/\/mhcalculos.com.br\/noticias\/wp-json\/wp\/v2\/posts\/2587\/revisions\/10314"}],"wp:featuredmedia":[{"embeddable":true,"href":"https:\/\/mhcalculos.com.br\/noticias\/wp-json\/wp\/v2\/media\/1637"}],"wp:attachment":[{"href":"https:\/\/mhcalculos.com.br\/noticias\/wp-json\/wp\/v2\/media?parent=2587"}],"wp:term":[{"taxonomy":"category","embeddable":true,"href":"https:\/\/mhcalculos.com.br\/noticias\/wp-json\/wp\/v2\/categories?post=2587"},{"taxonomy":"post_tag","embeddable":true,"href":"https:\/\/mhcalculos.com.br\/noticias\/wp-json\/wp\/v2\/tags?post=2587"}],"curies":[{"name":"wp","href":"https:\/\/api.w.org\/{rel}","templated":true}]}}