{"id":2469,"date":"2018-07-09T13:00:00","date_gmt":"2018-07-09T16:00:00","guid":{"rendered":"https:\/\/mhcalculos.com.br\/noticias\/2018\/07\/09\/tst-ex-bancario-que-teve-jornada-ampliada-apos-anistia-tem-direito-a-diferencas-salariais\/"},"modified":"2021-07-28T14:34:28","modified_gmt":"2021-07-28T17:34:28","slug":"tst-ex-bancario-que-teve-jornada-ampliada-apos-anistia-tem-direito-a-diferencas-salariais","status":"publish","type":"post","link":"https:\/\/mhcalculos.com.br\/noticias\/area\/trabalhista\/tst-ex-bancario-que-teve-jornada-ampliada-apos-anistia-tem-direito-a-diferencas-salariais.html","title":{"rendered":"TST: Ex-banc\u00e1rio que teve jornada ampliada ap\u00f3s anistia tem direito a diferen\u00e7as salariais"},"content":{"rendered":"<p><br \/>\n  <\/p>\n<p >A Terceira Turma do Tribunal Superior do Trabalho entendeu que um empregado do extinto Banco Nacional de Cr\u00e9dito Cooperativo (BNCC), ao ser aproveitado por outro \u00f3rg\u00e3o p\u00fablico, n\u00e3o pode ter sua jornada di\u00e1ria de trabalho aumentada sem o correspondente aumento salarial.<\/p>\n<p >O banc\u00e1rio, anistiado por meio da <a href=\"http:\/\/www.planalto.gov.br\/ccivil_03\/Leis\/L8878.htm\">Lei 8.878\/1994<\/a>, passou a trabalhar no Minist\u00e9rio da Agricultura e Abastecimento. No BNCC, ele cumpria jornada de seis horas di\u00e1rias.&nbsp;Com a mudan\u00e7a, no entanto, passou a trabalhar oito horas por dia. Ele alegou, na reclama\u00e7\u00e3o trabalhista, que seu sal\u00e1rio-hora foi reduzido consideravelmente.<\/p>\n<p >O Tribunal Regional do Trabalho da 10\u00aa Regi\u00e3o (DF\/TO) havia considerado n\u00e3o existir prova no processo de que o empregado estivesse sujeito a regime especial de trabalho. \u201cN\u00e3o se pode concluir que o hor\u00e1rio diferenciado constitu\u00eda cl\u00e1usula inerente ao antigo contrato de trabalho\u201d, registrou o relator do caso no TRT.<\/p>\n<p >A Terceira Turma do TST, no exame de recurso de revista, observou que a mudan\u00e7a da jornada de trabalho n\u00e3o representa, por si s\u00f3, altera\u00e7\u00e3o contratual lesiva. Diante da situa\u00e7\u00e3o examinada, por\u00e9m, compreendeu que ficou claro o preju\u00edzo sofrido pelo empregado. \u201cEmbora n\u00e3o tenha havido redu\u00e7\u00e3o do valor nominal do sal\u00e1rio, houve decr\u00e9scimo no valor do sal\u00e1rio-hora, o que repercutiria, por exemplo, no c\u00e1lculo de eventuais horas extras\u201d, escreveu o relator, ministro Mauricio Godinho Delgado.<\/p>\n<p >Por unanimidade, a Turma determinou o pagamento das diferen\u00e7as salariais decorrentes da altera\u00e7\u00e3o da jornada, observando-se o sal\u00e1rio-hora da categoria de banc\u00e1rio (seis horas).<\/p>\n<p >(GL\/CF)<\/p>\n<p >Processo: <a href=\"http:\/\/aplicacao4.tst.jus.br\/consultaProcessual\/consultaTstNumUnica.do?consulta=Consultar&amp;conscsjt=&amp;numeroTst=671&amp;digitoTst=21&amp;anoTst=2016&amp;orgaoTst=5&amp;tribunalTst=10&amp;varaTst=0014&amp;submit=Consultar\">RR-671-21.2016.5.10.0014<\/a><\/p>\n<p> O TST possui oito Turmas, cada uma composta de tr\u00eas ministros, com a atribui\u00e7\u00e3o de analisar recursos de revista, agravos, agravos de instrumento, agravos regimentais e recursos ordin\u00e1rios em a\u00e7\u00e3o cautelar. Das decis\u00f5es das Turmas, a parte ainda pode, em alguns casos, recorrer \u00e0 Subse\u00e7\u00e3o I Especializada em Diss\u00eddios Individuais (SBDI-1). <strong>Esta mat\u00e9ria tem car\u00e1ter informativo, sem cunho oficial.<br \/> Permitida a reprodu\u00e7\u00e3o mediante cita\u00e7\u00e3o da fonte.<br \/> Secretaria de Comunica\u00e7\u00e3o Social<br \/> Tribunal Superior do Trabalho<br \/> Tel. (61) 3043-4907<br \/> <a href=\"mailto:secom@tst.jus.br\" >secom@tst.jus.br<\/a><\/strong>       <\/br><br \/>\n<br \/><i>Com informa\u00e7\u00f5es da assessoria de imprensa do TST.<\/i><br \/>\n<br \/><a href=\"http:\/\/www.tst.jus.br\/web\/guest\/noticias?p_p_id=89Dk&#038;p_p_lifecycle=0&#038;refererPlid=10730&#038;_89Dk_struts_action=%2Fjournal_content%2Fview&#038;_89Dk_groupId=10157&#038;_89Dk_articleId=24614212\">Fonte<\/a><br \/>\n<br \/><\/p>\n","protected":false},"excerpt":{"rendered":"<p>A Terceira Turma do Tribunal Superior do Trabalho entendeu que um empregado do extinto Banco Nacional de Cr\u00e9dito Cooperativo (BNCC), ao ser aproveitado por outro \u00f3rg\u00e3o p\u00fablico, n\u00e3o pode ter sua jornada di\u00e1ria de trabalho aumentada sem o correspondente aumento salarial. O banc\u00e1rio, anistiado por meio da Lei 8.878\/1994, passou a trabalhar no Minist\u00e9rio da [&hellip;]<\/p>\n","protected":false},"author":3063,"featured_media":2443,"comment_status":"open","ping_status":"open","sticky":false,"template":"","format":"standard","meta":{"footnotes":""},"categories":[3,21],"tags":[33,216,9,12,217,215],"class_list":{"0":"post-2469","1":"post","2":"type-post","3":"status-publish","4":"format-standard","5":"has-post-thumbnail","7":"category-trabalhista","8":"category-tst","9":"tag-calculos-trabalhistas","10":"tag-direito-trabalhista","11":"tag-pericia","12":"tag-perito","13":"tag-trabalho","14":"tag-tst"},"yoast_head":"<!-- This site is optimized with the Yoast SEO plugin v27.2 - https:\/\/yoast.com\/product\/yoast-seo-wordpress\/ -->\n<title>TST: Ex-banc\u00e1rio que teve jornada ampliada ap\u00f3s anistia tem direito a diferen\u00e7as salariais | Portal de Not\u00edcias<\/title>\n<meta name=\"robots\" content=\"index, follow, max-snippet:-1, max-image-preview:large, max-video-preview:-1\" \/>\n<link rel=\"canonical\" href=\"https:\/\/mhcalculos.com.br\/noticias\/area\/trabalhista\/tst-ex-bancario-que-teve-jornada-ampliada-apos-anistia-tem-direito-a-diferencas-salariais.html\" \/>\n<meta property=\"og:locale\" content=\"pt_BR\" \/>\n<meta property=\"og:type\" content=\"article\" \/>\n<meta property=\"og:title\" content=\"TST: Ex-banc\u00e1rio que teve jornada ampliada ap\u00f3s anistia tem direito a diferen\u00e7as salariais | Portal de Not\u00edcias\" \/>\n<meta property=\"og:description\" content=\"A Terceira Turma do Tribunal Superior do Trabalho entendeu que um empregado do extinto Banco Nacional de Cr\u00e9dito Cooperativo (BNCC), ao ser aproveitado por outro \u00f3rg\u00e3o p\u00fablico, n\u00e3o pode ter sua jornada di\u00e1ria de trabalho aumentada sem o correspondente aumento salarial. O banc\u00e1rio, anistiado por meio da Lei 8.878\/1994, passou a trabalhar no Minist\u00e9rio da [&hellip;]\" \/>\n<meta property=\"og:url\" content=\"https:\/\/mhcalculos.com.br\/noticias\/area\/trabalhista\/tst-ex-bancario-que-teve-jornada-ampliada-apos-anistia-tem-direito-a-diferencas-salariais.html\" \/>\n<meta property=\"og:site_name\" content=\"Portal de Not\u00edcias\" \/>\n<meta property=\"article:published_time\" content=\"2018-07-09T16:00:00+00:00\" \/>\n<meta property=\"article:modified_time\" content=\"2021-07-28T17:34:28+00:00\" \/>\n<meta property=\"og:image\" content=\"https:\/\/mhcalculos.com.br\/noticias\/wp-content\/uploads\/sites\/2\/2018\/07\/judiciario-0036.jpg\" \/>\n\t<meta property=\"og:image:width\" content=\"2000\" \/>\n\t<meta property=\"og:image:height\" content=\"800\" \/>\n\t<meta property=\"og:image:type\" content=\"image\/jpeg\" \/>\n<meta name=\"author\" content=\"Equipe MH\" \/>\n<meta name=\"twitter:card\" content=\"summary_large_image\" \/>\n<meta name=\"twitter:label1\" content=\"Escrito por\" \/>\n\t<meta name=\"twitter:data1\" content=\"Equipe MH\" \/>\n\t<meta name=\"twitter:label2\" content=\"Est. tempo de leitura\" \/>\n\t<meta name=\"twitter:data2\" content=\"2 minutos\" \/>\n<script type=\"application\/ld+json\" class=\"yoast-schema-graph\">{\"@context\":\"https:\/\/schema.org\",\"@graph\":[{\"@type\":\"Article\",\"@id\":\"https:\/\/mhcalculos.com.br\/noticias\/area\/trabalhista\/tst-ex-bancario-que-teve-jornada-ampliada-apos-anistia-tem-direito-a-diferencas-salariais.html#article\",\"isPartOf\":{\"@id\":\"https:\/\/mhcalculos.com.br\/noticias\/area\/trabalhista\/tst-ex-bancario-que-teve-jornada-ampliada-apos-anistia-tem-direito-a-diferencas-salariais.html\"},\"author\":{\"name\":\"Equipe MH\",\"@id\":\"https:\/\/mhcalculos.com.br\/noticias\/#\/schema\/person\/88d1c34bf72dc779ea14a5a6b8e0ae8d\"},\"headline\":\"TST: Ex-banc\u00e1rio que teve jornada ampliada ap\u00f3s anistia tem direito a diferen\u00e7as salariais\",\"datePublished\":\"2018-07-09T16:00:00+00:00\",\"dateModified\":\"2021-07-28T17:34:28+00:00\",\"mainEntityOfPage\":{\"@id\":\"https:\/\/mhcalculos.com.br\/noticias\/area\/trabalhista\/tst-ex-bancario-que-teve-jornada-ampliada-apos-anistia-tem-direito-a-diferencas-salariais.html\"},\"wordCount\":396,\"commentCount\":0,\"image\":{\"@id\":\"https:\/\/mhcalculos.com.br\/noticias\/area\/trabalhista\/tst-ex-bancario-que-teve-jornada-ampliada-apos-anistia-tem-direito-a-diferencas-salariais.html#primaryimage\"},\"thumbnailUrl\":\"https:\/\/mhcalculos.com.br\/noticias\/wp-content\/uploads\/sites\/2\/2018\/07\/judiciario-0036.jpg\",\"keywords\":[\"c\u00e1lculos trabalhistas\",\"direito trabalhista\",\"per\u00edcia\",\"perito\",\"trabalho\",\"TST\"],\"articleSection\":[\"Direito Trabalhista\",\"TST\"],\"inLanguage\":\"pt-BR\",\"potentialAction\":[{\"@type\":\"CommentAction\",\"name\":\"Comment\",\"target\":[\"https:\/\/mhcalculos.com.br\/noticias\/area\/trabalhista\/tst-ex-bancario-que-teve-jornada-ampliada-apos-anistia-tem-direito-a-diferencas-salariais.html#respond\"]}]},{\"@type\":\"WebPage\",\"@id\":\"https:\/\/mhcalculos.com.br\/noticias\/area\/trabalhista\/tst-ex-bancario-que-teve-jornada-ampliada-apos-anistia-tem-direito-a-diferencas-salariais.html\",\"url\":\"https:\/\/mhcalculos.com.br\/noticias\/area\/trabalhista\/tst-ex-bancario-que-teve-jornada-ampliada-apos-anistia-tem-direito-a-diferencas-salariais.html\",\"name\":\"TST: Ex-banc\u00e1rio que teve jornada ampliada ap\u00f3s anistia tem direito a diferen\u00e7as salariais | Portal de Not\u00edcias\",\"isPartOf\":{\"@id\":\"https:\/\/mhcalculos.com.br\/noticias\/#website\"},\"primaryImageOfPage\":{\"@id\":\"https:\/\/mhcalculos.com.br\/noticias\/area\/trabalhista\/tst-ex-bancario-que-teve-jornada-ampliada-apos-anistia-tem-direito-a-diferencas-salariais.html#primaryimage\"},\"image\":{\"@id\":\"https:\/\/mhcalculos.com.br\/noticias\/area\/trabalhista\/tst-ex-bancario-que-teve-jornada-ampliada-apos-anistia-tem-direito-a-diferencas-salariais.html#primaryimage\"},\"thumbnailUrl\":\"https:\/\/mhcalculos.com.br\/noticias\/wp-content\/uploads\/sites\/2\/2018\/07\/judiciario-0036.jpg\",\"datePublished\":\"2018-07-09T16:00:00+00:00\",\"dateModified\":\"2021-07-28T17:34:28+00:00\",\"author\":{\"@id\":\"https:\/\/mhcalculos.com.br\/noticias\/#\/schema\/person\/88d1c34bf72dc779ea14a5a6b8e0ae8d\"},\"breadcrumb\":{\"@id\":\"https:\/\/mhcalculos.com.br\/noticias\/area\/trabalhista\/tst-ex-bancario-que-teve-jornada-ampliada-apos-anistia-tem-direito-a-diferencas-salariais.html#breadcrumb\"},\"inLanguage\":\"pt-BR\",\"potentialAction\":[{\"@type\":\"ReadAction\",\"target\":[\"https:\/\/mhcalculos.com.br\/noticias\/area\/trabalhista\/tst-ex-bancario-que-teve-jornada-ampliada-apos-anistia-tem-direito-a-diferencas-salariais.html\"]}]},{\"@type\":\"ImageObject\",\"inLanguage\":\"pt-BR\",\"@id\":\"https:\/\/mhcalculos.com.br\/noticias\/area\/trabalhista\/tst-ex-bancario-que-teve-jornada-ampliada-apos-anistia-tem-direito-a-diferencas-salariais.html#primaryimage\",\"url\":\"https:\/\/mhcalculos.com.br\/noticias\/wp-content\/uploads\/sites\/2\/2018\/07\/judiciario-0036.jpg\",\"contentUrl\":\"https:\/\/mhcalculos.com.br\/noticias\/wp-content\/uploads\/sites\/2\/2018\/07\/judiciario-0036.jpg\",\"width\":2000,\"height\":800},{\"@type\":\"BreadcrumbList\",\"@id\":\"https:\/\/mhcalculos.com.br\/noticias\/area\/trabalhista\/tst-ex-bancario-que-teve-jornada-ampliada-apos-anistia-tem-direito-a-diferencas-salariais.html#breadcrumb\",\"itemListElement\":[{\"@type\":\"ListItem\",\"position\":1,\"name\":\"In\u00edcio\",\"item\":\"https:\/\/mhcalculos.com.br\/noticias\/\"},{\"@type\":\"ListItem\",\"position\":2,\"name\":\"TST: Ex-banc\u00e1rio que teve jornada ampliada ap\u00f3s anistia tem direito a diferen\u00e7as salariais\"}]},{\"@type\":\"WebSite\",\"@id\":\"https:\/\/mhcalculos.com.br\/noticias\/#website\",\"url\":\"https:\/\/mhcalculos.com.br\/noticias\/\",\"name\":\"Portal de Not\u00edcias\",\"description\":\"Not\u00edcias e Jurisprud\u00eancia\",\"potentialAction\":[{\"@type\":\"SearchAction\",\"target\":{\"@type\":\"EntryPoint\",\"urlTemplate\":\"https:\/\/mhcalculos.com.br\/noticias\/?s={search_term_string}\"},\"query-input\":{\"@type\":\"PropertyValueSpecification\",\"valueRequired\":true,\"valueName\":\"search_term_string\"}}],\"inLanguage\":\"pt-BR\"},{\"@type\":\"Person\",\"@id\":\"https:\/\/mhcalculos.com.br\/noticias\/#\/schema\/person\/88d1c34bf72dc779ea14a5a6b8e0ae8d\",\"name\":\"Equipe MH\",\"image\":{\"@type\":\"ImageObject\",\"inLanguage\":\"pt-BR\",\"@id\":\"https:\/\/secure.gravatar.com\/avatar\/de1c686c2ecc9c5a3f327e3431d819eb39f8f05d4e1045f5a1caad6daaba987f?s=96&d=mm&r=g\",\"url\":\"https:\/\/secure.gravatar.com\/avatar\/de1c686c2ecc9c5a3f327e3431d819eb39f8f05d4e1045f5a1caad6daaba987f?s=96&d=mm&r=g\",\"contentUrl\":\"https:\/\/secure.gravatar.com\/avatar\/de1c686c2ecc9c5a3f327e3431d819eb39f8f05d4e1045f5a1caad6daaba987f?s=96&d=mm&r=g\",\"caption\":\"Equipe MH\"}}]}<\/script>\n<!-- \/ Yoast SEO plugin. -->","yoast_head_json":{"title":"TST: Ex-banc\u00e1rio que teve jornada ampliada ap\u00f3s anistia tem direito a diferen\u00e7as salariais | Portal de Not\u00edcias","robots":{"index":"index","follow":"follow","max-snippet":"max-snippet:-1","max-image-preview":"max-image-preview:large","max-video-preview":"max-video-preview:-1"},"canonical":"https:\/\/mhcalculos.com.br\/noticias\/area\/trabalhista\/tst-ex-bancario-que-teve-jornada-ampliada-apos-anistia-tem-direito-a-diferencas-salariais.html","og_locale":"pt_BR","og_type":"article","og_title":"TST: Ex-banc\u00e1rio que teve jornada ampliada ap\u00f3s anistia tem direito a diferen\u00e7as salariais | Portal de Not\u00edcias","og_description":"A Terceira Turma do Tribunal Superior do Trabalho entendeu que um empregado do extinto Banco Nacional de Cr\u00e9dito Cooperativo (BNCC), ao ser aproveitado por outro \u00f3rg\u00e3o p\u00fablico, n\u00e3o pode ter sua jornada di\u00e1ria de trabalho aumentada sem o correspondente aumento salarial. O banc\u00e1rio, anistiado por meio da Lei 8.878\/1994, passou a trabalhar no Minist\u00e9rio da [&hellip;]","og_url":"https:\/\/mhcalculos.com.br\/noticias\/area\/trabalhista\/tst-ex-bancario-que-teve-jornada-ampliada-apos-anistia-tem-direito-a-diferencas-salariais.html","og_site_name":"Portal de Not\u00edcias","article_published_time":"2018-07-09T16:00:00+00:00","article_modified_time":"2021-07-28T17:34:28+00:00","og_image":[{"width":2000,"height":800,"url":"https:\/\/mhcalculos.com.br\/noticias\/wp-content\/uploads\/sites\/2\/2018\/07\/judiciario-0036.jpg","type":"image\/jpeg"}],"author":"Equipe MH","twitter_card":"summary_large_image","twitter_misc":{"Escrito por":"Equipe MH","Est. tempo de leitura":"2 minutos"},"schema":{"@context":"https:\/\/schema.org","@graph":[{"@type":"Article","@id":"https:\/\/mhcalculos.com.br\/noticias\/area\/trabalhista\/tst-ex-bancario-que-teve-jornada-ampliada-apos-anistia-tem-direito-a-diferencas-salariais.html#article","isPartOf":{"@id":"https:\/\/mhcalculos.com.br\/noticias\/area\/trabalhista\/tst-ex-bancario-que-teve-jornada-ampliada-apos-anistia-tem-direito-a-diferencas-salariais.html"},"author":{"name":"Equipe MH","@id":"https:\/\/mhcalculos.com.br\/noticias\/#\/schema\/person\/88d1c34bf72dc779ea14a5a6b8e0ae8d"},"headline":"TST: Ex-banc\u00e1rio que teve jornada ampliada ap\u00f3s anistia tem direito a diferen\u00e7as salariais","datePublished":"2018-07-09T16:00:00+00:00","dateModified":"2021-07-28T17:34:28+00:00","mainEntityOfPage":{"@id":"https:\/\/mhcalculos.com.br\/noticias\/area\/trabalhista\/tst-ex-bancario-que-teve-jornada-ampliada-apos-anistia-tem-direito-a-diferencas-salariais.html"},"wordCount":396,"commentCount":0,"image":{"@id":"https:\/\/mhcalculos.com.br\/noticias\/area\/trabalhista\/tst-ex-bancario-que-teve-jornada-ampliada-apos-anistia-tem-direito-a-diferencas-salariais.html#primaryimage"},"thumbnailUrl":"https:\/\/mhcalculos.com.br\/noticias\/wp-content\/uploads\/sites\/2\/2018\/07\/judiciario-0036.jpg","keywords":["c\u00e1lculos trabalhistas","direito trabalhista","per\u00edcia","perito","trabalho","TST"],"articleSection":["Direito Trabalhista","TST"],"inLanguage":"pt-BR","potentialAction":[{"@type":"CommentAction","name":"Comment","target":["https:\/\/mhcalculos.com.br\/noticias\/area\/trabalhista\/tst-ex-bancario-que-teve-jornada-ampliada-apos-anistia-tem-direito-a-diferencas-salariais.html#respond"]}]},{"@type":"WebPage","@id":"https:\/\/mhcalculos.com.br\/noticias\/area\/trabalhista\/tst-ex-bancario-que-teve-jornada-ampliada-apos-anistia-tem-direito-a-diferencas-salariais.html","url":"https:\/\/mhcalculos.com.br\/noticias\/area\/trabalhista\/tst-ex-bancario-que-teve-jornada-ampliada-apos-anistia-tem-direito-a-diferencas-salariais.html","name":"TST: Ex-banc\u00e1rio que teve jornada ampliada ap\u00f3s anistia tem direito a diferen\u00e7as salariais | Portal de Not\u00edcias","isPartOf":{"@id":"https:\/\/mhcalculos.com.br\/noticias\/#website"},"primaryImageOfPage":{"@id":"https:\/\/mhcalculos.com.br\/noticias\/area\/trabalhista\/tst-ex-bancario-que-teve-jornada-ampliada-apos-anistia-tem-direito-a-diferencas-salariais.html#primaryimage"},"image":{"@id":"https:\/\/mhcalculos.com.br\/noticias\/area\/trabalhista\/tst-ex-bancario-que-teve-jornada-ampliada-apos-anistia-tem-direito-a-diferencas-salariais.html#primaryimage"},"thumbnailUrl":"https:\/\/mhcalculos.com.br\/noticias\/wp-content\/uploads\/sites\/2\/2018\/07\/judiciario-0036.jpg","datePublished":"2018-07-09T16:00:00+00:00","dateModified":"2021-07-28T17:34:28+00:00","author":{"@id":"https:\/\/mhcalculos.com.br\/noticias\/#\/schema\/person\/88d1c34bf72dc779ea14a5a6b8e0ae8d"},"breadcrumb":{"@id":"https:\/\/mhcalculos.com.br\/noticias\/area\/trabalhista\/tst-ex-bancario-que-teve-jornada-ampliada-apos-anistia-tem-direito-a-diferencas-salariais.html#breadcrumb"},"inLanguage":"pt-BR","potentialAction":[{"@type":"ReadAction","target":["https:\/\/mhcalculos.com.br\/noticias\/area\/trabalhista\/tst-ex-bancario-que-teve-jornada-ampliada-apos-anistia-tem-direito-a-diferencas-salariais.html"]}]},{"@type":"ImageObject","inLanguage":"pt-BR","@id":"https:\/\/mhcalculos.com.br\/noticias\/area\/trabalhista\/tst-ex-bancario-que-teve-jornada-ampliada-apos-anistia-tem-direito-a-diferencas-salariais.html#primaryimage","url":"https:\/\/mhcalculos.com.br\/noticias\/wp-content\/uploads\/sites\/2\/2018\/07\/judiciario-0036.jpg","contentUrl":"https:\/\/mhcalculos.com.br\/noticias\/wp-content\/uploads\/sites\/2\/2018\/07\/judiciario-0036.jpg","width":2000,"height":800},{"@type":"BreadcrumbList","@id":"https:\/\/mhcalculos.com.br\/noticias\/area\/trabalhista\/tst-ex-bancario-que-teve-jornada-ampliada-apos-anistia-tem-direito-a-diferencas-salariais.html#breadcrumb","itemListElement":[{"@type":"ListItem","position":1,"name":"In\u00edcio","item":"https:\/\/mhcalculos.com.br\/noticias\/"},{"@type":"ListItem","position":2,"name":"TST: Ex-banc\u00e1rio que teve jornada ampliada ap\u00f3s anistia tem direito a diferen\u00e7as salariais"}]},{"@type":"WebSite","@id":"https:\/\/mhcalculos.com.br\/noticias\/#website","url":"https:\/\/mhcalculos.com.br\/noticias\/","name":"Portal de Not\u00edcias","description":"Not\u00edcias e Jurisprud\u00eancia","potentialAction":[{"@type":"SearchAction","target":{"@type":"EntryPoint","urlTemplate":"https:\/\/mhcalculos.com.br\/noticias\/?s={search_term_string}"},"query-input":{"@type":"PropertyValueSpecification","valueRequired":true,"valueName":"search_term_string"}}],"inLanguage":"pt-BR"},{"@type":"Person","@id":"https:\/\/mhcalculos.com.br\/noticias\/#\/schema\/person\/88d1c34bf72dc779ea14a5a6b8e0ae8d","name":"Equipe MH","image":{"@type":"ImageObject","inLanguage":"pt-BR","@id":"https:\/\/secure.gravatar.com\/avatar\/de1c686c2ecc9c5a3f327e3431d819eb39f8f05d4e1045f5a1caad6daaba987f?s=96&d=mm&r=g","url":"https:\/\/secure.gravatar.com\/avatar\/de1c686c2ecc9c5a3f327e3431d819eb39f8f05d4e1045f5a1caad6daaba987f?s=96&d=mm&r=g","contentUrl":"https:\/\/secure.gravatar.com\/avatar\/de1c686c2ecc9c5a3f327e3431d819eb39f8f05d4e1045f5a1caad6daaba987f?s=96&d=mm&r=g","caption":"Equipe MH"}}]}},"_links":{"self":[{"href":"https:\/\/mhcalculos.com.br\/noticias\/wp-json\/wp\/v2\/posts\/2469","targetHints":{"allow":["GET"]}}],"collection":[{"href":"https:\/\/mhcalculos.com.br\/noticias\/wp-json\/wp\/v2\/posts"}],"about":[{"href":"https:\/\/mhcalculos.com.br\/noticias\/wp-json\/wp\/v2\/types\/post"}],"author":[{"embeddable":true,"href":"https:\/\/mhcalculos.com.br\/noticias\/wp-json\/wp\/v2\/users\/3063"}],"replies":[{"embeddable":true,"href":"https:\/\/mhcalculos.com.br\/noticias\/wp-json\/wp\/v2\/comments?post=2469"}],"version-history":[{"count":1,"href":"https:\/\/mhcalculos.com.br\/noticias\/wp-json\/wp\/v2\/posts\/2469\/revisions"}],"predecessor-version":[{"id":10337,"href":"https:\/\/mhcalculos.com.br\/noticias\/wp-json\/wp\/v2\/posts\/2469\/revisions\/10337"}],"wp:featuredmedia":[{"embeddable":true,"href":"https:\/\/mhcalculos.com.br\/noticias\/wp-json\/wp\/v2\/media\/2443"}],"wp:attachment":[{"href":"https:\/\/mhcalculos.com.br\/noticias\/wp-json\/wp\/v2\/media?parent=2469"}],"wp:term":[{"taxonomy":"category","embeddable":true,"href":"https:\/\/mhcalculos.com.br\/noticias\/wp-json\/wp\/v2\/categories?post=2469"},{"taxonomy":"post_tag","embeddable":true,"href":"https:\/\/mhcalculos.com.br\/noticias\/wp-json\/wp\/v2\/tags?post=2469"}],"curies":[{"name":"wp","href":"https:\/\/api.w.org\/{rel}","templated":true}]}}