{"id":2457,"date":"2018-07-10T03:57:32","date_gmt":"2018-07-10T06:57:32","guid":{"rendered":"https:\/\/mhcalculos.com.br\/noticias\/2018\/07\/10\/asid-brasil-e-ola-uma-trajetoria-de-sucesso\/"},"modified":"2021-07-28T14:34:27","modified_gmt":"2021-07-28T17:34:27","slug":"asid-brasil-e-ola-uma-trajetoria-de-sucesso","status":"publish","type":"post","link":"https:\/\/mhcalculos.com.br\/noticias\/cidadania\/asid-brasil-e-ola-uma-trajetoria-de-sucesso.html","title":{"rendered":"ASID Brasil e Ol\u00e1: uma trajet\u00f3ria de sucesso"},"content":{"rendered":"<p> <br \/>\n<\/p>\n<p><span style=\"font-weight: 400\">Dentre os v\u00e1rios projetos desenvolvidos pela ASID um deles foi muito marcante: ajudar a desenvolver uma Organiza\u00e7\u00e3o da Sociedade Civil (OSC) da estaca zero. <\/span><\/p>\n<p><span style=\"font-weight: 400\">Tudo come\u00e7ou em 2015, quando C\u00e9lia, m\u00e3e de filho autista e Willyan, psic\u00f3logo de seu filho, decidiram criar a <a href=\"https:\/\/onglarassistido.wordpress.com\/\"><strong>Ol\u00e1 (ONG Lar Assistido)<\/strong><\/a> com o objetivo de proporcionar amparo, independ\u00eancia e qualidade de vida para pessoas com defici\u00eancia e seus familiares atrav\u00e9s de terapias e moradias assistidas. Mas afinal, o que \u00e9 moradia assistida?<\/span><\/p>\n<blockquote>\n<p><span style=\"font-weight: 400\">Moradia assistida ou resid\u00eancia inclusiva \u00e9 uma unidade feita para acolher pessoas com defici\u00eancia e atender suas necessidades. Por esse motivo, conta com equipes especializadas para estimular seus moradores e os tornarem mais independentes. Entretanto, n\u00e3o pode ser comparada com uma cl\u00ednica, pois todo tratamento m\u00e9dico \u00e9 feito externamente.<\/span><\/p>\n<\/blockquote>\n<p><span style=\"font-weight: 400\">O primeiro passo para concretizar esse sonho foi iniciar o programa <\/span><b>Idea\u00e7\u00e3o<\/b><span style=\"font-weight: 400\">, que ofereceu o suporte necess\u00e1rio para a elabora\u00e7\u00e3o de novas ideias e o fortalecimento da entidade. Para isso, foi necess\u00e1rio identificar quais eram as principais for\u00e7as, fraquezas, amea\u00e7as e oportunidades e tamb\u00e9m definir as diretrizes estrat\u00e9gicas, para nortear o trabalho. Depois foi a vez de separar todos os documentos jur\u00eddicos necess\u00e1rios, realizar um \u00a0treinamento de capta\u00e7\u00e3o, definir os respons\u00e1veis por cada \u00e1rea de atua\u00e7\u00e3o e sua miss\u00e3o, vis\u00e3o e valores. O programa durou dois anos, de 2015 \u00e0 2017, e reuniu <strong>404 horas<\/strong> de projeto.<\/span><\/p>\n<p><span style=\"font-weight: 400\">Em 2016, com a estrutura criada e funcionando, foi feito um <\/span><b>diagn\u00f3stico de gest\u00e3o<\/b><span style=\"font-weight: 400\"> atrav\u00e9s do <strong>IDEE (\u00cdndice de Desenvolvimento da Educa\u00e7\u00e3o Especial)<\/strong> para avaliar quest\u00f5es como: capta\u00e7\u00e3o de recursos, marketing, recursos humanos, impacto social, lideran\u00e7a e infraestrutura. <\/span><\/p>\n<p><span style=\"font-weight: 400\">Segundo Leonardo Mesquita, analista de projetos da ASID: <\/span><i><span style=\"font-weight: 400\">\u00a0<\/span><\/i><\/p>\n<blockquote>\n<p><i><span style=\"font-weight: 400\">\u201c O IDEE, \u00a0\u00e9 a oportunidade da institui\u00e7\u00e3o ter um olhar sobre sua gest\u00e3o, identificando pontos positivos e pontos a desenvolver. Com o resultado do diagn\u00f3stico, ela pode focar em melhorias, trazendo desenvolvimento e crescimento do seu impacto\u201d. <\/span><\/i><\/p>\n<\/blockquote>\n<p><span style=\"font-weight: 400\">Ap\u00f3s o diagn\u00f3stico e com v\u00e1rias <strong>mentorias e capacita\u00e7\u00f5es<\/strong> aconteceu uma melhoria nas \u00e1reas do financeiro, capta\u00e7\u00e3o de recursos e marketing, resultando em um maior controle das finan\u00e7as, aumento da receita e a cria\u00e7\u00e3o de um site. <\/span><\/p>\n<p><span style=\"font-weight: 400\">Para colocar em pr\u00e1tica os apontamentos do diagn\u00f3stico, a ASID realiza anualmente um projeto chamado <\/span><b>\u201cMelhoria Cont\u00ednua\u201d<\/b><span style=\"font-weight: 400\">, \u00a0que tem como foco orientar na elabora\u00e7\u00e3o de metas, que s\u00e3o feitas trimestralmente, e no alcance delas. Esse programa finaliza com o in\u00edcio do IDEE seguinte, tra\u00e7ando novas metas e objetivos.<\/span><\/p>\n<p><span style=\"font-weight: 400\">Em paralelo a esses programas, tamb\u00e9m ocorreram v\u00e1rios projetos de voluntariado, o primeiro foi o <\/span><b>L\u00edder especial<\/b><span style=\"font-weight: 400\"> em 2016, e teve 9 meses de dura\u00e7\u00e3o, seu principal intuito foi proporcionar um acompanhamento para institui\u00e7\u00e3o e desenvolver a compet\u00eancia de lideran\u00e7a por meio de encontros, capacita\u00e7\u00f5es e planos de desenvolvimento. C\u00e9lia Angelo, diretora da Ol\u00e1, diz:<\/span><\/p>\n<blockquote>\n<p><i><span style=\"font-weight: 400\">\u201cNo L\u00edder Especial, busco o crescimento. Trabalhar o lado pessoal, j\u00e1 que sempre trabalhei sozinha e, agora, voltei a trabalhar em grupo. \u201d<\/span><\/i><\/p>\n<\/blockquote>\n<p><span style=\"font-weight: 400\">No ano seguinte, aconteceu o <\/span><b>Ensina na Cozinha<\/b><span style=\"font-weight: 400\">, em que alunos e volunt\u00e1rios de empresas parceiras da Campanha ASID se uniram no Centro Europeu, juntamente com o Chef Guilherme de Rosso, do Simples Assim, para fazer uma receita de pizza. Esse momento gerou uma grande intera\u00e7\u00e3o entre ambas as partes, fomentando ainda mais o trabalho em equipe.<\/span><\/p>\n<div id=\"attachment_16127\" style=\"width: 1034px\" class=\"wp-caption aligncenter\"><a href=\"https:\/\/asidbrasil.org.br\/wp-content\/uploads\/2018\/07\/Foto-case-Ol\u00e1.jpg\"><\/a><\/p>\n<p class=\"wp-caption-text\">Ol\u00e1 e volunt\u00e1rios no \u201cEnsina na Cozinha\u201d depois de prepararem as pizzas<\/p>\n<\/div>\n<p><span style=\"font-weight: 400\">Para complementar, os gestores da Ol\u00e1 participaram do<\/span><b> Gest\u00e3o Global<\/b><span style=\"font-weight: 400\">, que consiste em uma s\u00e9rie de treinamentos para profissionalizar a gest\u00e3o de institui\u00e7\u00f5es que trabalham com PCD\u2019s e desejam aumentar seu desempenho. Ap\u00f3s participar do programa, a Ol\u00e1 pode realizar por conta pr\u00f3pria o balancete e a previs\u00e3o or\u00e7ament\u00e1ria anual. <\/span><\/p>\n<p><span style=\"font-weight: 400\">Para saber mais sobre o Gest\u00e3o global, <a href=\"https:\/\/asidbrasil.org.br\/gestao-global-como-aulas-de-gestao-geram-o-desenvolvimento-de-instituicoes\/\">clique aqui.<\/a><\/span><\/p>\n<p><span style=\"font-weight: 400\">Atualmente, a Ol\u00e1 assiste <strong>6 pessoas<\/strong> e oferece diversas oficinas, como marcenaria, horta, atividades f\u00edsicas e atividades culin\u00e1rias. Suely, tesoureira da Ol\u00e1, diz que um dos principais projetos da institui\u00e7\u00e3o \u00e9 a inser\u00e7\u00e3o de pessoas com defici\u00eancia no mercado de trabalho e, no futuro, construir as moradias assistidas. <\/span><\/p>\n<p><span style=\"font-weight: 400\">Para realizar o prop\u00f3sito e atingir suas metas a ASID e Ol\u00e1 continuar\u00e3o trabalhando juntas, para, dessa forma, a inclus\u00e3o da pessoa com defici\u00eancia na sociedade se tornar cada vez mais real.<\/span><\/p>\n<p>Clique aqui e acesse mais hist\u00f3rias de impacto da ASID, acesse gratuitamente nosso e-book Investimento de Impacto:<a href=\"https:\/\/conteudo.asidbrasil.org.br\/ebookinvestimentodeimpacto\"><img decoding=\"async\" class=\"aligncenter size-full wp-image-15835 lazyload\" data-src=\"https:\/\/asidbrasil.org.br\/wp-content\/uploads\/2018\/05\/E-book-560x130-2.png\" alt=\"\" width=\"560\" height=\"130\" src=\"data:image\/svg+xml;base64,PHN2ZyB3aWR0aD0iMSIgaGVpZ2h0PSIxIiB4bWxucz0iaHR0cDovL3d3dy53My5vcmcvMjAwMC9zdmciPjwvc3ZnPg==\" style=\"--smush-placeholder-width: 560px; --smush-placeholder-aspect-ratio: 560\/130;\" \/><\/a><\/p>\n<div class=\"clearfix\">\n<p>&nbsp;<\/p>\n<\/div>\n<p>O post <a rel=\"nofollow\" href=\"https:\/\/asidbrasil.org.br\/asid-brasil-e-ola-uma-trajetoria-de-sucesso\/\">ASID Brasil e Ol\u00e1: uma trajet\u00f3ria de sucesso<\/a> apareceu primeiro em <a rel=\"nofollow\" href=\"https:\/\/asidbrasil.org.br\">ASID Brasil<\/a>.<\/p>\n<p><i>Visite o site <a href=\"https:\/\/asidbrasil.org.br\/\">asidbrasil.org.br<\/a> e conhe\u00e7a mais sobre a ASID Brasil.<\/i><br \/>\n<br \/><a href=\"https:\/\/asidbrasil.org.br\/asid-brasil-e-ola-uma-trajetoria-de-sucesso\/\">Fonte<\/a><br \/>\n<br \/><\/p>\n","protected":false},"excerpt":{"rendered":"<p>Dentre os v\u00e1rios projetos desenvolvidos pela ASID um deles foi muito marcante: ajudar a desenvolver uma Organiza\u00e7\u00e3o da Sociedade Civil (OSC) da estaca zero. Tudo come\u00e7ou em 2015, quando C\u00e9lia, m\u00e3e de filho autista e Willyan, psic\u00f3logo de seu filho, decidiram criar a Ol\u00e1 (ONG Lar Assistido) com o objetivo de proporcionar amparo, independ\u00eancia e [&hellip;]<\/p>\n","protected":false},"author":3063,"featured_media":2458,"comment_status":"open","ping_status":"open","sticky":false,"template":"","format":"standard","meta":{"footnotes":""},"categories":[113],"tags":[158,157,163,162,164,161,160,159],"class_list":{"0":"post-2457","1":"post","2":"type-post","3":"status-publish","4":"format-standard","5":"has-post-thumbnail","7":"category-cidadania","8":"tag-asid","9":"tag-cidadania","10":"tag-desenvolvimento-institucional","11":"tag-diversidade","12":"tag-impacto-social","13":"tag-inclusao","14":"tag-voluntariado","15":"tag-voluntario"},"yoast_head":"<!-- This site is optimized with the Yoast SEO plugin v27.2 - https:\/\/yoast.com\/product\/yoast-seo-wordpress\/ -->\n<title>ASID Brasil e Ol\u00e1: uma trajet\u00f3ria de sucesso | Portal de Not\u00edcias<\/title>\n<meta name=\"robots\" content=\"index, follow, max-snippet:-1, max-image-preview:large, max-video-preview:-1\" \/>\n<link rel=\"canonical\" href=\"https:\/\/mhcalculos.com.br\/noticias\/cidadania\/asid-brasil-e-ola-uma-trajetoria-de-sucesso.html\" \/>\n<meta property=\"og:locale\" content=\"pt_BR\" \/>\n<meta property=\"og:type\" content=\"article\" \/>\n<meta property=\"og:title\" content=\"ASID Brasil e Ol\u00e1: uma trajet\u00f3ria de sucesso | Portal de Not\u00edcias\" \/>\n<meta property=\"og:description\" content=\"Dentre os v\u00e1rios projetos desenvolvidos pela ASID um deles foi muito marcante: ajudar a desenvolver uma Organiza\u00e7\u00e3o da Sociedade Civil (OSC) da estaca zero. Tudo come\u00e7ou em 2015, quando C\u00e9lia, m\u00e3e de filho autista e Willyan, psic\u00f3logo de seu filho, decidiram criar a Ol\u00e1 (ONG Lar Assistido) com o objetivo de proporcionar amparo, independ\u00eancia e [&hellip;]\" \/>\n<meta property=\"og:url\" content=\"https:\/\/mhcalculos.com.br\/noticias\/cidadania\/asid-brasil-e-ola-uma-trajetoria-de-sucesso.html\" \/>\n<meta property=\"og:site_name\" content=\"Portal de Not\u00edcias\" \/>\n<meta property=\"article:published_time\" content=\"2018-07-10T06:57:32+00:00\" \/>\n<meta property=\"article:modified_time\" content=\"2021-07-28T17:34:27+00:00\" \/>\n<meta property=\"og:image\" content=\"https:\/\/mhcalculos.com.br\/noticias\/wp-content\/uploads\/sites\/2\/2018\/07\/logo@2x.png\" \/>\n\t<meta property=\"og:image:width\" content=\"198\" \/>\n\t<meta property=\"og:image:height\" content=\"44\" \/>\n\t<meta property=\"og:image:type\" content=\"image\/png\" \/>\n<meta name=\"author\" content=\"Equipe MH\" \/>\n<meta name=\"twitter:card\" content=\"summary_large_image\" \/>\n<meta name=\"twitter:label1\" content=\"Escrito por\" \/>\n\t<meta name=\"twitter:data1\" content=\"Equipe MH\" \/>\n\t<meta name=\"twitter:label2\" content=\"Est. tempo de leitura\" \/>\n\t<meta name=\"twitter:data2\" content=\"4 minutos\" \/>\n<script type=\"application\/ld+json\" class=\"yoast-schema-graph\">{\"@context\":\"https:\/\/schema.org\",\"@graph\":[{\"@type\":\"Article\",\"@id\":\"https:\/\/mhcalculos.com.br\/noticias\/cidadania\/asid-brasil-e-ola-uma-trajetoria-de-sucesso.html#article\",\"isPartOf\":{\"@id\":\"https:\/\/mhcalculos.com.br\/noticias\/cidadania\/asid-brasil-e-ola-uma-trajetoria-de-sucesso.html\"},\"author\":{\"name\":\"Equipe MH\",\"@id\":\"https:\/\/mhcalculos.com.br\/noticias\/#\/schema\/person\/88d1c34bf72dc779ea14a5a6b8e0ae8d\"},\"headline\":\"ASID Brasil e Ol\u00e1: uma trajet\u00f3ria de sucesso\",\"datePublished\":\"2018-07-10T06:57:32+00:00\",\"dateModified\":\"2021-07-28T17:34:27+00:00\",\"mainEntityOfPage\":{\"@id\":\"https:\/\/mhcalculos.com.br\/noticias\/cidadania\/asid-brasil-e-ola-uma-trajetoria-de-sucesso.html\"},\"wordCount\":810,\"commentCount\":0,\"image\":{\"@id\":\"https:\/\/mhcalculos.com.br\/noticias\/cidadania\/asid-brasil-e-ola-uma-trajetoria-de-sucesso.html#primaryimage\"},\"thumbnailUrl\":\"https:\/\/mhcalculos.com.br\/noticias\/wp-content\/uploads\/sites\/2\/2018\/07\/logo@2x.png\",\"keywords\":[\"asid\",\"cidadania\",\"desenvolvimento institucional\",\"diversidade\",\"impacto social\",\"inclus\u00e3o\",\"voluntariado\",\"volunt\u00e1rio\"],\"articleSection\":[\"Cidadania\"],\"inLanguage\":\"pt-BR\",\"potentialAction\":[{\"@type\":\"CommentAction\",\"name\":\"Comment\",\"target\":[\"https:\/\/mhcalculos.com.br\/noticias\/cidadania\/asid-brasil-e-ola-uma-trajetoria-de-sucesso.html#respond\"]}]},{\"@type\":\"WebPage\",\"@id\":\"https:\/\/mhcalculos.com.br\/noticias\/cidadania\/asid-brasil-e-ola-uma-trajetoria-de-sucesso.html\",\"url\":\"https:\/\/mhcalculos.com.br\/noticias\/cidadania\/asid-brasil-e-ola-uma-trajetoria-de-sucesso.html\",\"name\":\"ASID Brasil e Ol\u00e1: uma trajet\u00f3ria de sucesso | Portal de Not\u00edcias\",\"isPartOf\":{\"@id\":\"https:\/\/mhcalculos.com.br\/noticias\/#website\"},\"primaryImageOfPage\":{\"@id\":\"https:\/\/mhcalculos.com.br\/noticias\/cidadania\/asid-brasil-e-ola-uma-trajetoria-de-sucesso.html#primaryimage\"},\"image\":{\"@id\":\"https:\/\/mhcalculos.com.br\/noticias\/cidadania\/asid-brasil-e-ola-uma-trajetoria-de-sucesso.html#primaryimage\"},\"thumbnailUrl\":\"https:\/\/mhcalculos.com.br\/noticias\/wp-content\/uploads\/sites\/2\/2018\/07\/logo@2x.png\",\"datePublished\":\"2018-07-10T06:57:32+00:00\",\"dateModified\":\"2021-07-28T17:34:27+00:00\",\"author\":{\"@id\":\"https:\/\/mhcalculos.com.br\/noticias\/#\/schema\/person\/88d1c34bf72dc779ea14a5a6b8e0ae8d\"},\"breadcrumb\":{\"@id\":\"https:\/\/mhcalculos.com.br\/noticias\/cidadania\/asid-brasil-e-ola-uma-trajetoria-de-sucesso.html#breadcrumb\"},\"inLanguage\":\"pt-BR\",\"potentialAction\":[{\"@type\":\"ReadAction\",\"target\":[\"https:\/\/mhcalculos.com.br\/noticias\/cidadania\/asid-brasil-e-ola-uma-trajetoria-de-sucesso.html\"]}]},{\"@type\":\"ImageObject\",\"inLanguage\":\"pt-BR\",\"@id\":\"https:\/\/mhcalculos.com.br\/noticias\/cidadania\/asid-brasil-e-ola-uma-trajetoria-de-sucesso.html#primaryimage\",\"url\":\"https:\/\/mhcalculos.com.br\/noticias\/wp-content\/uploads\/sites\/2\/2018\/07\/logo@2x.png\",\"contentUrl\":\"https:\/\/mhcalculos.com.br\/noticias\/wp-content\/uploads\/sites\/2\/2018\/07\/logo@2x.png\",\"width\":198,\"height\":44},{\"@type\":\"BreadcrumbList\",\"@id\":\"https:\/\/mhcalculos.com.br\/noticias\/cidadania\/asid-brasil-e-ola-uma-trajetoria-de-sucesso.html#breadcrumb\",\"itemListElement\":[{\"@type\":\"ListItem\",\"position\":1,\"name\":\"In\u00edcio\",\"item\":\"https:\/\/mhcalculos.com.br\/noticias\/\"},{\"@type\":\"ListItem\",\"position\":2,\"name\":\"ASID Brasil e Ol\u00e1: uma trajet\u00f3ria de sucesso\"}]},{\"@type\":\"WebSite\",\"@id\":\"https:\/\/mhcalculos.com.br\/noticias\/#website\",\"url\":\"https:\/\/mhcalculos.com.br\/noticias\/\",\"name\":\"Portal de Not\u00edcias\",\"description\":\"Not\u00edcias e Jurisprud\u00eancia\",\"potentialAction\":[{\"@type\":\"SearchAction\",\"target\":{\"@type\":\"EntryPoint\",\"urlTemplate\":\"https:\/\/mhcalculos.com.br\/noticias\/?s={search_term_string}\"},\"query-input\":{\"@type\":\"PropertyValueSpecification\",\"valueRequired\":true,\"valueName\":\"search_term_string\"}}],\"inLanguage\":\"pt-BR\"},{\"@type\":\"Person\",\"@id\":\"https:\/\/mhcalculos.com.br\/noticias\/#\/schema\/person\/88d1c34bf72dc779ea14a5a6b8e0ae8d\",\"name\":\"Equipe MH\",\"image\":{\"@type\":\"ImageObject\",\"inLanguage\":\"pt-BR\",\"@id\":\"https:\/\/secure.gravatar.com\/avatar\/de1c686c2ecc9c5a3f327e3431d819eb39f8f05d4e1045f5a1caad6daaba987f?s=96&d=mm&r=g\",\"url\":\"https:\/\/secure.gravatar.com\/avatar\/de1c686c2ecc9c5a3f327e3431d819eb39f8f05d4e1045f5a1caad6daaba987f?s=96&d=mm&r=g\",\"contentUrl\":\"https:\/\/secure.gravatar.com\/avatar\/de1c686c2ecc9c5a3f327e3431d819eb39f8f05d4e1045f5a1caad6daaba987f?s=96&d=mm&r=g\",\"caption\":\"Equipe MH\"}}]}<\/script>\n<!-- \/ Yoast SEO plugin. -->","yoast_head_json":{"title":"ASID Brasil e Ol\u00e1: uma trajet\u00f3ria de sucesso | Portal de Not\u00edcias","robots":{"index":"index","follow":"follow","max-snippet":"max-snippet:-1","max-image-preview":"max-image-preview:large","max-video-preview":"max-video-preview:-1"},"canonical":"https:\/\/mhcalculos.com.br\/noticias\/cidadania\/asid-brasil-e-ola-uma-trajetoria-de-sucesso.html","og_locale":"pt_BR","og_type":"article","og_title":"ASID Brasil e Ol\u00e1: uma trajet\u00f3ria de sucesso | Portal de Not\u00edcias","og_description":"Dentre os v\u00e1rios projetos desenvolvidos pela ASID um deles foi muito marcante: ajudar a desenvolver uma Organiza\u00e7\u00e3o da Sociedade Civil (OSC) da estaca zero. Tudo come\u00e7ou em 2015, quando C\u00e9lia, m\u00e3e de filho autista e Willyan, psic\u00f3logo de seu filho, decidiram criar a Ol\u00e1 (ONG Lar Assistido) com o objetivo de proporcionar amparo, independ\u00eancia e [&hellip;]","og_url":"https:\/\/mhcalculos.com.br\/noticias\/cidadania\/asid-brasil-e-ola-uma-trajetoria-de-sucesso.html","og_site_name":"Portal de Not\u00edcias","article_published_time":"2018-07-10T06:57:32+00:00","article_modified_time":"2021-07-28T17:34:27+00:00","og_image":[{"width":198,"height":44,"url":"https:\/\/mhcalculos.com.br\/noticias\/wp-content\/uploads\/sites\/2\/2018\/07\/logo@2x.png","type":"image\/png"}],"author":"Equipe MH","twitter_card":"summary_large_image","twitter_misc":{"Escrito por":"Equipe MH","Est. tempo de leitura":"4 minutos"},"schema":{"@context":"https:\/\/schema.org","@graph":[{"@type":"Article","@id":"https:\/\/mhcalculos.com.br\/noticias\/cidadania\/asid-brasil-e-ola-uma-trajetoria-de-sucesso.html#article","isPartOf":{"@id":"https:\/\/mhcalculos.com.br\/noticias\/cidadania\/asid-brasil-e-ola-uma-trajetoria-de-sucesso.html"},"author":{"name":"Equipe MH","@id":"https:\/\/mhcalculos.com.br\/noticias\/#\/schema\/person\/88d1c34bf72dc779ea14a5a6b8e0ae8d"},"headline":"ASID Brasil e Ol\u00e1: uma trajet\u00f3ria de sucesso","datePublished":"2018-07-10T06:57:32+00:00","dateModified":"2021-07-28T17:34:27+00:00","mainEntityOfPage":{"@id":"https:\/\/mhcalculos.com.br\/noticias\/cidadania\/asid-brasil-e-ola-uma-trajetoria-de-sucesso.html"},"wordCount":810,"commentCount":0,"image":{"@id":"https:\/\/mhcalculos.com.br\/noticias\/cidadania\/asid-brasil-e-ola-uma-trajetoria-de-sucesso.html#primaryimage"},"thumbnailUrl":"https:\/\/mhcalculos.com.br\/noticias\/wp-content\/uploads\/sites\/2\/2018\/07\/logo@2x.png","keywords":["asid","cidadania","desenvolvimento institucional","diversidade","impacto social","inclus\u00e3o","voluntariado","volunt\u00e1rio"],"articleSection":["Cidadania"],"inLanguage":"pt-BR","potentialAction":[{"@type":"CommentAction","name":"Comment","target":["https:\/\/mhcalculos.com.br\/noticias\/cidadania\/asid-brasil-e-ola-uma-trajetoria-de-sucesso.html#respond"]}]},{"@type":"WebPage","@id":"https:\/\/mhcalculos.com.br\/noticias\/cidadania\/asid-brasil-e-ola-uma-trajetoria-de-sucesso.html","url":"https:\/\/mhcalculos.com.br\/noticias\/cidadania\/asid-brasil-e-ola-uma-trajetoria-de-sucesso.html","name":"ASID Brasil e Ol\u00e1: uma trajet\u00f3ria de sucesso | Portal de Not\u00edcias","isPartOf":{"@id":"https:\/\/mhcalculos.com.br\/noticias\/#website"},"primaryImageOfPage":{"@id":"https:\/\/mhcalculos.com.br\/noticias\/cidadania\/asid-brasil-e-ola-uma-trajetoria-de-sucesso.html#primaryimage"},"image":{"@id":"https:\/\/mhcalculos.com.br\/noticias\/cidadania\/asid-brasil-e-ola-uma-trajetoria-de-sucesso.html#primaryimage"},"thumbnailUrl":"https:\/\/mhcalculos.com.br\/noticias\/wp-content\/uploads\/sites\/2\/2018\/07\/logo@2x.png","datePublished":"2018-07-10T06:57:32+00:00","dateModified":"2021-07-28T17:34:27+00:00","author":{"@id":"https:\/\/mhcalculos.com.br\/noticias\/#\/schema\/person\/88d1c34bf72dc779ea14a5a6b8e0ae8d"},"breadcrumb":{"@id":"https:\/\/mhcalculos.com.br\/noticias\/cidadania\/asid-brasil-e-ola-uma-trajetoria-de-sucesso.html#breadcrumb"},"inLanguage":"pt-BR","potentialAction":[{"@type":"ReadAction","target":["https:\/\/mhcalculos.com.br\/noticias\/cidadania\/asid-brasil-e-ola-uma-trajetoria-de-sucesso.html"]}]},{"@type":"ImageObject","inLanguage":"pt-BR","@id":"https:\/\/mhcalculos.com.br\/noticias\/cidadania\/asid-brasil-e-ola-uma-trajetoria-de-sucesso.html#primaryimage","url":"https:\/\/mhcalculos.com.br\/noticias\/wp-content\/uploads\/sites\/2\/2018\/07\/logo@2x.png","contentUrl":"https:\/\/mhcalculos.com.br\/noticias\/wp-content\/uploads\/sites\/2\/2018\/07\/logo@2x.png","width":198,"height":44},{"@type":"BreadcrumbList","@id":"https:\/\/mhcalculos.com.br\/noticias\/cidadania\/asid-brasil-e-ola-uma-trajetoria-de-sucesso.html#breadcrumb","itemListElement":[{"@type":"ListItem","position":1,"name":"In\u00edcio","item":"https:\/\/mhcalculos.com.br\/noticias\/"},{"@type":"ListItem","position":2,"name":"ASID Brasil e Ol\u00e1: uma trajet\u00f3ria de sucesso"}]},{"@type":"WebSite","@id":"https:\/\/mhcalculos.com.br\/noticias\/#website","url":"https:\/\/mhcalculos.com.br\/noticias\/","name":"Portal de Not\u00edcias","description":"Not\u00edcias e Jurisprud\u00eancia","potentialAction":[{"@type":"SearchAction","target":{"@type":"EntryPoint","urlTemplate":"https:\/\/mhcalculos.com.br\/noticias\/?s={search_term_string}"},"query-input":{"@type":"PropertyValueSpecification","valueRequired":true,"valueName":"search_term_string"}}],"inLanguage":"pt-BR"},{"@type":"Person","@id":"https:\/\/mhcalculos.com.br\/noticias\/#\/schema\/person\/88d1c34bf72dc779ea14a5a6b8e0ae8d","name":"Equipe MH","image":{"@type":"ImageObject","inLanguage":"pt-BR","@id":"https:\/\/secure.gravatar.com\/avatar\/de1c686c2ecc9c5a3f327e3431d819eb39f8f05d4e1045f5a1caad6daaba987f?s=96&d=mm&r=g","url":"https:\/\/secure.gravatar.com\/avatar\/de1c686c2ecc9c5a3f327e3431d819eb39f8f05d4e1045f5a1caad6daaba987f?s=96&d=mm&r=g","contentUrl":"https:\/\/secure.gravatar.com\/avatar\/de1c686c2ecc9c5a3f327e3431d819eb39f8f05d4e1045f5a1caad6daaba987f?s=96&d=mm&r=g","caption":"Equipe MH"}}]}},"_links":{"self":[{"href":"https:\/\/mhcalculos.com.br\/noticias\/wp-json\/wp\/v2\/posts\/2457","targetHints":{"allow":["GET"]}}],"collection":[{"href":"https:\/\/mhcalculos.com.br\/noticias\/wp-json\/wp\/v2\/posts"}],"about":[{"href":"https:\/\/mhcalculos.com.br\/noticias\/wp-json\/wp\/v2\/types\/post"}],"author":[{"embeddable":true,"href":"https:\/\/mhcalculos.com.br\/noticias\/wp-json\/wp\/v2\/users\/3063"}],"replies":[{"embeddable":true,"href":"https:\/\/mhcalculos.com.br\/noticias\/wp-json\/wp\/v2\/comments?post=2457"}],"version-history":[{"count":1,"href":"https:\/\/mhcalculos.com.br\/noticias\/wp-json\/wp\/v2\/posts\/2457\/revisions"}],"predecessor-version":[{"id":10333,"href":"https:\/\/mhcalculos.com.br\/noticias\/wp-json\/wp\/v2\/posts\/2457\/revisions\/10333"}],"wp:featuredmedia":[{"embeddable":true,"href":"https:\/\/mhcalculos.com.br\/noticias\/wp-json\/wp\/v2\/media\/2458"}],"wp:attachment":[{"href":"https:\/\/mhcalculos.com.br\/noticias\/wp-json\/wp\/v2\/media?parent=2457"}],"wp:term":[{"taxonomy":"category","embeddable":true,"href":"https:\/\/mhcalculos.com.br\/noticias\/wp-json\/wp\/v2\/categories?post=2457"},{"taxonomy":"post_tag","embeddable":true,"href":"https:\/\/mhcalculos.com.br\/noticias\/wp-json\/wp\/v2\/tags?post=2457"}],"curies":[{"name":"wp","href":"https:\/\/api.w.org\/{rel}","templated":true}]}}