{"id":2435,"date":"2018-07-05T20:08:04","date_gmt":"2018-07-05T23:08:04","guid":{"rendered":"https:\/\/mhcalculos.com.br\/noticias\/2018\/07\/05\/stf-ministro-nega-ms-que-pretendia-proibir-tramitacao-de-pec-durante-intervencao-federal\/"},"modified":"2021-07-28T14:34:28","modified_gmt":"2021-07-28T17:34:28","slug":"stf-ministro-nega-ms-que-pretendia-proibir-tramitacao-de-pec-durante-intervencao-federal","status":"publish","type":"post","link":"https:\/\/mhcalculos.com.br\/noticias\/area\/previdenciario\/stf-ministro-nega-ms-que-pretendia-proibir-tramitacao-de-pec-durante-intervencao-federal.html","title":{"rendered":"STF: Ministro nega MS que pretendia proibir tramita\u00e7\u00e3o de PEC durante interven\u00e7\u00e3o federal"},"content":{"rendered":"<p><br \/>\n<\/p>\n<p>O ministro Dias Toffoli, do Supremo Tribunal Federal, negou pedido de parlamentares que buscavam proibir a tramita\u00e7\u00e3o da reforma da Previd\u00eancia em raz\u00e3o da interven\u00e7\u00e3o federal decretada no Rio de Janeiro. Na decis\u00e3o tomada no Mandado de Seguran\u00e7a (MS) 35535, o ministro explicou que a Constitui\u00e7\u00e3o veda a aprova\u00e7\u00e3o de emenda constitucional na vig\u00eancia de interven\u00e7\u00e3o, mas n\u00e3o pro\u00edbe expressamente a tramita\u00e7\u00e3o de propostas de emenda constitucional no mesmo per\u00edodo.<\/p>\n<p>No MS 35535, o deputado federal Arnaldo Faria de S\u00e1 (PT\/SP) e o senador Paulo Paim (PT\/RS) sustentavam que, ap\u00f3s a interven\u00e7\u00e3o, representantes do Executivo e do Legislativo anunciaram a inten\u00e7\u00e3o de revoga\u00e7\u00e3o proposital do Decreto Presidencial 9.288\/2018, que estabeleceu a interven\u00e7\u00e3o. O objetivo seria propiciar a aprova\u00e7\u00e3o da Proposta de Emenda \u00e0 Constitui\u00e7\u00e3o (PEC) 287, relativa \u00e0 reforma da Previd\u00eancia.<\/p>\n<p>Para os parlamentares, essas manifesta\u00e7\u00f5es representariam burla \u00e0 proibi\u00e7\u00e3o de emendar a Constitui\u00e7\u00e3o na vig\u00eancia de interven\u00e7\u00e3o federal (artigo 60, par\u00e1grafo1&ordm;) e de colocar termo \u00e0 interven\u00e7\u00e3o federal antes dos motivos que a originaram (artigo 36, par\u00e1grafo 4&ordm;). No seu entendimento, n\u00e3o apenas a aprova\u00e7\u00e3o da emenda, mas qualquer tramita\u00e7\u00e3o (&ldquo;discuss\u00f5es, delibera\u00e7\u00f5es, vota\u00e7\u00f5es e promulga\u00e7\u00f5es&rdquo;) relacionada a projetos de emendas \u00e0 Constitui\u00e7\u00e3o estaria impedida enquanto n\u00e3o cessados os motivos que ensejaram a interven\u00e7\u00e3o federal.<\/p>\n<p>Com esses fundamentos, o deputado e o senador pediam que o STF proibisse toda e qualquer tramita\u00e7\u00e3o e realiza\u00e7\u00e3o de sess\u00f5es destinadas \u00e0 an\u00e1lise da Proposta de Emenda \u00e0 Constitui\u00e7\u00e3o (PEC) 287 e de qualquer outra proposta de emenda durante a interven\u00e7\u00e3o. Pediam ainda que a decis\u00e3o impedisse o Executivo e o Legislativo de revogar ou suspender o decreto de interven\u00e7\u00e3o enquanto perdurarem os motivos que levaram \u00e0 sua edi\u00e7\u00e3o e de reedit\u00e1-lo ap\u00f3s a tramita\u00e7\u00e3o de PECs.<\/p>\n<p><b>Decis\u00e3o<\/b><\/p>\n<p>Inicialmente, o relator rejeitou a an\u00e1lise do mandado de seguran\u00e7a na parte relacionada ao Executivo, uma vez que os parlamentares n\u00e3o t\u00eam legitimidade para questionar o decreto de interven\u00e7\u00e3o nessa via processual. Segundo Dias&nbsp;Toffoli, o pedido nesse ponto n\u00e3o tem rela\u00e7\u00e3o com o processo legislativo de edi\u00e7\u00e3o de emendas constitucionais e a decreta\u00e7\u00e3o de interven\u00e7\u00e3o federal \u00e9 mat\u00e9ria afeta \u00e0 compet\u00eancia privativa do presidente da Rep\u00fablica.<\/p>\n<p>No tocante \u00e0 tramita\u00e7\u00e3o de PECs, o ministro assinalou que, de acordo com o par\u00e1grafo 1&ordm; do artigo 61 da Constitui\u00e7\u00e3o, esta &ldquo;n\u00e3o poder\u00e1 ser emendada na vig\u00eancia de interven\u00e7\u00e3o federal, de estado de defesa ou de estado de s\u00edtio&rdquo;. O dispositivo, a seu ver, cont\u00e9m clara veda\u00e7\u00e3o \u00e0 aprova\u00e7\u00e3o de emenda, mas n\u00e3o pro\u00edbe expressamente a tramita\u00e7\u00e3o de PECs.<\/p>\n<p>Trata-se, segundo o relator, de limita\u00e7\u00e3o circunstancial ao poder de reformar a Constitui\u00e7\u00e3o diante da anormalidade das situa\u00e7\u00f5es. Tal limita\u00e7\u00e3o deve, a seu ver, se restringir ao alcance atribu\u00eddo pelo pr\u00f3prio texto constitucional. &ldquo;Nessa concep\u00e7\u00e3o, ficam suspensos &ndash; \u00e9 certo &ndash; todos os atos deliberativos do processo legislativo da emenda constitucional, mas n\u00e3o a tramita\u00e7\u00e3o das propostas de emendas&rdquo;, afirmou.<\/p>\n<p>O ministro tamb\u00e9m n\u00e3o observou nas declara\u00e7\u00f5es constantes de not\u00edcias jornal\u00edsticas risco de lesividade ao dispositivo constitucional. N\u00e3o \u00e9 poss\u00edvel, na sua avalia\u00e7\u00e3o, extrair ato concreto imput\u00e1vel a representantes do Legislativo e do Executivo que seja pass\u00edvel de aferi\u00e7\u00e3o objetiva na via do mandado de seguran\u00e7a.<\/p>\n<p><span style=\"font-size: smaller\">CF\/AD<\/span><br \/>\n&nbsp;<\/p>\n<p><i>Com informa\u00e7\u00f5es da assessoria de imprensa do STF.<\/i><br \/>\n<br \/><br \/>\n<br \/><a href=\"http:\/\/www.stf.jus.br\/portal\/cms\/verNoticiaDetalhe.asp?idConteudo=383385\">Fonte<\/a><\/p>\n","protected":false},"excerpt":{"rendered":"<p>O ministro Dias Toffoli, do Supremo Tribunal Federal, negou pedido de parlamentares que buscavam proibir a tramita\u00e7\u00e3o da reforma da Previd\u00eancia em raz\u00e3o da interven\u00e7\u00e3o federal decretada no Rio de Janeiro. Na decis\u00e3o tomada no Mandado de Seguran\u00e7a (MS) 35535, o ministro explicou que a Constitui\u00e7\u00e3o veda a aprova\u00e7\u00e3o de emenda constitucional na vig\u00eancia de [&hellip;]<\/p>\n","protected":false},"author":3063,"featured_media":2436,"comment_status":"open","ping_status":"open","sticky":false,"template":"","format":"standard","meta":{"footnotes":""},"categories":[5,15],"tags":[11,10,8,13,9,12,16],"class_list":{"0":"post-2435","1":"post","2":"type-post","3":"status-publish","4":"format-standard","5":"has-post-thumbnail","7":"category-previdenciario","8":"category-stf","9":"tag-aposentadoria","10":"tag-calculos-previdenciarios","11":"tag-direito-previdenciario","12":"tag-inss","13":"tag-pericia","14":"tag-perito","15":"tag-stf"},"yoast_head":"<!-- This site is optimized with the Yoast SEO plugin v27.2 - https:\/\/yoast.com\/product\/yoast-seo-wordpress\/ -->\n<title>STF: Ministro nega MS que pretendia proibir tramita\u00e7\u00e3o de PEC durante interven\u00e7\u00e3o federal | Portal de Not\u00edcias<\/title>\n<meta name=\"robots\" content=\"index, follow, max-snippet:-1, max-image-preview:large, max-video-preview:-1\" \/>\n<link rel=\"canonical\" href=\"https:\/\/mhcalculos.com.br\/noticias\/area\/previdenciario\/stf-ministro-nega-ms-que-pretendia-proibir-tramitacao-de-pec-durante-intervencao-federal.html\" \/>\n<meta property=\"og:locale\" content=\"pt_BR\" \/>\n<meta property=\"og:type\" content=\"article\" \/>\n<meta property=\"og:title\" content=\"STF: Ministro nega MS que pretendia proibir tramita\u00e7\u00e3o de PEC durante interven\u00e7\u00e3o federal | Portal de Not\u00edcias\" \/>\n<meta property=\"og:description\" content=\"O ministro Dias Toffoli, do Supremo Tribunal Federal, negou pedido de parlamentares que buscavam proibir a tramita\u00e7\u00e3o da reforma da Previd\u00eancia em raz\u00e3o da interven\u00e7\u00e3o federal decretada no Rio de Janeiro. Na decis\u00e3o tomada no Mandado de Seguran\u00e7a (MS) 35535, o ministro explicou que a Constitui\u00e7\u00e3o veda a aprova\u00e7\u00e3o de emenda constitucional na vig\u00eancia de [&hellip;]\" \/>\n<meta property=\"og:url\" content=\"https:\/\/mhcalculos.com.br\/noticias\/area\/previdenciario\/stf-ministro-nega-ms-que-pretendia-proibir-tramitacao-de-pec-durante-intervencao-federal.html\" \/>\n<meta property=\"og:site_name\" content=\"Portal de Not\u00edcias\" \/>\n<meta property=\"article:published_time\" content=\"2018-07-05T23:08:04+00:00\" \/>\n<meta property=\"article:modified_time\" content=\"2021-07-28T17:34:28+00:00\" \/>\n<meta property=\"og:image\" content=\"https:\/\/mhcalculos.com.br\/noticias\/wp-content\/uploads\/sites\/2\/2018\/07\/previdenciario-0047.jpg\" \/>\n\t<meta property=\"og:image:width\" content=\"2000\" \/>\n\t<meta property=\"og:image:height\" content=\"800\" \/>\n\t<meta property=\"og:image:type\" content=\"image\/jpeg\" \/>\n<meta name=\"author\" content=\"Equipe MH\" \/>\n<meta name=\"twitter:card\" content=\"summary_large_image\" \/>\n<meta name=\"twitter:label1\" content=\"Escrito por\" \/>\n\t<meta name=\"twitter:data1\" content=\"Equipe MH\" \/>\n\t<meta name=\"twitter:label2\" content=\"Est. tempo de leitura\" \/>\n\t<meta name=\"twitter:data2\" content=\"3 minutos\" \/>\n<script type=\"application\/ld+json\" class=\"yoast-schema-graph\">{\"@context\":\"https:\/\/schema.org\",\"@graph\":[{\"@type\":\"Article\",\"@id\":\"https:\/\/mhcalculos.com.br\/noticias\/area\/previdenciario\/stf-ministro-nega-ms-que-pretendia-proibir-tramitacao-de-pec-durante-intervencao-federal.html#article\",\"isPartOf\":{\"@id\":\"https:\/\/mhcalculos.com.br\/noticias\/area\/previdenciario\/stf-ministro-nega-ms-que-pretendia-proibir-tramitacao-de-pec-durante-intervencao-federal.html\"},\"author\":{\"name\":\"Equipe MH\",\"@id\":\"https:\/\/mhcalculos.com.br\/noticias\/#\/schema\/person\/88d1c34bf72dc779ea14a5a6b8e0ae8d\"},\"headline\":\"STF: Ministro nega MS que pretendia proibir tramita\u00e7\u00e3o de PEC durante interven\u00e7\u00e3o federal\",\"datePublished\":\"2018-07-05T23:08:04+00:00\",\"dateModified\":\"2021-07-28T17:34:28+00:00\",\"mainEntityOfPage\":{\"@id\":\"https:\/\/mhcalculos.com.br\/noticias\/area\/previdenciario\/stf-ministro-nega-ms-que-pretendia-proibir-tramitacao-de-pec-durante-intervencao-federal.html\"},\"wordCount\":635,\"commentCount\":0,\"image\":{\"@id\":\"https:\/\/mhcalculos.com.br\/noticias\/area\/previdenciario\/stf-ministro-nega-ms-que-pretendia-proibir-tramitacao-de-pec-durante-intervencao-federal.html#primaryimage\"},\"thumbnailUrl\":\"https:\/\/mhcalculos.com.br\/noticias\/wp-content\/uploads\/sites\/2\/2018\/07\/previdenciario-0047.jpg\",\"keywords\":[\"aposentadoria\",\"c\u00e1lculos previdenci\u00e1rios\",\"direito previdenci\u00e1rio\",\"inss\",\"per\u00edcia\",\"perito\",\"stf\"],\"articleSection\":[\"Direito Previdenci\u00e1rio\",\"STF\"],\"inLanguage\":\"pt-BR\",\"potentialAction\":[{\"@type\":\"CommentAction\",\"name\":\"Comment\",\"target\":[\"https:\/\/mhcalculos.com.br\/noticias\/area\/previdenciario\/stf-ministro-nega-ms-que-pretendia-proibir-tramitacao-de-pec-durante-intervencao-federal.html#respond\"]}]},{\"@type\":\"WebPage\",\"@id\":\"https:\/\/mhcalculos.com.br\/noticias\/area\/previdenciario\/stf-ministro-nega-ms-que-pretendia-proibir-tramitacao-de-pec-durante-intervencao-federal.html\",\"url\":\"https:\/\/mhcalculos.com.br\/noticias\/area\/previdenciario\/stf-ministro-nega-ms-que-pretendia-proibir-tramitacao-de-pec-durante-intervencao-federal.html\",\"name\":\"STF: Ministro nega MS que pretendia proibir tramita\u00e7\u00e3o de PEC durante interven\u00e7\u00e3o federal | Portal de Not\u00edcias\",\"isPartOf\":{\"@id\":\"https:\/\/mhcalculos.com.br\/noticias\/#website\"},\"primaryImageOfPage\":{\"@id\":\"https:\/\/mhcalculos.com.br\/noticias\/area\/previdenciario\/stf-ministro-nega-ms-que-pretendia-proibir-tramitacao-de-pec-durante-intervencao-federal.html#primaryimage\"},\"image\":{\"@id\":\"https:\/\/mhcalculos.com.br\/noticias\/area\/previdenciario\/stf-ministro-nega-ms-que-pretendia-proibir-tramitacao-de-pec-durante-intervencao-federal.html#primaryimage\"},\"thumbnailUrl\":\"https:\/\/mhcalculos.com.br\/noticias\/wp-content\/uploads\/sites\/2\/2018\/07\/previdenciario-0047.jpg\",\"datePublished\":\"2018-07-05T23:08:04+00:00\",\"dateModified\":\"2021-07-28T17:34:28+00:00\",\"author\":{\"@id\":\"https:\/\/mhcalculos.com.br\/noticias\/#\/schema\/person\/88d1c34bf72dc779ea14a5a6b8e0ae8d\"},\"breadcrumb\":{\"@id\":\"https:\/\/mhcalculos.com.br\/noticias\/area\/previdenciario\/stf-ministro-nega-ms-que-pretendia-proibir-tramitacao-de-pec-durante-intervencao-federal.html#breadcrumb\"},\"inLanguage\":\"pt-BR\",\"potentialAction\":[{\"@type\":\"ReadAction\",\"target\":[\"https:\/\/mhcalculos.com.br\/noticias\/area\/previdenciario\/stf-ministro-nega-ms-que-pretendia-proibir-tramitacao-de-pec-durante-intervencao-federal.html\"]}]},{\"@type\":\"ImageObject\",\"inLanguage\":\"pt-BR\",\"@id\":\"https:\/\/mhcalculos.com.br\/noticias\/area\/previdenciario\/stf-ministro-nega-ms-que-pretendia-proibir-tramitacao-de-pec-durante-intervencao-federal.html#primaryimage\",\"url\":\"https:\/\/mhcalculos.com.br\/noticias\/wp-content\/uploads\/sites\/2\/2018\/07\/previdenciario-0047.jpg\",\"contentUrl\":\"https:\/\/mhcalculos.com.br\/noticias\/wp-content\/uploads\/sites\/2\/2018\/07\/previdenciario-0047.jpg\",\"width\":2000,\"height\":800},{\"@type\":\"BreadcrumbList\",\"@id\":\"https:\/\/mhcalculos.com.br\/noticias\/area\/previdenciario\/stf-ministro-nega-ms-que-pretendia-proibir-tramitacao-de-pec-durante-intervencao-federal.html#breadcrumb\",\"itemListElement\":[{\"@type\":\"ListItem\",\"position\":1,\"name\":\"In\u00edcio\",\"item\":\"https:\/\/mhcalculos.com.br\/noticias\/\"},{\"@type\":\"ListItem\",\"position\":2,\"name\":\"STF: Ministro nega MS que pretendia proibir tramita\u00e7\u00e3o de PEC durante interven\u00e7\u00e3o federal\"}]},{\"@type\":\"WebSite\",\"@id\":\"https:\/\/mhcalculos.com.br\/noticias\/#website\",\"url\":\"https:\/\/mhcalculos.com.br\/noticias\/\",\"name\":\"Portal de Not\u00edcias\",\"description\":\"Not\u00edcias e Jurisprud\u00eancia\",\"potentialAction\":[{\"@type\":\"SearchAction\",\"target\":{\"@type\":\"EntryPoint\",\"urlTemplate\":\"https:\/\/mhcalculos.com.br\/noticias\/?s={search_term_string}\"},\"query-input\":{\"@type\":\"PropertyValueSpecification\",\"valueRequired\":true,\"valueName\":\"search_term_string\"}}],\"inLanguage\":\"pt-BR\"},{\"@type\":\"Person\",\"@id\":\"https:\/\/mhcalculos.com.br\/noticias\/#\/schema\/person\/88d1c34bf72dc779ea14a5a6b8e0ae8d\",\"name\":\"Equipe MH\",\"image\":{\"@type\":\"ImageObject\",\"inLanguage\":\"pt-BR\",\"@id\":\"https:\/\/secure.gravatar.com\/avatar\/de1c686c2ecc9c5a3f327e3431d819eb39f8f05d4e1045f5a1caad6daaba987f?s=96&d=mm&r=g\",\"url\":\"https:\/\/secure.gravatar.com\/avatar\/de1c686c2ecc9c5a3f327e3431d819eb39f8f05d4e1045f5a1caad6daaba987f?s=96&d=mm&r=g\",\"contentUrl\":\"https:\/\/secure.gravatar.com\/avatar\/de1c686c2ecc9c5a3f327e3431d819eb39f8f05d4e1045f5a1caad6daaba987f?s=96&d=mm&r=g\",\"caption\":\"Equipe MH\"}}]}<\/script>\n<!-- \/ Yoast SEO plugin. -->","yoast_head_json":{"title":"STF: Ministro nega MS que pretendia proibir tramita\u00e7\u00e3o de PEC durante interven\u00e7\u00e3o federal | Portal de Not\u00edcias","robots":{"index":"index","follow":"follow","max-snippet":"max-snippet:-1","max-image-preview":"max-image-preview:large","max-video-preview":"max-video-preview:-1"},"canonical":"https:\/\/mhcalculos.com.br\/noticias\/area\/previdenciario\/stf-ministro-nega-ms-que-pretendia-proibir-tramitacao-de-pec-durante-intervencao-federal.html","og_locale":"pt_BR","og_type":"article","og_title":"STF: Ministro nega MS que pretendia proibir tramita\u00e7\u00e3o de PEC durante interven\u00e7\u00e3o federal | Portal de Not\u00edcias","og_description":"O ministro Dias Toffoli, do Supremo Tribunal Federal, negou pedido de parlamentares que buscavam proibir a tramita\u00e7\u00e3o da reforma da Previd\u00eancia em raz\u00e3o da interven\u00e7\u00e3o federal decretada no Rio de Janeiro. Na decis\u00e3o tomada no Mandado de Seguran\u00e7a (MS) 35535, o ministro explicou que a Constitui\u00e7\u00e3o veda a aprova\u00e7\u00e3o de emenda constitucional na vig\u00eancia de [&hellip;]","og_url":"https:\/\/mhcalculos.com.br\/noticias\/area\/previdenciario\/stf-ministro-nega-ms-que-pretendia-proibir-tramitacao-de-pec-durante-intervencao-federal.html","og_site_name":"Portal de Not\u00edcias","article_published_time":"2018-07-05T23:08:04+00:00","article_modified_time":"2021-07-28T17:34:28+00:00","og_image":[{"width":2000,"height":800,"url":"https:\/\/mhcalculos.com.br\/noticias\/wp-content\/uploads\/sites\/2\/2018\/07\/previdenciario-0047.jpg","type":"image\/jpeg"}],"author":"Equipe MH","twitter_card":"summary_large_image","twitter_misc":{"Escrito por":"Equipe MH","Est. tempo de leitura":"3 minutos"},"schema":{"@context":"https:\/\/schema.org","@graph":[{"@type":"Article","@id":"https:\/\/mhcalculos.com.br\/noticias\/area\/previdenciario\/stf-ministro-nega-ms-que-pretendia-proibir-tramitacao-de-pec-durante-intervencao-federal.html#article","isPartOf":{"@id":"https:\/\/mhcalculos.com.br\/noticias\/area\/previdenciario\/stf-ministro-nega-ms-que-pretendia-proibir-tramitacao-de-pec-durante-intervencao-federal.html"},"author":{"name":"Equipe MH","@id":"https:\/\/mhcalculos.com.br\/noticias\/#\/schema\/person\/88d1c34bf72dc779ea14a5a6b8e0ae8d"},"headline":"STF: Ministro nega MS que pretendia proibir tramita\u00e7\u00e3o de PEC durante interven\u00e7\u00e3o federal","datePublished":"2018-07-05T23:08:04+00:00","dateModified":"2021-07-28T17:34:28+00:00","mainEntityOfPage":{"@id":"https:\/\/mhcalculos.com.br\/noticias\/area\/previdenciario\/stf-ministro-nega-ms-que-pretendia-proibir-tramitacao-de-pec-durante-intervencao-federal.html"},"wordCount":635,"commentCount":0,"image":{"@id":"https:\/\/mhcalculos.com.br\/noticias\/area\/previdenciario\/stf-ministro-nega-ms-que-pretendia-proibir-tramitacao-de-pec-durante-intervencao-federal.html#primaryimage"},"thumbnailUrl":"https:\/\/mhcalculos.com.br\/noticias\/wp-content\/uploads\/sites\/2\/2018\/07\/previdenciario-0047.jpg","keywords":["aposentadoria","c\u00e1lculos previdenci\u00e1rios","direito previdenci\u00e1rio","inss","per\u00edcia","perito","stf"],"articleSection":["Direito Previdenci\u00e1rio","STF"],"inLanguage":"pt-BR","potentialAction":[{"@type":"CommentAction","name":"Comment","target":["https:\/\/mhcalculos.com.br\/noticias\/area\/previdenciario\/stf-ministro-nega-ms-que-pretendia-proibir-tramitacao-de-pec-durante-intervencao-federal.html#respond"]}]},{"@type":"WebPage","@id":"https:\/\/mhcalculos.com.br\/noticias\/area\/previdenciario\/stf-ministro-nega-ms-que-pretendia-proibir-tramitacao-de-pec-durante-intervencao-federal.html","url":"https:\/\/mhcalculos.com.br\/noticias\/area\/previdenciario\/stf-ministro-nega-ms-que-pretendia-proibir-tramitacao-de-pec-durante-intervencao-federal.html","name":"STF: Ministro nega MS que pretendia proibir tramita\u00e7\u00e3o de PEC durante interven\u00e7\u00e3o federal | Portal de Not\u00edcias","isPartOf":{"@id":"https:\/\/mhcalculos.com.br\/noticias\/#website"},"primaryImageOfPage":{"@id":"https:\/\/mhcalculos.com.br\/noticias\/area\/previdenciario\/stf-ministro-nega-ms-que-pretendia-proibir-tramitacao-de-pec-durante-intervencao-federal.html#primaryimage"},"image":{"@id":"https:\/\/mhcalculos.com.br\/noticias\/area\/previdenciario\/stf-ministro-nega-ms-que-pretendia-proibir-tramitacao-de-pec-durante-intervencao-federal.html#primaryimage"},"thumbnailUrl":"https:\/\/mhcalculos.com.br\/noticias\/wp-content\/uploads\/sites\/2\/2018\/07\/previdenciario-0047.jpg","datePublished":"2018-07-05T23:08:04+00:00","dateModified":"2021-07-28T17:34:28+00:00","author":{"@id":"https:\/\/mhcalculos.com.br\/noticias\/#\/schema\/person\/88d1c34bf72dc779ea14a5a6b8e0ae8d"},"breadcrumb":{"@id":"https:\/\/mhcalculos.com.br\/noticias\/area\/previdenciario\/stf-ministro-nega-ms-que-pretendia-proibir-tramitacao-de-pec-durante-intervencao-federal.html#breadcrumb"},"inLanguage":"pt-BR","potentialAction":[{"@type":"ReadAction","target":["https:\/\/mhcalculos.com.br\/noticias\/area\/previdenciario\/stf-ministro-nega-ms-que-pretendia-proibir-tramitacao-de-pec-durante-intervencao-federal.html"]}]},{"@type":"ImageObject","inLanguage":"pt-BR","@id":"https:\/\/mhcalculos.com.br\/noticias\/area\/previdenciario\/stf-ministro-nega-ms-que-pretendia-proibir-tramitacao-de-pec-durante-intervencao-federal.html#primaryimage","url":"https:\/\/mhcalculos.com.br\/noticias\/wp-content\/uploads\/sites\/2\/2018\/07\/previdenciario-0047.jpg","contentUrl":"https:\/\/mhcalculos.com.br\/noticias\/wp-content\/uploads\/sites\/2\/2018\/07\/previdenciario-0047.jpg","width":2000,"height":800},{"@type":"BreadcrumbList","@id":"https:\/\/mhcalculos.com.br\/noticias\/area\/previdenciario\/stf-ministro-nega-ms-que-pretendia-proibir-tramitacao-de-pec-durante-intervencao-federal.html#breadcrumb","itemListElement":[{"@type":"ListItem","position":1,"name":"In\u00edcio","item":"https:\/\/mhcalculos.com.br\/noticias\/"},{"@type":"ListItem","position":2,"name":"STF: Ministro nega MS que pretendia proibir tramita\u00e7\u00e3o de PEC durante interven\u00e7\u00e3o federal"}]},{"@type":"WebSite","@id":"https:\/\/mhcalculos.com.br\/noticias\/#website","url":"https:\/\/mhcalculos.com.br\/noticias\/","name":"Portal de Not\u00edcias","description":"Not\u00edcias e Jurisprud\u00eancia","potentialAction":[{"@type":"SearchAction","target":{"@type":"EntryPoint","urlTemplate":"https:\/\/mhcalculos.com.br\/noticias\/?s={search_term_string}"},"query-input":{"@type":"PropertyValueSpecification","valueRequired":true,"valueName":"search_term_string"}}],"inLanguage":"pt-BR"},{"@type":"Person","@id":"https:\/\/mhcalculos.com.br\/noticias\/#\/schema\/person\/88d1c34bf72dc779ea14a5a6b8e0ae8d","name":"Equipe MH","image":{"@type":"ImageObject","inLanguage":"pt-BR","@id":"https:\/\/secure.gravatar.com\/avatar\/de1c686c2ecc9c5a3f327e3431d819eb39f8f05d4e1045f5a1caad6daaba987f?s=96&d=mm&r=g","url":"https:\/\/secure.gravatar.com\/avatar\/de1c686c2ecc9c5a3f327e3431d819eb39f8f05d4e1045f5a1caad6daaba987f?s=96&d=mm&r=g","contentUrl":"https:\/\/secure.gravatar.com\/avatar\/de1c686c2ecc9c5a3f327e3431d819eb39f8f05d4e1045f5a1caad6daaba987f?s=96&d=mm&r=g","caption":"Equipe MH"}}]}},"_links":{"self":[{"href":"https:\/\/mhcalculos.com.br\/noticias\/wp-json\/wp\/v2\/posts\/2435","targetHints":{"allow":["GET"]}}],"collection":[{"href":"https:\/\/mhcalculos.com.br\/noticias\/wp-json\/wp\/v2\/posts"}],"about":[{"href":"https:\/\/mhcalculos.com.br\/noticias\/wp-json\/wp\/v2\/types\/post"}],"author":[{"embeddable":true,"href":"https:\/\/mhcalculos.com.br\/noticias\/wp-json\/wp\/v2\/users\/3063"}],"replies":[{"embeddable":true,"href":"https:\/\/mhcalculos.com.br\/noticias\/wp-json\/wp\/v2\/comments?post=2435"}],"version-history":[{"count":1,"href":"https:\/\/mhcalculos.com.br\/noticias\/wp-json\/wp\/v2\/posts\/2435\/revisions"}],"predecessor-version":[{"id":10339,"href":"https:\/\/mhcalculos.com.br\/noticias\/wp-json\/wp\/v2\/posts\/2435\/revisions\/10339"}],"wp:featuredmedia":[{"embeddable":true,"href":"https:\/\/mhcalculos.com.br\/noticias\/wp-json\/wp\/v2\/media\/2436"}],"wp:attachment":[{"href":"https:\/\/mhcalculos.com.br\/noticias\/wp-json\/wp\/v2\/media?parent=2435"}],"wp:term":[{"taxonomy":"category","embeddable":true,"href":"https:\/\/mhcalculos.com.br\/noticias\/wp-json\/wp\/v2\/categories?post=2435"},{"taxonomy":"post_tag","embeddable":true,"href":"https:\/\/mhcalculos.com.br\/noticias\/wp-json\/wp\/v2\/tags?post=2435"}],"curies":[{"name":"wp","href":"https:\/\/api.w.org\/{rel}","templated":true}]}}