{"id":2396,"date":"2018-07-02T15:49:48","date_gmt":"2018-07-02T18:49:48","guid":{"rendered":"https:\/\/mhcalculos.com.br\/noticias\/2018\/07\/02\/stf-presidente-do-stf-nega-pedido-para-suspender-liminar-que-impediu-cobranca-de-novos-valores-de-iptu-em-palmas\/"},"modified":"2021-07-28T14:34:29","modified_gmt":"2021-07-28T17:34:29","slug":"stf-presidente-do-stf-nega-pedido-para-suspender-liminar-que-impediu-cobranca-de-novos-valores-de-iptu-em-palmas","status":"publish","type":"post","link":"https:\/\/mhcalculos.com.br\/noticias\/area\/tributario\/stf-presidente-do-stf-nega-pedido-para-suspender-liminar-que-impediu-cobranca-de-novos-valores-de-iptu-em-palmas.html","title":{"rendered":"STF: Presidente do STF nega pedido para suspender liminar que impediu cobran\u00e7a de novos valores de IPTU em Palmas"},"content":{"rendered":"\n<p>A presidente do Supremo Tribunal Federal (STF), ministra C\u00e1rmen L\u00facia, negou pedido da Prefeitura de Palmas (TO) para suspender os efeitos de medida liminar deferida pelo Tribunal de Justi\u00e7a do Tocantins (TJ-TO) que impediu a atualiza\u00e7\u00e3o da Planta Gen\u00e9rica de Valores (PGV) de im\u00f3veis da cidade e a reestrutura\u00e7\u00e3o do sistema de c\u00e1lculo do Imposto sobre a Propriedade Predial e Territorial Urbana (IPTU) para o ano de 2018. Segundo a ministra, n\u00e3o ficou demonstrado no caso que a manuten\u00e7\u00e3o da decis\u00e3o questionada importaria risco \u00e0 ordem e \u00e0 economia p\u00fablicas do munic\u00edpio.<\/p>\n<p>No pedido de Suspens\u00e3o de Liminar (SL) 1160 feito ao STF, a Prefeitura de Palmas argumentou que os valores venais estabelecidos na Lei municipal 2.294\/2017 foram elaborados pelo Poder Executivo ap\u00f3s constituir comiss\u00e3o integrada por representantes de sindicatos, do poder p\u00fablico, de conselhos profissionais, do setor universit\u00e1rio, entre outras entidades, que atestou a razoabilidade do imposto cobrado, e foram confirmados pela C\u00e2mara Municipal.<\/p>\n<p>Ao suspender a cobran\u00e7a, por meio de liminar concedida em a\u00e7\u00e3o direta de inconstitucionalidade ajuizada pelo Partido da Rep\u00fablica (PR), o TJ-TO ressaltou que a atualiza\u00e7\u00e3o da Planta Gen\u00e9rica de Valores deve ocorrer com base em estudo cient\u00edfico e t\u00e9cnico que d\u00ea seguran\u00e7a jur\u00eddica aos mun\u00edcipes, assegure o direito \u00e0 estabilidade das rela\u00e7\u00f5es, com a\u00a0 certeza que estas n\u00e3o ser\u00e3o alteradas no cumprimento de suas obriga\u00e7\u00f5es tribut\u00e1rias. O TJ-TO determinou que fosse aplicada a sistem\u00e1tica tribut\u00e1ria para o IPTU vigente em 2017, corrigida pelo \u00edndice da infla\u00e7\u00e3o oficial (cerca de 4%).<\/p>\n<p>Segundo a Prefeitura, essa \u201cdr\u00e1stica interven\u00e7\u00e3o do Poder Judici\u00e1rio\u201d no or\u00e7amento p\u00fablico municipal impede a execu\u00e7\u00e3o de pol\u00edticas p\u00fablicas baseadas em incentivos fiscais dependentes do aumento estimado na arrecada\u00e7\u00e3o do IPTU, al\u00e9m de afetar a presta\u00e7\u00e3o de servi\u00e7os essenciais \u00e0 popula\u00e7\u00e3o. Lembrou ainda das dificuldades financeiras enfrentadas pelo munic\u00edpio, destacando que a arrecada\u00e7\u00e3o de IPTU no exerc\u00edcio financeiro de 2018 ser\u00e1 inferior ao valor estimado, totalizando R$ 48.541.395,00.<\/p>\n<p><b>Decis\u00e3o<br \/>\n<\/b><br \/>\nA ministra C\u00e1rmen L\u00facia explicou que a perda de arrecada\u00e7\u00e3o \u00e9 inerente ao quadro de crise econ\u00f4mica vivida pelo pais e que tal fato tem reflexos sobre todos os entes federados. No caso do autos, de acordo com ela, n\u00e3o se constata que o Munic\u00edpio de Palmas tenha implementado medidas de ajuste fiscal com a\u00e7\u00f5es de diminui\u00e7\u00e3o de despesas na administra\u00e7\u00e3o p\u00fablica municipal, direta e indireta, para mitigar o impacto or\u00e7ament\u00e1rio pela perda da arrecada\u00e7\u00e3o projetada com o aumento do IPTU.<\/p>\n<p>A presidente do STF tamb\u00e9m afastou a urg\u00eancia na suspens\u00e3o da decis\u00e3o atacada, uma vez que o pedido foi apresentado ao STF pouco antes da data de vencimento da terceira parcela de pagamento do IPTU. &#8220;O deferimento pleiteado mitigaria a previsibilidade desejada no pagamento de tributos, aumentando a sensa\u00e7\u00e3o de inseguran\u00e7a do contribuinte pela mudan\u00e7a nos crit\u00e9rios de cobran\u00e7a quando j\u00e1 ultrapassada mais da metade do calend\u00e1rio de pagamento do tributo&#8221;, afirmou.<\/p>\n<p>Ainda segundo a ministra, a liminar questionada determina que a cobran\u00e7a do imposto observe os valores de 2017, devidamente corrigidos pelo \u00edndice de infla\u00e7\u00e3o oficial. Essa circunst\u00e2ncia, de acordo com C\u00e1rmen L\u00facia, mesmo que n\u00e3o seja satisfat\u00f3ria na recomposi\u00e7\u00e3o da frustra\u00e7\u00e3o or\u00e7ament\u00e1ria, diminui o preju\u00edzo decorrente da suspens\u00e3o da sistem\u00e1tica implementada pela lei municipal. Para a ministra, portanto, o quadro apresentado nos autos n\u00e3o configura situa\u00e7\u00e3o de grave les\u00e3o que autorizaria a ado\u00e7\u00e3o da medida excepcional pleiteada pelo munic\u00edpio.<\/p>\n<p><span style=\"font-size: smaller;\">VP\/AD<\/span><\/p>\n<p><i>Com informa\u00e7\u00f5es da assessoria de imprensa do STF.<\/i><\/p>\n<p><a href=\"http:\/\/www.stf.jus.br\/portal\/cms\/verNoticiaDetalhe.asp?idConteudo=382957\">Fonte<\/a><\/p>\n\n","protected":false},"excerpt":{"rendered":"<p>A presidente do Supremo Tribunal Federal (STF), ministra C\u00e1rmen L\u00facia, negou pedido da Prefeitura de Palmas (TO) para suspender os efeitos de medida liminar deferida pelo Tribunal de Justi\u00e7a do Tocantins (TJ-TO) que impediu a atualiza\u00e7\u00e3o da Planta Gen\u00e9rica de Valores (PGV) de im\u00f3veis da cidade e a reestrutura\u00e7\u00e3o do sistema de c\u00e1lculo do Imposto [&hellip;]<\/p>\n","protected":false},"author":3063,"featured_media":2407,"comment_status":"open","ping_status":"open","sticky":false,"template":"","format":"standard","meta":{"footnotes":""},"categories":[18,15],"tags":[],"class_list":{"0":"post-2396","1":"post","2":"type-post","3":"status-publish","4":"format-standard","5":"has-post-thumbnail","7":"category-tributario","8":"category-stf"},"yoast_head":"<!-- This site is optimized with the Yoast SEO plugin v27.2 - https:\/\/yoast.com\/product\/yoast-seo-wordpress\/ -->\n<title>STF: Presidente do STF nega pedido para suspender liminar que impediu cobran\u00e7a de novos valores de IPTU em Palmas | Portal de Not\u00edcias<\/title>\n<meta name=\"robots\" content=\"index, follow, max-snippet:-1, max-image-preview:large, max-video-preview:-1\" \/>\n<link rel=\"canonical\" href=\"https:\/\/mhcalculos.com.br\/noticias\/area\/tributario\/stf-presidente-do-stf-nega-pedido-para-suspender-liminar-que-impediu-cobranca-de-novos-valores-de-iptu-em-palmas.html\" \/>\n<meta property=\"og:locale\" content=\"pt_BR\" \/>\n<meta property=\"og:type\" content=\"article\" \/>\n<meta property=\"og:title\" content=\"STF: Presidente do STF nega pedido para suspender liminar que impediu cobran\u00e7a de novos valores de IPTU em Palmas | Portal de Not\u00edcias\" \/>\n<meta property=\"og:description\" content=\"A presidente do Supremo Tribunal Federal (STF), ministra C\u00e1rmen L\u00facia, negou pedido da Prefeitura de Palmas (TO) para suspender os efeitos de medida liminar deferida pelo Tribunal de Justi\u00e7a do Tocantins (TJ-TO) que impediu a atualiza\u00e7\u00e3o da Planta Gen\u00e9rica de Valores (PGV) de im\u00f3veis da cidade e a reestrutura\u00e7\u00e3o do sistema de c\u00e1lculo do Imposto [&hellip;]\" \/>\n<meta property=\"og:url\" content=\"https:\/\/mhcalculos.com.br\/noticias\/area\/tributario\/stf-presidente-do-stf-nega-pedido-para-suspender-liminar-que-impediu-cobranca-de-novos-valores-de-iptu-em-palmas.html\" \/>\n<meta property=\"og:site_name\" content=\"Portal de Not\u00edcias\" \/>\n<meta property=\"article:published_time\" content=\"2018-07-02T18:49:48+00:00\" \/>\n<meta property=\"article:modified_time\" content=\"2021-07-28T17:34:29+00:00\" \/>\n<meta property=\"og:image\" content=\"https:\/\/mhcalculos.com.br\/noticias\/wp-content\/uploads\/sites\/2\/2018\/07\/Dropbox_tributario-0016.jpg\" \/>\n\t<meta property=\"og:image:width\" content=\"2000\" \/>\n\t<meta property=\"og:image:height\" content=\"800\" \/>\n\t<meta property=\"og:image:type\" content=\"image\/jpeg\" \/>\n<meta name=\"author\" content=\"Equipe MH\" \/>\n<meta name=\"twitter:card\" content=\"summary_large_image\" \/>\n<meta name=\"twitter:label1\" content=\"Escrito por\" \/>\n\t<meta name=\"twitter:data1\" content=\"Equipe MH\" \/>\n\t<meta name=\"twitter:label2\" content=\"Est. tempo de leitura\" \/>\n\t<meta name=\"twitter:data2\" content=\"3 minutos\" \/>\n<script type=\"application\/ld+json\" class=\"yoast-schema-graph\">{\"@context\":\"https:\/\/schema.org\",\"@graph\":[{\"@type\":\"Article\",\"@id\":\"https:\/\/mhcalculos.com.br\/noticias\/area\/tributario\/stf-presidente-do-stf-nega-pedido-para-suspender-liminar-que-impediu-cobranca-de-novos-valores-de-iptu-em-palmas.html#article\",\"isPartOf\":{\"@id\":\"https:\/\/mhcalculos.com.br\/noticias\/area\/tributario\/stf-presidente-do-stf-nega-pedido-para-suspender-liminar-que-impediu-cobranca-de-novos-valores-de-iptu-em-palmas.html\"},\"author\":{\"name\":\"Equipe MH\",\"@id\":\"https:\/\/mhcalculos.com.br\/noticias\/#\/schema\/person\/88d1c34bf72dc779ea14a5a6b8e0ae8d\"},\"headline\":\"STF: Presidente do STF nega pedido para suspender liminar que impediu cobran\u00e7a de novos valores de IPTU em Palmas\",\"datePublished\":\"2018-07-02T18:49:48+00:00\",\"dateModified\":\"2021-07-28T17:34:29+00:00\",\"mainEntityOfPage\":{\"@id\":\"https:\/\/mhcalculos.com.br\/noticias\/area\/tributario\/stf-presidente-do-stf-nega-pedido-para-suspender-liminar-que-impediu-cobranca-de-novos-valores-de-iptu-em-palmas.html\"},\"wordCount\":664,\"commentCount\":0,\"image\":{\"@id\":\"https:\/\/mhcalculos.com.br\/noticias\/area\/tributario\/stf-presidente-do-stf-nega-pedido-para-suspender-liminar-que-impediu-cobranca-de-novos-valores-de-iptu-em-palmas.html#primaryimage\"},\"thumbnailUrl\":\"https:\/\/mhcalculos.com.br\/noticias\/wp-content\/uploads\/sites\/2\/2018\/07\/Dropbox_tributario-0016.jpg\",\"articleSection\":[\"Direito Tribut\u00e1rio\",\"STF\"],\"inLanguage\":\"pt-BR\",\"potentialAction\":[{\"@type\":\"CommentAction\",\"name\":\"Comment\",\"target\":[\"https:\/\/mhcalculos.com.br\/noticias\/area\/tributario\/stf-presidente-do-stf-nega-pedido-para-suspender-liminar-que-impediu-cobranca-de-novos-valores-de-iptu-em-palmas.html#respond\"]}]},{\"@type\":\"WebPage\",\"@id\":\"https:\/\/mhcalculos.com.br\/noticias\/area\/tributario\/stf-presidente-do-stf-nega-pedido-para-suspender-liminar-que-impediu-cobranca-de-novos-valores-de-iptu-em-palmas.html\",\"url\":\"https:\/\/mhcalculos.com.br\/noticias\/area\/tributario\/stf-presidente-do-stf-nega-pedido-para-suspender-liminar-que-impediu-cobranca-de-novos-valores-de-iptu-em-palmas.html\",\"name\":\"STF: Presidente do STF nega pedido para suspender liminar que impediu cobran\u00e7a de novos valores de IPTU em Palmas | Portal de Not\u00edcias\",\"isPartOf\":{\"@id\":\"https:\/\/mhcalculos.com.br\/noticias\/#website\"},\"primaryImageOfPage\":{\"@id\":\"https:\/\/mhcalculos.com.br\/noticias\/area\/tributario\/stf-presidente-do-stf-nega-pedido-para-suspender-liminar-que-impediu-cobranca-de-novos-valores-de-iptu-em-palmas.html#primaryimage\"},\"image\":{\"@id\":\"https:\/\/mhcalculos.com.br\/noticias\/area\/tributario\/stf-presidente-do-stf-nega-pedido-para-suspender-liminar-que-impediu-cobranca-de-novos-valores-de-iptu-em-palmas.html#primaryimage\"},\"thumbnailUrl\":\"https:\/\/mhcalculos.com.br\/noticias\/wp-content\/uploads\/sites\/2\/2018\/07\/Dropbox_tributario-0016.jpg\",\"datePublished\":\"2018-07-02T18:49:48+00:00\",\"dateModified\":\"2021-07-28T17:34:29+00:00\",\"author\":{\"@id\":\"https:\/\/mhcalculos.com.br\/noticias\/#\/schema\/person\/88d1c34bf72dc779ea14a5a6b8e0ae8d\"},\"breadcrumb\":{\"@id\":\"https:\/\/mhcalculos.com.br\/noticias\/area\/tributario\/stf-presidente-do-stf-nega-pedido-para-suspender-liminar-que-impediu-cobranca-de-novos-valores-de-iptu-em-palmas.html#breadcrumb\"},\"inLanguage\":\"pt-BR\",\"potentialAction\":[{\"@type\":\"ReadAction\",\"target\":[\"https:\/\/mhcalculos.com.br\/noticias\/area\/tributario\/stf-presidente-do-stf-nega-pedido-para-suspender-liminar-que-impediu-cobranca-de-novos-valores-de-iptu-em-palmas.html\"]}]},{\"@type\":\"ImageObject\",\"inLanguage\":\"pt-BR\",\"@id\":\"https:\/\/mhcalculos.com.br\/noticias\/area\/tributario\/stf-presidente-do-stf-nega-pedido-para-suspender-liminar-que-impediu-cobranca-de-novos-valores-de-iptu-em-palmas.html#primaryimage\",\"url\":\"https:\/\/mhcalculos.com.br\/noticias\/wp-content\/uploads\/sites\/2\/2018\/07\/Dropbox_tributario-0016.jpg\",\"contentUrl\":\"https:\/\/mhcalculos.com.br\/noticias\/wp-content\/uploads\/sites\/2\/2018\/07\/Dropbox_tributario-0016.jpg\",\"width\":2000,\"height\":800},{\"@type\":\"BreadcrumbList\",\"@id\":\"https:\/\/mhcalculos.com.br\/noticias\/area\/tributario\/stf-presidente-do-stf-nega-pedido-para-suspender-liminar-que-impediu-cobranca-de-novos-valores-de-iptu-em-palmas.html#breadcrumb\",\"itemListElement\":[{\"@type\":\"ListItem\",\"position\":1,\"name\":\"In\u00edcio\",\"item\":\"https:\/\/mhcalculos.com.br\/noticias\/\"},{\"@type\":\"ListItem\",\"position\":2,\"name\":\"STF: Presidente do STF nega pedido para suspender liminar que impediu cobran\u00e7a de novos valores de IPTU em Palmas\"}]},{\"@type\":\"WebSite\",\"@id\":\"https:\/\/mhcalculos.com.br\/noticias\/#website\",\"url\":\"https:\/\/mhcalculos.com.br\/noticias\/\",\"name\":\"Portal de Not\u00edcias\",\"description\":\"Not\u00edcias e Jurisprud\u00eancia\",\"potentialAction\":[{\"@type\":\"SearchAction\",\"target\":{\"@type\":\"EntryPoint\",\"urlTemplate\":\"https:\/\/mhcalculos.com.br\/noticias\/?s={search_term_string}\"},\"query-input\":{\"@type\":\"PropertyValueSpecification\",\"valueRequired\":true,\"valueName\":\"search_term_string\"}}],\"inLanguage\":\"pt-BR\"},{\"@type\":\"Person\",\"@id\":\"https:\/\/mhcalculos.com.br\/noticias\/#\/schema\/person\/88d1c34bf72dc779ea14a5a6b8e0ae8d\",\"name\":\"Equipe MH\",\"image\":{\"@type\":\"ImageObject\",\"inLanguage\":\"pt-BR\",\"@id\":\"https:\/\/secure.gravatar.com\/avatar\/de1c686c2ecc9c5a3f327e3431d819eb39f8f05d4e1045f5a1caad6daaba987f?s=96&d=mm&r=g\",\"url\":\"https:\/\/secure.gravatar.com\/avatar\/de1c686c2ecc9c5a3f327e3431d819eb39f8f05d4e1045f5a1caad6daaba987f?s=96&d=mm&r=g\",\"contentUrl\":\"https:\/\/secure.gravatar.com\/avatar\/de1c686c2ecc9c5a3f327e3431d819eb39f8f05d4e1045f5a1caad6daaba987f?s=96&d=mm&r=g\",\"caption\":\"Equipe MH\"}}]}<\/script>\n<!-- \/ Yoast SEO plugin. -->","yoast_head_json":{"title":"STF: Presidente do STF nega pedido para suspender liminar que impediu cobran\u00e7a de novos valores de IPTU em Palmas | Portal de Not\u00edcias","robots":{"index":"index","follow":"follow","max-snippet":"max-snippet:-1","max-image-preview":"max-image-preview:large","max-video-preview":"max-video-preview:-1"},"canonical":"https:\/\/mhcalculos.com.br\/noticias\/area\/tributario\/stf-presidente-do-stf-nega-pedido-para-suspender-liminar-que-impediu-cobranca-de-novos-valores-de-iptu-em-palmas.html","og_locale":"pt_BR","og_type":"article","og_title":"STF: Presidente do STF nega pedido para suspender liminar que impediu cobran\u00e7a de novos valores de IPTU em Palmas | Portal de Not\u00edcias","og_description":"A presidente do Supremo Tribunal Federal (STF), ministra C\u00e1rmen L\u00facia, negou pedido da Prefeitura de Palmas (TO) para suspender os efeitos de medida liminar deferida pelo Tribunal de Justi\u00e7a do Tocantins (TJ-TO) que impediu a atualiza\u00e7\u00e3o da Planta Gen\u00e9rica de Valores (PGV) de im\u00f3veis da cidade e a reestrutura\u00e7\u00e3o do sistema de c\u00e1lculo do Imposto [&hellip;]","og_url":"https:\/\/mhcalculos.com.br\/noticias\/area\/tributario\/stf-presidente-do-stf-nega-pedido-para-suspender-liminar-que-impediu-cobranca-de-novos-valores-de-iptu-em-palmas.html","og_site_name":"Portal de Not\u00edcias","article_published_time":"2018-07-02T18:49:48+00:00","article_modified_time":"2021-07-28T17:34:29+00:00","og_image":[{"width":2000,"height":800,"url":"https:\/\/mhcalculos.com.br\/noticias\/wp-content\/uploads\/sites\/2\/2018\/07\/Dropbox_tributario-0016.jpg","type":"image\/jpeg"}],"author":"Equipe MH","twitter_card":"summary_large_image","twitter_misc":{"Escrito por":"Equipe MH","Est. tempo de leitura":"3 minutos"},"schema":{"@context":"https:\/\/schema.org","@graph":[{"@type":"Article","@id":"https:\/\/mhcalculos.com.br\/noticias\/area\/tributario\/stf-presidente-do-stf-nega-pedido-para-suspender-liminar-que-impediu-cobranca-de-novos-valores-de-iptu-em-palmas.html#article","isPartOf":{"@id":"https:\/\/mhcalculos.com.br\/noticias\/area\/tributario\/stf-presidente-do-stf-nega-pedido-para-suspender-liminar-que-impediu-cobranca-de-novos-valores-de-iptu-em-palmas.html"},"author":{"name":"Equipe MH","@id":"https:\/\/mhcalculos.com.br\/noticias\/#\/schema\/person\/88d1c34bf72dc779ea14a5a6b8e0ae8d"},"headline":"STF: Presidente do STF nega pedido para suspender liminar que impediu cobran\u00e7a de novos valores de IPTU em Palmas","datePublished":"2018-07-02T18:49:48+00:00","dateModified":"2021-07-28T17:34:29+00:00","mainEntityOfPage":{"@id":"https:\/\/mhcalculos.com.br\/noticias\/area\/tributario\/stf-presidente-do-stf-nega-pedido-para-suspender-liminar-que-impediu-cobranca-de-novos-valores-de-iptu-em-palmas.html"},"wordCount":664,"commentCount":0,"image":{"@id":"https:\/\/mhcalculos.com.br\/noticias\/area\/tributario\/stf-presidente-do-stf-nega-pedido-para-suspender-liminar-que-impediu-cobranca-de-novos-valores-de-iptu-em-palmas.html#primaryimage"},"thumbnailUrl":"https:\/\/mhcalculos.com.br\/noticias\/wp-content\/uploads\/sites\/2\/2018\/07\/Dropbox_tributario-0016.jpg","articleSection":["Direito Tribut\u00e1rio","STF"],"inLanguage":"pt-BR","potentialAction":[{"@type":"CommentAction","name":"Comment","target":["https:\/\/mhcalculos.com.br\/noticias\/area\/tributario\/stf-presidente-do-stf-nega-pedido-para-suspender-liminar-que-impediu-cobranca-de-novos-valores-de-iptu-em-palmas.html#respond"]}]},{"@type":"WebPage","@id":"https:\/\/mhcalculos.com.br\/noticias\/area\/tributario\/stf-presidente-do-stf-nega-pedido-para-suspender-liminar-que-impediu-cobranca-de-novos-valores-de-iptu-em-palmas.html","url":"https:\/\/mhcalculos.com.br\/noticias\/area\/tributario\/stf-presidente-do-stf-nega-pedido-para-suspender-liminar-que-impediu-cobranca-de-novos-valores-de-iptu-em-palmas.html","name":"STF: Presidente do STF nega pedido para suspender liminar que impediu cobran\u00e7a de novos valores de IPTU em Palmas | Portal de Not\u00edcias","isPartOf":{"@id":"https:\/\/mhcalculos.com.br\/noticias\/#website"},"primaryImageOfPage":{"@id":"https:\/\/mhcalculos.com.br\/noticias\/area\/tributario\/stf-presidente-do-stf-nega-pedido-para-suspender-liminar-que-impediu-cobranca-de-novos-valores-de-iptu-em-palmas.html#primaryimage"},"image":{"@id":"https:\/\/mhcalculos.com.br\/noticias\/area\/tributario\/stf-presidente-do-stf-nega-pedido-para-suspender-liminar-que-impediu-cobranca-de-novos-valores-de-iptu-em-palmas.html#primaryimage"},"thumbnailUrl":"https:\/\/mhcalculos.com.br\/noticias\/wp-content\/uploads\/sites\/2\/2018\/07\/Dropbox_tributario-0016.jpg","datePublished":"2018-07-02T18:49:48+00:00","dateModified":"2021-07-28T17:34:29+00:00","author":{"@id":"https:\/\/mhcalculos.com.br\/noticias\/#\/schema\/person\/88d1c34bf72dc779ea14a5a6b8e0ae8d"},"breadcrumb":{"@id":"https:\/\/mhcalculos.com.br\/noticias\/area\/tributario\/stf-presidente-do-stf-nega-pedido-para-suspender-liminar-que-impediu-cobranca-de-novos-valores-de-iptu-em-palmas.html#breadcrumb"},"inLanguage":"pt-BR","potentialAction":[{"@type":"ReadAction","target":["https:\/\/mhcalculos.com.br\/noticias\/area\/tributario\/stf-presidente-do-stf-nega-pedido-para-suspender-liminar-que-impediu-cobranca-de-novos-valores-de-iptu-em-palmas.html"]}]},{"@type":"ImageObject","inLanguage":"pt-BR","@id":"https:\/\/mhcalculos.com.br\/noticias\/area\/tributario\/stf-presidente-do-stf-nega-pedido-para-suspender-liminar-que-impediu-cobranca-de-novos-valores-de-iptu-em-palmas.html#primaryimage","url":"https:\/\/mhcalculos.com.br\/noticias\/wp-content\/uploads\/sites\/2\/2018\/07\/Dropbox_tributario-0016.jpg","contentUrl":"https:\/\/mhcalculos.com.br\/noticias\/wp-content\/uploads\/sites\/2\/2018\/07\/Dropbox_tributario-0016.jpg","width":2000,"height":800},{"@type":"BreadcrumbList","@id":"https:\/\/mhcalculos.com.br\/noticias\/area\/tributario\/stf-presidente-do-stf-nega-pedido-para-suspender-liminar-que-impediu-cobranca-de-novos-valores-de-iptu-em-palmas.html#breadcrumb","itemListElement":[{"@type":"ListItem","position":1,"name":"In\u00edcio","item":"https:\/\/mhcalculos.com.br\/noticias\/"},{"@type":"ListItem","position":2,"name":"STF: Presidente do STF nega pedido para suspender liminar que impediu cobran\u00e7a de novos valores de IPTU em Palmas"}]},{"@type":"WebSite","@id":"https:\/\/mhcalculos.com.br\/noticias\/#website","url":"https:\/\/mhcalculos.com.br\/noticias\/","name":"Portal de Not\u00edcias","description":"Not\u00edcias e Jurisprud\u00eancia","potentialAction":[{"@type":"SearchAction","target":{"@type":"EntryPoint","urlTemplate":"https:\/\/mhcalculos.com.br\/noticias\/?s={search_term_string}"},"query-input":{"@type":"PropertyValueSpecification","valueRequired":true,"valueName":"search_term_string"}}],"inLanguage":"pt-BR"},{"@type":"Person","@id":"https:\/\/mhcalculos.com.br\/noticias\/#\/schema\/person\/88d1c34bf72dc779ea14a5a6b8e0ae8d","name":"Equipe MH","image":{"@type":"ImageObject","inLanguage":"pt-BR","@id":"https:\/\/secure.gravatar.com\/avatar\/de1c686c2ecc9c5a3f327e3431d819eb39f8f05d4e1045f5a1caad6daaba987f?s=96&d=mm&r=g","url":"https:\/\/secure.gravatar.com\/avatar\/de1c686c2ecc9c5a3f327e3431d819eb39f8f05d4e1045f5a1caad6daaba987f?s=96&d=mm&r=g","contentUrl":"https:\/\/secure.gravatar.com\/avatar\/de1c686c2ecc9c5a3f327e3431d819eb39f8f05d4e1045f5a1caad6daaba987f?s=96&d=mm&r=g","caption":"Equipe MH"}}]}},"_links":{"self":[{"href":"https:\/\/mhcalculos.com.br\/noticias\/wp-json\/wp\/v2\/posts\/2396","targetHints":{"allow":["GET"]}}],"collection":[{"href":"https:\/\/mhcalculos.com.br\/noticias\/wp-json\/wp\/v2\/posts"}],"about":[{"href":"https:\/\/mhcalculos.com.br\/noticias\/wp-json\/wp\/v2\/types\/post"}],"author":[{"embeddable":true,"href":"https:\/\/mhcalculos.com.br\/noticias\/wp-json\/wp\/v2\/users\/3063"}],"replies":[{"embeddable":true,"href":"https:\/\/mhcalculos.com.br\/noticias\/wp-json\/wp\/v2\/comments?post=2396"}],"version-history":[{"count":2,"href":"https:\/\/mhcalculos.com.br\/noticias\/wp-json\/wp\/v2\/posts\/2396\/revisions"}],"predecessor-version":[{"id":6819,"href":"https:\/\/mhcalculos.com.br\/noticias\/wp-json\/wp\/v2\/posts\/2396\/revisions\/6819"}],"wp:featuredmedia":[{"embeddable":true,"href":"https:\/\/mhcalculos.com.br\/noticias\/wp-json\/wp\/v2\/media\/2407"}],"wp:attachment":[{"href":"https:\/\/mhcalculos.com.br\/noticias\/wp-json\/wp\/v2\/media?parent=2396"}],"wp:term":[{"taxonomy":"category","embeddable":true,"href":"https:\/\/mhcalculos.com.br\/noticias\/wp-json\/wp\/v2\/categories?post=2396"},{"taxonomy":"post_tag","embeddable":true,"href":"https:\/\/mhcalculos.com.br\/noticias\/wp-json\/wp\/v2\/tags?post=2396"}],"curies":[{"name":"wp","href":"https:\/\/api.w.org\/{rel}","templated":true}]}}