{"id":2364,"date":"2018-06-28T22:09:00","date_gmt":"2018-06-29T01:09:00","guid":{"rendered":"https:\/\/mhcalculos.com.br\/noticias\/2018\/06\/28\/tst-tribunal-tera-horario-de-funcionamento-reduzido-em-julho\/"},"modified":"2021-07-28T14:34:30","modified_gmt":"2021-07-28T17:34:30","slug":"tst-tribunal-tera-horario-de-funcionamento-reduzido-em-julho","status":"publish","type":"post","link":"https:\/\/mhcalculos.com.br\/noticias\/area\/trabalhista\/tst-tribunal-tera-horario-de-funcionamento-reduzido-em-julho.html","title":{"rendered":"TST: Tribunal&nbsp;ter\u00e1 hor\u00e1rio de funcionamento reduzido em julho"},"content":{"rendered":"<p><br \/>\n<\/p>\n<p >O Tribunal Superior do Trabalho ter\u00e1 hor\u00e1rio reduzido de 2 a 31 de julho,&nbsp;em virtude&nbsp;das f\u00e9rias coletivas dos ministros, prevista no artigo 66, par\u00e1grafo 1\u00ba, da Lei Org\u00e2nica da Magistratura (Lei Complementar 35\/1979).&nbsp;De acordo com o&nbsp;<a href=\"http:\/\/www.tst.jus.br\/documents\/10157\/60329\/Ato+expediente+TST\/1d9a00cf-cd7c-59a4-6fb8-4a7ebd40a503\" >Ato.GDGSET.GP.N\u00ba 309\/2018<\/a>,&nbsp;os prazos processuais ficar\u00e3o suspensos nesse per\u00edodo. O expediente no TST ser\u00e1 de 13h \u00e0s 18h.&nbsp;<\/p>\n<p >As \u00e1reas ligadas aos servi\u00e7os processuais (Secretaria-Geral Judici\u00e1ria e Coordenadorias de Cadastramento Processual, Classifica\u00e7\u00e3o, Autua\u00e7\u00e3o e Distribui\u00e7\u00e3o e de Processos Eletr\u00f4nicos) manter\u00e3o plant\u00e3o para atendimento ao p\u00fablico das 9h \u00e0s 18h.<\/p>\n<p >At\u00e9 o fim do m\u00eas, os casos mais urgentes, como mandados de seguran\u00e7a, medidas cautelares e diss\u00eddios coletivos de greve em categorias essenciais ser\u00e3o analisados pela Presid\u00eancia do Tribunal. As sess\u00f5es de julgamento dos \u00f3rg\u00e3os colegiados do TST ser\u00e3o retomadas a partir de 1\u00ba de agosto.<\/p>\n<p >No dia 2 de julho, devido ao jogo do Brasil na Copa do Mundo de 2018, o expediente ser\u00e1 das 15h \u00e0s 20h. Nos demais dias em que houver jogos, o expediente ser\u00e1 das 8h \u00e0s 12h30.<\/p>\n<p >O ato foi assinado nesta quinta-feira (28)&nbsp;pelo presidente do TST, ministro Brito Pereira.<\/p>\n<p >(SECOM\/TST)<\/p>\n<p><i>Com informa\u00e7\u00f5es da assessoria de imprensa do TST.<\/i><br \/>\n<br \/><a href=\"http:\/\/www.tst.jus.br\/web\/guest\/noticias?p_p_id=89Dk&#038;p_p_lifecycle=0&#038;refererPlid=10730&#038;_89Dk_struts_action=%2Fjournal_content%2Fview&#038;_89Dk_groupId=10157&#038;_89Dk_articleId=24608199\">Fonte<\/a><br \/>\n<br \/><\/p>\n","protected":false},"excerpt":{"rendered":"<p>O Tribunal Superior do Trabalho ter\u00e1 hor\u00e1rio reduzido de 2 a 31 de julho,&nbsp;em virtude&nbsp;das f\u00e9rias coletivas dos ministros, prevista no artigo 66, par\u00e1grafo 1\u00ba, da Lei Org\u00e2nica da Magistratura (Lei Complementar 35\/1979).&nbsp;De acordo com o&nbsp;Ato.GDGSET.GP.N\u00ba 309\/2018,&nbsp;os prazos processuais ficar\u00e3o suspensos nesse per\u00edodo. O expediente no TST ser\u00e1 de 13h \u00e0s 18h.&nbsp; As \u00e1reas ligadas [&hellip;]<\/p>\n","protected":false},"author":3063,"featured_media":2365,"comment_status":"open","ping_status":"open","sticky":false,"template":"","format":"standard","meta":{"footnotes":""},"categories":[3,21],"tags":[33,216,9,12,217,215],"class_list":{"0":"post-2364","1":"post","2":"type-post","3":"status-publish","4":"format-standard","5":"has-post-thumbnail","7":"category-trabalhista","8":"category-tst","9":"tag-calculos-trabalhistas","10":"tag-direito-trabalhista","11":"tag-pericia","12":"tag-perito","13":"tag-trabalho","14":"tag-tst"},"yoast_head":"<!-- This site is optimized with the Yoast SEO plugin v27.2 - https:\/\/yoast.com\/product\/yoast-seo-wordpress\/ -->\n<title>TST: Tribunal&nbsp;ter\u00e1 hor\u00e1rio de funcionamento reduzido em julho | Portal de Not\u00edcias<\/title>\n<meta name=\"robots\" content=\"index, follow, max-snippet:-1, max-image-preview:large, max-video-preview:-1\" \/>\n<link rel=\"canonical\" href=\"https:\/\/mhcalculos.com.br\/noticias\/area\/trabalhista\/tst-tribunal-tera-horario-de-funcionamento-reduzido-em-julho.html\" \/>\n<meta property=\"og:locale\" content=\"pt_BR\" \/>\n<meta property=\"og:type\" content=\"article\" \/>\n<meta property=\"og:title\" content=\"TST: Tribunal&nbsp;ter\u00e1 hor\u00e1rio de funcionamento reduzido em julho | Portal de Not\u00edcias\" \/>\n<meta property=\"og:description\" content=\"O Tribunal Superior do Trabalho ter\u00e1 hor\u00e1rio reduzido de 2 a 31 de julho,&nbsp;em virtude&nbsp;das f\u00e9rias coletivas dos ministros, prevista no artigo 66, par\u00e1grafo 1\u00ba, da Lei Org\u00e2nica da Magistratura (Lei Complementar 35\/1979).&nbsp;De acordo com o&nbsp;Ato.GDGSET.GP.N\u00ba 309\/2018,&nbsp;os prazos processuais ficar\u00e3o suspensos nesse per\u00edodo. O expediente no TST ser\u00e1 de 13h \u00e0s 18h.&nbsp; As \u00e1reas ligadas [&hellip;]\" \/>\n<meta property=\"og:url\" content=\"https:\/\/mhcalculos.com.br\/noticias\/area\/trabalhista\/tst-tribunal-tera-horario-de-funcionamento-reduzido-em-julho.html\" \/>\n<meta property=\"og:site_name\" content=\"Portal de Not\u00edcias\" \/>\n<meta property=\"article:published_time\" content=\"2018-06-29T01:09:00+00:00\" \/>\n<meta property=\"article:modified_time\" content=\"2021-07-28T17:34:30+00:00\" \/>\n<meta property=\"og:image\" content=\"https:\/\/mhcalculos.com.br\/noticias\/wp-content\/uploads\/sites\/2\/2018\/06\/judiciario-0028.jpg\" \/>\n\t<meta property=\"og:image:width\" content=\"2000\" \/>\n\t<meta property=\"og:image:height\" content=\"800\" \/>\n\t<meta property=\"og:image:type\" content=\"image\/jpeg\" \/>\n<meta name=\"author\" content=\"Equipe MH\" \/>\n<meta name=\"twitter:card\" content=\"summary_large_image\" \/>\n<meta name=\"twitter:label1\" content=\"Escrito por\" \/>\n\t<meta name=\"twitter:data1\" content=\"Equipe MH\" \/>\n\t<meta name=\"twitter:label2\" content=\"Est. tempo de leitura\" \/>\n\t<meta name=\"twitter:data2\" content=\"1 minuto\" \/>\n<script type=\"application\/ld+json\" class=\"yoast-schema-graph\">{\"@context\":\"https:\/\/schema.org\",\"@graph\":[{\"@type\":\"Article\",\"@id\":\"https:\/\/mhcalculos.com.br\/noticias\/area\/trabalhista\/tst-tribunal-tera-horario-de-funcionamento-reduzido-em-julho.html#article\",\"isPartOf\":{\"@id\":\"https:\/\/mhcalculos.com.br\/noticias\/area\/trabalhista\/tst-tribunal-tera-horario-de-funcionamento-reduzido-em-julho.html\"},\"author\":{\"name\":\"Equipe MH\",\"@id\":\"https:\/\/mhcalculos.com.br\/noticias\/#\/schema\/person\/88d1c34bf72dc779ea14a5a6b8e0ae8d\"},\"headline\":\"TST: Tribunal&nbsp;ter\u00e1 hor\u00e1rio de funcionamento reduzido em julho\",\"datePublished\":\"2018-06-29T01:09:00+00:00\",\"dateModified\":\"2021-07-28T17:34:30+00:00\",\"mainEntityOfPage\":{\"@id\":\"https:\/\/mhcalculos.com.br\/noticias\/area\/trabalhista\/tst-tribunal-tera-horario-de-funcionamento-reduzido-em-julho.html\"},\"wordCount\":233,\"commentCount\":0,\"image\":{\"@id\":\"https:\/\/mhcalculos.com.br\/noticias\/area\/trabalhista\/tst-tribunal-tera-horario-de-funcionamento-reduzido-em-julho.html#primaryimage\"},\"thumbnailUrl\":\"https:\/\/mhcalculos.com.br\/noticias\/wp-content\/uploads\/sites\/2\/2018\/06\/judiciario-0028.jpg\",\"keywords\":[\"c\u00e1lculos trabalhistas\",\"direito trabalhista\",\"per\u00edcia\",\"perito\",\"trabalho\",\"TST\"],\"articleSection\":[\"Direito Trabalhista\",\"TST\"],\"inLanguage\":\"pt-BR\",\"potentialAction\":[{\"@type\":\"CommentAction\",\"name\":\"Comment\",\"target\":[\"https:\/\/mhcalculos.com.br\/noticias\/area\/trabalhista\/tst-tribunal-tera-horario-de-funcionamento-reduzido-em-julho.html#respond\"]}]},{\"@type\":\"WebPage\",\"@id\":\"https:\/\/mhcalculos.com.br\/noticias\/area\/trabalhista\/tst-tribunal-tera-horario-de-funcionamento-reduzido-em-julho.html\",\"url\":\"https:\/\/mhcalculos.com.br\/noticias\/area\/trabalhista\/tst-tribunal-tera-horario-de-funcionamento-reduzido-em-julho.html\",\"name\":\"TST: Tribunal&nbsp;ter\u00e1 hor\u00e1rio de funcionamento reduzido em julho | Portal de Not\u00edcias\",\"isPartOf\":{\"@id\":\"https:\/\/mhcalculos.com.br\/noticias\/#website\"},\"primaryImageOfPage\":{\"@id\":\"https:\/\/mhcalculos.com.br\/noticias\/area\/trabalhista\/tst-tribunal-tera-horario-de-funcionamento-reduzido-em-julho.html#primaryimage\"},\"image\":{\"@id\":\"https:\/\/mhcalculos.com.br\/noticias\/area\/trabalhista\/tst-tribunal-tera-horario-de-funcionamento-reduzido-em-julho.html#primaryimage\"},\"thumbnailUrl\":\"https:\/\/mhcalculos.com.br\/noticias\/wp-content\/uploads\/sites\/2\/2018\/06\/judiciario-0028.jpg\",\"datePublished\":\"2018-06-29T01:09:00+00:00\",\"dateModified\":\"2021-07-28T17:34:30+00:00\",\"author\":{\"@id\":\"https:\/\/mhcalculos.com.br\/noticias\/#\/schema\/person\/88d1c34bf72dc779ea14a5a6b8e0ae8d\"},\"breadcrumb\":{\"@id\":\"https:\/\/mhcalculos.com.br\/noticias\/area\/trabalhista\/tst-tribunal-tera-horario-de-funcionamento-reduzido-em-julho.html#breadcrumb\"},\"inLanguage\":\"pt-BR\",\"potentialAction\":[{\"@type\":\"ReadAction\",\"target\":[\"https:\/\/mhcalculos.com.br\/noticias\/area\/trabalhista\/tst-tribunal-tera-horario-de-funcionamento-reduzido-em-julho.html\"]}]},{\"@type\":\"ImageObject\",\"inLanguage\":\"pt-BR\",\"@id\":\"https:\/\/mhcalculos.com.br\/noticias\/area\/trabalhista\/tst-tribunal-tera-horario-de-funcionamento-reduzido-em-julho.html#primaryimage\",\"url\":\"https:\/\/mhcalculos.com.br\/noticias\/wp-content\/uploads\/sites\/2\/2018\/06\/judiciario-0028.jpg\",\"contentUrl\":\"https:\/\/mhcalculos.com.br\/noticias\/wp-content\/uploads\/sites\/2\/2018\/06\/judiciario-0028.jpg\",\"width\":2000,\"height\":800},{\"@type\":\"BreadcrumbList\",\"@id\":\"https:\/\/mhcalculos.com.br\/noticias\/area\/trabalhista\/tst-tribunal-tera-horario-de-funcionamento-reduzido-em-julho.html#breadcrumb\",\"itemListElement\":[{\"@type\":\"ListItem\",\"position\":1,\"name\":\"In\u00edcio\",\"item\":\"https:\/\/mhcalculos.com.br\/noticias\/\"},{\"@type\":\"ListItem\",\"position\":2,\"name\":\"TST: Tribunal&nbsp;ter\u00e1 hor\u00e1rio de funcionamento reduzido em julho\"}]},{\"@type\":\"WebSite\",\"@id\":\"https:\/\/mhcalculos.com.br\/noticias\/#website\",\"url\":\"https:\/\/mhcalculos.com.br\/noticias\/\",\"name\":\"Portal de Not\u00edcias\",\"description\":\"Not\u00edcias e Jurisprud\u00eancia\",\"potentialAction\":[{\"@type\":\"SearchAction\",\"target\":{\"@type\":\"EntryPoint\",\"urlTemplate\":\"https:\/\/mhcalculos.com.br\/noticias\/?s={search_term_string}\"},\"query-input\":{\"@type\":\"PropertyValueSpecification\",\"valueRequired\":true,\"valueName\":\"search_term_string\"}}],\"inLanguage\":\"pt-BR\"},{\"@type\":\"Person\",\"@id\":\"https:\/\/mhcalculos.com.br\/noticias\/#\/schema\/person\/88d1c34bf72dc779ea14a5a6b8e0ae8d\",\"name\":\"Equipe MH\",\"image\":{\"@type\":\"ImageObject\",\"inLanguage\":\"pt-BR\",\"@id\":\"https:\/\/secure.gravatar.com\/avatar\/de1c686c2ecc9c5a3f327e3431d819eb39f8f05d4e1045f5a1caad6daaba987f?s=96&d=mm&r=g\",\"url\":\"https:\/\/secure.gravatar.com\/avatar\/de1c686c2ecc9c5a3f327e3431d819eb39f8f05d4e1045f5a1caad6daaba987f?s=96&d=mm&r=g\",\"contentUrl\":\"https:\/\/secure.gravatar.com\/avatar\/de1c686c2ecc9c5a3f327e3431d819eb39f8f05d4e1045f5a1caad6daaba987f?s=96&d=mm&r=g\",\"caption\":\"Equipe MH\"}}]}<\/script>\n<!-- \/ Yoast SEO plugin. -->","yoast_head_json":{"title":"TST: Tribunal&nbsp;ter\u00e1 hor\u00e1rio de funcionamento reduzido em julho | Portal de Not\u00edcias","robots":{"index":"index","follow":"follow","max-snippet":"max-snippet:-1","max-image-preview":"max-image-preview:large","max-video-preview":"max-video-preview:-1"},"canonical":"https:\/\/mhcalculos.com.br\/noticias\/area\/trabalhista\/tst-tribunal-tera-horario-de-funcionamento-reduzido-em-julho.html","og_locale":"pt_BR","og_type":"article","og_title":"TST: Tribunal&nbsp;ter\u00e1 hor\u00e1rio de funcionamento reduzido em julho | Portal de Not\u00edcias","og_description":"O Tribunal Superior do Trabalho ter\u00e1 hor\u00e1rio reduzido de 2 a 31 de julho,&nbsp;em virtude&nbsp;das f\u00e9rias coletivas dos ministros, prevista no artigo 66, par\u00e1grafo 1\u00ba, da Lei Org\u00e2nica da Magistratura (Lei Complementar 35\/1979).&nbsp;De acordo com o&nbsp;Ato.GDGSET.GP.N\u00ba 309\/2018,&nbsp;os prazos processuais ficar\u00e3o suspensos nesse per\u00edodo. O expediente no TST ser\u00e1 de 13h \u00e0s 18h.&nbsp; As \u00e1reas ligadas [&hellip;]","og_url":"https:\/\/mhcalculos.com.br\/noticias\/area\/trabalhista\/tst-tribunal-tera-horario-de-funcionamento-reduzido-em-julho.html","og_site_name":"Portal de Not\u00edcias","article_published_time":"2018-06-29T01:09:00+00:00","article_modified_time":"2021-07-28T17:34:30+00:00","og_image":[{"width":2000,"height":800,"url":"https:\/\/mhcalculos.com.br\/noticias\/wp-content\/uploads\/sites\/2\/2018\/06\/judiciario-0028.jpg","type":"image\/jpeg"}],"author":"Equipe MH","twitter_card":"summary_large_image","twitter_misc":{"Escrito por":"Equipe MH","Est. tempo de leitura":"1 minuto"},"schema":{"@context":"https:\/\/schema.org","@graph":[{"@type":"Article","@id":"https:\/\/mhcalculos.com.br\/noticias\/area\/trabalhista\/tst-tribunal-tera-horario-de-funcionamento-reduzido-em-julho.html#article","isPartOf":{"@id":"https:\/\/mhcalculos.com.br\/noticias\/area\/trabalhista\/tst-tribunal-tera-horario-de-funcionamento-reduzido-em-julho.html"},"author":{"name":"Equipe MH","@id":"https:\/\/mhcalculos.com.br\/noticias\/#\/schema\/person\/88d1c34bf72dc779ea14a5a6b8e0ae8d"},"headline":"TST: Tribunal&nbsp;ter\u00e1 hor\u00e1rio de funcionamento reduzido em julho","datePublished":"2018-06-29T01:09:00+00:00","dateModified":"2021-07-28T17:34:30+00:00","mainEntityOfPage":{"@id":"https:\/\/mhcalculos.com.br\/noticias\/area\/trabalhista\/tst-tribunal-tera-horario-de-funcionamento-reduzido-em-julho.html"},"wordCount":233,"commentCount":0,"image":{"@id":"https:\/\/mhcalculos.com.br\/noticias\/area\/trabalhista\/tst-tribunal-tera-horario-de-funcionamento-reduzido-em-julho.html#primaryimage"},"thumbnailUrl":"https:\/\/mhcalculos.com.br\/noticias\/wp-content\/uploads\/sites\/2\/2018\/06\/judiciario-0028.jpg","keywords":["c\u00e1lculos trabalhistas","direito trabalhista","per\u00edcia","perito","trabalho","TST"],"articleSection":["Direito Trabalhista","TST"],"inLanguage":"pt-BR","potentialAction":[{"@type":"CommentAction","name":"Comment","target":["https:\/\/mhcalculos.com.br\/noticias\/area\/trabalhista\/tst-tribunal-tera-horario-de-funcionamento-reduzido-em-julho.html#respond"]}]},{"@type":"WebPage","@id":"https:\/\/mhcalculos.com.br\/noticias\/area\/trabalhista\/tst-tribunal-tera-horario-de-funcionamento-reduzido-em-julho.html","url":"https:\/\/mhcalculos.com.br\/noticias\/area\/trabalhista\/tst-tribunal-tera-horario-de-funcionamento-reduzido-em-julho.html","name":"TST: Tribunal&nbsp;ter\u00e1 hor\u00e1rio de funcionamento reduzido em julho | Portal de Not\u00edcias","isPartOf":{"@id":"https:\/\/mhcalculos.com.br\/noticias\/#website"},"primaryImageOfPage":{"@id":"https:\/\/mhcalculos.com.br\/noticias\/area\/trabalhista\/tst-tribunal-tera-horario-de-funcionamento-reduzido-em-julho.html#primaryimage"},"image":{"@id":"https:\/\/mhcalculos.com.br\/noticias\/area\/trabalhista\/tst-tribunal-tera-horario-de-funcionamento-reduzido-em-julho.html#primaryimage"},"thumbnailUrl":"https:\/\/mhcalculos.com.br\/noticias\/wp-content\/uploads\/sites\/2\/2018\/06\/judiciario-0028.jpg","datePublished":"2018-06-29T01:09:00+00:00","dateModified":"2021-07-28T17:34:30+00:00","author":{"@id":"https:\/\/mhcalculos.com.br\/noticias\/#\/schema\/person\/88d1c34bf72dc779ea14a5a6b8e0ae8d"},"breadcrumb":{"@id":"https:\/\/mhcalculos.com.br\/noticias\/area\/trabalhista\/tst-tribunal-tera-horario-de-funcionamento-reduzido-em-julho.html#breadcrumb"},"inLanguage":"pt-BR","potentialAction":[{"@type":"ReadAction","target":["https:\/\/mhcalculos.com.br\/noticias\/area\/trabalhista\/tst-tribunal-tera-horario-de-funcionamento-reduzido-em-julho.html"]}]},{"@type":"ImageObject","inLanguage":"pt-BR","@id":"https:\/\/mhcalculos.com.br\/noticias\/area\/trabalhista\/tst-tribunal-tera-horario-de-funcionamento-reduzido-em-julho.html#primaryimage","url":"https:\/\/mhcalculos.com.br\/noticias\/wp-content\/uploads\/sites\/2\/2018\/06\/judiciario-0028.jpg","contentUrl":"https:\/\/mhcalculos.com.br\/noticias\/wp-content\/uploads\/sites\/2\/2018\/06\/judiciario-0028.jpg","width":2000,"height":800},{"@type":"BreadcrumbList","@id":"https:\/\/mhcalculos.com.br\/noticias\/area\/trabalhista\/tst-tribunal-tera-horario-de-funcionamento-reduzido-em-julho.html#breadcrumb","itemListElement":[{"@type":"ListItem","position":1,"name":"In\u00edcio","item":"https:\/\/mhcalculos.com.br\/noticias\/"},{"@type":"ListItem","position":2,"name":"TST: Tribunal&nbsp;ter\u00e1 hor\u00e1rio de funcionamento reduzido em julho"}]},{"@type":"WebSite","@id":"https:\/\/mhcalculos.com.br\/noticias\/#website","url":"https:\/\/mhcalculos.com.br\/noticias\/","name":"Portal de Not\u00edcias","description":"Not\u00edcias e Jurisprud\u00eancia","potentialAction":[{"@type":"SearchAction","target":{"@type":"EntryPoint","urlTemplate":"https:\/\/mhcalculos.com.br\/noticias\/?s={search_term_string}"},"query-input":{"@type":"PropertyValueSpecification","valueRequired":true,"valueName":"search_term_string"}}],"inLanguage":"pt-BR"},{"@type":"Person","@id":"https:\/\/mhcalculos.com.br\/noticias\/#\/schema\/person\/88d1c34bf72dc779ea14a5a6b8e0ae8d","name":"Equipe MH","image":{"@type":"ImageObject","inLanguage":"pt-BR","@id":"https:\/\/secure.gravatar.com\/avatar\/de1c686c2ecc9c5a3f327e3431d819eb39f8f05d4e1045f5a1caad6daaba987f?s=96&d=mm&r=g","url":"https:\/\/secure.gravatar.com\/avatar\/de1c686c2ecc9c5a3f327e3431d819eb39f8f05d4e1045f5a1caad6daaba987f?s=96&d=mm&r=g","contentUrl":"https:\/\/secure.gravatar.com\/avatar\/de1c686c2ecc9c5a3f327e3431d819eb39f8f05d4e1045f5a1caad6daaba987f?s=96&d=mm&r=g","caption":"Equipe MH"}}]}},"_links":{"self":[{"href":"https:\/\/mhcalculos.com.br\/noticias\/wp-json\/wp\/v2\/posts\/2364","targetHints":{"allow":["GET"]}}],"collection":[{"href":"https:\/\/mhcalculos.com.br\/noticias\/wp-json\/wp\/v2\/posts"}],"about":[{"href":"https:\/\/mhcalculos.com.br\/noticias\/wp-json\/wp\/v2\/types\/post"}],"author":[{"embeddable":true,"href":"https:\/\/mhcalculos.com.br\/noticias\/wp-json\/wp\/v2\/users\/3063"}],"replies":[{"embeddable":true,"href":"https:\/\/mhcalculos.com.br\/noticias\/wp-json\/wp\/v2\/comments?post=2364"}],"version-history":[{"count":1,"href":"https:\/\/mhcalculos.com.br\/noticias\/wp-json\/wp\/v2\/posts\/2364\/revisions"}],"predecessor-version":[{"id":10345,"href":"https:\/\/mhcalculos.com.br\/noticias\/wp-json\/wp\/v2\/posts\/2364\/revisions\/10345"}],"wp:featuredmedia":[{"embeddable":true,"href":"https:\/\/mhcalculos.com.br\/noticias\/wp-json\/wp\/v2\/media\/2365"}],"wp:attachment":[{"href":"https:\/\/mhcalculos.com.br\/noticias\/wp-json\/wp\/v2\/media?parent=2364"}],"wp:term":[{"taxonomy":"category","embeddable":true,"href":"https:\/\/mhcalculos.com.br\/noticias\/wp-json\/wp\/v2\/categories?post=2364"},{"taxonomy":"post_tag","embeddable":true,"href":"https:\/\/mhcalculos.com.br\/noticias\/wp-json\/wp\/v2\/tags?post=2364"}],"curies":[{"name":"wp","href":"https:\/\/api.w.org\/{rel}","templated":true}]}}