{"id":2298,"date":"2018-06-25T18:17:00","date_gmt":"2018-06-25T21:17:00","guid":{"rendered":"https:\/\/mhcalculos.com.br\/noticias\/2018\/06\/25\/tst-empregados-da-infraero-aceitam-proposta-da-vice-presidencia-do-tst\/"},"modified":"2021-07-28T14:34:31","modified_gmt":"2021-07-28T17:34:31","slug":"tst-empregados-da-infraero-aceitam-proposta-da-vice-presidencia-do-tst","status":"publish","type":"post","link":"https:\/\/mhcalculos.com.br\/noticias\/area\/trabalhista\/tst-empregados-da-infraero-aceitam-proposta-da-vice-presidencia-do-tst.html","title":{"rendered":"TST: Empregados da Infraero aceitam proposta da Vice-Presid\u00eancia do TST"},"content":{"rendered":"<p><br \/>\n  <\/p>\n<p >O Sindicato Nacional dos Empregados em Empresas Administradoras de Aeroportos comunicou \u00e0 Vice-Presid\u00eancia do Tribunal Superior do Trabalho que os empregados da Empresa Brasileira de Infraestrutura Aeroportu\u00e1ria (Infraero) aceitaram a proposta apresentada na semana passada relativa \u00e0s datas-base de 2017\/2018 e 2018\/2019. Na quinta-feira (28), \u00e0s 13h30, o vice-presidente do TST, ministro Renato de Lacerda Paiva, presidir\u00e1 audi\u00eancia para a assinatura do acordo coletivo de trabalho.<\/p>\n<p >Segundo o sindicato, foram realizadas 68 assembleias em aeroportos e unidades administrativas da Infraero. A proposta contempla reajuste salarial, manuten\u00e7\u00e3o de cl\u00e1usulas sociais, abonos e mudan\u00e7as no plano de sa\u00fade da empresa a partir de estudo realizado&nbsp;pela equipe t\u00e9cnica de apoio \u00e0 Vice-Presid\u00eancia.<\/p>\n<p >(CF\/VP)<\/p>\n<p >Processo:&nbsp;<a href=\"http:\/\/aplicacao4.tst.jus.br\/consultaProcessual\/consultaTstNumUnica.do?consulta=Consultar&amp;conscsjt=&amp;numeroTst=15501&amp;digitoTst=76&amp;anoTst=2017&amp;orgaoTst=5&amp;tribunalTst=00&amp;varaTst=0000&amp;submit=Consultar\">PMPP-15501-76.2017.5.00.0000<\/a><\/p>\n<p >Leia mais:<\/p>\n<p >19\/6\/2018 &#8211; <a href=\"http:\/\/www.tst.jus.br\/noticias\/-\/asset_publisher\/89Dk\/content\/vice-presidencia-detalha-proposta-de-acordo-entre-infraero-e-empregados?inheritRedirect=false\">Vice-Presid\u00eancia detalha proposta de acordo entre Infraero e empregados<\/a><\/p>\n<p>       <\/br><br \/>\n<br \/><i>Com informa\u00e7\u00f5es da assessoria de imprensa do TST.<\/i><br \/>\n<br \/><a href=\"http:\/\/www.tst.jus.br\/web\/guest\/noticias?p_p_id=89Dk&#038;p_p_lifecycle=0&#038;refererPlid=10730&#038;_89Dk_struts_action=%2Fjournal_content%2Fview&#038;_89Dk_groupId=10157&#038;_89Dk_articleId=24606106\">Fonte<\/a><br \/>\n<br \/><\/p>\n","protected":false},"excerpt":{"rendered":"<p>O Sindicato Nacional dos Empregados em Empresas Administradoras de Aeroportos comunicou \u00e0 Vice-Presid\u00eancia do Tribunal Superior do Trabalho que os empregados da Empresa Brasileira de Infraestrutura Aeroportu\u00e1ria (Infraero) aceitaram a proposta apresentada na semana passada relativa \u00e0s datas-base de 2017\/2018 e 2018\/2019. Na quinta-feira (28), \u00e0s 13h30, o vice-presidente do TST, ministro Renato de Lacerda [&hellip;]<\/p>\n","protected":false},"author":3063,"featured_media":2053,"comment_status":"open","ping_status":"open","sticky":false,"template":"","format":"standard","meta":{"footnotes":""},"categories":[3,21],"tags":[33,216,9,12,217,215],"class_list":{"0":"post-2298","1":"post","2":"type-post","3":"status-publish","4":"format-standard","5":"has-post-thumbnail","7":"category-trabalhista","8":"category-tst","9":"tag-calculos-trabalhistas","10":"tag-direito-trabalhista","11":"tag-pericia","12":"tag-perito","13":"tag-trabalho","14":"tag-tst"},"yoast_head":"<!-- This site is optimized with the Yoast SEO plugin v27.2 - https:\/\/yoast.com\/product\/yoast-seo-wordpress\/ -->\n<title>TST: Empregados da Infraero aceitam proposta da Vice-Presid\u00eancia do TST | Portal de Not\u00edcias<\/title>\n<meta name=\"robots\" content=\"index, follow, max-snippet:-1, max-image-preview:large, max-video-preview:-1\" \/>\n<link rel=\"canonical\" href=\"https:\/\/mhcalculos.com.br\/noticias\/area\/trabalhista\/tst-empregados-da-infraero-aceitam-proposta-da-vice-presidencia-do-tst.html\" \/>\n<meta property=\"og:locale\" content=\"pt_BR\" \/>\n<meta property=\"og:type\" content=\"article\" \/>\n<meta property=\"og:title\" content=\"TST: Empregados da Infraero aceitam proposta da Vice-Presid\u00eancia do TST | Portal de Not\u00edcias\" \/>\n<meta property=\"og:description\" content=\"O Sindicato Nacional dos Empregados em Empresas Administradoras de Aeroportos comunicou \u00e0 Vice-Presid\u00eancia do Tribunal Superior do Trabalho que os empregados da Empresa Brasileira de Infraestrutura Aeroportu\u00e1ria (Infraero) aceitaram a proposta apresentada na semana passada relativa \u00e0s datas-base de 2017\/2018 e 2018\/2019. Na quinta-feira (28), \u00e0s 13h30, o vice-presidente do TST, ministro Renato de Lacerda [&hellip;]\" \/>\n<meta property=\"og:url\" content=\"https:\/\/mhcalculos.com.br\/noticias\/area\/trabalhista\/tst-empregados-da-infraero-aceitam-proposta-da-vice-presidencia-do-tst.html\" \/>\n<meta property=\"og:site_name\" content=\"Portal de Not\u00edcias\" \/>\n<meta property=\"article:published_time\" content=\"2018-06-25T21:17:00+00:00\" \/>\n<meta property=\"article:modified_time\" content=\"2021-07-28T17:34:31+00:00\" \/>\n<meta property=\"og:image\" content=\"https:\/\/mhcalculos.com.br\/noticias\/wp-content\/uploads\/sites\/2\/2018\/06\/trabalhista-0033.jpg\" \/>\n\t<meta property=\"og:image:width\" content=\"2000\" \/>\n\t<meta property=\"og:image:height\" content=\"800\" \/>\n\t<meta property=\"og:image:type\" content=\"image\/jpeg\" \/>\n<meta name=\"author\" content=\"Equipe MH\" \/>\n<meta name=\"twitter:card\" content=\"summary_large_image\" \/>\n<meta name=\"twitter:label1\" content=\"Escrito por\" \/>\n\t<meta name=\"twitter:data1\" content=\"Equipe MH\" \/>\n\t<meta name=\"twitter:label2\" content=\"Est. tempo de leitura\" \/>\n\t<meta name=\"twitter:data2\" content=\"1 minuto\" \/>\n<script type=\"application\/ld+json\" class=\"yoast-schema-graph\">{\"@context\":\"https:\/\/schema.org\",\"@graph\":[{\"@type\":\"Article\",\"@id\":\"https:\/\/mhcalculos.com.br\/noticias\/area\/trabalhista\/tst-empregados-da-infraero-aceitam-proposta-da-vice-presidencia-do-tst.html#article\",\"isPartOf\":{\"@id\":\"https:\/\/mhcalculos.com.br\/noticias\/area\/trabalhista\/tst-empregados-da-infraero-aceitam-proposta-da-vice-presidencia-do-tst.html\"},\"author\":{\"name\":\"Equipe MH\",\"@id\":\"https:\/\/mhcalculos.com.br\/noticias\/#\/schema\/person\/88d1c34bf72dc779ea14a5a6b8e0ae8d\"},\"headline\":\"TST: Empregados da Infraero aceitam proposta da Vice-Presid\u00eancia do TST\",\"datePublished\":\"2018-06-25T21:17:00+00:00\",\"dateModified\":\"2021-07-28T17:34:31+00:00\",\"mainEntityOfPage\":{\"@id\":\"https:\/\/mhcalculos.com.br\/noticias\/area\/trabalhista\/tst-empregados-da-infraero-aceitam-proposta-da-vice-presidencia-do-tst.html\"},\"wordCount\":156,\"commentCount\":0,\"image\":{\"@id\":\"https:\/\/mhcalculos.com.br\/noticias\/area\/trabalhista\/tst-empregados-da-infraero-aceitam-proposta-da-vice-presidencia-do-tst.html#primaryimage\"},\"thumbnailUrl\":\"https:\/\/mhcalculos.com.br\/noticias\/wp-content\/uploads\/sites\/2\/2018\/06\/trabalhista-0033.jpg\",\"keywords\":[\"c\u00e1lculos trabalhistas\",\"direito trabalhista\",\"per\u00edcia\",\"perito\",\"trabalho\",\"TST\"],\"articleSection\":[\"Direito Trabalhista\",\"TST\"],\"inLanguage\":\"pt-BR\",\"potentialAction\":[{\"@type\":\"CommentAction\",\"name\":\"Comment\",\"target\":[\"https:\/\/mhcalculos.com.br\/noticias\/area\/trabalhista\/tst-empregados-da-infraero-aceitam-proposta-da-vice-presidencia-do-tst.html#respond\"]}]},{\"@type\":\"WebPage\",\"@id\":\"https:\/\/mhcalculos.com.br\/noticias\/area\/trabalhista\/tst-empregados-da-infraero-aceitam-proposta-da-vice-presidencia-do-tst.html\",\"url\":\"https:\/\/mhcalculos.com.br\/noticias\/area\/trabalhista\/tst-empregados-da-infraero-aceitam-proposta-da-vice-presidencia-do-tst.html\",\"name\":\"TST: Empregados da Infraero aceitam proposta da Vice-Presid\u00eancia do TST | Portal de Not\u00edcias\",\"isPartOf\":{\"@id\":\"https:\/\/mhcalculos.com.br\/noticias\/#website\"},\"primaryImageOfPage\":{\"@id\":\"https:\/\/mhcalculos.com.br\/noticias\/area\/trabalhista\/tst-empregados-da-infraero-aceitam-proposta-da-vice-presidencia-do-tst.html#primaryimage\"},\"image\":{\"@id\":\"https:\/\/mhcalculos.com.br\/noticias\/area\/trabalhista\/tst-empregados-da-infraero-aceitam-proposta-da-vice-presidencia-do-tst.html#primaryimage\"},\"thumbnailUrl\":\"https:\/\/mhcalculos.com.br\/noticias\/wp-content\/uploads\/sites\/2\/2018\/06\/trabalhista-0033.jpg\",\"datePublished\":\"2018-06-25T21:17:00+00:00\",\"dateModified\":\"2021-07-28T17:34:31+00:00\",\"author\":{\"@id\":\"https:\/\/mhcalculos.com.br\/noticias\/#\/schema\/person\/88d1c34bf72dc779ea14a5a6b8e0ae8d\"},\"breadcrumb\":{\"@id\":\"https:\/\/mhcalculos.com.br\/noticias\/area\/trabalhista\/tst-empregados-da-infraero-aceitam-proposta-da-vice-presidencia-do-tst.html#breadcrumb\"},\"inLanguage\":\"pt-BR\",\"potentialAction\":[{\"@type\":\"ReadAction\",\"target\":[\"https:\/\/mhcalculos.com.br\/noticias\/area\/trabalhista\/tst-empregados-da-infraero-aceitam-proposta-da-vice-presidencia-do-tst.html\"]}]},{\"@type\":\"ImageObject\",\"inLanguage\":\"pt-BR\",\"@id\":\"https:\/\/mhcalculos.com.br\/noticias\/area\/trabalhista\/tst-empregados-da-infraero-aceitam-proposta-da-vice-presidencia-do-tst.html#primaryimage\",\"url\":\"https:\/\/mhcalculos.com.br\/noticias\/wp-content\/uploads\/sites\/2\/2018\/06\/trabalhista-0033.jpg\",\"contentUrl\":\"https:\/\/mhcalculos.com.br\/noticias\/wp-content\/uploads\/sites\/2\/2018\/06\/trabalhista-0033.jpg\",\"width\":2000,\"height\":800},{\"@type\":\"BreadcrumbList\",\"@id\":\"https:\/\/mhcalculos.com.br\/noticias\/area\/trabalhista\/tst-empregados-da-infraero-aceitam-proposta-da-vice-presidencia-do-tst.html#breadcrumb\",\"itemListElement\":[{\"@type\":\"ListItem\",\"position\":1,\"name\":\"In\u00edcio\",\"item\":\"https:\/\/mhcalculos.com.br\/noticias\/\"},{\"@type\":\"ListItem\",\"position\":2,\"name\":\"TST: Empregados da Infraero aceitam proposta da Vice-Presid\u00eancia do TST\"}]},{\"@type\":\"WebSite\",\"@id\":\"https:\/\/mhcalculos.com.br\/noticias\/#website\",\"url\":\"https:\/\/mhcalculos.com.br\/noticias\/\",\"name\":\"Portal de Not\u00edcias\",\"description\":\"Not\u00edcias e Jurisprud\u00eancia\",\"potentialAction\":[{\"@type\":\"SearchAction\",\"target\":{\"@type\":\"EntryPoint\",\"urlTemplate\":\"https:\/\/mhcalculos.com.br\/noticias\/?s={search_term_string}\"},\"query-input\":{\"@type\":\"PropertyValueSpecification\",\"valueRequired\":true,\"valueName\":\"search_term_string\"}}],\"inLanguage\":\"pt-BR\"},{\"@type\":\"Person\",\"@id\":\"https:\/\/mhcalculos.com.br\/noticias\/#\/schema\/person\/88d1c34bf72dc779ea14a5a6b8e0ae8d\",\"name\":\"Equipe MH\",\"image\":{\"@type\":\"ImageObject\",\"inLanguage\":\"pt-BR\",\"@id\":\"https:\/\/secure.gravatar.com\/avatar\/de1c686c2ecc9c5a3f327e3431d819eb39f8f05d4e1045f5a1caad6daaba987f?s=96&d=mm&r=g\",\"url\":\"https:\/\/secure.gravatar.com\/avatar\/de1c686c2ecc9c5a3f327e3431d819eb39f8f05d4e1045f5a1caad6daaba987f?s=96&d=mm&r=g\",\"contentUrl\":\"https:\/\/secure.gravatar.com\/avatar\/de1c686c2ecc9c5a3f327e3431d819eb39f8f05d4e1045f5a1caad6daaba987f?s=96&d=mm&r=g\",\"caption\":\"Equipe MH\"}}]}<\/script>\n<!-- \/ Yoast SEO plugin. -->","yoast_head_json":{"title":"TST: Empregados da Infraero aceitam proposta da Vice-Presid\u00eancia do TST | Portal de Not\u00edcias","robots":{"index":"index","follow":"follow","max-snippet":"max-snippet:-1","max-image-preview":"max-image-preview:large","max-video-preview":"max-video-preview:-1"},"canonical":"https:\/\/mhcalculos.com.br\/noticias\/area\/trabalhista\/tst-empregados-da-infraero-aceitam-proposta-da-vice-presidencia-do-tst.html","og_locale":"pt_BR","og_type":"article","og_title":"TST: Empregados da Infraero aceitam proposta da Vice-Presid\u00eancia do TST | Portal de Not\u00edcias","og_description":"O Sindicato Nacional dos Empregados em Empresas Administradoras de Aeroportos comunicou \u00e0 Vice-Presid\u00eancia do Tribunal Superior do Trabalho que os empregados da Empresa Brasileira de Infraestrutura Aeroportu\u00e1ria (Infraero) aceitaram a proposta apresentada na semana passada relativa \u00e0s datas-base de 2017\/2018 e 2018\/2019. Na quinta-feira (28), \u00e0s 13h30, o vice-presidente do TST, ministro Renato de Lacerda [&hellip;]","og_url":"https:\/\/mhcalculos.com.br\/noticias\/area\/trabalhista\/tst-empregados-da-infraero-aceitam-proposta-da-vice-presidencia-do-tst.html","og_site_name":"Portal de Not\u00edcias","article_published_time":"2018-06-25T21:17:00+00:00","article_modified_time":"2021-07-28T17:34:31+00:00","og_image":[{"width":2000,"height":800,"url":"https:\/\/mhcalculos.com.br\/noticias\/wp-content\/uploads\/sites\/2\/2018\/06\/trabalhista-0033.jpg","type":"image\/jpeg"}],"author":"Equipe MH","twitter_card":"summary_large_image","twitter_misc":{"Escrito por":"Equipe MH","Est. tempo de leitura":"1 minuto"},"schema":{"@context":"https:\/\/schema.org","@graph":[{"@type":"Article","@id":"https:\/\/mhcalculos.com.br\/noticias\/area\/trabalhista\/tst-empregados-da-infraero-aceitam-proposta-da-vice-presidencia-do-tst.html#article","isPartOf":{"@id":"https:\/\/mhcalculos.com.br\/noticias\/area\/trabalhista\/tst-empregados-da-infraero-aceitam-proposta-da-vice-presidencia-do-tst.html"},"author":{"name":"Equipe MH","@id":"https:\/\/mhcalculos.com.br\/noticias\/#\/schema\/person\/88d1c34bf72dc779ea14a5a6b8e0ae8d"},"headline":"TST: Empregados da Infraero aceitam proposta da Vice-Presid\u00eancia do TST","datePublished":"2018-06-25T21:17:00+00:00","dateModified":"2021-07-28T17:34:31+00:00","mainEntityOfPage":{"@id":"https:\/\/mhcalculos.com.br\/noticias\/area\/trabalhista\/tst-empregados-da-infraero-aceitam-proposta-da-vice-presidencia-do-tst.html"},"wordCount":156,"commentCount":0,"image":{"@id":"https:\/\/mhcalculos.com.br\/noticias\/area\/trabalhista\/tst-empregados-da-infraero-aceitam-proposta-da-vice-presidencia-do-tst.html#primaryimage"},"thumbnailUrl":"https:\/\/mhcalculos.com.br\/noticias\/wp-content\/uploads\/sites\/2\/2018\/06\/trabalhista-0033.jpg","keywords":["c\u00e1lculos trabalhistas","direito trabalhista","per\u00edcia","perito","trabalho","TST"],"articleSection":["Direito Trabalhista","TST"],"inLanguage":"pt-BR","potentialAction":[{"@type":"CommentAction","name":"Comment","target":["https:\/\/mhcalculos.com.br\/noticias\/area\/trabalhista\/tst-empregados-da-infraero-aceitam-proposta-da-vice-presidencia-do-tst.html#respond"]}]},{"@type":"WebPage","@id":"https:\/\/mhcalculos.com.br\/noticias\/area\/trabalhista\/tst-empregados-da-infraero-aceitam-proposta-da-vice-presidencia-do-tst.html","url":"https:\/\/mhcalculos.com.br\/noticias\/area\/trabalhista\/tst-empregados-da-infraero-aceitam-proposta-da-vice-presidencia-do-tst.html","name":"TST: Empregados da Infraero aceitam proposta da Vice-Presid\u00eancia do TST | Portal de Not\u00edcias","isPartOf":{"@id":"https:\/\/mhcalculos.com.br\/noticias\/#website"},"primaryImageOfPage":{"@id":"https:\/\/mhcalculos.com.br\/noticias\/area\/trabalhista\/tst-empregados-da-infraero-aceitam-proposta-da-vice-presidencia-do-tst.html#primaryimage"},"image":{"@id":"https:\/\/mhcalculos.com.br\/noticias\/area\/trabalhista\/tst-empregados-da-infraero-aceitam-proposta-da-vice-presidencia-do-tst.html#primaryimage"},"thumbnailUrl":"https:\/\/mhcalculos.com.br\/noticias\/wp-content\/uploads\/sites\/2\/2018\/06\/trabalhista-0033.jpg","datePublished":"2018-06-25T21:17:00+00:00","dateModified":"2021-07-28T17:34:31+00:00","author":{"@id":"https:\/\/mhcalculos.com.br\/noticias\/#\/schema\/person\/88d1c34bf72dc779ea14a5a6b8e0ae8d"},"breadcrumb":{"@id":"https:\/\/mhcalculos.com.br\/noticias\/area\/trabalhista\/tst-empregados-da-infraero-aceitam-proposta-da-vice-presidencia-do-tst.html#breadcrumb"},"inLanguage":"pt-BR","potentialAction":[{"@type":"ReadAction","target":["https:\/\/mhcalculos.com.br\/noticias\/area\/trabalhista\/tst-empregados-da-infraero-aceitam-proposta-da-vice-presidencia-do-tst.html"]}]},{"@type":"ImageObject","inLanguage":"pt-BR","@id":"https:\/\/mhcalculos.com.br\/noticias\/area\/trabalhista\/tst-empregados-da-infraero-aceitam-proposta-da-vice-presidencia-do-tst.html#primaryimage","url":"https:\/\/mhcalculos.com.br\/noticias\/wp-content\/uploads\/sites\/2\/2018\/06\/trabalhista-0033.jpg","contentUrl":"https:\/\/mhcalculos.com.br\/noticias\/wp-content\/uploads\/sites\/2\/2018\/06\/trabalhista-0033.jpg","width":2000,"height":800},{"@type":"BreadcrumbList","@id":"https:\/\/mhcalculos.com.br\/noticias\/area\/trabalhista\/tst-empregados-da-infraero-aceitam-proposta-da-vice-presidencia-do-tst.html#breadcrumb","itemListElement":[{"@type":"ListItem","position":1,"name":"In\u00edcio","item":"https:\/\/mhcalculos.com.br\/noticias\/"},{"@type":"ListItem","position":2,"name":"TST: Empregados da Infraero aceitam proposta da Vice-Presid\u00eancia do TST"}]},{"@type":"WebSite","@id":"https:\/\/mhcalculos.com.br\/noticias\/#website","url":"https:\/\/mhcalculos.com.br\/noticias\/","name":"Portal de Not\u00edcias","description":"Not\u00edcias e Jurisprud\u00eancia","potentialAction":[{"@type":"SearchAction","target":{"@type":"EntryPoint","urlTemplate":"https:\/\/mhcalculos.com.br\/noticias\/?s={search_term_string}"},"query-input":{"@type":"PropertyValueSpecification","valueRequired":true,"valueName":"search_term_string"}}],"inLanguage":"pt-BR"},{"@type":"Person","@id":"https:\/\/mhcalculos.com.br\/noticias\/#\/schema\/person\/88d1c34bf72dc779ea14a5a6b8e0ae8d","name":"Equipe MH","image":{"@type":"ImageObject","inLanguage":"pt-BR","@id":"https:\/\/secure.gravatar.com\/avatar\/de1c686c2ecc9c5a3f327e3431d819eb39f8f05d4e1045f5a1caad6daaba987f?s=96&d=mm&r=g","url":"https:\/\/secure.gravatar.com\/avatar\/de1c686c2ecc9c5a3f327e3431d819eb39f8f05d4e1045f5a1caad6daaba987f?s=96&d=mm&r=g","contentUrl":"https:\/\/secure.gravatar.com\/avatar\/de1c686c2ecc9c5a3f327e3431d819eb39f8f05d4e1045f5a1caad6daaba987f?s=96&d=mm&r=g","caption":"Equipe MH"}}]}},"_links":{"self":[{"href":"https:\/\/mhcalculos.com.br\/noticias\/wp-json\/wp\/v2\/posts\/2298","targetHints":{"allow":["GET"]}}],"collection":[{"href":"https:\/\/mhcalculos.com.br\/noticias\/wp-json\/wp\/v2\/posts"}],"about":[{"href":"https:\/\/mhcalculos.com.br\/noticias\/wp-json\/wp\/v2\/types\/post"}],"author":[{"embeddable":true,"href":"https:\/\/mhcalculos.com.br\/noticias\/wp-json\/wp\/v2\/users\/3063"}],"replies":[{"embeddable":true,"href":"https:\/\/mhcalculos.com.br\/noticias\/wp-json\/wp\/v2\/comments?post=2298"}],"version-history":[{"count":1,"href":"https:\/\/mhcalculos.com.br\/noticias\/wp-json\/wp\/v2\/posts\/2298\/revisions"}],"predecessor-version":[{"id":10353,"href":"https:\/\/mhcalculos.com.br\/noticias\/wp-json\/wp\/v2\/posts\/2298\/revisions\/10353"}],"wp:featuredmedia":[{"embeddable":true,"href":"https:\/\/mhcalculos.com.br\/noticias\/wp-json\/wp\/v2\/media\/2053"}],"wp:attachment":[{"href":"https:\/\/mhcalculos.com.br\/noticias\/wp-json\/wp\/v2\/media?parent=2298"}],"wp:term":[{"taxonomy":"category","embeddable":true,"href":"https:\/\/mhcalculos.com.br\/noticias\/wp-json\/wp\/v2\/categories?post=2298"},{"taxonomy":"post_tag","embeddable":true,"href":"https:\/\/mhcalculos.com.br\/noticias\/wp-json\/wp\/v2\/tags?post=2298"}],"curies":[{"name":"wp","href":"https:\/\/api.w.org\/{rel}","templated":true}]}}