{"id":2297,"date":"2018-06-26T23:38:42","date_gmt":"2018-06-27T02:38:42","guid":{"rendered":"https:\/\/mhcalculos.com.br\/noticias\/2018\/06\/26\/trf3-tribunal-condena-fiscal-do-trabalho-por-improbidade-administrativa\/"},"modified":"2021-07-28T14:34:31","modified_gmt":"2021-07-28T17:34:31","slug":"trf3-tribunal-condena-fiscal-do-trabalho-por-improbidade-administrativa","status":"publish","type":"post","link":"https:\/\/mhcalculos.com.br\/noticias\/area\/previdenciario\/trf3-tribunal-condena-fiscal-do-trabalho-por-improbidade-administrativa.html","title":{"rendered":"TRF3: TRIBUNAL&nbsp;CONDENA FISCAL DO TRABALHO POR IMPROBIDADE ADMINISTRATIVA"},"content":{"rendered":"\n<div class=\"mat\">\n<p><em>Servidor teria solicitado R$ 10 mil para deixar de lan\u00e7ar autua\u00e7\u00f5es contra empresa de transportes em 2007<\/em><\/p>\n<p>A Quarta Turma do Tribunal Regional Federal da 3\u00aa Regi\u00e3o (TRF3) condenou, por unanimidade, um fiscal do Trabalho em a\u00e7\u00e3o civil p\u00fablica pela pr\u00e1tica de atos de improbidade administrativa (Lei 8.429\/92) no desempenho das fun\u00e7\u00f5es de fiscaliza\u00e7\u00e3o contra uma empresa de transportes e encomendas em 2007, em S\u00e3o Paulo\/SP.<\/p>\n<p>Os magistrados aplicaram ao condenado pena de multa civil consistente no montante de tr\u00eas vezes o valor de sua remunera\u00e7\u00e3o e outras tr\u00eas san\u00e7\u00f5es: proibi\u00e7\u00e3o de contratar com o Poder P\u00fablico ou receber benef\u00edcios ou incentivos fiscais; perda da fun\u00e7\u00e3o p\u00fablica (ou cassa\u00e7\u00e3o da aposentadoria); e suspens\u00e3o dos direitos pol\u00edticos por tr\u00eas anos.<\/p>\n<p>\u201cAp\u00f3s an\u00e1lise do conjunto probat\u00f3rio, n\u00e3o h\u00e1 nenhuma d\u00favida da pr\u00e1tica de atos de improbidade. No caso do artigo 11, da Lei n\u00ba 8.429\/92, o pressuposto essencial para configura\u00e7\u00e3o do ato de improbidade \u00e9 a viola\u00e7\u00e3o aos princ\u00edpios da Administra\u00e7\u00e3o P\u00fablica, independente do enriquecimento il\u00edcito ou de les\u00e3o ao er\u00e1rio\u201d, destacou a Desembargadora Federal M\u00f4nica Nobre, relatora do processo.<\/p>\n<p>A den\u00fancia na a\u00e7\u00e3o civil p\u00fablica proposta pelo Minist\u00e9rio P\u00fablico Federal (MPF) \u00e9 reflexo de imputa\u00e7\u00f5es deduzidas contra o r\u00e9u em a\u00e7\u00e3o penal, na qual no desempenho de suas fun\u00e7\u00f5es de fiscal do trabalho, solicitou, para si, diretamente, em raz\u00e3o de sua fun\u00e7\u00e3o p\u00fablica, vantagem indevida aos funcion\u00e1rios da filial da empresa de transportes e encomendas.<\/p>\n<p>Segundo o MPF, em consequ\u00eancia do crime concretizado e na esperan\u00e7a de efetivamente obter a vantagem que pretendia, o denunciado retardou a pr\u00e1tica de ato de of\u00edcio, visto que deixou de registrar nos sistemas do Minist\u00e9rio do Trabalho e Emprego as autua\u00e7\u00f5es lavradas inicialmente em 02\/04\/2007, somente realizando os registros devidos nos sistemas no dia 11\/06\/2007.<\/p>\n<p>Na senten\u00e7a de primeira inst\u00e2ncia, testemunhas relataram que um pagamento de R$ 10 mil para o r\u00e9u evitaria a lavratura do auto de infra\u00e7\u00e3o e por consequ\u00eancia a imposi\u00e7\u00e3o da multa R$ 170 mil, aproximadamente, pelo descumprimento da legisla\u00e7\u00e3o trabalhista (extens\u00e3o da carga hor\u00e1ria dos trabalhadores de transporte).<\/p>\n<p>Ao negar provimento ao recurso do condenado, a Quarta Turma manteve a aplica\u00e7\u00e3o de multa civil ao fiscal, al\u00e9m das san\u00e7\u00f5es pela pr\u00e1tica de atos de improbidade administrativa, previstos no artigo 11, incisos I e II, da Lei n\u00ba 8.429\/92, como a proibi\u00e7\u00e3o de contratar com o Poder P\u00fablico por tr\u00eas anos, a perda da fun\u00e7\u00e3o p\u00fablica e a suspens\u00e3o dos direitos pol\u00edticos por tr\u00eas anos. Al\u00e9m disso, manteve o sigilo no processo somente na esp\u00e9cie sigilo de documentos.<\/p>\n<p>Apela\u00e7\u00e3o C\u00edvel 0014580-92.2013.4.03.6100\/SP<\/p>\n<\/p><\/div>\n<p><i>Com informa\u00e7\u00f5es da assessoria de imprensa do TRF3.<\/i><br \/>\n<br \/><a href=\"http:\/\/web.trf3.jus.br\/noticias\/Noticias\/Noticia\/Exibir\/370023\">Fonte<\/a><br \/>\n<br \/><\/p>\n","protected":false},"excerpt":{"rendered":"<p>Servidor teria solicitado R$ 10 mil para deixar de lan\u00e7ar autua\u00e7\u00f5es contra empresa de transportes em 2007 A Quarta Turma do Tribunal Regional Federal da 3\u00aa Regi\u00e3o (TRF3) condenou, por unanimidade, um fiscal do Trabalho em a\u00e7\u00e3o civil p\u00fablica pela pr\u00e1tica de atos de improbidade administrativa (Lei 8.429\/92) no desempenho das fun\u00e7\u00f5es de fiscaliza\u00e7\u00e3o contra [&hellip;]<\/p>\n","protected":false},"author":3063,"featured_media":2245,"comment_status":"open","ping_status":"open","sticky":false,"template":"","format":"standard","meta":{"footnotes":""},"categories":[5,110],"tags":[11,10,8,13,9,12,152],"class_list":{"0":"post-2297","1":"post","2":"type-post","3":"status-publish","4":"format-standard","5":"has-post-thumbnail","7":"category-previdenciario","8":"category-trf3","9":"tag-aposentadoria","10":"tag-calculos-previdenciarios","11":"tag-direito-previdenciario","12":"tag-inss","13":"tag-pericia","14":"tag-perito","15":"tag-trf3"},"yoast_head":"<!-- This site is optimized with the Yoast SEO plugin v27.2 - https:\/\/yoast.com\/product\/yoast-seo-wordpress\/ -->\n<title>TRF3: TRIBUNAL&nbsp;CONDENA FISCAL DO TRABALHO POR IMPROBIDADE ADMINISTRATIVA | Portal de Not\u00edcias<\/title>\n<meta name=\"robots\" content=\"index, follow, max-snippet:-1, max-image-preview:large, max-video-preview:-1\" \/>\n<link rel=\"canonical\" href=\"https:\/\/mhcalculos.com.br\/noticias\/area\/previdenciario\/trf3-tribunal-condena-fiscal-do-trabalho-por-improbidade-administrativa.html\" \/>\n<meta property=\"og:locale\" content=\"pt_BR\" \/>\n<meta property=\"og:type\" content=\"article\" \/>\n<meta property=\"og:title\" content=\"TRF3: TRIBUNAL&nbsp;CONDENA FISCAL DO TRABALHO POR IMPROBIDADE ADMINISTRATIVA | Portal de Not\u00edcias\" \/>\n<meta property=\"og:description\" content=\"Servidor teria solicitado R$ 10 mil para deixar de lan\u00e7ar autua\u00e7\u00f5es contra empresa de transportes em 2007 A Quarta Turma do Tribunal Regional Federal da 3\u00aa Regi\u00e3o (TRF3) condenou, por unanimidade, um fiscal do Trabalho em a\u00e7\u00e3o civil p\u00fablica pela pr\u00e1tica de atos de improbidade administrativa (Lei 8.429\/92) no desempenho das fun\u00e7\u00f5es de fiscaliza\u00e7\u00e3o contra [&hellip;]\" \/>\n<meta property=\"og:url\" content=\"https:\/\/mhcalculos.com.br\/noticias\/area\/previdenciario\/trf3-tribunal-condena-fiscal-do-trabalho-por-improbidade-administrativa.html\" \/>\n<meta property=\"og:site_name\" content=\"Portal de Not\u00edcias\" \/>\n<meta property=\"article:published_time\" content=\"2018-06-27T02:38:42+00:00\" \/>\n<meta property=\"article:modified_time\" content=\"2021-07-28T17:34:31+00:00\" \/>\n<meta property=\"og:image\" content=\"https:\/\/mhcalculos.com.br\/noticias\/wp-content\/uploads\/sites\/2\/2018\/06\/judiciario-0030.jpg\" \/>\n\t<meta property=\"og:image:width\" content=\"2000\" \/>\n\t<meta property=\"og:image:height\" content=\"800\" \/>\n\t<meta property=\"og:image:type\" content=\"image\/jpeg\" \/>\n<meta name=\"author\" content=\"Equipe MH\" \/>\n<meta name=\"twitter:card\" content=\"summary_large_image\" \/>\n<meta name=\"twitter:label1\" content=\"Escrito por\" \/>\n\t<meta name=\"twitter:data1\" content=\"Equipe MH\" \/>\n\t<meta name=\"twitter:label2\" content=\"Est. tempo de leitura\" \/>\n\t<meta name=\"twitter:data2\" content=\"3 minutos\" \/>\n<script type=\"application\/ld+json\" class=\"yoast-schema-graph\">{\"@context\":\"https:\/\/schema.org\",\"@graph\":[{\"@type\":\"Article\",\"@id\":\"https:\/\/mhcalculos.com.br\/noticias\/area\/previdenciario\/trf3-tribunal-condena-fiscal-do-trabalho-por-improbidade-administrativa.html#article\",\"isPartOf\":{\"@id\":\"https:\/\/mhcalculos.com.br\/noticias\/area\/previdenciario\/trf3-tribunal-condena-fiscal-do-trabalho-por-improbidade-administrativa.html\"},\"author\":{\"name\":\"Equipe MH\",\"@id\":\"https:\/\/mhcalculos.com.br\/noticias\/#\/schema\/person\/88d1c34bf72dc779ea14a5a6b8e0ae8d\"},\"headline\":\"TRF3: TRIBUNAL&nbsp;CONDENA FISCAL DO TRABALHO POR IMPROBIDADE ADMINISTRATIVA\",\"datePublished\":\"2018-06-27T02:38:42+00:00\",\"dateModified\":\"2021-07-28T17:34:31+00:00\",\"mainEntityOfPage\":{\"@id\":\"https:\/\/mhcalculos.com.br\/noticias\/area\/previdenciario\/trf3-tribunal-condena-fiscal-do-trabalho-por-improbidade-administrativa.html\"},\"wordCount\":510,\"commentCount\":0,\"image\":{\"@id\":\"https:\/\/mhcalculos.com.br\/noticias\/area\/previdenciario\/trf3-tribunal-condena-fiscal-do-trabalho-por-improbidade-administrativa.html#primaryimage\"},\"thumbnailUrl\":\"https:\/\/mhcalculos.com.br\/noticias\/wp-content\/uploads\/sites\/2\/2018\/06\/judiciario-0030.jpg\",\"keywords\":[\"aposentadoria\",\"c\u00e1lculos previdenci\u00e1rios\",\"direito previdenci\u00e1rio\",\"inss\",\"per\u00edcia\",\"perito\",\"trf3\"],\"articleSection\":[\"Direito Previdenci\u00e1rio\",\"TRF3\"],\"inLanguage\":\"pt-BR\",\"potentialAction\":[{\"@type\":\"CommentAction\",\"name\":\"Comment\",\"target\":[\"https:\/\/mhcalculos.com.br\/noticias\/area\/previdenciario\/trf3-tribunal-condena-fiscal-do-trabalho-por-improbidade-administrativa.html#respond\"]}]},{\"@type\":\"WebPage\",\"@id\":\"https:\/\/mhcalculos.com.br\/noticias\/area\/previdenciario\/trf3-tribunal-condena-fiscal-do-trabalho-por-improbidade-administrativa.html\",\"url\":\"https:\/\/mhcalculos.com.br\/noticias\/area\/previdenciario\/trf3-tribunal-condena-fiscal-do-trabalho-por-improbidade-administrativa.html\",\"name\":\"TRF3: TRIBUNAL&nbsp;CONDENA FISCAL DO TRABALHO POR IMPROBIDADE ADMINISTRATIVA | Portal de Not\u00edcias\",\"isPartOf\":{\"@id\":\"https:\/\/mhcalculos.com.br\/noticias\/#website\"},\"primaryImageOfPage\":{\"@id\":\"https:\/\/mhcalculos.com.br\/noticias\/area\/previdenciario\/trf3-tribunal-condena-fiscal-do-trabalho-por-improbidade-administrativa.html#primaryimage\"},\"image\":{\"@id\":\"https:\/\/mhcalculos.com.br\/noticias\/area\/previdenciario\/trf3-tribunal-condena-fiscal-do-trabalho-por-improbidade-administrativa.html#primaryimage\"},\"thumbnailUrl\":\"https:\/\/mhcalculos.com.br\/noticias\/wp-content\/uploads\/sites\/2\/2018\/06\/judiciario-0030.jpg\",\"datePublished\":\"2018-06-27T02:38:42+00:00\",\"dateModified\":\"2021-07-28T17:34:31+00:00\",\"author\":{\"@id\":\"https:\/\/mhcalculos.com.br\/noticias\/#\/schema\/person\/88d1c34bf72dc779ea14a5a6b8e0ae8d\"},\"breadcrumb\":{\"@id\":\"https:\/\/mhcalculos.com.br\/noticias\/area\/previdenciario\/trf3-tribunal-condena-fiscal-do-trabalho-por-improbidade-administrativa.html#breadcrumb\"},\"inLanguage\":\"pt-BR\",\"potentialAction\":[{\"@type\":\"ReadAction\",\"target\":[\"https:\/\/mhcalculos.com.br\/noticias\/area\/previdenciario\/trf3-tribunal-condena-fiscal-do-trabalho-por-improbidade-administrativa.html\"]}]},{\"@type\":\"ImageObject\",\"inLanguage\":\"pt-BR\",\"@id\":\"https:\/\/mhcalculos.com.br\/noticias\/area\/previdenciario\/trf3-tribunal-condena-fiscal-do-trabalho-por-improbidade-administrativa.html#primaryimage\",\"url\":\"https:\/\/mhcalculos.com.br\/noticias\/wp-content\/uploads\/sites\/2\/2018\/06\/judiciario-0030.jpg\",\"contentUrl\":\"https:\/\/mhcalculos.com.br\/noticias\/wp-content\/uploads\/sites\/2\/2018\/06\/judiciario-0030.jpg\",\"width\":2000,\"height\":800},{\"@type\":\"BreadcrumbList\",\"@id\":\"https:\/\/mhcalculos.com.br\/noticias\/area\/previdenciario\/trf3-tribunal-condena-fiscal-do-trabalho-por-improbidade-administrativa.html#breadcrumb\",\"itemListElement\":[{\"@type\":\"ListItem\",\"position\":1,\"name\":\"In\u00edcio\",\"item\":\"https:\/\/mhcalculos.com.br\/noticias\/\"},{\"@type\":\"ListItem\",\"position\":2,\"name\":\"TRF3: TRIBUNAL&nbsp;CONDENA FISCAL DO TRABALHO POR IMPROBIDADE ADMINISTRATIVA\"}]},{\"@type\":\"WebSite\",\"@id\":\"https:\/\/mhcalculos.com.br\/noticias\/#website\",\"url\":\"https:\/\/mhcalculos.com.br\/noticias\/\",\"name\":\"Portal de Not\u00edcias\",\"description\":\"Not\u00edcias e Jurisprud\u00eancia\",\"potentialAction\":[{\"@type\":\"SearchAction\",\"target\":{\"@type\":\"EntryPoint\",\"urlTemplate\":\"https:\/\/mhcalculos.com.br\/noticias\/?s={search_term_string}\"},\"query-input\":{\"@type\":\"PropertyValueSpecification\",\"valueRequired\":true,\"valueName\":\"search_term_string\"}}],\"inLanguage\":\"pt-BR\"},{\"@type\":\"Person\",\"@id\":\"https:\/\/mhcalculos.com.br\/noticias\/#\/schema\/person\/88d1c34bf72dc779ea14a5a6b8e0ae8d\",\"name\":\"Equipe MH\",\"image\":{\"@type\":\"ImageObject\",\"inLanguage\":\"pt-BR\",\"@id\":\"https:\/\/secure.gravatar.com\/avatar\/de1c686c2ecc9c5a3f327e3431d819eb39f8f05d4e1045f5a1caad6daaba987f?s=96&d=mm&r=g\",\"url\":\"https:\/\/secure.gravatar.com\/avatar\/de1c686c2ecc9c5a3f327e3431d819eb39f8f05d4e1045f5a1caad6daaba987f?s=96&d=mm&r=g\",\"contentUrl\":\"https:\/\/secure.gravatar.com\/avatar\/de1c686c2ecc9c5a3f327e3431d819eb39f8f05d4e1045f5a1caad6daaba987f?s=96&d=mm&r=g\",\"caption\":\"Equipe MH\"}}]}<\/script>\n<!-- \/ Yoast SEO plugin. -->","yoast_head_json":{"title":"TRF3: TRIBUNAL&nbsp;CONDENA FISCAL DO TRABALHO POR IMPROBIDADE ADMINISTRATIVA | Portal de Not\u00edcias","robots":{"index":"index","follow":"follow","max-snippet":"max-snippet:-1","max-image-preview":"max-image-preview:large","max-video-preview":"max-video-preview:-1"},"canonical":"https:\/\/mhcalculos.com.br\/noticias\/area\/previdenciario\/trf3-tribunal-condena-fiscal-do-trabalho-por-improbidade-administrativa.html","og_locale":"pt_BR","og_type":"article","og_title":"TRF3: TRIBUNAL&nbsp;CONDENA FISCAL DO TRABALHO POR IMPROBIDADE ADMINISTRATIVA | Portal de Not\u00edcias","og_description":"Servidor teria solicitado R$ 10 mil para deixar de lan\u00e7ar autua\u00e7\u00f5es contra empresa de transportes em 2007 A Quarta Turma do Tribunal Regional Federal da 3\u00aa Regi\u00e3o (TRF3) condenou, por unanimidade, um fiscal do Trabalho em a\u00e7\u00e3o civil p\u00fablica pela pr\u00e1tica de atos de improbidade administrativa (Lei 8.429\/92) no desempenho das fun\u00e7\u00f5es de fiscaliza\u00e7\u00e3o contra [&hellip;]","og_url":"https:\/\/mhcalculos.com.br\/noticias\/area\/previdenciario\/trf3-tribunal-condena-fiscal-do-trabalho-por-improbidade-administrativa.html","og_site_name":"Portal de Not\u00edcias","article_published_time":"2018-06-27T02:38:42+00:00","article_modified_time":"2021-07-28T17:34:31+00:00","og_image":[{"width":2000,"height":800,"url":"https:\/\/mhcalculos.com.br\/noticias\/wp-content\/uploads\/sites\/2\/2018\/06\/judiciario-0030.jpg","type":"image\/jpeg"}],"author":"Equipe MH","twitter_card":"summary_large_image","twitter_misc":{"Escrito por":"Equipe MH","Est. tempo de leitura":"3 minutos"},"schema":{"@context":"https:\/\/schema.org","@graph":[{"@type":"Article","@id":"https:\/\/mhcalculos.com.br\/noticias\/area\/previdenciario\/trf3-tribunal-condena-fiscal-do-trabalho-por-improbidade-administrativa.html#article","isPartOf":{"@id":"https:\/\/mhcalculos.com.br\/noticias\/area\/previdenciario\/trf3-tribunal-condena-fiscal-do-trabalho-por-improbidade-administrativa.html"},"author":{"name":"Equipe MH","@id":"https:\/\/mhcalculos.com.br\/noticias\/#\/schema\/person\/88d1c34bf72dc779ea14a5a6b8e0ae8d"},"headline":"TRF3: TRIBUNAL&nbsp;CONDENA FISCAL DO TRABALHO POR IMPROBIDADE ADMINISTRATIVA","datePublished":"2018-06-27T02:38:42+00:00","dateModified":"2021-07-28T17:34:31+00:00","mainEntityOfPage":{"@id":"https:\/\/mhcalculos.com.br\/noticias\/area\/previdenciario\/trf3-tribunal-condena-fiscal-do-trabalho-por-improbidade-administrativa.html"},"wordCount":510,"commentCount":0,"image":{"@id":"https:\/\/mhcalculos.com.br\/noticias\/area\/previdenciario\/trf3-tribunal-condena-fiscal-do-trabalho-por-improbidade-administrativa.html#primaryimage"},"thumbnailUrl":"https:\/\/mhcalculos.com.br\/noticias\/wp-content\/uploads\/sites\/2\/2018\/06\/judiciario-0030.jpg","keywords":["aposentadoria","c\u00e1lculos previdenci\u00e1rios","direito previdenci\u00e1rio","inss","per\u00edcia","perito","trf3"],"articleSection":["Direito Previdenci\u00e1rio","TRF3"],"inLanguage":"pt-BR","potentialAction":[{"@type":"CommentAction","name":"Comment","target":["https:\/\/mhcalculos.com.br\/noticias\/area\/previdenciario\/trf3-tribunal-condena-fiscal-do-trabalho-por-improbidade-administrativa.html#respond"]}]},{"@type":"WebPage","@id":"https:\/\/mhcalculos.com.br\/noticias\/area\/previdenciario\/trf3-tribunal-condena-fiscal-do-trabalho-por-improbidade-administrativa.html","url":"https:\/\/mhcalculos.com.br\/noticias\/area\/previdenciario\/trf3-tribunal-condena-fiscal-do-trabalho-por-improbidade-administrativa.html","name":"TRF3: TRIBUNAL&nbsp;CONDENA FISCAL DO TRABALHO POR IMPROBIDADE ADMINISTRATIVA | Portal de Not\u00edcias","isPartOf":{"@id":"https:\/\/mhcalculos.com.br\/noticias\/#website"},"primaryImageOfPage":{"@id":"https:\/\/mhcalculos.com.br\/noticias\/area\/previdenciario\/trf3-tribunal-condena-fiscal-do-trabalho-por-improbidade-administrativa.html#primaryimage"},"image":{"@id":"https:\/\/mhcalculos.com.br\/noticias\/area\/previdenciario\/trf3-tribunal-condena-fiscal-do-trabalho-por-improbidade-administrativa.html#primaryimage"},"thumbnailUrl":"https:\/\/mhcalculos.com.br\/noticias\/wp-content\/uploads\/sites\/2\/2018\/06\/judiciario-0030.jpg","datePublished":"2018-06-27T02:38:42+00:00","dateModified":"2021-07-28T17:34:31+00:00","author":{"@id":"https:\/\/mhcalculos.com.br\/noticias\/#\/schema\/person\/88d1c34bf72dc779ea14a5a6b8e0ae8d"},"breadcrumb":{"@id":"https:\/\/mhcalculos.com.br\/noticias\/area\/previdenciario\/trf3-tribunal-condena-fiscal-do-trabalho-por-improbidade-administrativa.html#breadcrumb"},"inLanguage":"pt-BR","potentialAction":[{"@type":"ReadAction","target":["https:\/\/mhcalculos.com.br\/noticias\/area\/previdenciario\/trf3-tribunal-condena-fiscal-do-trabalho-por-improbidade-administrativa.html"]}]},{"@type":"ImageObject","inLanguage":"pt-BR","@id":"https:\/\/mhcalculos.com.br\/noticias\/area\/previdenciario\/trf3-tribunal-condena-fiscal-do-trabalho-por-improbidade-administrativa.html#primaryimage","url":"https:\/\/mhcalculos.com.br\/noticias\/wp-content\/uploads\/sites\/2\/2018\/06\/judiciario-0030.jpg","contentUrl":"https:\/\/mhcalculos.com.br\/noticias\/wp-content\/uploads\/sites\/2\/2018\/06\/judiciario-0030.jpg","width":2000,"height":800},{"@type":"BreadcrumbList","@id":"https:\/\/mhcalculos.com.br\/noticias\/area\/previdenciario\/trf3-tribunal-condena-fiscal-do-trabalho-por-improbidade-administrativa.html#breadcrumb","itemListElement":[{"@type":"ListItem","position":1,"name":"In\u00edcio","item":"https:\/\/mhcalculos.com.br\/noticias\/"},{"@type":"ListItem","position":2,"name":"TRF3: TRIBUNAL&nbsp;CONDENA FISCAL DO TRABALHO POR IMPROBIDADE ADMINISTRATIVA"}]},{"@type":"WebSite","@id":"https:\/\/mhcalculos.com.br\/noticias\/#website","url":"https:\/\/mhcalculos.com.br\/noticias\/","name":"Portal de Not\u00edcias","description":"Not\u00edcias e Jurisprud\u00eancia","potentialAction":[{"@type":"SearchAction","target":{"@type":"EntryPoint","urlTemplate":"https:\/\/mhcalculos.com.br\/noticias\/?s={search_term_string}"},"query-input":{"@type":"PropertyValueSpecification","valueRequired":true,"valueName":"search_term_string"}}],"inLanguage":"pt-BR"},{"@type":"Person","@id":"https:\/\/mhcalculos.com.br\/noticias\/#\/schema\/person\/88d1c34bf72dc779ea14a5a6b8e0ae8d","name":"Equipe MH","image":{"@type":"ImageObject","inLanguage":"pt-BR","@id":"https:\/\/secure.gravatar.com\/avatar\/de1c686c2ecc9c5a3f327e3431d819eb39f8f05d4e1045f5a1caad6daaba987f?s=96&d=mm&r=g","url":"https:\/\/secure.gravatar.com\/avatar\/de1c686c2ecc9c5a3f327e3431d819eb39f8f05d4e1045f5a1caad6daaba987f?s=96&d=mm&r=g","contentUrl":"https:\/\/secure.gravatar.com\/avatar\/de1c686c2ecc9c5a3f327e3431d819eb39f8f05d4e1045f5a1caad6daaba987f?s=96&d=mm&r=g","caption":"Equipe MH"}}]}},"_links":{"self":[{"href":"https:\/\/mhcalculos.com.br\/noticias\/wp-json\/wp\/v2\/posts\/2297","targetHints":{"allow":["GET"]}}],"collection":[{"href":"https:\/\/mhcalculos.com.br\/noticias\/wp-json\/wp\/v2\/posts"}],"about":[{"href":"https:\/\/mhcalculos.com.br\/noticias\/wp-json\/wp\/v2\/types\/post"}],"author":[{"embeddable":true,"href":"https:\/\/mhcalculos.com.br\/noticias\/wp-json\/wp\/v2\/users\/3063"}],"replies":[{"embeddable":true,"href":"https:\/\/mhcalculos.com.br\/noticias\/wp-json\/wp\/v2\/comments?post=2297"}],"version-history":[{"count":1,"href":"https:\/\/mhcalculos.com.br\/noticias\/wp-json\/wp\/v2\/posts\/2297\/revisions"}],"predecessor-version":[{"id":10349,"href":"https:\/\/mhcalculos.com.br\/noticias\/wp-json\/wp\/v2\/posts\/2297\/revisions\/10349"}],"wp:featuredmedia":[{"embeddable":true,"href":"https:\/\/mhcalculos.com.br\/noticias\/wp-json\/wp\/v2\/media\/2245"}],"wp:attachment":[{"href":"https:\/\/mhcalculos.com.br\/noticias\/wp-json\/wp\/v2\/media?parent=2297"}],"wp:term":[{"taxonomy":"category","embeddable":true,"href":"https:\/\/mhcalculos.com.br\/noticias\/wp-json\/wp\/v2\/categories?post=2297"},{"taxonomy":"post_tag","embeddable":true,"href":"https:\/\/mhcalculos.com.br\/noticias\/wp-json\/wp\/v2\/tags?post=2297"}],"curies":[{"name":"wp","href":"https:\/\/api.w.org\/{rel}","templated":true}]}}