{"id":2241,"date":"2018-06-22T17:03:07","date_gmt":"2018-06-22T20:03:07","guid":{"rendered":"https:\/\/mhcalculos.com.br\/noticias\/2018\/06\/22\/stf-adi-contra-lei-que-aumentou-a-aliquota-de-contribuicao-previdenciaria-dos-servidores-do-ceara-tera-rito-abreviado\/"},"modified":"2021-07-28T14:34:32","modified_gmt":"2021-07-28T17:34:32","slug":"stf-adi-contra-lei-que-aumentou-a-aliquota-de-contribuicao-previdenciaria-dos-servidores-do-ceara-tera-rito-abreviado","status":"publish","type":"post","link":"https:\/\/mhcalculos.com.br\/noticias\/area\/previdenciario\/stf-adi-contra-lei-que-aumentou-a-aliquota-de-contribuicao-previdenciaria-dos-servidores-do-ceara-tera-rito-abreviado.html","title":{"rendered":"STF: ADI contra lei que aumentou a al\u00edquota de contribui\u00e7\u00e3o previdenci\u00e1ria dos servidores do Cear\u00e1 ter\u00e1 rito abreviado"},"content":{"rendered":"<p><br \/>\n<\/p>\n<p>A Associa\u00e7\u00e3o Nacional de Defensores P\u00fablicos (Anadep) ajuizou, no Supremo Tribunal Federal (STF), a A\u00e7\u00e3o Direta de Inconstitucionalidade (ADI) 5944 para questionar o artigo 1&ordm; da Lei Complementar 167\/2016, do Cear\u00e1, que alterou a al\u00edquota de contribui\u00e7\u00e3o previdenci\u00e1ria do funcionalismo p\u00fablico estadual. O relator, ministro Marco Aur\u00e9lio, aplicou ao caso o rito abreviado previsto no artigo 12 da Lei 9.868\/1999, para que a a\u00e7\u00e3o seja julgada diretamente no m\u00e9rito pelo Plen\u00e1rio, sem pr\u00e9via an\u00e1lise do pedido de liminar.<\/p>\n<p>A lei cearense estabelece o aumento da contribui\u00e7\u00e3o social do servidor p\u00fablico ativo de quaisquer dos Poderes e \u00f3rg\u00e3os do estado, dos militares e dos agentes p\u00fablicos para 12% em 2017, 13% em 2018 e 14% em 2019, incidentes sobre a totalidade da base de contribui\u00e7\u00e3o definida em lei. Prev\u00ea tamb\u00e9m o aumento da contribui\u00e7\u00e3o para os aposentados, pensionistas e militares reformados nas mesmas al\u00edquotas aplic\u00e1veis ao servidores em atividade, mas incidente sobre a parcela que ultrapassar o limite m\u00e1ximo de contribui\u00e7\u00e3o e benef\u00edcio do Regime Geral de Previd\u00eancia Social (RGPS).<\/p>\n<p>Para a associa\u00e7\u00e3o, eventual majora\u00e7\u00e3o de al\u00edquota deve-se ater \u00e0 finalidade do tributo (Previd\u00eancia Social), ao estudo atuarial (demonstra\u00e7\u00e3o da necessidade de ampliar receitas para aumento das despesas na previd\u00eancia) e \u00e0 proporcionalidade e \u00e0 razoabilidade (artigo 150, inciso IV, da Constitui\u00e7\u00e3o). &ldquo;A contribui\u00e7\u00e3o previdenci\u00e1ria n\u00e3o poder ser majorada sem que exista necessidade para financiamento espec\u00edfico da Previd\u00eancia, n\u00e3o podendo esse aumento servir para custear outros gastos estatais&rdquo;, destacou. Segundo a Anadep, o aumento da al\u00edquota de contribui\u00e7\u00e3o previdenci\u00e1ria sem que haja correla\u00e7\u00e3o do tributo com a sua finalidade &ndash; que \u00e9 custear a Previd\u00eancia Social &ndash; \u00e9 ato de confisco, vedado pela Constitui\u00e7\u00e3o.<\/p>\n<p>Ainda de acordo com a entidade, a an\u00e1lise do projeto de lei que originou a norma demonstra que n\u00e3o houve qualquer c\u00e1lculo atuarial que justificasse o aumento progressivo da al\u00edquota proposto na lei. &ldquo;Dessa forma, compreende-se que a majora\u00e7\u00e3o da contribui\u00e7\u00e3o previdenci\u00e1ria, na verdade, n\u00e3o est\u00e1 baseada em qualquer estudo capaz de justificar a medida empreendida pelo governador do Estado do Cear\u00e1. S\u00e3o, meramente, suposi\u00e7\u00f5es, as quais n\u00e3o trazem qualquer dado fact\u00edvel, qualquer dado objetivo capaz de justificar a imposi\u00e7\u00e3o de tamanha carga tribut\u00e1ria aos servidores p\u00fablicos&rdquo;, afirmou.<\/p>\n<p>A associa\u00e7\u00e3o pede a declara\u00e7\u00e3o de inconstitucionalidade do artigo 1&ordm; da Lei Complementar 167\/2016 do Estado do Cear\u00e1, no que conferiu nova reda\u00e7\u00e3o aos par\u00e1grafos 1&ordm;, 2&ordm; e 3&ordm; do artigo 5&ordm; da Lei Complementar estadual 12\/1999.<\/p>\n<p><b>Informa\u00e7\u00f5es<\/b><\/p>\n<p>Na decis\u00e3o que adotou o rito abreviado, o relator solicitou informa\u00e7\u00f5es ao governador e \u00e0 Assembleia Legislativa do Cear\u00e1, a serem prestadas no prazo de 10 dias. Em seguida, determinou que se abra vista dos autos, sucessivamente, no prazo de cinco dias, \u00e0 advogada-geral da Uni\u00e3o e \u00e0 procuradora-geral da Rep\u00fablica.<\/p>\n<p><span style=\"font-size: x-small\">SP\/CR,AD<\/span><\/p>\n<p><i>Com informa\u00e7\u00f5es da assessoria de imprensa do STF.<\/i><br \/>\n<br \/><br \/>\n<br \/><a href=\"http:\/\/www.stf.jus.br\/portal\/cms\/verNoticiaDetalhe.asp?idConteudo=382243\">Fonte<\/a><\/p>\n","protected":false},"excerpt":{"rendered":"<p>A Associa\u00e7\u00e3o Nacional de Defensores P\u00fablicos (Anadep) ajuizou, no Supremo Tribunal Federal (STF), a A\u00e7\u00e3o Direta de Inconstitucionalidade (ADI) 5944 para questionar o artigo 1&ordm; da Lei Complementar 167\/2016, do Cear\u00e1, que alterou a al\u00edquota de contribui\u00e7\u00e3o previdenci\u00e1ria do funcionalismo p\u00fablico estadual. O relator, ministro Marco Aur\u00e9lio, aplicou ao caso o rito abreviado previsto no [&hellip;]<\/p>\n","protected":false},"author":3063,"featured_media":2061,"comment_status":"open","ping_status":"open","sticky":false,"template":"","format":"standard","meta":{"footnotes":""},"categories":[5,15],"tags":[11,10,8,13,9,12,16],"class_list":{"0":"post-2241","1":"post","2":"type-post","3":"status-publish","4":"format-standard","5":"has-post-thumbnail","7":"category-previdenciario","8":"category-stf","9":"tag-aposentadoria","10":"tag-calculos-previdenciarios","11":"tag-direito-previdenciario","12":"tag-inss","13":"tag-pericia","14":"tag-perito","15":"tag-stf"},"yoast_head":"<!-- This site is optimized with the Yoast SEO plugin v27.2 - https:\/\/yoast.com\/product\/yoast-seo-wordpress\/ -->\n<title>STF: ADI contra lei que aumentou a al\u00edquota de contribui\u00e7\u00e3o previdenci\u00e1ria dos servidores do Cear\u00e1 ter\u00e1 rito abreviado | Portal de Not\u00edcias<\/title>\n<meta name=\"robots\" content=\"index, follow, max-snippet:-1, max-image-preview:large, max-video-preview:-1\" \/>\n<link rel=\"canonical\" href=\"https:\/\/mhcalculos.com.br\/noticias\/area\/previdenciario\/stf-adi-contra-lei-que-aumentou-a-aliquota-de-contribuicao-previdenciaria-dos-servidores-do-ceara-tera-rito-abreviado.html\" \/>\n<meta property=\"og:locale\" content=\"pt_BR\" \/>\n<meta property=\"og:type\" content=\"article\" \/>\n<meta property=\"og:title\" content=\"STF: ADI contra lei que aumentou a al\u00edquota de contribui\u00e7\u00e3o previdenci\u00e1ria dos servidores do Cear\u00e1 ter\u00e1 rito abreviado | Portal de Not\u00edcias\" \/>\n<meta property=\"og:description\" content=\"A Associa\u00e7\u00e3o Nacional de Defensores P\u00fablicos (Anadep) ajuizou, no Supremo Tribunal Federal (STF), a A\u00e7\u00e3o Direta de Inconstitucionalidade (ADI) 5944 para questionar o artigo 1&ordm; da Lei Complementar 167\/2016, do Cear\u00e1, que alterou a al\u00edquota de contribui\u00e7\u00e3o previdenci\u00e1ria do funcionalismo p\u00fablico estadual. O relator, ministro Marco Aur\u00e9lio, aplicou ao caso o rito abreviado previsto no [&hellip;]\" \/>\n<meta property=\"og:url\" content=\"https:\/\/mhcalculos.com.br\/noticias\/area\/previdenciario\/stf-adi-contra-lei-que-aumentou-a-aliquota-de-contribuicao-previdenciaria-dos-servidores-do-ceara-tera-rito-abreviado.html\" \/>\n<meta property=\"og:site_name\" content=\"Portal de Not\u00edcias\" \/>\n<meta property=\"article:published_time\" content=\"2018-06-22T20:03:07+00:00\" \/>\n<meta property=\"article:modified_time\" content=\"2021-07-28T17:34:32+00:00\" \/>\n<meta property=\"og:image\" content=\"https:\/\/mhcalculos.com.br\/noticias\/wp-content\/uploads\/sites\/2\/2018\/06\/previdenciario-0004.jpg\" \/>\n\t<meta property=\"og:image:width\" content=\"2000\" \/>\n\t<meta property=\"og:image:height\" content=\"800\" \/>\n\t<meta property=\"og:image:type\" content=\"image\/jpeg\" \/>\n<meta name=\"author\" content=\"Equipe MH\" \/>\n<meta name=\"twitter:card\" content=\"summary_large_image\" \/>\n<meta name=\"twitter:label1\" content=\"Escrito por\" \/>\n\t<meta name=\"twitter:data1\" content=\"Equipe MH\" \/>\n\t<meta name=\"twitter:label2\" content=\"Est. tempo de leitura\" \/>\n\t<meta name=\"twitter:data2\" content=\"3 minutos\" \/>\n<script type=\"application\/ld+json\" class=\"yoast-schema-graph\">{\"@context\":\"https:\/\/schema.org\",\"@graph\":[{\"@type\":\"Article\",\"@id\":\"https:\/\/mhcalculos.com.br\/noticias\/area\/previdenciario\/stf-adi-contra-lei-que-aumentou-a-aliquota-de-contribuicao-previdenciaria-dos-servidores-do-ceara-tera-rito-abreviado.html#article\",\"isPartOf\":{\"@id\":\"https:\/\/mhcalculos.com.br\/noticias\/area\/previdenciario\/stf-adi-contra-lei-que-aumentou-a-aliquota-de-contribuicao-previdenciaria-dos-servidores-do-ceara-tera-rito-abreviado.html\"},\"author\":{\"name\":\"Equipe MH\",\"@id\":\"https:\/\/mhcalculos.com.br\/noticias\/#\/schema\/person\/88d1c34bf72dc779ea14a5a6b8e0ae8d\"},\"headline\":\"STF: ADI contra lei que aumentou a al\u00edquota de contribui\u00e7\u00e3o previdenci\u00e1ria dos servidores do Cear\u00e1 ter\u00e1 rito abreviado\",\"datePublished\":\"2018-06-22T20:03:07+00:00\",\"dateModified\":\"2021-07-28T17:34:32+00:00\",\"mainEntityOfPage\":{\"@id\":\"https:\/\/mhcalculos.com.br\/noticias\/area\/previdenciario\/stf-adi-contra-lei-que-aumentou-a-aliquota-de-contribuicao-previdenciaria-dos-servidores-do-ceara-tera-rito-abreviado.html\"},\"wordCount\":537,\"commentCount\":0,\"image\":{\"@id\":\"https:\/\/mhcalculos.com.br\/noticias\/area\/previdenciario\/stf-adi-contra-lei-que-aumentou-a-aliquota-de-contribuicao-previdenciaria-dos-servidores-do-ceara-tera-rito-abreviado.html#primaryimage\"},\"thumbnailUrl\":\"https:\/\/mhcalculos.com.br\/noticias\/wp-content\/uploads\/sites\/2\/2018\/06\/previdenciario-0004.jpg\",\"keywords\":[\"aposentadoria\",\"c\u00e1lculos previdenci\u00e1rios\",\"direito previdenci\u00e1rio\",\"inss\",\"per\u00edcia\",\"perito\",\"stf\"],\"articleSection\":[\"Direito Previdenci\u00e1rio\",\"STF\"],\"inLanguage\":\"pt-BR\",\"potentialAction\":[{\"@type\":\"CommentAction\",\"name\":\"Comment\",\"target\":[\"https:\/\/mhcalculos.com.br\/noticias\/area\/previdenciario\/stf-adi-contra-lei-que-aumentou-a-aliquota-de-contribuicao-previdenciaria-dos-servidores-do-ceara-tera-rito-abreviado.html#respond\"]}]},{\"@type\":\"WebPage\",\"@id\":\"https:\/\/mhcalculos.com.br\/noticias\/area\/previdenciario\/stf-adi-contra-lei-que-aumentou-a-aliquota-de-contribuicao-previdenciaria-dos-servidores-do-ceara-tera-rito-abreviado.html\",\"url\":\"https:\/\/mhcalculos.com.br\/noticias\/area\/previdenciario\/stf-adi-contra-lei-que-aumentou-a-aliquota-de-contribuicao-previdenciaria-dos-servidores-do-ceara-tera-rito-abreviado.html\",\"name\":\"STF: ADI contra lei que aumentou a al\u00edquota de contribui\u00e7\u00e3o previdenci\u00e1ria dos servidores do Cear\u00e1 ter\u00e1 rito abreviado | Portal de Not\u00edcias\",\"isPartOf\":{\"@id\":\"https:\/\/mhcalculos.com.br\/noticias\/#website\"},\"primaryImageOfPage\":{\"@id\":\"https:\/\/mhcalculos.com.br\/noticias\/area\/previdenciario\/stf-adi-contra-lei-que-aumentou-a-aliquota-de-contribuicao-previdenciaria-dos-servidores-do-ceara-tera-rito-abreviado.html#primaryimage\"},\"image\":{\"@id\":\"https:\/\/mhcalculos.com.br\/noticias\/area\/previdenciario\/stf-adi-contra-lei-que-aumentou-a-aliquota-de-contribuicao-previdenciaria-dos-servidores-do-ceara-tera-rito-abreviado.html#primaryimage\"},\"thumbnailUrl\":\"https:\/\/mhcalculos.com.br\/noticias\/wp-content\/uploads\/sites\/2\/2018\/06\/previdenciario-0004.jpg\",\"datePublished\":\"2018-06-22T20:03:07+00:00\",\"dateModified\":\"2021-07-28T17:34:32+00:00\",\"author\":{\"@id\":\"https:\/\/mhcalculos.com.br\/noticias\/#\/schema\/person\/88d1c34bf72dc779ea14a5a6b8e0ae8d\"},\"breadcrumb\":{\"@id\":\"https:\/\/mhcalculos.com.br\/noticias\/area\/previdenciario\/stf-adi-contra-lei-que-aumentou-a-aliquota-de-contribuicao-previdenciaria-dos-servidores-do-ceara-tera-rito-abreviado.html#breadcrumb\"},\"inLanguage\":\"pt-BR\",\"potentialAction\":[{\"@type\":\"ReadAction\",\"target\":[\"https:\/\/mhcalculos.com.br\/noticias\/area\/previdenciario\/stf-adi-contra-lei-que-aumentou-a-aliquota-de-contribuicao-previdenciaria-dos-servidores-do-ceara-tera-rito-abreviado.html\"]}]},{\"@type\":\"ImageObject\",\"inLanguage\":\"pt-BR\",\"@id\":\"https:\/\/mhcalculos.com.br\/noticias\/area\/previdenciario\/stf-adi-contra-lei-que-aumentou-a-aliquota-de-contribuicao-previdenciaria-dos-servidores-do-ceara-tera-rito-abreviado.html#primaryimage\",\"url\":\"https:\/\/mhcalculos.com.br\/noticias\/wp-content\/uploads\/sites\/2\/2018\/06\/previdenciario-0004.jpg\",\"contentUrl\":\"https:\/\/mhcalculos.com.br\/noticias\/wp-content\/uploads\/sites\/2\/2018\/06\/previdenciario-0004.jpg\",\"width\":2000,\"height\":800,\"caption\":\"Patrocinador n\u00e3o pode ser acionado solidariamente com entidade fechada de previd\u00eancia em revis\u00e3o de benef\u00edcio\"},{\"@type\":\"BreadcrumbList\",\"@id\":\"https:\/\/mhcalculos.com.br\/noticias\/area\/previdenciario\/stf-adi-contra-lei-que-aumentou-a-aliquota-de-contribuicao-previdenciaria-dos-servidores-do-ceara-tera-rito-abreviado.html#breadcrumb\",\"itemListElement\":[{\"@type\":\"ListItem\",\"position\":1,\"name\":\"In\u00edcio\",\"item\":\"https:\/\/mhcalculos.com.br\/noticias\/\"},{\"@type\":\"ListItem\",\"position\":2,\"name\":\"STF: ADI contra lei que aumentou a al\u00edquota de contribui\u00e7\u00e3o previdenci\u00e1ria dos servidores do Cear\u00e1 ter\u00e1 rito abreviado\"}]},{\"@type\":\"WebSite\",\"@id\":\"https:\/\/mhcalculos.com.br\/noticias\/#website\",\"url\":\"https:\/\/mhcalculos.com.br\/noticias\/\",\"name\":\"Portal de Not\u00edcias\",\"description\":\"Not\u00edcias e Jurisprud\u00eancia\",\"potentialAction\":[{\"@type\":\"SearchAction\",\"target\":{\"@type\":\"EntryPoint\",\"urlTemplate\":\"https:\/\/mhcalculos.com.br\/noticias\/?s={search_term_string}\"},\"query-input\":{\"@type\":\"PropertyValueSpecification\",\"valueRequired\":true,\"valueName\":\"search_term_string\"}}],\"inLanguage\":\"pt-BR\"},{\"@type\":\"Person\",\"@id\":\"https:\/\/mhcalculos.com.br\/noticias\/#\/schema\/person\/88d1c34bf72dc779ea14a5a6b8e0ae8d\",\"name\":\"Equipe MH\",\"image\":{\"@type\":\"ImageObject\",\"inLanguage\":\"pt-BR\",\"@id\":\"https:\/\/secure.gravatar.com\/avatar\/de1c686c2ecc9c5a3f327e3431d819eb39f8f05d4e1045f5a1caad6daaba987f?s=96&d=mm&r=g\",\"url\":\"https:\/\/secure.gravatar.com\/avatar\/de1c686c2ecc9c5a3f327e3431d819eb39f8f05d4e1045f5a1caad6daaba987f?s=96&d=mm&r=g\",\"contentUrl\":\"https:\/\/secure.gravatar.com\/avatar\/de1c686c2ecc9c5a3f327e3431d819eb39f8f05d4e1045f5a1caad6daaba987f?s=96&d=mm&r=g\",\"caption\":\"Equipe MH\"}}]}<\/script>\n<!-- \/ Yoast SEO plugin. -->","yoast_head_json":{"title":"STF: ADI contra lei que aumentou a al\u00edquota de contribui\u00e7\u00e3o previdenci\u00e1ria dos servidores do Cear\u00e1 ter\u00e1 rito abreviado | Portal de Not\u00edcias","robots":{"index":"index","follow":"follow","max-snippet":"max-snippet:-1","max-image-preview":"max-image-preview:large","max-video-preview":"max-video-preview:-1"},"canonical":"https:\/\/mhcalculos.com.br\/noticias\/area\/previdenciario\/stf-adi-contra-lei-que-aumentou-a-aliquota-de-contribuicao-previdenciaria-dos-servidores-do-ceara-tera-rito-abreviado.html","og_locale":"pt_BR","og_type":"article","og_title":"STF: ADI contra lei que aumentou a al\u00edquota de contribui\u00e7\u00e3o previdenci\u00e1ria dos servidores do Cear\u00e1 ter\u00e1 rito abreviado | Portal de Not\u00edcias","og_description":"A Associa\u00e7\u00e3o Nacional de Defensores P\u00fablicos (Anadep) ajuizou, no Supremo Tribunal Federal (STF), a A\u00e7\u00e3o Direta de Inconstitucionalidade (ADI) 5944 para questionar o artigo 1&ordm; da Lei Complementar 167\/2016, do Cear\u00e1, que alterou a al\u00edquota de contribui\u00e7\u00e3o previdenci\u00e1ria do funcionalismo p\u00fablico estadual. O relator, ministro Marco Aur\u00e9lio, aplicou ao caso o rito abreviado previsto no [&hellip;]","og_url":"https:\/\/mhcalculos.com.br\/noticias\/area\/previdenciario\/stf-adi-contra-lei-que-aumentou-a-aliquota-de-contribuicao-previdenciaria-dos-servidores-do-ceara-tera-rito-abreviado.html","og_site_name":"Portal de Not\u00edcias","article_published_time":"2018-06-22T20:03:07+00:00","article_modified_time":"2021-07-28T17:34:32+00:00","og_image":[{"width":2000,"height":800,"url":"https:\/\/mhcalculos.com.br\/noticias\/wp-content\/uploads\/sites\/2\/2018\/06\/previdenciario-0004.jpg","type":"image\/jpeg"}],"author":"Equipe MH","twitter_card":"summary_large_image","twitter_misc":{"Escrito por":"Equipe MH","Est. tempo de leitura":"3 minutos"},"schema":{"@context":"https:\/\/schema.org","@graph":[{"@type":"Article","@id":"https:\/\/mhcalculos.com.br\/noticias\/area\/previdenciario\/stf-adi-contra-lei-que-aumentou-a-aliquota-de-contribuicao-previdenciaria-dos-servidores-do-ceara-tera-rito-abreviado.html#article","isPartOf":{"@id":"https:\/\/mhcalculos.com.br\/noticias\/area\/previdenciario\/stf-adi-contra-lei-que-aumentou-a-aliquota-de-contribuicao-previdenciaria-dos-servidores-do-ceara-tera-rito-abreviado.html"},"author":{"name":"Equipe MH","@id":"https:\/\/mhcalculos.com.br\/noticias\/#\/schema\/person\/88d1c34bf72dc779ea14a5a6b8e0ae8d"},"headline":"STF: ADI contra lei que aumentou a al\u00edquota de contribui\u00e7\u00e3o previdenci\u00e1ria dos servidores do Cear\u00e1 ter\u00e1 rito abreviado","datePublished":"2018-06-22T20:03:07+00:00","dateModified":"2021-07-28T17:34:32+00:00","mainEntityOfPage":{"@id":"https:\/\/mhcalculos.com.br\/noticias\/area\/previdenciario\/stf-adi-contra-lei-que-aumentou-a-aliquota-de-contribuicao-previdenciaria-dos-servidores-do-ceara-tera-rito-abreviado.html"},"wordCount":537,"commentCount":0,"image":{"@id":"https:\/\/mhcalculos.com.br\/noticias\/area\/previdenciario\/stf-adi-contra-lei-que-aumentou-a-aliquota-de-contribuicao-previdenciaria-dos-servidores-do-ceara-tera-rito-abreviado.html#primaryimage"},"thumbnailUrl":"https:\/\/mhcalculos.com.br\/noticias\/wp-content\/uploads\/sites\/2\/2018\/06\/previdenciario-0004.jpg","keywords":["aposentadoria","c\u00e1lculos previdenci\u00e1rios","direito previdenci\u00e1rio","inss","per\u00edcia","perito","stf"],"articleSection":["Direito Previdenci\u00e1rio","STF"],"inLanguage":"pt-BR","potentialAction":[{"@type":"CommentAction","name":"Comment","target":["https:\/\/mhcalculos.com.br\/noticias\/area\/previdenciario\/stf-adi-contra-lei-que-aumentou-a-aliquota-de-contribuicao-previdenciaria-dos-servidores-do-ceara-tera-rito-abreviado.html#respond"]}]},{"@type":"WebPage","@id":"https:\/\/mhcalculos.com.br\/noticias\/area\/previdenciario\/stf-adi-contra-lei-que-aumentou-a-aliquota-de-contribuicao-previdenciaria-dos-servidores-do-ceara-tera-rito-abreviado.html","url":"https:\/\/mhcalculos.com.br\/noticias\/area\/previdenciario\/stf-adi-contra-lei-que-aumentou-a-aliquota-de-contribuicao-previdenciaria-dos-servidores-do-ceara-tera-rito-abreviado.html","name":"STF: ADI contra lei que aumentou a al\u00edquota de contribui\u00e7\u00e3o previdenci\u00e1ria dos servidores do Cear\u00e1 ter\u00e1 rito abreviado | Portal de Not\u00edcias","isPartOf":{"@id":"https:\/\/mhcalculos.com.br\/noticias\/#website"},"primaryImageOfPage":{"@id":"https:\/\/mhcalculos.com.br\/noticias\/area\/previdenciario\/stf-adi-contra-lei-que-aumentou-a-aliquota-de-contribuicao-previdenciaria-dos-servidores-do-ceara-tera-rito-abreviado.html#primaryimage"},"image":{"@id":"https:\/\/mhcalculos.com.br\/noticias\/area\/previdenciario\/stf-adi-contra-lei-que-aumentou-a-aliquota-de-contribuicao-previdenciaria-dos-servidores-do-ceara-tera-rito-abreviado.html#primaryimage"},"thumbnailUrl":"https:\/\/mhcalculos.com.br\/noticias\/wp-content\/uploads\/sites\/2\/2018\/06\/previdenciario-0004.jpg","datePublished":"2018-06-22T20:03:07+00:00","dateModified":"2021-07-28T17:34:32+00:00","author":{"@id":"https:\/\/mhcalculos.com.br\/noticias\/#\/schema\/person\/88d1c34bf72dc779ea14a5a6b8e0ae8d"},"breadcrumb":{"@id":"https:\/\/mhcalculos.com.br\/noticias\/area\/previdenciario\/stf-adi-contra-lei-que-aumentou-a-aliquota-de-contribuicao-previdenciaria-dos-servidores-do-ceara-tera-rito-abreviado.html#breadcrumb"},"inLanguage":"pt-BR","potentialAction":[{"@type":"ReadAction","target":["https:\/\/mhcalculos.com.br\/noticias\/area\/previdenciario\/stf-adi-contra-lei-que-aumentou-a-aliquota-de-contribuicao-previdenciaria-dos-servidores-do-ceara-tera-rito-abreviado.html"]}]},{"@type":"ImageObject","inLanguage":"pt-BR","@id":"https:\/\/mhcalculos.com.br\/noticias\/area\/previdenciario\/stf-adi-contra-lei-que-aumentou-a-aliquota-de-contribuicao-previdenciaria-dos-servidores-do-ceara-tera-rito-abreviado.html#primaryimage","url":"https:\/\/mhcalculos.com.br\/noticias\/wp-content\/uploads\/sites\/2\/2018\/06\/previdenciario-0004.jpg","contentUrl":"https:\/\/mhcalculos.com.br\/noticias\/wp-content\/uploads\/sites\/2\/2018\/06\/previdenciario-0004.jpg","width":2000,"height":800,"caption":"Patrocinador n\u00e3o pode ser acionado solidariamente com entidade fechada de previd\u00eancia em revis\u00e3o de benef\u00edcio"},{"@type":"BreadcrumbList","@id":"https:\/\/mhcalculos.com.br\/noticias\/area\/previdenciario\/stf-adi-contra-lei-que-aumentou-a-aliquota-de-contribuicao-previdenciaria-dos-servidores-do-ceara-tera-rito-abreviado.html#breadcrumb","itemListElement":[{"@type":"ListItem","position":1,"name":"In\u00edcio","item":"https:\/\/mhcalculos.com.br\/noticias\/"},{"@type":"ListItem","position":2,"name":"STF: ADI contra lei que aumentou a al\u00edquota de contribui\u00e7\u00e3o previdenci\u00e1ria dos servidores do Cear\u00e1 ter\u00e1 rito abreviado"}]},{"@type":"WebSite","@id":"https:\/\/mhcalculos.com.br\/noticias\/#website","url":"https:\/\/mhcalculos.com.br\/noticias\/","name":"Portal de Not\u00edcias","description":"Not\u00edcias e Jurisprud\u00eancia","potentialAction":[{"@type":"SearchAction","target":{"@type":"EntryPoint","urlTemplate":"https:\/\/mhcalculos.com.br\/noticias\/?s={search_term_string}"},"query-input":{"@type":"PropertyValueSpecification","valueRequired":true,"valueName":"search_term_string"}}],"inLanguage":"pt-BR"},{"@type":"Person","@id":"https:\/\/mhcalculos.com.br\/noticias\/#\/schema\/person\/88d1c34bf72dc779ea14a5a6b8e0ae8d","name":"Equipe MH","image":{"@type":"ImageObject","inLanguage":"pt-BR","@id":"https:\/\/secure.gravatar.com\/avatar\/de1c686c2ecc9c5a3f327e3431d819eb39f8f05d4e1045f5a1caad6daaba987f?s=96&d=mm&r=g","url":"https:\/\/secure.gravatar.com\/avatar\/de1c686c2ecc9c5a3f327e3431d819eb39f8f05d4e1045f5a1caad6daaba987f?s=96&d=mm&r=g","contentUrl":"https:\/\/secure.gravatar.com\/avatar\/de1c686c2ecc9c5a3f327e3431d819eb39f8f05d4e1045f5a1caad6daaba987f?s=96&d=mm&r=g","caption":"Equipe MH"}}]}},"_links":{"self":[{"href":"https:\/\/mhcalculos.com.br\/noticias\/wp-json\/wp\/v2\/posts\/2241","targetHints":{"allow":["GET"]}}],"collection":[{"href":"https:\/\/mhcalculos.com.br\/noticias\/wp-json\/wp\/v2\/posts"}],"about":[{"href":"https:\/\/mhcalculos.com.br\/noticias\/wp-json\/wp\/v2\/types\/post"}],"author":[{"embeddable":true,"href":"https:\/\/mhcalculos.com.br\/noticias\/wp-json\/wp\/v2\/users\/3063"}],"replies":[{"embeddable":true,"href":"https:\/\/mhcalculos.com.br\/noticias\/wp-json\/wp\/v2\/comments?post=2241"}],"version-history":[{"count":1,"href":"https:\/\/mhcalculos.com.br\/noticias\/wp-json\/wp\/v2\/posts\/2241\/revisions"}],"predecessor-version":[{"id":10357,"href":"https:\/\/mhcalculos.com.br\/noticias\/wp-json\/wp\/v2\/posts\/2241\/revisions\/10357"}],"wp:featuredmedia":[{"embeddable":true,"href":"https:\/\/mhcalculos.com.br\/noticias\/wp-json\/wp\/v2\/media\/2061"}],"wp:attachment":[{"href":"https:\/\/mhcalculos.com.br\/noticias\/wp-json\/wp\/v2\/media?parent=2241"}],"wp:term":[{"taxonomy":"category","embeddable":true,"href":"https:\/\/mhcalculos.com.br\/noticias\/wp-json\/wp\/v2\/categories?post=2241"},{"taxonomy":"post_tag","embeddable":true,"href":"https:\/\/mhcalculos.com.br\/noticias\/wp-json\/wp\/v2\/tags?post=2241"}],"curies":[{"name":"wp","href":"https:\/\/api.w.org\/{rel}","templated":true}]}}