{"id":2229,"date":"2018-06-22T14:15:58","date_gmt":"2018-06-22T17:15:58","guid":{"rendered":"https:\/\/mhcalculos.com.br\/noticias\/2018\/06\/22\/stf-ministro-suspende-decisao-do-tj-sp-sobre-uso-de-imovel-publico-por-empresa-de-telefonia\/"},"modified":"2021-07-28T14:34:32","modified_gmt":"2021-07-28T17:34:32","slug":"stf-ministro-suspende-decisao-do-tj-sp-sobre-uso-de-imovel-publico-por-empresa-de-telefonia","status":"publish","type":"post","link":"https:\/\/mhcalculos.com.br\/noticias\/area\/tributario\/stf-ministro-suspende-decisao-do-tj-sp-sobre-uso-de-imovel-publico-por-empresa-de-telefonia.html","title":{"rendered":"STF: Ministro suspende decis\u00e3o do TJ-SP sobre uso de im\u00f3vel p\u00fablico por empresa de telefonia"},"content":{"rendered":"\n<p>O ministro Luiz Fux, do Supremo Tribunal Federal (STF), concedeu liminar para suspender os efeitos de decis\u00e3o da Justi\u00e7a paulista que anulou decreto do Munic\u00edpio de S\u00e3o Paulo que trata da concess\u00e3o de uso de im\u00f3vel da Prefeitura para a Telesp (atual Telef\u00f4nica). A decis\u00e3o do ministro foi tomada na Reclama\u00e7\u00e3o (RCL) 30585, ajuizada pela empresa de telefonia.<\/p>\n<p><b>Caso<\/b><\/p>\n<p>Na inst\u00e2ncia de origem, o Minist\u00e9rio P\u00fablico de S\u00e3o Paulo (MP-SP) ajuizou a\u00e7\u00e3o civil p\u00fablica para anular a permiss\u00e3o de uso do im\u00f3vel de 2.240m\u00b2, localizado no Jaragu\u00e1, pela empresa. O Decreto 49.118\/2008 renovou a concess\u00e3o, a t\u00edtulo oneroso e prec\u00e1rio, do im\u00f3vel cedido ao servi\u00e7o p\u00fablico de telefonia fixa desde 1982. O MP-SP alegou que o ato desrespeitou a regra constitucional da licita\u00e7\u00e3o, pois a privatiza\u00e7\u00e3o da Telesp teria retirado o fundamento de validade da concess\u00e3o, passando a ser obrigat\u00f3rio o procedimento licitat\u00f3rio.<\/p>\n<p>O ju\u00edzo da 9\u00aa Vara da Fazenda P\u00fablica de S\u00e3o Paulo declarou a nulidade do decreto e condenou a empresa a pagar R$ 1,4 milh\u00e3o de indeniza\u00e7\u00e3o pelo uso de \u00e1rea entre 1999 e 2006, al\u00e9m de determinar a devolu\u00e7\u00e3o do terreno. A 2\u00aa C\u00e2mara de Direito P\u00fablico do Tribunal de Justi\u00e7a de S\u00e3o Paulo (TJ-SP) manteve a decis\u00e3o.<\/p>\n<p><b>Relator<\/b><\/p>\n<p>Em an\u00e1lise preliminar do caso, o ministro Luiz Fux verificou que o ac\u00f3rd\u00e3o do TJ-SP desrespeitou a S\u00famula Vinculante (SV) 10, segundo a qual viola a cl\u00e1usula de reserva de plen\u00e1rio, prevista no artigo 97 da Constitui\u00e7\u00e3o Federal, a decis\u00e3o de \u00f3rg\u00e3o fracion\u00e1rio de tribunal que, embora n\u00e3o declare expressamente a inconstitucionalidade de lei ou ato normativo do Poder P\u00fablico, afasta sua incid\u00eancia, no todo ou em parte. O dispositivo constitucional prev\u00ea que somente pelo voto da maioria absoluta de seus membros ou dos membros do respectivo \u00f3rg\u00e3o especial poder\u00e3o os tribunais declarar a inconstitucionalidade de lei ou ato normativo do Poder P\u00fablico.<\/p>\n<p>De acordo com o relator, a decis\u00e3o questionada afastou a aplica\u00e7\u00e3o do par\u00e1grafo 2\u00ba do artigo 114 da Lei Org\u00e2nica Municipal (que fundamenta o decreto municipal) pelo argumento de que a norma seria incompat\u00edvel com a Constitui\u00e7\u00e3o Federal. O dispositivo da lei local dispensa a realiza\u00e7\u00e3o de concorr\u00eancia quando o uso de bem municipal, em casos de interesse p\u00fablico ou social, se destinar a concession\u00e1rias de servi\u00e7o p\u00fablico.<\/p>\n<p>&#8220;A hip\u00f3tese parece ter sido de declara\u00e7\u00e3o parcial de nulidade sem redu\u00e7\u00e3o de texto, pela qual se afasta a incid\u00eancia da norma numa determinada situa\u00e7\u00e3o, por ser reputada tal aplica\u00e7\u00e3o como inconstitucional&#8221;, afirmou o relator. Segundo ele, o \u00f3rg\u00e3o fracion\u00e1rio do TJ-SP considerou que o dispositivo da lei municipal n\u00e3o seria extens\u00edvel \u00e0s concession\u00e1rias de servi\u00e7o p\u00fablico que n\u00e3o ostentassem natureza de empresas estatais. Fux explicou que a exclus\u00e3o de um dos sentidos da norma jur\u00eddica, realizado com base em argumentos constitucionais, n\u00e3o dispensa a observ\u00e2ncia do rito previsto no artigo 97 da Constitui\u00e7\u00e3o Federal.<\/p>\n<p>A liminar suspende os efeitos da decis\u00e3o da 2\u00aa C\u00e2mara de Direito P\u00fablico do TJ-SP e a tramita\u00e7\u00e3o do processo na origem, at\u00e9 o julgamento definitivo da reclama\u00e7\u00e3o.<\/p>\n<p>RP\/AD<\/p>\n<p><i>Com informa\u00e7\u00f5es da assessoria de imprensa do STF.<\/i><\/p>\n<p><a href=\"http:\/\/www.stf.jus.br\/portal\/cms\/verNoticiaDetalhe.asp?idConteudo=382227\">Fonte<\/a><\/p>\n\n","protected":false},"excerpt":{"rendered":"<p>O ministro Luiz Fux, do Supremo Tribunal Federal (STF), concedeu liminar para suspender os efeitos de decis\u00e3o da Justi\u00e7a paulista que anulou decreto do Munic\u00edpio de S\u00e3o Paulo que trata da concess\u00e3o de uso de im\u00f3vel da Prefeitura para a Telesp (atual Telef\u00f4nica). A decis\u00e3o do ministro foi tomada na Reclama\u00e7\u00e3o (RCL) 30585, ajuizada pela [&hellip;]<\/p>\n","protected":false},"author":3063,"featured_media":2059,"comment_status":"open","ping_status":"open","sticky":false,"template":"","format":"standard","meta":{"footnotes":""},"categories":[18,15],"tags":[32,31,42,30,29,213,9,12,16],"class_list":{"0":"post-2229","1":"post","2":"type-post","3":"status-publish","4":"format-standard","5":"has-post-thumbnail","7":"category-tributario","8":"category-stf","9":"tag-calculos-judiciais","10":"tag-calculos-tributarios","11":"tag-direito-tributario","12":"tag-divida-ativa","13":"tag-fazenda-publica","14":"tag-imposto","15":"tag-pericia","16":"tag-perito","17":"tag-stf"},"yoast_head":"<!-- This site is optimized with the Yoast SEO plugin v27.2 - https:\/\/yoast.com\/product\/yoast-seo-wordpress\/ -->\n<title>STF: Ministro suspende decis\u00e3o do TJ-SP sobre uso de im\u00f3vel p\u00fablico por empresa de telefonia | Portal de Not\u00edcias<\/title>\n<meta name=\"robots\" content=\"index, follow, max-snippet:-1, max-image-preview:large, max-video-preview:-1\" \/>\n<link rel=\"canonical\" href=\"https:\/\/mhcalculos.com.br\/noticias\/area\/tributario\/stf-ministro-suspende-decisao-do-tj-sp-sobre-uso-de-imovel-publico-por-empresa-de-telefonia.html\" \/>\n<meta property=\"og:locale\" content=\"pt_BR\" \/>\n<meta property=\"og:type\" content=\"article\" \/>\n<meta property=\"og:title\" content=\"STF: Ministro suspende decis\u00e3o do TJ-SP sobre uso de im\u00f3vel p\u00fablico por empresa de telefonia | Portal de Not\u00edcias\" \/>\n<meta property=\"og:description\" content=\"O ministro Luiz Fux, do Supremo Tribunal Federal (STF), concedeu liminar para suspender os efeitos de decis\u00e3o da Justi\u00e7a paulista que anulou decreto do Munic\u00edpio de S\u00e3o Paulo que trata da concess\u00e3o de uso de im\u00f3vel da Prefeitura para a Telesp (atual Telef\u00f4nica). A decis\u00e3o do ministro foi tomada na Reclama\u00e7\u00e3o (RCL) 30585, ajuizada pela [&hellip;]\" \/>\n<meta property=\"og:url\" content=\"https:\/\/mhcalculos.com.br\/noticias\/area\/tributario\/stf-ministro-suspende-decisao-do-tj-sp-sobre-uso-de-imovel-publico-por-empresa-de-telefonia.html\" \/>\n<meta property=\"og:site_name\" content=\"Portal de Not\u00edcias\" \/>\n<meta property=\"article:published_time\" content=\"2018-06-22T17:15:58+00:00\" \/>\n<meta property=\"article:modified_time\" content=\"2021-07-28T17:34:32+00:00\" \/>\n<meta property=\"og:image\" content=\"https:\/\/mhcalculos.com.br\/noticias\/wp-content\/uploads\/sites\/2\/2018\/06\/tributario-0018.jpg\" \/>\n\t<meta property=\"og:image:width\" content=\"2000\" \/>\n\t<meta property=\"og:image:height\" content=\"800\" \/>\n\t<meta property=\"og:image:type\" content=\"image\/jpeg\" \/>\n<meta name=\"author\" content=\"Equipe MH\" \/>\n<meta name=\"twitter:card\" content=\"summary_large_image\" \/>\n<meta name=\"twitter:label1\" content=\"Escrito por\" \/>\n\t<meta name=\"twitter:data1\" content=\"Equipe MH\" \/>\n\t<meta name=\"twitter:label2\" content=\"Est. tempo de leitura\" \/>\n\t<meta name=\"twitter:data2\" content=\"3 minutos\" \/>\n<script type=\"application\/ld+json\" class=\"yoast-schema-graph\">{\"@context\":\"https:\/\/schema.org\",\"@graph\":[{\"@type\":\"Article\",\"@id\":\"https:\/\/mhcalculos.com.br\/noticias\/area\/tributario\/stf-ministro-suspende-decisao-do-tj-sp-sobre-uso-de-imovel-publico-por-empresa-de-telefonia.html#article\",\"isPartOf\":{\"@id\":\"https:\/\/mhcalculos.com.br\/noticias\/area\/tributario\/stf-ministro-suspende-decisao-do-tj-sp-sobre-uso-de-imovel-publico-por-empresa-de-telefonia.html\"},\"author\":{\"name\":\"Equipe MH\",\"@id\":\"https:\/\/mhcalculos.com.br\/noticias\/#\/schema\/person\/88d1c34bf72dc779ea14a5a6b8e0ae8d\"},\"headline\":\"STF: Ministro suspende decis\u00e3o do TJ-SP sobre uso de im\u00f3vel p\u00fablico por empresa de telefonia\",\"datePublished\":\"2018-06-22T17:15:58+00:00\",\"dateModified\":\"2021-07-28T17:34:32+00:00\",\"mainEntityOfPage\":{\"@id\":\"https:\/\/mhcalculos.com.br\/noticias\/area\/tributario\/stf-ministro-suspende-decisao-do-tj-sp-sobre-uso-de-imovel-publico-por-empresa-de-telefonia.html\"},\"wordCount\":607,\"commentCount\":0,\"image\":{\"@id\":\"https:\/\/mhcalculos.com.br\/noticias\/area\/tributario\/stf-ministro-suspende-decisao-do-tj-sp-sobre-uso-de-imovel-publico-por-empresa-de-telefonia.html#primaryimage\"},\"thumbnailUrl\":\"https:\/\/mhcalculos.com.br\/noticias\/wp-content\/uploads\/sites\/2\/2018\/06\/tributario-0018.jpg\",\"keywords\":[\"c\u00e1lculos judiciais\",\"c\u00e1lculos tribut\u00e1rios\",\"direito tribut\u00e1rio\",\"d\u00edvida ativa\",\"fazenda p\u00fablica\",\"Imposto\",\"per\u00edcia\",\"perito\",\"stf\"],\"articleSection\":[\"Direito Tribut\u00e1rio\",\"STF\"],\"inLanguage\":\"pt-BR\",\"potentialAction\":[{\"@type\":\"CommentAction\",\"name\":\"Comment\",\"target\":[\"https:\/\/mhcalculos.com.br\/noticias\/area\/tributario\/stf-ministro-suspende-decisao-do-tj-sp-sobre-uso-de-imovel-publico-por-empresa-de-telefonia.html#respond\"]}]},{\"@type\":\"WebPage\",\"@id\":\"https:\/\/mhcalculos.com.br\/noticias\/area\/tributario\/stf-ministro-suspende-decisao-do-tj-sp-sobre-uso-de-imovel-publico-por-empresa-de-telefonia.html\",\"url\":\"https:\/\/mhcalculos.com.br\/noticias\/area\/tributario\/stf-ministro-suspende-decisao-do-tj-sp-sobre-uso-de-imovel-publico-por-empresa-de-telefonia.html\",\"name\":\"STF: Ministro suspende decis\u00e3o do TJ-SP sobre uso de im\u00f3vel p\u00fablico por empresa de telefonia | Portal de Not\u00edcias\",\"isPartOf\":{\"@id\":\"https:\/\/mhcalculos.com.br\/noticias\/#website\"},\"primaryImageOfPage\":{\"@id\":\"https:\/\/mhcalculos.com.br\/noticias\/area\/tributario\/stf-ministro-suspende-decisao-do-tj-sp-sobre-uso-de-imovel-publico-por-empresa-de-telefonia.html#primaryimage\"},\"image\":{\"@id\":\"https:\/\/mhcalculos.com.br\/noticias\/area\/tributario\/stf-ministro-suspende-decisao-do-tj-sp-sobre-uso-de-imovel-publico-por-empresa-de-telefonia.html#primaryimage\"},\"thumbnailUrl\":\"https:\/\/mhcalculos.com.br\/noticias\/wp-content\/uploads\/sites\/2\/2018\/06\/tributario-0018.jpg\",\"datePublished\":\"2018-06-22T17:15:58+00:00\",\"dateModified\":\"2021-07-28T17:34:32+00:00\",\"author\":{\"@id\":\"https:\/\/mhcalculos.com.br\/noticias\/#\/schema\/person\/88d1c34bf72dc779ea14a5a6b8e0ae8d\"},\"breadcrumb\":{\"@id\":\"https:\/\/mhcalculos.com.br\/noticias\/area\/tributario\/stf-ministro-suspende-decisao-do-tj-sp-sobre-uso-de-imovel-publico-por-empresa-de-telefonia.html#breadcrumb\"},\"inLanguage\":\"pt-BR\",\"potentialAction\":[{\"@type\":\"ReadAction\",\"target\":[\"https:\/\/mhcalculos.com.br\/noticias\/area\/tributario\/stf-ministro-suspende-decisao-do-tj-sp-sobre-uso-de-imovel-publico-por-empresa-de-telefonia.html\"]}]},{\"@type\":\"ImageObject\",\"inLanguage\":\"pt-BR\",\"@id\":\"https:\/\/mhcalculos.com.br\/noticias\/area\/tributario\/stf-ministro-suspende-decisao-do-tj-sp-sobre-uso-de-imovel-publico-por-empresa-de-telefonia.html#primaryimage\",\"url\":\"https:\/\/mhcalculos.com.br\/noticias\/wp-content\/uploads\/sites\/2\/2018\/06\/tributario-0018.jpg\",\"contentUrl\":\"https:\/\/mhcalculos.com.br\/noticias\/wp-content\/uploads\/sites\/2\/2018\/06\/tributario-0018.jpg\",\"width\":2000,\"height\":800},{\"@type\":\"BreadcrumbList\",\"@id\":\"https:\/\/mhcalculos.com.br\/noticias\/area\/tributario\/stf-ministro-suspende-decisao-do-tj-sp-sobre-uso-de-imovel-publico-por-empresa-de-telefonia.html#breadcrumb\",\"itemListElement\":[{\"@type\":\"ListItem\",\"position\":1,\"name\":\"In\u00edcio\",\"item\":\"https:\/\/mhcalculos.com.br\/noticias\/\"},{\"@type\":\"ListItem\",\"position\":2,\"name\":\"STF: Ministro suspende decis\u00e3o do TJ-SP sobre uso de im\u00f3vel p\u00fablico por empresa de telefonia\"}]},{\"@type\":\"WebSite\",\"@id\":\"https:\/\/mhcalculos.com.br\/noticias\/#website\",\"url\":\"https:\/\/mhcalculos.com.br\/noticias\/\",\"name\":\"Portal de Not\u00edcias\",\"description\":\"Not\u00edcias e Jurisprud\u00eancia\",\"potentialAction\":[{\"@type\":\"SearchAction\",\"target\":{\"@type\":\"EntryPoint\",\"urlTemplate\":\"https:\/\/mhcalculos.com.br\/noticias\/?s={search_term_string}\"},\"query-input\":{\"@type\":\"PropertyValueSpecification\",\"valueRequired\":true,\"valueName\":\"search_term_string\"}}],\"inLanguage\":\"pt-BR\"},{\"@type\":\"Person\",\"@id\":\"https:\/\/mhcalculos.com.br\/noticias\/#\/schema\/person\/88d1c34bf72dc779ea14a5a6b8e0ae8d\",\"name\":\"Equipe MH\",\"image\":{\"@type\":\"ImageObject\",\"inLanguage\":\"pt-BR\",\"@id\":\"https:\/\/secure.gravatar.com\/avatar\/de1c686c2ecc9c5a3f327e3431d819eb39f8f05d4e1045f5a1caad6daaba987f?s=96&d=mm&r=g\",\"url\":\"https:\/\/secure.gravatar.com\/avatar\/de1c686c2ecc9c5a3f327e3431d819eb39f8f05d4e1045f5a1caad6daaba987f?s=96&d=mm&r=g\",\"contentUrl\":\"https:\/\/secure.gravatar.com\/avatar\/de1c686c2ecc9c5a3f327e3431d819eb39f8f05d4e1045f5a1caad6daaba987f?s=96&d=mm&r=g\",\"caption\":\"Equipe MH\"}}]}<\/script>\n<!-- \/ Yoast SEO plugin. -->","yoast_head_json":{"title":"STF: Ministro suspende decis\u00e3o do TJ-SP sobre uso de im\u00f3vel p\u00fablico por empresa de telefonia | Portal de Not\u00edcias","robots":{"index":"index","follow":"follow","max-snippet":"max-snippet:-1","max-image-preview":"max-image-preview:large","max-video-preview":"max-video-preview:-1"},"canonical":"https:\/\/mhcalculos.com.br\/noticias\/area\/tributario\/stf-ministro-suspende-decisao-do-tj-sp-sobre-uso-de-imovel-publico-por-empresa-de-telefonia.html","og_locale":"pt_BR","og_type":"article","og_title":"STF: Ministro suspende decis\u00e3o do TJ-SP sobre uso de im\u00f3vel p\u00fablico por empresa de telefonia | Portal de Not\u00edcias","og_description":"O ministro Luiz Fux, do Supremo Tribunal Federal (STF), concedeu liminar para suspender os efeitos de decis\u00e3o da Justi\u00e7a paulista que anulou decreto do Munic\u00edpio de S\u00e3o Paulo que trata da concess\u00e3o de uso de im\u00f3vel da Prefeitura para a Telesp (atual Telef\u00f4nica). A decis\u00e3o do ministro foi tomada na Reclama\u00e7\u00e3o (RCL) 30585, ajuizada pela [&hellip;]","og_url":"https:\/\/mhcalculos.com.br\/noticias\/area\/tributario\/stf-ministro-suspende-decisao-do-tj-sp-sobre-uso-de-imovel-publico-por-empresa-de-telefonia.html","og_site_name":"Portal de Not\u00edcias","article_published_time":"2018-06-22T17:15:58+00:00","article_modified_time":"2021-07-28T17:34:32+00:00","og_image":[{"width":2000,"height":800,"url":"https:\/\/mhcalculos.com.br\/noticias\/wp-content\/uploads\/sites\/2\/2018\/06\/tributario-0018.jpg","type":"image\/jpeg"}],"author":"Equipe MH","twitter_card":"summary_large_image","twitter_misc":{"Escrito por":"Equipe MH","Est. tempo de leitura":"3 minutos"},"schema":{"@context":"https:\/\/schema.org","@graph":[{"@type":"Article","@id":"https:\/\/mhcalculos.com.br\/noticias\/area\/tributario\/stf-ministro-suspende-decisao-do-tj-sp-sobre-uso-de-imovel-publico-por-empresa-de-telefonia.html#article","isPartOf":{"@id":"https:\/\/mhcalculos.com.br\/noticias\/area\/tributario\/stf-ministro-suspende-decisao-do-tj-sp-sobre-uso-de-imovel-publico-por-empresa-de-telefonia.html"},"author":{"name":"Equipe MH","@id":"https:\/\/mhcalculos.com.br\/noticias\/#\/schema\/person\/88d1c34bf72dc779ea14a5a6b8e0ae8d"},"headline":"STF: Ministro suspende decis\u00e3o do TJ-SP sobre uso de im\u00f3vel p\u00fablico por empresa de telefonia","datePublished":"2018-06-22T17:15:58+00:00","dateModified":"2021-07-28T17:34:32+00:00","mainEntityOfPage":{"@id":"https:\/\/mhcalculos.com.br\/noticias\/area\/tributario\/stf-ministro-suspende-decisao-do-tj-sp-sobre-uso-de-imovel-publico-por-empresa-de-telefonia.html"},"wordCount":607,"commentCount":0,"image":{"@id":"https:\/\/mhcalculos.com.br\/noticias\/area\/tributario\/stf-ministro-suspende-decisao-do-tj-sp-sobre-uso-de-imovel-publico-por-empresa-de-telefonia.html#primaryimage"},"thumbnailUrl":"https:\/\/mhcalculos.com.br\/noticias\/wp-content\/uploads\/sites\/2\/2018\/06\/tributario-0018.jpg","keywords":["c\u00e1lculos judiciais","c\u00e1lculos tribut\u00e1rios","direito tribut\u00e1rio","d\u00edvida ativa","fazenda p\u00fablica","Imposto","per\u00edcia","perito","stf"],"articleSection":["Direito Tribut\u00e1rio","STF"],"inLanguage":"pt-BR","potentialAction":[{"@type":"CommentAction","name":"Comment","target":["https:\/\/mhcalculos.com.br\/noticias\/area\/tributario\/stf-ministro-suspende-decisao-do-tj-sp-sobre-uso-de-imovel-publico-por-empresa-de-telefonia.html#respond"]}]},{"@type":"WebPage","@id":"https:\/\/mhcalculos.com.br\/noticias\/area\/tributario\/stf-ministro-suspende-decisao-do-tj-sp-sobre-uso-de-imovel-publico-por-empresa-de-telefonia.html","url":"https:\/\/mhcalculos.com.br\/noticias\/area\/tributario\/stf-ministro-suspende-decisao-do-tj-sp-sobre-uso-de-imovel-publico-por-empresa-de-telefonia.html","name":"STF: Ministro suspende decis\u00e3o do TJ-SP sobre uso de im\u00f3vel p\u00fablico por empresa de telefonia | Portal de Not\u00edcias","isPartOf":{"@id":"https:\/\/mhcalculos.com.br\/noticias\/#website"},"primaryImageOfPage":{"@id":"https:\/\/mhcalculos.com.br\/noticias\/area\/tributario\/stf-ministro-suspende-decisao-do-tj-sp-sobre-uso-de-imovel-publico-por-empresa-de-telefonia.html#primaryimage"},"image":{"@id":"https:\/\/mhcalculos.com.br\/noticias\/area\/tributario\/stf-ministro-suspende-decisao-do-tj-sp-sobre-uso-de-imovel-publico-por-empresa-de-telefonia.html#primaryimage"},"thumbnailUrl":"https:\/\/mhcalculos.com.br\/noticias\/wp-content\/uploads\/sites\/2\/2018\/06\/tributario-0018.jpg","datePublished":"2018-06-22T17:15:58+00:00","dateModified":"2021-07-28T17:34:32+00:00","author":{"@id":"https:\/\/mhcalculos.com.br\/noticias\/#\/schema\/person\/88d1c34bf72dc779ea14a5a6b8e0ae8d"},"breadcrumb":{"@id":"https:\/\/mhcalculos.com.br\/noticias\/area\/tributario\/stf-ministro-suspende-decisao-do-tj-sp-sobre-uso-de-imovel-publico-por-empresa-de-telefonia.html#breadcrumb"},"inLanguage":"pt-BR","potentialAction":[{"@type":"ReadAction","target":["https:\/\/mhcalculos.com.br\/noticias\/area\/tributario\/stf-ministro-suspende-decisao-do-tj-sp-sobre-uso-de-imovel-publico-por-empresa-de-telefonia.html"]}]},{"@type":"ImageObject","inLanguage":"pt-BR","@id":"https:\/\/mhcalculos.com.br\/noticias\/area\/tributario\/stf-ministro-suspende-decisao-do-tj-sp-sobre-uso-de-imovel-publico-por-empresa-de-telefonia.html#primaryimage","url":"https:\/\/mhcalculos.com.br\/noticias\/wp-content\/uploads\/sites\/2\/2018\/06\/tributario-0018.jpg","contentUrl":"https:\/\/mhcalculos.com.br\/noticias\/wp-content\/uploads\/sites\/2\/2018\/06\/tributario-0018.jpg","width":2000,"height":800},{"@type":"BreadcrumbList","@id":"https:\/\/mhcalculos.com.br\/noticias\/area\/tributario\/stf-ministro-suspende-decisao-do-tj-sp-sobre-uso-de-imovel-publico-por-empresa-de-telefonia.html#breadcrumb","itemListElement":[{"@type":"ListItem","position":1,"name":"In\u00edcio","item":"https:\/\/mhcalculos.com.br\/noticias\/"},{"@type":"ListItem","position":2,"name":"STF: Ministro suspende decis\u00e3o do TJ-SP sobre uso de im\u00f3vel p\u00fablico por empresa de telefonia"}]},{"@type":"WebSite","@id":"https:\/\/mhcalculos.com.br\/noticias\/#website","url":"https:\/\/mhcalculos.com.br\/noticias\/","name":"Portal de Not\u00edcias","description":"Not\u00edcias e Jurisprud\u00eancia","potentialAction":[{"@type":"SearchAction","target":{"@type":"EntryPoint","urlTemplate":"https:\/\/mhcalculos.com.br\/noticias\/?s={search_term_string}"},"query-input":{"@type":"PropertyValueSpecification","valueRequired":true,"valueName":"search_term_string"}}],"inLanguage":"pt-BR"},{"@type":"Person","@id":"https:\/\/mhcalculos.com.br\/noticias\/#\/schema\/person\/88d1c34bf72dc779ea14a5a6b8e0ae8d","name":"Equipe MH","image":{"@type":"ImageObject","inLanguage":"pt-BR","@id":"https:\/\/secure.gravatar.com\/avatar\/de1c686c2ecc9c5a3f327e3431d819eb39f8f05d4e1045f5a1caad6daaba987f?s=96&d=mm&r=g","url":"https:\/\/secure.gravatar.com\/avatar\/de1c686c2ecc9c5a3f327e3431d819eb39f8f05d4e1045f5a1caad6daaba987f?s=96&d=mm&r=g","contentUrl":"https:\/\/secure.gravatar.com\/avatar\/de1c686c2ecc9c5a3f327e3431d819eb39f8f05d4e1045f5a1caad6daaba987f?s=96&d=mm&r=g","caption":"Equipe MH"}}]}},"_links":{"self":[{"href":"https:\/\/mhcalculos.com.br\/noticias\/wp-json\/wp\/v2\/posts\/2229","targetHints":{"allow":["GET"]}}],"collection":[{"href":"https:\/\/mhcalculos.com.br\/noticias\/wp-json\/wp\/v2\/posts"}],"about":[{"href":"https:\/\/mhcalculos.com.br\/noticias\/wp-json\/wp\/v2\/types\/post"}],"author":[{"embeddable":true,"href":"https:\/\/mhcalculos.com.br\/noticias\/wp-json\/wp\/v2\/users\/3063"}],"replies":[{"embeddable":true,"href":"https:\/\/mhcalculos.com.br\/noticias\/wp-json\/wp\/v2\/comments?post=2229"}],"version-history":[{"count":1,"href":"https:\/\/mhcalculos.com.br\/noticias\/wp-json\/wp\/v2\/posts\/2229\/revisions"}],"predecessor-version":[{"id":6826,"href":"https:\/\/mhcalculos.com.br\/noticias\/wp-json\/wp\/v2\/posts\/2229\/revisions\/6826"}],"wp:featuredmedia":[{"embeddable":true,"href":"https:\/\/mhcalculos.com.br\/noticias\/wp-json\/wp\/v2\/media\/2059"}],"wp:attachment":[{"href":"https:\/\/mhcalculos.com.br\/noticias\/wp-json\/wp\/v2\/media?parent=2229"}],"wp:term":[{"taxonomy":"category","embeddable":true,"href":"https:\/\/mhcalculos.com.br\/noticias\/wp-json\/wp\/v2\/categories?post=2229"},{"taxonomy":"post_tag","embeddable":true,"href":"https:\/\/mhcalculos.com.br\/noticias\/wp-json\/wp\/v2\/tags?post=2229"}],"curies":[{"name":"wp","href":"https:\/\/api.w.org\/{rel}","templated":true}]}}