{"id":2228,"date":"2018-06-21T19:40:00","date_gmt":"2018-06-21T22:40:00","guid":{"rendered":"https:\/\/mhcalculos.com.br\/noticias\/2018\/06\/21\/tst-empregados-da-cobra-tecnologia-aceitam-proposta-da-vice-presidencia-e-encerram-greve\/"},"modified":"2021-07-28T14:34:33","modified_gmt":"2021-07-28T17:34:33","slug":"tst-empregados-da-cobra-tecnologia-aceitam-proposta-da-vice-presidencia-e-encerram-greve","status":"publish","type":"post","link":"https:\/\/mhcalculos.com.br\/noticias\/area\/trabalhista\/tst-empregados-da-cobra-tecnologia-aceitam-proposta-da-vice-presidencia-e-encerram-greve.html","title":{"rendered":"TST: Empregados da Cobra tecnologia aceitam proposta da Vice-Presid\u00eancia e encerram greve"},"content":{"rendered":"<p><br \/>\n  <\/p>\n<p >Os empregados da Cobra Tecnologia S. A. acolheram nesta quinta-feira (21) proposta da Vice-Presid\u00eancia do Tribunal Superior Trabalho para encerrar greve da categoria e retornar ao trabalho a partir de sexta-feira (22).<\/p>\n<p ><strong>Restitui\u00e7\u00e3o<\/strong><\/p>\n<p >A proposta apresentada na quarta-feira (20) pelo vice-presidente, ministro Renato de Lacerda Paiva, prev\u00ea que, com a volta ao trabalho, a empresa restituir\u00e1 os valores descontados em fun\u00e7\u00e3o da greve at\u00e9 6\/7. A solu\u00e7\u00e3o leva em conta que a Cobra j\u00e1 fechou a folha de pagamento do m\u00eas, apurada entre 15\/5 e 16\/6\/2018, com a previs\u00e3o de desconto dos dias da greve, e n\u00e3o h\u00e1 condi\u00e7\u00f5es operacionais para alterar a execu\u00e7\u00e3o da folha. Em rela\u00e7\u00e3o \u00e0 folha de pagamento de julho, a empresa observar\u00e1 igual sistem\u00e1tica no sentido de n\u00e3o descontar dos sal\u00e1rios os dias de paralisa\u00e7\u00e3o.<\/p>\n<p >A Cobra Tecnologia, pertencente ao Banco do Brasil, j\u00e1 aceitou a proposta. No entanto, a concord\u00e2ncia n\u00e3o significa ren\u00fancia ao direito de fazer o desconto salarial em fun\u00e7\u00e3o de greve no futuro nem de tomar outras provid\u00eancias poss\u00edveis. De acordo com a Vice-Presid\u00eancia do Tribunal, a restitui\u00e7\u00e3o \u00e9 apenas procedimento de cautela para aguardar a decis\u00e3o da Se\u00e7\u00e3o Especializada em Diss\u00eddios Coletivos (SDC) do TST sobre a greve.<\/p>\n<p >(GS\/CF)<\/p>\n<p >Processo: <a href=\"https:\/\/pje.tst.jus.br\/consultaprocessual\/pages\/consultas\/DetalhaProcesso.seam?p_num_pje=7396&amp;p_grau_pje=1&amp;p_seq=1000382&amp;p_vara=27&amp;cid=19779\">DCG-1000382-24.2018.5.00.0000<\/a><\/p>\n<p> <strong>Esta mat\u00e9ria tem car\u00e1ter informativo, sem cunho oficial.<br \/> Permitida a reprodu\u00e7\u00e3o mediante cita\u00e7\u00e3o da fonte.<br \/> Secretaria de Comunica\u00e7\u00e3o Social<br \/> Tribunal Superior do Trabalho<br \/> Tel. (61) 3043-4907<br \/> <a href=\"mailto:secom@tst.jus.br\">secom@tst.jus.br<\/a><\/strong>       <\/br><br \/>\n<br \/><i>Com informa\u00e7\u00f5es da assessoria de imprensa do TST.<\/i><br \/>\n<br \/><a href=\"http:\/\/www.tst.jus.br\/web\/guest\/noticias?p_p_id=89Dk&#038;p_p_lifecycle=0&#038;refererPlid=10730&#038;_89Dk_struts_action=%2Fjournal_content%2Fview&#038;_89Dk_groupId=10157&#038;_89Dk_articleId=24604639\">Fonte<\/a><br \/>\n<br \/><\/p>\n","protected":false},"excerpt":{"rendered":"<p>Os empregados da Cobra Tecnologia S. A. acolheram nesta quinta-feira (21) proposta da Vice-Presid\u00eancia do Tribunal Superior Trabalho para encerrar greve da categoria e retornar ao trabalho a partir de sexta-feira (22). Restitui\u00e7\u00e3o A proposta apresentada na quarta-feira (20) pelo vice-presidente, ministro Renato de Lacerda Paiva, prev\u00ea que, com a volta ao trabalho, a empresa [&hellip;]<\/p>\n","protected":false},"author":3063,"featured_media":2102,"comment_status":"open","ping_status":"open","sticky":false,"template":"","format":"standard","meta":{"footnotes":""},"categories":[3,21],"tags":[33,216,9,12,217,215],"class_list":{"0":"post-2228","1":"post","2":"type-post","3":"status-publish","4":"format-standard","5":"has-post-thumbnail","7":"category-trabalhista","8":"category-tst","9":"tag-calculos-trabalhistas","10":"tag-direito-trabalhista","11":"tag-pericia","12":"tag-perito","13":"tag-trabalho","14":"tag-tst"},"yoast_head":"<!-- This site is optimized with the Yoast SEO plugin v27.2 - https:\/\/yoast.com\/product\/yoast-seo-wordpress\/ -->\n<title>TST: Empregados da Cobra tecnologia aceitam proposta da Vice-Presid\u00eancia e encerram greve | Portal de Not\u00edcias<\/title>\n<meta name=\"robots\" content=\"index, follow, max-snippet:-1, max-image-preview:large, max-video-preview:-1\" \/>\n<link rel=\"canonical\" href=\"https:\/\/mhcalculos.com.br\/noticias\/area\/trabalhista\/tst-empregados-da-cobra-tecnologia-aceitam-proposta-da-vice-presidencia-e-encerram-greve.html\" \/>\n<meta property=\"og:locale\" content=\"pt_BR\" \/>\n<meta property=\"og:type\" content=\"article\" \/>\n<meta property=\"og:title\" content=\"TST: Empregados da Cobra tecnologia aceitam proposta da Vice-Presid\u00eancia e encerram greve | Portal de Not\u00edcias\" \/>\n<meta property=\"og:description\" content=\"Os empregados da Cobra Tecnologia S. A. acolheram nesta quinta-feira (21) proposta da Vice-Presid\u00eancia do Tribunal Superior Trabalho para encerrar greve da categoria e retornar ao trabalho a partir de sexta-feira (22). Restitui\u00e7\u00e3o A proposta apresentada na quarta-feira (20) pelo vice-presidente, ministro Renato de Lacerda Paiva, prev\u00ea que, com a volta ao trabalho, a empresa [&hellip;]\" \/>\n<meta property=\"og:url\" content=\"https:\/\/mhcalculos.com.br\/noticias\/area\/trabalhista\/tst-empregados-da-cobra-tecnologia-aceitam-proposta-da-vice-presidencia-e-encerram-greve.html\" \/>\n<meta property=\"og:site_name\" content=\"Portal de Not\u00edcias\" \/>\n<meta property=\"article:published_time\" content=\"2018-06-21T22:40:00+00:00\" \/>\n<meta property=\"article:modified_time\" content=\"2021-07-28T17:34:33+00:00\" \/>\n<meta property=\"og:image\" content=\"https:\/\/mhcalculos.com.br\/noticias\/wp-content\/uploads\/sites\/2\/2018\/06\/judiciario-0014.jpg\" \/>\n\t<meta property=\"og:image:width\" content=\"2000\" \/>\n\t<meta property=\"og:image:height\" content=\"800\" \/>\n\t<meta property=\"og:image:type\" content=\"image\/jpeg\" \/>\n<meta name=\"author\" content=\"Equipe MH\" \/>\n<meta name=\"twitter:card\" content=\"summary_large_image\" \/>\n<meta name=\"twitter:label1\" content=\"Escrito por\" \/>\n\t<meta name=\"twitter:data1\" content=\"Equipe MH\" \/>\n\t<meta name=\"twitter:label2\" content=\"Est. tempo de leitura\" \/>\n\t<meta name=\"twitter:data2\" content=\"1 minuto\" \/>\n<script type=\"application\/ld+json\" class=\"yoast-schema-graph\">{\"@context\":\"https:\/\/schema.org\",\"@graph\":[{\"@type\":\"Article\",\"@id\":\"https:\/\/mhcalculos.com.br\/noticias\/area\/trabalhista\/tst-empregados-da-cobra-tecnologia-aceitam-proposta-da-vice-presidencia-e-encerram-greve.html#article\",\"isPartOf\":{\"@id\":\"https:\/\/mhcalculos.com.br\/noticias\/area\/trabalhista\/tst-empregados-da-cobra-tecnologia-aceitam-proposta-da-vice-presidencia-e-encerram-greve.html\"},\"author\":{\"name\":\"Equipe MH\",\"@id\":\"https:\/\/mhcalculos.com.br\/noticias\/#\/schema\/person\/88d1c34bf72dc779ea14a5a6b8e0ae8d\"},\"headline\":\"TST: Empregados da Cobra tecnologia aceitam proposta da Vice-Presid\u00eancia e encerram greve\",\"datePublished\":\"2018-06-21T22:40:00+00:00\",\"dateModified\":\"2021-07-28T17:34:33+00:00\",\"mainEntityOfPage\":{\"@id\":\"https:\/\/mhcalculos.com.br\/noticias\/area\/trabalhista\/tst-empregados-da-cobra-tecnologia-aceitam-proposta-da-vice-presidencia-e-encerram-greve.html\"},\"wordCount\":279,\"commentCount\":0,\"image\":{\"@id\":\"https:\/\/mhcalculos.com.br\/noticias\/area\/trabalhista\/tst-empregados-da-cobra-tecnologia-aceitam-proposta-da-vice-presidencia-e-encerram-greve.html#primaryimage\"},\"thumbnailUrl\":\"https:\/\/mhcalculos.com.br\/noticias\/wp-content\/uploads\/sites\/2\/2018\/06\/judiciario-0014.jpg\",\"keywords\":[\"c\u00e1lculos trabalhistas\",\"direito trabalhista\",\"per\u00edcia\",\"perito\",\"trabalho\",\"TST\"],\"articleSection\":[\"Direito Trabalhista\",\"TST\"],\"inLanguage\":\"pt-BR\",\"potentialAction\":[{\"@type\":\"CommentAction\",\"name\":\"Comment\",\"target\":[\"https:\/\/mhcalculos.com.br\/noticias\/area\/trabalhista\/tst-empregados-da-cobra-tecnologia-aceitam-proposta-da-vice-presidencia-e-encerram-greve.html#respond\"]}]},{\"@type\":\"WebPage\",\"@id\":\"https:\/\/mhcalculos.com.br\/noticias\/area\/trabalhista\/tst-empregados-da-cobra-tecnologia-aceitam-proposta-da-vice-presidencia-e-encerram-greve.html\",\"url\":\"https:\/\/mhcalculos.com.br\/noticias\/area\/trabalhista\/tst-empregados-da-cobra-tecnologia-aceitam-proposta-da-vice-presidencia-e-encerram-greve.html\",\"name\":\"TST: Empregados da Cobra tecnologia aceitam proposta da Vice-Presid\u00eancia e encerram greve | Portal de Not\u00edcias\",\"isPartOf\":{\"@id\":\"https:\/\/mhcalculos.com.br\/noticias\/#website\"},\"primaryImageOfPage\":{\"@id\":\"https:\/\/mhcalculos.com.br\/noticias\/area\/trabalhista\/tst-empregados-da-cobra-tecnologia-aceitam-proposta-da-vice-presidencia-e-encerram-greve.html#primaryimage\"},\"image\":{\"@id\":\"https:\/\/mhcalculos.com.br\/noticias\/area\/trabalhista\/tst-empregados-da-cobra-tecnologia-aceitam-proposta-da-vice-presidencia-e-encerram-greve.html#primaryimage\"},\"thumbnailUrl\":\"https:\/\/mhcalculos.com.br\/noticias\/wp-content\/uploads\/sites\/2\/2018\/06\/judiciario-0014.jpg\",\"datePublished\":\"2018-06-21T22:40:00+00:00\",\"dateModified\":\"2021-07-28T17:34:33+00:00\",\"author\":{\"@id\":\"https:\/\/mhcalculos.com.br\/noticias\/#\/schema\/person\/88d1c34bf72dc779ea14a5a6b8e0ae8d\"},\"breadcrumb\":{\"@id\":\"https:\/\/mhcalculos.com.br\/noticias\/area\/trabalhista\/tst-empregados-da-cobra-tecnologia-aceitam-proposta-da-vice-presidencia-e-encerram-greve.html#breadcrumb\"},\"inLanguage\":\"pt-BR\",\"potentialAction\":[{\"@type\":\"ReadAction\",\"target\":[\"https:\/\/mhcalculos.com.br\/noticias\/area\/trabalhista\/tst-empregados-da-cobra-tecnologia-aceitam-proposta-da-vice-presidencia-e-encerram-greve.html\"]}]},{\"@type\":\"ImageObject\",\"inLanguage\":\"pt-BR\",\"@id\":\"https:\/\/mhcalculos.com.br\/noticias\/area\/trabalhista\/tst-empregados-da-cobra-tecnologia-aceitam-proposta-da-vice-presidencia-e-encerram-greve.html#primaryimage\",\"url\":\"https:\/\/mhcalculos.com.br\/noticias\/wp-content\/uploads\/sites\/2\/2018\/06\/judiciario-0014.jpg\",\"contentUrl\":\"https:\/\/mhcalculos.com.br\/noticias\/wp-content\/uploads\/sites\/2\/2018\/06\/judiciario-0014.jpg\",\"width\":2000,\"height\":800},{\"@type\":\"BreadcrumbList\",\"@id\":\"https:\/\/mhcalculos.com.br\/noticias\/area\/trabalhista\/tst-empregados-da-cobra-tecnologia-aceitam-proposta-da-vice-presidencia-e-encerram-greve.html#breadcrumb\",\"itemListElement\":[{\"@type\":\"ListItem\",\"position\":1,\"name\":\"In\u00edcio\",\"item\":\"https:\/\/mhcalculos.com.br\/noticias\/\"},{\"@type\":\"ListItem\",\"position\":2,\"name\":\"TST: Empregados da Cobra tecnologia aceitam proposta da Vice-Presid\u00eancia e encerram greve\"}]},{\"@type\":\"WebSite\",\"@id\":\"https:\/\/mhcalculos.com.br\/noticias\/#website\",\"url\":\"https:\/\/mhcalculos.com.br\/noticias\/\",\"name\":\"Portal de Not\u00edcias\",\"description\":\"Not\u00edcias e Jurisprud\u00eancia\",\"potentialAction\":[{\"@type\":\"SearchAction\",\"target\":{\"@type\":\"EntryPoint\",\"urlTemplate\":\"https:\/\/mhcalculos.com.br\/noticias\/?s={search_term_string}\"},\"query-input\":{\"@type\":\"PropertyValueSpecification\",\"valueRequired\":true,\"valueName\":\"search_term_string\"}}],\"inLanguage\":\"pt-BR\"},{\"@type\":\"Person\",\"@id\":\"https:\/\/mhcalculos.com.br\/noticias\/#\/schema\/person\/88d1c34bf72dc779ea14a5a6b8e0ae8d\",\"name\":\"Equipe MH\",\"image\":{\"@type\":\"ImageObject\",\"inLanguage\":\"pt-BR\",\"@id\":\"https:\/\/secure.gravatar.com\/avatar\/de1c686c2ecc9c5a3f327e3431d819eb39f8f05d4e1045f5a1caad6daaba987f?s=96&d=mm&r=g\",\"url\":\"https:\/\/secure.gravatar.com\/avatar\/de1c686c2ecc9c5a3f327e3431d819eb39f8f05d4e1045f5a1caad6daaba987f?s=96&d=mm&r=g\",\"contentUrl\":\"https:\/\/secure.gravatar.com\/avatar\/de1c686c2ecc9c5a3f327e3431d819eb39f8f05d4e1045f5a1caad6daaba987f?s=96&d=mm&r=g\",\"caption\":\"Equipe MH\"}}]}<\/script>\n<!-- \/ Yoast SEO plugin. -->","yoast_head_json":{"title":"TST: Empregados da Cobra tecnologia aceitam proposta da Vice-Presid\u00eancia e encerram greve | Portal de Not\u00edcias","robots":{"index":"index","follow":"follow","max-snippet":"max-snippet:-1","max-image-preview":"max-image-preview:large","max-video-preview":"max-video-preview:-1"},"canonical":"https:\/\/mhcalculos.com.br\/noticias\/area\/trabalhista\/tst-empregados-da-cobra-tecnologia-aceitam-proposta-da-vice-presidencia-e-encerram-greve.html","og_locale":"pt_BR","og_type":"article","og_title":"TST: Empregados da Cobra tecnologia aceitam proposta da Vice-Presid\u00eancia e encerram greve | Portal de Not\u00edcias","og_description":"Os empregados da Cobra Tecnologia S. A. acolheram nesta quinta-feira (21) proposta da Vice-Presid\u00eancia do Tribunal Superior Trabalho para encerrar greve da categoria e retornar ao trabalho a partir de sexta-feira (22). Restitui\u00e7\u00e3o A proposta apresentada na quarta-feira (20) pelo vice-presidente, ministro Renato de Lacerda Paiva, prev\u00ea que, com a volta ao trabalho, a empresa [&hellip;]","og_url":"https:\/\/mhcalculos.com.br\/noticias\/area\/trabalhista\/tst-empregados-da-cobra-tecnologia-aceitam-proposta-da-vice-presidencia-e-encerram-greve.html","og_site_name":"Portal de Not\u00edcias","article_published_time":"2018-06-21T22:40:00+00:00","article_modified_time":"2021-07-28T17:34:33+00:00","og_image":[{"width":2000,"height":800,"url":"https:\/\/mhcalculos.com.br\/noticias\/wp-content\/uploads\/sites\/2\/2018\/06\/judiciario-0014.jpg","type":"image\/jpeg"}],"author":"Equipe MH","twitter_card":"summary_large_image","twitter_misc":{"Escrito por":"Equipe MH","Est. tempo de leitura":"1 minuto"},"schema":{"@context":"https:\/\/schema.org","@graph":[{"@type":"Article","@id":"https:\/\/mhcalculos.com.br\/noticias\/area\/trabalhista\/tst-empregados-da-cobra-tecnologia-aceitam-proposta-da-vice-presidencia-e-encerram-greve.html#article","isPartOf":{"@id":"https:\/\/mhcalculos.com.br\/noticias\/area\/trabalhista\/tst-empregados-da-cobra-tecnologia-aceitam-proposta-da-vice-presidencia-e-encerram-greve.html"},"author":{"name":"Equipe MH","@id":"https:\/\/mhcalculos.com.br\/noticias\/#\/schema\/person\/88d1c34bf72dc779ea14a5a6b8e0ae8d"},"headline":"TST: Empregados da Cobra tecnologia aceitam proposta da Vice-Presid\u00eancia e encerram greve","datePublished":"2018-06-21T22:40:00+00:00","dateModified":"2021-07-28T17:34:33+00:00","mainEntityOfPage":{"@id":"https:\/\/mhcalculos.com.br\/noticias\/area\/trabalhista\/tst-empregados-da-cobra-tecnologia-aceitam-proposta-da-vice-presidencia-e-encerram-greve.html"},"wordCount":279,"commentCount":0,"image":{"@id":"https:\/\/mhcalculos.com.br\/noticias\/area\/trabalhista\/tst-empregados-da-cobra-tecnologia-aceitam-proposta-da-vice-presidencia-e-encerram-greve.html#primaryimage"},"thumbnailUrl":"https:\/\/mhcalculos.com.br\/noticias\/wp-content\/uploads\/sites\/2\/2018\/06\/judiciario-0014.jpg","keywords":["c\u00e1lculos trabalhistas","direito trabalhista","per\u00edcia","perito","trabalho","TST"],"articleSection":["Direito Trabalhista","TST"],"inLanguage":"pt-BR","potentialAction":[{"@type":"CommentAction","name":"Comment","target":["https:\/\/mhcalculos.com.br\/noticias\/area\/trabalhista\/tst-empregados-da-cobra-tecnologia-aceitam-proposta-da-vice-presidencia-e-encerram-greve.html#respond"]}]},{"@type":"WebPage","@id":"https:\/\/mhcalculos.com.br\/noticias\/area\/trabalhista\/tst-empregados-da-cobra-tecnologia-aceitam-proposta-da-vice-presidencia-e-encerram-greve.html","url":"https:\/\/mhcalculos.com.br\/noticias\/area\/trabalhista\/tst-empregados-da-cobra-tecnologia-aceitam-proposta-da-vice-presidencia-e-encerram-greve.html","name":"TST: Empregados da Cobra tecnologia aceitam proposta da Vice-Presid\u00eancia e encerram greve | Portal de Not\u00edcias","isPartOf":{"@id":"https:\/\/mhcalculos.com.br\/noticias\/#website"},"primaryImageOfPage":{"@id":"https:\/\/mhcalculos.com.br\/noticias\/area\/trabalhista\/tst-empregados-da-cobra-tecnologia-aceitam-proposta-da-vice-presidencia-e-encerram-greve.html#primaryimage"},"image":{"@id":"https:\/\/mhcalculos.com.br\/noticias\/area\/trabalhista\/tst-empregados-da-cobra-tecnologia-aceitam-proposta-da-vice-presidencia-e-encerram-greve.html#primaryimage"},"thumbnailUrl":"https:\/\/mhcalculos.com.br\/noticias\/wp-content\/uploads\/sites\/2\/2018\/06\/judiciario-0014.jpg","datePublished":"2018-06-21T22:40:00+00:00","dateModified":"2021-07-28T17:34:33+00:00","author":{"@id":"https:\/\/mhcalculos.com.br\/noticias\/#\/schema\/person\/88d1c34bf72dc779ea14a5a6b8e0ae8d"},"breadcrumb":{"@id":"https:\/\/mhcalculos.com.br\/noticias\/area\/trabalhista\/tst-empregados-da-cobra-tecnologia-aceitam-proposta-da-vice-presidencia-e-encerram-greve.html#breadcrumb"},"inLanguage":"pt-BR","potentialAction":[{"@type":"ReadAction","target":["https:\/\/mhcalculos.com.br\/noticias\/area\/trabalhista\/tst-empregados-da-cobra-tecnologia-aceitam-proposta-da-vice-presidencia-e-encerram-greve.html"]}]},{"@type":"ImageObject","inLanguage":"pt-BR","@id":"https:\/\/mhcalculos.com.br\/noticias\/area\/trabalhista\/tst-empregados-da-cobra-tecnologia-aceitam-proposta-da-vice-presidencia-e-encerram-greve.html#primaryimage","url":"https:\/\/mhcalculos.com.br\/noticias\/wp-content\/uploads\/sites\/2\/2018\/06\/judiciario-0014.jpg","contentUrl":"https:\/\/mhcalculos.com.br\/noticias\/wp-content\/uploads\/sites\/2\/2018\/06\/judiciario-0014.jpg","width":2000,"height":800},{"@type":"BreadcrumbList","@id":"https:\/\/mhcalculos.com.br\/noticias\/area\/trabalhista\/tst-empregados-da-cobra-tecnologia-aceitam-proposta-da-vice-presidencia-e-encerram-greve.html#breadcrumb","itemListElement":[{"@type":"ListItem","position":1,"name":"In\u00edcio","item":"https:\/\/mhcalculos.com.br\/noticias\/"},{"@type":"ListItem","position":2,"name":"TST: Empregados da Cobra tecnologia aceitam proposta da Vice-Presid\u00eancia e encerram greve"}]},{"@type":"WebSite","@id":"https:\/\/mhcalculos.com.br\/noticias\/#website","url":"https:\/\/mhcalculos.com.br\/noticias\/","name":"Portal de Not\u00edcias","description":"Not\u00edcias e Jurisprud\u00eancia","potentialAction":[{"@type":"SearchAction","target":{"@type":"EntryPoint","urlTemplate":"https:\/\/mhcalculos.com.br\/noticias\/?s={search_term_string}"},"query-input":{"@type":"PropertyValueSpecification","valueRequired":true,"valueName":"search_term_string"}}],"inLanguage":"pt-BR"},{"@type":"Person","@id":"https:\/\/mhcalculos.com.br\/noticias\/#\/schema\/person\/88d1c34bf72dc779ea14a5a6b8e0ae8d","name":"Equipe MH","image":{"@type":"ImageObject","inLanguage":"pt-BR","@id":"https:\/\/secure.gravatar.com\/avatar\/de1c686c2ecc9c5a3f327e3431d819eb39f8f05d4e1045f5a1caad6daaba987f?s=96&d=mm&r=g","url":"https:\/\/secure.gravatar.com\/avatar\/de1c686c2ecc9c5a3f327e3431d819eb39f8f05d4e1045f5a1caad6daaba987f?s=96&d=mm&r=g","contentUrl":"https:\/\/secure.gravatar.com\/avatar\/de1c686c2ecc9c5a3f327e3431d819eb39f8f05d4e1045f5a1caad6daaba987f?s=96&d=mm&r=g","caption":"Equipe MH"}}]}},"_links":{"self":[{"href":"https:\/\/mhcalculos.com.br\/noticias\/wp-json\/wp\/v2\/posts\/2228","targetHints":{"allow":["GET"]}}],"collection":[{"href":"https:\/\/mhcalculos.com.br\/noticias\/wp-json\/wp\/v2\/posts"}],"about":[{"href":"https:\/\/mhcalculos.com.br\/noticias\/wp-json\/wp\/v2\/types\/post"}],"author":[{"embeddable":true,"href":"https:\/\/mhcalculos.com.br\/noticias\/wp-json\/wp\/v2\/users\/3063"}],"replies":[{"embeddable":true,"href":"https:\/\/mhcalculos.com.br\/noticias\/wp-json\/wp\/v2\/comments?post=2228"}],"version-history":[{"count":1,"href":"https:\/\/mhcalculos.com.br\/noticias\/wp-json\/wp\/v2\/posts\/2228\/revisions"}],"predecessor-version":[{"id":10364,"href":"https:\/\/mhcalculos.com.br\/noticias\/wp-json\/wp\/v2\/posts\/2228\/revisions\/10364"}],"wp:featuredmedia":[{"embeddable":true,"href":"https:\/\/mhcalculos.com.br\/noticias\/wp-json\/wp\/v2\/media\/2102"}],"wp:attachment":[{"href":"https:\/\/mhcalculos.com.br\/noticias\/wp-json\/wp\/v2\/media?parent=2228"}],"wp:term":[{"taxonomy":"category","embeddable":true,"href":"https:\/\/mhcalculos.com.br\/noticias\/wp-json\/wp\/v2\/categories?post=2228"},{"taxonomy":"post_tag","embeddable":true,"href":"https:\/\/mhcalculos.com.br\/noticias\/wp-json\/wp\/v2\/tags?post=2228"}],"curies":[{"name":"wp","href":"https:\/\/api.w.org\/{rel}","templated":true}]}}