{"id":1970,"date":"2018-06-14T07:00:00","date_gmt":"2018-06-14T10:00:00","guid":{"rendered":"https:\/\/mhcalculos.com.br\/noticias\/2018\/06\/14\/tst-condenacao-por-dano-material-decorrente-de-acidente-nao-depende-de-sentenca-condenatoria-criminal\/"},"modified":"2021-07-28T14:34:41","modified_gmt":"2021-07-28T17:34:41","slug":"tst-condenacao-por-dano-material-decorrente-de-acidente-nao-depende-de-sentenca-condenatoria-criminal","status":"publish","type":"post","link":"https:\/\/mhcalculos.com.br\/noticias\/area\/trabalhista\/tst-condenacao-por-dano-material-decorrente-de-acidente-nao-depende-de-sentenca-condenatoria-criminal.html","title":{"rendered":"TST: Condena\u00e7\u00e3o por dano material decorrente de acidente n\u00e3o depende de senten\u00e7a condenat\u00f3ria criminal"},"content":{"rendered":"<p><br \/>\n  <\/p>\n<p >A Primeira Turma do Tribunal Superior do Trabalho reformou decis\u00e3o que havia indeferido o pagamento de indeniza\u00e7\u00e3o por danos materiais porque o empregador n\u00e3o havia sido condenado penalmente pelo acidente de trabalho que vitimou o empregado. Segundo a Turma, estando configurados os requisitos da responsabilidade civil subjetiva, o cabimento da indeniza\u00e7\u00e3o independe de condena\u00e7\u00e3o pr\u00e9via da empresa no ju\u00edzo criminal.<\/p>\n<p >A decis\u00e3o se deu no julgamento do recurso de revista da m\u00e3e de um empregado da Constru\u00e7\u00e3o Met\u00e1lica Civil Ltda. (Comec), de Contagem (MG), que morreu em acidente ao manobrar uma plataforma elevat\u00f3ria articulada. A m\u00e3e, alegando ser dependente do filho falecido, requereu indeniza\u00e7\u00e3o por danos materiais (pens\u00e3o mensal) e morais.<\/p>\n<p >Em sua defesa, a empresa sustentou que o empregado era experiente na fun\u00e7\u00e3o, devidamente treinado na \u00e9poca da admiss\u00e3o, e tinha plena habilita\u00e7\u00e3o para a atividade. Segundo a Comec, ele foi o \u00fanico e exclusivo respons\u00e1vel pelo acidente.<\/p>\n<p >O ju\u00edzo da Vara do Trabalho de Contagem considerou que houve neglig\u00eancia e imprud\u00eancia da empregadora e a condenou ao pagamento de pens\u00e3o mensal correspondente a um ter\u00e7o do sal\u00e1rio do empregado e de R$ 30 mil a t\u00edtulo de danos morais.<\/p>\n<p >O Tribunal Regional do Trabalho da 3\u00aa Regi\u00e3o, no entanto, excluiu da condena\u00e7\u00e3o a pens\u00e3o mensal, embora tenham ficado&nbsp;demonstrados a culpa da empregadora e o nexo de causalidade. Para o TRT, nos acidentes de trabalho com morte, o par\u00e2metro jur\u00eddico para a responsabiliza\u00e7\u00e3o do empregador s\u00e3o&nbsp;os dispositivos do C\u00f3digo Penal&nbsp;\u201cque preveem&nbsp;as figuras do homic\u00eddio doloso e culposo e, equiparando o empregador ao homicida, considera que o respons\u00e1vel pelo delito tem que reparar todo o dano causado pela ofensa penal\u201d.<\/p>\n<p >No recurso ao TST, a m\u00e3e da v\u00edtima argumentou que a responsabilidade civil independe da condena\u00e7\u00e3o no ju\u00edzo criminal. Sustentou que a demonstra\u00e7\u00e3o de culpa do empregador pelo ato danoso que ocasionou a morte do empregado \u00e9 suficiente para o reconhecimento do direito \u00e0 indeniza\u00e7\u00e3o por danos materiais.<\/p>\n<p ><strong>TST<\/strong><\/p>\n<p >O relator do recurso, ministro Walmir Oliveira da Costa, explicou que, de acordo com o registro do Tribunal Regional, o acidente teria decorrido da falta de treinamento espec\u00edfico e suficiente do empregado para a atividade desempenhada. Isso, a seu ver, caracteriza os requisitos da responsabilidade civil subjetiva (que exige a comprova\u00e7\u00e3o da culpa do empregador para haver condena\u00e7\u00e3o).<\/p>\n<p >Por unanimidade, a Turma deu provimento ao recurso para restabelecer a senten\u00e7a em que a empresa havia sido condenada a empresa a pagar indeniza\u00e7\u00e3o por danos materiais. Em consequ\u00eancia, determinou o retorno dos autos ao TRT para prosseguir no julgamento do recurso ordin\u00e1rio no qual a empresa questiona o valor arbitrado \u00e0 pens\u00e3o mensal.<\/p>\n<p >LT\/CF)<\/p>\n<p >Processo: <a href=\"http:\/\/aplicacao4.tst.jus.br\/consultaProcessual\/consultaTstNumUnica.do;jsessionid=7B69B24CCE5B661C3B2D8467B55851A5.vm153?conscsjt=&amp;numeroTst=2011&amp;digitoTst=14&amp;anoTst=2011&amp;orgaoTst=5&amp;tribunalTst=03&amp;varaTst=0032&amp;consulta=Consultar\">RR-2011-14.2011.5.03.0032<\/a><\/p>\n<p> O TST possui oito Turmas, cada uma composta por tr\u00eas ministros, com a atribui\u00e7\u00e3o de analisar recursos de revista, agravos, agravos de instrumento, agravos regimentais e recursos ordin\u00e1rios em a\u00e7\u00e3o cautelar. Das decis\u00f5es das Turmas, a parte ainda pode, em alguns casos, recorrer \u00e0 Subse\u00e7\u00e3o I Especializada em Diss\u00eddios Individuais (SBDI-1). <strong>Esta mat\u00e9ria tem car\u00e1ter informativo, sem cunho oficial.<br \/> Permitida a reprodu\u00e7\u00e3o mediante cita\u00e7\u00e3o da fonte.<br \/> Secretaria de Comunica\u00e7\u00e3o Social<br \/> Tribunal Superior do Trabalho<br \/> Tel. (61) 3043-4907<br \/> <a href=\"mailto:secom@tst.jus.br\">secom@tst.jus.br<\/a><\/strong>       <\/br><br \/>\n<br \/><i>Com informa\u00e7\u00f5es da assessoria de imprensa do TST.<\/i><br \/>\n<br \/><a href=\"http:\/\/www.tst.jus.br\/web\/guest\/noticias?p_p_id=89Dk&#038;p_p_lifecycle=0&#038;refererPlid=10730&#038;_89Dk_struts_action=%2Fjournal_content%2Fview&#038;_89Dk_groupId=10157&#038;_89Dk_articleId=24598649\">Fonte<\/a><br \/>\n<br \/><\/p>\n","protected":false},"excerpt":{"rendered":"<p>A Primeira Turma do Tribunal Superior do Trabalho reformou decis\u00e3o que havia indeferido o pagamento de indeniza\u00e7\u00e3o por danos materiais porque o empregador n\u00e3o havia sido condenado penalmente pelo acidente de trabalho que vitimou o empregado. Segundo a Turma, estando configurados os requisitos da responsabilidade civil subjetiva, o cabimento da indeniza\u00e7\u00e3o independe de condena\u00e7\u00e3o pr\u00e9via [&hellip;]<\/p>\n","protected":false},"author":3063,"featured_media":1559,"comment_status":"open","ping_status":"open","sticky":false,"template":"","format":"standard","meta":{"footnotes":""},"categories":[3,21],"tags":[33,216,9,12,217,215],"class_list":{"0":"post-1970","1":"post","2":"type-post","3":"status-publish","4":"format-standard","5":"has-post-thumbnail","7":"category-trabalhista","8":"category-tst","9":"tag-calculos-trabalhistas","10":"tag-direito-trabalhista","11":"tag-pericia","12":"tag-perito","13":"tag-trabalho","14":"tag-tst"},"yoast_head":"<!-- This site is optimized with the Yoast SEO plugin v27.2 - https:\/\/yoast.com\/product\/yoast-seo-wordpress\/ -->\n<title>TST: Condena\u00e7\u00e3o por dano material decorrente de acidente n\u00e3o depende de senten\u00e7a condenat\u00f3ria criminal | Portal de Not\u00edcias<\/title>\n<meta name=\"robots\" content=\"index, follow, max-snippet:-1, max-image-preview:large, max-video-preview:-1\" \/>\n<link rel=\"canonical\" href=\"https:\/\/mhcalculos.com.br\/noticias\/area\/trabalhista\/tst-condenacao-por-dano-material-decorrente-de-acidente-nao-depende-de-sentenca-condenatoria-criminal.html\" \/>\n<meta property=\"og:locale\" content=\"pt_BR\" \/>\n<meta property=\"og:type\" content=\"article\" \/>\n<meta property=\"og:title\" content=\"TST: Condena\u00e7\u00e3o por dano material decorrente de acidente n\u00e3o depende de senten\u00e7a condenat\u00f3ria criminal | Portal de Not\u00edcias\" \/>\n<meta property=\"og:description\" content=\"A Primeira Turma do Tribunal Superior do Trabalho reformou decis\u00e3o que havia indeferido o pagamento de indeniza\u00e7\u00e3o por danos materiais porque o empregador n\u00e3o havia sido condenado penalmente pelo acidente de trabalho que vitimou o empregado. Segundo a Turma, estando configurados os requisitos da responsabilidade civil subjetiva, o cabimento da indeniza\u00e7\u00e3o independe de condena\u00e7\u00e3o pr\u00e9via [&hellip;]\" \/>\n<meta property=\"og:url\" content=\"https:\/\/mhcalculos.com.br\/noticias\/area\/trabalhista\/tst-condenacao-por-dano-material-decorrente-de-acidente-nao-depende-de-sentenca-condenatoria-criminal.html\" \/>\n<meta property=\"og:site_name\" content=\"Portal de Not\u00edcias\" \/>\n<meta property=\"article:published_time\" content=\"2018-06-14T10:00:00+00:00\" \/>\n<meta property=\"article:modified_time\" content=\"2021-07-28T17:34:41+00:00\" \/>\n<meta property=\"og:image\" content=\"https:\/\/mhcalculos.com.br\/noticias\/wp-content\/uploads\/sites\/2\/2018\/05\/trabalhista-0003.jpg\" \/>\n\t<meta property=\"og:image:width\" content=\"2000\" \/>\n\t<meta property=\"og:image:height\" content=\"800\" \/>\n\t<meta property=\"og:image:type\" content=\"image\/jpeg\" \/>\n<meta name=\"author\" content=\"Equipe MH\" \/>\n<meta name=\"twitter:card\" content=\"summary_large_image\" \/>\n<meta name=\"twitter:label1\" content=\"Escrito por\" \/>\n\t<meta name=\"twitter:data1\" content=\"Equipe MH\" \/>\n\t<meta name=\"twitter:label2\" content=\"Est. tempo de leitura\" \/>\n\t<meta name=\"twitter:data2\" content=\"3 minutos\" \/>\n<script type=\"application\/ld+json\" class=\"yoast-schema-graph\">{\"@context\":\"https:\/\/schema.org\",\"@graph\":[{\"@type\":\"Article\",\"@id\":\"https:\/\/mhcalculos.com.br\/noticias\/area\/trabalhista\/tst-condenacao-por-dano-material-decorrente-de-acidente-nao-depende-de-sentenca-condenatoria-criminal.html#article\",\"isPartOf\":{\"@id\":\"https:\/\/mhcalculos.com.br\/noticias\/area\/trabalhista\/tst-condenacao-por-dano-material-decorrente-de-acidente-nao-depende-de-sentenca-condenatoria-criminal.html\"},\"author\":{\"name\":\"Equipe MH\",\"@id\":\"https:\/\/mhcalculos.com.br\/noticias\/#\/schema\/person\/88d1c34bf72dc779ea14a5a6b8e0ae8d\"},\"headline\":\"TST: Condena\u00e7\u00e3o por dano material decorrente de acidente n\u00e3o depende de senten\u00e7a condenat\u00f3ria criminal\",\"datePublished\":\"2018-06-14T10:00:00+00:00\",\"dateModified\":\"2021-07-28T17:34:41+00:00\",\"mainEntityOfPage\":{\"@id\":\"https:\/\/mhcalculos.com.br\/noticias\/area\/trabalhista\/tst-condenacao-por-dano-material-decorrente-de-acidente-nao-depende-de-sentenca-condenatoria-criminal.html\"},\"wordCount\":610,\"commentCount\":0,\"image\":{\"@id\":\"https:\/\/mhcalculos.com.br\/noticias\/area\/trabalhista\/tst-condenacao-por-dano-material-decorrente-de-acidente-nao-depende-de-sentenca-condenatoria-criminal.html#primaryimage\"},\"thumbnailUrl\":\"https:\/\/mhcalculos.com.br\/noticias\/wp-content\/uploads\/sites\/2\/2018\/05\/trabalhista-0003.jpg\",\"keywords\":[\"c\u00e1lculos trabalhistas\",\"direito trabalhista\",\"per\u00edcia\",\"perito\",\"trabalho\",\"TST\"],\"articleSection\":[\"Direito Trabalhista\",\"TST\"],\"inLanguage\":\"pt-BR\",\"potentialAction\":[{\"@type\":\"CommentAction\",\"name\":\"Comment\",\"target\":[\"https:\/\/mhcalculos.com.br\/noticias\/area\/trabalhista\/tst-condenacao-por-dano-material-decorrente-de-acidente-nao-depende-de-sentenca-condenatoria-criminal.html#respond\"]}]},{\"@type\":\"WebPage\",\"@id\":\"https:\/\/mhcalculos.com.br\/noticias\/area\/trabalhista\/tst-condenacao-por-dano-material-decorrente-de-acidente-nao-depende-de-sentenca-condenatoria-criminal.html\",\"url\":\"https:\/\/mhcalculos.com.br\/noticias\/area\/trabalhista\/tst-condenacao-por-dano-material-decorrente-de-acidente-nao-depende-de-sentenca-condenatoria-criminal.html\",\"name\":\"TST: Condena\u00e7\u00e3o por dano material decorrente de acidente n\u00e3o depende de senten\u00e7a condenat\u00f3ria criminal | Portal de Not\u00edcias\",\"isPartOf\":{\"@id\":\"https:\/\/mhcalculos.com.br\/noticias\/#website\"},\"primaryImageOfPage\":{\"@id\":\"https:\/\/mhcalculos.com.br\/noticias\/area\/trabalhista\/tst-condenacao-por-dano-material-decorrente-de-acidente-nao-depende-de-sentenca-condenatoria-criminal.html#primaryimage\"},\"image\":{\"@id\":\"https:\/\/mhcalculos.com.br\/noticias\/area\/trabalhista\/tst-condenacao-por-dano-material-decorrente-de-acidente-nao-depende-de-sentenca-condenatoria-criminal.html#primaryimage\"},\"thumbnailUrl\":\"https:\/\/mhcalculos.com.br\/noticias\/wp-content\/uploads\/sites\/2\/2018\/05\/trabalhista-0003.jpg\",\"datePublished\":\"2018-06-14T10:00:00+00:00\",\"dateModified\":\"2021-07-28T17:34:41+00:00\",\"author\":{\"@id\":\"https:\/\/mhcalculos.com.br\/noticias\/#\/schema\/person\/88d1c34bf72dc779ea14a5a6b8e0ae8d\"},\"breadcrumb\":{\"@id\":\"https:\/\/mhcalculos.com.br\/noticias\/area\/trabalhista\/tst-condenacao-por-dano-material-decorrente-de-acidente-nao-depende-de-sentenca-condenatoria-criminal.html#breadcrumb\"},\"inLanguage\":\"pt-BR\",\"potentialAction\":[{\"@type\":\"ReadAction\",\"target\":[\"https:\/\/mhcalculos.com.br\/noticias\/area\/trabalhista\/tst-condenacao-por-dano-material-decorrente-de-acidente-nao-depende-de-sentenca-condenatoria-criminal.html\"]}]},{\"@type\":\"ImageObject\",\"inLanguage\":\"pt-BR\",\"@id\":\"https:\/\/mhcalculos.com.br\/noticias\/area\/trabalhista\/tst-condenacao-por-dano-material-decorrente-de-acidente-nao-depende-de-sentenca-condenatoria-criminal.html#primaryimage\",\"url\":\"https:\/\/mhcalculos.com.br\/noticias\/wp-content\/uploads\/sites\/2\/2018\/05\/trabalhista-0003.jpg\",\"contentUrl\":\"https:\/\/mhcalculos.com.br\/noticias\/wp-content\/uploads\/sites\/2\/2018\/05\/trabalhista-0003.jpg\",\"width\":2000,\"height\":800},{\"@type\":\"BreadcrumbList\",\"@id\":\"https:\/\/mhcalculos.com.br\/noticias\/area\/trabalhista\/tst-condenacao-por-dano-material-decorrente-de-acidente-nao-depende-de-sentenca-condenatoria-criminal.html#breadcrumb\",\"itemListElement\":[{\"@type\":\"ListItem\",\"position\":1,\"name\":\"In\u00edcio\",\"item\":\"https:\/\/mhcalculos.com.br\/noticias\/\"},{\"@type\":\"ListItem\",\"position\":2,\"name\":\"TST: Condena\u00e7\u00e3o por dano material decorrente de acidente n\u00e3o depende de senten\u00e7a condenat\u00f3ria criminal\"}]},{\"@type\":\"WebSite\",\"@id\":\"https:\/\/mhcalculos.com.br\/noticias\/#website\",\"url\":\"https:\/\/mhcalculos.com.br\/noticias\/\",\"name\":\"Portal de Not\u00edcias\",\"description\":\"Not\u00edcias e Jurisprud\u00eancia\",\"potentialAction\":[{\"@type\":\"SearchAction\",\"target\":{\"@type\":\"EntryPoint\",\"urlTemplate\":\"https:\/\/mhcalculos.com.br\/noticias\/?s={search_term_string}\"},\"query-input\":{\"@type\":\"PropertyValueSpecification\",\"valueRequired\":true,\"valueName\":\"search_term_string\"}}],\"inLanguage\":\"pt-BR\"},{\"@type\":\"Person\",\"@id\":\"https:\/\/mhcalculos.com.br\/noticias\/#\/schema\/person\/88d1c34bf72dc779ea14a5a6b8e0ae8d\",\"name\":\"Equipe MH\",\"image\":{\"@type\":\"ImageObject\",\"inLanguage\":\"pt-BR\",\"@id\":\"https:\/\/secure.gravatar.com\/avatar\/de1c686c2ecc9c5a3f327e3431d819eb39f8f05d4e1045f5a1caad6daaba987f?s=96&d=mm&r=g\",\"url\":\"https:\/\/secure.gravatar.com\/avatar\/de1c686c2ecc9c5a3f327e3431d819eb39f8f05d4e1045f5a1caad6daaba987f?s=96&d=mm&r=g\",\"contentUrl\":\"https:\/\/secure.gravatar.com\/avatar\/de1c686c2ecc9c5a3f327e3431d819eb39f8f05d4e1045f5a1caad6daaba987f?s=96&d=mm&r=g\",\"caption\":\"Equipe MH\"}}]}<\/script>\n<!-- \/ Yoast SEO plugin. -->","yoast_head_json":{"title":"TST: Condena\u00e7\u00e3o por dano material decorrente de acidente n\u00e3o depende de senten\u00e7a condenat\u00f3ria criminal | Portal de Not\u00edcias","robots":{"index":"index","follow":"follow","max-snippet":"max-snippet:-1","max-image-preview":"max-image-preview:large","max-video-preview":"max-video-preview:-1"},"canonical":"https:\/\/mhcalculos.com.br\/noticias\/area\/trabalhista\/tst-condenacao-por-dano-material-decorrente-de-acidente-nao-depende-de-sentenca-condenatoria-criminal.html","og_locale":"pt_BR","og_type":"article","og_title":"TST: Condena\u00e7\u00e3o por dano material decorrente de acidente n\u00e3o depende de senten\u00e7a condenat\u00f3ria criminal | Portal de Not\u00edcias","og_description":"A Primeira Turma do Tribunal Superior do Trabalho reformou decis\u00e3o que havia indeferido o pagamento de indeniza\u00e7\u00e3o por danos materiais porque o empregador n\u00e3o havia sido condenado penalmente pelo acidente de trabalho que vitimou o empregado. Segundo a Turma, estando configurados os requisitos da responsabilidade civil subjetiva, o cabimento da indeniza\u00e7\u00e3o independe de condena\u00e7\u00e3o pr\u00e9via [&hellip;]","og_url":"https:\/\/mhcalculos.com.br\/noticias\/area\/trabalhista\/tst-condenacao-por-dano-material-decorrente-de-acidente-nao-depende-de-sentenca-condenatoria-criminal.html","og_site_name":"Portal de Not\u00edcias","article_published_time":"2018-06-14T10:00:00+00:00","article_modified_time":"2021-07-28T17:34:41+00:00","og_image":[{"width":2000,"height":800,"url":"https:\/\/mhcalculos.com.br\/noticias\/wp-content\/uploads\/sites\/2\/2018\/05\/trabalhista-0003.jpg","type":"image\/jpeg"}],"author":"Equipe MH","twitter_card":"summary_large_image","twitter_misc":{"Escrito por":"Equipe MH","Est. tempo de leitura":"3 minutos"},"schema":{"@context":"https:\/\/schema.org","@graph":[{"@type":"Article","@id":"https:\/\/mhcalculos.com.br\/noticias\/area\/trabalhista\/tst-condenacao-por-dano-material-decorrente-de-acidente-nao-depende-de-sentenca-condenatoria-criminal.html#article","isPartOf":{"@id":"https:\/\/mhcalculos.com.br\/noticias\/area\/trabalhista\/tst-condenacao-por-dano-material-decorrente-de-acidente-nao-depende-de-sentenca-condenatoria-criminal.html"},"author":{"name":"Equipe MH","@id":"https:\/\/mhcalculos.com.br\/noticias\/#\/schema\/person\/88d1c34bf72dc779ea14a5a6b8e0ae8d"},"headline":"TST: Condena\u00e7\u00e3o por dano material decorrente de acidente n\u00e3o depende de senten\u00e7a condenat\u00f3ria criminal","datePublished":"2018-06-14T10:00:00+00:00","dateModified":"2021-07-28T17:34:41+00:00","mainEntityOfPage":{"@id":"https:\/\/mhcalculos.com.br\/noticias\/area\/trabalhista\/tst-condenacao-por-dano-material-decorrente-de-acidente-nao-depende-de-sentenca-condenatoria-criminal.html"},"wordCount":610,"commentCount":0,"image":{"@id":"https:\/\/mhcalculos.com.br\/noticias\/area\/trabalhista\/tst-condenacao-por-dano-material-decorrente-de-acidente-nao-depende-de-sentenca-condenatoria-criminal.html#primaryimage"},"thumbnailUrl":"https:\/\/mhcalculos.com.br\/noticias\/wp-content\/uploads\/sites\/2\/2018\/05\/trabalhista-0003.jpg","keywords":["c\u00e1lculos trabalhistas","direito trabalhista","per\u00edcia","perito","trabalho","TST"],"articleSection":["Direito Trabalhista","TST"],"inLanguage":"pt-BR","potentialAction":[{"@type":"CommentAction","name":"Comment","target":["https:\/\/mhcalculos.com.br\/noticias\/area\/trabalhista\/tst-condenacao-por-dano-material-decorrente-de-acidente-nao-depende-de-sentenca-condenatoria-criminal.html#respond"]}]},{"@type":"WebPage","@id":"https:\/\/mhcalculos.com.br\/noticias\/area\/trabalhista\/tst-condenacao-por-dano-material-decorrente-de-acidente-nao-depende-de-sentenca-condenatoria-criminal.html","url":"https:\/\/mhcalculos.com.br\/noticias\/area\/trabalhista\/tst-condenacao-por-dano-material-decorrente-de-acidente-nao-depende-de-sentenca-condenatoria-criminal.html","name":"TST: Condena\u00e7\u00e3o por dano material decorrente de acidente n\u00e3o depende de senten\u00e7a condenat\u00f3ria criminal | Portal de Not\u00edcias","isPartOf":{"@id":"https:\/\/mhcalculos.com.br\/noticias\/#website"},"primaryImageOfPage":{"@id":"https:\/\/mhcalculos.com.br\/noticias\/area\/trabalhista\/tst-condenacao-por-dano-material-decorrente-de-acidente-nao-depende-de-sentenca-condenatoria-criminal.html#primaryimage"},"image":{"@id":"https:\/\/mhcalculos.com.br\/noticias\/area\/trabalhista\/tst-condenacao-por-dano-material-decorrente-de-acidente-nao-depende-de-sentenca-condenatoria-criminal.html#primaryimage"},"thumbnailUrl":"https:\/\/mhcalculos.com.br\/noticias\/wp-content\/uploads\/sites\/2\/2018\/05\/trabalhista-0003.jpg","datePublished":"2018-06-14T10:00:00+00:00","dateModified":"2021-07-28T17:34:41+00:00","author":{"@id":"https:\/\/mhcalculos.com.br\/noticias\/#\/schema\/person\/88d1c34bf72dc779ea14a5a6b8e0ae8d"},"breadcrumb":{"@id":"https:\/\/mhcalculos.com.br\/noticias\/area\/trabalhista\/tst-condenacao-por-dano-material-decorrente-de-acidente-nao-depende-de-sentenca-condenatoria-criminal.html#breadcrumb"},"inLanguage":"pt-BR","potentialAction":[{"@type":"ReadAction","target":["https:\/\/mhcalculos.com.br\/noticias\/area\/trabalhista\/tst-condenacao-por-dano-material-decorrente-de-acidente-nao-depende-de-sentenca-condenatoria-criminal.html"]}]},{"@type":"ImageObject","inLanguage":"pt-BR","@id":"https:\/\/mhcalculos.com.br\/noticias\/area\/trabalhista\/tst-condenacao-por-dano-material-decorrente-de-acidente-nao-depende-de-sentenca-condenatoria-criminal.html#primaryimage","url":"https:\/\/mhcalculos.com.br\/noticias\/wp-content\/uploads\/sites\/2\/2018\/05\/trabalhista-0003.jpg","contentUrl":"https:\/\/mhcalculos.com.br\/noticias\/wp-content\/uploads\/sites\/2\/2018\/05\/trabalhista-0003.jpg","width":2000,"height":800},{"@type":"BreadcrumbList","@id":"https:\/\/mhcalculos.com.br\/noticias\/area\/trabalhista\/tst-condenacao-por-dano-material-decorrente-de-acidente-nao-depende-de-sentenca-condenatoria-criminal.html#breadcrumb","itemListElement":[{"@type":"ListItem","position":1,"name":"In\u00edcio","item":"https:\/\/mhcalculos.com.br\/noticias\/"},{"@type":"ListItem","position":2,"name":"TST: Condena\u00e7\u00e3o por dano material decorrente de acidente n\u00e3o depende de senten\u00e7a condenat\u00f3ria criminal"}]},{"@type":"WebSite","@id":"https:\/\/mhcalculos.com.br\/noticias\/#website","url":"https:\/\/mhcalculos.com.br\/noticias\/","name":"Portal de Not\u00edcias","description":"Not\u00edcias e Jurisprud\u00eancia","potentialAction":[{"@type":"SearchAction","target":{"@type":"EntryPoint","urlTemplate":"https:\/\/mhcalculos.com.br\/noticias\/?s={search_term_string}"},"query-input":{"@type":"PropertyValueSpecification","valueRequired":true,"valueName":"search_term_string"}}],"inLanguage":"pt-BR"},{"@type":"Person","@id":"https:\/\/mhcalculos.com.br\/noticias\/#\/schema\/person\/88d1c34bf72dc779ea14a5a6b8e0ae8d","name":"Equipe MH","image":{"@type":"ImageObject","inLanguage":"pt-BR","@id":"https:\/\/secure.gravatar.com\/avatar\/de1c686c2ecc9c5a3f327e3431d819eb39f8f05d4e1045f5a1caad6daaba987f?s=96&d=mm&r=g","url":"https:\/\/secure.gravatar.com\/avatar\/de1c686c2ecc9c5a3f327e3431d819eb39f8f05d4e1045f5a1caad6daaba987f?s=96&d=mm&r=g","contentUrl":"https:\/\/secure.gravatar.com\/avatar\/de1c686c2ecc9c5a3f327e3431d819eb39f8f05d4e1045f5a1caad6daaba987f?s=96&d=mm&r=g","caption":"Equipe MH"}}]}},"_links":{"self":[{"href":"https:\/\/mhcalculos.com.br\/noticias\/wp-json\/wp\/v2\/posts\/1970","targetHints":{"allow":["GET"]}}],"collection":[{"href":"https:\/\/mhcalculos.com.br\/noticias\/wp-json\/wp\/v2\/posts"}],"about":[{"href":"https:\/\/mhcalculos.com.br\/noticias\/wp-json\/wp\/v2\/types\/post"}],"author":[{"embeddable":true,"href":"https:\/\/mhcalculos.com.br\/noticias\/wp-json\/wp\/v2\/users\/3063"}],"replies":[{"embeddable":true,"href":"https:\/\/mhcalculos.com.br\/noticias\/wp-json\/wp\/v2\/comments?post=1970"}],"version-history":[{"count":1,"href":"https:\/\/mhcalculos.com.br\/noticias\/wp-json\/wp\/v2\/posts\/1970\/revisions"}],"predecessor-version":[{"id":10397,"href":"https:\/\/mhcalculos.com.br\/noticias\/wp-json\/wp\/v2\/posts\/1970\/revisions\/10397"}],"wp:featuredmedia":[{"embeddable":true,"href":"https:\/\/mhcalculos.com.br\/noticias\/wp-json\/wp\/v2\/media\/1559"}],"wp:attachment":[{"href":"https:\/\/mhcalculos.com.br\/noticias\/wp-json\/wp\/v2\/media?parent=1970"}],"wp:term":[{"taxonomy":"category","embeddable":true,"href":"https:\/\/mhcalculos.com.br\/noticias\/wp-json\/wp\/v2\/categories?post=1970"},{"taxonomy":"post_tag","embeddable":true,"href":"https:\/\/mhcalculos.com.br\/noticias\/wp-json\/wp\/v2\/tags?post=1970"}],"curies":[{"name":"wp","href":"https:\/\/api.w.org\/{rel}","templated":true}]}}