{"id":1933,"date":"2018-06-13T18:51:12","date_gmt":"2018-06-13T21:51:12","guid":{"rendered":"https:\/\/mhcalculos.com.br\/noticias\/2018\/06\/13\/stf-plenario-julga-listas-com-adis-sobre-aposentadoria-compulsoria-pensao-vitalicia-e-direito-de-greve\/"},"modified":"2021-07-28T14:34:41","modified_gmt":"2021-07-28T17:34:41","slug":"stf-plenario-julga-listas-com-adis-sobre-aposentadoria-compulsoria-pensao-vitalicia-e-direito-de-greve","status":"publish","type":"post","link":"https:\/\/mhcalculos.com.br\/noticias\/area\/previdenciario\/stf-plenario-julga-listas-com-adis-sobre-aposentadoria-compulsoria-pensao-vitalicia-e-direito-de-greve.html","title":{"rendered":"STF: Plen\u00e1rio julga listas com ADIs sobre aposentadoria compuls\u00f3ria, pens\u00e3o vital\u00edcia e direito de greve"},"content":{"rendered":"<p><br \/>\n<\/p>\n<p>Em sess\u00e3o realizada na manh\u00e3 desta quarta-feira (13), o Plen\u00e1rio do Supremo Tribunal Federal (STF) julgou um conjunto de A\u00e7\u00f5es Diretas de Inconstitucionalidade (ADIs) ajuizadas contra normas diversas, que versavam sobre idade para aposentadoria compuls\u00f3ria, pens\u00e3o vital\u00edcia e direito de greve.<\/p>\n<p>Em decis\u00e3o un\u00e2nime, o Plen\u00e1rio julgou inconstitucional a A\u00e7\u00e3o Direta de Inconstitucionalidade (ADI) 4698 ajuizada pela Associa\u00e7\u00e3o dos Magistrados Brasileiros (AMB) para contestar dispositivo da Constitui\u00e7\u00e3o do Estado do Maranh\u00e3o, que eleva de 70 para 75 anos a idade para a aposentadoria compuls\u00f3ria dos ju\u00edzes estaduais e dos demais servidores p\u00fablicos. Prevaleceu o voto do ministro Lu\u00eds Roberto Barroso (relator) no sentido de que \u00e9 vedado ao constituinte estadual estabelecer limite de idade para a aposentadoria compuls\u00f3ria de servidores p\u00fablicos, diverso do que fixado pela Constitui\u00e7\u00e3o Federal.<\/p>\n<p><b>Leia mais<\/b>:<br \/>\n01\/12\/2011 &#8211;&nbsp;<a href=\"http:\/\/portal.stf.jus.br\/noticias\/verNoticiaDetalhe.asp?idConteudo=195205\">Norma do MA que eleva idade para aposentadoria compuls\u00f3ria \u00e9 objeto de ADI<\/a><\/p>\n<p><b>ADI 5018<br \/>\n<\/b><br \/>\nPor unanimidade, o Supremo julgou improcedente a A\u00e7\u00e3o Direta de Inconstitucionalidade (ADI) 5018, ajuizada pela Confedera\u00e7\u00e3o Nacional dos Trabalhadores da Ind\u00fastria (CNTI) contra as Leis 12.767\/2012 e 12.783\/2013, que promoveram altera\u00e7\u00f5es nas regras do setor el\u00e9trico visando \u00e0 redu\u00e7\u00e3o do custo da energia el\u00e9trica para o consumidor final. A decis\u00e3o seguiu o voto do relator, ministro Roberto Barroso.<\/p>\n<p>Na ADI, a entidade profissional sustentava que as Medidas Provis\u00f3rias 577\/2012 e 579\/2012, que deram origem \u00e0s leis, n\u00e3o observaram os pressupostos da urg\u00eancia e da relev\u00e2ncia, previstos no artigo 62, caput, da Constitui\u00e7\u00e3o da Rep\u00fablica. &ldquo;Estou aqui aplicando a jurisprud\u00eancia pac\u00edfica do Supremo de que somente se admite o exame de m\u00e9rito dos requisitos constitucionais de relev\u00e2ncia e urg\u00eancia na medida provis\u00f3ria em casos excepcional\u00edssimos, de manifesta falta de razoabilidade, o que n\u00e3o ocorre na hip\u00f3tese&rdquo;, afirmou o relator.<\/p>\n<p><b>Leia mais<\/b>:<br \/>\n22\/07\/2013 &#8211;&nbsp;<a href=\"http:\/\/portal.stf.jus.br\/noticias\/verNoticiaDetalhe.asp?idConteudo=243860\">CNTI pede inconstitucionalidade de leis que criam novas regras no setor el\u00e9trico<\/a><\/p>\n<p><b>ADI 5213<br \/>\n<\/b><br \/>\nAo julgar a\u00e7\u00e3o ajuizada pelo governador de Rond\u00f4nia, o Plen\u00e1rio decidiu, por unanimidade, que \u00e9 inconstitucional a Lei estadual 3.301\/2013, que regulamentou o direito de greve dos servidores da administra\u00e7\u00e3o direta, aut\u00e1rquica e fundacional do estado. Os ministros seguiram jurisprud\u00eancia da Corte citada pelo relator, ministro Alexandre de Moraes, no sentido de que a iniciativa para a regulamenta\u00e7\u00e3o do regime jur\u00eddico dos servidores p\u00fablicos estaduais \u00e9 do chefe do poder Executivo, nos termos do artigo 61, inciso II, par\u00e1grafo 1&ordm;, al\u00ednea &lsquo;c&rsquo;,  da Constitui\u00e7\u00e3o Federal, e n\u00e3o da Assembleia Legislativa estadual, como no caso em julgamento.<\/p>\n<p><b>Leia mais<\/b>:<br \/>\n05\/01\/2015 &#8211;&nbsp;<a href=\"http:\/\/portal.stf.jus.br\/noticias\/verNoticiaDetalhe.asp?idConteudo=282908\">ADI questiona lei que regulamentou direito de greve de servidores de Rond\u00f4nia<\/a><\/p>\n<p><b>ADIs 4609 e 4544<br \/>\n<\/b><br \/>\nEm decis\u00e3o un\u00e2nime, o plen\u00e1rio julgou procedentes duas A\u00e7\u00f5es Diretas de Inconstitucionalidade (ADIs 4609 e 4544) ajuizadas pelo Conselho Federal da Ordem dos Advogados do Brasil (OAB) contra leis dos Estados do Rio de Janeiro e Sergipe, respectivamente, que criaram pens\u00e3o vital\u00edcia para ex-governadores. Nos dois casos, foi seguido o voto do relator dos processos, ministro Roberto Barroso. Ele explicou que a mat\u00e9ria &ldquo;j\u00e1 \u00e9 pacifica&rdquo; e que o Supremo tem derrubado essas normas &ldquo;por viola\u00e7\u00e3o ao princ\u00edpio da igualdade, ao princ\u00edpio republicano e ao princ\u00edpio democr\u00e1tico&rdquo;. <\/p>\n<p>O julgamento da ADI 4609 declarou inconstitucionais normas que determinavam o pagamento de pens\u00e3o a ex-governador e a ex-vice-governador, bem como pens\u00e3o mensal e vital\u00edcia \u00e0s vi\u00favas de ex-governadores. Com isso, foram derrubados o par\u00e1grafo \u00fanico do artigo 1&ordm; da Emenda \u00e0 Constitui\u00e7\u00e3o do Rio de Janeiro n&ordm; 27\/2002, e os artigos 1&ordm; e 2&ordm; da Lei estadual 1.532\/1989. J\u00e1 o julgamento da ADI 4544 declarou inconstitucional o artigo 263 da Constitui\u00e7\u00e3o do Estado de Sergipe que criou pens\u00e3o vital\u00edcia para ex-governadores, com subs\u00eddios equiparados ao de desembargadores.<\/p>\n<p><b>Leia mais<\/b>:<br \/>\n30\/05\/2011 &#8211;&nbsp;<a href=\"http:\/\/portal.stf.jus.br\/noticias\/verNoticiaDetalhe.asp?idConteudo=180768\">OAB questiona pens\u00e3o para ex-governadores do Rio de Janeiro<\/a><\/p>\n<p>27\/01\/2011 &#8211;&nbsp;<a href=\"http:\/\/portal.stf.jus.br\/noticias\/verNoticiaDetalhe.asp?idConteudo=170421\">STF recebe a\u00e7\u00f5es da OAB contra pens\u00e3o de ex-governadores de Sergipe e Paran\u00e1<\/a><\/p>\n<p><span style=\"font-size: smaller\">AR,RR\/CR<\/span><\/p>\n<p><i>Com informa\u00e7\u00f5es da assessoria de imprensa do STF.<\/i><br \/>\n<br \/><br \/>\n<br \/><a href=\"http:\/\/www.stf.jus.br\/portal\/cms\/verNoticiaDetalhe.asp?idConteudo=381320\">Fonte<\/a><\/p>\n","protected":false},"excerpt":{"rendered":"<p>Em sess\u00e3o realizada na manh\u00e3 desta quarta-feira (13), o Plen\u00e1rio do Supremo Tribunal Federal (STF) julgou um conjunto de A\u00e7\u00f5es Diretas de Inconstitucionalidade (ADIs) ajuizadas contra normas diversas, que versavam sobre idade para aposentadoria compuls\u00f3ria, pens\u00e3o vital\u00edcia e direito de greve. Em decis\u00e3o un\u00e2nime, o Plen\u00e1rio julgou inconstitucional a A\u00e7\u00e3o Direta de Inconstitucionalidade (ADI) 4698 [&hellip;]<\/p>\n","protected":false},"author":3063,"featured_media":1934,"comment_status":"open","ping_status":"open","sticky":false,"template":"","format":"standard","meta":{"footnotes":""},"categories":[5,15],"tags":[11,10,8,13,9,12,16],"class_list":{"0":"post-1933","1":"post","2":"type-post","3":"status-publish","4":"format-standard","5":"has-post-thumbnail","7":"category-previdenciario","8":"category-stf","9":"tag-aposentadoria","10":"tag-calculos-previdenciarios","11":"tag-direito-previdenciario","12":"tag-inss","13":"tag-pericia","14":"tag-perito","15":"tag-stf"},"yoast_head":"<!-- This site is optimized with the Yoast SEO plugin v27.2 - https:\/\/yoast.com\/product\/yoast-seo-wordpress\/ -->\n<title>STF: Plen\u00e1rio julga listas com ADIs sobre aposentadoria compuls\u00f3ria, pens\u00e3o vital\u00edcia e direito de greve | Portal de Not\u00edcias<\/title>\n<meta name=\"robots\" content=\"index, follow, max-snippet:-1, max-image-preview:large, max-video-preview:-1\" \/>\n<link rel=\"canonical\" href=\"https:\/\/mhcalculos.com.br\/noticias\/area\/previdenciario\/stf-plenario-julga-listas-com-adis-sobre-aposentadoria-compulsoria-pensao-vitalicia-e-direito-de-greve.html\" \/>\n<meta property=\"og:locale\" content=\"pt_BR\" \/>\n<meta property=\"og:type\" content=\"article\" \/>\n<meta property=\"og:title\" content=\"STF: Plen\u00e1rio julga listas com ADIs sobre aposentadoria compuls\u00f3ria, pens\u00e3o vital\u00edcia e direito de greve | Portal de Not\u00edcias\" \/>\n<meta property=\"og:description\" content=\"Em sess\u00e3o realizada na manh\u00e3 desta quarta-feira (13), o Plen\u00e1rio do Supremo Tribunal Federal (STF) julgou um conjunto de A\u00e7\u00f5es Diretas de Inconstitucionalidade (ADIs) ajuizadas contra normas diversas, que versavam sobre idade para aposentadoria compuls\u00f3ria, pens\u00e3o vital\u00edcia e direito de greve. Em decis\u00e3o un\u00e2nime, o Plen\u00e1rio julgou inconstitucional a A\u00e7\u00e3o Direta de Inconstitucionalidade (ADI) 4698 [&hellip;]\" \/>\n<meta property=\"og:url\" content=\"https:\/\/mhcalculos.com.br\/noticias\/area\/previdenciario\/stf-plenario-julga-listas-com-adis-sobre-aposentadoria-compulsoria-pensao-vitalicia-e-direito-de-greve.html\" \/>\n<meta property=\"og:site_name\" content=\"Portal de Not\u00edcias\" \/>\n<meta property=\"article:published_time\" content=\"2018-06-13T21:51:12+00:00\" \/>\n<meta property=\"article:modified_time\" content=\"2021-07-28T17:34:41+00:00\" \/>\n<meta property=\"og:image\" content=\"https:\/\/mhcalculos.com.br\/noticias\/wp-content\/uploads\/sites\/2\/2018\/06\/previdenciario-0015.jpg\" \/>\n\t<meta property=\"og:image:width\" content=\"2000\" \/>\n\t<meta property=\"og:image:height\" content=\"800\" \/>\n\t<meta property=\"og:image:type\" content=\"image\/jpeg\" \/>\n<meta name=\"author\" content=\"Equipe MH\" \/>\n<meta name=\"twitter:card\" content=\"summary_large_image\" \/>\n<meta name=\"twitter:label1\" content=\"Escrito por\" \/>\n\t<meta name=\"twitter:data1\" content=\"Equipe MH\" \/>\n\t<meta name=\"twitter:label2\" content=\"Est. tempo de leitura\" \/>\n\t<meta name=\"twitter:data2\" content=\"4 minutos\" \/>\n<script type=\"application\/ld+json\" class=\"yoast-schema-graph\">{\"@context\":\"https:\/\/schema.org\",\"@graph\":[{\"@type\":\"Article\",\"@id\":\"https:\/\/mhcalculos.com.br\/noticias\/area\/previdenciario\/stf-plenario-julga-listas-com-adis-sobre-aposentadoria-compulsoria-pensao-vitalicia-e-direito-de-greve.html#article\",\"isPartOf\":{\"@id\":\"https:\/\/mhcalculos.com.br\/noticias\/area\/previdenciario\/stf-plenario-julga-listas-com-adis-sobre-aposentadoria-compulsoria-pensao-vitalicia-e-direito-de-greve.html\"},\"author\":{\"name\":\"Equipe MH\",\"@id\":\"https:\/\/mhcalculos.com.br\/noticias\/#\/schema\/person\/88d1c34bf72dc779ea14a5a6b8e0ae8d\"},\"headline\":\"STF: Plen\u00e1rio julga listas com ADIs sobre aposentadoria compuls\u00f3ria, pens\u00e3o vital\u00edcia e direito de greve\",\"datePublished\":\"2018-06-13T21:51:12+00:00\",\"dateModified\":\"2021-07-28T17:34:41+00:00\",\"mainEntityOfPage\":{\"@id\":\"https:\/\/mhcalculos.com.br\/noticias\/area\/previdenciario\/stf-plenario-julga-listas-com-adis-sobre-aposentadoria-compulsoria-pensao-vitalicia-e-direito-de-greve.html\"},\"wordCount\":719,\"commentCount\":0,\"image\":{\"@id\":\"https:\/\/mhcalculos.com.br\/noticias\/area\/previdenciario\/stf-plenario-julga-listas-com-adis-sobre-aposentadoria-compulsoria-pensao-vitalicia-e-direito-de-greve.html#primaryimage\"},\"thumbnailUrl\":\"https:\/\/mhcalculos.com.br\/noticias\/wp-content\/uploads\/sites\/2\/2018\/06\/previdenciario-0015.jpg\",\"keywords\":[\"aposentadoria\",\"c\u00e1lculos previdenci\u00e1rios\",\"direito previdenci\u00e1rio\",\"inss\",\"per\u00edcia\",\"perito\",\"stf\"],\"articleSection\":[\"Direito Previdenci\u00e1rio\",\"STF\"],\"inLanguage\":\"pt-BR\",\"potentialAction\":[{\"@type\":\"CommentAction\",\"name\":\"Comment\",\"target\":[\"https:\/\/mhcalculos.com.br\/noticias\/area\/previdenciario\/stf-plenario-julga-listas-com-adis-sobre-aposentadoria-compulsoria-pensao-vitalicia-e-direito-de-greve.html#respond\"]}]},{\"@type\":\"WebPage\",\"@id\":\"https:\/\/mhcalculos.com.br\/noticias\/area\/previdenciario\/stf-plenario-julga-listas-com-adis-sobre-aposentadoria-compulsoria-pensao-vitalicia-e-direito-de-greve.html\",\"url\":\"https:\/\/mhcalculos.com.br\/noticias\/area\/previdenciario\/stf-plenario-julga-listas-com-adis-sobre-aposentadoria-compulsoria-pensao-vitalicia-e-direito-de-greve.html\",\"name\":\"STF: Plen\u00e1rio julga listas com ADIs sobre aposentadoria compuls\u00f3ria, pens\u00e3o vital\u00edcia e direito de greve | Portal de Not\u00edcias\",\"isPartOf\":{\"@id\":\"https:\/\/mhcalculos.com.br\/noticias\/#website\"},\"primaryImageOfPage\":{\"@id\":\"https:\/\/mhcalculos.com.br\/noticias\/area\/previdenciario\/stf-plenario-julga-listas-com-adis-sobre-aposentadoria-compulsoria-pensao-vitalicia-e-direito-de-greve.html#primaryimage\"},\"image\":{\"@id\":\"https:\/\/mhcalculos.com.br\/noticias\/area\/previdenciario\/stf-plenario-julga-listas-com-adis-sobre-aposentadoria-compulsoria-pensao-vitalicia-e-direito-de-greve.html#primaryimage\"},\"thumbnailUrl\":\"https:\/\/mhcalculos.com.br\/noticias\/wp-content\/uploads\/sites\/2\/2018\/06\/previdenciario-0015.jpg\",\"datePublished\":\"2018-06-13T21:51:12+00:00\",\"dateModified\":\"2021-07-28T17:34:41+00:00\",\"author\":{\"@id\":\"https:\/\/mhcalculos.com.br\/noticias\/#\/schema\/person\/88d1c34bf72dc779ea14a5a6b8e0ae8d\"},\"breadcrumb\":{\"@id\":\"https:\/\/mhcalculos.com.br\/noticias\/area\/previdenciario\/stf-plenario-julga-listas-com-adis-sobre-aposentadoria-compulsoria-pensao-vitalicia-e-direito-de-greve.html#breadcrumb\"},\"inLanguage\":\"pt-BR\",\"potentialAction\":[{\"@type\":\"ReadAction\",\"target\":[\"https:\/\/mhcalculos.com.br\/noticias\/area\/previdenciario\/stf-plenario-julga-listas-com-adis-sobre-aposentadoria-compulsoria-pensao-vitalicia-e-direito-de-greve.html\"]}]},{\"@type\":\"ImageObject\",\"inLanguage\":\"pt-BR\",\"@id\":\"https:\/\/mhcalculos.com.br\/noticias\/area\/previdenciario\/stf-plenario-julga-listas-com-adis-sobre-aposentadoria-compulsoria-pensao-vitalicia-e-direito-de-greve.html#primaryimage\",\"url\":\"https:\/\/mhcalculos.com.br\/noticias\/wp-content\/uploads\/sites\/2\/2018\/06\/previdenciario-0015.jpg\",\"contentUrl\":\"https:\/\/mhcalculos.com.br\/noticias\/wp-content\/uploads\/sites\/2\/2018\/06\/previdenciario-0015.jpg\",\"width\":2000,\"height\":800},{\"@type\":\"BreadcrumbList\",\"@id\":\"https:\/\/mhcalculos.com.br\/noticias\/area\/previdenciario\/stf-plenario-julga-listas-com-adis-sobre-aposentadoria-compulsoria-pensao-vitalicia-e-direito-de-greve.html#breadcrumb\",\"itemListElement\":[{\"@type\":\"ListItem\",\"position\":1,\"name\":\"In\u00edcio\",\"item\":\"https:\/\/mhcalculos.com.br\/noticias\/\"},{\"@type\":\"ListItem\",\"position\":2,\"name\":\"STF: Plen\u00e1rio julga listas com ADIs sobre aposentadoria compuls\u00f3ria, pens\u00e3o vital\u00edcia e direito de greve\"}]},{\"@type\":\"WebSite\",\"@id\":\"https:\/\/mhcalculos.com.br\/noticias\/#website\",\"url\":\"https:\/\/mhcalculos.com.br\/noticias\/\",\"name\":\"Portal de Not\u00edcias\",\"description\":\"Not\u00edcias e Jurisprud\u00eancia\",\"potentialAction\":[{\"@type\":\"SearchAction\",\"target\":{\"@type\":\"EntryPoint\",\"urlTemplate\":\"https:\/\/mhcalculos.com.br\/noticias\/?s={search_term_string}\"},\"query-input\":{\"@type\":\"PropertyValueSpecification\",\"valueRequired\":true,\"valueName\":\"search_term_string\"}}],\"inLanguage\":\"pt-BR\"},{\"@type\":\"Person\",\"@id\":\"https:\/\/mhcalculos.com.br\/noticias\/#\/schema\/person\/88d1c34bf72dc779ea14a5a6b8e0ae8d\",\"name\":\"Equipe MH\",\"image\":{\"@type\":\"ImageObject\",\"inLanguage\":\"pt-BR\",\"@id\":\"https:\/\/secure.gravatar.com\/avatar\/de1c686c2ecc9c5a3f327e3431d819eb39f8f05d4e1045f5a1caad6daaba987f?s=96&d=mm&r=g\",\"url\":\"https:\/\/secure.gravatar.com\/avatar\/de1c686c2ecc9c5a3f327e3431d819eb39f8f05d4e1045f5a1caad6daaba987f?s=96&d=mm&r=g\",\"contentUrl\":\"https:\/\/secure.gravatar.com\/avatar\/de1c686c2ecc9c5a3f327e3431d819eb39f8f05d4e1045f5a1caad6daaba987f?s=96&d=mm&r=g\",\"caption\":\"Equipe MH\"}}]}<\/script>\n<!-- \/ Yoast SEO plugin. -->","yoast_head_json":{"title":"STF: Plen\u00e1rio julga listas com ADIs sobre aposentadoria compuls\u00f3ria, pens\u00e3o vital\u00edcia e direito de greve | Portal de Not\u00edcias","robots":{"index":"index","follow":"follow","max-snippet":"max-snippet:-1","max-image-preview":"max-image-preview:large","max-video-preview":"max-video-preview:-1"},"canonical":"https:\/\/mhcalculos.com.br\/noticias\/area\/previdenciario\/stf-plenario-julga-listas-com-adis-sobre-aposentadoria-compulsoria-pensao-vitalicia-e-direito-de-greve.html","og_locale":"pt_BR","og_type":"article","og_title":"STF: Plen\u00e1rio julga listas com ADIs sobre aposentadoria compuls\u00f3ria, pens\u00e3o vital\u00edcia e direito de greve | Portal de Not\u00edcias","og_description":"Em sess\u00e3o realizada na manh\u00e3 desta quarta-feira (13), o Plen\u00e1rio do Supremo Tribunal Federal (STF) julgou um conjunto de A\u00e7\u00f5es Diretas de Inconstitucionalidade (ADIs) ajuizadas contra normas diversas, que versavam sobre idade para aposentadoria compuls\u00f3ria, pens\u00e3o vital\u00edcia e direito de greve. Em decis\u00e3o un\u00e2nime, o Plen\u00e1rio julgou inconstitucional a A\u00e7\u00e3o Direta de Inconstitucionalidade (ADI) 4698 [&hellip;]","og_url":"https:\/\/mhcalculos.com.br\/noticias\/area\/previdenciario\/stf-plenario-julga-listas-com-adis-sobre-aposentadoria-compulsoria-pensao-vitalicia-e-direito-de-greve.html","og_site_name":"Portal de Not\u00edcias","article_published_time":"2018-06-13T21:51:12+00:00","article_modified_time":"2021-07-28T17:34:41+00:00","og_image":[{"width":2000,"height":800,"url":"https:\/\/mhcalculos.com.br\/noticias\/wp-content\/uploads\/sites\/2\/2018\/06\/previdenciario-0015.jpg","type":"image\/jpeg"}],"author":"Equipe MH","twitter_card":"summary_large_image","twitter_misc":{"Escrito por":"Equipe MH","Est. tempo de leitura":"4 minutos"},"schema":{"@context":"https:\/\/schema.org","@graph":[{"@type":"Article","@id":"https:\/\/mhcalculos.com.br\/noticias\/area\/previdenciario\/stf-plenario-julga-listas-com-adis-sobre-aposentadoria-compulsoria-pensao-vitalicia-e-direito-de-greve.html#article","isPartOf":{"@id":"https:\/\/mhcalculos.com.br\/noticias\/area\/previdenciario\/stf-plenario-julga-listas-com-adis-sobre-aposentadoria-compulsoria-pensao-vitalicia-e-direito-de-greve.html"},"author":{"name":"Equipe MH","@id":"https:\/\/mhcalculos.com.br\/noticias\/#\/schema\/person\/88d1c34bf72dc779ea14a5a6b8e0ae8d"},"headline":"STF: Plen\u00e1rio julga listas com ADIs sobre aposentadoria compuls\u00f3ria, pens\u00e3o vital\u00edcia e direito de greve","datePublished":"2018-06-13T21:51:12+00:00","dateModified":"2021-07-28T17:34:41+00:00","mainEntityOfPage":{"@id":"https:\/\/mhcalculos.com.br\/noticias\/area\/previdenciario\/stf-plenario-julga-listas-com-adis-sobre-aposentadoria-compulsoria-pensao-vitalicia-e-direito-de-greve.html"},"wordCount":719,"commentCount":0,"image":{"@id":"https:\/\/mhcalculos.com.br\/noticias\/area\/previdenciario\/stf-plenario-julga-listas-com-adis-sobre-aposentadoria-compulsoria-pensao-vitalicia-e-direito-de-greve.html#primaryimage"},"thumbnailUrl":"https:\/\/mhcalculos.com.br\/noticias\/wp-content\/uploads\/sites\/2\/2018\/06\/previdenciario-0015.jpg","keywords":["aposentadoria","c\u00e1lculos previdenci\u00e1rios","direito previdenci\u00e1rio","inss","per\u00edcia","perito","stf"],"articleSection":["Direito Previdenci\u00e1rio","STF"],"inLanguage":"pt-BR","potentialAction":[{"@type":"CommentAction","name":"Comment","target":["https:\/\/mhcalculos.com.br\/noticias\/area\/previdenciario\/stf-plenario-julga-listas-com-adis-sobre-aposentadoria-compulsoria-pensao-vitalicia-e-direito-de-greve.html#respond"]}]},{"@type":"WebPage","@id":"https:\/\/mhcalculos.com.br\/noticias\/area\/previdenciario\/stf-plenario-julga-listas-com-adis-sobre-aposentadoria-compulsoria-pensao-vitalicia-e-direito-de-greve.html","url":"https:\/\/mhcalculos.com.br\/noticias\/area\/previdenciario\/stf-plenario-julga-listas-com-adis-sobre-aposentadoria-compulsoria-pensao-vitalicia-e-direito-de-greve.html","name":"STF: Plen\u00e1rio julga listas com ADIs sobre aposentadoria compuls\u00f3ria, pens\u00e3o vital\u00edcia e direito de greve | Portal de Not\u00edcias","isPartOf":{"@id":"https:\/\/mhcalculos.com.br\/noticias\/#website"},"primaryImageOfPage":{"@id":"https:\/\/mhcalculos.com.br\/noticias\/area\/previdenciario\/stf-plenario-julga-listas-com-adis-sobre-aposentadoria-compulsoria-pensao-vitalicia-e-direito-de-greve.html#primaryimage"},"image":{"@id":"https:\/\/mhcalculos.com.br\/noticias\/area\/previdenciario\/stf-plenario-julga-listas-com-adis-sobre-aposentadoria-compulsoria-pensao-vitalicia-e-direito-de-greve.html#primaryimage"},"thumbnailUrl":"https:\/\/mhcalculos.com.br\/noticias\/wp-content\/uploads\/sites\/2\/2018\/06\/previdenciario-0015.jpg","datePublished":"2018-06-13T21:51:12+00:00","dateModified":"2021-07-28T17:34:41+00:00","author":{"@id":"https:\/\/mhcalculos.com.br\/noticias\/#\/schema\/person\/88d1c34bf72dc779ea14a5a6b8e0ae8d"},"breadcrumb":{"@id":"https:\/\/mhcalculos.com.br\/noticias\/area\/previdenciario\/stf-plenario-julga-listas-com-adis-sobre-aposentadoria-compulsoria-pensao-vitalicia-e-direito-de-greve.html#breadcrumb"},"inLanguage":"pt-BR","potentialAction":[{"@type":"ReadAction","target":["https:\/\/mhcalculos.com.br\/noticias\/area\/previdenciario\/stf-plenario-julga-listas-com-adis-sobre-aposentadoria-compulsoria-pensao-vitalicia-e-direito-de-greve.html"]}]},{"@type":"ImageObject","inLanguage":"pt-BR","@id":"https:\/\/mhcalculos.com.br\/noticias\/area\/previdenciario\/stf-plenario-julga-listas-com-adis-sobre-aposentadoria-compulsoria-pensao-vitalicia-e-direito-de-greve.html#primaryimage","url":"https:\/\/mhcalculos.com.br\/noticias\/wp-content\/uploads\/sites\/2\/2018\/06\/previdenciario-0015.jpg","contentUrl":"https:\/\/mhcalculos.com.br\/noticias\/wp-content\/uploads\/sites\/2\/2018\/06\/previdenciario-0015.jpg","width":2000,"height":800},{"@type":"BreadcrumbList","@id":"https:\/\/mhcalculos.com.br\/noticias\/area\/previdenciario\/stf-plenario-julga-listas-com-adis-sobre-aposentadoria-compulsoria-pensao-vitalicia-e-direito-de-greve.html#breadcrumb","itemListElement":[{"@type":"ListItem","position":1,"name":"In\u00edcio","item":"https:\/\/mhcalculos.com.br\/noticias\/"},{"@type":"ListItem","position":2,"name":"STF: Plen\u00e1rio julga listas com ADIs sobre aposentadoria compuls\u00f3ria, pens\u00e3o vital\u00edcia e direito de greve"}]},{"@type":"WebSite","@id":"https:\/\/mhcalculos.com.br\/noticias\/#website","url":"https:\/\/mhcalculos.com.br\/noticias\/","name":"Portal de Not\u00edcias","description":"Not\u00edcias e Jurisprud\u00eancia","potentialAction":[{"@type":"SearchAction","target":{"@type":"EntryPoint","urlTemplate":"https:\/\/mhcalculos.com.br\/noticias\/?s={search_term_string}"},"query-input":{"@type":"PropertyValueSpecification","valueRequired":true,"valueName":"search_term_string"}}],"inLanguage":"pt-BR"},{"@type":"Person","@id":"https:\/\/mhcalculos.com.br\/noticias\/#\/schema\/person\/88d1c34bf72dc779ea14a5a6b8e0ae8d","name":"Equipe MH","image":{"@type":"ImageObject","inLanguage":"pt-BR","@id":"https:\/\/secure.gravatar.com\/avatar\/de1c686c2ecc9c5a3f327e3431d819eb39f8f05d4e1045f5a1caad6daaba987f?s=96&d=mm&r=g","url":"https:\/\/secure.gravatar.com\/avatar\/de1c686c2ecc9c5a3f327e3431d819eb39f8f05d4e1045f5a1caad6daaba987f?s=96&d=mm&r=g","contentUrl":"https:\/\/secure.gravatar.com\/avatar\/de1c686c2ecc9c5a3f327e3431d819eb39f8f05d4e1045f5a1caad6daaba987f?s=96&d=mm&r=g","caption":"Equipe MH"}}]}},"_links":{"self":[{"href":"https:\/\/mhcalculos.com.br\/noticias\/wp-json\/wp\/v2\/posts\/1933","targetHints":{"allow":["GET"]}}],"collection":[{"href":"https:\/\/mhcalculos.com.br\/noticias\/wp-json\/wp\/v2\/posts"}],"about":[{"href":"https:\/\/mhcalculos.com.br\/noticias\/wp-json\/wp\/v2\/types\/post"}],"author":[{"embeddable":true,"href":"https:\/\/mhcalculos.com.br\/noticias\/wp-json\/wp\/v2\/users\/3063"}],"replies":[{"embeddable":true,"href":"https:\/\/mhcalculos.com.br\/noticias\/wp-json\/wp\/v2\/comments?post=1933"}],"version-history":[{"count":1,"href":"https:\/\/mhcalculos.com.br\/noticias\/wp-json\/wp\/v2\/posts\/1933\/revisions"}],"predecessor-version":[{"id":10399,"href":"https:\/\/mhcalculos.com.br\/noticias\/wp-json\/wp\/v2\/posts\/1933\/revisions\/10399"}],"wp:featuredmedia":[{"embeddable":true,"href":"https:\/\/mhcalculos.com.br\/noticias\/wp-json\/wp\/v2\/media\/1934"}],"wp:attachment":[{"href":"https:\/\/mhcalculos.com.br\/noticias\/wp-json\/wp\/v2\/media?parent=1933"}],"wp:term":[{"taxonomy":"category","embeddable":true,"href":"https:\/\/mhcalculos.com.br\/noticias\/wp-json\/wp\/v2\/categories?post=1933"},{"taxonomy":"post_tag","embeddable":true,"href":"https:\/\/mhcalculos.com.br\/noticias\/wp-json\/wp\/v2\/tags?post=1933"}],"curies":[{"name":"wp","href":"https:\/\/api.w.org\/{rel}","templated":true}]}}